{"id":23684,"date":"2011-02-07T19:45:16","date_gmt":"2011-02-07T18:45:16","guid":{"rendered":"http:\/\/www.bellunopress.it\/?p=23684"},"modified":"2011-02-07T19:45:16","modified_gmt":"2011-02-07T18:45:16","slug":"esame-di-lingua-italiana-per-extracomunitari-26-promossi-su-34","status":"publish","type":"post","link":"https:\/\/www.bellunopress.it\/fr\/2011\/02\/07\/esame-di-lingua-italiana-per-extracomunitari-26-promossi-su-34\/","title":{"rendered":"Esame di lingua italiana per extracomunitari: 26 promossi su 34"},"content":{"rendered":"<p><a href=\"http:\/\/www.bellunopress.it\/wp-content\/uploads\/2010\/10\/prefettura-350x290.jpg\"><img loading=\"lazy\" decoding=\"async\" class=\"alignleft size-full wp-image-20427\" title=\"prefettura-350x290\" src=\"http:\/\/www.bellunopress.it\/wp-content\/uploads\/2010\/10\/prefettura-350x290.jpg\" alt=\"\" width=\"350\" height=\"290\" \/><\/a>Lo scorso gioved\u00ec 3 febbraio, presso la Scuola media \u201cNievo\u201d di Belluno, si \u00e8 tenuta la prima sessione d\u2019esame per la conoscenza della lingua italiana previsto per i cittadini extracomunitari. Il superamento del test, infatti, \u00e8 requisito indispensabile per poter richiedere il permesso di soggiorno per soggiornanti di lungo periodo. Su 40 cittadini extracomunitari iscritti, 34 hanno sostenuto la prova, 26 sono risultati idonei e 8 non idonei.\u00a0 Gli esiti sono stati inseriti direttamente, da parte della Prefettura, nell\u2019applicativo informatico al fine di renderli disponibili anche alla Questura per il rilascio del permesso di soggiorno di lungo periodo. La Prefettura ha gi\u00e0 comunicato l\u2019esito dell\u2019esame a ciascun partecipante.<\/p>","protected":false},"excerpt":{"rendered":"<p>Lo scorso gioved\u00ec 3 febbraio, presso la Scuola media \u201cNievo\u201d di Belluno, si \u00e8 tenuta la prima sessione d\u2019esame per la conoscenza della lingua italiana previsto per i cittadini extracomunitari. Il superamento del test, infatti, \u00e8 requisito indispensabile per poter richiedere il permesso di soggiorno per soggiornanti di lungo periodo. Su 40 cittadini extracomunitari iscritti, [&hellip;]<\/p>\n","protected":false},"author":2,"featured_media":0,"comment_status":"closed","ping_status":"open","sticky":false,"template":"","format":"standard","meta":{"footnotes":""},"categories":[26,8],"tags":[],"class_list":["post-23684","post","type-post","status-publish","format-standard","category-prima-pagina","category-societa-istituzioni"],"yoast_head":"<!-- This site is optimized with the Yoast SEO plugin v28.4 - https:\/\/yoast.com\/product\/yoast-seo-wordpress\/ -->\n<title>Esame di lingua italiana per extracomunitari: 26 promossi su 34  - Bellunopress - Dolomiti<\/title>\n<meta name=\"robots\" content=\"index, follow, max-snippet:-1, max-image-preview:large, max-video-preview:-1\" \/>\n<link rel=\"canonical\" href=\"https:\/\/www.bellunopress.it\/fr\/2011\/02\/07\/esame-di-lingua-italiana-per-extracomunitari-26-promossi-su-34\/\" \/>\n<meta property=\"og:locale\" content=\"fr_FR\" \/>\n<meta property=\"og:type\" content=\"article\" \/>\n<meta property=\"og:title\" content=\"Esame di lingua italiana per extracomunitari: 26 promossi su 34  - Bellunopress - Dolomiti\" \/>\n<meta property=\"og:description\" content=\"Lo scorso gioved\u00ec 3 febbraio, presso la Scuola media \u201cNievo\u201d di Belluno, si \u00e8 tenuta la prima sessione d\u2019esame per la conoscenza della lingua italiana previsto per i cittadini extracomunitari. Il superamento del test, infatti, \u00e8 requisito indispensabile per poter richiedere il permesso di soggiorno per soggiornanti di lungo periodo. Su 40 cittadini extracomunitari iscritti, [&hellip;]\" \/>\n<meta property=\"og:url\" content=\"https:\/\/www.bellunopress.it\/fr\/2011\/02\/07\/esame-di-lingua-italiana-per-extracomunitari-26-promossi-su-34\/\" \/>\n<meta property=\"og:site_name\" content=\"Bellunopress - Dolomiti\" \/>\n<meta property=\"article:publisher\" content=\"https:\/\/www.facebook.com\/profile.php?id=100008943462799\" \/>\n<meta property=\"article:published_time\" content=\"2011-02-07T18:45:16+00:00\" \/>\n<meta property=\"og:image\" content=\"http:\/\/www.bellunopress.it\/wp-content\/uploads\/2010\/10\/prefettura-350x290.jpg\" \/>\n<meta name=\"author\" content=\"redazione\" \/>\n<meta name=\"twitter:card\" content=\"summary_large_image\" \/>\n<meta name=\"twitter:creator\" content=\"@bellunopress\" \/>\n<meta name=\"twitter:site\" content=\"@bellunopress\" \/>\n<meta name=\"twitter:label1\" content=\"\u00c9crit par\" \/>\n\t<meta name=\"twitter:data1\" content=\"redazione\" \/>\n\t<meta name=\"twitter:label2\" content=\"Dur\u00e9e de lecture estim\u00e9e\" \/>\n\t<meta name=\"twitter:data2\" content=\"1 minute\" \/>\n<script type=\"application\/ld+json\" class=\"yoast-schema-graph\">{\"@context\":\"https:\\\/\\\/schema.org\",\"@graph\":[{\"@type\":\"Article\",\"@id\":\"https:\\\/\\\/www.bellunopress.it\\\/2011\\\/02\\\/07\\\/esame-di-lingua-italiana-per-extracomunitari-26-promossi-su-34\\\/#article\",\"isPartOf\":{\"@id\":\"https:\\\/\\\/www.bellunopress.it\\\/2011\\\/02\\\/07\\\/esame-di-lingua-italiana-per-extracomunitari-26-promossi-su-34\\\/\"},\"author\":{\"name\":\"redazione\",\"@id\":\"https:\\\/\\\/www.bellunopress.it\\\/#\\\/schema\\\/person\\\/79bb06722b37ece1c03d3e94beb30d73\"},\"headline\":\"Esame di lingua italiana per extracomunitari: 26 promossi su 34\",\"datePublished\":\"2011-02-07T18:45:16+00:00\",\"mainEntityOfPage\":{\"@id\":\"https:\\\/\\\/www.bellunopress.it\\\/2011\\\/02\\\/07\\\/esame-di-lingua-italiana-per-extracomunitari-26-promossi-su-34\\\/\"},\"wordCount\":113,\"publisher\":{\"@id\":\"https:\\\/\\\/www.bellunopress.it\\\/#organization\"},\"image\":{\"@id\":\"https:\\\/\\\/www.bellunopress.it\\\/2011\\\/02\\\/07\\\/esame-di-lingua-italiana-per-extracomunitari-26-promossi-su-34\\\/#primaryimage\"},\"thumbnailUrl\":\"http:\\\/\\\/www.bellunopress.it\\\/wp-content\\\/uploads\\\/2010\\\/10\\\/prefettura-350x290.jpg\",\"articleSection\":[\"Prima Pagina\",\"Societ\u00e0, Associazioni, Istituzioni\"],\"inLanguage\":\"fr-FR\"},{\"@type\":\"WebPage\",\"@id\":\"https:\\\/\\\/www.bellunopress.it\\\/2011\\\/02\\\/07\\\/esame-di-lingua-italiana-per-extracomunitari-26-promossi-su-34\\\/\",\"url\":\"https:\\\/\\\/www.bellunopress.it\\\/2011\\\/02\\\/07\\\/esame-di-lingua-italiana-per-extracomunitari-26-promossi-su-34\\\/\",\"name\":\"Esame di lingua italiana per extracomunitari: 26 promossi su 34 - Bellunopress - Dolomiti\",\"isPartOf\":{\"@id\":\"https:\\\/\\\/www.bellunopress.it\\\/#website\"},\"primaryImageOfPage\":{\"@id\":\"https:\\\/\\\/www.bellunopress.it\\\/2011\\\/02\\\/07\\\/esame-di-lingua-italiana-per-extracomunitari-26-promossi-su-34\\\/#primaryimage\"},\"image\":{\"@id\":\"https:\\\/\\\/www.bellunopress.it\\\/2011\\\/02\\\/07\\\/esame-di-lingua-italiana-per-extracomunitari-26-promossi-su-34\\\/#primaryimage\"},\"thumbnailUrl\":\"http:\\\/\\\/www.bellunopress.it\\\/wp-content\\\/uploads\\\/2010\\\/10\\\/prefettura-350x290.jpg\",\"datePublished\":\"2011-02-07T18:45:16+00:00\",\"breadcrumb\":{\"@id\":\"https:\\\/\\\/www.bellunopress.it\\\/2011\\\/02\\\/07\\\/esame-di-lingua-italiana-per-extracomunitari-26-promossi-su-34\\\/#breadcrumb\"},\"inLanguage\":\"fr-FR\",\"potentialAction\":[{\"@type\":\"ReadAction\",\"target\":[\"https:\\\/\\\/www.bellunopress.it\\\/2011\\\/02\\\/07\\\/esame-di-lingua-italiana-per-extracomunitari-26-promossi-su-34\\\/\"]}]},{\"@type\":\"ImageObject\",\"inLanguage\":\"fr-FR\",\"@id\":\"https:\\\/\\\/www.bellunopress.it\\\/2011\\\/02\\\/07\\\/esame-di-lingua-italiana-per-extracomunitari-26-promossi-su-34\\\/#primaryimage\",\"url\":\"http:\\\/\\\/www.bellunopress.it\\\/wp-content\\\/uploads\\\/2010\\\/10\\\/prefettura-350x290.jpg\",\"contentUrl\":\"http:\\\/\\\/www.bellunopress.it\\\/wp-content\\\/uploads\\\/2010\\\/10\\\/prefettura-350x290.jpg\"},{\"@type\":\"BreadcrumbList\",\"@id\":\"https:\\\/\\\/www.bellunopress.it\\\/2011\\\/02\\\/07\\\/esame-di-lingua-italiana-per-extracomunitari-26-promossi-su-34\\\/#breadcrumb\",\"itemListElement\":[{\"@type\":\"ListItem\",\"position\":1,\"name\":\"Home\",\"item\":\"https:\\\/\\\/www.bellunopress.it\\\/\"},{\"@type\":\"ListItem\",\"position\":2,\"name\":\"Esame di lingua italiana per extracomunitari: 26 promossi su 34\"}]},{\"@type\":\"WebSite\",\"@id\":\"https:\\\/\\\/www.bellunopress.it\\\/#website\",\"url\":\"https:\\\/\\\/www.bellunopress.it\\\/\",\"name\":\"Bellunopress - Dolomiti\",\"description\":\"e-mail: redazione@bellunopress.it\",\"publisher\":{\"@id\":\"https:\\\/\\\/www.bellunopress.it\\\/#organization\"},\"potentialAction\":[{\"@type\":\"SearchAction\",\"target\":{\"@type\":\"EntryPoint\",\"urlTemplate\":\"https:\\\/\\\/www.bellunopress.it\\\/?s={search_term_string}\"},\"query-input\":{\"@type\":\"PropertyValueSpecification\",\"valueRequired\":true,\"valueName\":\"search_term_string\"}}],\"inLanguage\":\"fr-FR\"},{\"@type\":\"Organization\",\"@id\":\"https:\\\/\\\/www.bellunopress.it\\\/#organization\",\"name\":\"Bellunopress\",\"url\":\"https:\\\/\\\/www.bellunopress.it\\\/\",\"logo\":{\"@type\":\"ImageObject\",\"inLanguage\":\"fr-FR\",\"@id\":\"https:\\\/\\\/www.bellunopress.it\\\/#\\\/schema\\\/logo\\\/image\\\/\",\"url\":\"https:\\\/\\\/www.bellunopress.it\\\/wp-content\\\/uploads\\\/2011\\\/05\\\/cropped-logo-bellunopress-.jpg\",\"contentUrl\":\"https:\\\/\\\/www.bellunopress.it\\\/wp-content\\\/uploads\\\/2011\\\/05\\\/cropped-logo-bellunopress-.jpg\",\"width\":512,\"height\":512,\"caption\":\"Bellunopress\"},\"image\":{\"@id\":\"https:\\\/\\\/www.bellunopress.it\\\/#\\\/schema\\\/logo\\\/image\\\/\"},\"sameAs\":[\"https:\\\/\\\/www.facebook.com\\\/profile.php?id=100008943462799\",\"https:\\\/\\\/x.com\\\/bellunopress\",\"https:\\\/\\\/www.linkedin.com\\\/hp\\\/?dnr=JBzUWaJfMUw8vbXJJ2tVW5-I3jZKvC4wsoxE&amp;amp;amp;amp;amp;amp;trk=nav_responsive_tab_home\",\"https:\\\/\\\/www.youtube.com\\\/channel\\\/UCxL0wu1uN0_3_7hGG0306cw\"]},{\"@type\":\"Person\",\"@id\":\"https:\\\/\\\/www.bellunopress.it\\\/#\\\/schema\\\/person\\\/79bb06722b37ece1c03d3e94beb30d73\",\"name\":\"redazione\",\"image\":{\"@type\":\"ImageObject\",\"inLanguage\":\"fr-FR\",\"@id\":\"https:\\\/\\\/secure.gravatar.com\\\/avatar\\\/37d968a2e67a6fd04c169c4bdef102d0bc5d31b2546345219e348575eb80e9a0?s=96&d=mm&r=g\",\"url\":\"https:\\\/\\\/secure.gravatar.com\\\/avatar\\\/37d968a2e67a6fd04c169c4bdef102d0bc5d31b2546345219e348575eb80e9a0?s=96&d=mm&r=g\",\"contentUrl\":\"https:\\\/\\\/secure.gravatar.com\\\/avatar\\\/37d968a2e67a6fd04c169c4bdef102d0bc5d31b2546345219e348575eb80e9a0?s=96&d=mm&r=g\",\"caption\":\"redazione\"},\"sameAs\":[\"http:\\\/\\\/www.bellunopress.it\",\"https:\\\/\\\/x.com\\\/bellunopress\"],\"url\":\"https:\\\/\\\/www.bellunopress.it\\\/fr\\\/author\\\/redazione\\\/\"}]}<\/script>\n<!-- \/ Yoast SEO plugin. -->","yoast_head_json":{"title":"Esame di lingua italiana per extracomunitari: 26 promossi su 34  - Bellunopress - Dolomiti","robots":{"index":"index","follow":"follow","max-snippet":"max-snippet:-1","max-image-preview":"max-image-preview:large","max-video-preview":"max-video-preview:-1"},"canonical":"https:\/\/www.bellunopress.it\/fr\/2011\/02\/07\/esame-di-lingua-italiana-per-extracomunitari-26-promossi-su-34\/","og_locale":"fr_FR","og_type":"article","og_title":"Esame di lingua italiana per extracomunitari: 26 promossi su 34  - Bellunopress - Dolomiti","og_description":"Lo scorso gioved\u00ec 3 febbraio, presso la Scuola media \u201cNievo\u201d di Belluno, si \u00e8 tenuta la prima sessione d\u2019esame per la conoscenza della lingua italiana previsto per i cittadini extracomunitari. Il superamento del test, infatti, \u00e8 requisito indispensabile per poter richiedere il permesso di soggiorno per soggiornanti di lungo periodo. Su 40 cittadini extracomunitari iscritti, [&hellip;]","og_url":"https:\/\/www.bellunopress.it\/fr\/2011\/02\/07\/esame-di-lingua-italiana-per-extracomunitari-26-promossi-su-34\/","og_site_name":"Bellunopress - Dolomiti","article_publisher":"https:\/\/www.facebook.com\/profile.php?id=100008943462799","article_published_time":"2011-02-07T18:45:16+00:00","og_image":[{"url":"http:\/\/www.bellunopress.it\/wp-content\/uploads\/2010\/10\/prefettura-350x290.jpg","type":"","width":"","height":""}],"author":"redazione","twitter_card":"summary_large_image","twitter_creator":"@bellunopress","twitter_site":"@bellunopress","twitter_misc":{"\u00c9crit par":"redazione","Dur\u00e9e de lecture estim\u00e9e":"1 minute"},"schema":{"@context":"https:\/\/schema.org","@graph":[{"@type":"Article","@id":"https:\/\/www.bellunopress.it\/2011\/02\/07\/esame-di-lingua-italiana-per-extracomunitari-26-promossi-su-34\/#article","isPartOf":{"@id":"https:\/\/www.bellunopress.it\/2011\/02\/07\/esame-di-lingua-italiana-per-extracomunitari-26-promossi-su-34\/"},"author":{"name":"redazione","@id":"https:\/\/www.bellunopress.it\/#\/schema\/person\/79bb06722b37ece1c03d3e94beb30d73"},"headline":"Esame di lingua italiana per extracomunitari: 26 promossi su 34","datePublished":"2011-02-07T18:45:16+00:00","mainEntityOfPage":{"@id":"https:\/\/www.bellunopress.it\/2011\/02\/07\/esame-di-lingua-italiana-per-extracomunitari-26-promossi-su-34\/"},"wordCount":113,"publisher":{"@id":"https:\/\/www.bellunopress.it\/#organization"},"image":{"@id":"https:\/\/www.bellunopress.it\/2011\/02\/07\/esame-di-lingua-italiana-per-extracomunitari-26-promossi-su-34\/#primaryimage"},"thumbnailUrl":"http:\/\/www.bellunopress.it\/wp-content\/uploads\/2010\/10\/prefettura-350x290.jpg","articleSection":["Prima Pagina","Societ\u00e0, Associazioni, Istituzioni"],"inLanguage":"fr-FR"},{"@type":"WebPage","@id":"https:\/\/www.bellunopress.it\/2011\/02\/07\/esame-di-lingua-italiana-per-extracomunitari-26-promossi-su-34\/","url":"https:\/\/www.bellunopress.it\/2011\/02\/07\/esame-di-lingua-italiana-per-extracomunitari-26-promossi-su-34\/","name":"Esame di lingua italiana per extracomunitari: 26 promossi su 34 - Bellunopress - Dolomiti","isPartOf":{"@id":"https:\/\/www.bellunopress.it\/#website"},"primaryImageOfPage":{"@id":"https:\/\/www.bellunopress.it\/2011\/02\/07\/esame-di-lingua-italiana-per-extracomunitari-26-promossi-su-34\/#primaryimage"},"image":{"@id":"https:\/\/www.bellunopress.it\/2011\/02\/07\/esame-di-lingua-italiana-per-extracomunitari-26-promossi-su-34\/#primaryimage"},"thumbnailUrl":"http:\/\/www.bellunopress.it\/wp-content\/uploads\/2010\/10\/prefettura-350x290.jpg","datePublished":"2011-02-07T18:45:16+00:00","breadcrumb":{"@id":"https:\/\/www.bellunopress.it\/2011\/02\/07\/esame-di-lingua-italiana-per-extracomunitari-26-promossi-su-34\/#breadcrumb"},"inLanguage":"fr-FR","potentialAction":[{"@type":"ReadAction","target":["https:\/\/www.bellunopress.it\/2011\/02\/07\/esame-di-lingua-italiana-per-extracomunitari-26-promossi-su-34\/"]}]},{"@type":"ImageObject","inLanguage":"fr-FR","@id":"https:\/\/www.bellunopress.it\/2011\/02\/07\/esame-di-lingua-italiana-per-extracomunitari-26-promossi-su-34\/#primaryimage","url":"http:\/\/www.bellunopress.it\/wp-content\/uploads\/2010\/10\/prefettura-350x290.jpg","contentUrl":"http:\/\/www.bellunopress.it\/wp-content\/uploads\/2010\/10\/prefettura-350x290.jpg"},{"@type":"BreadcrumbList","@id":"https:\/\/www.bellunopress.it\/2011\/02\/07\/esame-di-lingua-italiana-per-extracomunitari-26-promossi-su-34\/#breadcrumb","itemListElement":[{"@type":"ListItem","position":1,"name":"Home","item":"https:\/\/www.bellunopress.it\/"},{"@type":"ListItem","position":2,"name":"Esame di lingua italiana per extracomunitari: 26 promossi su 34"}]},{"@type":"WebSite","@id":"https:\/\/www.bellunopress.it\/#website","url":"https:\/\/www.bellunopress.it\/","name":"Bellunopress - Dolomiti","description":"e-mail: redazione@bellunopress.it","publisher":{"@id":"https:\/\/www.bellunopress.it\/#organization"},"potentialAction":[{"@type":"SearchAction","target":{"@type":"EntryPoint","urlTemplate":"https:\/\/www.bellunopress.it\/?s={search_term_string}"},"query-input":{"@type":"PropertyValueSpecification","valueRequired":true,"valueName":"search_term_string"}}],"inLanguage":"fr-FR"},{"@type":"Organization","@id":"https:\/\/www.bellunopress.it\/#organization","name":"Bellunopress","url":"https:\/\/www.bellunopress.it\/","logo":{"@type":"ImageObject","inLanguage":"fr-FR","@id":"https:\/\/www.bellunopress.it\/#\/schema\/logo\/image\/","url":"https:\/\/www.bellunopress.it\/wp-content\/uploads\/2011\/05\/cropped-logo-bellunopress-.jpg","contentUrl":"https:\/\/www.bellunopress.it\/wp-content\/uploads\/2011\/05\/cropped-logo-bellunopress-.jpg","width":512,"height":512,"caption":"Bellunopress"},"image":{"@id":"https:\/\/www.bellunopress.it\/#\/schema\/logo\/image\/"},"sameAs":["https:\/\/www.facebook.com\/profile.php?id=100008943462799","https:\/\/x.com\/bellunopress","https:\/\/www.linkedin.com\/hp\/?dnr=JBzUWaJfMUw8vbXJJ2tVW5-I3jZKvC4wsoxE&amp;amp;amp;amp;amp;amp;trk=nav_responsive_tab_home","https:\/\/www.youtube.com\/channel\/UCxL0wu1uN0_3_7hGG0306cw"]},{"@type":"Person","@id":"https:\/\/www.bellunopress.it\/#\/schema\/person\/79bb06722b37ece1c03d3e94beb30d73","name":"r\u00e9daction","image":{"@type":"ImageObject","inLanguage":"fr-FR","@id":"https:\/\/secure.gravatar.com\/avatar\/37d968a2e67a6fd04c169c4bdef102d0bc5d31b2546345219e348575eb80e9a0?s=96&d=mm&r=g","url":"https:\/\/secure.gravatar.com\/avatar\/37d968a2e67a6fd04c169c4bdef102d0bc5d31b2546345219e348575eb80e9a0?s=96&d=mm&r=g","contentUrl":"https:\/\/secure.gravatar.com\/avatar\/37d968a2e67a6fd04c169c4bdef102d0bc5d31b2546345219e348575eb80e9a0?s=96&d=mm&r=g","caption":"redazione"},"sameAs":["http:\/\/www.bellunopress.it","https:\/\/x.com\/bellunopress"],"url":"https:\/\/www.bellunopress.it\/fr\/author\/redazione\/"}]}},"_links":{"self":[{"href":"https:\/\/www.bellunopress.it\/fr\/wp-json\/wp\/v2\/posts\/23684","targetHints":{"allow":["GET"]}}],"collection":[{"href":"https:\/\/www.bellunopress.it\/fr\/wp-json\/wp\/v2\/posts"}],"about":[{"href":"https:\/\/www.bellunopress.it\/fr\/wp-json\/wp\/v2\/types\/post"}],"author":[{"embeddable":true,"href":"https:\/\/www.bellunopress.it\/fr\/wp-json\/wp\/v2\/users\/2"}],"replies":[{"embeddable":true,"href":"https:\/\/www.bellunopress.it\/fr\/wp-json\/wp\/v2\/comments?post=23684"}],"version-history":[{"count":1,"href":"https:\/\/www.bellunopress.it\/fr\/wp-json\/wp\/v2\/posts\/23684\/revisions"}],"predecessor-version":[{"id":23685,"href":"https:\/\/www.bellunopress.it\/fr\/wp-json\/wp\/v2\/posts\/23684\/revisions\/23685"}],"wp:attachment":[{"href":"https:\/\/www.bellunopress.it\/fr\/wp-json\/wp\/v2\/media?parent=23684"}],"wp:term":[{"taxonomy":"category","embeddable":true,"href":"https:\/\/www.bellunopress.it\/fr\/wp-json\/wp\/v2\/categories?post=23684"},{"taxonomy":"post_tag","embeddable":true,"href":"https:\/\/www.bellunopress.it\/fr\/wp-json\/wp\/v2\/tags?post=23684"}],"curies":[{"name":"wp","href":"https:\/\/api.w.org\/{rel}","templated":true}]}}