{"id":2366,"date":"2009-04-06T12:55:22","date_gmt":"2009-04-06T11:55:22","guid":{"rendered":"http:\/\/www.bellunopress.it\/?p=2366"},"modified":"2009-04-06T13:34:26","modified_gmt":"2009-04-06T12:34:26","slug":"da-belluno-in-soccorso-delle-popolazioni-dellabruzzo-colpite-dal-terremoto","status":"publish","type":"post","link":"https:\/\/www.bellunopress.it\/fr\/2009\/04\/06\/da-belluno-in-soccorso-delle-popolazioni-dellabruzzo-colpite-dal-terremoto\/","title":{"rendered":"Da Belluno in soccorso delle popolazioni dell&#8217;Abruzzo colpite dal terremoto"},"content":{"rendered":"<p>Saranno 27 a fine giornata i Vigili del fuoco inviati dal Comando provinciale di Belluno per soccorrere le popolazioni colpite dal terremoto che si \u00e8 verificato questa notte in Abruzzo. I primi 6 automezzi con a bordo 12 uomini sono partiti questa mattina poco dopo le 8. Successivamente, intorno alle 12, \u00e8 partita la Sezione movimento terra insieme ad un gruppo di alpinisti esperti per calarsi dentro le bitazioni. Questa mattina si \u00e8 messa in moto anche la macchina della protezione civile. Al momento sono 20 i volontari dell&#8217;ANA messi a disposizione dalla locale Sezione.\u00a0 Nel primo pomeriggio, inoltre, si preparano a partire le squadre del Soccorso alpino bellunese, che\u00a0 avranno come destinazione la frazione di Coppito (AQ)\u00a0. La richiesta \u00e8 pervenuta dalla Protezione civile di Roma e del Soccorso alpino nazionale. In 19 hanno dato la propria disponibilit\u00e0, mentre altri sono in preallerta. Tra i soccorritori, 3 unit\u00e0 cinofile da ricerca di superficie, un infermiere e un tecnico di elisoccorso, autonomi per attrezzatura tecnica e sanitaria. La partenza \u00e8 fissata alle 14.45.<\/p>","protected":false},"excerpt":{"rendered":"<p>Saranno 27 a fine giornata i Vigili del fuoco inviati dal Comando provinciale di Belluno per soccorrere le popolazioni colpite dal terremoto che si \u00e8 verificato questa notte in Abruzzo. I primi 6 automezzi con a bordo 12 uomini sono partiti questa mattina poco dopo le 8. Successivamente, intorno alle 12, \u00e8 partita la Sezione [&hellip;]<\/p>\n","protected":false},"author":2,"featured_media":0,"comment_status":"closed","ping_status":"open","sticky":false,"template":"","format":"standard","meta":{"footnotes":""},"categories":[5,26],"tags":[139],"class_list":["post-2366","post","type-post","status-publish","format-standard","category-cronaca","category-prima-pagina","tag-belluno"],"yoast_head":"<!-- This site is optimized with the Yoast SEO plugin v28.4 - https:\/\/yoast.com\/product\/yoast-seo-wordpress\/ -->\n<title>Da Belluno in soccorso delle popolazioni dell&#039;Abruzzo colpite dal terremoto - Bellunopress - Dolomiti<\/title>\n<meta name=\"robots\" content=\"index, follow, max-snippet:-1, max-image-preview:large, max-video-preview:-1\" \/>\n<link rel=\"canonical\" href=\"https:\/\/www.bellunopress.it\/fr\/2009\/04\/06\/da-belluno-in-soccorso-delle-popolazioni-dellabruzzo-colpite-dal-terremoto\/\" \/>\n<meta property=\"og:locale\" content=\"fr_FR\" \/>\n<meta property=\"og:type\" content=\"article\" \/>\n<meta property=\"og:title\" content=\"Da Belluno in soccorso delle popolazioni dell&#039;Abruzzo colpite dal terremoto - Bellunopress - Dolomiti\" \/>\n<meta property=\"og:description\" content=\"Saranno 27 a fine giornata i Vigili del fuoco inviati dal Comando provinciale di Belluno per soccorrere le popolazioni colpite dal terremoto che si \u00e8 verificato questa notte in Abruzzo. I primi 6 automezzi con a bordo 12 uomini sono partiti questa mattina poco dopo le 8. Successivamente, intorno alle 12, \u00e8 partita la Sezione [&hellip;]\" \/>\n<meta property=\"og:url\" content=\"https:\/\/www.bellunopress.it\/fr\/2009\/04\/06\/da-belluno-in-soccorso-delle-popolazioni-dellabruzzo-colpite-dal-terremoto\/\" \/>\n<meta property=\"og:site_name\" content=\"Bellunopress - Dolomiti\" \/>\n<meta property=\"article:publisher\" content=\"https:\/\/www.facebook.com\/profile.php?id=100008943462799\" \/>\n<meta property=\"article:published_time\" content=\"2009-04-06T11:55:22+00:00\" \/>\n<meta property=\"article:modified_time\" content=\"2009-04-06T12:34:26+00:00\" \/>\n<meta property=\"og:image\" content=\"http:\/\/www.bellunopress.it\/wp-content\/uploads\/2012\/07\/logo-bellunopress-250x250-2012.jpg\" \/>\n<meta name=\"author\" content=\"redazione\" \/>\n<meta name=\"twitter:card\" content=\"summary_large_image\" \/>\n<meta name=\"twitter:creator\" content=\"@bellunopress\" \/>\n<meta name=\"twitter:site\" content=\"@bellunopress\" \/>\n<meta name=\"twitter:label1\" content=\"Written by\" \/>\n\t<meta name=\"twitter:data1\" content=\"redazione\" \/>\n\t<meta name=\"twitter:label2\" content=\"Est. reading time\" \/>\n\t<meta name=\"twitter:data2\" content=\"1 minute\" \/>\n<script type=\"application\/ld+json\" class=\"yoast-schema-graph\">{\"@context\":\"https:\\\/\\\/schema.org\",\"@graph\":[{\"@type\":\"Article\",\"@id\":\"https:\\\/\\\/www.bellunopress.it\\\/2009\\\/04\\\/06\\\/da-belluno-in-soccorso-delle-popolazioni-dellabruzzo-colpite-dal-terremoto\\\/#article\",\"isPartOf\":{\"@id\":\"https:\\\/\\\/www.bellunopress.it\\\/2009\\\/04\\\/06\\\/da-belluno-in-soccorso-delle-popolazioni-dellabruzzo-colpite-dal-terremoto\\\/\"},\"author\":{\"name\":\"redazione\",\"@id\":\"https:\\\/\\\/www.bellunopress.it\\\/#\\\/schema\\\/person\\\/79bb06722b37ece1c03d3e94beb30d73\"},\"headline\":\"Da Belluno in soccorso delle popolazioni dell&#8217;Abruzzo colpite dal terremoto\",\"datePublished\":\"2009-04-06T11:55:22+00:00\",\"dateModified\":\"2009-04-06T12:34:26+00:00\",\"mainEntityOfPage\":{\"@id\":\"https:\\\/\\\/www.bellunopress.it\\\/2009\\\/04\\\/06\\\/da-belluno-in-soccorso-delle-popolazioni-dellabruzzo-colpite-dal-terremoto\\\/\"},\"wordCount\":171,\"publisher\":{\"@id\":\"https:\\\/\\\/www.bellunopress.it\\\/#organization\"},\"keywords\":[\"Belluno\"],\"articleSection\":[\"Cronaca\\\/Politica\",\"Prima Pagina\"],\"inLanguage\":\"fr-FR\"},{\"@type\":\"WebPage\",\"@id\":\"https:\\\/\\\/www.bellunopress.it\\\/2009\\\/04\\\/06\\\/da-belluno-in-soccorso-delle-popolazioni-dellabruzzo-colpite-dal-terremoto\\\/\",\"url\":\"https:\\\/\\\/www.bellunopress.it\\\/2009\\\/04\\\/06\\\/da-belluno-in-soccorso-delle-popolazioni-dellabruzzo-colpite-dal-terremoto\\\/\",\"name\":\"Da Belluno in soccorso delle popolazioni dell'Abruzzo colpite dal terremoto - Bellunopress - Dolomiti\",\"isPartOf\":{\"@id\":\"https:\\\/\\\/www.bellunopress.it\\\/#website\"},\"datePublished\":\"2009-04-06T11:55:22+00:00\",\"dateModified\":\"2009-04-06T12:34:26+00:00\",\"breadcrumb\":{\"@id\":\"https:\\\/\\\/www.bellunopress.it\\\/2009\\\/04\\\/06\\\/da-belluno-in-soccorso-delle-popolazioni-dellabruzzo-colpite-dal-terremoto\\\/#breadcrumb\"},\"inLanguage\":\"fr-FR\",\"potentialAction\":[{\"@type\":\"ReadAction\",\"target\":[\"https:\\\/\\\/www.bellunopress.it\\\/2009\\\/04\\\/06\\\/da-belluno-in-soccorso-delle-popolazioni-dellabruzzo-colpite-dal-terremoto\\\/\"]}]},{\"@type\":\"BreadcrumbList\",\"@id\":\"https:\\\/\\\/www.bellunopress.it\\\/2009\\\/04\\\/06\\\/da-belluno-in-soccorso-delle-popolazioni-dellabruzzo-colpite-dal-terremoto\\\/#breadcrumb\",\"itemListElement\":[{\"@type\":\"ListItem\",\"position\":1,\"name\":\"Home\",\"item\":\"https:\\\/\\\/www.bellunopress.it\\\/\"},{\"@type\":\"ListItem\",\"position\":2,\"name\":\"Da Belluno in soccorso delle popolazioni dell&#8217;Abruzzo colpite dal terremoto\"}]},{\"@type\":\"WebSite\",\"@id\":\"https:\\\/\\\/www.bellunopress.it\\\/#website\",\"url\":\"https:\\\/\\\/www.bellunopress.it\\\/\",\"name\":\"Bellunopress - Dolomiti\",\"description\":\"e-mail: redazione@bellunopress.it\",\"publisher\":{\"@id\":\"https:\\\/\\\/www.bellunopress.it\\\/#organization\"},\"potentialAction\":[{\"@type\":\"SearchAction\",\"target\":{\"@type\":\"EntryPoint\",\"urlTemplate\":\"https:\\\/\\\/www.bellunopress.it\\\/?s={search_term_string}\"},\"query-input\":{\"@type\":\"PropertyValueSpecification\",\"valueRequired\":true,\"valueName\":\"search_term_string\"}}],\"inLanguage\":\"fr-FR\"},{\"@type\":\"Organization\",\"@id\":\"https:\\\/\\\/www.bellunopress.it\\\/#organization\",\"name\":\"Bellunopress\",\"url\":\"https:\\\/\\\/www.bellunopress.it\\\/\",\"logo\":{\"@type\":\"ImageObject\",\"inLanguage\":\"fr-FR\",\"@id\":\"https:\\\/\\\/www.bellunopress.it\\\/#\\\/schema\\\/logo\\\/image\\\/\",\"url\":\"https:\\\/\\\/www.bellunopress.it\\\/wp-content\\\/uploads\\\/2011\\\/05\\\/cropped-logo-bellunopress-.jpg\",\"contentUrl\":\"https:\\\/\\\/www.bellunopress.it\\\/wp-content\\\/uploads\\\/2011\\\/05\\\/cropped-logo-bellunopress-.jpg\",\"width\":512,\"height\":512,\"caption\":\"Bellunopress\"},\"image\":{\"@id\":\"https:\\\/\\\/www.bellunopress.it\\\/#\\\/schema\\\/logo\\\/image\\\/\"},\"sameAs\":[\"https:\\\/\\\/www.facebook.com\\\/profile.php?id=100008943462799\",\"https:\\\/\\\/x.com\\\/bellunopress\",\"https:\\\/\\\/www.linkedin.com\\\/hp\\\/?dnr=JBzUWaJfMUw8vbXJJ2tVW5-I3jZKvC4wsoxE&amp;amp;amp;amp;amp;amp;trk=nav_responsive_tab_home\",\"https:\\\/\\\/www.youtube.com\\\/channel\\\/UCxL0wu1uN0_3_7hGG0306cw\"]},{\"@type\":\"Person\",\"@id\":\"https:\\\/\\\/www.bellunopress.it\\\/#\\\/schema\\\/person\\\/79bb06722b37ece1c03d3e94beb30d73\",\"name\":\"redazione\",\"image\":{\"@type\":\"ImageObject\",\"inLanguage\":\"fr-FR\",\"@id\":\"https:\\\/\\\/secure.gravatar.com\\\/avatar\\\/37d968a2e67a6fd04c169c4bdef102d0bc5d31b2546345219e348575eb80e9a0?s=96&d=mm&r=g\",\"url\":\"https:\\\/\\\/secure.gravatar.com\\\/avatar\\\/37d968a2e67a6fd04c169c4bdef102d0bc5d31b2546345219e348575eb80e9a0?s=96&d=mm&r=g\",\"contentUrl\":\"https:\\\/\\\/secure.gravatar.com\\\/avatar\\\/37d968a2e67a6fd04c169c4bdef102d0bc5d31b2546345219e348575eb80e9a0?s=96&d=mm&r=g\",\"caption\":\"redazione\"},\"sameAs\":[\"http:\\\/\\\/www.bellunopress.it\",\"https:\\\/\\\/x.com\\\/bellunopress\"],\"url\":\"https:\\\/\\\/www.bellunopress.it\\\/fr\\\/author\\\/redazione\\\/\"}]}<\/script>\n<!-- \/ Yoast SEO plugin. -->","yoast_head_json":{"title":"Da Belluno in soccorso delle popolazioni dell'Abruzzo colpite dal terremoto - Bellunopress - Dolomiti","robots":{"index":"index","follow":"follow","max-snippet":"max-snippet:-1","max-image-preview":"max-image-preview:large","max-video-preview":"max-video-preview:-1"},"canonical":"https:\/\/www.bellunopress.it\/fr\/2009\/04\/06\/da-belluno-in-soccorso-delle-popolazioni-dellabruzzo-colpite-dal-terremoto\/","og_locale":"fr_FR","og_type":"article","og_title":"Da Belluno in soccorso delle popolazioni dell'Abruzzo colpite dal terremoto - Bellunopress - Dolomiti","og_description":"Saranno 27 a fine giornata i Vigili del fuoco inviati dal Comando provinciale di Belluno per soccorrere le popolazioni colpite dal terremoto che si \u00e8 verificato questa notte in Abruzzo. I primi 6 automezzi con a bordo 12 uomini sono partiti questa mattina poco dopo le 8. Successivamente, intorno alle 12, \u00e8 partita la Sezione [&hellip;]","og_url":"https:\/\/www.bellunopress.it\/fr\/2009\/04\/06\/da-belluno-in-soccorso-delle-popolazioni-dellabruzzo-colpite-dal-terremoto\/","og_site_name":"Bellunopress - Dolomiti","article_publisher":"https:\/\/www.facebook.com\/profile.php?id=100008943462799","article_published_time":"2009-04-06T11:55:22+00:00","article_modified_time":"2009-04-06T12:34:26+00:00","og_image":[{"url":"http:\/\/www.bellunopress.it\/wp-content\/uploads\/2012\/07\/logo-bellunopress-250x250-2012.jpg","type":"","width":"","height":""}],"author":"redazione","twitter_card":"summary_large_image","twitter_creator":"@bellunopress","twitter_site":"@bellunopress","twitter_misc":{"Written by":"redazione","Est. reading time":"1 minute"},"schema":{"@context":"https:\/\/schema.org","@graph":[{"@type":"Article","@id":"https:\/\/www.bellunopress.it\/2009\/04\/06\/da-belluno-in-soccorso-delle-popolazioni-dellabruzzo-colpite-dal-terremoto\/#article","isPartOf":{"@id":"https:\/\/www.bellunopress.it\/2009\/04\/06\/da-belluno-in-soccorso-delle-popolazioni-dellabruzzo-colpite-dal-terremoto\/"},"author":{"name":"redazione","@id":"https:\/\/www.bellunopress.it\/#\/schema\/person\/79bb06722b37ece1c03d3e94beb30d73"},"headline":"Da Belluno in soccorso delle popolazioni dell&#8217;Abruzzo colpite dal terremoto","datePublished":"2009-04-06T11:55:22+00:00","dateModified":"2009-04-06T12:34:26+00:00","mainEntityOfPage":{"@id":"https:\/\/www.bellunopress.it\/2009\/04\/06\/da-belluno-in-soccorso-delle-popolazioni-dellabruzzo-colpite-dal-terremoto\/"},"wordCount":171,"publisher":{"@id":"https:\/\/www.bellunopress.it\/#organization"},"keywords":["Belluno"],"articleSection":["Cronaca\/Politica","Prima Pagina"],"inLanguage":"fr-FR"},{"@type":"WebPage","@id":"https:\/\/www.bellunopress.it\/2009\/04\/06\/da-belluno-in-soccorso-delle-popolazioni-dellabruzzo-colpite-dal-terremoto\/","url":"https:\/\/www.bellunopress.it\/2009\/04\/06\/da-belluno-in-soccorso-delle-popolazioni-dellabruzzo-colpite-dal-terremoto\/","name":"Da Belluno in soccorso delle popolazioni dell'Abruzzo colpite dal terremoto - Bellunopress - Dolomiti","isPartOf":{"@id":"https:\/\/www.bellunopress.it\/#website"},"datePublished":"2009-04-06T11:55:22+00:00","dateModified":"2009-04-06T12:34:26+00:00","breadcrumb":{"@id":"https:\/\/www.bellunopress.it\/2009\/04\/06\/da-belluno-in-soccorso-delle-popolazioni-dellabruzzo-colpite-dal-terremoto\/#breadcrumb"},"inLanguage":"fr-FR","potentialAction":[{"@type":"ReadAction","target":["https:\/\/www.bellunopress.it\/2009\/04\/06\/da-belluno-in-soccorso-delle-popolazioni-dellabruzzo-colpite-dal-terremoto\/"]}]},{"@type":"BreadcrumbList","@id":"https:\/\/www.bellunopress.it\/2009\/04\/06\/da-belluno-in-soccorso-delle-popolazioni-dellabruzzo-colpite-dal-terremoto\/#breadcrumb","itemListElement":[{"@type":"ListItem","position":1,"name":"Home","item":"https:\/\/www.bellunopress.it\/"},{"@type":"ListItem","position":2,"name":"Da Belluno in soccorso delle popolazioni dell&#8217;Abruzzo colpite dal terremoto"}]},{"@type":"WebSite","@id":"https:\/\/www.bellunopress.it\/#website","url":"https:\/\/www.bellunopress.it\/","name":"Bellunopress - Dolomiti","description":"e-mail: redazione@bellunopress.it","publisher":{"@id":"https:\/\/www.bellunopress.it\/#organization"},"potentialAction":[{"@type":"SearchAction","target":{"@type":"EntryPoint","urlTemplate":"https:\/\/www.bellunopress.it\/?s={search_term_string}"},"query-input":{"@type":"PropertyValueSpecification","valueRequired":true,"valueName":"search_term_string"}}],"inLanguage":"fr-FR"},{"@type":"Organization","@id":"https:\/\/www.bellunopress.it\/#organization","name":"Bellunopress","url":"https:\/\/www.bellunopress.it\/","logo":{"@type":"ImageObject","inLanguage":"fr-FR","@id":"https:\/\/www.bellunopress.it\/#\/schema\/logo\/image\/","url":"https:\/\/www.bellunopress.it\/wp-content\/uploads\/2011\/05\/cropped-logo-bellunopress-.jpg","contentUrl":"https:\/\/www.bellunopress.it\/wp-content\/uploads\/2011\/05\/cropped-logo-bellunopress-.jpg","width":512,"height":512,"caption":"Bellunopress"},"image":{"@id":"https:\/\/www.bellunopress.it\/#\/schema\/logo\/image\/"},"sameAs":["https:\/\/www.facebook.com\/profile.php?id=100008943462799","https:\/\/x.com\/bellunopress","https:\/\/www.linkedin.com\/hp\/?dnr=JBzUWaJfMUw8vbXJJ2tVW5-I3jZKvC4wsoxE&amp;amp;amp;amp;amp;amp;trk=nav_responsive_tab_home","https:\/\/www.youtube.com\/channel\/UCxL0wu1uN0_3_7hGG0306cw"]},{"@type":"Person","@id":"https:\/\/www.bellunopress.it\/#\/schema\/person\/79bb06722b37ece1c03d3e94beb30d73","name":"r\u00e9daction","image":{"@type":"ImageObject","inLanguage":"fr-FR","@id":"https:\/\/secure.gravatar.com\/avatar\/37d968a2e67a6fd04c169c4bdef102d0bc5d31b2546345219e348575eb80e9a0?s=96&d=mm&r=g","url":"https:\/\/secure.gravatar.com\/avatar\/37d968a2e67a6fd04c169c4bdef102d0bc5d31b2546345219e348575eb80e9a0?s=96&d=mm&r=g","contentUrl":"https:\/\/secure.gravatar.com\/avatar\/37d968a2e67a6fd04c169c4bdef102d0bc5d31b2546345219e348575eb80e9a0?s=96&d=mm&r=g","caption":"redazione"},"sameAs":["http:\/\/www.bellunopress.it","https:\/\/x.com\/bellunopress"],"url":"https:\/\/www.bellunopress.it\/fr\/author\/redazione\/"}]}},"_links":{"self":[{"href":"https:\/\/www.bellunopress.it\/fr\/wp-json\/wp\/v2\/posts\/2366","targetHints":{"allow":["GET"]}}],"collection":[{"href":"https:\/\/www.bellunopress.it\/fr\/wp-json\/wp\/v2\/posts"}],"about":[{"href":"https:\/\/www.bellunopress.it\/fr\/wp-json\/wp\/v2\/types\/post"}],"author":[{"embeddable":true,"href":"https:\/\/www.bellunopress.it\/fr\/wp-json\/wp\/v2\/users\/2"}],"replies":[{"embeddable":true,"href":"https:\/\/www.bellunopress.it\/fr\/wp-json\/wp\/v2\/comments?post=2366"}],"version-history":[{"count":6,"href":"https:\/\/www.bellunopress.it\/fr\/wp-json\/wp\/v2\/posts\/2366\/revisions"}],"predecessor-version":[{"id":2372,"href":"https:\/\/www.bellunopress.it\/fr\/wp-json\/wp\/v2\/posts\/2366\/revisions\/2372"}],"wp:attachment":[{"href":"https:\/\/www.bellunopress.it\/fr\/wp-json\/wp\/v2\/media?parent=2366"}],"wp:term":[{"taxonomy":"category","embeddable":true,"href":"https:\/\/www.bellunopress.it\/fr\/wp-json\/wp\/v2\/categories?post=2366"},{"taxonomy":"post_tag","embeddable":true,"href":"https:\/\/www.bellunopress.it\/fr\/wp-json\/wp\/v2\/tags?post=2366"}],"curies":[{"name":"wp","href":"https:\/\/api.w.org\/{rel}","templated":true}]}}