{"id":2350,"date":"2009-04-06T09:09:34","date_gmt":"2009-04-06T08:09:34","guid":{"rendered":"http:\/\/www.bellunopress.it\/?p=2350"},"modified":"2009-04-06T10:41:59","modified_gmt":"2009-04-06T09:41:59","slug":"farra-d%e2%80%99alpago-esordisce-con-il-sito-turistico","status":"publish","type":"post","link":"https:\/\/www.bellunopress.it\/fr\/2009\/04\/06\/farra-d%e2%80%99alpago-esordisce-con-il-sito-turistico\/","title":{"rendered":"Farra d\u2019Alpago esordisce con il sito turistico"},"content":{"rendered":"<p>Farra d\u2019Alpago (BL) 6 aprile 2009\u2013 Da aprile 2009 \u00e8 attivo il sito turistico di Farra d\u2019Alpago, visitabile al indirizzo <a href=\"http:\/\/www.visitlagodisantacroce.it\">www.visitlagodisantacroce.it<\/a>. Un progetto turistico voluto dal Comune di Farra d\u2019Alpago, che sta investendo molto per dare maggior visibilit\u00e0 alla localit\u00e0 turistica e al suo splendido lago, famoso per essere luogo ideale di diversi sport acquatici. Il sito, rivisitato rispetto alla precedente versione, presenta una pagina di benvenuto diversa a seconda della stagione. Nella versione invernale le immagini rappresentano prevalentemente il territorio innevato della Foresta del Cansiglio e le informazioni trattano soprattutto degli sport di stagione, come lo sci di fondo, lo sci alpinismo e le ciaspolate. D\u2019estate, la galleria fotografica raccoglie suggestivi scatti del lago di Santa Croce e varie immagini riguardo sport acquatici ed estivi, come il windsurf, il kitesurf, la vela, la pesca, le escursioni, i percorsi di mountain bike, il parapendio, il nordic walking ed il golf. Innovativa anche la parte dedicata alla recettivit\u00e0 che all\u2019interno di <a href=\"http:\/\/www.visitlagosantacroce.it\">www.visitlagosantacroce.it<\/a> hanno delle pagine interamente dedicate: cliccando sulla struttura ricettiva d\u2019interesse si potr\u00e0 accedere ad un vero e proprio sito dedicato potendo cos\u00ec visualizzare i costi di pernottamento, le foto della location, le modalit\u00e0 di trattamento e tutte le informazioni necessarie per poter prenotare. Costantementeaggiornata la parte relativa agli eventi e alle iniziative che si svolgono nel territorio, che saranno visualizzabili con un anticipo di 90 giorni; cliccando sull\u2019evento d\u2019interesse si acceder\u00e0 ad una pagina ricca di informazioni utili. Sar\u00e0 anche possibile svolgere la ricerca eventi, a seconda dei propri interessi: baster\u00e0 selezionare il periodo e il tipo di evento (musicale, enogastronomico, sportivo etc.), ottenendo cos\u00ec una serie di iniziative che soddisfino le proprie esigenze. Curiosa anche la parte dedicata alla Associazione della Pesca Sportiva e del nuovo Centro Ittiogenico. Il sito, inserito nel portale internazionale di Tiscover, \u00e8 stato creato con lo scopo di valorizzare al meglio le attivit\u00e0 sportive e il ventaglio di eventi organizzati nel territorio comunale, che sempre pi\u00f9 persegue la sua vocazione turistica.<\/p>","protected":false},"excerpt":{"rendered":"<p>Farra d\u2019Alpago (BL) 6 aprile 2009\u2013 Da aprile 2009 \u00e8 attivo il sito turistico di Farra d\u2019Alpago, visitabile al indirizzo www.visitlagodisantacroce.it. Un progetto turistico voluto dal Comune di Farra d\u2019Alpago, che sta investendo molto per dare maggior visibilit\u00e0 alla localit\u00e0 turistica e al suo splendido lago, famoso per essere luogo ideale di diversi sport acquatici. [&hellip;]<\/p>\n","protected":false},"author":2,"featured_media":0,"comment_status":"closed","ping_status":"open","sticky":false,"template":"","format":"standard","meta":{"footnotes":""},"categories":[5,26],"tags":[],"class_list":["post-2350","post","type-post","status-publish","format-standard","category-cronaca","category-prima-pagina"],"yoast_head":"<!-- This site is optimized with the Yoast SEO plugin v28.4 - https:\/\/yoast.com\/product\/yoast-seo-wordpress\/ -->\n<title>Farra d\u2019Alpago esordisce con il sito turistico - Bellunopress - Dolomiti<\/title>\n<meta name=\"robots\" content=\"index, follow, max-snippet:-1, max-image-preview:large, max-video-preview:-1\" \/>\n<link rel=\"canonical\" href=\"https:\/\/www.bellunopress.it\/fr\/2009\/04\/06\/farra-d\u2019alpago-esordisce-con-il-sito-turistico\/\" \/>\n<meta property=\"og:locale\" content=\"fr_FR\" \/>\n<meta property=\"og:type\" content=\"article\" \/>\n<meta property=\"og:title\" content=\"Farra d\u2019Alpago esordisce con il sito turistico - Bellunopress - Dolomiti\" \/>\n<meta property=\"og:description\" content=\"Farra d\u2019Alpago (BL) 6 aprile 2009\u2013 Da aprile 2009 \u00e8 attivo il sito turistico di Farra d\u2019Alpago, visitabile al indirizzo www.visitlagodisantacroce.it. Un progetto turistico voluto dal Comune di Farra d\u2019Alpago, che sta investendo molto per dare maggior visibilit\u00e0 alla localit\u00e0 turistica e al suo splendido lago, famoso per essere luogo ideale di diversi sport acquatici. [&hellip;]\" \/>\n<meta property=\"og:url\" content=\"https:\/\/www.bellunopress.it\/fr\/2009\/04\/06\/farra-d\u2019alpago-esordisce-con-il-sito-turistico\/\" \/>\n<meta property=\"og:site_name\" content=\"Bellunopress - Dolomiti\" \/>\n<meta property=\"article:publisher\" content=\"https:\/\/www.facebook.com\/profile.php?id=100008943462799\" \/>\n<meta property=\"article:published_time\" content=\"2009-04-06T08:09:34+00:00\" \/>\n<meta property=\"article:modified_time\" content=\"2009-04-06T09:41:59+00:00\" \/>\n<meta property=\"og:image\" content=\"http:\/\/www.bellunopress.it\/wp-content\/uploads\/2012\/07\/logo-bellunopress-250x250-2012.jpg\" \/>\n<meta name=\"author\" content=\"redazione\" \/>\n<meta name=\"twitter:card\" content=\"summary_large_image\" \/>\n<meta name=\"twitter:creator\" content=\"@bellunopress\" \/>\n<meta name=\"twitter:site\" content=\"@bellunopress\" \/>\n<meta name=\"twitter:label1\" content=\"Written by\" \/>\n\t<meta name=\"twitter:data1\" content=\"redazione\" \/>\n\t<meta name=\"twitter:label2\" content=\"Est. reading time\" \/>\n\t<meta name=\"twitter:data2\" content=\"2 minutes\" \/>\n<script type=\"application\/ld+json\" class=\"yoast-schema-graph\">{\"@context\":\"https:\\\/\\\/schema.org\",\"@graph\":[{\"@type\":\"Article\",\"@id\":\"https:\\\/\\\/www.bellunopress.it\\\/2009\\\/04\\\/06\\\/farra-d%e2%80%99alpago-esordisce-con-il-sito-turistico\\\/#article\",\"isPartOf\":{\"@id\":\"https:\\\/\\\/www.bellunopress.it\\\/2009\\\/04\\\/06\\\/farra-d%e2%80%99alpago-esordisce-con-il-sito-turistico\\\/\"},\"author\":{\"name\":\"redazione\",\"@id\":\"https:\\\/\\\/www.bellunopress.it\\\/#\\\/schema\\\/person\\\/79bb06722b37ece1c03d3e94beb30d73\"},\"headline\":\"Farra d\u2019Alpago esordisce con il sito turistico\",\"datePublished\":\"2009-04-06T08:09:34+00:00\",\"dateModified\":\"2009-04-06T09:41:59+00:00\",\"mainEntityOfPage\":{\"@id\":\"https:\\\/\\\/www.bellunopress.it\\\/2009\\\/04\\\/06\\\/farra-d%e2%80%99alpago-esordisce-con-il-sito-turistico\\\/\"},\"wordCount\":342,\"publisher\":{\"@id\":\"https:\\\/\\\/www.bellunopress.it\\\/#organization\"},\"articleSection\":[\"Cronaca\\\/Politica\",\"Prima Pagina\"],\"inLanguage\":\"fr-FR\"},{\"@type\":\"WebPage\",\"@id\":\"https:\\\/\\\/www.bellunopress.it\\\/2009\\\/04\\\/06\\\/farra-d%e2%80%99alpago-esordisce-con-il-sito-turistico\\\/\",\"url\":\"https:\\\/\\\/www.bellunopress.it\\\/2009\\\/04\\\/06\\\/farra-d%e2%80%99alpago-esordisce-con-il-sito-turistico\\\/\",\"name\":\"Farra d\u2019Alpago esordisce con il sito turistico - Bellunopress - Dolomiti\",\"isPartOf\":{\"@id\":\"https:\\\/\\\/www.bellunopress.it\\\/#website\"},\"datePublished\":\"2009-04-06T08:09:34+00:00\",\"dateModified\":\"2009-04-06T09:41:59+00:00\",\"breadcrumb\":{\"@id\":\"https:\\\/\\\/www.bellunopress.it\\\/2009\\\/04\\\/06\\\/farra-d%e2%80%99alpago-esordisce-con-il-sito-turistico\\\/#breadcrumb\"},\"inLanguage\":\"fr-FR\",\"potentialAction\":[{\"@type\":\"ReadAction\",\"target\":[\"https:\\\/\\\/www.bellunopress.it\\\/2009\\\/04\\\/06\\\/farra-d%e2%80%99alpago-esordisce-con-il-sito-turistico\\\/\"]}]},{\"@type\":\"BreadcrumbList\",\"@id\":\"https:\\\/\\\/www.bellunopress.it\\\/2009\\\/04\\\/06\\\/farra-d%e2%80%99alpago-esordisce-con-il-sito-turistico\\\/#breadcrumb\",\"itemListElement\":[{\"@type\":\"ListItem\",\"position\":1,\"name\":\"Home\",\"item\":\"https:\\\/\\\/www.bellunopress.it\\\/\"},{\"@type\":\"ListItem\",\"position\":2,\"name\":\"Farra d\u2019Alpago esordisce con il sito turistico\"}]},{\"@type\":\"WebSite\",\"@id\":\"https:\\\/\\\/www.bellunopress.it\\\/#website\",\"url\":\"https:\\\/\\\/www.bellunopress.it\\\/\",\"name\":\"Bellunopress - Dolomiti\",\"description\":\"e-mail: redazione@bellunopress.it\",\"publisher\":{\"@id\":\"https:\\\/\\\/www.bellunopress.it\\\/#organization\"},\"potentialAction\":[{\"@type\":\"SearchAction\",\"target\":{\"@type\":\"EntryPoint\",\"urlTemplate\":\"https:\\\/\\\/www.bellunopress.it\\\/?s={search_term_string}\"},\"query-input\":{\"@type\":\"PropertyValueSpecification\",\"valueRequired\":true,\"valueName\":\"search_term_string\"}}],\"inLanguage\":\"fr-FR\"},{\"@type\":\"Organization\",\"@id\":\"https:\\\/\\\/www.bellunopress.it\\\/#organization\",\"name\":\"Bellunopress\",\"url\":\"https:\\\/\\\/www.bellunopress.it\\\/\",\"logo\":{\"@type\":\"ImageObject\",\"inLanguage\":\"fr-FR\",\"@id\":\"https:\\\/\\\/www.bellunopress.it\\\/#\\\/schema\\\/logo\\\/image\\\/\",\"url\":\"https:\\\/\\\/www.bellunopress.it\\\/wp-content\\\/uploads\\\/2011\\\/05\\\/cropped-logo-bellunopress-.jpg\",\"contentUrl\":\"https:\\\/\\\/www.bellunopress.it\\\/wp-content\\\/uploads\\\/2011\\\/05\\\/cropped-logo-bellunopress-.jpg\",\"width\":512,\"height\":512,\"caption\":\"Bellunopress\"},\"image\":{\"@id\":\"https:\\\/\\\/www.bellunopress.it\\\/#\\\/schema\\\/logo\\\/image\\\/\"},\"sameAs\":[\"https:\\\/\\\/www.facebook.com\\\/profile.php?id=100008943462799\",\"https:\\\/\\\/x.com\\\/bellunopress\",\"https:\\\/\\\/www.linkedin.com\\\/hp\\\/?dnr=JBzUWaJfMUw8vbXJJ2tVW5-I3jZKvC4wsoxE&amp;amp;amp;amp;amp;amp;trk=nav_responsive_tab_home\",\"https:\\\/\\\/www.youtube.com\\\/channel\\\/UCxL0wu1uN0_3_7hGG0306cw\"]},{\"@type\":\"Person\",\"@id\":\"https:\\\/\\\/www.bellunopress.it\\\/#\\\/schema\\\/person\\\/79bb06722b37ece1c03d3e94beb30d73\",\"name\":\"redazione\",\"image\":{\"@type\":\"ImageObject\",\"inLanguage\":\"fr-FR\",\"@id\":\"https:\\\/\\\/secure.gravatar.com\\\/avatar\\\/37d968a2e67a6fd04c169c4bdef102d0bc5d31b2546345219e348575eb80e9a0?s=96&d=mm&r=g\",\"url\":\"https:\\\/\\\/secure.gravatar.com\\\/avatar\\\/37d968a2e67a6fd04c169c4bdef102d0bc5d31b2546345219e348575eb80e9a0?s=96&d=mm&r=g\",\"contentUrl\":\"https:\\\/\\\/secure.gravatar.com\\\/avatar\\\/37d968a2e67a6fd04c169c4bdef102d0bc5d31b2546345219e348575eb80e9a0?s=96&d=mm&r=g\",\"caption\":\"redazione\"},\"sameAs\":[\"http:\\\/\\\/www.bellunopress.it\",\"https:\\\/\\\/x.com\\\/bellunopress\"],\"url\":\"https:\\\/\\\/www.bellunopress.it\\\/fr\\\/author\\\/redazione\\\/\"}]}<\/script>\n<!-- \/ Yoast SEO plugin. -->","yoast_head_json":{"title":"Farra d\u2019Alpago esordisce con il sito turistico - Bellunopress - Dolomiti","robots":{"index":"index","follow":"follow","max-snippet":"max-snippet:-1","max-image-preview":"max-image-preview:large","max-video-preview":"max-video-preview:-1"},"canonical":"https:\/\/www.bellunopress.it\/fr\/2009\/04\/06\/farra-d\u2019alpago-esordisce-con-il-sito-turistico\/","og_locale":"fr_FR","og_type":"article","og_title":"Farra d\u2019Alpago esordisce con il sito turistico - Bellunopress - Dolomiti","og_description":"Farra d\u2019Alpago (BL) 6 aprile 2009\u2013 Da aprile 2009 \u00e8 attivo il sito turistico di Farra d\u2019Alpago, visitabile al indirizzo www.visitlagodisantacroce.it. Un progetto turistico voluto dal Comune di Farra d\u2019Alpago, che sta investendo molto per dare maggior visibilit\u00e0 alla localit\u00e0 turistica e al suo splendido lago, famoso per essere luogo ideale di diversi sport acquatici. [&hellip;]","og_url":"https:\/\/www.bellunopress.it\/fr\/2009\/04\/06\/farra-d\u2019alpago-esordisce-con-il-sito-turistico\/","og_site_name":"Bellunopress - Dolomiti","article_publisher":"https:\/\/www.facebook.com\/profile.php?id=100008943462799","article_published_time":"2009-04-06T08:09:34+00:00","article_modified_time":"2009-04-06T09:41:59+00:00","og_image":[{"url":"http:\/\/www.bellunopress.it\/wp-content\/uploads\/2012\/07\/logo-bellunopress-250x250-2012.jpg","type":"","width":"","height":""}],"author":"redazione","twitter_card":"summary_large_image","twitter_creator":"@bellunopress","twitter_site":"@bellunopress","twitter_misc":{"Written by":"redazione","Est. reading time":"2 minutes"},"schema":{"@context":"https:\/\/schema.org","@graph":[{"@type":"Article","@id":"https:\/\/www.bellunopress.it\/2009\/04\/06\/farra-d%e2%80%99alpago-esordisce-con-il-sito-turistico\/#article","isPartOf":{"@id":"https:\/\/www.bellunopress.it\/2009\/04\/06\/farra-d%e2%80%99alpago-esordisce-con-il-sito-turistico\/"},"author":{"name":"redazione","@id":"https:\/\/www.bellunopress.it\/#\/schema\/person\/79bb06722b37ece1c03d3e94beb30d73"},"headline":"Farra d\u2019Alpago esordisce con il sito turistico","datePublished":"2009-04-06T08:09:34+00:00","dateModified":"2009-04-06T09:41:59+00:00","mainEntityOfPage":{"@id":"https:\/\/www.bellunopress.it\/2009\/04\/06\/farra-d%e2%80%99alpago-esordisce-con-il-sito-turistico\/"},"wordCount":342,"publisher":{"@id":"https:\/\/www.bellunopress.it\/#organization"},"articleSection":["Cronaca\/Politica","Prima Pagina"],"inLanguage":"fr-FR"},{"@type":"WebPage","@id":"https:\/\/www.bellunopress.it\/2009\/04\/06\/farra-d%e2%80%99alpago-esordisce-con-il-sito-turistico\/","url":"https:\/\/www.bellunopress.it\/2009\/04\/06\/farra-d%e2%80%99alpago-esordisce-con-il-sito-turistico\/","name":"Farra d\u2019Alpago esordisce con il sito turistico - Bellunopress - Dolomiti","isPartOf":{"@id":"https:\/\/www.bellunopress.it\/#website"},"datePublished":"2009-04-06T08:09:34+00:00","dateModified":"2009-04-06T09:41:59+00:00","breadcrumb":{"@id":"https:\/\/www.bellunopress.it\/2009\/04\/06\/farra-d%e2%80%99alpago-esordisce-con-il-sito-turistico\/#breadcrumb"},"inLanguage":"fr-FR","potentialAction":[{"@type":"ReadAction","target":["https:\/\/www.bellunopress.it\/2009\/04\/06\/farra-d%e2%80%99alpago-esordisce-con-il-sito-turistico\/"]}]},{"@type":"BreadcrumbList","@id":"https:\/\/www.bellunopress.it\/2009\/04\/06\/farra-d%e2%80%99alpago-esordisce-con-il-sito-turistico\/#breadcrumb","itemListElement":[{"@type":"ListItem","position":1,"name":"Home","item":"https:\/\/www.bellunopress.it\/"},{"@type":"ListItem","position":2,"name":"Farra d\u2019Alpago esordisce con il sito turistico"}]},{"@type":"WebSite","@id":"https:\/\/www.bellunopress.it\/#website","url":"https:\/\/www.bellunopress.it\/","name":"Bellunopress - Dolomiti","description":"e-mail: redazione@bellunopress.it","publisher":{"@id":"https:\/\/www.bellunopress.it\/#organization"},"potentialAction":[{"@type":"SearchAction","target":{"@type":"EntryPoint","urlTemplate":"https:\/\/www.bellunopress.it\/?s={search_term_string}"},"query-input":{"@type":"PropertyValueSpecification","valueRequired":true,"valueName":"search_term_string"}}],"inLanguage":"fr-FR"},{"@type":"Organization","@id":"https:\/\/www.bellunopress.it\/#organization","name":"Bellunopress","url":"https:\/\/www.bellunopress.it\/","logo":{"@type":"ImageObject","inLanguage":"fr-FR","@id":"https:\/\/www.bellunopress.it\/#\/schema\/logo\/image\/","url":"https:\/\/www.bellunopress.it\/wp-content\/uploads\/2011\/05\/cropped-logo-bellunopress-.jpg","contentUrl":"https:\/\/www.bellunopress.it\/wp-content\/uploads\/2011\/05\/cropped-logo-bellunopress-.jpg","width":512,"height":512,"caption":"Bellunopress"},"image":{"@id":"https:\/\/www.bellunopress.it\/#\/schema\/logo\/image\/"},"sameAs":["https:\/\/www.facebook.com\/profile.php?id=100008943462799","https:\/\/x.com\/bellunopress","https:\/\/www.linkedin.com\/hp\/?dnr=JBzUWaJfMUw8vbXJJ2tVW5-I3jZKvC4wsoxE&amp;amp;amp;amp;amp;amp;trk=nav_responsive_tab_home","https:\/\/www.youtube.com\/channel\/UCxL0wu1uN0_3_7hGG0306cw"]},{"@type":"Person","@id":"https:\/\/www.bellunopress.it\/#\/schema\/person\/79bb06722b37ece1c03d3e94beb30d73","name":"r\u00e9daction","image":{"@type":"ImageObject","inLanguage":"fr-FR","@id":"https:\/\/secure.gravatar.com\/avatar\/37d968a2e67a6fd04c169c4bdef102d0bc5d31b2546345219e348575eb80e9a0?s=96&d=mm&r=g","url":"https:\/\/secure.gravatar.com\/avatar\/37d968a2e67a6fd04c169c4bdef102d0bc5d31b2546345219e348575eb80e9a0?s=96&d=mm&r=g","contentUrl":"https:\/\/secure.gravatar.com\/avatar\/37d968a2e67a6fd04c169c4bdef102d0bc5d31b2546345219e348575eb80e9a0?s=96&d=mm&r=g","caption":"redazione"},"sameAs":["http:\/\/www.bellunopress.it","https:\/\/x.com\/bellunopress"],"url":"https:\/\/www.bellunopress.it\/fr\/author\/redazione\/"}]}},"_links":{"self":[{"href":"https:\/\/www.bellunopress.it\/fr\/wp-json\/wp\/v2\/posts\/2350","targetHints":{"allow":["GET"]}}],"collection":[{"href":"https:\/\/www.bellunopress.it\/fr\/wp-json\/wp\/v2\/posts"}],"about":[{"href":"https:\/\/www.bellunopress.it\/fr\/wp-json\/wp\/v2\/types\/post"}],"author":[{"embeddable":true,"href":"https:\/\/www.bellunopress.it\/fr\/wp-json\/wp\/v2\/users\/2"}],"replies":[{"embeddable":true,"href":"https:\/\/www.bellunopress.it\/fr\/wp-json\/wp\/v2\/comments?post=2350"}],"version-history":[{"count":6,"href":"https:\/\/www.bellunopress.it\/fr\/wp-json\/wp\/v2\/posts\/2350\/revisions"}],"predecessor-version":[{"id":2354,"href":"https:\/\/www.bellunopress.it\/fr\/wp-json\/wp\/v2\/posts\/2350\/revisions\/2354"}],"wp:attachment":[{"href":"https:\/\/www.bellunopress.it\/fr\/wp-json\/wp\/v2\/media?parent=2350"}],"wp:term":[{"taxonomy":"category","embeddable":true,"href":"https:\/\/www.bellunopress.it\/fr\/wp-json\/wp\/v2\/categories?post=2350"},{"taxonomy":"post_tag","embeddable":true,"href":"https:\/\/www.bellunopress.it\/fr\/wp-json\/wp\/v2\/tags?post=2350"}],"curies":[{"name":"wp","href":"https:\/\/api.w.org\/{rel}","templated":true}]}}