{"id":23344,"date":"2011-01-27T15:25:38","date_gmt":"2011-01-27T14:25:38","guid":{"rendered":"http:\/\/www.bellunopress.it\/?p=23344"},"modified":"2011-01-27T15:25:38","modified_gmt":"2011-01-27T14:25:38","slug":"nasce-lassociazione-per-il-recupero-della-scuola-gabelli-venerdi-il-primo-incontro","status":"publish","type":"post","link":"https:\/\/www.bellunopress.it\/fr\/2011\/01\/27\/nasce-lassociazione-per-il-recupero-della-scuola-gabelli-venerdi-il-primo-incontro\/","title":{"rendered":"Nasce l&#8217;Associazione per il recupero della scuola Gabelli. Venerd\u00ec il primo incontro"},"content":{"rendered":"<p><a href=\"http:\/\/www.bellunopress.it\/wp-content\/uploads\/2009\/04\/gabelli.jpg\"><img loading=\"lazy\" decoding=\"async\" class=\"alignleft size-full wp-image-2518\" title=\"gabelli\" src=\"http:\/\/www.bellunopress.it\/wp-content\/uploads\/2009\/04\/gabelli.jpg\" alt=\"\" width=\"241\" height=\"181\" \/><\/a>La costituenda Associazione culturale per il recupero della scuola elementare cittadina intitolata ad Aristide Gabelli invita tutta la cittadinanza interessata a partecipare al primo incontro per la formazione dell\u2019Associazione che si svolger\u00e0 venerd\u00ec 28 gennaio alle ore 18,00 presso la nuova sede della scuola elementare presso il Parco Citt\u00e0 di Bologna. Obbiettivo dei fondatori \u00e8 il recupero della scuola elementare cittadina intitolata ad Aristide Gabelli e nasce per promuovere il recupero del patrimonio educativo, storico ed architettonico della scuola ed ha la finalit\u00e0 principale di riportarne in vita la memoria presso la cittadinanza bellunese, cos\u00ec promuovendo il recupero dell\u2019edificio che ne costituisce la sede storica. Nasce non come organo istituzionale ma si forma spontaneamente ed \u00e8 aperta ad ogni contributo e alla partecipazione di chiunque si individui nelle finalit\u00e0 sopra indicate.<\/p>","protected":false},"excerpt":{"rendered":"<p>La costituenda Associazione culturale per il recupero della scuola elementare cittadina intitolata ad Aristide Gabelli invita tutta la cittadinanza interessata a partecipare al primo incontro per la formazione dell\u2019Associazione che si svolger\u00e0 venerd\u00ec 28 gennaio alle ore 18,00 presso la nuova sede della scuola elementare presso il Parco Citt\u00e0 di Bologna. Obbiettivo dei fondatori \u00e8 [&hellip;]<\/p>\n","protected":false},"author":2,"featured_media":0,"comment_status":"closed","ping_status":"open","sticky":false,"template":"","format":"standard","meta":{"footnotes":""},"categories":[27,26],"tags":[],"class_list":["post-23344","post","type-post","status-publish","format-standard","category-appuntamenti","category-prima-pagina"],"yoast_head":"<!-- This site is optimized with the Yoast SEO plugin v28.4 - https:\/\/yoast.com\/product\/yoast-seo-wordpress\/ -->\n<title>Nasce l&#039;Associazione per il recupero della scuola Gabelli. Venerd\u00ec il primo incontro - Bellunopress - Dolomiti<\/title>\n<meta name=\"robots\" content=\"index, follow, max-snippet:-1, max-image-preview:large, max-video-preview:-1\" \/>\n<link rel=\"canonical\" href=\"https:\/\/www.bellunopress.it\/fr\/2011\/01\/27\/nasce-lassociazione-per-il-recupero-della-scuola-gabelli-venerdi-il-primo-incontro\/\" \/>\n<meta property=\"og:locale\" content=\"fr_FR\" \/>\n<meta property=\"og:type\" content=\"article\" \/>\n<meta property=\"og:title\" content=\"Nasce l&#039;Associazione per il recupero della scuola Gabelli. Venerd\u00ec il primo incontro - Bellunopress - Dolomiti\" \/>\n<meta property=\"og:description\" content=\"La costituenda Associazione culturale per il recupero della scuola elementare cittadina intitolata ad Aristide Gabelli invita tutta la cittadinanza interessata a partecipare al primo incontro per la formazione dell\u2019Associazione che si svolger\u00e0 venerd\u00ec 28 gennaio alle ore 18,00 presso la nuova sede della scuola elementare presso il Parco Citt\u00e0 di Bologna. Obbiettivo dei fondatori \u00e8 [&hellip;]\" \/>\n<meta property=\"og:url\" content=\"https:\/\/www.bellunopress.it\/fr\/2011\/01\/27\/nasce-lassociazione-per-il-recupero-della-scuola-gabelli-venerdi-il-primo-incontro\/\" \/>\n<meta property=\"og:site_name\" content=\"Bellunopress - Dolomiti\" \/>\n<meta property=\"article:publisher\" content=\"https:\/\/www.facebook.com\/profile.php?id=100008943462799\" \/>\n<meta property=\"article:published_time\" content=\"2011-01-27T14:25:38+00:00\" \/>\n<meta property=\"og:image\" content=\"http:\/\/www.bellunopress.it\/wp-content\/uploads\/2009\/04\/gabelli.jpg\" \/>\n<meta name=\"author\" content=\"redazione\" \/>\n<meta name=\"twitter:card\" content=\"summary_large_image\" \/>\n<meta name=\"twitter:creator\" content=\"@bellunopress\" \/>\n<meta name=\"twitter:site\" content=\"@bellunopress\" \/>\n<meta name=\"twitter:label1\" content=\"\u00c9crit par\" \/>\n\t<meta name=\"twitter:data1\" content=\"redazione\" \/>\n\t<meta name=\"twitter:label2\" content=\"Dur\u00e9e de lecture estim\u00e9e\" \/>\n\t<meta name=\"twitter:data2\" content=\"1 minute\" \/>\n<script type=\"application\/ld+json\" class=\"yoast-schema-graph\">{\"@context\":\"https:\\\/\\\/schema.org\",\"@graph\":[{\"@type\":\"Article\",\"@id\":\"https:\\\/\\\/www.bellunopress.it\\\/2011\\\/01\\\/27\\\/nasce-lassociazione-per-il-recupero-della-scuola-gabelli-venerdi-il-primo-incontro\\\/#article\",\"isPartOf\":{\"@id\":\"https:\\\/\\\/www.bellunopress.it\\\/2011\\\/01\\\/27\\\/nasce-lassociazione-per-il-recupero-della-scuola-gabelli-venerdi-il-primo-incontro\\\/\"},\"author\":{\"name\":\"redazione\",\"@id\":\"https:\\\/\\\/www.bellunopress.it\\\/#\\\/schema\\\/person\\\/79bb06722b37ece1c03d3e94beb30d73\"},\"headline\":\"Nasce l&#8217;Associazione per il recupero della scuola Gabelli. Venerd\u00ec il primo incontro\",\"datePublished\":\"2011-01-27T14:25:38+00:00\",\"mainEntityOfPage\":{\"@id\":\"https:\\\/\\\/www.bellunopress.it\\\/2011\\\/01\\\/27\\\/nasce-lassociazione-per-il-recupero-della-scuola-gabelli-venerdi-il-primo-incontro\\\/\"},\"wordCount\":142,\"publisher\":{\"@id\":\"https:\\\/\\\/www.bellunopress.it\\\/#organization\"},\"image\":{\"@id\":\"https:\\\/\\\/www.bellunopress.it\\\/2011\\\/01\\\/27\\\/nasce-lassociazione-per-il-recupero-della-scuola-gabelli-venerdi-il-primo-incontro\\\/#primaryimage\"},\"thumbnailUrl\":\"http:\\\/\\\/www.bellunopress.it\\\/wp-content\\\/uploads\\\/2009\\\/04\\\/gabelli.jpg\",\"articleSection\":[\"Appuntamenti, Eventi\",\"Prima Pagina\"],\"inLanguage\":\"fr-FR\"},{\"@type\":\"WebPage\",\"@id\":\"https:\\\/\\\/www.bellunopress.it\\\/2011\\\/01\\\/27\\\/nasce-lassociazione-per-il-recupero-della-scuola-gabelli-venerdi-il-primo-incontro\\\/\",\"url\":\"https:\\\/\\\/www.bellunopress.it\\\/2011\\\/01\\\/27\\\/nasce-lassociazione-per-il-recupero-della-scuola-gabelli-venerdi-il-primo-incontro\\\/\",\"name\":\"Nasce l'Associazione per il recupero della scuola Gabelli. Venerd\u00ec il primo incontro - Bellunopress - Dolomiti\",\"isPartOf\":{\"@id\":\"https:\\\/\\\/www.bellunopress.it\\\/#website\"},\"primaryImageOfPage\":{\"@id\":\"https:\\\/\\\/www.bellunopress.it\\\/2011\\\/01\\\/27\\\/nasce-lassociazione-per-il-recupero-della-scuola-gabelli-venerdi-il-primo-incontro\\\/#primaryimage\"},\"image\":{\"@id\":\"https:\\\/\\\/www.bellunopress.it\\\/2011\\\/01\\\/27\\\/nasce-lassociazione-per-il-recupero-della-scuola-gabelli-venerdi-il-primo-incontro\\\/#primaryimage\"},\"thumbnailUrl\":\"http:\\\/\\\/www.bellunopress.it\\\/wp-content\\\/uploads\\\/2009\\\/04\\\/gabelli.jpg\",\"datePublished\":\"2011-01-27T14:25:38+00:00\",\"breadcrumb\":{\"@id\":\"https:\\\/\\\/www.bellunopress.it\\\/2011\\\/01\\\/27\\\/nasce-lassociazione-per-il-recupero-della-scuola-gabelli-venerdi-il-primo-incontro\\\/#breadcrumb\"},\"inLanguage\":\"fr-FR\",\"potentialAction\":[{\"@type\":\"ReadAction\",\"target\":[\"https:\\\/\\\/www.bellunopress.it\\\/2011\\\/01\\\/27\\\/nasce-lassociazione-per-il-recupero-della-scuola-gabelli-venerdi-il-primo-incontro\\\/\"]}]},{\"@type\":\"ImageObject\",\"inLanguage\":\"fr-FR\",\"@id\":\"https:\\\/\\\/www.bellunopress.it\\\/2011\\\/01\\\/27\\\/nasce-lassociazione-per-il-recupero-della-scuola-gabelli-venerdi-il-primo-incontro\\\/#primaryimage\",\"url\":\"http:\\\/\\\/www.bellunopress.it\\\/wp-content\\\/uploads\\\/2009\\\/04\\\/gabelli.jpg\",\"contentUrl\":\"http:\\\/\\\/www.bellunopress.it\\\/wp-content\\\/uploads\\\/2009\\\/04\\\/gabelli.jpg\"},{\"@type\":\"BreadcrumbList\",\"@id\":\"https:\\\/\\\/www.bellunopress.it\\\/2011\\\/01\\\/27\\\/nasce-lassociazione-per-il-recupero-della-scuola-gabelli-venerdi-il-primo-incontro\\\/#breadcrumb\",\"itemListElement\":[{\"@type\":\"ListItem\",\"position\":1,\"name\":\"Home\",\"item\":\"https:\\\/\\\/www.bellunopress.it\\\/\"},{\"@type\":\"ListItem\",\"position\":2,\"name\":\"Nasce l&#8217;Associazione per il recupero della scuola Gabelli. Venerd\u00ec il primo incontro\"}]},{\"@type\":\"WebSite\",\"@id\":\"https:\\\/\\\/www.bellunopress.it\\\/#website\",\"url\":\"https:\\\/\\\/www.bellunopress.it\\\/\",\"name\":\"Bellunopress - Dolomiti\",\"description\":\"e-mail: redazione@bellunopress.it\",\"publisher\":{\"@id\":\"https:\\\/\\\/www.bellunopress.it\\\/#organization\"},\"potentialAction\":[{\"@type\":\"SearchAction\",\"target\":{\"@type\":\"EntryPoint\",\"urlTemplate\":\"https:\\\/\\\/www.bellunopress.it\\\/?s={search_term_string}\"},\"query-input\":{\"@type\":\"PropertyValueSpecification\",\"valueRequired\":true,\"valueName\":\"search_term_string\"}}],\"inLanguage\":\"fr-FR\"},{\"@type\":\"Organization\",\"@id\":\"https:\\\/\\\/www.bellunopress.it\\\/#organization\",\"name\":\"Bellunopress\",\"url\":\"https:\\\/\\\/www.bellunopress.it\\\/\",\"logo\":{\"@type\":\"ImageObject\",\"inLanguage\":\"fr-FR\",\"@id\":\"https:\\\/\\\/www.bellunopress.it\\\/#\\\/schema\\\/logo\\\/image\\\/\",\"url\":\"https:\\\/\\\/www.bellunopress.it\\\/wp-content\\\/uploads\\\/2011\\\/05\\\/cropped-logo-bellunopress-.jpg\",\"contentUrl\":\"https:\\\/\\\/www.bellunopress.it\\\/wp-content\\\/uploads\\\/2011\\\/05\\\/cropped-logo-bellunopress-.jpg\",\"width\":512,\"height\":512,\"caption\":\"Bellunopress\"},\"image\":{\"@id\":\"https:\\\/\\\/www.bellunopress.it\\\/#\\\/schema\\\/logo\\\/image\\\/\"},\"sameAs\":[\"https:\\\/\\\/www.facebook.com\\\/profile.php?id=100008943462799\",\"https:\\\/\\\/x.com\\\/bellunopress\",\"https:\\\/\\\/www.linkedin.com\\\/hp\\\/?dnr=JBzUWaJfMUw8vbXJJ2tVW5-I3jZKvC4wsoxE&amp;amp;amp;amp;amp;amp;trk=nav_responsive_tab_home\",\"https:\\\/\\\/www.youtube.com\\\/channel\\\/UCxL0wu1uN0_3_7hGG0306cw\"]},{\"@type\":\"Person\",\"@id\":\"https:\\\/\\\/www.bellunopress.it\\\/#\\\/schema\\\/person\\\/79bb06722b37ece1c03d3e94beb30d73\",\"name\":\"redazione\",\"image\":{\"@type\":\"ImageObject\",\"inLanguage\":\"fr-FR\",\"@id\":\"https:\\\/\\\/secure.gravatar.com\\\/avatar\\\/37d968a2e67a6fd04c169c4bdef102d0bc5d31b2546345219e348575eb80e9a0?s=96&d=mm&r=g\",\"url\":\"https:\\\/\\\/secure.gravatar.com\\\/avatar\\\/37d968a2e67a6fd04c169c4bdef102d0bc5d31b2546345219e348575eb80e9a0?s=96&d=mm&r=g\",\"contentUrl\":\"https:\\\/\\\/secure.gravatar.com\\\/avatar\\\/37d968a2e67a6fd04c169c4bdef102d0bc5d31b2546345219e348575eb80e9a0?s=96&d=mm&r=g\",\"caption\":\"redazione\"},\"sameAs\":[\"http:\\\/\\\/www.bellunopress.it\",\"https:\\\/\\\/x.com\\\/bellunopress\"],\"url\":\"https:\\\/\\\/www.bellunopress.it\\\/fr\\\/author\\\/redazione\\\/\"}]}<\/script>\n<!-- \/ Yoast SEO plugin. -->","yoast_head_json":{"title":"Nasce l'Associazione per il recupero della scuola Gabelli. Venerd\u00ec il primo incontro - Bellunopress - Dolomiti","robots":{"index":"index","follow":"follow","max-snippet":"max-snippet:-1","max-image-preview":"max-image-preview:large","max-video-preview":"max-video-preview:-1"},"canonical":"https:\/\/www.bellunopress.it\/fr\/2011\/01\/27\/nasce-lassociazione-per-il-recupero-della-scuola-gabelli-venerdi-il-primo-incontro\/","og_locale":"fr_FR","og_type":"article","og_title":"Nasce l'Associazione per il recupero della scuola Gabelli. Venerd\u00ec il primo incontro - Bellunopress - Dolomiti","og_description":"La costituenda Associazione culturale per il recupero della scuola elementare cittadina intitolata ad Aristide Gabelli invita tutta la cittadinanza interessata a partecipare al primo incontro per la formazione dell\u2019Associazione che si svolger\u00e0 venerd\u00ec 28 gennaio alle ore 18,00 presso la nuova sede della scuola elementare presso il Parco Citt\u00e0 di Bologna. Obbiettivo dei fondatori \u00e8 [&hellip;]","og_url":"https:\/\/www.bellunopress.it\/fr\/2011\/01\/27\/nasce-lassociazione-per-il-recupero-della-scuola-gabelli-venerdi-il-primo-incontro\/","og_site_name":"Bellunopress - Dolomiti","article_publisher":"https:\/\/www.facebook.com\/profile.php?id=100008943462799","article_published_time":"2011-01-27T14:25:38+00:00","og_image":[{"url":"http:\/\/www.bellunopress.it\/wp-content\/uploads\/2009\/04\/gabelli.jpg","type":"","width":"","height":""}],"author":"redazione","twitter_card":"summary_large_image","twitter_creator":"@bellunopress","twitter_site":"@bellunopress","twitter_misc":{"\u00c9crit par":"redazione","Dur\u00e9e de lecture estim\u00e9e":"1 minute"},"schema":{"@context":"https:\/\/schema.org","@graph":[{"@type":"Article","@id":"https:\/\/www.bellunopress.it\/2011\/01\/27\/nasce-lassociazione-per-il-recupero-della-scuola-gabelli-venerdi-il-primo-incontro\/#article","isPartOf":{"@id":"https:\/\/www.bellunopress.it\/2011\/01\/27\/nasce-lassociazione-per-il-recupero-della-scuola-gabelli-venerdi-il-primo-incontro\/"},"author":{"name":"redazione","@id":"https:\/\/www.bellunopress.it\/#\/schema\/person\/79bb06722b37ece1c03d3e94beb30d73"},"headline":"Nasce l&#8217;Associazione per il recupero della scuola Gabelli. Venerd\u00ec il primo incontro","datePublished":"2011-01-27T14:25:38+00:00","mainEntityOfPage":{"@id":"https:\/\/www.bellunopress.it\/2011\/01\/27\/nasce-lassociazione-per-il-recupero-della-scuola-gabelli-venerdi-il-primo-incontro\/"},"wordCount":142,"publisher":{"@id":"https:\/\/www.bellunopress.it\/#organization"},"image":{"@id":"https:\/\/www.bellunopress.it\/2011\/01\/27\/nasce-lassociazione-per-il-recupero-della-scuola-gabelli-venerdi-il-primo-incontro\/#primaryimage"},"thumbnailUrl":"http:\/\/www.bellunopress.it\/wp-content\/uploads\/2009\/04\/gabelli.jpg","articleSection":["Appuntamenti, Eventi","Prima Pagina"],"inLanguage":"fr-FR"},{"@type":"WebPage","@id":"https:\/\/www.bellunopress.it\/2011\/01\/27\/nasce-lassociazione-per-il-recupero-della-scuola-gabelli-venerdi-il-primo-incontro\/","url":"https:\/\/www.bellunopress.it\/2011\/01\/27\/nasce-lassociazione-per-il-recupero-della-scuola-gabelli-venerdi-il-primo-incontro\/","name":"Nasce l'Associazione per il recupero della scuola Gabelli. Venerd\u00ec il primo incontro - Bellunopress - Dolomiti","isPartOf":{"@id":"https:\/\/www.bellunopress.it\/#website"},"primaryImageOfPage":{"@id":"https:\/\/www.bellunopress.it\/2011\/01\/27\/nasce-lassociazione-per-il-recupero-della-scuola-gabelli-venerdi-il-primo-incontro\/#primaryimage"},"image":{"@id":"https:\/\/www.bellunopress.it\/2011\/01\/27\/nasce-lassociazione-per-il-recupero-della-scuola-gabelli-venerdi-il-primo-incontro\/#primaryimage"},"thumbnailUrl":"http:\/\/www.bellunopress.it\/wp-content\/uploads\/2009\/04\/gabelli.jpg","datePublished":"2011-01-27T14:25:38+00:00","breadcrumb":{"@id":"https:\/\/www.bellunopress.it\/2011\/01\/27\/nasce-lassociazione-per-il-recupero-della-scuola-gabelli-venerdi-il-primo-incontro\/#breadcrumb"},"inLanguage":"fr-FR","potentialAction":[{"@type":"ReadAction","target":["https:\/\/www.bellunopress.it\/2011\/01\/27\/nasce-lassociazione-per-il-recupero-della-scuola-gabelli-venerdi-il-primo-incontro\/"]}]},{"@type":"ImageObject","inLanguage":"fr-FR","@id":"https:\/\/www.bellunopress.it\/2011\/01\/27\/nasce-lassociazione-per-il-recupero-della-scuola-gabelli-venerdi-il-primo-incontro\/#primaryimage","url":"http:\/\/www.bellunopress.it\/wp-content\/uploads\/2009\/04\/gabelli.jpg","contentUrl":"http:\/\/www.bellunopress.it\/wp-content\/uploads\/2009\/04\/gabelli.jpg"},{"@type":"BreadcrumbList","@id":"https:\/\/www.bellunopress.it\/2011\/01\/27\/nasce-lassociazione-per-il-recupero-della-scuola-gabelli-venerdi-il-primo-incontro\/#breadcrumb","itemListElement":[{"@type":"ListItem","position":1,"name":"Home","item":"https:\/\/www.bellunopress.it\/"},{"@type":"ListItem","position":2,"name":"Nasce l&#8217;Associazione per il recupero della scuola Gabelli. Venerd\u00ec il primo incontro"}]},{"@type":"WebSite","@id":"https:\/\/www.bellunopress.it\/#website","url":"https:\/\/www.bellunopress.it\/","name":"Bellunopress - Dolomiti","description":"e-mail: redazione@bellunopress.it","publisher":{"@id":"https:\/\/www.bellunopress.it\/#organization"},"potentialAction":[{"@type":"SearchAction","target":{"@type":"EntryPoint","urlTemplate":"https:\/\/www.bellunopress.it\/?s={search_term_string}"},"query-input":{"@type":"PropertyValueSpecification","valueRequired":true,"valueName":"search_term_string"}}],"inLanguage":"fr-FR"},{"@type":"Organization","@id":"https:\/\/www.bellunopress.it\/#organization","name":"Bellunopress","url":"https:\/\/www.bellunopress.it\/","logo":{"@type":"ImageObject","inLanguage":"fr-FR","@id":"https:\/\/www.bellunopress.it\/#\/schema\/logo\/image\/","url":"https:\/\/www.bellunopress.it\/wp-content\/uploads\/2011\/05\/cropped-logo-bellunopress-.jpg","contentUrl":"https:\/\/www.bellunopress.it\/wp-content\/uploads\/2011\/05\/cropped-logo-bellunopress-.jpg","width":512,"height":512,"caption":"Bellunopress"},"image":{"@id":"https:\/\/www.bellunopress.it\/#\/schema\/logo\/image\/"},"sameAs":["https:\/\/www.facebook.com\/profile.php?id=100008943462799","https:\/\/x.com\/bellunopress","https:\/\/www.linkedin.com\/hp\/?dnr=JBzUWaJfMUw8vbXJJ2tVW5-I3jZKvC4wsoxE&amp;amp;amp;amp;amp;amp;trk=nav_responsive_tab_home","https:\/\/www.youtube.com\/channel\/UCxL0wu1uN0_3_7hGG0306cw"]},{"@type":"Person","@id":"https:\/\/www.bellunopress.it\/#\/schema\/person\/79bb06722b37ece1c03d3e94beb30d73","name":"r\u00e9daction","image":{"@type":"ImageObject","inLanguage":"fr-FR","@id":"https:\/\/secure.gravatar.com\/avatar\/37d968a2e67a6fd04c169c4bdef102d0bc5d31b2546345219e348575eb80e9a0?s=96&d=mm&r=g","url":"https:\/\/secure.gravatar.com\/avatar\/37d968a2e67a6fd04c169c4bdef102d0bc5d31b2546345219e348575eb80e9a0?s=96&d=mm&r=g","contentUrl":"https:\/\/secure.gravatar.com\/avatar\/37d968a2e67a6fd04c169c4bdef102d0bc5d31b2546345219e348575eb80e9a0?s=96&d=mm&r=g","caption":"redazione"},"sameAs":["http:\/\/www.bellunopress.it","https:\/\/x.com\/bellunopress"],"url":"https:\/\/www.bellunopress.it\/fr\/author\/redazione\/"}]}},"_links":{"self":[{"href":"https:\/\/www.bellunopress.it\/fr\/wp-json\/wp\/v2\/posts\/23344","targetHints":{"allow":["GET"]}}],"collection":[{"href":"https:\/\/www.bellunopress.it\/fr\/wp-json\/wp\/v2\/posts"}],"about":[{"href":"https:\/\/www.bellunopress.it\/fr\/wp-json\/wp\/v2\/types\/post"}],"author":[{"embeddable":true,"href":"https:\/\/www.bellunopress.it\/fr\/wp-json\/wp\/v2\/users\/2"}],"replies":[{"embeddable":true,"href":"https:\/\/www.bellunopress.it\/fr\/wp-json\/wp\/v2\/comments?post=23344"}],"version-history":[{"count":1,"href":"https:\/\/www.bellunopress.it\/fr\/wp-json\/wp\/v2\/posts\/23344\/revisions"}],"predecessor-version":[{"id":23345,"href":"https:\/\/www.bellunopress.it\/fr\/wp-json\/wp\/v2\/posts\/23344\/revisions\/23345"}],"wp:attachment":[{"href":"https:\/\/www.bellunopress.it\/fr\/wp-json\/wp\/v2\/media?parent=23344"}],"wp:term":[{"taxonomy":"category","embeddable":true,"href":"https:\/\/www.bellunopress.it\/fr\/wp-json\/wp\/v2\/categories?post=23344"},{"taxonomy":"post_tag","embeddable":true,"href":"https:\/\/www.bellunopress.it\/fr\/wp-json\/wp\/v2\/tags?post=23344"}],"curies":[{"name":"wp","href":"https:\/\/api.w.org\/{rel}","templated":true}]}}