{"id":2322,"date":"2009-04-04T22:11:26","date_gmt":"2009-04-04T21:11:26","guid":{"rendered":"http:\/\/www.bellunopress.it\/?p=2322"},"modified":"2009-04-04T22:12:09","modified_gmt":"2009-04-04T21:12:09","slug":"luigi-amoretti-luomo-dei-centotrenta-brevetti-internazionali-a-trichiana-per-presentare-lultima-creazione","status":"publish","type":"post","link":"https:\/\/www.bellunopress.it\/fr\/2009\/04\/04\/luigi-amoretti-luomo-dei-centotrenta-brevetti-internazionali-a-trichiana-per-presentare-lultima-creazione\/","title":{"rendered":"Luigi Amoretti, l&#8217;uomo dei centotrenta brevetti internazionali a Trichiana per presentare l&#8217;ultima creazione"},"content":{"rendered":"<p><a href=\"http:\/\/www.bellunopress.it\/wp-content\/uploads\/2009\/04\/luigi-amoretti-250x170.jpg\"><img loading=\"lazy\" decoding=\"async\" class=\"alignleft size-medium wp-image-2324\" title=\"luigi-amoretti-250x170\" src=\"http:\/\/www.bellunopress.it\/wp-content\/uploads\/2009\/04\/luigi-amoretti-250x170.jpg\" alt=\"\" width=\"250\" height=\"167\" \/><\/a>Luigi Amoretti, inventore bassanese 62enne, ha presentato l&#8217;ultimo suo brevetto. <span style=\"font-family: Times New Roman;\">\u00c8<\/span> successo sabato 4 aprile al ristorante-pizzeria Nova Busa del Tor di Trichiana, per il lancio di Big Power, la nuova aspirapolvere prodotta dall&#8217;azienda bellunese Fraem srl amministrata da Ivan Cavallet. Che grazie a questa nuova tecnologia dell&#8217;aspirazione ad acqua integrata dai raggi uva, sterilizza l&#8217;aria in uscita eliminando acari, pollini e i conseguenti problemi di allergie. Abbiamo incontrato l&#8217;uomo che ha creato il cuore di questa macchina, e che ha al suo attivo ben centotrenta brevetti internazionali. E rappresenta, dunque, quella genialit\u00e0 italiana che all&#8217;estero ci invidiano e che riscatta il nostro Paese dalle ripetute gaffe dei politici. Una genialit\u00e0, dicevamo, che \u00e8 molto difficile apprendere sui banchi delle scuole. Luigi Amoretti, infatti, non fa mistero della sua quinta elementare, integrata poi con i corsi serali di scuola professionale. E tuttavia le sue invenzioni hanno ottenuto il successo internazionale ed hanno varcato i confini nazionali per approdare in America, Russia e Singapore. Un successo suggellato con un simbolo, una Ferrari blu ultimo modello dodici cilindri, che si \u00e8 concesso, da gran appassionato qual \u00e8 di veicoli d&#8217;epoca. Soprattutto Maserati, Ferrari, e moto Guzzi, una collezione di una settantina di pezzi. E allora non potevamo non chiedere ad Amoretti, che presiede anche la Tpa Impex spa, come sia cominciata questa sua avventura. Tutti abbiamo smontato i modellini di auto da bambini, lei a che et\u00e0 ha cominciato? \u00abDiciamo che a sette anni ero molto incuriosito dai pezzi meccanici. Soprattutto le molle e mi chiedevo sempre: chiss\u00e0 come hanno fatto a costruirle?<span style=\"font-family: Times New Roman;\">\u00bb A quanti anni la sua prima invenzione?<\/span> \u00abA 18 anni ho brevettato una macchina che produceva le molle! Quelle per seggiolini di bicicletta\u00bb. Il brevetto che le ha dato pi\u00f9 soddisfazione? \u00abIl filtro ad aspirazione d&#8217;acqua, che stiamo presentando oggi\u00bb. E degli altri 130 quali ricorda con piacere? \u00abL&#8217;aspirapolvere con lo sterzo, negli anni &#8217;60 le valigie rigide in materiale plastico e il pulsante di accensione per aspirapolvere \u0081gvolt zero\u0081h che si poteva immergere nell&#8217;acqua, funzionava con un circuito pneumatico\u00bb. Lei inventa soluzioni su commissione? \u00abNo, in genere osservo ci\u00f2 che mi sta intorno e poi progetto qualcosa che ritengo utile. Dopodich\u00e9 vado a proporla a chi pu\u00f2 produrla\u00bb.<\/p>","protected":false},"excerpt":{"rendered":"<p>Luigi Amoretti, inventore bassanese 62enne, ha presentato l&#8217;ultimo suo brevetto. \u00c8 successo sabato 4 aprile al ristorante-pizzeria Nova Busa del Tor di Trichiana, per il lancio di Big Power, la nuova aspirapolvere prodotta dall&#8217;azienda bellunese Fraem srl amministrata da Ivan Cavallet. Che grazie a questa nuova tecnologia dell&#8217;aspirazione ad acqua integrata dai raggi uva, sterilizza [&hellip;]<\/p>\n","protected":false},"author":2,"featured_media":0,"comment_status":"closed","ping_status":"open","sticky":false,"template":"","format":"standard","meta":{"footnotes":""},"categories":[5,26],"tags":[139],"class_list":["post-2322","post","type-post","status-publish","format-standard","category-cronaca","category-prima-pagina","tag-belluno"],"yoast_head":"<!-- This site is optimized with the Yoast SEO plugin v28.4 - https:\/\/yoast.com\/product\/yoast-seo-wordpress\/ -->\n<title>Luigi Amoretti, l&#039;uomo dei centotrenta brevetti internazionali a Trichiana per presentare l&#039;ultima creazione - Bellunopress - Dolomiti<\/title>\n<meta name=\"robots\" content=\"index, follow, max-snippet:-1, max-image-preview:large, max-video-preview:-1\" \/>\n<link rel=\"canonical\" href=\"https:\/\/www.bellunopress.it\/fr\/2009\/04\/04\/luigi-amoretti-luomo-dei-centotrenta-brevetti-internazionali-a-trichiana-per-presentare-lultima-creazione\/\" \/>\n<meta property=\"og:locale\" content=\"fr_FR\" \/>\n<meta property=\"og:type\" content=\"article\" \/>\n<meta property=\"og:title\" content=\"Luigi Amoretti, l&#039;uomo dei centotrenta brevetti internazionali a Trichiana per presentare l&#039;ultima creazione - Bellunopress - Dolomiti\" \/>\n<meta property=\"og:description\" content=\"Luigi Amoretti, inventore bassanese 62enne, ha presentato l&#8217;ultimo suo brevetto. \u00c8 successo sabato 4 aprile al ristorante-pizzeria Nova Busa del Tor di Trichiana, per il lancio di Big Power, la nuova aspirapolvere prodotta dall&#8217;azienda bellunese Fraem srl amministrata da Ivan Cavallet. Che grazie a questa nuova tecnologia dell&#8217;aspirazione ad acqua integrata dai raggi uva, sterilizza [&hellip;]\" \/>\n<meta property=\"og:url\" content=\"https:\/\/www.bellunopress.it\/fr\/2009\/04\/04\/luigi-amoretti-luomo-dei-centotrenta-brevetti-internazionali-a-trichiana-per-presentare-lultima-creazione\/\" \/>\n<meta property=\"og:site_name\" content=\"Bellunopress - Dolomiti\" \/>\n<meta property=\"article:publisher\" content=\"https:\/\/www.facebook.com\/profile.php?id=100008943462799\" \/>\n<meta property=\"article:published_time\" content=\"2009-04-04T21:11:26+00:00\" \/>\n<meta property=\"article:modified_time\" content=\"2009-04-04T21:12:09+00:00\" \/>\n<meta property=\"og:image\" content=\"http:\/\/www.bellunopress.it\/wp-content\/uploads\/2009\/04\/luigi-amoretti-250x170.jpg\" \/>\n<meta name=\"author\" content=\"redazione\" \/>\n<meta name=\"twitter:card\" content=\"summary_large_image\" \/>\n<meta name=\"twitter:creator\" content=\"@bellunopress\" \/>\n<meta name=\"twitter:site\" content=\"@bellunopress\" \/>\n<meta name=\"twitter:label1\" content=\"Written by\" \/>\n\t<meta name=\"twitter:data1\" content=\"redazione\" \/>\n\t<meta name=\"twitter:label2\" content=\"Est. reading time\" \/>\n\t<meta name=\"twitter:data2\" content=\"2 minutes\" \/>\n<script type=\"application\/ld+json\" class=\"yoast-schema-graph\">{\"@context\":\"https:\\\/\\\/schema.org\",\"@graph\":[{\"@type\":\"Article\",\"@id\":\"https:\\\/\\\/www.bellunopress.it\\\/2009\\\/04\\\/04\\\/luigi-amoretti-luomo-dei-centotrenta-brevetti-internazionali-a-trichiana-per-presentare-lultima-creazione\\\/#article\",\"isPartOf\":{\"@id\":\"https:\\\/\\\/www.bellunopress.it\\\/2009\\\/04\\\/04\\\/luigi-amoretti-luomo-dei-centotrenta-brevetti-internazionali-a-trichiana-per-presentare-lultima-creazione\\\/\"},\"author\":{\"name\":\"redazione\",\"@id\":\"https:\\\/\\\/www.bellunopress.it\\\/#\\\/schema\\\/person\\\/79bb06722b37ece1c03d3e94beb30d73\"},\"headline\":\"Luigi Amoretti, l&#8217;uomo dei centotrenta brevetti internazionali a Trichiana per presentare l&#8217;ultima creazione\",\"datePublished\":\"2009-04-04T21:11:26+00:00\",\"dateModified\":\"2009-04-04T21:12:09+00:00\",\"mainEntityOfPage\":{\"@id\":\"https:\\\/\\\/www.bellunopress.it\\\/2009\\\/04\\\/04\\\/luigi-amoretti-luomo-dei-centotrenta-brevetti-internazionali-a-trichiana-per-presentare-lultima-creazione\\\/\"},\"wordCount\":388,\"publisher\":{\"@id\":\"https:\\\/\\\/www.bellunopress.it\\\/#organization\"},\"image\":{\"@id\":\"https:\\\/\\\/www.bellunopress.it\\\/2009\\\/04\\\/04\\\/luigi-amoretti-luomo-dei-centotrenta-brevetti-internazionali-a-trichiana-per-presentare-lultima-creazione\\\/#primaryimage\"},\"thumbnailUrl\":\"http:\\\/\\\/www.bellunopress.it\\\/wp-content\\\/uploads\\\/2009\\\/04\\\/luigi-amoretti-250x170.jpg\",\"keywords\":[\"Belluno\"],\"articleSection\":[\"Cronaca\\\/Politica\",\"Prima Pagina\"],\"inLanguage\":\"fr-FR\"},{\"@type\":\"WebPage\",\"@id\":\"https:\\\/\\\/www.bellunopress.it\\\/2009\\\/04\\\/04\\\/luigi-amoretti-luomo-dei-centotrenta-brevetti-internazionali-a-trichiana-per-presentare-lultima-creazione\\\/\",\"url\":\"https:\\\/\\\/www.bellunopress.it\\\/2009\\\/04\\\/04\\\/luigi-amoretti-luomo-dei-centotrenta-brevetti-internazionali-a-trichiana-per-presentare-lultima-creazione\\\/\",\"name\":\"Luigi Amoretti, l'uomo dei centotrenta brevetti internazionali a Trichiana per presentare l'ultima creazione - Bellunopress - Dolomiti\",\"isPartOf\":{\"@id\":\"https:\\\/\\\/www.bellunopress.it\\\/#website\"},\"primaryImageOfPage\":{\"@id\":\"https:\\\/\\\/www.bellunopress.it\\\/2009\\\/04\\\/04\\\/luigi-amoretti-luomo-dei-centotrenta-brevetti-internazionali-a-trichiana-per-presentare-lultima-creazione\\\/#primaryimage\"},\"image\":{\"@id\":\"https:\\\/\\\/www.bellunopress.it\\\/2009\\\/04\\\/04\\\/luigi-amoretti-luomo-dei-centotrenta-brevetti-internazionali-a-trichiana-per-presentare-lultima-creazione\\\/#primaryimage\"},\"thumbnailUrl\":\"http:\\\/\\\/www.bellunopress.it\\\/wp-content\\\/uploads\\\/2009\\\/04\\\/luigi-amoretti-250x170.jpg\",\"datePublished\":\"2009-04-04T21:11:26+00:00\",\"dateModified\":\"2009-04-04T21:12:09+00:00\",\"breadcrumb\":{\"@id\":\"https:\\\/\\\/www.bellunopress.it\\\/2009\\\/04\\\/04\\\/luigi-amoretti-luomo-dei-centotrenta-brevetti-internazionali-a-trichiana-per-presentare-lultima-creazione\\\/#breadcrumb\"},\"inLanguage\":\"fr-FR\",\"potentialAction\":[{\"@type\":\"ReadAction\",\"target\":[\"https:\\\/\\\/www.bellunopress.it\\\/2009\\\/04\\\/04\\\/luigi-amoretti-luomo-dei-centotrenta-brevetti-internazionali-a-trichiana-per-presentare-lultima-creazione\\\/\"]}]},{\"@type\":\"ImageObject\",\"inLanguage\":\"fr-FR\",\"@id\":\"https:\\\/\\\/www.bellunopress.it\\\/2009\\\/04\\\/04\\\/luigi-amoretti-luomo-dei-centotrenta-brevetti-internazionali-a-trichiana-per-presentare-lultima-creazione\\\/#primaryimage\",\"url\":\"http:\\\/\\\/www.bellunopress.it\\\/wp-content\\\/uploads\\\/2009\\\/04\\\/luigi-amoretti-250x170.jpg\",\"contentUrl\":\"http:\\\/\\\/www.bellunopress.it\\\/wp-content\\\/uploads\\\/2009\\\/04\\\/luigi-amoretti-250x170.jpg\"},{\"@type\":\"BreadcrumbList\",\"@id\":\"https:\\\/\\\/www.bellunopress.it\\\/2009\\\/04\\\/04\\\/luigi-amoretti-luomo-dei-centotrenta-brevetti-internazionali-a-trichiana-per-presentare-lultima-creazione\\\/#breadcrumb\",\"itemListElement\":[{\"@type\":\"ListItem\",\"position\":1,\"name\":\"Home\",\"item\":\"https:\\\/\\\/www.bellunopress.it\\\/\"},{\"@type\":\"ListItem\",\"position\":2,\"name\":\"Luigi Amoretti, l&#8217;uomo dei centotrenta brevetti internazionali a Trichiana per presentare l&#8217;ultima creazione\"}]},{\"@type\":\"WebSite\",\"@id\":\"https:\\\/\\\/www.bellunopress.it\\\/#website\",\"url\":\"https:\\\/\\\/www.bellunopress.it\\\/\",\"name\":\"Bellunopress - Dolomiti\",\"description\":\"e-mail: redazione@bellunopress.it\",\"publisher\":{\"@id\":\"https:\\\/\\\/www.bellunopress.it\\\/#organization\"},\"potentialAction\":[{\"@type\":\"SearchAction\",\"target\":{\"@type\":\"EntryPoint\",\"urlTemplate\":\"https:\\\/\\\/www.bellunopress.it\\\/?s={search_term_string}\"},\"query-input\":{\"@type\":\"PropertyValueSpecification\",\"valueRequired\":true,\"valueName\":\"search_term_string\"}}],\"inLanguage\":\"fr-FR\"},{\"@type\":\"Organization\",\"@id\":\"https:\\\/\\\/www.bellunopress.it\\\/#organization\",\"name\":\"Bellunopress\",\"url\":\"https:\\\/\\\/www.bellunopress.it\\\/\",\"logo\":{\"@type\":\"ImageObject\",\"inLanguage\":\"fr-FR\",\"@id\":\"https:\\\/\\\/www.bellunopress.it\\\/#\\\/schema\\\/logo\\\/image\\\/\",\"url\":\"https:\\\/\\\/www.bellunopress.it\\\/wp-content\\\/uploads\\\/2011\\\/05\\\/cropped-logo-bellunopress-.jpg\",\"contentUrl\":\"https:\\\/\\\/www.bellunopress.it\\\/wp-content\\\/uploads\\\/2011\\\/05\\\/cropped-logo-bellunopress-.jpg\",\"width\":512,\"height\":512,\"caption\":\"Bellunopress\"},\"image\":{\"@id\":\"https:\\\/\\\/www.bellunopress.it\\\/#\\\/schema\\\/logo\\\/image\\\/\"},\"sameAs\":[\"https:\\\/\\\/www.facebook.com\\\/profile.php?id=100008943462799\",\"https:\\\/\\\/x.com\\\/bellunopress\",\"https:\\\/\\\/www.linkedin.com\\\/hp\\\/?dnr=JBzUWaJfMUw8vbXJJ2tVW5-I3jZKvC4wsoxE&amp;amp;amp;amp;amp;amp;trk=nav_responsive_tab_home\",\"https:\\\/\\\/www.youtube.com\\\/channel\\\/UCxL0wu1uN0_3_7hGG0306cw\"]},{\"@type\":\"Person\",\"@id\":\"https:\\\/\\\/www.bellunopress.it\\\/#\\\/schema\\\/person\\\/79bb06722b37ece1c03d3e94beb30d73\",\"name\":\"redazione\",\"image\":{\"@type\":\"ImageObject\",\"inLanguage\":\"fr-FR\",\"@id\":\"https:\\\/\\\/secure.gravatar.com\\\/avatar\\\/37d968a2e67a6fd04c169c4bdef102d0bc5d31b2546345219e348575eb80e9a0?s=96&d=mm&r=g\",\"url\":\"https:\\\/\\\/secure.gravatar.com\\\/avatar\\\/37d968a2e67a6fd04c169c4bdef102d0bc5d31b2546345219e348575eb80e9a0?s=96&d=mm&r=g\",\"contentUrl\":\"https:\\\/\\\/secure.gravatar.com\\\/avatar\\\/37d968a2e67a6fd04c169c4bdef102d0bc5d31b2546345219e348575eb80e9a0?s=96&d=mm&r=g\",\"caption\":\"redazione\"},\"sameAs\":[\"http:\\\/\\\/www.bellunopress.it\",\"https:\\\/\\\/x.com\\\/bellunopress\"],\"url\":\"https:\\\/\\\/www.bellunopress.it\\\/fr\\\/author\\\/redazione\\\/\"}]}<\/script>\n<!-- \/ Yoast SEO plugin. -->","yoast_head_json":{"title":"Luigi Amoretti, l'uomo dei centotrenta brevetti internazionali a Trichiana per presentare l'ultima creazione - Bellunopress - Dolomiti","robots":{"index":"index","follow":"follow","max-snippet":"max-snippet:-1","max-image-preview":"max-image-preview:large","max-video-preview":"max-video-preview:-1"},"canonical":"https:\/\/www.bellunopress.it\/fr\/2009\/04\/04\/luigi-amoretti-luomo-dei-centotrenta-brevetti-internazionali-a-trichiana-per-presentare-lultima-creazione\/","og_locale":"fr_FR","og_type":"article","og_title":"Luigi Amoretti, l'uomo dei centotrenta brevetti internazionali a Trichiana per presentare l'ultima creazione - Bellunopress - Dolomiti","og_description":"Luigi Amoretti, inventore bassanese 62enne, ha presentato l&#8217;ultimo suo brevetto. \u00c8 successo sabato 4 aprile al ristorante-pizzeria Nova Busa del Tor di Trichiana, per il lancio di Big Power, la nuova aspirapolvere prodotta dall&#8217;azienda bellunese Fraem srl amministrata da Ivan Cavallet. Che grazie a questa nuova tecnologia dell&#8217;aspirazione ad acqua integrata dai raggi uva, sterilizza [&hellip;]","og_url":"https:\/\/www.bellunopress.it\/fr\/2009\/04\/04\/luigi-amoretti-luomo-dei-centotrenta-brevetti-internazionali-a-trichiana-per-presentare-lultima-creazione\/","og_site_name":"Bellunopress - Dolomiti","article_publisher":"https:\/\/www.facebook.com\/profile.php?id=100008943462799","article_published_time":"2009-04-04T21:11:26+00:00","article_modified_time":"2009-04-04T21:12:09+00:00","og_image":[{"url":"http:\/\/www.bellunopress.it\/wp-content\/uploads\/2009\/04\/luigi-amoretti-250x170.jpg","type":"","width":"","height":""}],"author":"redazione","twitter_card":"summary_large_image","twitter_creator":"@bellunopress","twitter_site":"@bellunopress","twitter_misc":{"Written by":"redazione","Est. reading time":"2 minutes"},"schema":{"@context":"https:\/\/schema.org","@graph":[{"@type":"Article","@id":"https:\/\/www.bellunopress.it\/2009\/04\/04\/luigi-amoretti-luomo-dei-centotrenta-brevetti-internazionali-a-trichiana-per-presentare-lultima-creazione\/#article","isPartOf":{"@id":"https:\/\/www.bellunopress.it\/2009\/04\/04\/luigi-amoretti-luomo-dei-centotrenta-brevetti-internazionali-a-trichiana-per-presentare-lultima-creazione\/"},"author":{"name":"redazione","@id":"https:\/\/www.bellunopress.it\/#\/schema\/person\/79bb06722b37ece1c03d3e94beb30d73"},"headline":"Luigi Amoretti, l&#8217;uomo dei centotrenta brevetti internazionali a Trichiana per presentare l&#8217;ultima creazione","datePublished":"2009-04-04T21:11:26+00:00","dateModified":"2009-04-04T21:12:09+00:00","mainEntityOfPage":{"@id":"https:\/\/www.bellunopress.it\/2009\/04\/04\/luigi-amoretti-luomo-dei-centotrenta-brevetti-internazionali-a-trichiana-per-presentare-lultima-creazione\/"},"wordCount":388,"publisher":{"@id":"https:\/\/www.bellunopress.it\/#organization"},"image":{"@id":"https:\/\/www.bellunopress.it\/2009\/04\/04\/luigi-amoretti-luomo-dei-centotrenta-brevetti-internazionali-a-trichiana-per-presentare-lultima-creazione\/#primaryimage"},"thumbnailUrl":"http:\/\/www.bellunopress.it\/wp-content\/uploads\/2009\/04\/luigi-amoretti-250x170.jpg","keywords":["Belluno"],"articleSection":["Cronaca\/Politica","Prima Pagina"],"inLanguage":"fr-FR"},{"@type":"WebPage","@id":"https:\/\/www.bellunopress.it\/2009\/04\/04\/luigi-amoretti-luomo-dei-centotrenta-brevetti-internazionali-a-trichiana-per-presentare-lultima-creazione\/","url":"https:\/\/www.bellunopress.it\/2009\/04\/04\/luigi-amoretti-luomo-dei-centotrenta-brevetti-internazionali-a-trichiana-per-presentare-lultima-creazione\/","name":"Luigi Amoretti, l'uomo dei centotrenta brevetti internazionali a Trichiana per presentare l'ultima creazione - Bellunopress - Dolomiti","isPartOf":{"@id":"https:\/\/www.bellunopress.it\/#website"},"primaryImageOfPage":{"@id":"https:\/\/www.bellunopress.it\/2009\/04\/04\/luigi-amoretti-luomo-dei-centotrenta-brevetti-internazionali-a-trichiana-per-presentare-lultima-creazione\/#primaryimage"},"image":{"@id":"https:\/\/www.bellunopress.it\/2009\/04\/04\/luigi-amoretti-luomo-dei-centotrenta-brevetti-internazionali-a-trichiana-per-presentare-lultima-creazione\/#primaryimage"},"thumbnailUrl":"http:\/\/www.bellunopress.it\/wp-content\/uploads\/2009\/04\/luigi-amoretti-250x170.jpg","datePublished":"2009-04-04T21:11:26+00:00","dateModified":"2009-04-04T21:12:09+00:00","breadcrumb":{"@id":"https:\/\/www.bellunopress.it\/2009\/04\/04\/luigi-amoretti-luomo-dei-centotrenta-brevetti-internazionali-a-trichiana-per-presentare-lultima-creazione\/#breadcrumb"},"inLanguage":"fr-FR","potentialAction":[{"@type":"ReadAction","target":["https:\/\/www.bellunopress.it\/2009\/04\/04\/luigi-amoretti-luomo-dei-centotrenta-brevetti-internazionali-a-trichiana-per-presentare-lultima-creazione\/"]}]},{"@type":"ImageObject","inLanguage":"fr-FR","@id":"https:\/\/www.bellunopress.it\/2009\/04\/04\/luigi-amoretti-luomo-dei-centotrenta-brevetti-internazionali-a-trichiana-per-presentare-lultima-creazione\/#primaryimage","url":"http:\/\/www.bellunopress.it\/wp-content\/uploads\/2009\/04\/luigi-amoretti-250x170.jpg","contentUrl":"http:\/\/www.bellunopress.it\/wp-content\/uploads\/2009\/04\/luigi-amoretti-250x170.jpg"},{"@type":"BreadcrumbList","@id":"https:\/\/www.bellunopress.it\/2009\/04\/04\/luigi-amoretti-luomo-dei-centotrenta-brevetti-internazionali-a-trichiana-per-presentare-lultima-creazione\/#breadcrumb","itemListElement":[{"@type":"ListItem","position":1,"name":"Home","item":"https:\/\/www.bellunopress.it\/"},{"@type":"ListItem","position":2,"name":"Luigi Amoretti, l&#8217;uomo dei centotrenta brevetti internazionali a Trichiana per presentare l&#8217;ultima creazione"}]},{"@type":"WebSite","@id":"https:\/\/www.bellunopress.it\/#website","url":"https:\/\/www.bellunopress.it\/","name":"Bellunopress - Dolomiti","description":"e-mail: redazione@bellunopress.it","publisher":{"@id":"https:\/\/www.bellunopress.it\/#organization"},"potentialAction":[{"@type":"SearchAction","target":{"@type":"EntryPoint","urlTemplate":"https:\/\/www.bellunopress.it\/?s={search_term_string}"},"query-input":{"@type":"PropertyValueSpecification","valueRequired":true,"valueName":"search_term_string"}}],"inLanguage":"fr-FR"},{"@type":"Organization","@id":"https:\/\/www.bellunopress.it\/#organization","name":"Bellunopress","url":"https:\/\/www.bellunopress.it\/","logo":{"@type":"ImageObject","inLanguage":"fr-FR","@id":"https:\/\/www.bellunopress.it\/#\/schema\/logo\/image\/","url":"https:\/\/www.bellunopress.it\/wp-content\/uploads\/2011\/05\/cropped-logo-bellunopress-.jpg","contentUrl":"https:\/\/www.bellunopress.it\/wp-content\/uploads\/2011\/05\/cropped-logo-bellunopress-.jpg","width":512,"height":512,"caption":"Bellunopress"},"image":{"@id":"https:\/\/www.bellunopress.it\/#\/schema\/logo\/image\/"},"sameAs":["https:\/\/www.facebook.com\/profile.php?id=100008943462799","https:\/\/x.com\/bellunopress","https:\/\/www.linkedin.com\/hp\/?dnr=JBzUWaJfMUw8vbXJJ2tVW5-I3jZKvC4wsoxE&amp;amp;amp;amp;amp;amp;trk=nav_responsive_tab_home","https:\/\/www.youtube.com\/channel\/UCxL0wu1uN0_3_7hGG0306cw"]},{"@type":"Person","@id":"https:\/\/www.bellunopress.it\/#\/schema\/person\/79bb06722b37ece1c03d3e94beb30d73","name":"r\u00e9daction","image":{"@type":"ImageObject","inLanguage":"fr-FR","@id":"https:\/\/secure.gravatar.com\/avatar\/37d968a2e67a6fd04c169c4bdef102d0bc5d31b2546345219e348575eb80e9a0?s=96&d=mm&r=g","url":"https:\/\/secure.gravatar.com\/avatar\/37d968a2e67a6fd04c169c4bdef102d0bc5d31b2546345219e348575eb80e9a0?s=96&d=mm&r=g","contentUrl":"https:\/\/secure.gravatar.com\/avatar\/37d968a2e67a6fd04c169c4bdef102d0bc5d31b2546345219e348575eb80e9a0?s=96&d=mm&r=g","caption":"redazione"},"sameAs":["http:\/\/www.bellunopress.it","https:\/\/x.com\/bellunopress"],"url":"https:\/\/www.bellunopress.it\/fr\/author\/redazione\/"}]}},"_links":{"self":[{"href":"https:\/\/www.bellunopress.it\/fr\/wp-json\/wp\/v2\/posts\/2322","targetHints":{"allow":["GET"]}}],"collection":[{"href":"https:\/\/www.bellunopress.it\/fr\/wp-json\/wp\/v2\/posts"}],"about":[{"href":"https:\/\/www.bellunopress.it\/fr\/wp-json\/wp\/v2\/types\/post"}],"author":[{"embeddable":true,"href":"https:\/\/www.bellunopress.it\/fr\/wp-json\/wp\/v2\/users\/2"}],"replies":[{"embeddable":true,"href":"https:\/\/www.bellunopress.it\/fr\/wp-json\/wp\/v2\/comments?post=2322"}],"version-history":[{"count":2,"href":"https:\/\/www.bellunopress.it\/fr\/wp-json\/wp\/v2\/posts\/2322\/revisions"}],"predecessor-version":[{"id":2326,"href":"https:\/\/www.bellunopress.it\/fr\/wp-json\/wp\/v2\/posts\/2322\/revisions\/2326"}],"wp:attachment":[{"href":"https:\/\/www.bellunopress.it\/fr\/wp-json\/wp\/v2\/media?parent=2322"}],"wp:term":[{"taxonomy":"category","embeddable":true,"href":"https:\/\/www.bellunopress.it\/fr\/wp-json\/wp\/v2\/categories?post=2322"},{"taxonomy":"post_tag","embeddable":true,"href":"https:\/\/www.bellunopress.it\/fr\/wp-json\/wp\/v2\/tags?post=2322"}],"curies":[{"name":"wp","href":"https:\/\/api.w.org\/{rel}","templated":true}]}}