{"id":23192,"date":"2011-01-21T20:48:18","date_gmt":"2011-01-21T19:48:18","guid":{"rendered":"http:\/\/www.bellunopress.it\/?p=23192"},"modified":"2011-01-21T20:48:18","modified_gmt":"2011-01-21T19:48:18","slug":"droga-un-progetto-a-sostegno-delle-famiglie-dal-ce-i-s","status":"publish","type":"post","link":"https:\/\/www.bellunopress.it\/fr\/2011\/01\/21\/droga-un-progetto-a-sostegno-delle-famiglie-dal-ce-i-s\/","title":{"rendered":"Droga: un progetto a sostegno delle famiglie dal Ce.i.s."},"content":{"rendered":"<p>Il Ce.I.S. di Belluno onlus, sta avviando il Progetto EDU.CARE, promosso dal Dipartimento Politiche Antidroga della Presidenza del Consiglio dei Ministri, in collaborazione con il Ministero dell\u2019Istruzione. Il progetto si pone in continuit\u00e0 con il progetto SFP (programma sostegno famiglie) realizzato con successo nell\u2019anno scolastico 2007\/2008 in 43 citt\u00e0 italiane. A Belluno il progetto SFP ha coinvolto 40 famiglie. Il progetto EDU.CARE si fonda su una metodologia formativa di sostegno alle famiglie, sperimentata con successo da pi\u00f9 di un decennio e gi\u00e0 impiegata nell\u2019SFP e ha come fondamento scientifico le pi\u00f9 recenti scoperte delle neuroscienze opportunamente finalizzate a prevenire ed evitare l\u2019uso di sostanze illecite. Il Progetto ha l\u2019obiettivo di rafforzare le competenze educative dei genitori di ragazze e ragazzi di et\u00e0 dagli 8 ai 12 anni e di formare i giovani coinvolti per favorire il processo di crescita e la fiducia in s\u00e9 stessi, \u00e8 rivolto a ragazzi e ragazze della scuola primaria (classi 4\u00b0 e 5\u00b0) e della scuola secondaria di primo grado (classe 1\u00b0) e alle loro famiglie. Si tratta di un percorso formativo che prevede 10 incontri, il marted\u00ec, dalle 18.00 alle 21.00, l\u2019ultima ora \u00e8 dedicata alla cena insieme. E\u2019 previsto un servizio di baby sitting. Tutto in assoluta gratuit\u00e0. Il percorso formativo dal 08\/02\/2011 al 19\/04\/2011 dalle 18.00 alle 21.00 presso il Ce.I.S. di Belluno via Rugo 21 Belluno. E\u2019 previsto un incontro di presentazione del progetto (aperto a genitori e insegnanti e a persone interessate) che si terr\u00e0 marted\u00ec 25\/01\/2011 dalle ore 18.00 alle ore 19.00 presso Ce.I.S. di Belluno, via Rugo 21 Belluno. Il termine per l\u2019iscrizione al percorso formativo \u00e8 fissato per il 2 febbraio 2011. Saranno presenti gli operatori del progetto e la la dott.ssa Silvia Cason dell\u2019Ufficio Scolastico Territoriale di Belluno. Per informazioni rivolgersi al Ce.I.S. di Belluno onlus allo 0437.950895, info@ceisbelluno.org. <\/p>","protected":false},"excerpt":{"rendered":"<p>Il Ce.I.S. di Belluno onlus, sta avviando il Progetto EDU.CARE, promosso dal Dipartimento Politiche Antidroga della Presidenza del Consiglio dei Ministri, in collaborazione con il Ministero dell\u2019Istruzione. Il progetto si pone in continuit\u00e0 con il progetto SFP (programma sostegno famiglie) realizzato con successo nell\u2019anno scolastico 2007\/2008 in 43 citt\u00e0 italiane. A Belluno il progetto SFP [&hellip;]<\/p>\n","protected":false},"author":2,"featured_media":0,"comment_status":"closed","ping_status":"open","sticky":false,"template":"","format":"standard","meta":{"footnotes":""},"categories":[25,8],"tags":[],"class_list":["post-23192","post","type-post","status-publish","format-standard","category-pausa-caffe","category-societa-istituzioni"],"yoast_head":"<!-- This site is optimized with the Yoast SEO plugin v28.4 - https:\/\/yoast.com\/product\/yoast-seo-wordpress\/ -->\n<title>Droga: un progetto a sostegno delle famiglie dal Ce.i.s. - Bellunopress - Dolomiti<\/title>\n<meta name=\"robots\" content=\"index, follow, max-snippet:-1, max-image-preview:large, max-video-preview:-1\" \/>\n<link rel=\"canonical\" href=\"https:\/\/www.bellunopress.it\/fr\/2011\/01\/21\/droga-un-progetto-a-sostegno-delle-famiglie-dal-ce-i-s\/\" \/>\n<meta property=\"og:locale\" content=\"fr_FR\" \/>\n<meta property=\"og:type\" content=\"article\" \/>\n<meta property=\"og:title\" content=\"Droga: un progetto a sostegno delle famiglie dal Ce.i.s. - Bellunopress - Dolomiti\" \/>\n<meta property=\"og:description\" content=\"Il Ce.I.S. di Belluno onlus, sta avviando il Progetto EDU.CARE, promosso dal Dipartimento Politiche Antidroga della Presidenza del Consiglio dei Ministri, in collaborazione con il Ministero dell\u2019Istruzione. Il progetto si pone in continuit\u00e0 con il progetto SFP (programma sostegno famiglie) realizzato con successo nell\u2019anno scolastico 2007\/2008 in 43 citt\u00e0 italiane. A Belluno il progetto SFP [&hellip;]\" \/>\n<meta property=\"og:url\" content=\"https:\/\/www.bellunopress.it\/fr\/2011\/01\/21\/droga-un-progetto-a-sostegno-delle-famiglie-dal-ce-i-s\/\" \/>\n<meta property=\"og:site_name\" content=\"Bellunopress - Dolomiti\" \/>\n<meta property=\"article:publisher\" content=\"https:\/\/www.facebook.com\/profile.php?id=100008943462799\" \/>\n<meta property=\"article:published_time\" content=\"2011-01-21T19:48:18+00:00\" \/>\n<meta property=\"og:image\" content=\"http:\/\/www.bellunopress.it\/wp-content\/uploads\/2012\/07\/logo-bellunopress-250x250-2012.jpg\" \/>\n<meta name=\"author\" content=\"redazione\" \/>\n<meta name=\"twitter:card\" content=\"summary_large_image\" \/>\n<meta name=\"twitter:creator\" content=\"@bellunopress\" \/>\n<meta name=\"twitter:site\" content=\"@bellunopress\" \/>\n<meta name=\"twitter:label1\" content=\"\u00c9crit par\" \/>\n\t<meta name=\"twitter:data1\" content=\"redazione\" \/>\n\t<meta name=\"twitter:label2\" content=\"Dur\u00e9e de lecture estim\u00e9e\" \/>\n\t<meta name=\"twitter:data2\" content=\"1 minute\" \/>\n<script type=\"application\/ld+json\" class=\"yoast-schema-graph\">{\"@context\":\"https:\\\/\\\/schema.org\",\"@graph\":[{\"@type\":\"Article\",\"@id\":\"https:\\\/\\\/www.bellunopress.it\\\/2011\\\/01\\\/21\\\/droga-un-progetto-a-sostegno-delle-famiglie-dal-ce-i-s\\\/#article\",\"isPartOf\":{\"@id\":\"https:\\\/\\\/www.bellunopress.it\\\/2011\\\/01\\\/21\\\/droga-un-progetto-a-sostegno-delle-famiglie-dal-ce-i-s\\\/\"},\"author\":{\"name\":\"redazione\",\"@id\":\"https:\\\/\\\/www.bellunopress.it\\\/#\\\/schema\\\/person\\\/79bb06722b37ece1c03d3e94beb30d73\"},\"headline\":\"Droga: un progetto a sostegno delle famiglie dal Ce.i.s.\",\"datePublished\":\"2011-01-21T19:48:18+00:00\",\"mainEntityOfPage\":{\"@id\":\"https:\\\/\\\/www.bellunopress.it\\\/2011\\\/01\\\/21\\\/droga-un-progetto-a-sostegno-delle-famiglie-dal-ce-i-s\\\/\"},\"wordCount\":309,\"publisher\":{\"@id\":\"https:\\\/\\\/www.bellunopress.it\\\/#organization\"},\"articleSection\":[\"Pausa Caff\u00e8\",\"Societ\u00e0, Associazioni, Istituzioni\"],\"inLanguage\":\"fr-FR\"},{\"@type\":\"WebPage\",\"@id\":\"https:\\\/\\\/www.bellunopress.it\\\/2011\\\/01\\\/21\\\/droga-un-progetto-a-sostegno-delle-famiglie-dal-ce-i-s\\\/\",\"url\":\"https:\\\/\\\/www.bellunopress.it\\\/2011\\\/01\\\/21\\\/droga-un-progetto-a-sostegno-delle-famiglie-dal-ce-i-s\\\/\",\"name\":\"Droga: un progetto a sostegno delle famiglie dal Ce.i.s. - Bellunopress - Dolomiti\",\"isPartOf\":{\"@id\":\"https:\\\/\\\/www.bellunopress.it\\\/#website\"},\"datePublished\":\"2011-01-21T19:48:18+00:00\",\"breadcrumb\":{\"@id\":\"https:\\\/\\\/www.bellunopress.it\\\/2011\\\/01\\\/21\\\/droga-un-progetto-a-sostegno-delle-famiglie-dal-ce-i-s\\\/#breadcrumb\"},\"inLanguage\":\"fr-FR\",\"potentialAction\":[{\"@type\":\"ReadAction\",\"target\":[\"https:\\\/\\\/www.bellunopress.it\\\/2011\\\/01\\\/21\\\/droga-un-progetto-a-sostegno-delle-famiglie-dal-ce-i-s\\\/\"]}]},{\"@type\":\"BreadcrumbList\",\"@id\":\"https:\\\/\\\/www.bellunopress.it\\\/2011\\\/01\\\/21\\\/droga-un-progetto-a-sostegno-delle-famiglie-dal-ce-i-s\\\/#breadcrumb\",\"itemListElement\":[{\"@type\":\"ListItem\",\"position\":1,\"name\":\"Home\",\"item\":\"https:\\\/\\\/www.bellunopress.it\\\/\"},{\"@type\":\"ListItem\",\"position\":2,\"name\":\"Droga: un progetto a sostegno delle famiglie dal Ce.i.s.\"}]},{\"@type\":\"WebSite\",\"@id\":\"https:\\\/\\\/www.bellunopress.it\\\/#website\",\"url\":\"https:\\\/\\\/www.bellunopress.it\\\/\",\"name\":\"Bellunopress - Dolomiti\",\"description\":\"e-mail: redazione@bellunopress.it\",\"publisher\":{\"@id\":\"https:\\\/\\\/www.bellunopress.it\\\/#organization\"},\"potentialAction\":[{\"@type\":\"SearchAction\",\"target\":{\"@type\":\"EntryPoint\",\"urlTemplate\":\"https:\\\/\\\/www.bellunopress.it\\\/?s={search_term_string}\"},\"query-input\":{\"@type\":\"PropertyValueSpecification\",\"valueRequired\":true,\"valueName\":\"search_term_string\"}}],\"inLanguage\":\"fr-FR\"},{\"@type\":\"Organization\",\"@id\":\"https:\\\/\\\/www.bellunopress.it\\\/#organization\",\"name\":\"Bellunopress\",\"url\":\"https:\\\/\\\/www.bellunopress.it\\\/\",\"logo\":{\"@type\":\"ImageObject\",\"inLanguage\":\"fr-FR\",\"@id\":\"https:\\\/\\\/www.bellunopress.it\\\/#\\\/schema\\\/logo\\\/image\\\/\",\"url\":\"https:\\\/\\\/www.bellunopress.it\\\/wp-content\\\/uploads\\\/2011\\\/05\\\/cropped-logo-bellunopress-.jpg\",\"contentUrl\":\"https:\\\/\\\/www.bellunopress.it\\\/wp-content\\\/uploads\\\/2011\\\/05\\\/cropped-logo-bellunopress-.jpg\",\"width\":512,\"height\":512,\"caption\":\"Bellunopress\"},\"image\":{\"@id\":\"https:\\\/\\\/www.bellunopress.it\\\/#\\\/schema\\\/logo\\\/image\\\/\"},\"sameAs\":[\"https:\\\/\\\/www.facebook.com\\\/profile.php?id=100008943462799\",\"https:\\\/\\\/x.com\\\/bellunopress\",\"https:\\\/\\\/www.linkedin.com\\\/hp\\\/?dnr=JBzUWaJfMUw8vbXJJ2tVW5-I3jZKvC4wsoxE&amp;amp;amp;amp;amp;amp;trk=nav_responsive_tab_home\",\"https:\\\/\\\/www.youtube.com\\\/channel\\\/UCxL0wu1uN0_3_7hGG0306cw\"]},{\"@type\":\"Person\",\"@id\":\"https:\\\/\\\/www.bellunopress.it\\\/#\\\/schema\\\/person\\\/79bb06722b37ece1c03d3e94beb30d73\",\"name\":\"redazione\",\"image\":{\"@type\":\"ImageObject\",\"inLanguage\":\"fr-FR\",\"@id\":\"https:\\\/\\\/secure.gravatar.com\\\/avatar\\\/37d968a2e67a6fd04c169c4bdef102d0bc5d31b2546345219e348575eb80e9a0?s=96&d=mm&r=g\",\"url\":\"https:\\\/\\\/secure.gravatar.com\\\/avatar\\\/37d968a2e67a6fd04c169c4bdef102d0bc5d31b2546345219e348575eb80e9a0?s=96&d=mm&r=g\",\"contentUrl\":\"https:\\\/\\\/secure.gravatar.com\\\/avatar\\\/37d968a2e67a6fd04c169c4bdef102d0bc5d31b2546345219e348575eb80e9a0?s=96&d=mm&r=g\",\"caption\":\"redazione\"},\"sameAs\":[\"http:\\\/\\\/www.bellunopress.it\",\"https:\\\/\\\/x.com\\\/bellunopress\"],\"url\":\"https:\\\/\\\/www.bellunopress.it\\\/fr\\\/author\\\/redazione\\\/\"}]}<\/script>\n<!-- \/ Yoast SEO plugin. -->","yoast_head_json":{"title":"Droga: un progetto a sostegno delle famiglie dal Ce.i.s. - Bellunopress - Dolomiti","robots":{"index":"index","follow":"follow","max-snippet":"max-snippet:-1","max-image-preview":"max-image-preview:large","max-video-preview":"max-video-preview:-1"},"canonical":"https:\/\/www.bellunopress.it\/fr\/2011\/01\/21\/droga-un-progetto-a-sostegno-delle-famiglie-dal-ce-i-s\/","og_locale":"fr_FR","og_type":"article","og_title":"Droga: un progetto a sostegno delle famiglie dal Ce.i.s. - Bellunopress - Dolomiti","og_description":"Il Ce.I.S. di Belluno onlus, sta avviando il Progetto EDU.CARE, promosso dal Dipartimento Politiche Antidroga della Presidenza del Consiglio dei Ministri, in collaborazione con il Ministero dell\u2019Istruzione. Il progetto si pone in continuit\u00e0 con il progetto SFP (programma sostegno famiglie) realizzato con successo nell\u2019anno scolastico 2007\/2008 in 43 citt\u00e0 italiane. A Belluno il progetto SFP [&hellip;]","og_url":"https:\/\/www.bellunopress.it\/fr\/2011\/01\/21\/droga-un-progetto-a-sostegno-delle-famiglie-dal-ce-i-s\/","og_site_name":"Bellunopress - Dolomiti","article_publisher":"https:\/\/www.facebook.com\/profile.php?id=100008943462799","article_published_time":"2011-01-21T19:48:18+00:00","og_image":[{"url":"http:\/\/www.bellunopress.it\/wp-content\/uploads\/2012\/07\/logo-bellunopress-250x250-2012.jpg","type":"","width":"","height":""}],"author":"redazione","twitter_card":"summary_large_image","twitter_creator":"@bellunopress","twitter_site":"@bellunopress","twitter_misc":{"\u00c9crit par":"redazione","Dur\u00e9e de lecture estim\u00e9e":"1 minute"},"schema":{"@context":"https:\/\/schema.org","@graph":[{"@type":"Article","@id":"https:\/\/www.bellunopress.it\/2011\/01\/21\/droga-un-progetto-a-sostegno-delle-famiglie-dal-ce-i-s\/#article","isPartOf":{"@id":"https:\/\/www.bellunopress.it\/2011\/01\/21\/droga-un-progetto-a-sostegno-delle-famiglie-dal-ce-i-s\/"},"author":{"name":"redazione","@id":"https:\/\/www.bellunopress.it\/#\/schema\/person\/79bb06722b37ece1c03d3e94beb30d73"},"headline":"Droga: un progetto a sostegno delle famiglie dal Ce.i.s.","datePublished":"2011-01-21T19:48:18+00:00","mainEntityOfPage":{"@id":"https:\/\/www.bellunopress.it\/2011\/01\/21\/droga-un-progetto-a-sostegno-delle-famiglie-dal-ce-i-s\/"},"wordCount":309,"publisher":{"@id":"https:\/\/www.bellunopress.it\/#organization"},"articleSection":["Pausa Caff\u00e8","Societ\u00e0, Associazioni, Istituzioni"],"inLanguage":"fr-FR"},{"@type":"WebPage","@id":"https:\/\/www.bellunopress.it\/2011\/01\/21\/droga-un-progetto-a-sostegno-delle-famiglie-dal-ce-i-s\/","url":"https:\/\/www.bellunopress.it\/2011\/01\/21\/droga-un-progetto-a-sostegno-delle-famiglie-dal-ce-i-s\/","name":"Droga: un progetto a sostegno delle famiglie dal Ce.i.s. - Bellunopress - Dolomiti","isPartOf":{"@id":"https:\/\/www.bellunopress.it\/#website"},"datePublished":"2011-01-21T19:48:18+00:00","breadcrumb":{"@id":"https:\/\/www.bellunopress.it\/2011\/01\/21\/droga-un-progetto-a-sostegno-delle-famiglie-dal-ce-i-s\/#breadcrumb"},"inLanguage":"fr-FR","potentialAction":[{"@type":"ReadAction","target":["https:\/\/www.bellunopress.it\/2011\/01\/21\/droga-un-progetto-a-sostegno-delle-famiglie-dal-ce-i-s\/"]}]},{"@type":"BreadcrumbList","@id":"https:\/\/www.bellunopress.it\/2011\/01\/21\/droga-un-progetto-a-sostegno-delle-famiglie-dal-ce-i-s\/#breadcrumb","itemListElement":[{"@type":"ListItem","position":1,"name":"Home","item":"https:\/\/www.bellunopress.it\/"},{"@type":"ListItem","position":2,"name":"Droga: un progetto a sostegno delle famiglie dal Ce.i.s."}]},{"@type":"WebSite","@id":"https:\/\/www.bellunopress.it\/#website","url":"https:\/\/www.bellunopress.it\/","name":"Bellunopress - Dolomiti","description":"e-mail: redazione@bellunopress.it","publisher":{"@id":"https:\/\/www.bellunopress.it\/#organization"},"potentialAction":[{"@type":"SearchAction","target":{"@type":"EntryPoint","urlTemplate":"https:\/\/www.bellunopress.it\/?s={search_term_string}"},"query-input":{"@type":"PropertyValueSpecification","valueRequired":true,"valueName":"search_term_string"}}],"inLanguage":"fr-FR"},{"@type":"Organization","@id":"https:\/\/www.bellunopress.it\/#organization","name":"Bellunopress","url":"https:\/\/www.bellunopress.it\/","logo":{"@type":"ImageObject","inLanguage":"fr-FR","@id":"https:\/\/www.bellunopress.it\/#\/schema\/logo\/image\/","url":"https:\/\/www.bellunopress.it\/wp-content\/uploads\/2011\/05\/cropped-logo-bellunopress-.jpg","contentUrl":"https:\/\/www.bellunopress.it\/wp-content\/uploads\/2011\/05\/cropped-logo-bellunopress-.jpg","width":512,"height":512,"caption":"Bellunopress"},"image":{"@id":"https:\/\/www.bellunopress.it\/#\/schema\/logo\/image\/"},"sameAs":["https:\/\/www.facebook.com\/profile.php?id=100008943462799","https:\/\/x.com\/bellunopress","https:\/\/www.linkedin.com\/hp\/?dnr=JBzUWaJfMUw8vbXJJ2tVW5-I3jZKvC4wsoxE&amp;amp;amp;amp;amp;amp;trk=nav_responsive_tab_home","https:\/\/www.youtube.com\/channel\/UCxL0wu1uN0_3_7hGG0306cw"]},{"@type":"Person","@id":"https:\/\/www.bellunopress.it\/#\/schema\/person\/79bb06722b37ece1c03d3e94beb30d73","name":"r\u00e9daction","image":{"@type":"ImageObject","inLanguage":"fr-FR","@id":"https:\/\/secure.gravatar.com\/avatar\/37d968a2e67a6fd04c169c4bdef102d0bc5d31b2546345219e348575eb80e9a0?s=96&d=mm&r=g","url":"https:\/\/secure.gravatar.com\/avatar\/37d968a2e67a6fd04c169c4bdef102d0bc5d31b2546345219e348575eb80e9a0?s=96&d=mm&r=g","contentUrl":"https:\/\/secure.gravatar.com\/avatar\/37d968a2e67a6fd04c169c4bdef102d0bc5d31b2546345219e348575eb80e9a0?s=96&d=mm&r=g","caption":"redazione"},"sameAs":["http:\/\/www.bellunopress.it","https:\/\/x.com\/bellunopress"],"url":"https:\/\/www.bellunopress.it\/fr\/author\/redazione\/"}]}},"_links":{"self":[{"href":"https:\/\/www.bellunopress.it\/fr\/wp-json\/wp\/v2\/posts\/23192","targetHints":{"allow":["GET"]}}],"collection":[{"href":"https:\/\/www.bellunopress.it\/fr\/wp-json\/wp\/v2\/posts"}],"about":[{"href":"https:\/\/www.bellunopress.it\/fr\/wp-json\/wp\/v2\/types\/post"}],"author":[{"embeddable":true,"href":"https:\/\/www.bellunopress.it\/fr\/wp-json\/wp\/v2\/users\/2"}],"replies":[{"embeddable":true,"href":"https:\/\/www.bellunopress.it\/fr\/wp-json\/wp\/v2\/comments?post=23192"}],"version-history":[{"count":1,"href":"https:\/\/www.bellunopress.it\/fr\/wp-json\/wp\/v2\/posts\/23192\/revisions"}],"predecessor-version":[{"id":23193,"href":"https:\/\/www.bellunopress.it\/fr\/wp-json\/wp\/v2\/posts\/23192\/revisions\/23193"}],"wp:attachment":[{"href":"https:\/\/www.bellunopress.it\/fr\/wp-json\/wp\/v2\/media?parent=23192"}],"wp:term":[{"taxonomy":"category","embeddable":true,"href":"https:\/\/www.bellunopress.it\/fr\/wp-json\/wp\/v2\/categories?post=23192"},{"taxonomy":"post_tag","embeddable":true,"href":"https:\/\/www.bellunopress.it\/fr\/wp-json\/wp\/v2\/tags?post=23192"}],"curies":[{"name":"wp","href":"https:\/\/api.w.org\/{rel}","templated":true}]}}