{"id":2319,"date":"2009-04-04T21:03:21","date_gmt":"2009-04-04T20:03:21","guid":{"rendered":"http:\/\/www.bellunopress.it\/?p=2319"},"modified":"2009-04-06T20:58:08","modified_gmt":"2009-04-06T19:58:08","slug":"il-centrodestra-pensa-a-candidare-bottacin-lega-nord-alle-prossime-elezioni-provinciali","status":"publish","type":"post","link":"https:\/\/www.bellunopress.it\/fr\/2009\/04\/04\/il-centrodestra-pensa-a-candidare-bottacin-lega-nord-alle-prossime-elezioni-provinciali\/","title":{"rendered":"Il Centrodestra pensa a candidare Bottacin (Lega Nord) alle prossime elezioni provinciali"},"content":{"rendered":"<p><a href=\"http:\/\/www.bellunopress.it\/wp-content\/uploads\/2009\/03\/palazzo-piloni-sede-provincia.jpg\"><img loading=\"lazy\" decoding=\"async\" class=\"alignleft size-medium wp-image-1866\" title=\"palazzo-piloni-sede-provincia\" src=\"http:\/\/www.bellunopress.it\/wp-content\/uploads\/2009\/03\/palazzo-piloni-sede-provincia.jpg\" alt=\"\" width=\"270\" height=\"180\" \/><\/a>\u00a0Elezioni provinciali: Centrodestra se ci sei batti un colpo. A fare il botto dovrebbe essere la Lega, che sembra stia per decidersi a candidare il consigliere regionale Gianpaolo Bottacin, dopo aver scartato l\u2019opzione Gidoni e dintorni per contrastare la rielezione di Sergio Reolon alla guida di Palazzo Piloni. Ma qualche alternativa a Bottacin potrebbe venire dai suoi alleati del Pdl, unificatosi ufficialmente sotto l\u2019egida di Berlusconi, che con Galan cerca di ricompattare le sue file per sottrarre la Provincia di Belluno al Centrosinistra e regnare indisturbato su tutto il Veneto, montagna bellunese compresa. Oscar De Bona (Lid), sembra essere l\u2019unico in grado di opporsi a Reolon con qualche probabilit\u00e0 di successo, ma il carattere \u201cindipendente\u201d dell\u2019assessore regionale, gi\u00e0 ex-inquilino di Palazzo Piloni, pare porre qualche problema in merito al guadagno contrattuale politico che un\u2019 eventuale elezione gli consentirebbe. Se cade \u00e8 caduto lui, se vince&#8230; . De Bona sta quindi alla finestra e aspetta, dichiaratamente tranquillo, che tra Lega e Pdl si decidano a decidere su chi puntare. Ma le alternative sono poche e la paura di uscirne malconci, dopo tutte le prese di posizione contro l\u2019amministrazione Reolon, paralizza gli ardori. Finora Reolon ha sollevato e condotto, con un efficace strategia di comunicazione, temi forti come l\u2019autonomia e la specificit\u00e0 della montagna, la battaglia per l\u2019acqua, la realizzazione di infrastrutture, cavalli di battaglia che la Lega al Governo pare avere azzoppato in virt\u00f9 del futuro Federalismo e della fiducia nella bont\u00e0 e nella lungimiranza del governatore del Veneto Giancarlo Galan, che pure se preferisce i casoni in laguna a una baita sulle Dolomiti, \u00e8 pur sempre il presidente di tutti i veneti, dice. Le Dolomiti nell\u2019Unesco poi sono l\u2019emblema della simpatia che corre tra i due presidenti, con Galan che afferma di non essere stato interpellato, e Reolon che gli rinfresca la memoria. C\u2019ha qualcosa da guadagnare la montagna bellunese da tutto questo? Meglio consegnarsi direttamente alla Regione da buoni sudditi, sperando nella sua clemenza, o resistere tutti insieme dietro ai sacchi di sabbia di Fort Piloni? Inutile dire che l\u2019alternativa c\u2019\u00e8, o ci sarebbe, due paroline da nulla: Progetti Condivisi. Niente di pi\u00f9 inattuabile al momento, specialmente con le elezioni alle porte. Ma per il momento non \u00e8 ancora vietato sognare, e alle volte, come dicono le canzonette pop e Barak Obama: \u201cthe dream come true\u201d.<\/p>","protected":false},"excerpt":{"rendered":"<p>\u00a0Elezioni provinciali: Centrodestra se ci sei batti un colpo. A fare il botto dovrebbe essere la Lega, che sembra stia per decidersi a candidare il consigliere regionale Gianpaolo Bottacin, dopo aver scartato l\u2019opzione Gidoni e dintorni per contrastare la rielezione di Sergio Reolon alla guida di Palazzo Piloni. Ma qualche alternativa a Bottacin potrebbe venire [&hellip;]<\/p>\n","protected":false},"author":2,"featured_media":0,"comment_status":"closed","ping_status":"open","sticky":false,"template":"","format":"standard","meta":{"footnotes":""},"categories":[5,26],"tags":[139,63],"class_list":["post-2319","post","type-post","status-publish","format-standard","category-cronaca","category-prima-pagina","tag-belluno","tag-dolomiti"],"yoast_head":"<!-- This site is optimized with the Yoast SEO plugin v28.4 - https:\/\/yoast.com\/product\/yoast-seo-wordpress\/ -->\n<title>Il Centrodestra pensa a candidare Bottacin (Lega Nord) alle prossime elezioni provinciali - Bellunopress - Dolomiti<\/title>\n<meta name=\"robots\" content=\"index, follow, max-snippet:-1, max-image-preview:large, max-video-preview:-1\" \/>\n<link rel=\"canonical\" href=\"https:\/\/www.bellunopress.it\/fr\/2009\/04\/04\/il-centrodestra-pensa-a-candidare-bottacin-lega-nord-alle-prossime-elezioni-provinciali\/\" \/>\n<meta property=\"og:locale\" content=\"fr_FR\" \/>\n<meta property=\"og:type\" content=\"article\" \/>\n<meta property=\"og:title\" content=\"Il Centrodestra pensa a candidare Bottacin (Lega Nord) alle prossime elezioni provinciali - Bellunopress - Dolomiti\" \/>\n<meta property=\"og:description\" content=\"\u00a0Elezioni provinciali: Centrodestra se ci sei batti un colpo. A fare il botto dovrebbe essere la Lega, che sembra stia per decidersi a candidare il consigliere regionale Gianpaolo Bottacin, dopo aver scartato l\u2019opzione Gidoni e dintorni per contrastare la rielezione di Sergio Reolon alla guida di Palazzo Piloni. Ma qualche alternativa a Bottacin potrebbe venire [&hellip;]\" \/>\n<meta property=\"og:url\" content=\"https:\/\/www.bellunopress.it\/fr\/2009\/04\/04\/il-centrodestra-pensa-a-candidare-bottacin-lega-nord-alle-prossime-elezioni-provinciali\/\" \/>\n<meta property=\"og:site_name\" content=\"Bellunopress - Dolomiti\" \/>\n<meta property=\"article:publisher\" content=\"https:\/\/www.facebook.com\/profile.php?id=100008943462799\" \/>\n<meta property=\"article:published_time\" content=\"2009-04-04T20:03:21+00:00\" \/>\n<meta property=\"article:modified_time\" content=\"2009-04-06T19:58:08+00:00\" \/>\n<meta property=\"og:image\" content=\"http:\/\/www.bellunopress.it\/wp-content\/uploads\/2009\/03\/palazzo-piloni-sede-provincia.jpg\" \/>\n<meta name=\"author\" content=\"redazione\" \/>\n<meta name=\"twitter:card\" content=\"summary_large_image\" \/>\n<meta name=\"twitter:creator\" content=\"@bellunopress\" \/>\n<meta name=\"twitter:site\" content=\"@bellunopress\" \/>\n<meta name=\"twitter:label1\" content=\"\u00c9crit par\" \/>\n\t<meta name=\"twitter:data1\" content=\"redazione\" \/>\n\t<meta name=\"twitter:label2\" content=\"Dur\u00e9e de lecture estim\u00e9e\" \/>\n\t<meta name=\"twitter:data2\" content=\"2 minutes\" \/>\n<script type=\"application\/ld+json\" class=\"yoast-schema-graph\">{\"@context\":\"https:\\\/\\\/schema.org\",\"@graph\":[{\"@type\":\"Article\",\"@id\":\"https:\\\/\\\/www.bellunopress.it\\\/2009\\\/04\\\/04\\\/il-centrodestra-pensa-a-candidare-bottacin-lega-nord-alle-prossime-elezioni-provinciali\\\/#article\",\"isPartOf\":{\"@id\":\"https:\\\/\\\/www.bellunopress.it\\\/2009\\\/04\\\/04\\\/il-centrodestra-pensa-a-candidare-bottacin-lega-nord-alle-prossime-elezioni-provinciali\\\/\"},\"author\":{\"name\":\"redazione\",\"@id\":\"https:\\\/\\\/www.bellunopress.it\\\/#\\\/schema\\\/person\\\/79bb06722b37ece1c03d3e94beb30d73\"},\"headline\":\"Il Centrodestra pensa a candidare Bottacin (Lega Nord) alle prossime elezioni provinciali\",\"datePublished\":\"2009-04-04T20:03:21+00:00\",\"dateModified\":\"2009-04-06T19:58:08+00:00\",\"mainEntityOfPage\":{\"@id\":\"https:\\\/\\\/www.bellunopress.it\\\/2009\\\/04\\\/04\\\/il-centrodestra-pensa-a-candidare-bottacin-lega-nord-alle-prossime-elezioni-provinciali\\\/\"},\"wordCount\":406,\"publisher\":{\"@id\":\"https:\\\/\\\/www.bellunopress.it\\\/#organization\"},\"image\":{\"@id\":\"https:\\\/\\\/www.bellunopress.it\\\/2009\\\/04\\\/04\\\/il-centrodestra-pensa-a-candidare-bottacin-lega-nord-alle-prossime-elezioni-provinciali\\\/#primaryimage\"},\"thumbnailUrl\":\"http:\\\/\\\/www.bellunopress.it\\\/wp-content\\\/uploads\\\/2009\\\/03\\\/palazzo-piloni-sede-provincia.jpg\",\"keywords\":[\"Belluno\",\"Dolomiti\"],\"articleSection\":[\"Cronaca\\\/Politica\",\"Prima Pagina\"],\"inLanguage\":\"fr-FR\"},{\"@type\":\"WebPage\",\"@id\":\"https:\\\/\\\/www.bellunopress.it\\\/2009\\\/04\\\/04\\\/il-centrodestra-pensa-a-candidare-bottacin-lega-nord-alle-prossime-elezioni-provinciali\\\/\",\"url\":\"https:\\\/\\\/www.bellunopress.it\\\/2009\\\/04\\\/04\\\/il-centrodestra-pensa-a-candidare-bottacin-lega-nord-alle-prossime-elezioni-provinciali\\\/\",\"name\":\"Il Centrodestra pensa a candidare Bottacin (Lega Nord) alle prossime elezioni provinciali - Bellunopress - Dolomiti\",\"isPartOf\":{\"@id\":\"https:\\\/\\\/www.bellunopress.it\\\/#website\"},\"primaryImageOfPage\":{\"@id\":\"https:\\\/\\\/www.bellunopress.it\\\/2009\\\/04\\\/04\\\/il-centrodestra-pensa-a-candidare-bottacin-lega-nord-alle-prossime-elezioni-provinciali\\\/#primaryimage\"},\"image\":{\"@id\":\"https:\\\/\\\/www.bellunopress.it\\\/2009\\\/04\\\/04\\\/il-centrodestra-pensa-a-candidare-bottacin-lega-nord-alle-prossime-elezioni-provinciali\\\/#primaryimage\"},\"thumbnailUrl\":\"http:\\\/\\\/www.bellunopress.it\\\/wp-content\\\/uploads\\\/2009\\\/03\\\/palazzo-piloni-sede-provincia.jpg\",\"datePublished\":\"2009-04-04T20:03:21+00:00\",\"dateModified\":\"2009-04-06T19:58:08+00:00\",\"breadcrumb\":{\"@id\":\"https:\\\/\\\/www.bellunopress.it\\\/2009\\\/04\\\/04\\\/il-centrodestra-pensa-a-candidare-bottacin-lega-nord-alle-prossime-elezioni-provinciali\\\/#breadcrumb\"},\"inLanguage\":\"fr-FR\",\"potentialAction\":[{\"@type\":\"ReadAction\",\"target\":[\"https:\\\/\\\/www.bellunopress.it\\\/2009\\\/04\\\/04\\\/il-centrodestra-pensa-a-candidare-bottacin-lega-nord-alle-prossime-elezioni-provinciali\\\/\"]}]},{\"@type\":\"ImageObject\",\"inLanguage\":\"fr-FR\",\"@id\":\"https:\\\/\\\/www.bellunopress.it\\\/2009\\\/04\\\/04\\\/il-centrodestra-pensa-a-candidare-bottacin-lega-nord-alle-prossime-elezioni-provinciali\\\/#primaryimage\",\"url\":\"http:\\\/\\\/www.bellunopress.it\\\/wp-content\\\/uploads\\\/2009\\\/03\\\/palazzo-piloni-sede-provincia.jpg\",\"contentUrl\":\"http:\\\/\\\/www.bellunopress.it\\\/wp-content\\\/uploads\\\/2009\\\/03\\\/palazzo-piloni-sede-provincia.jpg\"},{\"@type\":\"BreadcrumbList\",\"@id\":\"https:\\\/\\\/www.bellunopress.it\\\/2009\\\/04\\\/04\\\/il-centrodestra-pensa-a-candidare-bottacin-lega-nord-alle-prossime-elezioni-provinciali\\\/#breadcrumb\",\"itemListElement\":[{\"@type\":\"ListItem\",\"position\":1,\"name\":\"Home\",\"item\":\"https:\\\/\\\/www.bellunopress.it\\\/\"},{\"@type\":\"ListItem\",\"position\":2,\"name\":\"Il Centrodestra pensa a candidare Bottacin (Lega Nord) alle prossime elezioni provinciali\"}]},{\"@type\":\"WebSite\",\"@id\":\"https:\\\/\\\/www.bellunopress.it\\\/#website\",\"url\":\"https:\\\/\\\/www.bellunopress.it\\\/\",\"name\":\"Bellunopress - Dolomiti\",\"description\":\"e-mail: redazione@bellunopress.it\",\"publisher\":{\"@id\":\"https:\\\/\\\/www.bellunopress.it\\\/#organization\"},\"potentialAction\":[{\"@type\":\"SearchAction\",\"target\":{\"@type\":\"EntryPoint\",\"urlTemplate\":\"https:\\\/\\\/www.bellunopress.it\\\/?s={search_term_string}\"},\"query-input\":{\"@type\":\"PropertyValueSpecification\",\"valueRequired\":true,\"valueName\":\"search_term_string\"}}],\"inLanguage\":\"fr-FR\"},{\"@type\":\"Organization\",\"@id\":\"https:\\\/\\\/www.bellunopress.it\\\/#organization\",\"name\":\"Bellunopress\",\"url\":\"https:\\\/\\\/www.bellunopress.it\\\/\",\"logo\":{\"@type\":\"ImageObject\",\"inLanguage\":\"fr-FR\",\"@id\":\"https:\\\/\\\/www.bellunopress.it\\\/#\\\/schema\\\/logo\\\/image\\\/\",\"url\":\"https:\\\/\\\/www.bellunopress.it\\\/wp-content\\\/uploads\\\/2011\\\/05\\\/cropped-logo-bellunopress-.jpg\",\"contentUrl\":\"https:\\\/\\\/www.bellunopress.it\\\/wp-content\\\/uploads\\\/2011\\\/05\\\/cropped-logo-bellunopress-.jpg\",\"width\":512,\"height\":512,\"caption\":\"Bellunopress\"},\"image\":{\"@id\":\"https:\\\/\\\/www.bellunopress.it\\\/#\\\/schema\\\/logo\\\/image\\\/\"},\"sameAs\":[\"https:\\\/\\\/www.facebook.com\\\/profile.php?id=100008943462799\",\"https:\\\/\\\/x.com\\\/bellunopress\",\"https:\\\/\\\/www.linkedin.com\\\/hp\\\/?dnr=JBzUWaJfMUw8vbXJJ2tVW5-I3jZKvC4wsoxE&amp;amp;amp;amp;amp;amp;trk=nav_responsive_tab_home\",\"https:\\\/\\\/www.youtube.com\\\/channel\\\/UCxL0wu1uN0_3_7hGG0306cw\"]},{\"@type\":\"Person\",\"@id\":\"https:\\\/\\\/www.bellunopress.it\\\/#\\\/schema\\\/person\\\/79bb06722b37ece1c03d3e94beb30d73\",\"name\":\"redazione\",\"image\":{\"@type\":\"ImageObject\",\"inLanguage\":\"fr-FR\",\"@id\":\"https:\\\/\\\/secure.gravatar.com\\\/avatar\\\/37d968a2e67a6fd04c169c4bdef102d0bc5d31b2546345219e348575eb80e9a0?s=96&d=mm&r=g\",\"url\":\"https:\\\/\\\/secure.gravatar.com\\\/avatar\\\/37d968a2e67a6fd04c169c4bdef102d0bc5d31b2546345219e348575eb80e9a0?s=96&d=mm&r=g\",\"contentUrl\":\"https:\\\/\\\/secure.gravatar.com\\\/avatar\\\/37d968a2e67a6fd04c169c4bdef102d0bc5d31b2546345219e348575eb80e9a0?s=96&d=mm&r=g\",\"caption\":\"redazione\"},\"sameAs\":[\"http:\\\/\\\/www.bellunopress.it\",\"https:\\\/\\\/x.com\\\/bellunopress\"],\"url\":\"https:\\\/\\\/www.bellunopress.it\\\/fr\\\/author\\\/redazione\\\/\"}]}<\/script>\n<!-- \/ Yoast SEO plugin. -->","yoast_head_json":{"title":"Il Centrodestra pensa a candidare Bottacin (Lega Nord) alle prossime elezioni provinciali - Bellunopress - Dolomiti","robots":{"index":"index","follow":"follow","max-snippet":"max-snippet:-1","max-image-preview":"max-image-preview:large","max-video-preview":"max-video-preview:-1"},"canonical":"https:\/\/www.bellunopress.it\/fr\/2009\/04\/04\/il-centrodestra-pensa-a-candidare-bottacin-lega-nord-alle-prossime-elezioni-provinciali\/","og_locale":"fr_FR","og_type":"article","og_title":"Il Centrodestra pensa a candidare Bottacin (Lega Nord) alle prossime elezioni provinciali - Bellunopress - Dolomiti","og_description":"\u00a0Elezioni provinciali: Centrodestra se ci sei batti un colpo. A fare il botto dovrebbe essere la Lega, che sembra stia per decidersi a candidare il consigliere regionale Gianpaolo Bottacin, dopo aver scartato l\u2019opzione Gidoni e dintorni per contrastare la rielezione di Sergio Reolon alla guida di Palazzo Piloni. Ma qualche alternativa a Bottacin potrebbe venire [&hellip;]","og_url":"https:\/\/www.bellunopress.it\/fr\/2009\/04\/04\/il-centrodestra-pensa-a-candidare-bottacin-lega-nord-alle-prossime-elezioni-provinciali\/","og_site_name":"Bellunopress - Dolomiti","article_publisher":"https:\/\/www.facebook.com\/profile.php?id=100008943462799","article_published_time":"2009-04-04T20:03:21+00:00","article_modified_time":"2009-04-06T19:58:08+00:00","og_image":[{"url":"http:\/\/www.bellunopress.it\/wp-content\/uploads\/2009\/03\/palazzo-piloni-sede-provincia.jpg","type":"","width":"","height":""}],"author":"redazione","twitter_card":"summary_large_image","twitter_creator":"@bellunopress","twitter_site":"@bellunopress","twitter_misc":{"\u00c9crit par":"redazione","Dur\u00e9e de lecture estim\u00e9e":"2 minutes"},"schema":{"@context":"https:\/\/schema.org","@graph":[{"@type":"Article","@id":"https:\/\/www.bellunopress.it\/2009\/04\/04\/il-centrodestra-pensa-a-candidare-bottacin-lega-nord-alle-prossime-elezioni-provinciali\/#article","isPartOf":{"@id":"https:\/\/www.bellunopress.it\/2009\/04\/04\/il-centrodestra-pensa-a-candidare-bottacin-lega-nord-alle-prossime-elezioni-provinciali\/"},"author":{"name":"redazione","@id":"https:\/\/www.bellunopress.it\/#\/schema\/person\/79bb06722b37ece1c03d3e94beb30d73"},"headline":"Il Centrodestra pensa a candidare Bottacin (Lega Nord) alle prossime elezioni provinciali","datePublished":"2009-04-04T20:03:21+00:00","dateModified":"2009-04-06T19:58:08+00:00","mainEntityOfPage":{"@id":"https:\/\/www.bellunopress.it\/2009\/04\/04\/il-centrodestra-pensa-a-candidare-bottacin-lega-nord-alle-prossime-elezioni-provinciali\/"},"wordCount":406,"publisher":{"@id":"https:\/\/www.bellunopress.it\/#organization"},"image":{"@id":"https:\/\/www.bellunopress.it\/2009\/04\/04\/il-centrodestra-pensa-a-candidare-bottacin-lega-nord-alle-prossime-elezioni-provinciali\/#primaryimage"},"thumbnailUrl":"http:\/\/www.bellunopress.it\/wp-content\/uploads\/2009\/03\/palazzo-piloni-sede-provincia.jpg","keywords":["Belluno","Dolomiti"],"articleSection":["Cronaca\/Politica","Prima Pagina"],"inLanguage":"fr-FR"},{"@type":"WebPage","@id":"https:\/\/www.bellunopress.it\/2009\/04\/04\/il-centrodestra-pensa-a-candidare-bottacin-lega-nord-alle-prossime-elezioni-provinciali\/","url":"https:\/\/www.bellunopress.it\/2009\/04\/04\/il-centrodestra-pensa-a-candidare-bottacin-lega-nord-alle-prossime-elezioni-provinciali\/","name":"Il Centrodestra pensa a candidare Bottacin (Lega Nord) alle prossime elezioni provinciali - Bellunopress - Dolomiti","isPartOf":{"@id":"https:\/\/www.bellunopress.it\/#website"},"primaryImageOfPage":{"@id":"https:\/\/www.bellunopress.it\/2009\/04\/04\/il-centrodestra-pensa-a-candidare-bottacin-lega-nord-alle-prossime-elezioni-provinciali\/#primaryimage"},"image":{"@id":"https:\/\/www.bellunopress.it\/2009\/04\/04\/il-centrodestra-pensa-a-candidare-bottacin-lega-nord-alle-prossime-elezioni-provinciali\/#primaryimage"},"thumbnailUrl":"http:\/\/www.bellunopress.it\/wp-content\/uploads\/2009\/03\/palazzo-piloni-sede-provincia.jpg","datePublished":"2009-04-04T20:03:21+00:00","dateModified":"2009-04-06T19:58:08+00:00","breadcrumb":{"@id":"https:\/\/www.bellunopress.it\/2009\/04\/04\/il-centrodestra-pensa-a-candidare-bottacin-lega-nord-alle-prossime-elezioni-provinciali\/#breadcrumb"},"inLanguage":"fr-FR","potentialAction":[{"@type":"ReadAction","target":["https:\/\/www.bellunopress.it\/2009\/04\/04\/il-centrodestra-pensa-a-candidare-bottacin-lega-nord-alle-prossime-elezioni-provinciali\/"]}]},{"@type":"ImageObject","inLanguage":"fr-FR","@id":"https:\/\/www.bellunopress.it\/2009\/04\/04\/il-centrodestra-pensa-a-candidare-bottacin-lega-nord-alle-prossime-elezioni-provinciali\/#primaryimage","url":"http:\/\/www.bellunopress.it\/wp-content\/uploads\/2009\/03\/palazzo-piloni-sede-provincia.jpg","contentUrl":"http:\/\/www.bellunopress.it\/wp-content\/uploads\/2009\/03\/palazzo-piloni-sede-provincia.jpg"},{"@type":"BreadcrumbList","@id":"https:\/\/www.bellunopress.it\/2009\/04\/04\/il-centrodestra-pensa-a-candidare-bottacin-lega-nord-alle-prossime-elezioni-provinciali\/#breadcrumb","itemListElement":[{"@type":"ListItem","position":1,"name":"Home","item":"https:\/\/www.bellunopress.it\/"},{"@type":"ListItem","position":2,"name":"Il Centrodestra pensa a candidare Bottacin (Lega Nord) alle prossime elezioni provinciali"}]},{"@type":"WebSite","@id":"https:\/\/www.bellunopress.it\/#website","url":"https:\/\/www.bellunopress.it\/","name":"Bellunopress - Dolomiti","description":"e-mail: redazione@bellunopress.it","publisher":{"@id":"https:\/\/www.bellunopress.it\/#organization"},"potentialAction":[{"@type":"SearchAction","target":{"@type":"EntryPoint","urlTemplate":"https:\/\/www.bellunopress.it\/?s={search_term_string}"},"query-input":{"@type":"PropertyValueSpecification","valueRequired":true,"valueName":"search_term_string"}}],"inLanguage":"fr-FR"},{"@type":"Organization","@id":"https:\/\/www.bellunopress.it\/#organization","name":"Bellunopress","url":"https:\/\/www.bellunopress.it\/","logo":{"@type":"ImageObject","inLanguage":"fr-FR","@id":"https:\/\/www.bellunopress.it\/#\/schema\/logo\/image\/","url":"https:\/\/www.bellunopress.it\/wp-content\/uploads\/2011\/05\/cropped-logo-bellunopress-.jpg","contentUrl":"https:\/\/www.bellunopress.it\/wp-content\/uploads\/2011\/05\/cropped-logo-bellunopress-.jpg","width":512,"height":512,"caption":"Bellunopress"},"image":{"@id":"https:\/\/www.bellunopress.it\/#\/schema\/logo\/image\/"},"sameAs":["https:\/\/www.facebook.com\/profile.php?id=100008943462799","https:\/\/x.com\/bellunopress","https:\/\/www.linkedin.com\/hp\/?dnr=JBzUWaJfMUw8vbXJJ2tVW5-I3jZKvC4wsoxE&amp;amp;amp;amp;amp;amp;trk=nav_responsive_tab_home","https:\/\/www.youtube.com\/channel\/UCxL0wu1uN0_3_7hGG0306cw"]},{"@type":"Person","@id":"https:\/\/www.bellunopress.it\/#\/schema\/person\/79bb06722b37ece1c03d3e94beb30d73","name":"r\u00e9daction","image":{"@type":"ImageObject","inLanguage":"fr-FR","@id":"https:\/\/secure.gravatar.com\/avatar\/37d968a2e67a6fd04c169c4bdef102d0bc5d31b2546345219e348575eb80e9a0?s=96&d=mm&r=g","url":"https:\/\/secure.gravatar.com\/avatar\/37d968a2e67a6fd04c169c4bdef102d0bc5d31b2546345219e348575eb80e9a0?s=96&d=mm&r=g","contentUrl":"https:\/\/secure.gravatar.com\/avatar\/37d968a2e67a6fd04c169c4bdef102d0bc5d31b2546345219e348575eb80e9a0?s=96&d=mm&r=g","caption":"redazione"},"sameAs":["http:\/\/www.bellunopress.it","https:\/\/x.com\/bellunopress"],"url":"https:\/\/www.bellunopress.it\/fr\/author\/redazione\/"}]}},"_links":{"self":[{"href":"https:\/\/www.bellunopress.it\/fr\/wp-json\/wp\/v2\/posts\/2319","targetHints":{"allow":["GET"]}}],"collection":[{"href":"https:\/\/www.bellunopress.it\/fr\/wp-json\/wp\/v2\/posts"}],"about":[{"href":"https:\/\/www.bellunopress.it\/fr\/wp-json\/wp\/v2\/types\/post"}],"author":[{"embeddable":true,"href":"https:\/\/www.bellunopress.it\/fr\/wp-json\/wp\/v2\/users\/2"}],"replies":[{"embeddable":true,"href":"https:\/\/www.bellunopress.it\/fr\/wp-json\/wp\/v2\/comments?post=2319"}],"version-history":[{"count":3,"href":"https:\/\/www.bellunopress.it\/fr\/wp-json\/wp\/v2\/posts\/2319\/revisions"}],"predecessor-version":[{"id":2383,"href":"https:\/\/www.bellunopress.it\/fr\/wp-json\/wp\/v2\/posts\/2319\/revisions\/2383"}],"wp:attachment":[{"href":"https:\/\/www.bellunopress.it\/fr\/wp-json\/wp\/v2\/media?parent=2319"}],"wp:term":[{"taxonomy":"category","embeddable":true,"href":"https:\/\/www.bellunopress.it\/fr\/wp-json\/wp\/v2\/categories?post=2319"},{"taxonomy":"post_tag","embeddable":true,"href":"https:\/\/www.bellunopress.it\/fr\/wp-json\/wp\/v2\/tags?post=2319"}],"curies":[{"name":"wp","href":"https:\/\/api.w.org\/{rel}","templated":true}]}}