{"id":23189,"date":"2011-01-21T20:41:13","date_gmt":"2011-01-21T19:41:13","guid":{"rendered":"http:\/\/www.bellunopress.it\/?p=23189"},"modified":"2011-01-21T20:41:13","modified_gmt":"2011-01-21T19:41:13","slug":"programma-regionale-di-sviluppo-prs-insediato-il-gruppo-di-esperti","status":"publish","type":"post","link":"https:\/\/www.bellunopress.it\/fr\/2011\/01\/21\/programma-regionale-di-sviluppo-prs-insediato-il-gruppo-di-esperti\/","title":{"rendered":"Programma regionale di sviluppo (Prs), insediato il gruppo di esperti"},"content":{"rendered":"<p><a href=\"http:\/\/www.bellunopress.it\/wp-content\/uploads\/2010\/11\/regione-veneto.bmp\"><img decoding=\"async\" src=\"http:\/\/www.bellunopress.it\/wp-content\/uploads\/2010\/11\/regione-veneto.bmp\" alt=\"\" title=\"regione-veneto\" class=\"alignleft size-full wp-image-21561\" \/><\/a>Con l\u2019insediamento del gruppo di esperti avvenuto stamane a Venezia, Palazzo Balbi, sede della Giunta veneta, \u00e8 di fatto iniziato il percorso per la predisposizione del nuovo PRS, il Programma Regionale di Sviluppo, che individua gli indirizzi fondamentali dell\u2019attivit\u00e0 dell\u2019Ente, fornendo il quadro di riferimento strategico per lo sviluppo della comunit\u00e0 veneta, da cui debbono coerentemente derivare tutti gli strumenti di programmazione regionale. \u201cPartendo da quanto di buono \u00e8 stato fatto in termini di analisi e ricerca con il PRS del 2007 \u2013 ha spiegato il vicepresidente Marino Zorzato \u2013 abbiamo deciso di lavorare a un nuovo strumento, nonostante quello vigente sia relativamente recente. Ma troppe cose sono cambiate in quest\u2019ultimo periodo e oggi dobbiamo confrontarci con scenari radicalmente mutati: dalla situazione economia nazionale ed internazionale al sistema produttivo, dal quadro normativo ai nuovi assetti istituzionali, dalla disponibilit\u00e0 di risorse alle prospettive di sviluppo. Anche se nella logica della programmazione il 2007 \u00e8 ieri, dobbiamo prendere atto che il mondo, l\u2019Italia e lo stesso Veneto sono molto diversi da quelli che erano solamente tre anni fa\u201d.    I sette esperti che affiancheranno le strutture regionali nell\u2019attivit\u00e0 di redazione del PRS sono: il prof. Cesare De Michelis (cultura), il prof. Paolo Feltrin (sociologia), la prof.ssa Patrizia Messina (sviluppo locale), il prof. Vasco Boatto (politiche agrarie), il prof. Giorgio Bido (economia e ricerche sociali), il prof. Sandro De Nardi (federalismo), il prof. Michele Graziani (gestione delle imprese). \u201cAbbiamo costituito un gruppo di esperti di alta qualificazione scientifica \u2013 ha aggiunto Zorzato \u2013 a cui rivolgo da subito il mio ringraziamento per aver accettato questo ruolo che \u00e8 prevalentemente onorifico, consentendo alla Regione di avvalersi di una consulenza prestigiosa senza pesanti aggravi sul nostro bilancio\u201d. Il vice presidente della Regione ha poi indicato i tempi per la predisposizione del nuovo documento programmatico e le sue caratteristiche: \u201cVorremmo poter disporre del testo che sar\u00e0 sottoposto all\u2019esame delle Commissioni e del Consiglio entro il prossimo mese di settembre. Da allora all\u2019approvazione definitiva del nuovo PRS mi auguro non servi pi\u00f9 di un anno: pi\u00f9 sar\u00e0 attuale pi\u00f9 saranno efficaci le azioni pianificatorie e la traduzione degli obiettivi in concrete politiche di intervento. Anche per questo \u2013 ha concluso Zorzato \u2013 puntiamo a un approccio pragmatico per redigere un documento che sia facilmente accessibile, leggibile e consultabile, tutt\u2019altro che un libro dei sogni ma uno strumento di imprescindibile riferimento nella nostra attivit\u00e0 politico istituzionale. D\u2019altro canto, semplificazione e sburocratizzazione debbono essere le parole d\u2019ordine nel nostro modo di progettare il futuro del Veneto\u201d.     <\/p>","protected":false},"excerpt":{"rendered":"<p>Con l\u2019insediamento del gruppo di esperti avvenuto stamane a Venezia, Palazzo Balbi, sede della Giunta veneta, \u00e8 di fatto iniziato il percorso per la predisposizione del nuovo PRS, il Programma Regionale di Sviluppo, che individua gli indirizzi fondamentali dell\u2019attivit\u00e0 dell\u2019Ente, fornendo il quadro di riferimento strategico per lo sviluppo della comunit\u00e0 veneta, da cui debbono [&hellip;]<\/p>\n","protected":false},"author":2,"featured_media":0,"comment_status":"closed","ping_status":"open","sticky":false,"template":"","format":"standard","meta":{"footnotes":""},"categories":[5,26],"tags":[],"class_list":["post-23189","post","type-post","status-publish","format-standard","category-cronaca","category-prima-pagina"],"yoast_head":"<!-- This site is optimized with the Yoast SEO plugin v28.4 - https:\/\/yoast.com\/product\/yoast-seo-wordpress\/ -->\n<title>Programma regionale di sviluppo (Prs), insediato il gruppo di esperti - Bellunopress - Dolomiti<\/title>\n<meta name=\"robots\" content=\"index, follow, max-snippet:-1, max-image-preview:large, max-video-preview:-1\" \/>\n<link rel=\"canonical\" href=\"https:\/\/www.bellunopress.it\/fr\/2011\/01\/21\/programma-regionale-di-sviluppo-prs-insediato-il-gruppo-di-esperti\/\" \/>\n<meta property=\"og:locale\" content=\"fr_FR\" \/>\n<meta property=\"og:type\" content=\"article\" \/>\n<meta property=\"og:title\" content=\"Programma regionale di sviluppo (Prs), insediato il gruppo di esperti - Bellunopress - Dolomiti\" \/>\n<meta property=\"og:description\" content=\"Con l\u2019insediamento del gruppo di esperti avvenuto stamane a Venezia, Palazzo Balbi, sede della Giunta veneta, \u00e8 di fatto iniziato il percorso per la predisposizione del nuovo PRS, il Programma Regionale di Sviluppo, che individua gli indirizzi fondamentali dell\u2019attivit\u00e0 dell\u2019Ente, fornendo il quadro di riferimento strategico per lo sviluppo della comunit\u00e0 veneta, da cui debbono [&hellip;]\" \/>\n<meta property=\"og:url\" content=\"https:\/\/www.bellunopress.it\/fr\/2011\/01\/21\/programma-regionale-di-sviluppo-prs-insediato-il-gruppo-di-esperti\/\" \/>\n<meta property=\"og:site_name\" content=\"Bellunopress - Dolomiti\" \/>\n<meta property=\"article:publisher\" content=\"https:\/\/www.facebook.com\/profile.php?id=100008943462799\" \/>\n<meta property=\"article:published_time\" content=\"2011-01-21T19:41:13+00:00\" \/>\n<meta property=\"og:image\" content=\"http:\/\/www.bellunopress.it\/wp-content\/uploads\/2010\/11\/regione-veneto.bmp\" \/>\n<meta name=\"author\" content=\"redazione\" \/>\n<meta name=\"twitter:card\" content=\"summary_large_image\" \/>\n<meta name=\"twitter:creator\" content=\"@bellunopress\" \/>\n<meta name=\"twitter:site\" content=\"@bellunopress\" \/>\n<meta name=\"twitter:label1\" content=\"\u00c9crit par\" \/>\n\t<meta name=\"twitter:data1\" content=\"redazione\" \/>\n\t<meta name=\"twitter:label2\" content=\"Dur\u00e9e de lecture estim\u00e9e\" \/>\n\t<meta name=\"twitter:data2\" content=\"2 minutes\" \/>\n<script type=\"application\/ld+json\" class=\"yoast-schema-graph\">{\"@context\":\"https:\\\/\\\/schema.org\",\"@graph\":[{\"@type\":\"Article\",\"@id\":\"https:\\\/\\\/www.bellunopress.it\\\/2011\\\/01\\\/21\\\/programma-regionale-di-sviluppo-prs-insediato-il-gruppo-di-esperti\\\/#article\",\"isPartOf\":{\"@id\":\"https:\\\/\\\/www.bellunopress.it\\\/2011\\\/01\\\/21\\\/programma-regionale-di-sviluppo-prs-insediato-il-gruppo-di-esperti\\\/\"},\"author\":{\"name\":\"redazione\",\"@id\":\"https:\\\/\\\/www.bellunopress.it\\\/#\\\/schema\\\/person\\\/79bb06722b37ece1c03d3e94beb30d73\"},\"headline\":\"Programma regionale di sviluppo (Prs), insediato il gruppo di esperti\",\"datePublished\":\"2011-01-21T19:41:13+00:00\",\"mainEntityOfPage\":{\"@id\":\"https:\\\/\\\/www.bellunopress.it\\\/2011\\\/01\\\/21\\\/programma-regionale-di-sviluppo-prs-insediato-il-gruppo-di-esperti\\\/\"},\"wordCount\":426,\"publisher\":{\"@id\":\"https:\\\/\\\/www.bellunopress.it\\\/#organization\"},\"image\":{\"@id\":\"https:\\\/\\\/www.bellunopress.it\\\/2011\\\/01\\\/21\\\/programma-regionale-di-sviluppo-prs-insediato-il-gruppo-di-esperti\\\/#primaryimage\"},\"thumbnailUrl\":\"http:\\\/\\\/www.bellunopress.it\\\/wp-content\\\/uploads\\\/2010\\\/11\\\/regione-veneto.bmp\",\"articleSection\":[\"Cronaca\\\/Politica\",\"Prima Pagina\"],\"inLanguage\":\"fr-FR\"},{\"@type\":\"WebPage\",\"@id\":\"https:\\\/\\\/www.bellunopress.it\\\/2011\\\/01\\\/21\\\/programma-regionale-di-sviluppo-prs-insediato-il-gruppo-di-esperti\\\/\",\"url\":\"https:\\\/\\\/www.bellunopress.it\\\/2011\\\/01\\\/21\\\/programma-regionale-di-sviluppo-prs-insediato-il-gruppo-di-esperti\\\/\",\"name\":\"Programma regionale di sviluppo (Prs), insediato il gruppo di esperti - Bellunopress - Dolomiti\",\"isPartOf\":{\"@id\":\"https:\\\/\\\/www.bellunopress.it\\\/#website\"},\"primaryImageOfPage\":{\"@id\":\"https:\\\/\\\/www.bellunopress.it\\\/2011\\\/01\\\/21\\\/programma-regionale-di-sviluppo-prs-insediato-il-gruppo-di-esperti\\\/#primaryimage\"},\"image\":{\"@id\":\"https:\\\/\\\/www.bellunopress.it\\\/2011\\\/01\\\/21\\\/programma-regionale-di-sviluppo-prs-insediato-il-gruppo-di-esperti\\\/#primaryimage\"},\"thumbnailUrl\":\"http:\\\/\\\/www.bellunopress.it\\\/wp-content\\\/uploads\\\/2010\\\/11\\\/regione-veneto.bmp\",\"datePublished\":\"2011-01-21T19:41:13+00:00\",\"breadcrumb\":{\"@id\":\"https:\\\/\\\/www.bellunopress.it\\\/2011\\\/01\\\/21\\\/programma-regionale-di-sviluppo-prs-insediato-il-gruppo-di-esperti\\\/#breadcrumb\"},\"inLanguage\":\"fr-FR\",\"potentialAction\":[{\"@type\":\"ReadAction\",\"target\":[\"https:\\\/\\\/www.bellunopress.it\\\/2011\\\/01\\\/21\\\/programma-regionale-di-sviluppo-prs-insediato-il-gruppo-di-esperti\\\/\"]}]},{\"@type\":\"ImageObject\",\"inLanguage\":\"fr-FR\",\"@id\":\"https:\\\/\\\/www.bellunopress.it\\\/2011\\\/01\\\/21\\\/programma-regionale-di-sviluppo-prs-insediato-il-gruppo-di-esperti\\\/#primaryimage\",\"url\":\"http:\\\/\\\/www.bellunopress.it\\\/wp-content\\\/uploads\\\/2010\\\/11\\\/regione-veneto.bmp\",\"contentUrl\":\"http:\\\/\\\/www.bellunopress.it\\\/wp-content\\\/uploads\\\/2010\\\/11\\\/regione-veneto.bmp\"},{\"@type\":\"BreadcrumbList\",\"@id\":\"https:\\\/\\\/www.bellunopress.it\\\/2011\\\/01\\\/21\\\/programma-regionale-di-sviluppo-prs-insediato-il-gruppo-di-esperti\\\/#breadcrumb\",\"itemListElement\":[{\"@type\":\"ListItem\",\"position\":1,\"name\":\"Home\",\"item\":\"https:\\\/\\\/www.bellunopress.it\\\/\"},{\"@type\":\"ListItem\",\"position\":2,\"name\":\"Programma regionale di sviluppo (Prs), insediato il gruppo di esperti\"}]},{\"@type\":\"WebSite\",\"@id\":\"https:\\\/\\\/www.bellunopress.it\\\/#website\",\"url\":\"https:\\\/\\\/www.bellunopress.it\\\/\",\"name\":\"Bellunopress - Dolomiti\",\"description\":\"e-mail: redazione@bellunopress.it\",\"publisher\":{\"@id\":\"https:\\\/\\\/www.bellunopress.it\\\/#organization\"},\"potentialAction\":[{\"@type\":\"SearchAction\",\"target\":{\"@type\":\"EntryPoint\",\"urlTemplate\":\"https:\\\/\\\/www.bellunopress.it\\\/?s={search_term_string}\"},\"query-input\":{\"@type\":\"PropertyValueSpecification\",\"valueRequired\":true,\"valueName\":\"search_term_string\"}}],\"inLanguage\":\"fr-FR\"},{\"@type\":\"Organization\",\"@id\":\"https:\\\/\\\/www.bellunopress.it\\\/#organization\",\"name\":\"Bellunopress\",\"url\":\"https:\\\/\\\/www.bellunopress.it\\\/\",\"logo\":{\"@type\":\"ImageObject\",\"inLanguage\":\"fr-FR\",\"@id\":\"https:\\\/\\\/www.bellunopress.it\\\/#\\\/schema\\\/logo\\\/image\\\/\",\"url\":\"https:\\\/\\\/www.bellunopress.it\\\/wp-content\\\/uploads\\\/2011\\\/05\\\/cropped-logo-bellunopress-.jpg\",\"contentUrl\":\"https:\\\/\\\/www.bellunopress.it\\\/wp-content\\\/uploads\\\/2011\\\/05\\\/cropped-logo-bellunopress-.jpg\",\"width\":512,\"height\":512,\"caption\":\"Bellunopress\"},\"image\":{\"@id\":\"https:\\\/\\\/www.bellunopress.it\\\/#\\\/schema\\\/logo\\\/image\\\/\"},\"sameAs\":[\"https:\\\/\\\/www.facebook.com\\\/profile.php?id=100008943462799\",\"https:\\\/\\\/x.com\\\/bellunopress\",\"https:\\\/\\\/www.linkedin.com\\\/hp\\\/?dnr=JBzUWaJfMUw8vbXJJ2tVW5-I3jZKvC4wsoxE&amp;amp;amp;amp;amp;amp;trk=nav_responsive_tab_home\",\"https:\\\/\\\/www.youtube.com\\\/channel\\\/UCxL0wu1uN0_3_7hGG0306cw\"]},{\"@type\":\"Person\",\"@id\":\"https:\\\/\\\/www.bellunopress.it\\\/#\\\/schema\\\/person\\\/79bb06722b37ece1c03d3e94beb30d73\",\"name\":\"redazione\",\"image\":{\"@type\":\"ImageObject\",\"inLanguage\":\"fr-FR\",\"@id\":\"https:\\\/\\\/secure.gravatar.com\\\/avatar\\\/37d968a2e67a6fd04c169c4bdef102d0bc5d31b2546345219e348575eb80e9a0?s=96&d=mm&r=g\",\"url\":\"https:\\\/\\\/secure.gravatar.com\\\/avatar\\\/37d968a2e67a6fd04c169c4bdef102d0bc5d31b2546345219e348575eb80e9a0?s=96&d=mm&r=g\",\"contentUrl\":\"https:\\\/\\\/secure.gravatar.com\\\/avatar\\\/37d968a2e67a6fd04c169c4bdef102d0bc5d31b2546345219e348575eb80e9a0?s=96&d=mm&r=g\",\"caption\":\"redazione\"},\"sameAs\":[\"http:\\\/\\\/www.bellunopress.it\",\"https:\\\/\\\/x.com\\\/bellunopress\"],\"url\":\"https:\\\/\\\/www.bellunopress.it\\\/fr\\\/author\\\/redazione\\\/\"}]}<\/script>\n<!-- \/ Yoast SEO plugin. -->","yoast_head_json":{"title":"Programma regionale di sviluppo (Prs), insediato il gruppo di esperti - Bellunopress - Dolomiti","robots":{"index":"index","follow":"follow","max-snippet":"max-snippet:-1","max-image-preview":"max-image-preview:large","max-video-preview":"max-video-preview:-1"},"canonical":"https:\/\/www.bellunopress.it\/fr\/2011\/01\/21\/programma-regionale-di-sviluppo-prs-insediato-il-gruppo-di-esperti\/","og_locale":"fr_FR","og_type":"article","og_title":"Programma regionale di sviluppo (Prs), insediato il gruppo di esperti - Bellunopress - Dolomiti","og_description":"Con l\u2019insediamento del gruppo di esperti avvenuto stamane a Venezia, Palazzo Balbi, sede della Giunta veneta, \u00e8 di fatto iniziato il percorso per la predisposizione del nuovo PRS, il Programma Regionale di Sviluppo, che individua gli indirizzi fondamentali dell\u2019attivit\u00e0 dell\u2019Ente, fornendo il quadro di riferimento strategico per lo sviluppo della comunit\u00e0 veneta, da cui debbono [&hellip;]","og_url":"https:\/\/www.bellunopress.it\/fr\/2011\/01\/21\/programma-regionale-di-sviluppo-prs-insediato-il-gruppo-di-esperti\/","og_site_name":"Bellunopress - Dolomiti","article_publisher":"https:\/\/www.facebook.com\/profile.php?id=100008943462799","article_published_time":"2011-01-21T19:41:13+00:00","og_image":[{"url":"http:\/\/www.bellunopress.it\/wp-content\/uploads\/2010\/11\/regione-veneto.bmp","type":"","width":"","height":""}],"author":"redazione","twitter_card":"summary_large_image","twitter_creator":"@bellunopress","twitter_site":"@bellunopress","twitter_misc":{"\u00c9crit par":"redazione","Dur\u00e9e de lecture estim\u00e9e":"2 minutes"},"schema":{"@context":"https:\/\/schema.org","@graph":[{"@type":"Article","@id":"https:\/\/www.bellunopress.it\/2011\/01\/21\/programma-regionale-di-sviluppo-prs-insediato-il-gruppo-di-esperti\/#article","isPartOf":{"@id":"https:\/\/www.bellunopress.it\/2011\/01\/21\/programma-regionale-di-sviluppo-prs-insediato-il-gruppo-di-esperti\/"},"author":{"name":"redazione","@id":"https:\/\/www.bellunopress.it\/#\/schema\/person\/79bb06722b37ece1c03d3e94beb30d73"},"headline":"Programma regionale di sviluppo (Prs), insediato il gruppo di esperti","datePublished":"2011-01-21T19:41:13+00:00","mainEntityOfPage":{"@id":"https:\/\/www.bellunopress.it\/2011\/01\/21\/programma-regionale-di-sviluppo-prs-insediato-il-gruppo-di-esperti\/"},"wordCount":426,"publisher":{"@id":"https:\/\/www.bellunopress.it\/#organization"},"image":{"@id":"https:\/\/www.bellunopress.it\/2011\/01\/21\/programma-regionale-di-sviluppo-prs-insediato-il-gruppo-di-esperti\/#primaryimage"},"thumbnailUrl":"http:\/\/www.bellunopress.it\/wp-content\/uploads\/2010\/11\/regione-veneto.bmp","articleSection":["Cronaca\/Politica","Prima Pagina"],"inLanguage":"fr-FR"},{"@type":"WebPage","@id":"https:\/\/www.bellunopress.it\/2011\/01\/21\/programma-regionale-di-sviluppo-prs-insediato-il-gruppo-di-esperti\/","url":"https:\/\/www.bellunopress.it\/2011\/01\/21\/programma-regionale-di-sviluppo-prs-insediato-il-gruppo-di-esperti\/","name":"Programma regionale di sviluppo (Prs), insediato il gruppo di esperti - Bellunopress - Dolomiti","isPartOf":{"@id":"https:\/\/www.bellunopress.it\/#website"},"primaryImageOfPage":{"@id":"https:\/\/www.bellunopress.it\/2011\/01\/21\/programma-regionale-di-sviluppo-prs-insediato-il-gruppo-di-esperti\/#primaryimage"},"image":{"@id":"https:\/\/www.bellunopress.it\/2011\/01\/21\/programma-regionale-di-sviluppo-prs-insediato-il-gruppo-di-esperti\/#primaryimage"},"thumbnailUrl":"http:\/\/www.bellunopress.it\/wp-content\/uploads\/2010\/11\/regione-veneto.bmp","datePublished":"2011-01-21T19:41:13+00:00","breadcrumb":{"@id":"https:\/\/www.bellunopress.it\/2011\/01\/21\/programma-regionale-di-sviluppo-prs-insediato-il-gruppo-di-esperti\/#breadcrumb"},"inLanguage":"fr-FR","potentialAction":[{"@type":"ReadAction","target":["https:\/\/www.bellunopress.it\/2011\/01\/21\/programma-regionale-di-sviluppo-prs-insediato-il-gruppo-di-esperti\/"]}]},{"@type":"ImageObject","inLanguage":"fr-FR","@id":"https:\/\/www.bellunopress.it\/2011\/01\/21\/programma-regionale-di-sviluppo-prs-insediato-il-gruppo-di-esperti\/#primaryimage","url":"http:\/\/www.bellunopress.it\/wp-content\/uploads\/2010\/11\/regione-veneto.bmp","contentUrl":"http:\/\/www.bellunopress.it\/wp-content\/uploads\/2010\/11\/regione-veneto.bmp"},{"@type":"BreadcrumbList","@id":"https:\/\/www.bellunopress.it\/2011\/01\/21\/programma-regionale-di-sviluppo-prs-insediato-il-gruppo-di-esperti\/#breadcrumb","itemListElement":[{"@type":"ListItem","position":1,"name":"Home","item":"https:\/\/www.bellunopress.it\/"},{"@type":"ListItem","position":2,"name":"Programma regionale di sviluppo (Prs), insediato il gruppo di esperti"}]},{"@type":"WebSite","@id":"https:\/\/www.bellunopress.it\/#website","url":"https:\/\/www.bellunopress.it\/","name":"Bellunopress - Dolomiti","description":"e-mail: redazione@bellunopress.it","publisher":{"@id":"https:\/\/www.bellunopress.it\/#organization"},"potentialAction":[{"@type":"SearchAction","target":{"@type":"EntryPoint","urlTemplate":"https:\/\/www.bellunopress.it\/?s={search_term_string}"},"query-input":{"@type":"PropertyValueSpecification","valueRequired":true,"valueName":"search_term_string"}}],"inLanguage":"fr-FR"},{"@type":"Organization","@id":"https:\/\/www.bellunopress.it\/#organization","name":"Bellunopress","url":"https:\/\/www.bellunopress.it\/","logo":{"@type":"ImageObject","inLanguage":"fr-FR","@id":"https:\/\/www.bellunopress.it\/#\/schema\/logo\/image\/","url":"https:\/\/www.bellunopress.it\/wp-content\/uploads\/2011\/05\/cropped-logo-bellunopress-.jpg","contentUrl":"https:\/\/www.bellunopress.it\/wp-content\/uploads\/2011\/05\/cropped-logo-bellunopress-.jpg","width":512,"height":512,"caption":"Bellunopress"},"image":{"@id":"https:\/\/www.bellunopress.it\/#\/schema\/logo\/image\/"},"sameAs":["https:\/\/www.facebook.com\/profile.php?id=100008943462799","https:\/\/x.com\/bellunopress","https:\/\/www.linkedin.com\/hp\/?dnr=JBzUWaJfMUw8vbXJJ2tVW5-I3jZKvC4wsoxE&amp;amp;amp;amp;amp;amp;trk=nav_responsive_tab_home","https:\/\/www.youtube.com\/channel\/UCxL0wu1uN0_3_7hGG0306cw"]},{"@type":"Person","@id":"https:\/\/www.bellunopress.it\/#\/schema\/person\/79bb06722b37ece1c03d3e94beb30d73","name":"r\u00e9daction","image":{"@type":"ImageObject","inLanguage":"fr-FR","@id":"https:\/\/secure.gravatar.com\/avatar\/37d968a2e67a6fd04c169c4bdef102d0bc5d31b2546345219e348575eb80e9a0?s=96&d=mm&r=g","url":"https:\/\/secure.gravatar.com\/avatar\/37d968a2e67a6fd04c169c4bdef102d0bc5d31b2546345219e348575eb80e9a0?s=96&d=mm&r=g","contentUrl":"https:\/\/secure.gravatar.com\/avatar\/37d968a2e67a6fd04c169c4bdef102d0bc5d31b2546345219e348575eb80e9a0?s=96&d=mm&r=g","caption":"redazione"},"sameAs":["http:\/\/www.bellunopress.it","https:\/\/x.com\/bellunopress"],"url":"https:\/\/www.bellunopress.it\/fr\/author\/redazione\/"}]}},"_links":{"self":[{"href":"https:\/\/www.bellunopress.it\/fr\/wp-json\/wp\/v2\/posts\/23189","targetHints":{"allow":["GET"]}}],"collection":[{"href":"https:\/\/www.bellunopress.it\/fr\/wp-json\/wp\/v2\/posts"}],"about":[{"href":"https:\/\/www.bellunopress.it\/fr\/wp-json\/wp\/v2\/types\/post"}],"author":[{"embeddable":true,"href":"https:\/\/www.bellunopress.it\/fr\/wp-json\/wp\/v2\/users\/2"}],"replies":[{"embeddable":true,"href":"https:\/\/www.bellunopress.it\/fr\/wp-json\/wp\/v2\/comments?post=23189"}],"version-history":[{"count":2,"href":"https:\/\/www.bellunopress.it\/fr\/wp-json\/wp\/v2\/posts\/23189\/revisions"}],"predecessor-version":[{"id":23191,"href":"https:\/\/www.bellunopress.it\/fr\/wp-json\/wp\/v2\/posts\/23189\/revisions\/23191"}],"wp:attachment":[{"href":"https:\/\/www.bellunopress.it\/fr\/wp-json\/wp\/v2\/media?parent=23189"}],"wp:term":[{"taxonomy":"category","embeddable":true,"href":"https:\/\/www.bellunopress.it\/fr\/wp-json\/wp\/v2\/categories?post=23189"},{"taxonomy":"post_tag","embeddable":true,"href":"https:\/\/www.bellunopress.it\/fr\/wp-json\/wp\/v2\/tags?post=23189"}],"curies":[{"name":"wp","href":"https:\/\/api.w.org\/{rel}","templated":true}]}}