{"id":23187,"date":"2011-01-21T20:34:44","date_gmt":"2011-01-21T19:34:44","guid":{"rendered":"http:\/\/www.bellunopress.it\/?p=23187"},"modified":"2011-01-21T20:34:44","modified_gmt":"2011-01-21T19:34:44","slug":"lassessore-regionale-donazzan-e-i-centri-commerciali","status":"publish","type":"post","link":"https:\/\/www.bellunopress.it\/fr\/2011\/01\/21\/lassessore-regionale-donazzan-e-i-centri-commerciali\/","title":{"rendered":"L&#8217;assessore regionale Donazzan e i centri commerciali"},"content":{"rendered":"<p><a href=\"http:\/\/www.bellunopress.it\/wp-content\/uploads\/2010\/09\/elena-donazzan-270x190.jpg\"><img loading=\"lazy\" decoding=\"async\" src=\"http:\/\/www.bellunopress.it\/wp-content\/uploads\/2010\/09\/elena-donazzan-270x190.jpg\" alt=\"\" title=\"elena-donazzan-270x190\" width=\"191\" height=\"270\" class=\"alignleft size-full wp-image-18763\" \/><\/a>\u201cIn merito alla discussione di questi giorni, desidero precisare che la mia posizione relativamente ai centri commerciali \u00e8 nota da sempre ed \u00e8 di contrariet\u00e0. Ritengo infatti che debba essere difeso e preservato il modello del piccolo esercizio e dei centri commerciali a cielo aperto quali sono i centri storici delle nostre bellissime citt\u00e0, che garantiscono un modello di sviluppo culturale, sociale ed economico compatibile con la nostra tradizione. Ha ragione per\u00f2 il Presidente Zaia a ricordarci che un voto di contrariet\u00e0 espresso in seno alla Giunta regionale, che \u00e8 organo collegiale, va debitamente motivato\u201d. Lo ha detto oggi l\u2019Assessore all\u2019Istruzione, alla Formazione e al Lavoro della Regione del Veneto Elena Donazzan. \u201cPer quanto riguarda il caso specifico \u2013 ha detto l\u2019assessore Donazzan \u2013, si \u00e8 trattato di un atto che imponeva alla Giunta regionale la ratifica di un provvedimento nemmeno assunto da questo governo regionale, ma dai precedenti. Sono, ovviamente, consapevole che in questa materia la Giunta \u00e8 chiamata ad approvare provvedimenti imposti dalla legge e che questo iter rimarr\u00e0 tra gli obblighi di governo fin quando il Consiglio regionale non approver\u00e0 \u2013 come auspico \u2013 una nuova legge che metta in discussione gli attuali strumenti di programmazione dedicati al commercio.\u201d <\/p>","protected":false},"excerpt":{"rendered":"<p>\u201cIn merito alla discussione di questi giorni, desidero precisare che la mia posizione relativamente ai centri commerciali \u00e8 nota da sempre ed \u00e8 di contrariet\u00e0. Ritengo infatti che debba essere difeso e preservato il modello del piccolo esercizio e dei centri commerciali a cielo aperto quali sono i centri storici delle nostre bellissime citt\u00e0, che [&hellip;]<\/p>\n","protected":false},"author":2,"featured_media":0,"comment_status":"closed","ping_status":"open","sticky":false,"template":"","format":"standard","meta":{"footnotes":""},"categories":[5,26],"tags":[],"class_list":["post-23187","post","type-post","status-publish","format-standard","category-cronaca","category-prima-pagina"],"yoast_head":"<!-- This site is optimized with the Yoast SEO plugin v28.4 - https:\/\/yoast.com\/product\/yoast-seo-wordpress\/ -->\n<title>L&#039;assessore regionale Donazzan e i centri commerciali  - Bellunopress - Dolomiti<\/title>\n<meta name=\"robots\" content=\"index, follow, max-snippet:-1, max-image-preview:large, max-video-preview:-1\" \/>\n<link rel=\"canonical\" href=\"https:\/\/www.bellunopress.it\/fr\/2011\/01\/21\/lassessore-regionale-donazzan-e-i-centri-commerciali\/\" \/>\n<meta property=\"og:locale\" content=\"fr_FR\" \/>\n<meta property=\"og:type\" content=\"article\" \/>\n<meta property=\"og:title\" content=\"L&#039;assessore regionale Donazzan e i centri commerciali  - Bellunopress - Dolomiti\" \/>\n<meta property=\"og:description\" content=\"\u201cIn merito alla discussione di questi giorni, desidero precisare che la mia posizione relativamente ai centri commerciali \u00e8 nota da sempre ed \u00e8 di contrariet\u00e0. Ritengo infatti che debba essere difeso e preservato il modello del piccolo esercizio e dei centri commerciali a cielo aperto quali sono i centri storici delle nostre bellissime citt\u00e0, che [&hellip;]\" \/>\n<meta property=\"og:url\" content=\"https:\/\/www.bellunopress.it\/fr\/2011\/01\/21\/lassessore-regionale-donazzan-e-i-centri-commerciali\/\" \/>\n<meta property=\"og:site_name\" content=\"Bellunopress - Dolomiti\" \/>\n<meta property=\"article:publisher\" content=\"https:\/\/www.facebook.com\/profile.php?id=100008943462799\" \/>\n<meta property=\"article:published_time\" content=\"2011-01-21T19:34:44+00:00\" \/>\n<meta property=\"og:image\" content=\"http:\/\/www.bellunopress.it\/wp-content\/uploads\/2010\/09\/elena-donazzan-270x190.jpg\" \/>\n<meta name=\"author\" content=\"redazione\" \/>\n<meta name=\"twitter:card\" content=\"summary_large_image\" \/>\n<meta name=\"twitter:creator\" content=\"@bellunopress\" \/>\n<meta name=\"twitter:site\" content=\"@bellunopress\" \/>\n<meta name=\"twitter:label1\" content=\"\u00c9crit par\" \/>\n\t<meta name=\"twitter:data1\" content=\"redazione\" \/>\n\t<meta name=\"twitter:label2\" content=\"Dur\u00e9e de lecture estim\u00e9e\" \/>\n\t<meta name=\"twitter:data2\" content=\"1 minute\" \/>\n<script type=\"application\/ld+json\" class=\"yoast-schema-graph\">{\"@context\":\"https:\\\/\\\/schema.org\",\"@graph\":[{\"@type\":\"Article\",\"@id\":\"https:\\\/\\\/www.bellunopress.it\\\/2011\\\/01\\\/21\\\/lassessore-regionale-donazzan-e-i-centri-commerciali\\\/#article\",\"isPartOf\":{\"@id\":\"https:\\\/\\\/www.bellunopress.it\\\/2011\\\/01\\\/21\\\/lassessore-regionale-donazzan-e-i-centri-commerciali\\\/\"},\"author\":{\"name\":\"redazione\",\"@id\":\"https:\\\/\\\/www.bellunopress.it\\\/#\\\/schema\\\/person\\\/79bb06722b37ece1c03d3e94beb30d73\"},\"headline\":\"L&#8217;assessore regionale Donazzan e i centri commerciali\",\"datePublished\":\"2011-01-21T19:34:44+00:00\",\"mainEntityOfPage\":{\"@id\":\"https:\\\/\\\/www.bellunopress.it\\\/2011\\\/01\\\/21\\\/lassessore-regionale-donazzan-e-i-centri-commerciali\\\/\"},\"wordCount\":204,\"publisher\":{\"@id\":\"https:\\\/\\\/www.bellunopress.it\\\/#organization\"},\"image\":{\"@id\":\"https:\\\/\\\/www.bellunopress.it\\\/2011\\\/01\\\/21\\\/lassessore-regionale-donazzan-e-i-centri-commerciali\\\/#primaryimage\"},\"thumbnailUrl\":\"http:\\\/\\\/www.bellunopress.it\\\/wp-content\\\/uploads\\\/2010\\\/09\\\/elena-donazzan-270x190.jpg\",\"articleSection\":[\"Cronaca\\\/Politica\",\"Prima Pagina\"],\"inLanguage\":\"fr-FR\"},{\"@type\":\"WebPage\",\"@id\":\"https:\\\/\\\/www.bellunopress.it\\\/2011\\\/01\\\/21\\\/lassessore-regionale-donazzan-e-i-centri-commerciali\\\/\",\"url\":\"https:\\\/\\\/www.bellunopress.it\\\/2011\\\/01\\\/21\\\/lassessore-regionale-donazzan-e-i-centri-commerciali\\\/\",\"name\":\"L'assessore regionale Donazzan e i centri commerciali - Bellunopress - Dolomiti\",\"isPartOf\":{\"@id\":\"https:\\\/\\\/www.bellunopress.it\\\/#website\"},\"primaryImageOfPage\":{\"@id\":\"https:\\\/\\\/www.bellunopress.it\\\/2011\\\/01\\\/21\\\/lassessore-regionale-donazzan-e-i-centri-commerciali\\\/#primaryimage\"},\"image\":{\"@id\":\"https:\\\/\\\/www.bellunopress.it\\\/2011\\\/01\\\/21\\\/lassessore-regionale-donazzan-e-i-centri-commerciali\\\/#primaryimage\"},\"thumbnailUrl\":\"http:\\\/\\\/www.bellunopress.it\\\/wp-content\\\/uploads\\\/2010\\\/09\\\/elena-donazzan-270x190.jpg\",\"datePublished\":\"2011-01-21T19:34:44+00:00\",\"breadcrumb\":{\"@id\":\"https:\\\/\\\/www.bellunopress.it\\\/2011\\\/01\\\/21\\\/lassessore-regionale-donazzan-e-i-centri-commerciali\\\/#breadcrumb\"},\"inLanguage\":\"fr-FR\",\"potentialAction\":[{\"@type\":\"ReadAction\",\"target\":[\"https:\\\/\\\/www.bellunopress.it\\\/2011\\\/01\\\/21\\\/lassessore-regionale-donazzan-e-i-centri-commerciali\\\/\"]}]},{\"@type\":\"ImageObject\",\"inLanguage\":\"fr-FR\",\"@id\":\"https:\\\/\\\/www.bellunopress.it\\\/2011\\\/01\\\/21\\\/lassessore-regionale-donazzan-e-i-centri-commerciali\\\/#primaryimage\",\"url\":\"http:\\\/\\\/www.bellunopress.it\\\/wp-content\\\/uploads\\\/2010\\\/09\\\/elena-donazzan-270x190.jpg\",\"contentUrl\":\"http:\\\/\\\/www.bellunopress.it\\\/wp-content\\\/uploads\\\/2010\\\/09\\\/elena-donazzan-270x190.jpg\"},{\"@type\":\"BreadcrumbList\",\"@id\":\"https:\\\/\\\/www.bellunopress.it\\\/2011\\\/01\\\/21\\\/lassessore-regionale-donazzan-e-i-centri-commerciali\\\/#breadcrumb\",\"itemListElement\":[{\"@type\":\"ListItem\",\"position\":1,\"name\":\"Home\",\"item\":\"https:\\\/\\\/www.bellunopress.it\\\/\"},{\"@type\":\"ListItem\",\"position\":2,\"name\":\"L&#8217;assessore regionale Donazzan e i centri commerciali\"}]},{\"@type\":\"WebSite\",\"@id\":\"https:\\\/\\\/www.bellunopress.it\\\/#website\",\"url\":\"https:\\\/\\\/www.bellunopress.it\\\/\",\"name\":\"Bellunopress - Dolomiti\",\"description\":\"e-mail: redazione@bellunopress.it\",\"publisher\":{\"@id\":\"https:\\\/\\\/www.bellunopress.it\\\/#organization\"},\"potentialAction\":[{\"@type\":\"SearchAction\",\"target\":{\"@type\":\"EntryPoint\",\"urlTemplate\":\"https:\\\/\\\/www.bellunopress.it\\\/?s={search_term_string}\"},\"query-input\":{\"@type\":\"PropertyValueSpecification\",\"valueRequired\":true,\"valueName\":\"search_term_string\"}}],\"inLanguage\":\"fr-FR\"},{\"@type\":\"Organization\",\"@id\":\"https:\\\/\\\/www.bellunopress.it\\\/#organization\",\"name\":\"Bellunopress\",\"url\":\"https:\\\/\\\/www.bellunopress.it\\\/\",\"logo\":{\"@type\":\"ImageObject\",\"inLanguage\":\"fr-FR\",\"@id\":\"https:\\\/\\\/www.bellunopress.it\\\/#\\\/schema\\\/logo\\\/image\\\/\",\"url\":\"https:\\\/\\\/www.bellunopress.it\\\/wp-content\\\/uploads\\\/2011\\\/05\\\/cropped-logo-bellunopress-.jpg\",\"contentUrl\":\"https:\\\/\\\/www.bellunopress.it\\\/wp-content\\\/uploads\\\/2011\\\/05\\\/cropped-logo-bellunopress-.jpg\",\"width\":512,\"height\":512,\"caption\":\"Bellunopress\"},\"image\":{\"@id\":\"https:\\\/\\\/www.bellunopress.it\\\/#\\\/schema\\\/logo\\\/image\\\/\"},\"sameAs\":[\"https:\\\/\\\/www.facebook.com\\\/profile.php?id=100008943462799\",\"https:\\\/\\\/x.com\\\/bellunopress\",\"https:\\\/\\\/www.linkedin.com\\\/hp\\\/?dnr=JBzUWaJfMUw8vbXJJ2tVW5-I3jZKvC4wsoxE&amp;amp;amp;amp;amp;amp;trk=nav_responsive_tab_home\",\"https:\\\/\\\/www.youtube.com\\\/channel\\\/UCxL0wu1uN0_3_7hGG0306cw\"]},{\"@type\":\"Person\",\"@id\":\"https:\\\/\\\/www.bellunopress.it\\\/#\\\/schema\\\/person\\\/79bb06722b37ece1c03d3e94beb30d73\",\"name\":\"redazione\",\"image\":{\"@type\":\"ImageObject\",\"inLanguage\":\"fr-FR\",\"@id\":\"https:\\\/\\\/secure.gravatar.com\\\/avatar\\\/37d968a2e67a6fd04c169c4bdef102d0bc5d31b2546345219e348575eb80e9a0?s=96&d=mm&r=g\",\"url\":\"https:\\\/\\\/secure.gravatar.com\\\/avatar\\\/37d968a2e67a6fd04c169c4bdef102d0bc5d31b2546345219e348575eb80e9a0?s=96&d=mm&r=g\",\"contentUrl\":\"https:\\\/\\\/secure.gravatar.com\\\/avatar\\\/37d968a2e67a6fd04c169c4bdef102d0bc5d31b2546345219e348575eb80e9a0?s=96&d=mm&r=g\",\"caption\":\"redazione\"},\"sameAs\":[\"http:\\\/\\\/www.bellunopress.it\",\"https:\\\/\\\/x.com\\\/bellunopress\"],\"url\":\"https:\\\/\\\/www.bellunopress.it\\\/fr\\\/author\\\/redazione\\\/\"}]}<\/script>\n<!-- \/ Yoast SEO plugin. -->","yoast_head_json":{"title":"L'assessore regionale Donazzan e i centri commerciali  - Bellunopress - Dolomiti","robots":{"index":"index","follow":"follow","max-snippet":"max-snippet:-1","max-image-preview":"max-image-preview:large","max-video-preview":"max-video-preview:-1"},"canonical":"https:\/\/www.bellunopress.it\/fr\/2011\/01\/21\/lassessore-regionale-donazzan-e-i-centri-commerciali\/","og_locale":"fr_FR","og_type":"article","og_title":"L'assessore regionale Donazzan e i centri commerciali  - Bellunopress - Dolomiti","og_description":"\u201cIn merito alla discussione di questi giorni, desidero precisare che la mia posizione relativamente ai centri commerciali \u00e8 nota da sempre ed \u00e8 di contrariet\u00e0. Ritengo infatti che debba essere difeso e preservato il modello del piccolo esercizio e dei centri commerciali a cielo aperto quali sono i centri storici delle nostre bellissime citt\u00e0, che [&hellip;]","og_url":"https:\/\/www.bellunopress.it\/fr\/2011\/01\/21\/lassessore-regionale-donazzan-e-i-centri-commerciali\/","og_site_name":"Bellunopress - Dolomiti","article_publisher":"https:\/\/www.facebook.com\/profile.php?id=100008943462799","article_published_time":"2011-01-21T19:34:44+00:00","og_image":[{"url":"http:\/\/www.bellunopress.it\/wp-content\/uploads\/2010\/09\/elena-donazzan-270x190.jpg","type":"","width":"","height":""}],"author":"redazione","twitter_card":"summary_large_image","twitter_creator":"@bellunopress","twitter_site":"@bellunopress","twitter_misc":{"\u00c9crit par":"redazione","Dur\u00e9e de lecture estim\u00e9e":"1 minute"},"schema":{"@context":"https:\/\/schema.org","@graph":[{"@type":"Article","@id":"https:\/\/www.bellunopress.it\/2011\/01\/21\/lassessore-regionale-donazzan-e-i-centri-commerciali\/#article","isPartOf":{"@id":"https:\/\/www.bellunopress.it\/2011\/01\/21\/lassessore-regionale-donazzan-e-i-centri-commerciali\/"},"author":{"name":"redazione","@id":"https:\/\/www.bellunopress.it\/#\/schema\/person\/79bb06722b37ece1c03d3e94beb30d73"},"headline":"L&#8217;assessore regionale Donazzan e i centri commerciali","datePublished":"2011-01-21T19:34:44+00:00","mainEntityOfPage":{"@id":"https:\/\/www.bellunopress.it\/2011\/01\/21\/lassessore-regionale-donazzan-e-i-centri-commerciali\/"},"wordCount":204,"publisher":{"@id":"https:\/\/www.bellunopress.it\/#organization"},"image":{"@id":"https:\/\/www.bellunopress.it\/2011\/01\/21\/lassessore-regionale-donazzan-e-i-centri-commerciali\/#primaryimage"},"thumbnailUrl":"http:\/\/www.bellunopress.it\/wp-content\/uploads\/2010\/09\/elena-donazzan-270x190.jpg","articleSection":["Cronaca\/Politica","Prima Pagina"],"inLanguage":"fr-FR"},{"@type":"WebPage","@id":"https:\/\/www.bellunopress.it\/2011\/01\/21\/lassessore-regionale-donazzan-e-i-centri-commerciali\/","url":"https:\/\/www.bellunopress.it\/2011\/01\/21\/lassessore-regionale-donazzan-e-i-centri-commerciali\/","name":"L'assessore regionale Donazzan e i centri commerciali - Bellunopress - Dolomiti","isPartOf":{"@id":"https:\/\/www.bellunopress.it\/#website"},"primaryImageOfPage":{"@id":"https:\/\/www.bellunopress.it\/2011\/01\/21\/lassessore-regionale-donazzan-e-i-centri-commerciali\/#primaryimage"},"image":{"@id":"https:\/\/www.bellunopress.it\/2011\/01\/21\/lassessore-regionale-donazzan-e-i-centri-commerciali\/#primaryimage"},"thumbnailUrl":"http:\/\/www.bellunopress.it\/wp-content\/uploads\/2010\/09\/elena-donazzan-270x190.jpg","datePublished":"2011-01-21T19:34:44+00:00","breadcrumb":{"@id":"https:\/\/www.bellunopress.it\/2011\/01\/21\/lassessore-regionale-donazzan-e-i-centri-commerciali\/#breadcrumb"},"inLanguage":"fr-FR","potentialAction":[{"@type":"ReadAction","target":["https:\/\/www.bellunopress.it\/2011\/01\/21\/lassessore-regionale-donazzan-e-i-centri-commerciali\/"]}]},{"@type":"ImageObject","inLanguage":"fr-FR","@id":"https:\/\/www.bellunopress.it\/2011\/01\/21\/lassessore-regionale-donazzan-e-i-centri-commerciali\/#primaryimage","url":"http:\/\/www.bellunopress.it\/wp-content\/uploads\/2010\/09\/elena-donazzan-270x190.jpg","contentUrl":"http:\/\/www.bellunopress.it\/wp-content\/uploads\/2010\/09\/elena-donazzan-270x190.jpg"},{"@type":"BreadcrumbList","@id":"https:\/\/www.bellunopress.it\/2011\/01\/21\/lassessore-regionale-donazzan-e-i-centri-commerciali\/#breadcrumb","itemListElement":[{"@type":"ListItem","position":1,"name":"Home","item":"https:\/\/www.bellunopress.it\/"},{"@type":"ListItem","position":2,"name":"L&#8217;assessore regionale Donazzan e i centri commerciali"}]},{"@type":"WebSite","@id":"https:\/\/www.bellunopress.it\/#website","url":"https:\/\/www.bellunopress.it\/","name":"Bellunopress - Dolomiti","description":"e-mail: redazione@bellunopress.it","publisher":{"@id":"https:\/\/www.bellunopress.it\/#organization"},"potentialAction":[{"@type":"SearchAction","target":{"@type":"EntryPoint","urlTemplate":"https:\/\/www.bellunopress.it\/?s={search_term_string}"},"query-input":{"@type":"PropertyValueSpecification","valueRequired":true,"valueName":"search_term_string"}}],"inLanguage":"fr-FR"},{"@type":"Organization","@id":"https:\/\/www.bellunopress.it\/#organization","name":"Bellunopress","url":"https:\/\/www.bellunopress.it\/","logo":{"@type":"ImageObject","inLanguage":"fr-FR","@id":"https:\/\/www.bellunopress.it\/#\/schema\/logo\/image\/","url":"https:\/\/www.bellunopress.it\/wp-content\/uploads\/2011\/05\/cropped-logo-bellunopress-.jpg","contentUrl":"https:\/\/www.bellunopress.it\/wp-content\/uploads\/2011\/05\/cropped-logo-bellunopress-.jpg","width":512,"height":512,"caption":"Bellunopress"},"image":{"@id":"https:\/\/www.bellunopress.it\/#\/schema\/logo\/image\/"},"sameAs":["https:\/\/www.facebook.com\/profile.php?id=100008943462799","https:\/\/x.com\/bellunopress","https:\/\/www.linkedin.com\/hp\/?dnr=JBzUWaJfMUw8vbXJJ2tVW5-I3jZKvC4wsoxE&amp;amp;amp;amp;amp;amp;trk=nav_responsive_tab_home","https:\/\/www.youtube.com\/channel\/UCxL0wu1uN0_3_7hGG0306cw"]},{"@type":"Person","@id":"https:\/\/www.bellunopress.it\/#\/schema\/person\/79bb06722b37ece1c03d3e94beb30d73","name":"r\u00e9daction","image":{"@type":"ImageObject","inLanguage":"fr-FR","@id":"https:\/\/secure.gravatar.com\/avatar\/37d968a2e67a6fd04c169c4bdef102d0bc5d31b2546345219e348575eb80e9a0?s=96&d=mm&r=g","url":"https:\/\/secure.gravatar.com\/avatar\/37d968a2e67a6fd04c169c4bdef102d0bc5d31b2546345219e348575eb80e9a0?s=96&d=mm&r=g","contentUrl":"https:\/\/secure.gravatar.com\/avatar\/37d968a2e67a6fd04c169c4bdef102d0bc5d31b2546345219e348575eb80e9a0?s=96&d=mm&r=g","caption":"redazione"},"sameAs":["http:\/\/www.bellunopress.it","https:\/\/x.com\/bellunopress"],"url":"https:\/\/www.bellunopress.it\/fr\/author\/redazione\/"}]}},"_links":{"self":[{"href":"https:\/\/www.bellunopress.it\/fr\/wp-json\/wp\/v2\/posts\/23187","targetHints":{"allow":["GET"]}}],"collection":[{"href":"https:\/\/www.bellunopress.it\/fr\/wp-json\/wp\/v2\/posts"}],"about":[{"href":"https:\/\/www.bellunopress.it\/fr\/wp-json\/wp\/v2\/types\/post"}],"author":[{"embeddable":true,"href":"https:\/\/www.bellunopress.it\/fr\/wp-json\/wp\/v2\/users\/2"}],"replies":[{"embeddable":true,"href":"https:\/\/www.bellunopress.it\/fr\/wp-json\/wp\/v2\/comments?post=23187"}],"version-history":[{"count":1,"href":"https:\/\/www.bellunopress.it\/fr\/wp-json\/wp\/v2\/posts\/23187\/revisions"}],"predecessor-version":[{"id":23188,"href":"https:\/\/www.bellunopress.it\/fr\/wp-json\/wp\/v2\/posts\/23187\/revisions\/23188"}],"wp:attachment":[{"href":"https:\/\/www.bellunopress.it\/fr\/wp-json\/wp\/v2\/media?parent=23187"}],"wp:term":[{"taxonomy":"category","embeddable":true,"href":"https:\/\/www.bellunopress.it\/fr\/wp-json\/wp\/v2\/categories?post=23187"},{"taxonomy":"post_tag","embeddable":true,"href":"https:\/\/www.bellunopress.it\/fr\/wp-json\/wp\/v2\/tags?post=23187"}],"curies":[{"name":"wp","href":"https:\/\/api.w.org\/{rel}","templated":true}]}}