{"id":2275,"date":"2009-04-03T10:54:59","date_gmt":"2009-04-03T09:54:59","guid":{"rendered":"http:\/\/www.bellunopress.it\/?p=2275"},"modified":"2009-04-03T10:54:59","modified_gmt":"2009-04-03T09:54:59","slug":"quasi-5-milioni-di-euro-per-le-strade-del-basso-agordino","status":"publish","type":"post","link":"https:\/\/www.bellunopress.it\/fr\/2009\/04\/03\/quasi-5-milioni-di-euro-per-le-strade-del-basso-agordino\/","title":{"rendered":"Quasi 5 milioni di euro per le strade del basso Agordino"},"content":{"rendered":"<p><a href=\"http:\/\/www.bellunopress.it\/wp-content\/uploads\/2009\/02\/quinto-piol.jpg\"><img loading=\"lazy\" decoding=\"async\" class=\"alignleft size-medium wp-image-1078\" title=\"quinto-piol\" src=\"http:\/\/www.bellunopress.it\/wp-content\/uploads\/2009\/02\/quinto-piol.jpg\" alt=\"\" width=\"181\" height=\"244\" \/><\/a>Ammontano a 4.895.000,00 di euro gli interventi sulle strade provinciali del basso Agordino. Mercoled\u00ec 1 aprile nel municipio di Rivamonte l\u2019assessore provinciale alla viabilit\u00e0, Quinto Piol, ha incontrato i sindaci dei comuni di Rivamonte, Gosaldo e Voltago, il consigliere provinciale Roberto Chissal\u00e8\u00a0e il direttore provinciale di Veneto Strade, Sandro D&#8217;Agostini. L&#8217;incontro, voluto dall&#8217;assessore Piol, \u00e8 servito per fare il punto sui lavori in corso, in appalto e per quelli finanziati recentemente per i quali condividere le\u00a0scelte\u00a0di progettazione e di intervento. I sindaci hanno espresso soddisfazione per aver visto accolte dalla Provincia gran parte delle richieste avanzate negli incontri precedenti. Per quanto riguarda la \u00a0SP 347\u00a0 del Passo Cereda e Passo Duran (ex statale) sono stati stanziati solo 1 milione di euro a testa dalla Regione Veneto e Provincia Autonoma di Trento, per un totale di 2 milioni di euro. Per far fronte ai cinque interventi previsti dallo studio di fattibilit\u00e0, servono per\u00f2 4 milioni di euro e per questo \u00e8 stato necessario individuare le priorit\u00e0. Unanimemente la scelta \u00e8 caduta sull&#8217;intervento di risanamento strutturale del ponte sul Rio Fornion, sulle opere di sistemazione della frana di Pette e sulla sistemazione del ponte sul Rio Donadore. Rimangono da finanziare la rettifica delle curve in localit\u00e0 Masoch e appena dopo il centro, le opere di consolidamento della sede stradale, oltre alla regimazione delle acque meteoriche in\u00a0due punti\u00a0e\u00a0l&#8217;allargamento della sede stradale nei pressi di Frassen\u00e8.\u00a0L&#8217;assessore Piol si \u00e8 riservato di verificare se in un prossimo incontro con il collega assessore della Provincia di Trento sar\u00e0 possibile ottenere da questa un ulteriore finanziamento considerato che la strada provinciale numero 347 riveste un\u00a0grande interesse di carattere\u00a0turistico, economico e sociale per\u00a0la zona del Primiero.<\/p>","protected":false},"excerpt":{"rendered":"<p>Ammontano a 4.895.000,00 di euro gli interventi sulle strade provinciali del basso Agordino. Mercoled\u00ec 1 aprile nel municipio di Rivamonte l\u2019assessore provinciale alla viabilit\u00e0, Quinto Piol, ha incontrato i sindaci dei comuni di Rivamonte, Gosaldo e Voltago, il consigliere provinciale Roberto Chissal\u00e8\u00a0e il direttore provinciale di Veneto Strade, Sandro D&#8217;Agostini. L&#8217;incontro, voluto dall&#8217;assessore Piol, \u00e8 [&hellip;]<\/p>\n","protected":false},"author":2,"featured_media":0,"comment_status":"closed","ping_status":"open","sticky":false,"template":"","format":"standard","meta":{"footnotes":""},"categories":[5,26],"tags":[139],"class_list":["post-2275","post","type-post","status-publish","format-standard","category-cronaca","category-prima-pagina","tag-belluno"],"yoast_head":"<!-- This site is optimized with the Yoast SEO plugin v28.4 - https:\/\/yoast.com\/product\/yoast-seo-wordpress\/ -->\n<title>Quasi 5 milioni di euro per le strade del basso Agordino - Bellunopress - Dolomiti<\/title>\n<meta name=\"robots\" content=\"index, follow, max-snippet:-1, max-image-preview:large, max-video-preview:-1\" \/>\n<link rel=\"canonical\" href=\"https:\/\/www.bellunopress.it\/fr\/2009\/04\/03\/quasi-5-milioni-di-euro-per-le-strade-del-basso-agordino\/\" \/>\n<meta property=\"og:locale\" content=\"fr_FR\" \/>\n<meta property=\"og:type\" content=\"article\" \/>\n<meta property=\"og:title\" content=\"Quasi 5 milioni di euro per le strade del basso Agordino - Bellunopress - Dolomiti\" \/>\n<meta property=\"og:description\" content=\"Ammontano a 4.895.000,00 di euro gli interventi sulle strade provinciali del basso Agordino. Mercoled\u00ec 1 aprile nel municipio di Rivamonte l\u2019assessore provinciale alla viabilit\u00e0, Quinto Piol, ha incontrato i sindaci dei comuni di Rivamonte, Gosaldo e Voltago, il consigliere provinciale Roberto Chissal\u00e8\u00a0e il direttore provinciale di Veneto Strade, Sandro D&#8217;Agostini. L&#8217;incontro, voluto dall&#8217;assessore Piol, \u00e8 [&hellip;]\" \/>\n<meta property=\"og:url\" content=\"https:\/\/www.bellunopress.it\/fr\/2009\/04\/03\/quasi-5-milioni-di-euro-per-le-strade-del-basso-agordino\/\" \/>\n<meta property=\"og:site_name\" content=\"Bellunopress - Dolomiti\" \/>\n<meta property=\"article:publisher\" content=\"https:\/\/www.facebook.com\/profile.php?id=100008943462799\" \/>\n<meta property=\"article:published_time\" content=\"2009-04-03T09:54:59+00:00\" \/>\n<meta property=\"og:image\" content=\"http:\/\/www.bellunopress.it\/wp-content\/uploads\/2009\/02\/quinto-piol.jpg\" \/>\n<meta name=\"author\" content=\"redazione\" \/>\n<meta name=\"twitter:card\" content=\"summary_large_image\" \/>\n<meta name=\"twitter:creator\" content=\"@bellunopress\" \/>\n<meta name=\"twitter:site\" content=\"@bellunopress\" \/>\n<meta name=\"twitter:label1\" content=\"Written by\" \/>\n\t<meta name=\"twitter:data1\" content=\"redazione\" \/>\n\t<meta name=\"twitter:label2\" content=\"Est. reading time\" \/>\n\t<meta name=\"twitter:data2\" content=\"1 minute\" \/>\n<script type=\"application\/ld+json\" class=\"yoast-schema-graph\">{\"@context\":\"https:\\\/\\\/schema.org\",\"@graph\":[{\"@type\":\"Article\",\"@id\":\"https:\\\/\\\/www.bellunopress.it\\\/2009\\\/04\\\/03\\\/quasi-5-milioni-di-euro-per-le-strade-del-basso-agordino\\\/#article\",\"isPartOf\":{\"@id\":\"https:\\\/\\\/www.bellunopress.it\\\/2009\\\/04\\\/03\\\/quasi-5-milioni-di-euro-per-le-strade-del-basso-agordino\\\/\"},\"author\":{\"name\":\"redazione\",\"@id\":\"https:\\\/\\\/www.bellunopress.it\\\/#\\\/schema\\\/person\\\/79bb06722b37ece1c03d3e94beb30d73\"},\"headline\":\"Quasi 5 milioni di euro per le strade del basso Agordino\",\"datePublished\":\"2009-04-03T09:54:59+00:00\",\"mainEntityOfPage\":{\"@id\":\"https:\\\/\\\/www.bellunopress.it\\\/2009\\\/04\\\/03\\\/quasi-5-milioni-di-euro-per-le-strade-del-basso-agordino\\\/\"},\"wordCount\":294,\"publisher\":{\"@id\":\"https:\\\/\\\/www.bellunopress.it\\\/#organization\"},\"image\":{\"@id\":\"https:\\\/\\\/www.bellunopress.it\\\/2009\\\/04\\\/03\\\/quasi-5-milioni-di-euro-per-le-strade-del-basso-agordino\\\/#primaryimage\"},\"thumbnailUrl\":\"http:\\\/\\\/www.bellunopress.it\\\/wp-content\\\/uploads\\\/2009\\\/02\\\/quinto-piol.jpg\",\"keywords\":[\"Belluno\"],\"articleSection\":[\"Cronaca\\\/Politica\",\"Prima Pagina\"],\"inLanguage\":\"fr-FR\"},{\"@type\":\"WebPage\",\"@id\":\"https:\\\/\\\/www.bellunopress.it\\\/2009\\\/04\\\/03\\\/quasi-5-milioni-di-euro-per-le-strade-del-basso-agordino\\\/\",\"url\":\"https:\\\/\\\/www.bellunopress.it\\\/2009\\\/04\\\/03\\\/quasi-5-milioni-di-euro-per-le-strade-del-basso-agordino\\\/\",\"name\":\"Quasi 5 milioni di euro per le strade del basso Agordino - Bellunopress - Dolomiti\",\"isPartOf\":{\"@id\":\"https:\\\/\\\/www.bellunopress.it\\\/#website\"},\"primaryImageOfPage\":{\"@id\":\"https:\\\/\\\/www.bellunopress.it\\\/2009\\\/04\\\/03\\\/quasi-5-milioni-di-euro-per-le-strade-del-basso-agordino\\\/#primaryimage\"},\"image\":{\"@id\":\"https:\\\/\\\/www.bellunopress.it\\\/2009\\\/04\\\/03\\\/quasi-5-milioni-di-euro-per-le-strade-del-basso-agordino\\\/#primaryimage\"},\"thumbnailUrl\":\"http:\\\/\\\/www.bellunopress.it\\\/wp-content\\\/uploads\\\/2009\\\/02\\\/quinto-piol.jpg\",\"datePublished\":\"2009-04-03T09:54:59+00:00\",\"breadcrumb\":{\"@id\":\"https:\\\/\\\/www.bellunopress.it\\\/2009\\\/04\\\/03\\\/quasi-5-milioni-di-euro-per-le-strade-del-basso-agordino\\\/#breadcrumb\"},\"inLanguage\":\"fr-FR\",\"potentialAction\":[{\"@type\":\"ReadAction\",\"target\":[\"https:\\\/\\\/www.bellunopress.it\\\/2009\\\/04\\\/03\\\/quasi-5-milioni-di-euro-per-le-strade-del-basso-agordino\\\/\"]}]},{\"@type\":\"ImageObject\",\"inLanguage\":\"fr-FR\",\"@id\":\"https:\\\/\\\/www.bellunopress.it\\\/2009\\\/04\\\/03\\\/quasi-5-milioni-di-euro-per-le-strade-del-basso-agordino\\\/#primaryimage\",\"url\":\"http:\\\/\\\/www.bellunopress.it\\\/wp-content\\\/uploads\\\/2009\\\/02\\\/quinto-piol.jpg\",\"contentUrl\":\"http:\\\/\\\/www.bellunopress.it\\\/wp-content\\\/uploads\\\/2009\\\/02\\\/quinto-piol.jpg\"},{\"@type\":\"BreadcrumbList\",\"@id\":\"https:\\\/\\\/www.bellunopress.it\\\/2009\\\/04\\\/03\\\/quasi-5-milioni-di-euro-per-le-strade-del-basso-agordino\\\/#breadcrumb\",\"itemListElement\":[{\"@type\":\"ListItem\",\"position\":1,\"name\":\"Home\",\"item\":\"https:\\\/\\\/www.bellunopress.it\\\/\"},{\"@type\":\"ListItem\",\"position\":2,\"name\":\"Quasi 5 milioni di euro per le strade del basso Agordino\"}]},{\"@type\":\"WebSite\",\"@id\":\"https:\\\/\\\/www.bellunopress.it\\\/#website\",\"url\":\"https:\\\/\\\/www.bellunopress.it\\\/\",\"name\":\"Bellunopress - Dolomiti\",\"description\":\"e-mail: redazione@bellunopress.it\",\"publisher\":{\"@id\":\"https:\\\/\\\/www.bellunopress.it\\\/#organization\"},\"potentialAction\":[{\"@type\":\"SearchAction\",\"target\":{\"@type\":\"EntryPoint\",\"urlTemplate\":\"https:\\\/\\\/www.bellunopress.it\\\/?s={search_term_string}\"},\"query-input\":{\"@type\":\"PropertyValueSpecification\",\"valueRequired\":true,\"valueName\":\"search_term_string\"}}],\"inLanguage\":\"fr-FR\"},{\"@type\":\"Organization\",\"@id\":\"https:\\\/\\\/www.bellunopress.it\\\/#organization\",\"name\":\"Bellunopress\",\"url\":\"https:\\\/\\\/www.bellunopress.it\\\/\",\"logo\":{\"@type\":\"ImageObject\",\"inLanguage\":\"fr-FR\",\"@id\":\"https:\\\/\\\/www.bellunopress.it\\\/#\\\/schema\\\/logo\\\/image\\\/\",\"url\":\"https:\\\/\\\/www.bellunopress.it\\\/wp-content\\\/uploads\\\/2011\\\/05\\\/cropped-logo-bellunopress-.jpg\",\"contentUrl\":\"https:\\\/\\\/www.bellunopress.it\\\/wp-content\\\/uploads\\\/2011\\\/05\\\/cropped-logo-bellunopress-.jpg\",\"width\":512,\"height\":512,\"caption\":\"Bellunopress\"},\"image\":{\"@id\":\"https:\\\/\\\/www.bellunopress.it\\\/#\\\/schema\\\/logo\\\/image\\\/\"},\"sameAs\":[\"https:\\\/\\\/www.facebook.com\\\/profile.php?id=100008943462799\",\"https:\\\/\\\/x.com\\\/bellunopress\",\"https:\\\/\\\/www.linkedin.com\\\/hp\\\/?dnr=JBzUWaJfMUw8vbXJJ2tVW5-I3jZKvC4wsoxE&amp;amp;amp;amp;amp;amp;trk=nav_responsive_tab_home\",\"https:\\\/\\\/www.youtube.com\\\/channel\\\/UCxL0wu1uN0_3_7hGG0306cw\"]},{\"@type\":\"Person\",\"@id\":\"https:\\\/\\\/www.bellunopress.it\\\/#\\\/schema\\\/person\\\/79bb06722b37ece1c03d3e94beb30d73\",\"name\":\"redazione\",\"image\":{\"@type\":\"ImageObject\",\"inLanguage\":\"fr-FR\",\"@id\":\"https:\\\/\\\/secure.gravatar.com\\\/avatar\\\/37d968a2e67a6fd04c169c4bdef102d0bc5d31b2546345219e348575eb80e9a0?s=96&d=mm&r=g\",\"url\":\"https:\\\/\\\/secure.gravatar.com\\\/avatar\\\/37d968a2e67a6fd04c169c4bdef102d0bc5d31b2546345219e348575eb80e9a0?s=96&d=mm&r=g\",\"contentUrl\":\"https:\\\/\\\/secure.gravatar.com\\\/avatar\\\/37d968a2e67a6fd04c169c4bdef102d0bc5d31b2546345219e348575eb80e9a0?s=96&d=mm&r=g\",\"caption\":\"redazione\"},\"sameAs\":[\"http:\\\/\\\/www.bellunopress.it\",\"https:\\\/\\\/x.com\\\/bellunopress\"],\"url\":\"https:\\\/\\\/www.bellunopress.it\\\/fr\\\/author\\\/redazione\\\/\"}]}<\/script>\n<!-- \/ Yoast SEO plugin. -->","yoast_head_json":{"title":"Quasi 5 milioni di euro per le strade del basso Agordino - Bellunopress - Dolomiti","robots":{"index":"index","follow":"follow","max-snippet":"max-snippet:-1","max-image-preview":"max-image-preview:large","max-video-preview":"max-video-preview:-1"},"canonical":"https:\/\/www.bellunopress.it\/fr\/2009\/04\/03\/quasi-5-milioni-di-euro-per-le-strade-del-basso-agordino\/","og_locale":"fr_FR","og_type":"article","og_title":"Quasi 5 milioni di euro per le strade del basso Agordino - Bellunopress - Dolomiti","og_description":"Ammontano a 4.895.000,00 di euro gli interventi sulle strade provinciali del basso Agordino. Mercoled\u00ec 1 aprile nel municipio di Rivamonte l\u2019assessore provinciale alla viabilit\u00e0, Quinto Piol, ha incontrato i sindaci dei comuni di Rivamonte, Gosaldo e Voltago, il consigliere provinciale Roberto Chissal\u00e8\u00a0e il direttore provinciale di Veneto Strade, Sandro D&#8217;Agostini. L&#8217;incontro, voluto dall&#8217;assessore Piol, \u00e8 [&hellip;]","og_url":"https:\/\/www.bellunopress.it\/fr\/2009\/04\/03\/quasi-5-milioni-di-euro-per-le-strade-del-basso-agordino\/","og_site_name":"Bellunopress - Dolomiti","article_publisher":"https:\/\/www.facebook.com\/profile.php?id=100008943462799","article_published_time":"2009-04-03T09:54:59+00:00","og_image":[{"url":"http:\/\/www.bellunopress.it\/wp-content\/uploads\/2009\/02\/quinto-piol.jpg","type":"","width":"","height":""}],"author":"redazione","twitter_card":"summary_large_image","twitter_creator":"@bellunopress","twitter_site":"@bellunopress","twitter_misc":{"Written by":"redazione","Est. reading time":"1 minute"},"schema":{"@context":"https:\/\/schema.org","@graph":[{"@type":"Article","@id":"https:\/\/www.bellunopress.it\/2009\/04\/03\/quasi-5-milioni-di-euro-per-le-strade-del-basso-agordino\/#article","isPartOf":{"@id":"https:\/\/www.bellunopress.it\/2009\/04\/03\/quasi-5-milioni-di-euro-per-le-strade-del-basso-agordino\/"},"author":{"name":"redazione","@id":"https:\/\/www.bellunopress.it\/#\/schema\/person\/79bb06722b37ece1c03d3e94beb30d73"},"headline":"Quasi 5 milioni di euro per le strade del basso Agordino","datePublished":"2009-04-03T09:54:59+00:00","mainEntityOfPage":{"@id":"https:\/\/www.bellunopress.it\/2009\/04\/03\/quasi-5-milioni-di-euro-per-le-strade-del-basso-agordino\/"},"wordCount":294,"publisher":{"@id":"https:\/\/www.bellunopress.it\/#organization"},"image":{"@id":"https:\/\/www.bellunopress.it\/2009\/04\/03\/quasi-5-milioni-di-euro-per-le-strade-del-basso-agordino\/#primaryimage"},"thumbnailUrl":"http:\/\/www.bellunopress.it\/wp-content\/uploads\/2009\/02\/quinto-piol.jpg","keywords":["Belluno"],"articleSection":["Cronaca\/Politica","Prima Pagina"],"inLanguage":"fr-FR"},{"@type":"WebPage","@id":"https:\/\/www.bellunopress.it\/2009\/04\/03\/quasi-5-milioni-di-euro-per-le-strade-del-basso-agordino\/","url":"https:\/\/www.bellunopress.it\/2009\/04\/03\/quasi-5-milioni-di-euro-per-le-strade-del-basso-agordino\/","name":"Quasi 5 milioni di euro per le strade del basso Agordino - Bellunopress - Dolomiti","isPartOf":{"@id":"https:\/\/www.bellunopress.it\/#website"},"primaryImageOfPage":{"@id":"https:\/\/www.bellunopress.it\/2009\/04\/03\/quasi-5-milioni-di-euro-per-le-strade-del-basso-agordino\/#primaryimage"},"image":{"@id":"https:\/\/www.bellunopress.it\/2009\/04\/03\/quasi-5-milioni-di-euro-per-le-strade-del-basso-agordino\/#primaryimage"},"thumbnailUrl":"http:\/\/www.bellunopress.it\/wp-content\/uploads\/2009\/02\/quinto-piol.jpg","datePublished":"2009-04-03T09:54:59+00:00","breadcrumb":{"@id":"https:\/\/www.bellunopress.it\/2009\/04\/03\/quasi-5-milioni-di-euro-per-le-strade-del-basso-agordino\/#breadcrumb"},"inLanguage":"fr-FR","potentialAction":[{"@type":"ReadAction","target":["https:\/\/www.bellunopress.it\/2009\/04\/03\/quasi-5-milioni-di-euro-per-le-strade-del-basso-agordino\/"]}]},{"@type":"ImageObject","inLanguage":"fr-FR","@id":"https:\/\/www.bellunopress.it\/2009\/04\/03\/quasi-5-milioni-di-euro-per-le-strade-del-basso-agordino\/#primaryimage","url":"http:\/\/www.bellunopress.it\/wp-content\/uploads\/2009\/02\/quinto-piol.jpg","contentUrl":"http:\/\/www.bellunopress.it\/wp-content\/uploads\/2009\/02\/quinto-piol.jpg"},{"@type":"BreadcrumbList","@id":"https:\/\/www.bellunopress.it\/2009\/04\/03\/quasi-5-milioni-di-euro-per-le-strade-del-basso-agordino\/#breadcrumb","itemListElement":[{"@type":"ListItem","position":1,"name":"Home","item":"https:\/\/www.bellunopress.it\/"},{"@type":"ListItem","position":2,"name":"Quasi 5 milioni di euro per le strade del basso Agordino"}]},{"@type":"WebSite","@id":"https:\/\/www.bellunopress.it\/#website","url":"https:\/\/www.bellunopress.it\/","name":"Bellunopress - Dolomiti","description":"e-mail: redazione@bellunopress.it","publisher":{"@id":"https:\/\/www.bellunopress.it\/#organization"},"potentialAction":[{"@type":"SearchAction","target":{"@type":"EntryPoint","urlTemplate":"https:\/\/www.bellunopress.it\/?s={search_term_string}"},"query-input":{"@type":"PropertyValueSpecification","valueRequired":true,"valueName":"search_term_string"}}],"inLanguage":"fr-FR"},{"@type":"Organization","@id":"https:\/\/www.bellunopress.it\/#organization","name":"Bellunopress","url":"https:\/\/www.bellunopress.it\/","logo":{"@type":"ImageObject","inLanguage":"fr-FR","@id":"https:\/\/www.bellunopress.it\/#\/schema\/logo\/image\/","url":"https:\/\/www.bellunopress.it\/wp-content\/uploads\/2011\/05\/cropped-logo-bellunopress-.jpg","contentUrl":"https:\/\/www.bellunopress.it\/wp-content\/uploads\/2011\/05\/cropped-logo-bellunopress-.jpg","width":512,"height":512,"caption":"Bellunopress"},"image":{"@id":"https:\/\/www.bellunopress.it\/#\/schema\/logo\/image\/"},"sameAs":["https:\/\/www.facebook.com\/profile.php?id=100008943462799","https:\/\/x.com\/bellunopress","https:\/\/www.linkedin.com\/hp\/?dnr=JBzUWaJfMUw8vbXJJ2tVW5-I3jZKvC4wsoxE&amp;amp;amp;amp;amp;amp;trk=nav_responsive_tab_home","https:\/\/www.youtube.com\/channel\/UCxL0wu1uN0_3_7hGG0306cw"]},{"@type":"Person","@id":"https:\/\/www.bellunopress.it\/#\/schema\/person\/79bb06722b37ece1c03d3e94beb30d73","name":"r\u00e9daction","image":{"@type":"ImageObject","inLanguage":"fr-FR","@id":"https:\/\/secure.gravatar.com\/avatar\/37d968a2e67a6fd04c169c4bdef102d0bc5d31b2546345219e348575eb80e9a0?s=96&d=mm&r=g","url":"https:\/\/secure.gravatar.com\/avatar\/37d968a2e67a6fd04c169c4bdef102d0bc5d31b2546345219e348575eb80e9a0?s=96&d=mm&r=g","contentUrl":"https:\/\/secure.gravatar.com\/avatar\/37d968a2e67a6fd04c169c4bdef102d0bc5d31b2546345219e348575eb80e9a0?s=96&d=mm&r=g","caption":"redazione"},"sameAs":["http:\/\/www.bellunopress.it","https:\/\/x.com\/bellunopress"],"url":"https:\/\/www.bellunopress.it\/fr\/author\/redazione\/"}]}},"_links":{"self":[{"href":"https:\/\/www.bellunopress.it\/fr\/wp-json\/wp\/v2\/posts\/2275","targetHints":{"allow":["GET"]}}],"collection":[{"href":"https:\/\/www.bellunopress.it\/fr\/wp-json\/wp\/v2\/posts"}],"about":[{"href":"https:\/\/www.bellunopress.it\/fr\/wp-json\/wp\/v2\/types\/post"}],"author":[{"embeddable":true,"href":"https:\/\/www.bellunopress.it\/fr\/wp-json\/wp\/v2\/users\/2"}],"replies":[{"embeddable":true,"href":"https:\/\/www.bellunopress.it\/fr\/wp-json\/wp\/v2\/comments?post=2275"}],"version-history":[{"count":1,"href":"https:\/\/www.bellunopress.it\/fr\/wp-json\/wp\/v2\/posts\/2275\/revisions"}],"predecessor-version":[{"id":2276,"href":"https:\/\/www.bellunopress.it\/fr\/wp-json\/wp\/v2\/posts\/2275\/revisions\/2276"}],"wp:attachment":[{"href":"https:\/\/www.bellunopress.it\/fr\/wp-json\/wp\/v2\/media?parent=2275"}],"wp:term":[{"taxonomy":"category","embeddable":true,"href":"https:\/\/www.bellunopress.it\/fr\/wp-json\/wp\/v2\/categories?post=2275"},{"taxonomy":"post_tag","embeddable":true,"href":"https:\/\/www.bellunopress.it\/fr\/wp-json\/wp\/v2\/tags?post=2275"}],"curies":[{"name":"wp","href":"https:\/\/api.w.org\/{rel}","templated":true}]}}