{"id":2257,"date":"2009-04-02T23:42:21","date_gmt":"2009-04-02T22:42:21","guid":{"rendered":"http:\/\/www.bellunopress.it\/?p=2257"},"modified":"2009-04-02T23:59:17","modified_gmt":"2009-04-02T22:59:17","slug":"petrosani-ospite-di-pollicino-a-pavei-e-collarin-la-cittadinanza-onoraria-del-paese-rumeno","status":"publish","type":"post","link":"https:\/\/www.bellunopress.it\/fr\/2009\/04\/02\/petrosani-ospite-di-pollicino-a-pavei-e-collarin-la-cittadinanza-onoraria-del-paese-rumeno\/","title":{"rendered":"I ragazzi di Petrosani ospiti di Pollicino. Morena Pavei e Enrico Collarin cittadini onorari in Romania"},"content":{"rendered":"<figure id=\"attachment_2261\" aria-describedby=\"caption-attachment-2261\" style=\"width: 280px\" class=\"wp-caption alignleft\"><a href=\"http:\/\/www.bellunopress.it\/wp-content\/uploads\/2009\/04\/petrosani-leggera1.jpg\"><img loading=\"lazy\" decoding=\"async\" class=\"size-medium wp-image-2261\" title=\"petrosani-leggera1\" src=\"http:\/\/www.bellunopress.it\/wp-content\/uploads\/2009\/04\/petrosani-leggera1.jpg\" alt=\"Pavei e Collarin con il Sindaco di Petrosani Tiberiu Jacob Ridzi\" width=\"280\" height=\"204\" \/><\/a><figcaption id=\"caption-attachment-2261\" class=\"wp-caption-text\">Pavei e Collarin con il Sindaco di Petrosani Tiberiu Jacob Ridzi<\/figcaption><\/figure>\n<p>Per il terzo anno consecutivo una delegazione di studenti del Liceo Teoretic di Petrosani sar\u00e0 in provincia di Belluno ospite del Comitato Pollicino per svolgere un progetto di formazione ai valori del volontariato. Questo terzo progetto \u00e8 sostenuto e sovvenzionato dal CSV di Belluno, proprio perch\u00e9 trattasi di un ulteriore passo che il sodalizio di Pavei e Collarin sta effettuando nel cammino della sensibilizzazione e formazione culturale delle giovani leve rumene. Difatti, una parte dei ragazzi era gi\u00e0 venuta in Italia l\u2019anno passato ed in questi mesi hanno collaborato con la Casa Alloggio Pollicino di Petrosani. Altri svolgeranno l\u2019attivit\u00e0 per la prima volta, proprio per dare una continuit\u00e0.\u00a0\u00a0 \u00a0Sorin Ionita, Adrian Padurariu, Razvan Lapadus, Adrian Vandras, Raul Croitoru, Talita Lovasz, Iulia Miklos, Cristina Popescu, Flavia Matei, Diana Benea, Emilia Badescu e Kinga Farkas, accompagnati dall\u2019insegnante Ana Maria Palade e dal direttore artistico Nicolae Nicoara, arriveranno a Treviso, con volo diretto da Timisoara, gioved\u00ec 26 marzo alle ore 17.00 e si fermeranno in provincia fino a luned\u00ec 6 aprile. Il periodo non \u00e8 casuale in quanto nel primo fine settimana di aprile il Comune di Ponte nelle Alpi festegger\u00e0 ufficialmente i 300 della sua costituzione, con ospiti d\u2019onore il Sindaco di Petrosani, citt\u00e0 gemellata con il comune bellunese, ed una delegazione di rumeni composto da un Assessore, il Preside del Liceo Teoretic, la Presidente della Famiglia \u201cJul-Piave\u201d ed il direttore della Casa Pollicino. Durante le celebrazioni del 4 aprile i nostri ospiti effettueranno uno spettacolo folkloristico per stringere un ideale abbraccio con la comunit\u00e0 pontalpina. Un breve saggio della loro eclettica bravura sar\u00e0 offerto anche durante lo spettacolo delle Scuole in Rete che si terr\u00e0 venerd\u00ec 3 aprile alle ore 20.30 al Teatro Comunale di Belluno. Ad esclusione di tre ragazzi e del direttore Nicoara, che saranno ospiti dell\u2019appartamento del Comitato d\u2019Intesa in via del Piave 5, tutti i giovani saranno ospitati da famiglie di studenti pari et\u00e0 della zona di Belluno, anche questo sotteso allo sviluppo dell\u2019interazione e dello scambio culturale. Il fitto programma prestabilito dal Pollicino, grazie all\u2019aiuto esperto di Paolo Capraro del CSV, prevede sei giornate di lavoro, partecipazione e studio all\u2019interno delle realt\u00e0 associative e volontaristiche della nostra provincia, in particolar modo con le strutture dedicate ai bambini in difficolt\u00e0 ed ai down, fascia di intervento del Pollicino a Petrosani. Le giornate di studio si svolgeranno presso il CSV di Belluno; gli istituti delle \u201cScuole in Rete\u201d, in particolare il Catullo i cui ragazzi effettueranno uno stage formativo a Petrsoani di due settimane alla fine di giugno prossimo; l\u2019Associazione \u201cPorta Aperta\u201d di Feltre; l\u2019Associazione italiana persone down; la Casa di riposo di Ponte nelle Alpi; il gruppo ANA di Sois; gli obiettori di coscienza del Comune di Belluno; il Comune di Belluno; il Comune di Ponte nelle Alpi, l\u2019artista Bruno de Pellegrin, il quale svilupper\u00e0 un progetto artistico \u2013 formativo a Petrosani; l\u2019Hotel Pordoi di Arabba; la Trattoria \u201cCol di Salce\u201d; e la comunit\u00e0 rumena di Padova. Non mancheranno ovviamente momenti di svago e pi\u00f9 leggeri, come una giornata sugli sci a Cortina e numerosi lassi di tempo liberi, da investire con i pari et\u00e0 bellunesi per accrescere la reciproca conoscenza.<br \/>\nE a Morena Pavei e ad Enrico Collarin \u00e8 stata assegnata la cittadinanza d\u2019onore di Petrosani. Lo ha voluto il consiglio comunale della citt\u00e0 rumena (circa 50 mila abitanti nella zona della Transilvania) come atto tangibile di\u00a0 riconoscenza e di ringraziamento per l\u2019attivit\u00e0 che i due volontari bellunesi, con il Comitato Pollicino, stanno svolgendo a favore dei bambini in difficolt\u00e0 del loro paese. L\u2019attestato di cittadinanza onoraria verr\u00e0 consegnato a Pavei e Collarin direttamente dal sindaco\u00a0 Tiberiu Jacob Ridzi in occasione della sua partecipazione alla celebrazione dei 300 anni del\u00a0 comune di Ponte nelle Alpi, gemellato con quello di Petrosani, che si svolger\u00e0 nel municipio a Cadola sabato prossimo (4 aprile) alle 10. La delegazione rumena guidata dal primo cittadino di Petrosani sar\u00e0 composta dall\u2019assessore Vasile Pop, dal preside del liceo Teoretic, Gilbert Danciu, dalla presidente della famiglia bellunese \u201cJul Piave\u201d, Bela Mirza Olivier, e dal direttore della casa alloggio \u201cPollicino-Petrosani\u201d Mario Palade. Con loro saranno presenti alla cerimonia anche i 12 studenti del \u201cTeoretic\u201d che sono gi\u00e0 in Italia da gioved\u00ec scorso (26 marzo) con due loro insegnanti, Ana Maria Palde e Nicolae Nicoara, ospiti del Comitato Pollicino e del Centro servizi volontariato del Comitato d\u2019Intesa di Belluno. Parteciper\u00e0 all\u2019evento un nutrito gruppo di volontari del \u201cPollicino\u201d, coloro che hanno dedicato tanto impegno, tante professionalit\u00e0 e tante giornate per poter realizzare la casa alloggio che oggi \u00e8 uno dei fiori all\u2019occhiello del valoroso volontariato bellunese. \u00abSiamo sorpresi e commossi \u2013 hanno dichiarato Morena Pavei ed Enrico Collarin \u2013 oltre che grati verso il Comune di Petrosani che ci ha riservato un cos\u00ec grande onore. Da italiani, da bellunesi e veneti, siamo molto orgogliosi che le nostre azioni siano apprezzate in un Paese difficile sotto molti punti di vista com\u2019\u00e8 la Romania. Questa nostra gioia vogliamo condividerla prima di tutto con i numerosi volontari del \u201cPollicino\u201d e con i nostri concittadini. Perch\u00e9 \u00e8 grazie a tutti loro se siamo riusciti a costruire qualcosa per aiutare chi ha pi\u00f9 bisogno di noi\u00bb. Morena Pavei ed Enrico Collarin, a partire dalle 18 di sabato, offriranno un brindisi all\u2019Osteria al Ponte di Borgo Pra a Belluno\u00a0 per festeggiare, insieme con i volontari del Pollicino, gli ospiti rumeni, le autorit\u00e0 e tutta la cittadinanza bellunese l\u2019onorificenza assegnata da Petrosani.<\/p>","protected":false},"excerpt":{"rendered":"<p>Per il terzo anno consecutivo una delegazione di studenti del Liceo Teoretic di Petrosani sar\u00e0 in provincia di Belluno ospite del Comitato Pollicino per svolgere un progetto di formazione ai valori del volontariato. Questo terzo progetto \u00e8 sostenuto e sovvenzionato dal CSV di Belluno, proprio perch\u00e9 trattasi di un ulteriore passo che il sodalizio di [&hellip;]<\/p>\n","protected":false},"author":2,"featured_media":0,"comment_status":"closed","ping_status":"open","sticky":false,"template":"","format":"standard","meta":{"footnotes":""},"categories":[5,26],"tags":[139,302],"class_list":["post-2257","post","type-post","status-publish","format-standard","category-cronaca","category-prima-pagina","tag-belluno","tag-feltre"],"yoast_head":"<!-- This site is optimized with the Yoast SEO plugin v28.4 - https:\/\/yoast.com\/product\/yoast-seo-wordpress\/ -->\n<title>I ragazzi di Petrosani ospiti di Pollicino. Morena Pavei e Enrico Collarin cittadini onorari in Romania - Bellunopress - Dolomiti<\/title>\n<meta name=\"robots\" content=\"index, follow, max-snippet:-1, max-image-preview:large, max-video-preview:-1\" \/>\n<link rel=\"canonical\" href=\"https:\/\/www.bellunopress.it\/fr\/2009\/04\/02\/petrosani-ospite-di-pollicino-a-pavei-e-collarin-la-cittadinanza-onoraria-del-paese-rumeno\/\" \/>\n<meta property=\"og:locale\" content=\"fr_FR\" \/>\n<meta property=\"og:type\" content=\"article\" \/>\n<meta property=\"og:title\" content=\"I ragazzi di Petrosani ospiti di Pollicino. Morena Pavei e Enrico Collarin cittadini onorari in Romania - Bellunopress - Dolomiti\" \/>\n<meta property=\"og:description\" content=\"Per il terzo anno consecutivo una delegazione di studenti del Liceo Teoretic di Petrosani sar\u00e0 in provincia di Belluno ospite del Comitato Pollicino per svolgere un progetto di formazione ai valori del volontariato. Questo terzo progetto \u00e8 sostenuto e sovvenzionato dal CSV di Belluno, proprio perch\u00e9 trattasi di un ulteriore passo che il sodalizio di [&hellip;]\" \/>\n<meta property=\"og:url\" content=\"https:\/\/www.bellunopress.it\/fr\/2009\/04\/02\/petrosani-ospite-di-pollicino-a-pavei-e-collarin-la-cittadinanza-onoraria-del-paese-rumeno\/\" \/>\n<meta property=\"og:site_name\" content=\"Bellunopress - Dolomiti\" \/>\n<meta property=\"article:publisher\" content=\"https:\/\/www.facebook.com\/profile.php?id=100008943462799\" \/>\n<meta property=\"article:published_time\" content=\"2009-04-02T22:42:21+00:00\" \/>\n<meta property=\"article:modified_time\" content=\"2009-04-02T22:59:17+00:00\" \/>\n<meta property=\"og:image\" content=\"http:\/\/www.bellunopress.it\/wp-content\/uploads\/2009\/04\/petrosani-leggera1.jpg\" \/>\n<meta name=\"author\" content=\"redazione\" \/>\n<meta name=\"twitter:card\" content=\"summary_large_image\" \/>\n<meta name=\"twitter:creator\" content=\"@bellunopress\" \/>\n<meta name=\"twitter:site\" content=\"@bellunopress\" \/>\n<meta name=\"twitter:label1\" content=\"\u00c9crit par\" \/>\n\t<meta name=\"twitter:data1\" content=\"redazione\" \/>\n\t<meta name=\"twitter:label2\" content=\"Dur\u00e9e de lecture estim\u00e9e\" \/>\n\t<meta name=\"twitter:data2\" content=\"5 minutes\" \/>\n<script type=\"application\/ld+json\" class=\"yoast-schema-graph\">{\"@context\":\"https:\\\/\\\/schema.org\",\"@graph\":[{\"@type\":\"Article\",\"@id\":\"https:\\\/\\\/www.bellunopress.it\\\/2009\\\/04\\\/02\\\/petrosani-ospite-di-pollicino-a-pavei-e-collarin-la-cittadinanza-onoraria-del-paese-rumeno\\\/#article\",\"isPartOf\":{\"@id\":\"https:\\\/\\\/www.bellunopress.it\\\/2009\\\/04\\\/02\\\/petrosani-ospite-di-pollicino-a-pavei-e-collarin-la-cittadinanza-onoraria-del-paese-rumeno\\\/\"},\"author\":{\"name\":\"redazione\",\"@id\":\"https:\\\/\\\/www.bellunopress.it\\\/#\\\/schema\\\/person\\\/79bb06722b37ece1c03d3e94beb30d73\"},\"headline\":\"I ragazzi di Petrosani ospiti di Pollicino. Morena Pavei e Enrico Collarin cittadini onorari in Romania\",\"datePublished\":\"2009-04-02T22:42:21+00:00\",\"dateModified\":\"2009-04-02T22:59:17+00:00\",\"mainEntityOfPage\":{\"@id\":\"https:\\\/\\\/www.bellunopress.it\\\/2009\\\/04\\\/02\\\/petrosani-ospite-di-pollicino-a-pavei-e-collarin-la-cittadinanza-onoraria-del-paese-rumeno\\\/\"},\"wordCount\":933,\"publisher\":{\"@id\":\"https:\\\/\\\/www.bellunopress.it\\\/#organization\"},\"image\":{\"@id\":\"https:\\\/\\\/www.bellunopress.it\\\/2009\\\/04\\\/02\\\/petrosani-ospite-di-pollicino-a-pavei-e-collarin-la-cittadinanza-onoraria-del-paese-rumeno\\\/#primaryimage\"},\"thumbnailUrl\":\"http:\\\/\\\/www.bellunopress.it\\\/wp-content\\\/uploads\\\/2009\\\/04\\\/petrosani-leggera1.jpg\",\"keywords\":[\"Belluno\",\"Feltre\"],\"articleSection\":[\"Cronaca\\\/Politica\",\"Prima Pagina\"],\"inLanguage\":\"fr-FR\"},{\"@type\":\"WebPage\",\"@id\":\"https:\\\/\\\/www.bellunopress.it\\\/2009\\\/04\\\/02\\\/petrosani-ospite-di-pollicino-a-pavei-e-collarin-la-cittadinanza-onoraria-del-paese-rumeno\\\/\",\"url\":\"https:\\\/\\\/www.bellunopress.it\\\/2009\\\/04\\\/02\\\/petrosani-ospite-di-pollicino-a-pavei-e-collarin-la-cittadinanza-onoraria-del-paese-rumeno\\\/\",\"name\":\"I ragazzi di Petrosani ospiti di Pollicino. Morena Pavei e Enrico Collarin cittadini onorari in Romania - Bellunopress - Dolomiti\",\"isPartOf\":{\"@id\":\"https:\\\/\\\/www.bellunopress.it\\\/#website\"},\"primaryImageOfPage\":{\"@id\":\"https:\\\/\\\/www.bellunopress.it\\\/2009\\\/04\\\/02\\\/petrosani-ospite-di-pollicino-a-pavei-e-collarin-la-cittadinanza-onoraria-del-paese-rumeno\\\/#primaryimage\"},\"image\":{\"@id\":\"https:\\\/\\\/www.bellunopress.it\\\/2009\\\/04\\\/02\\\/petrosani-ospite-di-pollicino-a-pavei-e-collarin-la-cittadinanza-onoraria-del-paese-rumeno\\\/#primaryimage\"},\"thumbnailUrl\":\"http:\\\/\\\/www.bellunopress.it\\\/wp-content\\\/uploads\\\/2009\\\/04\\\/petrosani-leggera1.jpg\",\"datePublished\":\"2009-04-02T22:42:21+00:00\",\"dateModified\":\"2009-04-02T22:59:17+00:00\",\"breadcrumb\":{\"@id\":\"https:\\\/\\\/www.bellunopress.it\\\/2009\\\/04\\\/02\\\/petrosani-ospite-di-pollicino-a-pavei-e-collarin-la-cittadinanza-onoraria-del-paese-rumeno\\\/#breadcrumb\"},\"inLanguage\":\"fr-FR\",\"potentialAction\":[{\"@type\":\"ReadAction\",\"target\":[\"https:\\\/\\\/www.bellunopress.it\\\/2009\\\/04\\\/02\\\/petrosani-ospite-di-pollicino-a-pavei-e-collarin-la-cittadinanza-onoraria-del-paese-rumeno\\\/\"]}]},{\"@type\":\"ImageObject\",\"inLanguage\":\"fr-FR\",\"@id\":\"https:\\\/\\\/www.bellunopress.it\\\/2009\\\/04\\\/02\\\/petrosani-ospite-di-pollicino-a-pavei-e-collarin-la-cittadinanza-onoraria-del-paese-rumeno\\\/#primaryimage\",\"url\":\"http:\\\/\\\/www.bellunopress.it\\\/wp-content\\\/uploads\\\/2009\\\/04\\\/petrosani-leggera1.jpg\",\"contentUrl\":\"http:\\\/\\\/www.bellunopress.it\\\/wp-content\\\/uploads\\\/2009\\\/04\\\/petrosani-leggera1.jpg\"},{\"@type\":\"BreadcrumbList\",\"@id\":\"https:\\\/\\\/www.bellunopress.it\\\/2009\\\/04\\\/02\\\/petrosani-ospite-di-pollicino-a-pavei-e-collarin-la-cittadinanza-onoraria-del-paese-rumeno\\\/#breadcrumb\",\"itemListElement\":[{\"@type\":\"ListItem\",\"position\":1,\"name\":\"Home\",\"item\":\"https:\\\/\\\/www.bellunopress.it\\\/\"},{\"@type\":\"ListItem\",\"position\":2,\"name\":\"I ragazzi di Petrosani ospiti di Pollicino. Morena Pavei e Enrico Collarin cittadini onorari in Romania\"}]},{\"@type\":\"WebSite\",\"@id\":\"https:\\\/\\\/www.bellunopress.it\\\/#website\",\"url\":\"https:\\\/\\\/www.bellunopress.it\\\/\",\"name\":\"Bellunopress - Dolomiti\",\"description\":\"e-mail: redazione@bellunopress.it\",\"publisher\":{\"@id\":\"https:\\\/\\\/www.bellunopress.it\\\/#organization\"},\"potentialAction\":[{\"@type\":\"SearchAction\",\"target\":{\"@type\":\"EntryPoint\",\"urlTemplate\":\"https:\\\/\\\/www.bellunopress.it\\\/?s={search_term_string}\"},\"query-input\":{\"@type\":\"PropertyValueSpecification\",\"valueRequired\":true,\"valueName\":\"search_term_string\"}}],\"inLanguage\":\"fr-FR\"},{\"@type\":\"Organization\",\"@id\":\"https:\\\/\\\/www.bellunopress.it\\\/#organization\",\"name\":\"Bellunopress\",\"url\":\"https:\\\/\\\/www.bellunopress.it\\\/\",\"logo\":{\"@type\":\"ImageObject\",\"inLanguage\":\"fr-FR\",\"@id\":\"https:\\\/\\\/www.bellunopress.it\\\/#\\\/schema\\\/logo\\\/image\\\/\",\"url\":\"https:\\\/\\\/www.bellunopress.it\\\/wp-content\\\/uploads\\\/2011\\\/05\\\/cropped-logo-bellunopress-.jpg\",\"contentUrl\":\"https:\\\/\\\/www.bellunopress.it\\\/wp-content\\\/uploads\\\/2011\\\/05\\\/cropped-logo-bellunopress-.jpg\",\"width\":512,\"height\":512,\"caption\":\"Bellunopress\"},\"image\":{\"@id\":\"https:\\\/\\\/www.bellunopress.it\\\/#\\\/schema\\\/logo\\\/image\\\/\"},\"sameAs\":[\"https:\\\/\\\/www.facebook.com\\\/profile.php?id=100008943462799\",\"https:\\\/\\\/x.com\\\/bellunopress\",\"https:\\\/\\\/www.linkedin.com\\\/hp\\\/?dnr=JBzUWaJfMUw8vbXJJ2tVW5-I3jZKvC4wsoxE&amp;amp;amp;amp;amp;amp;trk=nav_responsive_tab_home\",\"https:\\\/\\\/www.youtube.com\\\/channel\\\/UCxL0wu1uN0_3_7hGG0306cw\"]},{\"@type\":\"Person\",\"@id\":\"https:\\\/\\\/www.bellunopress.it\\\/#\\\/schema\\\/person\\\/79bb06722b37ece1c03d3e94beb30d73\",\"name\":\"redazione\",\"image\":{\"@type\":\"ImageObject\",\"inLanguage\":\"fr-FR\",\"@id\":\"https:\\\/\\\/secure.gravatar.com\\\/avatar\\\/37d968a2e67a6fd04c169c4bdef102d0bc5d31b2546345219e348575eb80e9a0?s=96&d=mm&r=g\",\"url\":\"https:\\\/\\\/secure.gravatar.com\\\/avatar\\\/37d968a2e67a6fd04c169c4bdef102d0bc5d31b2546345219e348575eb80e9a0?s=96&d=mm&r=g\",\"contentUrl\":\"https:\\\/\\\/secure.gravatar.com\\\/avatar\\\/37d968a2e67a6fd04c169c4bdef102d0bc5d31b2546345219e348575eb80e9a0?s=96&d=mm&r=g\",\"caption\":\"redazione\"},\"sameAs\":[\"http:\\\/\\\/www.bellunopress.it\",\"https:\\\/\\\/x.com\\\/bellunopress\"],\"url\":\"https:\\\/\\\/www.bellunopress.it\\\/fr\\\/author\\\/redazione\\\/\"}]}<\/script>\n<!-- \/ Yoast SEO plugin. -->","yoast_head_json":{"title":"I ragazzi di Petrosani ospiti di Pollicino. Morena Pavei e Enrico Collarin cittadini onorari in Romania - Bellunopress - Dolomiti","robots":{"index":"index","follow":"follow","max-snippet":"max-snippet:-1","max-image-preview":"max-image-preview:large","max-video-preview":"max-video-preview:-1"},"canonical":"https:\/\/www.bellunopress.it\/fr\/2009\/04\/02\/petrosani-ospite-di-pollicino-a-pavei-e-collarin-la-cittadinanza-onoraria-del-paese-rumeno\/","og_locale":"fr_FR","og_type":"article","og_title":"I ragazzi di Petrosani ospiti di Pollicino. Morena Pavei e Enrico Collarin cittadini onorari in Romania - Bellunopress - Dolomiti","og_description":"Per il terzo anno consecutivo una delegazione di studenti del Liceo Teoretic di Petrosani sar\u00e0 in provincia di Belluno ospite del Comitato Pollicino per svolgere un progetto di formazione ai valori del volontariato. Questo terzo progetto \u00e8 sostenuto e sovvenzionato dal CSV di Belluno, proprio perch\u00e9 trattasi di un ulteriore passo che il sodalizio di [&hellip;]","og_url":"https:\/\/www.bellunopress.it\/fr\/2009\/04\/02\/petrosani-ospite-di-pollicino-a-pavei-e-collarin-la-cittadinanza-onoraria-del-paese-rumeno\/","og_site_name":"Bellunopress - Dolomiti","article_publisher":"https:\/\/www.facebook.com\/profile.php?id=100008943462799","article_published_time":"2009-04-02T22:42:21+00:00","article_modified_time":"2009-04-02T22:59:17+00:00","og_image":[{"url":"http:\/\/www.bellunopress.it\/wp-content\/uploads\/2009\/04\/petrosani-leggera1.jpg","type":"","width":"","height":""}],"author":"redazione","twitter_card":"summary_large_image","twitter_creator":"@bellunopress","twitter_site":"@bellunopress","twitter_misc":{"\u00c9crit par":"redazione","Dur\u00e9e de lecture estim\u00e9e":"5 minutes"},"schema":{"@context":"https:\/\/schema.org","@graph":[{"@type":"Article","@id":"https:\/\/www.bellunopress.it\/2009\/04\/02\/petrosani-ospite-di-pollicino-a-pavei-e-collarin-la-cittadinanza-onoraria-del-paese-rumeno\/#article","isPartOf":{"@id":"https:\/\/www.bellunopress.it\/2009\/04\/02\/petrosani-ospite-di-pollicino-a-pavei-e-collarin-la-cittadinanza-onoraria-del-paese-rumeno\/"},"author":{"name":"redazione","@id":"https:\/\/www.bellunopress.it\/#\/schema\/person\/79bb06722b37ece1c03d3e94beb30d73"},"headline":"I ragazzi di Petrosani ospiti di Pollicino. Morena Pavei e Enrico Collarin cittadini onorari in Romania","datePublished":"2009-04-02T22:42:21+00:00","dateModified":"2009-04-02T22:59:17+00:00","mainEntityOfPage":{"@id":"https:\/\/www.bellunopress.it\/2009\/04\/02\/petrosani-ospite-di-pollicino-a-pavei-e-collarin-la-cittadinanza-onoraria-del-paese-rumeno\/"},"wordCount":933,"publisher":{"@id":"https:\/\/www.bellunopress.it\/#organization"},"image":{"@id":"https:\/\/www.bellunopress.it\/2009\/04\/02\/petrosani-ospite-di-pollicino-a-pavei-e-collarin-la-cittadinanza-onoraria-del-paese-rumeno\/#primaryimage"},"thumbnailUrl":"http:\/\/www.bellunopress.it\/wp-content\/uploads\/2009\/04\/petrosani-leggera1.jpg","keywords":["Belluno","Feltre"],"articleSection":["Cronaca\/Politica","Prima Pagina"],"inLanguage":"fr-FR"},{"@type":"WebPage","@id":"https:\/\/www.bellunopress.it\/2009\/04\/02\/petrosani-ospite-di-pollicino-a-pavei-e-collarin-la-cittadinanza-onoraria-del-paese-rumeno\/","url":"https:\/\/www.bellunopress.it\/2009\/04\/02\/petrosani-ospite-di-pollicino-a-pavei-e-collarin-la-cittadinanza-onoraria-del-paese-rumeno\/","name":"I ragazzi di Petrosani ospiti di Pollicino. Morena Pavei e Enrico Collarin cittadini onorari in Romania - Bellunopress - Dolomiti","isPartOf":{"@id":"https:\/\/www.bellunopress.it\/#website"},"primaryImageOfPage":{"@id":"https:\/\/www.bellunopress.it\/2009\/04\/02\/petrosani-ospite-di-pollicino-a-pavei-e-collarin-la-cittadinanza-onoraria-del-paese-rumeno\/#primaryimage"},"image":{"@id":"https:\/\/www.bellunopress.it\/2009\/04\/02\/petrosani-ospite-di-pollicino-a-pavei-e-collarin-la-cittadinanza-onoraria-del-paese-rumeno\/#primaryimage"},"thumbnailUrl":"http:\/\/www.bellunopress.it\/wp-content\/uploads\/2009\/04\/petrosani-leggera1.jpg","datePublished":"2009-04-02T22:42:21+00:00","dateModified":"2009-04-02T22:59:17+00:00","breadcrumb":{"@id":"https:\/\/www.bellunopress.it\/2009\/04\/02\/petrosani-ospite-di-pollicino-a-pavei-e-collarin-la-cittadinanza-onoraria-del-paese-rumeno\/#breadcrumb"},"inLanguage":"fr-FR","potentialAction":[{"@type":"ReadAction","target":["https:\/\/www.bellunopress.it\/2009\/04\/02\/petrosani-ospite-di-pollicino-a-pavei-e-collarin-la-cittadinanza-onoraria-del-paese-rumeno\/"]}]},{"@type":"ImageObject","inLanguage":"fr-FR","@id":"https:\/\/www.bellunopress.it\/2009\/04\/02\/petrosani-ospite-di-pollicino-a-pavei-e-collarin-la-cittadinanza-onoraria-del-paese-rumeno\/#primaryimage","url":"http:\/\/www.bellunopress.it\/wp-content\/uploads\/2009\/04\/petrosani-leggera1.jpg","contentUrl":"http:\/\/www.bellunopress.it\/wp-content\/uploads\/2009\/04\/petrosani-leggera1.jpg"},{"@type":"BreadcrumbList","@id":"https:\/\/www.bellunopress.it\/2009\/04\/02\/petrosani-ospite-di-pollicino-a-pavei-e-collarin-la-cittadinanza-onoraria-del-paese-rumeno\/#breadcrumb","itemListElement":[{"@type":"ListItem","position":1,"name":"Home","item":"https:\/\/www.bellunopress.it\/"},{"@type":"ListItem","position":2,"name":"I ragazzi di Petrosani ospiti di Pollicino. Morena Pavei e Enrico Collarin cittadini onorari in Romania"}]},{"@type":"WebSite","@id":"https:\/\/www.bellunopress.it\/#website","url":"https:\/\/www.bellunopress.it\/","name":"Bellunopress - Dolomiti","description":"e-mail: redazione@bellunopress.it","publisher":{"@id":"https:\/\/www.bellunopress.it\/#organization"},"potentialAction":[{"@type":"SearchAction","target":{"@type":"EntryPoint","urlTemplate":"https:\/\/www.bellunopress.it\/?s={search_term_string}"},"query-input":{"@type":"PropertyValueSpecification","valueRequired":true,"valueName":"search_term_string"}}],"inLanguage":"fr-FR"},{"@type":"Organization","@id":"https:\/\/www.bellunopress.it\/#organization","name":"Bellunopress","url":"https:\/\/www.bellunopress.it\/","logo":{"@type":"ImageObject","inLanguage":"fr-FR","@id":"https:\/\/www.bellunopress.it\/#\/schema\/logo\/image\/","url":"https:\/\/www.bellunopress.it\/wp-content\/uploads\/2011\/05\/cropped-logo-bellunopress-.jpg","contentUrl":"https:\/\/www.bellunopress.it\/wp-content\/uploads\/2011\/05\/cropped-logo-bellunopress-.jpg","width":512,"height":512,"caption":"Bellunopress"},"image":{"@id":"https:\/\/www.bellunopress.it\/#\/schema\/logo\/image\/"},"sameAs":["https:\/\/www.facebook.com\/profile.php?id=100008943462799","https:\/\/x.com\/bellunopress","https:\/\/www.linkedin.com\/hp\/?dnr=JBzUWaJfMUw8vbXJJ2tVW5-I3jZKvC4wsoxE&amp;amp;amp;amp;amp;amp;trk=nav_responsive_tab_home","https:\/\/www.youtube.com\/channel\/UCxL0wu1uN0_3_7hGG0306cw"]},{"@type":"Person","@id":"https:\/\/www.bellunopress.it\/#\/schema\/person\/79bb06722b37ece1c03d3e94beb30d73","name":"r\u00e9daction","image":{"@type":"ImageObject","inLanguage":"fr-FR","@id":"https:\/\/secure.gravatar.com\/avatar\/37d968a2e67a6fd04c169c4bdef102d0bc5d31b2546345219e348575eb80e9a0?s=96&d=mm&r=g","url":"https:\/\/secure.gravatar.com\/avatar\/37d968a2e67a6fd04c169c4bdef102d0bc5d31b2546345219e348575eb80e9a0?s=96&d=mm&r=g","contentUrl":"https:\/\/secure.gravatar.com\/avatar\/37d968a2e67a6fd04c169c4bdef102d0bc5d31b2546345219e348575eb80e9a0?s=96&d=mm&r=g","caption":"redazione"},"sameAs":["http:\/\/www.bellunopress.it","https:\/\/x.com\/bellunopress"],"url":"https:\/\/www.bellunopress.it\/fr\/author\/redazione\/"}]}},"_links":{"self":[{"href":"https:\/\/www.bellunopress.it\/fr\/wp-json\/wp\/v2\/posts\/2257","targetHints":{"allow":["GET"]}}],"collection":[{"href":"https:\/\/www.bellunopress.it\/fr\/wp-json\/wp\/v2\/posts"}],"about":[{"href":"https:\/\/www.bellunopress.it\/fr\/wp-json\/wp\/v2\/types\/post"}],"author":[{"embeddable":true,"href":"https:\/\/www.bellunopress.it\/fr\/wp-json\/wp\/v2\/users\/2"}],"replies":[{"embeddable":true,"href":"https:\/\/www.bellunopress.it\/fr\/wp-json\/wp\/v2\/comments?post=2257"}],"version-history":[{"count":7,"href":"https:\/\/www.bellunopress.it\/fr\/wp-json\/wp\/v2\/posts\/2257\/revisions"}],"predecessor-version":[{"id":2270,"href":"https:\/\/www.bellunopress.it\/fr\/wp-json\/wp\/v2\/posts\/2257\/revisions\/2270"}],"wp:attachment":[{"href":"https:\/\/www.bellunopress.it\/fr\/wp-json\/wp\/v2\/media?parent=2257"}],"wp:term":[{"taxonomy":"category","embeddable":true,"href":"https:\/\/www.bellunopress.it\/fr\/wp-json\/wp\/v2\/categories?post=2257"},{"taxonomy":"post_tag","embeddable":true,"href":"https:\/\/www.bellunopress.it\/fr\/wp-json\/wp\/v2\/tags?post=2257"}],"curies":[{"name":"wp","href":"https:\/\/api.w.org\/{rel}","templated":true}]}}