{"id":22539,"date":"2011-01-01T21:24:46","date_gmt":"2011-01-01T20:24:46","guid":{"rendered":"http:\/\/www.bellunopress.it\/?p=22539"},"modified":"2011-01-01T21:26:41","modified_gmt":"2011-01-01T20:26:41","slug":"ucciso-da-un-cecchino-in-afghanistan-un-alpino-del-vii-reggimento-di-belluno","status":"publish","type":"post","link":"https:\/\/www.bellunopress.it\/fr\/2011\/01\/01\/ucciso-da-un-cecchino-in-afghanistan-un-alpino-del-vii-reggimento-di-belluno\/","title":{"rendered":"Ucciso da un cecchino in Afghanistan un alpino del VII reggimento di Belluno"},"content":{"rendered":"<p>Matteo Miotto, 24 anni, un giovane alpino del\u00a0VII reggimento di Belluno, \u00e8 stato ucciso da un cecchino venerd\u00ec scorso in Afghanistan, nella regione del Gulistan a ovest del Paese. Si tratta di una delle zone pi\u00f9 rischiose del settore affidato al controllo dei militari italiani, soprattutto alpini. Miotto, originario di Thiene, in provincia di Vicenza, era entrato negli alpini subito dopo la scuola, sull&#8217;esempio del nonno. Caporal maggiore nel\u00a0settimo\u00a0reggimento Alpini di Belluno dal 12 gennaio del 2009, era gi\u00e0 in servizio nel 2008. Intorno alle 15 di venerd\u00ec,\u00a0\u00e8 stato colpito mentre si trovava all&#8217;interno della base di Buji, dove prestava servizio. Proprio nella valle del Gulistan,\u00a0nell&#8217;ottobre scorso avvenne l&#8217;imboscata in cui morirono altri quattro soldati italiani: il primo caporalmaggiore Sebastiano Ville, 27 anni, il primo caporalmaggiore Gianmarco Manca, 32 anni, il caporalmaggiore Marco Pedone, 23 anni e il primo caporalmaggiore Francesco Vannozzi, 26 anni. L&#8217;area affidata al controllo degli alpini, denominata Box Tripoli, era un tempo sotto comando statunitense. In questi pochi mesi i militari italiani hanno portato avanti una serie di iniziative (tra cui quattro progetti di cooperazione civile-militare) con &#8220;notevole successo&#8221;, come ha sottolineato solo qualche settimana fa il generale David Petraeus, comandante della missione Isaf in Afghanistan.Domenica 2 gennaio, in tarda mattinata, rientrer\u00e0 in Italia all&#8217;aeroporto di Ciampino. Luned\u00ec funerali a Roma, marted\u00ec nel duomo di Thiene. Il giovane vicentino era atteso a Zan\u00e8, dove abita la famiglia, il 20 o il 21 gennaio.<br \/>\ndal sito web d&#8217;informazione Italia Pupia<\/p>","protected":false},"excerpt":{"rendered":"<p>Matteo Miotto, 24 anni, un giovane alpino del\u00a0VII reggimento di Belluno, \u00e8 stato ucciso da un cecchino venerd\u00ec scorso in Afghanistan, nella regione del Gulistan a ovest del Paese. Si tratta di una delle zone pi\u00f9 rischiose del settore affidato al controllo dei militari italiani, soprattutto alpini. Miotto, originario di Thiene, in provincia di Vicenza, [&hellip;]<\/p>\n","protected":false},"author":2,"featured_media":0,"comment_status":"closed","ping_status":"open","sticky":false,"template":"","format":"standard","meta":{"footnotes":""},"categories":[5],"tags":[],"class_list":["post-22539","post","type-post","status-publish","format-standard","category-cronaca"],"yoast_head":"<!-- This site is optimized with the Yoast SEO plugin v28.4 - https:\/\/yoast.com\/product\/yoast-seo-wordpress\/ -->\n<title>Ucciso da un cecchino in Afghanistan un alpino del VII reggimento di Belluno - Bellunopress - Dolomiti<\/title>\n<meta name=\"robots\" content=\"index, follow, max-snippet:-1, max-image-preview:large, max-video-preview:-1\" \/>\n<link rel=\"canonical\" href=\"https:\/\/www.bellunopress.it\/fr\/2011\/01\/01\/ucciso-da-un-cecchino-in-afghanistan-un-alpino-del-vii-reggimento-di-belluno\/\" \/>\n<meta property=\"og:locale\" content=\"fr_FR\" \/>\n<meta property=\"og:type\" content=\"article\" \/>\n<meta property=\"og:title\" content=\"Ucciso da un cecchino in Afghanistan un alpino del VII reggimento di Belluno - Bellunopress - Dolomiti\" \/>\n<meta property=\"og:description\" content=\"Matteo Miotto, 24 anni, un giovane alpino del\u00a0VII reggimento di Belluno, \u00e8 stato ucciso da un cecchino venerd\u00ec scorso in Afghanistan, nella regione del Gulistan a ovest del Paese. Si tratta di una delle zone pi\u00f9 rischiose del settore affidato al controllo dei militari italiani, soprattutto alpini. Miotto, originario di Thiene, in provincia di Vicenza, [&hellip;]\" \/>\n<meta property=\"og:url\" content=\"https:\/\/www.bellunopress.it\/fr\/2011\/01\/01\/ucciso-da-un-cecchino-in-afghanistan-un-alpino-del-vii-reggimento-di-belluno\/\" \/>\n<meta property=\"og:site_name\" content=\"Bellunopress - Dolomiti\" \/>\n<meta property=\"article:publisher\" content=\"https:\/\/www.facebook.com\/profile.php?id=100008943462799\" \/>\n<meta property=\"article:published_time\" content=\"2011-01-01T20:24:46+00:00\" \/>\n<meta property=\"article:modified_time\" content=\"2011-01-01T20:26:41+00:00\" \/>\n<meta property=\"og:image\" content=\"http:\/\/www.bellunopress.it\/wp-content\/uploads\/2012\/07\/logo-bellunopress-250x250-2012.jpg\" \/>\n<meta name=\"author\" content=\"redazione\" \/>\n<meta name=\"twitter:card\" content=\"summary_large_image\" \/>\n<meta name=\"twitter:creator\" content=\"@bellunopress\" \/>\n<meta name=\"twitter:site\" content=\"@bellunopress\" \/>\n<meta name=\"twitter:label1\" content=\"\u00c9crit par\" \/>\n\t<meta name=\"twitter:data1\" content=\"redazione\" \/>\n\t<meta name=\"twitter:label2\" content=\"Dur\u00e9e de lecture estim\u00e9e\" \/>\n\t<meta name=\"twitter:data2\" content=\"1 minute\" \/>\n<script type=\"application\/ld+json\" class=\"yoast-schema-graph\">{\"@context\":\"https:\\\/\\\/schema.org\",\"@graph\":[{\"@type\":\"Article\",\"@id\":\"https:\\\/\\\/www.bellunopress.it\\\/2011\\\/01\\\/01\\\/ucciso-da-un-cecchino-in-afghanistan-un-alpino-del-vii-reggimento-di-belluno\\\/#article\",\"isPartOf\":{\"@id\":\"https:\\\/\\\/www.bellunopress.it\\\/2011\\\/01\\\/01\\\/ucciso-da-un-cecchino-in-afghanistan-un-alpino-del-vii-reggimento-di-belluno\\\/\"},\"author\":{\"name\":\"redazione\",\"@id\":\"https:\\\/\\\/www.bellunopress.it\\\/#\\\/schema\\\/person\\\/79bb06722b37ece1c03d3e94beb30d73\"},\"headline\":\"Ucciso da un cecchino in Afghanistan un alpino del VII reggimento di Belluno\",\"datePublished\":\"2011-01-01T20:24:46+00:00\",\"dateModified\":\"2011-01-01T20:26:41+00:00\",\"mainEntityOfPage\":{\"@id\":\"https:\\\/\\\/www.bellunopress.it\\\/2011\\\/01\\\/01\\\/ucciso-da-un-cecchino-in-afghanistan-un-alpino-del-vii-reggimento-di-belluno\\\/\"},\"wordCount\":255,\"publisher\":{\"@id\":\"https:\\\/\\\/www.bellunopress.it\\\/#organization\"},\"articleSection\":[\"Cronaca\\\/Politica\"],\"inLanguage\":\"fr-FR\"},{\"@type\":\"WebPage\",\"@id\":\"https:\\\/\\\/www.bellunopress.it\\\/2011\\\/01\\\/01\\\/ucciso-da-un-cecchino-in-afghanistan-un-alpino-del-vii-reggimento-di-belluno\\\/\",\"url\":\"https:\\\/\\\/www.bellunopress.it\\\/2011\\\/01\\\/01\\\/ucciso-da-un-cecchino-in-afghanistan-un-alpino-del-vii-reggimento-di-belluno\\\/\",\"name\":\"Ucciso da un cecchino in Afghanistan un alpino del VII reggimento di Belluno - Bellunopress - Dolomiti\",\"isPartOf\":{\"@id\":\"https:\\\/\\\/www.bellunopress.it\\\/#website\"},\"datePublished\":\"2011-01-01T20:24:46+00:00\",\"dateModified\":\"2011-01-01T20:26:41+00:00\",\"breadcrumb\":{\"@id\":\"https:\\\/\\\/www.bellunopress.it\\\/2011\\\/01\\\/01\\\/ucciso-da-un-cecchino-in-afghanistan-un-alpino-del-vii-reggimento-di-belluno\\\/#breadcrumb\"},\"inLanguage\":\"fr-FR\",\"potentialAction\":[{\"@type\":\"ReadAction\",\"target\":[\"https:\\\/\\\/www.bellunopress.it\\\/2011\\\/01\\\/01\\\/ucciso-da-un-cecchino-in-afghanistan-un-alpino-del-vii-reggimento-di-belluno\\\/\"]}]},{\"@type\":\"BreadcrumbList\",\"@id\":\"https:\\\/\\\/www.bellunopress.it\\\/2011\\\/01\\\/01\\\/ucciso-da-un-cecchino-in-afghanistan-un-alpino-del-vii-reggimento-di-belluno\\\/#breadcrumb\",\"itemListElement\":[{\"@type\":\"ListItem\",\"position\":1,\"name\":\"Home\",\"item\":\"https:\\\/\\\/www.bellunopress.it\\\/\"},{\"@type\":\"ListItem\",\"position\":2,\"name\":\"Ucciso da un cecchino in Afghanistan un alpino del VII reggimento di Belluno\"}]},{\"@type\":\"WebSite\",\"@id\":\"https:\\\/\\\/www.bellunopress.it\\\/#website\",\"url\":\"https:\\\/\\\/www.bellunopress.it\\\/\",\"name\":\"Bellunopress - Dolomiti\",\"description\":\"e-mail: redazione@bellunopress.it\",\"publisher\":{\"@id\":\"https:\\\/\\\/www.bellunopress.it\\\/#organization\"},\"potentialAction\":[{\"@type\":\"SearchAction\",\"target\":{\"@type\":\"EntryPoint\",\"urlTemplate\":\"https:\\\/\\\/www.bellunopress.it\\\/?s={search_term_string}\"},\"query-input\":{\"@type\":\"PropertyValueSpecification\",\"valueRequired\":true,\"valueName\":\"search_term_string\"}}],\"inLanguage\":\"fr-FR\"},{\"@type\":\"Organization\",\"@id\":\"https:\\\/\\\/www.bellunopress.it\\\/#organization\",\"name\":\"Bellunopress\",\"url\":\"https:\\\/\\\/www.bellunopress.it\\\/\",\"logo\":{\"@type\":\"ImageObject\",\"inLanguage\":\"fr-FR\",\"@id\":\"https:\\\/\\\/www.bellunopress.it\\\/#\\\/schema\\\/logo\\\/image\\\/\",\"url\":\"https:\\\/\\\/www.bellunopress.it\\\/wp-content\\\/uploads\\\/2011\\\/05\\\/cropped-logo-bellunopress-.jpg\",\"contentUrl\":\"https:\\\/\\\/www.bellunopress.it\\\/wp-content\\\/uploads\\\/2011\\\/05\\\/cropped-logo-bellunopress-.jpg\",\"width\":512,\"height\":512,\"caption\":\"Bellunopress\"},\"image\":{\"@id\":\"https:\\\/\\\/www.bellunopress.it\\\/#\\\/schema\\\/logo\\\/image\\\/\"},\"sameAs\":[\"https:\\\/\\\/www.facebook.com\\\/profile.php?id=100008943462799\",\"https:\\\/\\\/x.com\\\/bellunopress\",\"https:\\\/\\\/www.linkedin.com\\\/hp\\\/?dnr=JBzUWaJfMUw8vbXJJ2tVW5-I3jZKvC4wsoxE&amp;amp;amp;amp;amp;amp;trk=nav_responsive_tab_home\",\"https:\\\/\\\/www.youtube.com\\\/channel\\\/UCxL0wu1uN0_3_7hGG0306cw\"]},{\"@type\":\"Person\",\"@id\":\"https:\\\/\\\/www.bellunopress.it\\\/#\\\/schema\\\/person\\\/79bb06722b37ece1c03d3e94beb30d73\",\"name\":\"redazione\",\"image\":{\"@type\":\"ImageObject\",\"inLanguage\":\"fr-FR\",\"@id\":\"https:\\\/\\\/secure.gravatar.com\\\/avatar\\\/37d968a2e67a6fd04c169c4bdef102d0bc5d31b2546345219e348575eb80e9a0?s=96&d=mm&r=g\",\"url\":\"https:\\\/\\\/secure.gravatar.com\\\/avatar\\\/37d968a2e67a6fd04c169c4bdef102d0bc5d31b2546345219e348575eb80e9a0?s=96&d=mm&r=g\",\"contentUrl\":\"https:\\\/\\\/secure.gravatar.com\\\/avatar\\\/37d968a2e67a6fd04c169c4bdef102d0bc5d31b2546345219e348575eb80e9a0?s=96&d=mm&r=g\",\"caption\":\"redazione\"},\"sameAs\":[\"http:\\\/\\\/www.bellunopress.it\",\"https:\\\/\\\/x.com\\\/bellunopress\"],\"url\":\"https:\\\/\\\/www.bellunopress.it\\\/fr\\\/author\\\/redazione\\\/\"}]}<\/script>\n<!-- \/ Yoast SEO plugin. -->","yoast_head_json":{"title":"Ucciso da un cecchino in Afghanistan un alpino del VII reggimento di Belluno - Bellunopress - Dolomiti","robots":{"index":"index","follow":"follow","max-snippet":"max-snippet:-1","max-image-preview":"max-image-preview:large","max-video-preview":"max-video-preview:-1"},"canonical":"https:\/\/www.bellunopress.it\/fr\/2011\/01\/01\/ucciso-da-un-cecchino-in-afghanistan-un-alpino-del-vii-reggimento-di-belluno\/","og_locale":"fr_FR","og_type":"article","og_title":"Ucciso da un cecchino in Afghanistan un alpino del VII reggimento di Belluno - Bellunopress - Dolomiti","og_description":"Matteo Miotto, 24 anni, un giovane alpino del\u00a0VII reggimento di Belluno, \u00e8 stato ucciso da un cecchino venerd\u00ec scorso in Afghanistan, nella regione del Gulistan a ovest del Paese. Si tratta di una delle zone pi\u00f9 rischiose del settore affidato al controllo dei militari italiani, soprattutto alpini. Miotto, originario di Thiene, in provincia di Vicenza, [&hellip;]","og_url":"https:\/\/www.bellunopress.it\/fr\/2011\/01\/01\/ucciso-da-un-cecchino-in-afghanistan-un-alpino-del-vii-reggimento-di-belluno\/","og_site_name":"Bellunopress - Dolomiti","article_publisher":"https:\/\/www.facebook.com\/profile.php?id=100008943462799","article_published_time":"2011-01-01T20:24:46+00:00","article_modified_time":"2011-01-01T20:26:41+00:00","og_image":[{"url":"http:\/\/www.bellunopress.it\/wp-content\/uploads\/2012\/07\/logo-bellunopress-250x250-2012.jpg","type":"","width":"","height":""}],"author":"redazione","twitter_card":"summary_large_image","twitter_creator":"@bellunopress","twitter_site":"@bellunopress","twitter_misc":{"\u00c9crit par":"redazione","Dur\u00e9e de lecture estim\u00e9e":"1 minute"},"schema":{"@context":"https:\/\/schema.org","@graph":[{"@type":"Article","@id":"https:\/\/www.bellunopress.it\/2011\/01\/01\/ucciso-da-un-cecchino-in-afghanistan-un-alpino-del-vii-reggimento-di-belluno\/#article","isPartOf":{"@id":"https:\/\/www.bellunopress.it\/2011\/01\/01\/ucciso-da-un-cecchino-in-afghanistan-un-alpino-del-vii-reggimento-di-belluno\/"},"author":{"name":"redazione","@id":"https:\/\/www.bellunopress.it\/#\/schema\/person\/79bb06722b37ece1c03d3e94beb30d73"},"headline":"Ucciso da un cecchino in Afghanistan un alpino del VII reggimento di Belluno","datePublished":"2011-01-01T20:24:46+00:00","dateModified":"2011-01-01T20:26:41+00:00","mainEntityOfPage":{"@id":"https:\/\/www.bellunopress.it\/2011\/01\/01\/ucciso-da-un-cecchino-in-afghanistan-un-alpino-del-vii-reggimento-di-belluno\/"},"wordCount":255,"publisher":{"@id":"https:\/\/www.bellunopress.it\/#organization"},"articleSection":["Cronaca\/Politica"],"inLanguage":"fr-FR"},{"@type":"WebPage","@id":"https:\/\/www.bellunopress.it\/2011\/01\/01\/ucciso-da-un-cecchino-in-afghanistan-un-alpino-del-vii-reggimento-di-belluno\/","url":"https:\/\/www.bellunopress.it\/2011\/01\/01\/ucciso-da-un-cecchino-in-afghanistan-un-alpino-del-vii-reggimento-di-belluno\/","name":"Ucciso da un cecchino in Afghanistan un alpino del VII reggimento di Belluno - Bellunopress - Dolomiti","isPartOf":{"@id":"https:\/\/www.bellunopress.it\/#website"},"datePublished":"2011-01-01T20:24:46+00:00","dateModified":"2011-01-01T20:26:41+00:00","breadcrumb":{"@id":"https:\/\/www.bellunopress.it\/2011\/01\/01\/ucciso-da-un-cecchino-in-afghanistan-un-alpino-del-vii-reggimento-di-belluno\/#breadcrumb"},"inLanguage":"fr-FR","potentialAction":[{"@type":"ReadAction","target":["https:\/\/www.bellunopress.it\/2011\/01\/01\/ucciso-da-un-cecchino-in-afghanistan-un-alpino-del-vii-reggimento-di-belluno\/"]}]},{"@type":"BreadcrumbList","@id":"https:\/\/www.bellunopress.it\/2011\/01\/01\/ucciso-da-un-cecchino-in-afghanistan-un-alpino-del-vii-reggimento-di-belluno\/#breadcrumb","itemListElement":[{"@type":"ListItem","position":1,"name":"Home","item":"https:\/\/www.bellunopress.it\/"},{"@type":"ListItem","position":2,"name":"Ucciso da un cecchino in Afghanistan un alpino del VII reggimento di Belluno"}]},{"@type":"WebSite","@id":"https:\/\/www.bellunopress.it\/#website","url":"https:\/\/www.bellunopress.it\/","name":"Bellunopress - Dolomiti","description":"e-mail: redazione@bellunopress.it","publisher":{"@id":"https:\/\/www.bellunopress.it\/#organization"},"potentialAction":[{"@type":"SearchAction","target":{"@type":"EntryPoint","urlTemplate":"https:\/\/www.bellunopress.it\/?s={search_term_string}"},"query-input":{"@type":"PropertyValueSpecification","valueRequired":true,"valueName":"search_term_string"}}],"inLanguage":"fr-FR"},{"@type":"Organization","@id":"https:\/\/www.bellunopress.it\/#organization","name":"Bellunopress","url":"https:\/\/www.bellunopress.it\/","logo":{"@type":"ImageObject","inLanguage":"fr-FR","@id":"https:\/\/www.bellunopress.it\/#\/schema\/logo\/image\/","url":"https:\/\/www.bellunopress.it\/wp-content\/uploads\/2011\/05\/cropped-logo-bellunopress-.jpg","contentUrl":"https:\/\/www.bellunopress.it\/wp-content\/uploads\/2011\/05\/cropped-logo-bellunopress-.jpg","width":512,"height":512,"caption":"Bellunopress"},"image":{"@id":"https:\/\/www.bellunopress.it\/#\/schema\/logo\/image\/"},"sameAs":["https:\/\/www.facebook.com\/profile.php?id=100008943462799","https:\/\/x.com\/bellunopress","https:\/\/www.linkedin.com\/hp\/?dnr=JBzUWaJfMUw8vbXJJ2tVW5-I3jZKvC4wsoxE&amp;amp;amp;amp;amp;amp;trk=nav_responsive_tab_home","https:\/\/www.youtube.com\/channel\/UCxL0wu1uN0_3_7hGG0306cw"]},{"@type":"Person","@id":"https:\/\/www.bellunopress.it\/#\/schema\/person\/79bb06722b37ece1c03d3e94beb30d73","name":"r\u00e9daction","image":{"@type":"ImageObject","inLanguage":"fr-FR","@id":"https:\/\/secure.gravatar.com\/avatar\/37d968a2e67a6fd04c169c4bdef102d0bc5d31b2546345219e348575eb80e9a0?s=96&d=mm&r=g","url":"https:\/\/secure.gravatar.com\/avatar\/37d968a2e67a6fd04c169c4bdef102d0bc5d31b2546345219e348575eb80e9a0?s=96&d=mm&r=g","contentUrl":"https:\/\/secure.gravatar.com\/avatar\/37d968a2e67a6fd04c169c4bdef102d0bc5d31b2546345219e348575eb80e9a0?s=96&d=mm&r=g","caption":"redazione"},"sameAs":["http:\/\/www.bellunopress.it","https:\/\/x.com\/bellunopress"],"url":"https:\/\/www.bellunopress.it\/fr\/author\/redazione\/"}]}},"_links":{"self":[{"href":"https:\/\/www.bellunopress.it\/fr\/wp-json\/wp\/v2\/posts\/22539","targetHints":{"allow":["GET"]}}],"collection":[{"href":"https:\/\/www.bellunopress.it\/fr\/wp-json\/wp\/v2\/posts"}],"about":[{"href":"https:\/\/www.bellunopress.it\/fr\/wp-json\/wp\/v2\/types\/post"}],"author":[{"embeddable":true,"href":"https:\/\/www.bellunopress.it\/fr\/wp-json\/wp\/v2\/users\/2"}],"replies":[{"embeddable":true,"href":"https:\/\/www.bellunopress.it\/fr\/wp-json\/wp\/v2\/comments?post=22539"}],"version-history":[{"count":2,"href":"https:\/\/www.bellunopress.it\/fr\/wp-json\/wp\/v2\/posts\/22539\/revisions"}],"predecessor-version":[{"id":22541,"href":"https:\/\/www.bellunopress.it\/fr\/wp-json\/wp\/v2\/posts\/22539\/revisions\/22541"}],"wp:attachment":[{"href":"https:\/\/www.bellunopress.it\/fr\/wp-json\/wp\/v2\/media?parent=22539"}],"wp:term":[{"taxonomy":"category","embeddable":true,"href":"https:\/\/www.bellunopress.it\/fr\/wp-json\/wp\/v2\/categories?post=22539"},{"taxonomy":"post_tag","embeddable":true,"href":"https:\/\/www.bellunopress.it\/fr\/wp-json\/wp\/v2\/tags?post=22539"}],"curies":[{"name":"wp","href":"https:\/\/api.w.org\/{rel}","templated":true}]}}