{"id":22535,"date":"2011-01-01T21:05:22","date_gmt":"2011-01-01T20:05:22","guid":{"rendered":"http:\/\/www.bellunopress.it\/?p=22535"},"modified":"2011-01-01T21:06:05","modified_gmt":"2011-01-01T20:06:05","slug":"lorena-favot-canta-mina-allosteria-dei-miracoli-in-val-morel-l8-gennaio","status":"publish","type":"post","link":"https:\/\/www.bellunopress.it\/fr\/2011\/01\/01\/lorena-favot-canta-mina-allosteria-dei-miracoli-in-val-morel-l8-gennaio\/","title":{"rendered":"Lorena Favot canta Mina all&#8217;osteria dei Miracoli in Val Morel l&#8217;8 gennaio"},"content":{"rendered":"<p>Musica e buona cucina (8 aprile dalle ore 20), dall&#8217;antipasto al dolce con il radicchio bio di Santa Giustina. Lorena Favot sar\u00e0 accompagnata da Gianni Regeni al basso, Gaetano Valli alla chitarra. Nella carriera di una vocalist, l&#8217;occasione di confrontarsi con Mina, unanimemente riconosciuta come la regina delle cantanti italiane, \u00e8 probabilmente inevitabile. Nel caso di Lorena Favot, una delle voci pi\u00f9 apprezzate del nord-est d&#8217;Italia, tale confronto \u00e8 da anni una costante nei suoi progetti. Nelle sue performances sono presenti, come \u00e8 ovvio, brani resi immortali dalle interpretazioni della \u201cTigre di Cremona\u201d, ma anche evergreen internazionali, forse meno noti ai suoi fans, che dimostrano la straordinaria versatilit\u00e0 di Mina anche nelle vesti di cantante jazz.<\/p>","protected":false},"excerpt":{"rendered":"<p>Musica e buona cucina (8 aprile dalle ore 20), dall&#8217;antipasto al dolce con il radicchio bio di Santa Giustina. Lorena Favot sar\u00e0 accompagnata da Gianni Regeni al basso, Gaetano Valli alla chitarra. Nella carriera di una vocalist, l&#8217;occasione di confrontarsi con Mina, unanimemente riconosciuta come la regina delle cantanti italiane, \u00e8 probabilmente inevitabile. Nel caso [&hellip;]<\/p>\n","protected":false},"author":2,"featured_media":0,"comment_status":"closed","ping_status":"open","sticky":false,"template":"","format":"standard","meta":{"footnotes":""},"categories":[3,25],"tags":[],"class_list":["post-22535","post","type-post","status-publish","format-standard","category-arte-cultura-spettacoli-scienza-archivi","category-pausa-caffe"],"yoast_head":"<!-- This site is optimized with the Yoast SEO plugin v28.4 - https:\/\/yoast.com\/product\/yoast-seo-wordpress\/ -->\n<title>Lorena Favot canta Mina all&#039;osteria dei Miracoli in Val Morel l&#039;8 gennaio - Bellunopress - Dolomiti<\/title>\n<meta name=\"robots\" content=\"index, follow, max-snippet:-1, max-image-preview:large, max-video-preview:-1\" \/>\n<link rel=\"canonical\" href=\"https:\/\/www.bellunopress.it\/fr\/2011\/01\/01\/lorena-favot-canta-mina-allosteria-dei-miracoli-in-val-morel-l8-gennaio\/\" \/>\n<meta property=\"og:locale\" content=\"fr_FR\" \/>\n<meta property=\"og:type\" content=\"article\" \/>\n<meta property=\"og:title\" content=\"Lorena Favot canta Mina all&#039;osteria dei Miracoli in Val Morel l&#039;8 gennaio - Bellunopress - Dolomiti\" \/>\n<meta property=\"og:description\" content=\"Musica e buona cucina (8 aprile dalle ore 20), dall&#8217;antipasto al dolce con il radicchio bio di Santa Giustina. Lorena Favot sar\u00e0 accompagnata da Gianni Regeni al basso, Gaetano Valli alla chitarra. Nella carriera di una vocalist, l&#8217;occasione di confrontarsi con Mina, unanimemente riconosciuta come la regina delle cantanti italiane, \u00e8 probabilmente inevitabile. Nel caso [&hellip;]\" \/>\n<meta property=\"og:url\" content=\"https:\/\/www.bellunopress.it\/fr\/2011\/01\/01\/lorena-favot-canta-mina-allosteria-dei-miracoli-in-val-morel-l8-gennaio\/\" \/>\n<meta property=\"og:site_name\" content=\"Bellunopress - Dolomiti\" \/>\n<meta property=\"article:publisher\" content=\"https:\/\/www.facebook.com\/profile.php?id=100008943462799\" \/>\n<meta property=\"article:published_time\" content=\"2011-01-01T20:05:22+00:00\" \/>\n<meta property=\"article:modified_time\" content=\"2011-01-01T20:06:05+00:00\" \/>\n<meta property=\"og:image\" content=\"http:\/\/www.bellunopress.it\/wp-content\/uploads\/2012\/07\/logo-bellunopress-250x250-2012.jpg\" \/>\n<meta name=\"author\" content=\"redazione\" \/>\n<meta name=\"twitter:card\" content=\"summary_large_image\" \/>\n<meta name=\"twitter:creator\" content=\"@bellunopress\" \/>\n<meta name=\"twitter:site\" content=\"@bellunopress\" \/>\n<meta name=\"twitter:label1\" content=\"\u00c9crit par\" \/>\n\t<meta name=\"twitter:data1\" content=\"redazione\" \/>\n\t<meta name=\"twitter:label2\" content=\"Dur\u00e9e de lecture estim\u00e9e\" \/>\n\t<meta name=\"twitter:data2\" content=\"1 minute\" \/>\n<script type=\"application\/ld+json\" class=\"yoast-schema-graph\">{\"@context\":\"https:\\\/\\\/schema.org\",\"@graph\":[{\"@type\":\"Article\",\"@id\":\"https:\\\/\\\/www.bellunopress.it\\\/2011\\\/01\\\/01\\\/lorena-favot-canta-mina-allosteria-dei-miracoli-in-val-morel-l8-gennaio\\\/#article\",\"isPartOf\":{\"@id\":\"https:\\\/\\\/www.bellunopress.it\\\/2011\\\/01\\\/01\\\/lorena-favot-canta-mina-allosteria-dei-miracoli-in-val-morel-l8-gennaio\\\/\"},\"author\":{\"name\":\"redazione\",\"@id\":\"https:\\\/\\\/www.bellunopress.it\\\/#\\\/schema\\\/person\\\/79bb06722b37ece1c03d3e94beb30d73\"},\"headline\":\"Lorena Favot canta Mina all&#8217;osteria dei Miracoli in Val Morel l&#8217;8 gennaio\",\"datePublished\":\"2011-01-01T20:05:22+00:00\",\"dateModified\":\"2011-01-01T20:06:05+00:00\",\"mainEntityOfPage\":{\"@id\":\"https:\\\/\\\/www.bellunopress.it\\\/2011\\\/01\\\/01\\\/lorena-favot-canta-mina-allosteria-dei-miracoli-in-val-morel-l8-gennaio\\\/\"},\"wordCount\":127,\"publisher\":{\"@id\":\"https:\\\/\\\/www.bellunopress.it\\\/#organization\"},\"articleSection\":[\"Arte, Cultura, Spettacoli, Scienza\",\"Pausa Caff\u00e8\"],\"inLanguage\":\"fr-FR\"},{\"@type\":\"WebPage\",\"@id\":\"https:\\\/\\\/www.bellunopress.it\\\/2011\\\/01\\\/01\\\/lorena-favot-canta-mina-allosteria-dei-miracoli-in-val-morel-l8-gennaio\\\/\",\"url\":\"https:\\\/\\\/www.bellunopress.it\\\/2011\\\/01\\\/01\\\/lorena-favot-canta-mina-allosteria-dei-miracoli-in-val-morel-l8-gennaio\\\/\",\"name\":\"Lorena Favot canta Mina all'osteria dei Miracoli in Val Morel l'8 gennaio - Bellunopress - Dolomiti\",\"isPartOf\":{\"@id\":\"https:\\\/\\\/www.bellunopress.it\\\/#website\"},\"datePublished\":\"2011-01-01T20:05:22+00:00\",\"dateModified\":\"2011-01-01T20:06:05+00:00\",\"breadcrumb\":{\"@id\":\"https:\\\/\\\/www.bellunopress.it\\\/2011\\\/01\\\/01\\\/lorena-favot-canta-mina-allosteria-dei-miracoli-in-val-morel-l8-gennaio\\\/#breadcrumb\"},\"inLanguage\":\"fr-FR\",\"potentialAction\":[{\"@type\":\"ReadAction\",\"target\":[\"https:\\\/\\\/www.bellunopress.it\\\/2011\\\/01\\\/01\\\/lorena-favot-canta-mina-allosteria-dei-miracoli-in-val-morel-l8-gennaio\\\/\"]}]},{\"@type\":\"BreadcrumbList\",\"@id\":\"https:\\\/\\\/www.bellunopress.it\\\/2011\\\/01\\\/01\\\/lorena-favot-canta-mina-allosteria-dei-miracoli-in-val-morel-l8-gennaio\\\/#breadcrumb\",\"itemListElement\":[{\"@type\":\"ListItem\",\"position\":1,\"name\":\"Home\",\"item\":\"https:\\\/\\\/www.bellunopress.it\\\/\"},{\"@type\":\"ListItem\",\"position\":2,\"name\":\"Lorena Favot canta Mina all&#8217;osteria dei Miracoli in Val Morel l&#8217;8 gennaio\"}]},{\"@type\":\"WebSite\",\"@id\":\"https:\\\/\\\/www.bellunopress.it\\\/#website\",\"url\":\"https:\\\/\\\/www.bellunopress.it\\\/\",\"name\":\"Bellunopress - Dolomiti\",\"description\":\"e-mail: redazione@bellunopress.it\",\"publisher\":{\"@id\":\"https:\\\/\\\/www.bellunopress.it\\\/#organization\"},\"potentialAction\":[{\"@type\":\"SearchAction\",\"target\":{\"@type\":\"EntryPoint\",\"urlTemplate\":\"https:\\\/\\\/www.bellunopress.it\\\/?s={search_term_string}\"},\"query-input\":{\"@type\":\"PropertyValueSpecification\",\"valueRequired\":true,\"valueName\":\"search_term_string\"}}],\"inLanguage\":\"fr-FR\"},{\"@type\":\"Organization\",\"@id\":\"https:\\\/\\\/www.bellunopress.it\\\/#organization\",\"name\":\"Bellunopress\",\"url\":\"https:\\\/\\\/www.bellunopress.it\\\/\",\"logo\":{\"@type\":\"ImageObject\",\"inLanguage\":\"fr-FR\",\"@id\":\"https:\\\/\\\/www.bellunopress.it\\\/#\\\/schema\\\/logo\\\/image\\\/\",\"url\":\"https:\\\/\\\/www.bellunopress.it\\\/wp-content\\\/uploads\\\/2011\\\/05\\\/cropped-logo-bellunopress-.jpg\",\"contentUrl\":\"https:\\\/\\\/www.bellunopress.it\\\/wp-content\\\/uploads\\\/2011\\\/05\\\/cropped-logo-bellunopress-.jpg\",\"width\":512,\"height\":512,\"caption\":\"Bellunopress\"},\"image\":{\"@id\":\"https:\\\/\\\/www.bellunopress.it\\\/#\\\/schema\\\/logo\\\/image\\\/\"},\"sameAs\":[\"https:\\\/\\\/www.facebook.com\\\/profile.php?id=100008943462799\",\"https:\\\/\\\/x.com\\\/bellunopress\",\"https:\\\/\\\/www.linkedin.com\\\/hp\\\/?dnr=JBzUWaJfMUw8vbXJJ2tVW5-I3jZKvC4wsoxE&amp;amp;amp;amp;amp;amp;trk=nav_responsive_tab_home\",\"https:\\\/\\\/www.youtube.com\\\/channel\\\/UCxL0wu1uN0_3_7hGG0306cw\"]},{\"@type\":\"Person\",\"@id\":\"https:\\\/\\\/www.bellunopress.it\\\/#\\\/schema\\\/person\\\/79bb06722b37ece1c03d3e94beb30d73\",\"name\":\"redazione\",\"image\":{\"@type\":\"ImageObject\",\"inLanguage\":\"fr-FR\",\"@id\":\"https:\\\/\\\/secure.gravatar.com\\\/avatar\\\/37d968a2e67a6fd04c169c4bdef102d0bc5d31b2546345219e348575eb80e9a0?s=96&d=mm&r=g\",\"url\":\"https:\\\/\\\/secure.gravatar.com\\\/avatar\\\/37d968a2e67a6fd04c169c4bdef102d0bc5d31b2546345219e348575eb80e9a0?s=96&d=mm&r=g\",\"contentUrl\":\"https:\\\/\\\/secure.gravatar.com\\\/avatar\\\/37d968a2e67a6fd04c169c4bdef102d0bc5d31b2546345219e348575eb80e9a0?s=96&d=mm&r=g\",\"caption\":\"redazione\"},\"sameAs\":[\"http:\\\/\\\/www.bellunopress.it\",\"https:\\\/\\\/x.com\\\/bellunopress\"],\"url\":\"https:\\\/\\\/www.bellunopress.it\\\/fr\\\/author\\\/redazione\\\/\"}]}<\/script>\n<!-- \/ Yoast SEO plugin. -->","yoast_head_json":{"title":"Lorena Favot canta Mina all'osteria dei Miracoli in Val Morel l'8 gennaio - Bellunopress - Dolomiti","robots":{"index":"index","follow":"follow","max-snippet":"max-snippet:-1","max-image-preview":"max-image-preview:large","max-video-preview":"max-video-preview:-1"},"canonical":"https:\/\/www.bellunopress.it\/fr\/2011\/01\/01\/lorena-favot-canta-mina-allosteria-dei-miracoli-in-val-morel-l8-gennaio\/","og_locale":"fr_FR","og_type":"article","og_title":"Lorena Favot canta Mina all'osteria dei Miracoli in Val Morel l'8 gennaio - Bellunopress - Dolomiti","og_description":"Musica e buona cucina (8 aprile dalle ore 20), dall&#8217;antipasto al dolce con il radicchio bio di Santa Giustina. Lorena Favot sar\u00e0 accompagnata da Gianni Regeni al basso, Gaetano Valli alla chitarra. Nella carriera di una vocalist, l&#8217;occasione di confrontarsi con Mina, unanimemente riconosciuta come la regina delle cantanti italiane, \u00e8 probabilmente inevitabile. Nel caso [&hellip;]","og_url":"https:\/\/www.bellunopress.it\/fr\/2011\/01\/01\/lorena-favot-canta-mina-allosteria-dei-miracoli-in-val-morel-l8-gennaio\/","og_site_name":"Bellunopress - Dolomiti","article_publisher":"https:\/\/www.facebook.com\/profile.php?id=100008943462799","article_published_time":"2011-01-01T20:05:22+00:00","article_modified_time":"2011-01-01T20:06:05+00:00","og_image":[{"url":"http:\/\/www.bellunopress.it\/wp-content\/uploads\/2012\/07\/logo-bellunopress-250x250-2012.jpg","type":"","width":"","height":""}],"author":"redazione","twitter_card":"summary_large_image","twitter_creator":"@bellunopress","twitter_site":"@bellunopress","twitter_misc":{"\u00c9crit par":"redazione","Dur\u00e9e de lecture estim\u00e9e":"1 minute"},"schema":{"@context":"https:\/\/schema.org","@graph":[{"@type":"Article","@id":"https:\/\/www.bellunopress.it\/2011\/01\/01\/lorena-favot-canta-mina-allosteria-dei-miracoli-in-val-morel-l8-gennaio\/#article","isPartOf":{"@id":"https:\/\/www.bellunopress.it\/2011\/01\/01\/lorena-favot-canta-mina-allosteria-dei-miracoli-in-val-morel-l8-gennaio\/"},"author":{"name":"redazione","@id":"https:\/\/www.bellunopress.it\/#\/schema\/person\/79bb06722b37ece1c03d3e94beb30d73"},"headline":"Lorena Favot canta Mina all&#8217;osteria dei Miracoli in Val Morel l&#8217;8 gennaio","datePublished":"2011-01-01T20:05:22+00:00","dateModified":"2011-01-01T20:06:05+00:00","mainEntityOfPage":{"@id":"https:\/\/www.bellunopress.it\/2011\/01\/01\/lorena-favot-canta-mina-allosteria-dei-miracoli-in-val-morel-l8-gennaio\/"},"wordCount":127,"publisher":{"@id":"https:\/\/www.bellunopress.it\/#organization"},"articleSection":["Arte, Cultura, Spettacoli, Scienza","Pausa Caff\u00e8"],"inLanguage":"fr-FR"},{"@type":"WebPage","@id":"https:\/\/www.bellunopress.it\/2011\/01\/01\/lorena-favot-canta-mina-allosteria-dei-miracoli-in-val-morel-l8-gennaio\/","url":"https:\/\/www.bellunopress.it\/2011\/01\/01\/lorena-favot-canta-mina-allosteria-dei-miracoli-in-val-morel-l8-gennaio\/","name":"Lorena Favot canta Mina all'osteria dei Miracoli in Val Morel l'8 gennaio - Bellunopress - Dolomiti","isPartOf":{"@id":"https:\/\/www.bellunopress.it\/#website"},"datePublished":"2011-01-01T20:05:22+00:00","dateModified":"2011-01-01T20:06:05+00:00","breadcrumb":{"@id":"https:\/\/www.bellunopress.it\/2011\/01\/01\/lorena-favot-canta-mina-allosteria-dei-miracoli-in-val-morel-l8-gennaio\/#breadcrumb"},"inLanguage":"fr-FR","potentialAction":[{"@type":"ReadAction","target":["https:\/\/www.bellunopress.it\/2011\/01\/01\/lorena-favot-canta-mina-allosteria-dei-miracoli-in-val-morel-l8-gennaio\/"]}]},{"@type":"BreadcrumbList","@id":"https:\/\/www.bellunopress.it\/2011\/01\/01\/lorena-favot-canta-mina-allosteria-dei-miracoli-in-val-morel-l8-gennaio\/#breadcrumb","itemListElement":[{"@type":"ListItem","position":1,"name":"Home","item":"https:\/\/www.bellunopress.it\/"},{"@type":"ListItem","position":2,"name":"Lorena Favot canta Mina all&#8217;osteria dei Miracoli in Val Morel l&#8217;8 gennaio"}]},{"@type":"WebSite","@id":"https:\/\/www.bellunopress.it\/#website","url":"https:\/\/www.bellunopress.it\/","name":"Bellunopress - Dolomiti","description":"e-mail: redazione@bellunopress.it","publisher":{"@id":"https:\/\/www.bellunopress.it\/#organization"},"potentialAction":[{"@type":"SearchAction","target":{"@type":"EntryPoint","urlTemplate":"https:\/\/www.bellunopress.it\/?s={search_term_string}"},"query-input":{"@type":"PropertyValueSpecification","valueRequired":true,"valueName":"search_term_string"}}],"inLanguage":"fr-FR"},{"@type":"Organization","@id":"https:\/\/www.bellunopress.it\/#organization","name":"Bellunopress","url":"https:\/\/www.bellunopress.it\/","logo":{"@type":"ImageObject","inLanguage":"fr-FR","@id":"https:\/\/www.bellunopress.it\/#\/schema\/logo\/image\/","url":"https:\/\/www.bellunopress.it\/wp-content\/uploads\/2011\/05\/cropped-logo-bellunopress-.jpg","contentUrl":"https:\/\/www.bellunopress.it\/wp-content\/uploads\/2011\/05\/cropped-logo-bellunopress-.jpg","width":512,"height":512,"caption":"Bellunopress"},"image":{"@id":"https:\/\/www.bellunopress.it\/#\/schema\/logo\/image\/"},"sameAs":["https:\/\/www.facebook.com\/profile.php?id=100008943462799","https:\/\/x.com\/bellunopress","https:\/\/www.linkedin.com\/hp\/?dnr=JBzUWaJfMUw8vbXJJ2tVW5-I3jZKvC4wsoxE&amp;amp;amp;amp;amp;amp;trk=nav_responsive_tab_home","https:\/\/www.youtube.com\/channel\/UCxL0wu1uN0_3_7hGG0306cw"]},{"@type":"Person","@id":"https:\/\/www.bellunopress.it\/#\/schema\/person\/79bb06722b37ece1c03d3e94beb30d73","name":"r\u00e9daction","image":{"@type":"ImageObject","inLanguage":"fr-FR","@id":"https:\/\/secure.gravatar.com\/avatar\/37d968a2e67a6fd04c169c4bdef102d0bc5d31b2546345219e348575eb80e9a0?s=96&d=mm&r=g","url":"https:\/\/secure.gravatar.com\/avatar\/37d968a2e67a6fd04c169c4bdef102d0bc5d31b2546345219e348575eb80e9a0?s=96&d=mm&r=g","contentUrl":"https:\/\/secure.gravatar.com\/avatar\/37d968a2e67a6fd04c169c4bdef102d0bc5d31b2546345219e348575eb80e9a0?s=96&d=mm&r=g","caption":"redazione"},"sameAs":["http:\/\/www.bellunopress.it","https:\/\/x.com\/bellunopress"],"url":"https:\/\/www.bellunopress.it\/fr\/author\/redazione\/"}]}},"_links":{"self":[{"href":"https:\/\/www.bellunopress.it\/fr\/wp-json\/wp\/v2\/posts\/22535","targetHints":{"allow":["GET"]}}],"collection":[{"href":"https:\/\/www.bellunopress.it\/fr\/wp-json\/wp\/v2\/posts"}],"about":[{"href":"https:\/\/www.bellunopress.it\/fr\/wp-json\/wp\/v2\/types\/post"}],"author":[{"embeddable":true,"href":"https:\/\/www.bellunopress.it\/fr\/wp-json\/wp\/v2\/users\/2"}],"replies":[{"embeddable":true,"href":"https:\/\/www.bellunopress.it\/fr\/wp-json\/wp\/v2\/comments?post=22535"}],"version-history":[{"count":3,"href":"https:\/\/www.bellunopress.it\/fr\/wp-json\/wp\/v2\/posts\/22535\/revisions"}],"predecessor-version":[{"id":22538,"href":"https:\/\/www.bellunopress.it\/fr\/wp-json\/wp\/v2\/posts\/22535\/revisions\/22538"}],"wp:attachment":[{"href":"https:\/\/www.bellunopress.it\/fr\/wp-json\/wp\/v2\/media?parent=22535"}],"wp:term":[{"taxonomy":"category","embeddable":true,"href":"https:\/\/www.bellunopress.it\/fr\/wp-json\/wp\/v2\/categories?post=22535"},{"taxonomy":"post_tag","embeddable":true,"href":"https:\/\/www.bellunopress.it\/fr\/wp-json\/wp\/v2\/tags?post=22535"}],"curies":[{"name":"wp","href":"https:\/\/api.w.org\/{rel}","templated":true}]}}