{"id":22523,"date":"2010-12-30T22:21:35","date_gmt":"2010-12-30T21:21:35","guid":{"rendered":"http:\/\/www.bellunopress.it\/?p=22523"},"modified":"2010-12-30T22:21:35","modified_gmt":"2010-12-30T21:21:35","slug":"una-settantina-le-squadre-gia-iscritte-alla-24ore-di-feltre-2011","status":"publish","type":"post","link":"https:\/\/www.bellunopress.it\/fr\/2010\/12\/30\/una-settantina-le-squadre-gia-iscritte-alla-24ore-di-feltre-2011\/","title":{"rendered":"Una settantina le squadre gi\u00e0 iscritte alla 24ore di Feltre 2011"},"content":{"rendered":"<p>Mancano sei mesi alla maratona ciclistica e sono circa una settantina le squadre gi\u00e0 iscritte alla 24 ore di Feltre, Castelli24h, del 10-11 giugno 2011. Dal 1 gennaio scatter\u00e0 la maggiorazione della quota di iscrizione e l\u2019elenco delle formazioni gi\u00e0 pronte a darsi battaglia sui pedali nel circuito cittadino lungo 1.850 metri, si allunga di giorno in giorno. Molte le squadre al loro esordio sul pav\u00e9 di Feltre, molte le vecchie conoscenze\u2026team che ormai dalle primissime edizioni non perdono la voglia di partecipare alla maratona.<br \/>\nTra i ritorni ci sar\u00e0 quasi sicuramente quello dei campioni olimpici Antonio Rossi (canoa), Yuri Chechi (anelli) e Alessandra Sensini (surf) che insieme hanno dato vita al Team Nissan. Non mancheranno i campioni di ieri e di oggi di ciclismo, ma anche di fondo con le formazioni portacolori dell\u2019azienda Sportful. E le squadre dell\u2019azienda Castelli con agenti, distributori e giornalisti che provengono da mezza Europa. Dopo la sperimentazione del 2010, anche per il 2011 torner\u00e0 la zona expo, una sorta di fiera dei ciclo con in mostra i prodotti legati al mondo del ciclismo. Ricordo che Castelli24h \u00e8 una maratona di ciclismo che si corre in un circuito realizzato attorno alle mura storiche di Feltre. Ogni squadra \u00e8 formata da 8-12 atleti che \u2013 a staffetta \u2013 si danno il cambio per le 24 ore. Vince la squadra che conclude il maggior numero di squadre<\/p>","protected":false},"excerpt":{"rendered":"<p>Mancano sei mesi alla maratona ciclistica e sono circa una settantina le squadre gi\u00e0 iscritte alla 24 ore di Feltre, Castelli24h, del 10-11 giugno 2011. Dal 1 gennaio scatter\u00e0 la maggiorazione della quota di iscrizione e l\u2019elenco delle formazioni gi\u00e0 pronte a darsi battaglia sui pedali nel circuito cittadino lungo 1.850 metri, si allunga di [&hellip;]<\/p>\n","protected":false},"author":2,"featured_media":0,"comment_status":"closed","ping_status":"open","sticky":false,"template":"","format":"standard","meta":{"footnotes":""},"categories":[25,4],"tags":[],"class_list":["post-22523","post","type-post","status-publish","format-standard","category-pausa-caffe","category-sport"],"yoast_head":"<!-- This site is optimized with the Yoast SEO plugin v28.4 - https:\/\/yoast.com\/product\/yoast-seo-wordpress\/ -->\n<title>Una settantina le squadre gi\u00e0 iscritte alla 24ore di Feltre 2011 - Bellunopress - Dolomiti<\/title>\n<meta name=\"robots\" content=\"index, follow, max-snippet:-1, max-image-preview:large, max-video-preview:-1\" \/>\n<link rel=\"canonical\" href=\"https:\/\/www.bellunopress.it\/fr\/2010\/12\/30\/una-settantina-le-squadre-gia-iscritte-alla-24ore-di-feltre-2011\/\" \/>\n<meta property=\"og:locale\" content=\"fr_FR\" \/>\n<meta property=\"og:type\" content=\"article\" \/>\n<meta property=\"og:title\" content=\"Una settantina le squadre gi\u00e0 iscritte alla 24ore di Feltre 2011 - Bellunopress - Dolomiti\" \/>\n<meta property=\"og:description\" content=\"Mancano sei mesi alla maratona ciclistica e sono circa una settantina le squadre gi\u00e0 iscritte alla 24 ore di Feltre, Castelli24h, del 10-11 giugno 2011. Dal 1 gennaio scatter\u00e0 la maggiorazione della quota di iscrizione e l\u2019elenco delle formazioni gi\u00e0 pronte a darsi battaglia sui pedali nel circuito cittadino lungo 1.850 metri, si allunga di [&hellip;]\" \/>\n<meta property=\"og:url\" content=\"https:\/\/www.bellunopress.it\/fr\/2010\/12\/30\/una-settantina-le-squadre-gia-iscritte-alla-24ore-di-feltre-2011\/\" \/>\n<meta property=\"og:site_name\" content=\"Bellunopress - Dolomiti\" \/>\n<meta property=\"article:publisher\" content=\"https:\/\/www.facebook.com\/profile.php?id=100008943462799\" \/>\n<meta property=\"article:published_time\" content=\"2010-12-30T21:21:35+00:00\" \/>\n<meta property=\"og:image\" content=\"http:\/\/www.bellunopress.it\/wp-content\/uploads\/2012\/07\/logo-bellunopress-250x250-2012.jpg\" \/>\n<meta name=\"author\" content=\"redazione\" \/>\n<meta name=\"twitter:card\" content=\"summary_large_image\" \/>\n<meta name=\"twitter:creator\" content=\"@bellunopress\" \/>\n<meta name=\"twitter:site\" content=\"@bellunopress\" \/>\n<meta name=\"twitter:label1\" content=\"\u00c9crit par\" \/>\n\t<meta name=\"twitter:data1\" content=\"redazione\" \/>\n\t<meta name=\"twitter:label2\" content=\"Dur\u00e9e de lecture estim\u00e9e\" \/>\n\t<meta name=\"twitter:data2\" content=\"1 minute\" \/>\n<script type=\"application\/ld+json\" class=\"yoast-schema-graph\">{\"@context\":\"https:\\\/\\\/schema.org\",\"@graph\":[{\"@type\":\"Article\",\"@id\":\"https:\\\/\\\/www.bellunopress.it\\\/2010\\\/12\\\/30\\\/una-settantina-le-squadre-gia-iscritte-alla-24ore-di-feltre-2011\\\/#article\",\"isPartOf\":{\"@id\":\"https:\\\/\\\/www.bellunopress.it\\\/2010\\\/12\\\/30\\\/una-settantina-le-squadre-gia-iscritte-alla-24ore-di-feltre-2011\\\/\"},\"author\":{\"name\":\"redazione\",\"@id\":\"https:\\\/\\\/www.bellunopress.it\\\/#\\\/schema\\\/person\\\/79bb06722b37ece1c03d3e94beb30d73\"},\"headline\":\"Una settantina le squadre gi\u00e0 iscritte alla 24ore di Feltre 2011\",\"datePublished\":\"2010-12-30T21:21:35+00:00\",\"mainEntityOfPage\":{\"@id\":\"https:\\\/\\\/www.bellunopress.it\\\/2010\\\/12\\\/30\\\/una-settantina-le-squadre-gia-iscritte-alla-24ore-di-feltre-2011\\\/\"},\"wordCount\":235,\"publisher\":{\"@id\":\"https:\\\/\\\/www.bellunopress.it\\\/#organization\"},\"articleSection\":[\"Pausa Caff\u00e8\",\"Sport, tempo libero\"],\"inLanguage\":\"fr-FR\"},{\"@type\":\"WebPage\",\"@id\":\"https:\\\/\\\/www.bellunopress.it\\\/2010\\\/12\\\/30\\\/una-settantina-le-squadre-gia-iscritte-alla-24ore-di-feltre-2011\\\/\",\"url\":\"https:\\\/\\\/www.bellunopress.it\\\/2010\\\/12\\\/30\\\/una-settantina-le-squadre-gia-iscritte-alla-24ore-di-feltre-2011\\\/\",\"name\":\"Una settantina le squadre gi\u00e0 iscritte alla 24ore di Feltre 2011 - Bellunopress - Dolomiti\",\"isPartOf\":{\"@id\":\"https:\\\/\\\/www.bellunopress.it\\\/#website\"},\"datePublished\":\"2010-12-30T21:21:35+00:00\",\"breadcrumb\":{\"@id\":\"https:\\\/\\\/www.bellunopress.it\\\/2010\\\/12\\\/30\\\/una-settantina-le-squadre-gia-iscritte-alla-24ore-di-feltre-2011\\\/#breadcrumb\"},\"inLanguage\":\"fr-FR\",\"potentialAction\":[{\"@type\":\"ReadAction\",\"target\":[\"https:\\\/\\\/www.bellunopress.it\\\/2010\\\/12\\\/30\\\/una-settantina-le-squadre-gia-iscritte-alla-24ore-di-feltre-2011\\\/\"]}]},{\"@type\":\"BreadcrumbList\",\"@id\":\"https:\\\/\\\/www.bellunopress.it\\\/2010\\\/12\\\/30\\\/una-settantina-le-squadre-gia-iscritte-alla-24ore-di-feltre-2011\\\/#breadcrumb\",\"itemListElement\":[{\"@type\":\"ListItem\",\"position\":1,\"name\":\"Home\",\"item\":\"https:\\\/\\\/www.bellunopress.it\\\/\"},{\"@type\":\"ListItem\",\"position\":2,\"name\":\"Una settantina le squadre gi\u00e0 iscritte alla 24ore di Feltre 2011\"}]},{\"@type\":\"WebSite\",\"@id\":\"https:\\\/\\\/www.bellunopress.it\\\/#website\",\"url\":\"https:\\\/\\\/www.bellunopress.it\\\/\",\"name\":\"Bellunopress - Dolomiti\",\"description\":\"e-mail: redazione@bellunopress.it\",\"publisher\":{\"@id\":\"https:\\\/\\\/www.bellunopress.it\\\/#organization\"},\"potentialAction\":[{\"@type\":\"SearchAction\",\"target\":{\"@type\":\"EntryPoint\",\"urlTemplate\":\"https:\\\/\\\/www.bellunopress.it\\\/?s={search_term_string}\"},\"query-input\":{\"@type\":\"PropertyValueSpecification\",\"valueRequired\":true,\"valueName\":\"search_term_string\"}}],\"inLanguage\":\"fr-FR\"},{\"@type\":\"Organization\",\"@id\":\"https:\\\/\\\/www.bellunopress.it\\\/#organization\",\"name\":\"Bellunopress\",\"url\":\"https:\\\/\\\/www.bellunopress.it\\\/\",\"logo\":{\"@type\":\"ImageObject\",\"inLanguage\":\"fr-FR\",\"@id\":\"https:\\\/\\\/www.bellunopress.it\\\/#\\\/schema\\\/logo\\\/image\\\/\",\"url\":\"https:\\\/\\\/www.bellunopress.it\\\/wp-content\\\/uploads\\\/2011\\\/05\\\/cropped-logo-bellunopress-.jpg\",\"contentUrl\":\"https:\\\/\\\/www.bellunopress.it\\\/wp-content\\\/uploads\\\/2011\\\/05\\\/cropped-logo-bellunopress-.jpg\",\"width\":512,\"height\":512,\"caption\":\"Bellunopress\"},\"image\":{\"@id\":\"https:\\\/\\\/www.bellunopress.it\\\/#\\\/schema\\\/logo\\\/image\\\/\"},\"sameAs\":[\"https:\\\/\\\/www.facebook.com\\\/profile.php?id=100008943462799\",\"https:\\\/\\\/x.com\\\/bellunopress\",\"https:\\\/\\\/www.linkedin.com\\\/hp\\\/?dnr=JBzUWaJfMUw8vbXJJ2tVW5-I3jZKvC4wsoxE&amp;amp;amp;amp;amp;amp;trk=nav_responsive_tab_home\",\"https:\\\/\\\/www.youtube.com\\\/channel\\\/UCxL0wu1uN0_3_7hGG0306cw\"]},{\"@type\":\"Person\",\"@id\":\"https:\\\/\\\/www.bellunopress.it\\\/#\\\/schema\\\/person\\\/79bb06722b37ece1c03d3e94beb30d73\",\"name\":\"redazione\",\"image\":{\"@type\":\"ImageObject\",\"inLanguage\":\"fr-FR\",\"@id\":\"https:\\\/\\\/secure.gravatar.com\\\/avatar\\\/37d968a2e67a6fd04c169c4bdef102d0bc5d31b2546345219e348575eb80e9a0?s=96&d=mm&r=g\",\"url\":\"https:\\\/\\\/secure.gravatar.com\\\/avatar\\\/37d968a2e67a6fd04c169c4bdef102d0bc5d31b2546345219e348575eb80e9a0?s=96&d=mm&r=g\",\"contentUrl\":\"https:\\\/\\\/secure.gravatar.com\\\/avatar\\\/37d968a2e67a6fd04c169c4bdef102d0bc5d31b2546345219e348575eb80e9a0?s=96&d=mm&r=g\",\"caption\":\"redazione\"},\"sameAs\":[\"http:\\\/\\\/www.bellunopress.it\",\"https:\\\/\\\/x.com\\\/bellunopress\"],\"url\":\"https:\\\/\\\/www.bellunopress.it\\\/fr\\\/author\\\/redazione\\\/\"}]}<\/script>\n<!-- \/ Yoast SEO plugin. -->","yoast_head_json":{"title":"Una settantina le squadre gi\u00e0 iscritte alla 24ore di Feltre 2011 - Bellunopress - Dolomiti","robots":{"index":"index","follow":"follow","max-snippet":"max-snippet:-1","max-image-preview":"max-image-preview:large","max-video-preview":"max-video-preview:-1"},"canonical":"https:\/\/www.bellunopress.it\/fr\/2010\/12\/30\/una-settantina-le-squadre-gia-iscritte-alla-24ore-di-feltre-2011\/","og_locale":"fr_FR","og_type":"article","og_title":"Una settantina le squadre gi\u00e0 iscritte alla 24ore di Feltre 2011 - Bellunopress - Dolomiti","og_description":"Mancano sei mesi alla maratona ciclistica e sono circa una settantina le squadre gi\u00e0 iscritte alla 24 ore di Feltre, Castelli24h, del 10-11 giugno 2011. Dal 1 gennaio scatter\u00e0 la maggiorazione della quota di iscrizione e l\u2019elenco delle formazioni gi\u00e0 pronte a darsi battaglia sui pedali nel circuito cittadino lungo 1.850 metri, si allunga di [&hellip;]","og_url":"https:\/\/www.bellunopress.it\/fr\/2010\/12\/30\/una-settantina-le-squadre-gia-iscritte-alla-24ore-di-feltre-2011\/","og_site_name":"Bellunopress - Dolomiti","article_publisher":"https:\/\/www.facebook.com\/profile.php?id=100008943462799","article_published_time":"2010-12-30T21:21:35+00:00","og_image":[{"url":"http:\/\/www.bellunopress.it\/wp-content\/uploads\/2012\/07\/logo-bellunopress-250x250-2012.jpg","type":"","width":"","height":""}],"author":"redazione","twitter_card":"summary_large_image","twitter_creator":"@bellunopress","twitter_site":"@bellunopress","twitter_misc":{"\u00c9crit par":"redazione","Dur\u00e9e de lecture estim\u00e9e":"1 minute"},"schema":{"@context":"https:\/\/schema.org","@graph":[{"@type":"Article","@id":"https:\/\/www.bellunopress.it\/2010\/12\/30\/una-settantina-le-squadre-gia-iscritte-alla-24ore-di-feltre-2011\/#article","isPartOf":{"@id":"https:\/\/www.bellunopress.it\/2010\/12\/30\/una-settantina-le-squadre-gia-iscritte-alla-24ore-di-feltre-2011\/"},"author":{"name":"redazione","@id":"https:\/\/www.bellunopress.it\/#\/schema\/person\/79bb06722b37ece1c03d3e94beb30d73"},"headline":"Una settantina le squadre gi\u00e0 iscritte alla 24ore di Feltre 2011","datePublished":"2010-12-30T21:21:35+00:00","mainEntityOfPage":{"@id":"https:\/\/www.bellunopress.it\/2010\/12\/30\/una-settantina-le-squadre-gia-iscritte-alla-24ore-di-feltre-2011\/"},"wordCount":235,"publisher":{"@id":"https:\/\/www.bellunopress.it\/#organization"},"articleSection":["Pausa Caff\u00e8","Sport, tempo libero"],"inLanguage":"fr-FR"},{"@type":"WebPage","@id":"https:\/\/www.bellunopress.it\/2010\/12\/30\/una-settantina-le-squadre-gia-iscritte-alla-24ore-di-feltre-2011\/","url":"https:\/\/www.bellunopress.it\/2010\/12\/30\/una-settantina-le-squadre-gia-iscritte-alla-24ore-di-feltre-2011\/","name":"Una settantina le squadre gi\u00e0 iscritte alla 24ore di Feltre 2011 - Bellunopress - Dolomiti","isPartOf":{"@id":"https:\/\/www.bellunopress.it\/#website"},"datePublished":"2010-12-30T21:21:35+00:00","breadcrumb":{"@id":"https:\/\/www.bellunopress.it\/2010\/12\/30\/una-settantina-le-squadre-gia-iscritte-alla-24ore-di-feltre-2011\/#breadcrumb"},"inLanguage":"fr-FR","potentialAction":[{"@type":"ReadAction","target":["https:\/\/www.bellunopress.it\/2010\/12\/30\/una-settantina-le-squadre-gia-iscritte-alla-24ore-di-feltre-2011\/"]}]},{"@type":"BreadcrumbList","@id":"https:\/\/www.bellunopress.it\/2010\/12\/30\/una-settantina-le-squadre-gia-iscritte-alla-24ore-di-feltre-2011\/#breadcrumb","itemListElement":[{"@type":"ListItem","position":1,"name":"Home","item":"https:\/\/www.bellunopress.it\/"},{"@type":"ListItem","position":2,"name":"Una settantina le squadre gi\u00e0 iscritte alla 24ore di Feltre 2011"}]},{"@type":"WebSite","@id":"https:\/\/www.bellunopress.it\/#website","url":"https:\/\/www.bellunopress.it\/","name":"Bellunopress - Dolomiti","description":"e-mail: redazione@bellunopress.it","publisher":{"@id":"https:\/\/www.bellunopress.it\/#organization"},"potentialAction":[{"@type":"SearchAction","target":{"@type":"EntryPoint","urlTemplate":"https:\/\/www.bellunopress.it\/?s={search_term_string}"},"query-input":{"@type":"PropertyValueSpecification","valueRequired":true,"valueName":"search_term_string"}}],"inLanguage":"fr-FR"},{"@type":"Organization","@id":"https:\/\/www.bellunopress.it\/#organization","name":"Bellunopress","url":"https:\/\/www.bellunopress.it\/","logo":{"@type":"ImageObject","inLanguage":"fr-FR","@id":"https:\/\/www.bellunopress.it\/#\/schema\/logo\/image\/","url":"https:\/\/www.bellunopress.it\/wp-content\/uploads\/2011\/05\/cropped-logo-bellunopress-.jpg","contentUrl":"https:\/\/www.bellunopress.it\/wp-content\/uploads\/2011\/05\/cropped-logo-bellunopress-.jpg","width":512,"height":512,"caption":"Bellunopress"},"image":{"@id":"https:\/\/www.bellunopress.it\/#\/schema\/logo\/image\/"},"sameAs":["https:\/\/www.facebook.com\/profile.php?id=100008943462799","https:\/\/x.com\/bellunopress","https:\/\/www.linkedin.com\/hp\/?dnr=JBzUWaJfMUw8vbXJJ2tVW5-I3jZKvC4wsoxE&amp;amp;amp;amp;amp;amp;trk=nav_responsive_tab_home","https:\/\/www.youtube.com\/channel\/UCxL0wu1uN0_3_7hGG0306cw"]},{"@type":"Person","@id":"https:\/\/www.bellunopress.it\/#\/schema\/person\/79bb06722b37ece1c03d3e94beb30d73","name":"r\u00e9daction","image":{"@type":"ImageObject","inLanguage":"fr-FR","@id":"https:\/\/secure.gravatar.com\/avatar\/37d968a2e67a6fd04c169c4bdef102d0bc5d31b2546345219e348575eb80e9a0?s=96&d=mm&r=g","url":"https:\/\/secure.gravatar.com\/avatar\/37d968a2e67a6fd04c169c4bdef102d0bc5d31b2546345219e348575eb80e9a0?s=96&d=mm&r=g","contentUrl":"https:\/\/secure.gravatar.com\/avatar\/37d968a2e67a6fd04c169c4bdef102d0bc5d31b2546345219e348575eb80e9a0?s=96&d=mm&r=g","caption":"redazione"},"sameAs":["http:\/\/www.bellunopress.it","https:\/\/x.com\/bellunopress"],"url":"https:\/\/www.bellunopress.it\/fr\/author\/redazione\/"}]}},"_links":{"self":[{"href":"https:\/\/www.bellunopress.it\/fr\/wp-json\/wp\/v2\/posts\/22523","targetHints":{"allow":["GET"]}}],"collection":[{"href":"https:\/\/www.bellunopress.it\/fr\/wp-json\/wp\/v2\/posts"}],"about":[{"href":"https:\/\/www.bellunopress.it\/fr\/wp-json\/wp\/v2\/types\/post"}],"author":[{"embeddable":true,"href":"https:\/\/www.bellunopress.it\/fr\/wp-json\/wp\/v2\/users\/2"}],"replies":[{"embeddable":true,"href":"https:\/\/www.bellunopress.it\/fr\/wp-json\/wp\/v2\/comments?post=22523"}],"version-history":[{"count":1,"href":"https:\/\/www.bellunopress.it\/fr\/wp-json\/wp\/v2\/posts\/22523\/revisions"}],"predecessor-version":[{"id":22524,"href":"https:\/\/www.bellunopress.it\/fr\/wp-json\/wp\/v2\/posts\/22523\/revisions\/22524"}],"wp:attachment":[{"href":"https:\/\/www.bellunopress.it\/fr\/wp-json\/wp\/v2\/media?parent=22523"}],"wp:term":[{"taxonomy":"category","embeddable":true,"href":"https:\/\/www.bellunopress.it\/fr\/wp-json\/wp\/v2\/categories?post=22523"},{"taxonomy":"post_tag","embeddable":true,"href":"https:\/\/www.bellunopress.it\/fr\/wp-json\/wp\/v2\/tags?post=22523"}],"curies":[{"name":"wp","href":"https:\/\/api.w.org\/{rel}","templated":true}]}}