{"id":2226,"date":"2009-04-03T11:58:04","date_gmt":"2009-04-03T10:58:04","guid":{"rendered":"http:\/\/www.bellunopress.it\/?p=2226"},"modified":"2009-04-03T13:17:49","modified_gmt":"2009-04-03T12:17:49","slug":"michele-dal-farra-%e2%80%9cprade-ha-fallito-si-dimetta%e2%80%9d","status":"publish","type":"post","link":"https:\/\/www.bellunopress.it\/fr\/2009\/04\/03\/michele-dal-farra-%e2%80%9cprade-ha-fallito-si-dimetta%e2%80%9d\/","title":{"rendered":"Michele Dal Farra:  \u201cPrade ha fallito, si dimetta\u201d"},"content":{"rendered":"<p><a href=\"http:\/\/www.bellunopress.it\/wp-content\/uploads\/2009\/02\/michele-dal-farra.jpg\"><img loading=\"lazy\" decoding=\"async\" class=\"alignleft size-medium wp-image-1015\" title=\"michele-dal-farra\" src=\"http:\/\/www.bellunopress.it\/wp-content\/uploads\/2009\/02\/michele-dal-farra.jpg\" alt=\"\" width=\"181\" height=\"226\" \/><\/a>\u201cE\u2019evidente che al sindaco di Belluno importa poco della buona amministrazione e del futuro di questa citt\u00e0, sicuramente meno che far finta di governare da solo contro il consiglio comunale e la sua stessa maggioranza. L\u2019unica cosa sensata che pu\u00f2 fare questo sindaco, invece di lanciare patetici ultimatum ai suoi, \u00e8 quella di dimettersi\u201d. Michele Dal Farra, coordinatore del Partito Democratico di Belluno chiede al sindaco Antonio Prade un gesto responsabile dopo la mancata approvazione del bilancio comunale per mancanza del numero legale a Palazzo Rosso. \u201cIn questi ultimi mesi abbiamo continuato a dire che non c\u2019\u00e8 un progetto sulla citt\u00e0 e quindi non ci pu\u00f2 essere condivisione su qualcosa che non esiste\u201d, prosegue Dal Farra, \u201cgi\u00e0 i provvedimenti arrivati fino a ieri in aula hanno visto il consiglio comunale prendere una direzione e la Giunta andare dall\u2019altra, fino ad arrivare all\u2019atto amministrativo per eccellenza, che \u00e8 il bilancio, nel quale si decide qual \u00e8 il progetto complessivo, i provvedimenti e come ottenere le risorse per attuarlo, cio\u00e8 dove mettere i soldi dei cittadini. E proprio su questo atto importante il sindaco \u00e8 di nuovo caduto miseramente. A questo punto con responsabilit\u00e0 Prade faccia una scelta nei confronti della citt\u00e0 senza cercare di tenere insieme quello che insieme non sta. E\u2019da ritenersi farneticante e preoccupante anche la reazione allo smacco subito: si vota cos\u00ec o si va\u00a0 a casa, cio\u00e8 un ricatto del sindaco alla sua stessa maggioranza. Forse Prade crede di essere Berlusconi, che pu\u00f2 bloccare le liste e usare i suoi come burattini. Piuttosto, onestamente tragga le estreme conseguenze del suo naufragio e magari torni a cercare di farsi eleggere con quelli che ci stanno. Perch\u00e9 dire che \u201cchi non crede in questo progetto deve dimettersi\u201d, nonostante sia stato eletto dai cittadini, non \u00e8 una bella prova di democrazia ma l\u2019esempio di come la politica stia raschiando il fondo del barile. Non possiamo permetterci altri tre anni con la citt\u00e0 in ginocchio e senza governo. Significa che le opere pubbliche non andranno avanti e succeder\u00e0 come nei giorni scorsi, con una Belluno paralizzata dal traffico e impoverita dall\u2019incuria di chi invece dovrebbe governarla nell\u2019interesse di tutti\u201d.<\/p>","protected":false},"excerpt":{"rendered":"<p>\u201cE\u2019evidente che al sindaco di Belluno importa poco della buona amministrazione e del futuro di questa citt\u00e0, sicuramente meno che far finta di governare da solo contro il consiglio comunale e la sua stessa maggioranza. L\u2019unica cosa sensata che pu\u00f2 fare questo sindaco, invece di lanciare patetici ultimatum ai suoi, \u00e8 quella di dimettersi\u201d. Michele [&hellip;]<\/p>\n","protected":false},"author":2,"featured_media":0,"comment_status":"closed","ping_status":"open","sticky":false,"template":"","format":"standard","meta":{"footnotes":""},"categories":[5,26],"tags":[139],"class_list":["post-2226","post","type-post","status-publish","format-standard","category-cronaca","category-prima-pagina","tag-belluno"],"yoast_head":"<!-- This site is optimized with the Yoast SEO plugin v28.4 - https:\/\/yoast.com\/product\/yoast-seo-wordpress\/ -->\n<title>Michele Dal Farra: \u201cPrade ha fallito, si dimetta\u201d - Bellunopress - Dolomiti<\/title>\n<meta name=\"robots\" content=\"index, follow, max-snippet:-1, max-image-preview:large, max-video-preview:-1\" \/>\n<link rel=\"canonical\" href=\"https:\/\/www.bellunopress.it\/fr\/2009\/04\/03\/michele-dal-farra-\u201cprade-ha-fallito-si-dimetta\u201d\/\" \/>\n<meta property=\"og:locale\" content=\"fr_FR\" \/>\n<meta property=\"og:type\" content=\"article\" \/>\n<meta property=\"og:title\" content=\"Michele Dal Farra: \u201cPrade ha fallito, si dimetta\u201d - Bellunopress - Dolomiti\" \/>\n<meta property=\"og:description\" content=\"\u201cE\u2019evidente che al sindaco di Belluno importa poco della buona amministrazione e del futuro di questa citt\u00e0, sicuramente meno che far finta di governare da solo contro il consiglio comunale e la sua stessa maggioranza. L\u2019unica cosa sensata che pu\u00f2 fare questo sindaco, invece di lanciare patetici ultimatum ai suoi, \u00e8 quella di dimettersi\u201d. Michele [&hellip;]\" \/>\n<meta property=\"og:url\" content=\"https:\/\/www.bellunopress.it\/fr\/2009\/04\/03\/michele-dal-farra-\u201cprade-ha-fallito-si-dimetta\u201d\/\" \/>\n<meta property=\"og:site_name\" content=\"Bellunopress - Dolomiti\" \/>\n<meta property=\"article:publisher\" content=\"https:\/\/www.facebook.com\/profile.php?id=100008943462799\" \/>\n<meta property=\"article:published_time\" content=\"2009-04-03T10:58:04+00:00\" \/>\n<meta property=\"article:modified_time\" content=\"2009-04-03T12:17:49+00:00\" \/>\n<meta property=\"og:image\" content=\"http:\/\/www.bellunopress.it\/wp-content\/uploads\/2009\/02\/michele-dal-farra.jpg\" \/>\n<meta name=\"author\" content=\"redazione\" \/>\n<meta name=\"twitter:card\" content=\"summary_large_image\" \/>\n<meta name=\"twitter:creator\" content=\"@bellunopress\" \/>\n<meta name=\"twitter:site\" content=\"@bellunopress\" \/>\n<meta name=\"twitter:label1\" content=\"Written by\" \/>\n\t<meta name=\"twitter:data1\" content=\"redazione\" \/>\n\t<meta name=\"twitter:label2\" content=\"Est. reading time\" \/>\n\t<meta name=\"twitter:data2\" content=\"2 minutes\" \/>\n<script type=\"application\/ld+json\" class=\"yoast-schema-graph\">{\"@context\":\"https:\\\/\\\/schema.org\",\"@graph\":[{\"@type\":\"Article\",\"@id\":\"https:\\\/\\\/www.bellunopress.it\\\/2009\\\/04\\\/03\\\/michele-dal-farra-%e2%80%9cprade-ha-fallito-si-dimetta%e2%80%9d\\\/#article\",\"isPartOf\":{\"@id\":\"https:\\\/\\\/www.bellunopress.it\\\/2009\\\/04\\\/03\\\/michele-dal-farra-%e2%80%9cprade-ha-fallito-si-dimetta%e2%80%9d\\\/\"},\"author\":{\"name\":\"redazione\",\"@id\":\"https:\\\/\\\/www.bellunopress.it\\\/#\\\/schema\\\/person\\\/79bb06722b37ece1c03d3e94beb30d73\"},\"headline\":\"Michele Dal Farra: \u201cPrade ha fallito, si dimetta\u201d\",\"datePublished\":\"2009-04-03T10:58:04+00:00\",\"dateModified\":\"2009-04-03T12:17:49+00:00\",\"mainEntityOfPage\":{\"@id\":\"https:\\\/\\\/www.bellunopress.it\\\/2009\\\/04\\\/03\\\/michele-dal-farra-%e2%80%9cprade-ha-fallito-si-dimetta%e2%80%9d\\\/\"},\"wordCount\":369,\"publisher\":{\"@id\":\"https:\\\/\\\/www.bellunopress.it\\\/#organization\"},\"image\":{\"@id\":\"https:\\\/\\\/www.bellunopress.it\\\/2009\\\/04\\\/03\\\/michele-dal-farra-%e2%80%9cprade-ha-fallito-si-dimetta%e2%80%9d\\\/#primaryimage\"},\"thumbnailUrl\":\"http:\\\/\\\/www.bellunopress.it\\\/wp-content\\\/uploads\\\/2009\\\/02\\\/michele-dal-farra.jpg\",\"keywords\":[\"Belluno\"],\"articleSection\":[\"Cronaca\\\/Politica\",\"Prima Pagina\"],\"inLanguage\":\"fr-FR\"},{\"@type\":\"WebPage\",\"@id\":\"https:\\\/\\\/www.bellunopress.it\\\/2009\\\/04\\\/03\\\/michele-dal-farra-%e2%80%9cprade-ha-fallito-si-dimetta%e2%80%9d\\\/\",\"url\":\"https:\\\/\\\/www.bellunopress.it\\\/2009\\\/04\\\/03\\\/michele-dal-farra-%e2%80%9cprade-ha-fallito-si-dimetta%e2%80%9d\\\/\",\"name\":\"Michele Dal Farra: \u201cPrade ha fallito, si dimetta\u201d - Bellunopress - Dolomiti\",\"isPartOf\":{\"@id\":\"https:\\\/\\\/www.bellunopress.it\\\/#website\"},\"primaryImageOfPage\":{\"@id\":\"https:\\\/\\\/www.bellunopress.it\\\/2009\\\/04\\\/03\\\/michele-dal-farra-%e2%80%9cprade-ha-fallito-si-dimetta%e2%80%9d\\\/#primaryimage\"},\"image\":{\"@id\":\"https:\\\/\\\/www.bellunopress.it\\\/2009\\\/04\\\/03\\\/michele-dal-farra-%e2%80%9cprade-ha-fallito-si-dimetta%e2%80%9d\\\/#primaryimage\"},\"thumbnailUrl\":\"http:\\\/\\\/www.bellunopress.it\\\/wp-content\\\/uploads\\\/2009\\\/02\\\/michele-dal-farra.jpg\",\"datePublished\":\"2009-04-03T10:58:04+00:00\",\"dateModified\":\"2009-04-03T12:17:49+00:00\",\"breadcrumb\":{\"@id\":\"https:\\\/\\\/www.bellunopress.it\\\/2009\\\/04\\\/03\\\/michele-dal-farra-%e2%80%9cprade-ha-fallito-si-dimetta%e2%80%9d\\\/#breadcrumb\"},\"inLanguage\":\"fr-FR\",\"potentialAction\":[{\"@type\":\"ReadAction\",\"target\":[\"https:\\\/\\\/www.bellunopress.it\\\/2009\\\/04\\\/03\\\/michele-dal-farra-%e2%80%9cprade-ha-fallito-si-dimetta%e2%80%9d\\\/\"]}]},{\"@type\":\"ImageObject\",\"inLanguage\":\"fr-FR\",\"@id\":\"https:\\\/\\\/www.bellunopress.it\\\/2009\\\/04\\\/03\\\/michele-dal-farra-%e2%80%9cprade-ha-fallito-si-dimetta%e2%80%9d\\\/#primaryimage\",\"url\":\"http:\\\/\\\/www.bellunopress.it\\\/wp-content\\\/uploads\\\/2009\\\/02\\\/michele-dal-farra.jpg\",\"contentUrl\":\"http:\\\/\\\/www.bellunopress.it\\\/wp-content\\\/uploads\\\/2009\\\/02\\\/michele-dal-farra.jpg\"},{\"@type\":\"BreadcrumbList\",\"@id\":\"https:\\\/\\\/www.bellunopress.it\\\/2009\\\/04\\\/03\\\/michele-dal-farra-%e2%80%9cprade-ha-fallito-si-dimetta%e2%80%9d\\\/#breadcrumb\",\"itemListElement\":[{\"@type\":\"ListItem\",\"position\":1,\"name\":\"Home\",\"item\":\"https:\\\/\\\/www.bellunopress.it\\\/\"},{\"@type\":\"ListItem\",\"position\":2,\"name\":\"Michele Dal Farra: \u201cPrade ha fallito, si dimetta\u201d\"}]},{\"@type\":\"WebSite\",\"@id\":\"https:\\\/\\\/www.bellunopress.it\\\/#website\",\"url\":\"https:\\\/\\\/www.bellunopress.it\\\/\",\"name\":\"Bellunopress - Dolomiti\",\"description\":\"e-mail: redazione@bellunopress.it\",\"publisher\":{\"@id\":\"https:\\\/\\\/www.bellunopress.it\\\/#organization\"},\"potentialAction\":[{\"@type\":\"SearchAction\",\"target\":{\"@type\":\"EntryPoint\",\"urlTemplate\":\"https:\\\/\\\/www.bellunopress.it\\\/?s={search_term_string}\"},\"query-input\":{\"@type\":\"PropertyValueSpecification\",\"valueRequired\":true,\"valueName\":\"search_term_string\"}}],\"inLanguage\":\"fr-FR\"},{\"@type\":\"Organization\",\"@id\":\"https:\\\/\\\/www.bellunopress.it\\\/#organization\",\"name\":\"Bellunopress\",\"url\":\"https:\\\/\\\/www.bellunopress.it\\\/\",\"logo\":{\"@type\":\"ImageObject\",\"inLanguage\":\"fr-FR\",\"@id\":\"https:\\\/\\\/www.bellunopress.it\\\/#\\\/schema\\\/logo\\\/image\\\/\",\"url\":\"https:\\\/\\\/www.bellunopress.it\\\/wp-content\\\/uploads\\\/2011\\\/05\\\/cropped-logo-bellunopress-.jpg\",\"contentUrl\":\"https:\\\/\\\/www.bellunopress.it\\\/wp-content\\\/uploads\\\/2011\\\/05\\\/cropped-logo-bellunopress-.jpg\",\"width\":512,\"height\":512,\"caption\":\"Bellunopress\"},\"image\":{\"@id\":\"https:\\\/\\\/www.bellunopress.it\\\/#\\\/schema\\\/logo\\\/image\\\/\"},\"sameAs\":[\"https:\\\/\\\/www.facebook.com\\\/profile.php?id=100008943462799\",\"https:\\\/\\\/x.com\\\/bellunopress\",\"https:\\\/\\\/www.linkedin.com\\\/hp\\\/?dnr=JBzUWaJfMUw8vbXJJ2tVW5-I3jZKvC4wsoxE&amp;amp;amp;amp;amp;amp;trk=nav_responsive_tab_home\",\"https:\\\/\\\/www.youtube.com\\\/channel\\\/UCxL0wu1uN0_3_7hGG0306cw\"]},{\"@type\":\"Person\",\"@id\":\"https:\\\/\\\/www.bellunopress.it\\\/#\\\/schema\\\/person\\\/79bb06722b37ece1c03d3e94beb30d73\",\"name\":\"redazione\",\"image\":{\"@type\":\"ImageObject\",\"inLanguage\":\"fr-FR\",\"@id\":\"https:\\\/\\\/secure.gravatar.com\\\/avatar\\\/37d968a2e67a6fd04c169c4bdef102d0bc5d31b2546345219e348575eb80e9a0?s=96&d=mm&r=g\",\"url\":\"https:\\\/\\\/secure.gravatar.com\\\/avatar\\\/37d968a2e67a6fd04c169c4bdef102d0bc5d31b2546345219e348575eb80e9a0?s=96&d=mm&r=g\",\"contentUrl\":\"https:\\\/\\\/secure.gravatar.com\\\/avatar\\\/37d968a2e67a6fd04c169c4bdef102d0bc5d31b2546345219e348575eb80e9a0?s=96&d=mm&r=g\",\"caption\":\"redazione\"},\"sameAs\":[\"http:\\\/\\\/www.bellunopress.it\",\"https:\\\/\\\/x.com\\\/bellunopress\"],\"url\":\"https:\\\/\\\/www.bellunopress.it\\\/fr\\\/author\\\/redazione\\\/\"}]}<\/script>\n<!-- \/ Yoast SEO plugin. -->","yoast_head_json":{"title":"Michele Dal Farra: \u201cPrade ha fallito, si dimetta\u201d - Bellunopress - Dolomiti","robots":{"index":"index","follow":"follow","max-snippet":"max-snippet:-1","max-image-preview":"max-image-preview:large","max-video-preview":"max-video-preview:-1"},"canonical":"https:\/\/www.bellunopress.it\/fr\/2009\/04\/03\/michele-dal-farra-\u201cprade-ha-fallito-si-dimetta\u201d\/","og_locale":"fr_FR","og_type":"article","og_title":"Michele Dal Farra: \u201cPrade ha fallito, si dimetta\u201d - Bellunopress - Dolomiti","og_description":"\u201cE\u2019evidente che al sindaco di Belluno importa poco della buona amministrazione e del futuro di questa citt\u00e0, sicuramente meno che far finta di governare da solo contro il consiglio comunale e la sua stessa maggioranza. L\u2019unica cosa sensata che pu\u00f2 fare questo sindaco, invece di lanciare patetici ultimatum ai suoi, \u00e8 quella di dimettersi\u201d. Michele [&hellip;]","og_url":"https:\/\/www.bellunopress.it\/fr\/2009\/04\/03\/michele-dal-farra-\u201cprade-ha-fallito-si-dimetta\u201d\/","og_site_name":"Bellunopress - Dolomiti","article_publisher":"https:\/\/www.facebook.com\/profile.php?id=100008943462799","article_published_time":"2009-04-03T10:58:04+00:00","article_modified_time":"2009-04-03T12:17:49+00:00","og_image":[{"url":"http:\/\/www.bellunopress.it\/wp-content\/uploads\/2009\/02\/michele-dal-farra.jpg","type":"","width":"","height":""}],"author":"redazione","twitter_card":"summary_large_image","twitter_creator":"@bellunopress","twitter_site":"@bellunopress","twitter_misc":{"Written by":"redazione","Est. reading time":"2 minutes"},"schema":{"@context":"https:\/\/schema.org","@graph":[{"@type":"Article","@id":"https:\/\/www.bellunopress.it\/2009\/04\/03\/michele-dal-farra-%e2%80%9cprade-ha-fallito-si-dimetta%e2%80%9d\/#article","isPartOf":{"@id":"https:\/\/www.bellunopress.it\/2009\/04\/03\/michele-dal-farra-%e2%80%9cprade-ha-fallito-si-dimetta%e2%80%9d\/"},"author":{"name":"redazione","@id":"https:\/\/www.bellunopress.it\/#\/schema\/person\/79bb06722b37ece1c03d3e94beb30d73"},"headline":"Michele Dal Farra: \u201cPrade ha fallito, si dimetta\u201d","datePublished":"2009-04-03T10:58:04+00:00","dateModified":"2009-04-03T12:17:49+00:00","mainEntityOfPage":{"@id":"https:\/\/www.bellunopress.it\/2009\/04\/03\/michele-dal-farra-%e2%80%9cprade-ha-fallito-si-dimetta%e2%80%9d\/"},"wordCount":369,"publisher":{"@id":"https:\/\/www.bellunopress.it\/#organization"},"image":{"@id":"https:\/\/www.bellunopress.it\/2009\/04\/03\/michele-dal-farra-%e2%80%9cprade-ha-fallito-si-dimetta%e2%80%9d\/#primaryimage"},"thumbnailUrl":"http:\/\/www.bellunopress.it\/wp-content\/uploads\/2009\/02\/michele-dal-farra.jpg","keywords":["Belluno"],"articleSection":["Cronaca\/Politica","Prima Pagina"],"inLanguage":"fr-FR"},{"@type":"WebPage","@id":"https:\/\/www.bellunopress.it\/2009\/04\/03\/michele-dal-farra-%e2%80%9cprade-ha-fallito-si-dimetta%e2%80%9d\/","url":"https:\/\/www.bellunopress.it\/2009\/04\/03\/michele-dal-farra-%e2%80%9cprade-ha-fallito-si-dimetta%e2%80%9d\/","name":"Michele Dal Farra: \u201cPrade ha fallito, si dimetta\u201d - Bellunopress - Dolomiti","isPartOf":{"@id":"https:\/\/www.bellunopress.it\/#website"},"primaryImageOfPage":{"@id":"https:\/\/www.bellunopress.it\/2009\/04\/03\/michele-dal-farra-%e2%80%9cprade-ha-fallito-si-dimetta%e2%80%9d\/#primaryimage"},"image":{"@id":"https:\/\/www.bellunopress.it\/2009\/04\/03\/michele-dal-farra-%e2%80%9cprade-ha-fallito-si-dimetta%e2%80%9d\/#primaryimage"},"thumbnailUrl":"http:\/\/www.bellunopress.it\/wp-content\/uploads\/2009\/02\/michele-dal-farra.jpg","datePublished":"2009-04-03T10:58:04+00:00","dateModified":"2009-04-03T12:17:49+00:00","breadcrumb":{"@id":"https:\/\/www.bellunopress.it\/2009\/04\/03\/michele-dal-farra-%e2%80%9cprade-ha-fallito-si-dimetta%e2%80%9d\/#breadcrumb"},"inLanguage":"fr-FR","potentialAction":[{"@type":"ReadAction","target":["https:\/\/www.bellunopress.it\/2009\/04\/03\/michele-dal-farra-%e2%80%9cprade-ha-fallito-si-dimetta%e2%80%9d\/"]}]},{"@type":"ImageObject","inLanguage":"fr-FR","@id":"https:\/\/www.bellunopress.it\/2009\/04\/03\/michele-dal-farra-%e2%80%9cprade-ha-fallito-si-dimetta%e2%80%9d\/#primaryimage","url":"http:\/\/www.bellunopress.it\/wp-content\/uploads\/2009\/02\/michele-dal-farra.jpg","contentUrl":"http:\/\/www.bellunopress.it\/wp-content\/uploads\/2009\/02\/michele-dal-farra.jpg"},{"@type":"BreadcrumbList","@id":"https:\/\/www.bellunopress.it\/2009\/04\/03\/michele-dal-farra-%e2%80%9cprade-ha-fallito-si-dimetta%e2%80%9d\/#breadcrumb","itemListElement":[{"@type":"ListItem","position":1,"name":"Home","item":"https:\/\/www.bellunopress.it\/"},{"@type":"ListItem","position":2,"name":"Michele Dal Farra: \u201cPrade ha fallito, si dimetta\u201d"}]},{"@type":"WebSite","@id":"https:\/\/www.bellunopress.it\/#website","url":"https:\/\/www.bellunopress.it\/","name":"Bellunopress - Dolomiti","description":"e-mail: redazione@bellunopress.it","publisher":{"@id":"https:\/\/www.bellunopress.it\/#organization"},"potentialAction":[{"@type":"SearchAction","target":{"@type":"EntryPoint","urlTemplate":"https:\/\/www.bellunopress.it\/?s={search_term_string}"},"query-input":{"@type":"PropertyValueSpecification","valueRequired":true,"valueName":"search_term_string"}}],"inLanguage":"fr-FR"},{"@type":"Organization","@id":"https:\/\/www.bellunopress.it\/#organization","name":"Bellunopress","url":"https:\/\/www.bellunopress.it\/","logo":{"@type":"ImageObject","inLanguage":"fr-FR","@id":"https:\/\/www.bellunopress.it\/#\/schema\/logo\/image\/","url":"https:\/\/www.bellunopress.it\/wp-content\/uploads\/2011\/05\/cropped-logo-bellunopress-.jpg","contentUrl":"https:\/\/www.bellunopress.it\/wp-content\/uploads\/2011\/05\/cropped-logo-bellunopress-.jpg","width":512,"height":512,"caption":"Bellunopress"},"image":{"@id":"https:\/\/www.bellunopress.it\/#\/schema\/logo\/image\/"},"sameAs":["https:\/\/www.facebook.com\/profile.php?id=100008943462799","https:\/\/x.com\/bellunopress","https:\/\/www.linkedin.com\/hp\/?dnr=JBzUWaJfMUw8vbXJJ2tVW5-I3jZKvC4wsoxE&amp;amp;amp;amp;amp;amp;trk=nav_responsive_tab_home","https:\/\/www.youtube.com\/channel\/UCxL0wu1uN0_3_7hGG0306cw"]},{"@type":"Person","@id":"https:\/\/www.bellunopress.it\/#\/schema\/person\/79bb06722b37ece1c03d3e94beb30d73","name":"r\u00e9daction","image":{"@type":"ImageObject","inLanguage":"fr-FR","@id":"https:\/\/secure.gravatar.com\/avatar\/37d968a2e67a6fd04c169c4bdef102d0bc5d31b2546345219e348575eb80e9a0?s=96&d=mm&r=g","url":"https:\/\/secure.gravatar.com\/avatar\/37d968a2e67a6fd04c169c4bdef102d0bc5d31b2546345219e348575eb80e9a0?s=96&d=mm&r=g","contentUrl":"https:\/\/secure.gravatar.com\/avatar\/37d968a2e67a6fd04c169c4bdef102d0bc5d31b2546345219e348575eb80e9a0?s=96&d=mm&r=g","caption":"redazione"},"sameAs":["http:\/\/www.bellunopress.it","https:\/\/x.com\/bellunopress"],"url":"https:\/\/www.bellunopress.it\/fr\/author\/redazione\/"}]}},"_links":{"self":[{"href":"https:\/\/www.bellunopress.it\/fr\/wp-json\/wp\/v2\/posts\/2226","targetHints":{"allow":["GET"]}}],"collection":[{"href":"https:\/\/www.bellunopress.it\/fr\/wp-json\/wp\/v2\/posts"}],"about":[{"href":"https:\/\/www.bellunopress.it\/fr\/wp-json\/wp\/v2\/types\/post"}],"author":[{"embeddable":true,"href":"https:\/\/www.bellunopress.it\/fr\/wp-json\/wp\/v2\/users\/2"}],"replies":[{"embeddable":true,"href":"https:\/\/www.bellunopress.it\/fr\/wp-json\/wp\/v2\/comments?post=2226"}],"version-history":[{"count":3,"href":"https:\/\/www.bellunopress.it\/fr\/wp-json\/wp\/v2\/posts\/2226\/revisions"}],"predecessor-version":[{"id":2286,"href":"https:\/\/www.bellunopress.it\/fr\/wp-json\/wp\/v2\/posts\/2226\/revisions\/2286"}],"wp:attachment":[{"href":"https:\/\/www.bellunopress.it\/fr\/wp-json\/wp\/v2\/media?parent=2226"}],"wp:term":[{"taxonomy":"category","embeddable":true,"href":"https:\/\/www.bellunopress.it\/fr\/wp-json\/wp\/v2\/categories?post=2226"},{"taxonomy":"post_tag","embeddable":true,"href":"https:\/\/www.bellunopress.it\/fr\/wp-json\/wp\/v2\/tags?post=2226"}],"curies":[{"name":"wp","href":"https:\/\/api.w.org\/{rel}","templated":true}]}}