{"id":22248,"date":"2010-12-20T21:23:47","date_gmt":"2010-12-20T20:23:47","guid":{"rendered":"http:\/\/www.bellunopress.it\/?p=22248"},"modified":"2010-12-20T21:23:47","modified_gmt":"2010-12-20T20:23:47","slug":"si-e-chiusa-la-prima-edizione-di-eurochocolate-a-cortina","status":"publish","type":"post","link":"https:\/\/www.bellunopress.it\/fr\/2010\/12\/20\/si-e-chiusa-la-prima-edizione-di-eurochocolate-a-cortina\/","title":{"rendered":"Si \u00e8 chiusa la prima edizione di Eurochocolate a Cortina"},"content":{"rendered":"<p><a href=\"http:\/\/www.bellunopress.it\/wp-content\/uploads\/2010\/12\/porsche-eurochocolate-cortina.jpg\"><img loading=\"lazy\" decoding=\"async\" class=\"alignleft size-medium wp-image-22250\" title=\"porsche-eurochocolate-cortina\" src=\"http:\/\/www.bellunopress.it\/wp-content\/uploads\/2010\/12\/porsche-eurochocolate-cortina.jpg\" alt=\"\" width=\"270\" height=\"202\" \/><\/a>\u201cEurochocolate Ski a Cortina nel week end precedente il Natale \u2013 afferma l\u2019Assessore al Turismo di Cortina d\u2019Ampezzo Herbert Huber- \u00e8 stata una sfida vinta. Come prima edizione, non possiamo non ritenerci soddisfatti del richiamo che ha avuto e di come la citt\u00e0 ha accolto l\u2019evento, una novit\u00e0 assoluta per Cortina. Siamo peraltro molto soddisfatti per l&#8217;eccellente onda di comunicazione che l&#8217;evento ha creato \u2013conclude l\u2019Assessore- portando il messaggio e il nome di Cortina d&#8217;Ampezzo sui principali media nazionali che certamente produrranno eccellenti benefici a tutto il territorio\u201d. Infatti, malgrado il freddo e la neve abbiano un po\u2019 scoraggiato qualche goloso, la curiosit\u00e0 di chi \u00e8 arrivato a Cortina dai paesi vicini o dalle piste da sci \u00e8 stata tanta e l\u2019accoglienza riservata da una fumante cioccolata in tazza o da una barretta di cioccolato \u00e8 stata senza dubbio gradita. Tra gli appuntamenti di maggior successo i laboratori didattici per i bambini delle scuole, che entusiasticamente hanno partecipato alle degustazioni guidate per poi farsi fotografare con il Babbo Natale all\u2019interno della cornice realizzata con ben 400 kg di cioccolato Novi o davanti al caratteristico pupazzo di neve firmato Eridania. Molti anche i giovani ardimentosi che hanno scelto di scalare la parete a forma di tavoletta di cioccolato firmata Wind e di cimentarsi in discese \u201ccittadine\u201d con gli sci e gli snowboard ai piedi lungo la pista Milka, cos\u00ec come gli appassionati di sci che, in montagna, hanno approfittato delle Spalm Beach firmate Appia \u2013 CNA, per rifocillarsi dal freddo e dalla fatica con un\u2019ottima fetta di pane e cioccolata spalmabile.<br \/>\n<a href=\"http:\/\/www.bellunopress.it\/wp-content\/uploads\/2010\/12\/porsche-eurochocolate-cortina.jpg\"><img loading=\"lazy\" decoding=\"async\" class=\"alignleft size-medium wp-image-22250\" title=\"porsche-eurochocolate-cortina\" src=\"http:\/\/www.bellunopress.it\/wp-content\/uploads\/2010\/12\/porsche-eurochocolate-cortina.jpg\" alt=\"\" width=\"270\" height=\"202\" \/><\/a>Ad attrarre l\u2019attenzione del pubblico del week end anche la bellissima ed originale scultura di cioccolato rappresentante la Porsche Panamera S by N. Technology, realizzata da Mirco della Vecchia nello spazio adiacente al prestigioso multi-brand store Franz Kraler e le perfomance live del Maestro cioccolatiere della Scuola del Cioccolato Perugina presso la Pasticceria Lovat, dove, tra un caff\u00e8 e un pasticcino, Eurochocolate offriva l\u2019opportunit\u00e0 al pubblico di vedere il Maestro al lavoro, realizzare ottimi cioccolatini freschi, pronti da gustare al momento \u201cSubito dopo le festivit\u00e0 natalizie faremo una valutazione complessiva di questa prima edizione di Eurochocolate sulle nevi con le istituzioni e le associazioni locali \u2013afferma il Presidente Eugenio Guarducci- per iniziare a porre le basi progettuali di una seconda Eurochocolate ampezzana. La manifestazione di quest\u2019anno sar\u00e0 punto di partenza per un evento ancora pi\u00f9 \u201ctagliato\u201d a misura di Cortina.\u201d<\/p>","protected":false},"excerpt":{"rendered":"<p>\u201cEurochocolate Ski a Cortina nel week end precedente il Natale \u2013 afferma l\u2019Assessore al Turismo di Cortina d\u2019Ampezzo Herbert Huber- \u00e8 stata una sfida vinta. Come prima edizione, non possiamo non ritenerci soddisfatti del richiamo che ha avuto e di come la citt\u00e0 ha accolto l\u2019evento, una novit\u00e0 assoluta per Cortina. Siamo peraltro molto soddisfatti [&hellip;]<\/p>\n","protected":false},"author":2,"featured_media":0,"comment_status":"closed","ping_status":"open","sticky":false,"template":"","format":"standard","meta":{"footnotes":""},"categories":[26,8],"tags":[139],"class_list":["post-22248","post","type-post","status-publish","format-standard","category-prima-pagina","category-societa-istituzioni","tag-belluno"],"yoast_head":"<!-- This site is optimized with the Yoast SEO plugin v28.4 - https:\/\/yoast.com\/product\/yoast-seo-wordpress\/ -->\n<title>Si \u00e8 chiusa la prima edizione di Eurochocolate a Cortina - Bellunopress - Dolomiti<\/title>\n<meta name=\"robots\" content=\"index, follow, max-snippet:-1, max-image-preview:large, max-video-preview:-1\" \/>\n<link rel=\"canonical\" href=\"https:\/\/www.bellunopress.it\/fr\/2010\/12\/20\/si-e-chiusa-la-prima-edizione-di-eurochocolate-a-cortina\/\" \/>\n<meta property=\"og:locale\" content=\"fr_FR\" \/>\n<meta property=\"og:type\" content=\"article\" \/>\n<meta property=\"og:title\" content=\"Si \u00e8 chiusa la prima edizione di Eurochocolate a Cortina - Bellunopress - Dolomiti\" \/>\n<meta property=\"og:description\" content=\"\u201cEurochocolate Ski a Cortina nel week end precedente il Natale \u2013 afferma l\u2019Assessore al Turismo di Cortina d\u2019Ampezzo Herbert Huber- \u00e8 stata una sfida vinta. Come prima edizione, non possiamo non ritenerci soddisfatti del richiamo che ha avuto e di come la citt\u00e0 ha accolto l\u2019evento, una novit\u00e0 assoluta per Cortina. Siamo peraltro molto soddisfatti [&hellip;]\" \/>\n<meta property=\"og:url\" content=\"https:\/\/www.bellunopress.it\/fr\/2010\/12\/20\/si-e-chiusa-la-prima-edizione-di-eurochocolate-a-cortina\/\" \/>\n<meta property=\"og:site_name\" content=\"Bellunopress - Dolomiti\" \/>\n<meta property=\"article:publisher\" content=\"https:\/\/www.facebook.com\/profile.php?id=100008943462799\" \/>\n<meta property=\"article:published_time\" content=\"2010-12-20T20:23:47+00:00\" \/>\n<meta property=\"og:image\" content=\"http:\/\/www.bellunopress.it\/wp-content\/uploads\/2010\/12\/porsche-eurochocolate-cortina.jpg\" \/>\n<meta name=\"author\" content=\"redazione\" \/>\n<meta name=\"twitter:card\" content=\"summary_large_image\" \/>\n<meta name=\"twitter:creator\" content=\"@bellunopress\" \/>\n<meta name=\"twitter:site\" content=\"@bellunopress\" \/>\n<meta name=\"twitter:label1\" content=\"\u00c9crit par\" \/>\n\t<meta name=\"twitter:data1\" content=\"redazione\" \/>\n\t<meta name=\"twitter:label2\" content=\"Dur\u00e9e de lecture estim\u00e9e\" \/>\n\t<meta name=\"twitter:data2\" content=\"2 minutes\" \/>\n<script type=\"application\/ld+json\" class=\"yoast-schema-graph\">{\"@context\":\"https:\\\/\\\/schema.org\",\"@graph\":[{\"@type\":\"Article\",\"@id\":\"https:\\\/\\\/www.bellunopress.it\\\/2010\\\/12\\\/20\\\/si-e-chiusa-la-prima-edizione-di-eurochocolate-a-cortina\\\/#article\",\"isPartOf\":{\"@id\":\"https:\\\/\\\/www.bellunopress.it\\\/2010\\\/12\\\/20\\\/si-e-chiusa-la-prima-edizione-di-eurochocolate-a-cortina\\\/\"},\"author\":{\"name\":\"redazione\",\"@id\":\"https:\\\/\\\/www.bellunopress.it\\\/#\\\/schema\\\/person\\\/79bb06722b37ece1c03d3e94beb30d73\"},\"headline\":\"Si \u00e8 chiusa la prima edizione di Eurochocolate a Cortina\",\"datePublished\":\"2010-12-20T20:23:47+00:00\",\"mainEntityOfPage\":{\"@id\":\"https:\\\/\\\/www.bellunopress.it\\\/2010\\\/12\\\/20\\\/si-e-chiusa-la-prima-edizione-di-eurochocolate-a-cortina\\\/\"},\"wordCount\":415,\"publisher\":{\"@id\":\"https:\\\/\\\/www.bellunopress.it\\\/#organization\"},\"image\":{\"@id\":\"https:\\\/\\\/www.bellunopress.it\\\/2010\\\/12\\\/20\\\/si-e-chiusa-la-prima-edizione-di-eurochocolate-a-cortina\\\/#primaryimage\"},\"thumbnailUrl\":\"http:\\\/\\\/www.bellunopress.it\\\/wp-content\\\/uploads\\\/2010\\\/12\\\/porsche-eurochocolate-cortina.jpg\",\"keywords\":[\"Belluno\"],\"articleSection\":[\"Prima Pagina\",\"Societ\u00e0, Associazioni, Istituzioni\"],\"inLanguage\":\"fr-FR\"},{\"@type\":\"WebPage\",\"@id\":\"https:\\\/\\\/www.bellunopress.it\\\/2010\\\/12\\\/20\\\/si-e-chiusa-la-prima-edizione-di-eurochocolate-a-cortina\\\/\",\"url\":\"https:\\\/\\\/www.bellunopress.it\\\/2010\\\/12\\\/20\\\/si-e-chiusa-la-prima-edizione-di-eurochocolate-a-cortina\\\/\",\"name\":\"Si \u00e8 chiusa la prima edizione di Eurochocolate a Cortina - Bellunopress - Dolomiti\",\"isPartOf\":{\"@id\":\"https:\\\/\\\/www.bellunopress.it\\\/#website\"},\"primaryImageOfPage\":{\"@id\":\"https:\\\/\\\/www.bellunopress.it\\\/2010\\\/12\\\/20\\\/si-e-chiusa-la-prima-edizione-di-eurochocolate-a-cortina\\\/#primaryimage\"},\"image\":{\"@id\":\"https:\\\/\\\/www.bellunopress.it\\\/2010\\\/12\\\/20\\\/si-e-chiusa-la-prima-edizione-di-eurochocolate-a-cortina\\\/#primaryimage\"},\"thumbnailUrl\":\"http:\\\/\\\/www.bellunopress.it\\\/wp-content\\\/uploads\\\/2010\\\/12\\\/porsche-eurochocolate-cortina.jpg\",\"datePublished\":\"2010-12-20T20:23:47+00:00\",\"breadcrumb\":{\"@id\":\"https:\\\/\\\/www.bellunopress.it\\\/2010\\\/12\\\/20\\\/si-e-chiusa-la-prima-edizione-di-eurochocolate-a-cortina\\\/#breadcrumb\"},\"inLanguage\":\"fr-FR\",\"potentialAction\":[{\"@type\":\"ReadAction\",\"target\":[\"https:\\\/\\\/www.bellunopress.it\\\/2010\\\/12\\\/20\\\/si-e-chiusa-la-prima-edizione-di-eurochocolate-a-cortina\\\/\"]}]},{\"@type\":\"ImageObject\",\"inLanguage\":\"fr-FR\",\"@id\":\"https:\\\/\\\/www.bellunopress.it\\\/2010\\\/12\\\/20\\\/si-e-chiusa-la-prima-edizione-di-eurochocolate-a-cortina\\\/#primaryimage\",\"url\":\"http:\\\/\\\/www.bellunopress.it\\\/wp-content\\\/uploads\\\/2010\\\/12\\\/porsche-eurochocolate-cortina.jpg\",\"contentUrl\":\"http:\\\/\\\/www.bellunopress.it\\\/wp-content\\\/uploads\\\/2010\\\/12\\\/porsche-eurochocolate-cortina.jpg\"},{\"@type\":\"BreadcrumbList\",\"@id\":\"https:\\\/\\\/www.bellunopress.it\\\/2010\\\/12\\\/20\\\/si-e-chiusa-la-prima-edizione-di-eurochocolate-a-cortina\\\/#breadcrumb\",\"itemListElement\":[{\"@type\":\"ListItem\",\"position\":1,\"name\":\"Home\",\"item\":\"https:\\\/\\\/www.bellunopress.it\\\/\"},{\"@type\":\"ListItem\",\"position\":2,\"name\":\"Si \u00e8 chiusa la prima edizione di Eurochocolate a Cortina\"}]},{\"@type\":\"WebSite\",\"@id\":\"https:\\\/\\\/www.bellunopress.it\\\/#website\",\"url\":\"https:\\\/\\\/www.bellunopress.it\\\/\",\"name\":\"Bellunopress - Dolomiti\",\"description\":\"e-mail: redazione@bellunopress.it\",\"publisher\":{\"@id\":\"https:\\\/\\\/www.bellunopress.it\\\/#organization\"},\"potentialAction\":[{\"@type\":\"SearchAction\",\"target\":{\"@type\":\"EntryPoint\",\"urlTemplate\":\"https:\\\/\\\/www.bellunopress.it\\\/?s={search_term_string}\"},\"query-input\":{\"@type\":\"PropertyValueSpecification\",\"valueRequired\":true,\"valueName\":\"search_term_string\"}}],\"inLanguage\":\"fr-FR\"},{\"@type\":\"Organization\",\"@id\":\"https:\\\/\\\/www.bellunopress.it\\\/#organization\",\"name\":\"Bellunopress\",\"url\":\"https:\\\/\\\/www.bellunopress.it\\\/\",\"logo\":{\"@type\":\"ImageObject\",\"inLanguage\":\"fr-FR\",\"@id\":\"https:\\\/\\\/www.bellunopress.it\\\/#\\\/schema\\\/logo\\\/image\\\/\",\"url\":\"https:\\\/\\\/www.bellunopress.it\\\/wp-content\\\/uploads\\\/2011\\\/05\\\/cropped-logo-bellunopress-.jpg\",\"contentUrl\":\"https:\\\/\\\/www.bellunopress.it\\\/wp-content\\\/uploads\\\/2011\\\/05\\\/cropped-logo-bellunopress-.jpg\",\"width\":512,\"height\":512,\"caption\":\"Bellunopress\"},\"image\":{\"@id\":\"https:\\\/\\\/www.bellunopress.it\\\/#\\\/schema\\\/logo\\\/image\\\/\"},\"sameAs\":[\"https:\\\/\\\/www.facebook.com\\\/profile.php?id=100008943462799\",\"https:\\\/\\\/x.com\\\/bellunopress\",\"https:\\\/\\\/www.linkedin.com\\\/hp\\\/?dnr=JBzUWaJfMUw8vbXJJ2tVW5-I3jZKvC4wsoxE&amp;amp;amp;amp;amp;amp;trk=nav_responsive_tab_home\",\"https:\\\/\\\/www.youtube.com\\\/channel\\\/UCxL0wu1uN0_3_7hGG0306cw\"]},{\"@type\":\"Person\",\"@id\":\"https:\\\/\\\/www.bellunopress.it\\\/#\\\/schema\\\/person\\\/79bb06722b37ece1c03d3e94beb30d73\",\"name\":\"redazione\",\"image\":{\"@type\":\"ImageObject\",\"inLanguage\":\"fr-FR\",\"@id\":\"https:\\\/\\\/secure.gravatar.com\\\/avatar\\\/37d968a2e67a6fd04c169c4bdef102d0bc5d31b2546345219e348575eb80e9a0?s=96&d=mm&r=g\",\"url\":\"https:\\\/\\\/secure.gravatar.com\\\/avatar\\\/37d968a2e67a6fd04c169c4bdef102d0bc5d31b2546345219e348575eb80e9a0?s=96&d=mm&r=g\",\"contentUrl\":\"https:\\\/\\\/secure.gravatar.com\\\/avatar\\\/37d968a2e67a6fd04c169c4bdef102d0bc5d31b2546345219e348575eb80e9a0?s=96&d=mm&r=g\",\"caption\":\"redazione\"},\"sameAs\":[\"http:\\\/\\\/www.bellunopress.it\",\"https:\\\/\\\/x.com\\\/bellunopress\"],\"url\":\"https:\\\/\\\/www.bellunopress.it\\\/fr\\\/author\\\/redazione\\\/\"}]}<\/script>\n<!-- \/ Yoast SEO plugin. -->","yoast_head_json":{"title":"Si \u00e8 chiusa la prima edizione di Eurochocolate a Cortina - Bellunopress - Dolomiti","robots":{"index":"index","follow":"follow","max-snippet":"max-snippet:-1","max-image-preview":"max-image-preview:large","max-video-preview":"max-video-preview:-1"},"canonical":"https:\/\/www.bellunopress.it\/fr\/2010\/12\/20\/si-e-chiusa-la-prima-edizione-di-eurochocolate-a-cortina\/","og_locale":"fr_FR","og_type":"article","og_title":"Si \u00e8 chiusa la prima edizione di Eurochocolate a Cortina - Bellunopress - Dolomiti","og_description":"\u201cEurochocolate Ski a Cortina nel week end precedente il Natale \u2013 afferma l\u2019Assessore al Turismo di Cortina d\u2019Ampezzo Herbert Huber- \u00e8 stata una sfida vinta. Come prima edizione, non possiamo non ritenerci soddisfatti del richiamo che ha avuto e di come la citt\u00e0 ha accolto l\u2019evento, una novit\u00e0 assoluta per Cortina. Siamo peraltro molto soddisfatti [&hellip;]","og_url":"https:\/\/www.bellunopress.it\/fr\/2010\/12\/20\/si-e-chiusa-la-prima-edizione-di-eurochocolate-a-cortina\/","og_site_name":"Bellunopress - Dolomiti","article_publisher":"https:\/\/www.facebook.com\/profile.php?id=100008943462799","article_published_time":"2010-12-20T20:23:47+00:00","og_image":[{"url":"http:\/\/www.bellunopress.it\/wp-content\/uploads\/2010\/12\/porsche-eurochocolate-cortina.jpg","type":"","width":"","height":""}],"author":"redazione","twitter_card":"summary_large_image","twitter_creator":"@bellunopress","twitter_site":"@bellunopress","twitter_misc":{"\u00c9crit par":"redazione","Dur\u00e9e de lecture estim\u00e9e":"2 minutes"},"schema":{"@context":"https:\/\/schema.org","@graph":[{"@type":"Article","@id":"https:\/\/www.bellunopress.it\/2010\/12\/20\/si-e-chiusa-la-prima-edizione-di-eurochocolate-a-cortina\/#article","isPartOf":{"@id":"https:\/\/www.bellunopress.it\/2010\/12\/20\/si-e-chiusa-la-prima-edizione-di-eurochocolate-a-cortina\/"},"author":{"name":"redazione","@id":"https:\/\/www.bellunopress.it\/#\/schema\/person\/79bb06722b37ece1c03d3e94beb30d73"},"headline":"Si \u00e8 chiusa la prima edizione di Eurochocolate a Cortina","datePublished":"2010-12-20T20:23:47+00:00","mainEntityOfPage":{"@id":"https:\/\/www.bellunopress.it\/2010\/12\/20\/si-e-chiusa-la-prima-edizione-di-eurochocolate-a-cortina\/"},"wordCount":415,"publisher":{"@id":"https:\/\/www.bellunopress.it\/#organization"},"image":{"@id":"https:\/\/www.bellunopress.it\/2010\/12\/20\/si-e-chiusa-la-prima-edizione-di-eurochocolate-a-cortina\/#primaryimage"},"thumbnailUrl":"http:\/\/www.bellunopress.it\/wp-content\/uploads\/2010\/12\/porsche-eurochocolate-cortina.jpg","keywords":["Belluno"],"articleSection":["Prima Pagina","Societ\u00e0, Associazioni, Istituzioni"],"inLanguage":"fr-FR"},{"@type":"WebPage","@id":"https:\/\/www.bellunopress.it\/2010\/12\/20\/si-e-chiusa-la-prima-edizione-di-eurochocolate-a-cortina\/","url":"https:\/\/www.bellunopress.it\/2010\/12\/20\/si-e-chiusa-la-prima-edizione-di-eurochocolate-a-cortina\/","name":"Si \u00e8 chiusa la prima edizione di Eurochocolate a Cortina - Bellunopress - Dolomiti","isPartOf":{"@id":"https:\/\/www.bellunopress.it\/#website"},"primaryImageOfPage":{"@id":"https:\/\/www.bellunopress.it\/2010\/12\/20\/si-e-chiusa-la-prima-edizione-di-eurochocolate-a-cortina\/#primaryimage"},"image":{"@id":"https:\/\/www.bellunopress.it\/2010\/12\/20\/si-e-chiusa-la-prima-edizione-di-eurochocolate-a-cortina\/#primaryimage"},"thumbnailUrl":"http:\/\/www.bellunopress.it\/wp-content\/uploads\/2010\/12\/porsche-eurochocolate-cortina.jpg","datePublished":"2010-12-20T20:23:47+00:00","breadcrumb":{"@id":"https:\/\/www.bellunopress.it\/2010\/12\/20\/si-e-chiusa-la-prima-edizione-di-eurochocolate-a-cortina\/#breadcrumb"},"inLanguage":"fr-FR","potentialAction":[{"@type":"ReadAction","target":["https:\/\/www.bellunopress.it\/2010\/12\/20\/si-e-chiusa-la-prima-edizione-di-eurochocolate-a-cortina\/"]}]},{"@type":"ImageObject","inLanguage":"fr-FR","@id":"https:\/\/www.bellunopress.it\/2010\/12\/20\/si-e-chiusa-la-prima-edizione-di-eurochocolate-a-cortina\/#primaryimage","url":"http:\/\/www.bellunopress.it\/wp-content\/uploads\/2010\/12\/porsche-eurochocolate-cortina.jpg","contentUrl":"http:\/\/www.bellunopress.it\/wp-content\/uploads\/2010\/12\/porsche-eurochocolate-cortina.jpg"},{"@type":"BreadcrumbList","@id":"https:\/\/www.bellunopress.it\/2010\/12\/20\/si-e-chiusa-la-prima-edizione-di-eurochocolate-a-cortina\/#breadcrumb","itemListElement":[{"@type":"ListItem","position":1,"name":"Home","item":"https:\/\/www.bellunopress.it\/"},{"@type":"ListItem","position":2,"name":"Si \u00e8 chiusa la prima edizione di Eurochocolate a Cortina"}]},{"@type":"WebSite","@id":"https:\/\/www.bellunopress.it\/#website","url":"https:\/\/www.bellunopress.it\/","name":"Bellunopress - Dolomiti","description":"e-mail: redazione@bellunopress.it","publisher":{"@id":"https:\/\/www.bellunopress.it\/#organization"},"potentialAction":[{"@type":"SearchAction","target":{"@type":"EntryPoint","urlTemplate":"https:\/\/www.bellunopress.it\/?s={search_term_string}"},"query-input":{"@type":"PropertyValueSpecification","valueRequired":true,"valueName":"search_term_string"}}],"inLanguage":"fr-FR"},{"@type":"Organization","@id":"https:\/\/www.bellunopress.it\/#organization","name":"Bellunopress","url":"https:\/\/www.bellunopress.it\/","logo":{"@type":"ImageObject","inLanguage":"fr-FR","@id":"https:\/\/www.bellunopress.it\/#\/schema\/logo\/image\/","url":"https:\/\/www.bellunopress.it\/wp-content\/uploads\/2011\/05\/cropped-logo-bellunopress-.jpg","contentUrl":"https:\/\/www.bellunopress.it\/wp-content\/uploads\/2011\/05\/cropped-logo-bellunopress-.jpg","width":512,"height":512,"caption":"Bellunopress"},"image":{"@id":"https:\/\/www.bellunopress.it\/#\/schema\/logo\/image\/"},"sameAs":["https:\/\/www.facebook.com\/profile.php?id=100008943462799","https:\/\/x.com\/bellunopress","https:\/\/www.linkedin.com\/hp\/?dnr=JBzUWaJfMUw8vbXJJ2tVW5-I3jZKvC4wsoxE&amp;amp;amp;amp;amp;amp;trk=nav_responsive_tab_home","https:\/\/www.youtube.com\/channel\/UCxL0wu1uN0_3_7hGG0306cw"]},{"@type":"Person","@id":"https:\/\/www.bellunopress.it\/#\/schema\/person\/79bb06722b37ece1c03d3e94beb30d73","name":"r\u00e9daction","image":{"@type":"ImageObject","inLanguage":"fr-FR","@id":"https:\/\/secure.gravatar.com\/avatar\/37d968a2e67a6fd04c169c4bdef102d0bc5d31b2546345219e348575eb80e9a0?s=96&d=mm&r=g","url":"https:\/\/secure.gravatar.com\/avatar\/37d968a2e67a6fd04c169c4bdef102d0bc5d31b2546345219e348575eb80e9a0?s=96&d=mm&r=g","contentUrl":"https:\/\/secure.gravatar.com\/avatar\/37d968a2e67a6fd04c169c4bdef102d0bc5d31b2546345219e348575eb80e9a0?s=96&d=mm&r=g","caption":"redazione"},"sameAs":["http:\/\/www.bellunopress.it","https:\/\/x.com\/bellunopress"],"url":"https:\/\/www.bellunopress.it\/fr\/author\/redazione\/"}]}},"_links":{"self":[{"href":"https:\/\/www.bellunopress.it\/fr\/wp-json\/wp\/v2\/posts\/22248","targetHints":{"allow":["GET"]}}],"collection":[{"href":"https:\/\/www.bellunopress.it\/fr\/wp-json\/wp\/v2\/posts"}],"about":[{"href":"https:\/\/www.bellunopress.it\/fr\/wp-json\/wp\/v2\/types\/post"}],"author":[{"embeddable":true,"href":"https:\/\/www.bellunopress.it\/fr\/wp-json\/wp\/v2\/users\/2"}],"replies":[{"embeddable":true,"href":"https:\/\/www.bellunopress.it\/fr\/wp-json\/wp\/v2\/comments?post=22248"}],"version-history":[{"count":1,"href":"https:\/\/www.bellunopress.it\/fr\/wp-json\/wp\/v2\/posts\/22248\/revisions"}],"predecessor-version":[{"id":22251,"href":"https:\/\/www.bellunopress.it\/fr\/wp-json\/wp\/v2\/posts\/22248\/revisions\/22251"}],"wp:attachment":[{"href":"https:\/\/www.bellunopress.it\/fr\/wp-json\/wp\/v2\/media?parent=22248"}],"wp:term":[{"taxonomy":"category","embeddable":true,"href":"https:\/\/www.bellunopress.it\/fr\/wp-json\/wp\/v2\/categories?post=22248"},{"taxonomy":"post_tag","embeddable":true,"href":"https:\/\/www.bellunopress.it\/fr\/wp-json\/wp\/v2\/tags?post=22248"}],"curies":[{"name":"wp","href":"https:\/\/api.w.org\/{rel}","templated":true}]}}