{"id":2224,"date":"2009-04-02T11:52:42","date_gmt":"2009-04-02T10:52:42","guid":{"rendered":"http:\/\/www.bellunopress.it\/?p=2224"},"modified":"2009-04-02T11:52:42","modified_gmt":"2009-04-02T10:52:42","slug":"anche-reolon-critica-la-decisione-dell%e2%80%99ato-di-non-ridimensionare-i-canoni-idrici-per-gli-alberghi","status":"publish","type":"post","link":"https:\/\/www.bellunopress.it\/fr\/2009\/04\/02\/anche-reolon-critica-la-decisione-dell%e2%80%99ato-di-non-ridimensionare-i-canoni-idrici-per-gli-alberghi\/","title":{"rendered":"Anche Reolon critica la decisione dell\u2019Ato di non ridimensionare i canoni idrici per gli alberghi"},"content":{"rendered":"<p><a href=\"http:\/\/www.bellunopress.it\/wp-content\/uploads\/2009\/02\/sergio-reolon-1.jpg\"><img loading=\"lazy\" decoding=\"async\" class=\"alignleft size-medium wp-image-258\" title=\"sergio-reolon-1\" src=\"http:\/\/www.bellunopress.it\/wp-content\/uploads\/2009\/02\/sergio-reolon-1.jpg\" alt=\"\" width=\"270\" height=\"180\" \/><\/a>\u00abUn atto sbagliato\u00bb. Il presidente della Provincia, Sergio Reolon, commenta cos\u00ec la decisione presa dall\u2019assemblea dell\u2019Ato, riunita luned\u00ec 30 marzo, di opporsi alla riduzione dei canoni idrici per le strutture alberghiere. Nonostante a dicembre l\u2019assemblea avesse gi\u00e0 deciso la riduzione, luned\u00ec scorso i sindaci della parte bassa della Provincia hanno respinto la richiesta degli operatori turistici del settore alberghiero di ridimensionare i gravosi canoni che pesano sulla gestione. La riduzione sarebbe avvenuta attingendo a fondi previsti per le spese dell\u2019Aato e non gravando sulle bollette e quindi non a carico degli altri cittadini. \u00abL\u2019Aato \u00e8 di fatto incapace di farsi carico della parte alta della Provincia\u00bb, afferma Reolon. \u00abStiamo attraversando una crisi economica gravissima e dovremmo moltiplicare gli sforzi per agevolare la trasformazione della nostra economia verso un sistema turistico dell\u2019intera provincia. Invece non si trovano le forze necessarie e si va in una direzione opposta\u00bb. D\u2019altro canto \u00e8 l\u2019Aato stessa a non funzionare. \u00abBasti pensare che ci sono voluti oltre tre anni per decidere le tariffe del servizio idrico\u00bb, sottolinea Reolon. \u00abOgni sindaco in questo sistema \u00e8 portato doverosamente a guardare gli interessi particolari del proprio comune. Non\u00a0 si pu\u00f2 chiedere a una assemblea di sindaci di fare il governo del territorio, perch\u00e9 cos\u00ec si chiede ai sindaci di fare una cosa impropria rispetto al loro lavoro e al loro ruolo. Altrimenti, come si \u00e8 visto luned\u00ec, si portano dentro l\u2019assemblea le frammentazioni e le esigenze particolari\u00bb. La legge nazionale ha riconosciuto questo errore e infatti prevede che le Regioni, a cui compete decidere, trasferiscano le competenze alle Province nel caso in cui le Aato non siano interprovinciali. \u00abPurtroppo\u00bb, conclude Reolon, \u00abcome in molti altri casi (statuto, acqua, comunit\u00e0 montane) la Regione Veneto non decide e non governa. Queste sono le conseguenze\u00bb.<\/p>","protected":false},"excerpt":{"rendered":"<p>\u00abUn atto sbagliato\u00bb. Il presidente della Provincia, Sergio Reolon, commenta cos\u00ec la decisione presa dall\u2019assemblea dell\u2019Ato, riunita luned\u00ec 30 marzo, di opporsi alla riduzione dei canoni idrici per le strutture alberghiere. Nonostante a dicembre l\u2019assemblea avesse gi\u00e0 deciso la riduzione, luned\u00ec scorso i sindaci della parte bassa della Provincia hanno respinto la richiesta degli operatori [&hellip;]<\/p>\n","protected":false},"author":2,"featured_media":0,"comment_status":"closed","ping_status":"open","sticky":false,"template":"","format":"standard","meta":{"footnotes":""},"categories":[5,26],"tags":[139],"class_list":["post-2224","post","type-post","status-publish","format-standard","category-cronaca","category-prima-pagina","tag-belluno"],"yoast_head":"<!-- This site is optimized with the Yoast SEO plugin v28.4 - https:\/\/yoast.com\/product\/yoast-seo-wordpress\/ -->\n<title>Anche Reolon critica la decisione dell\u2019Ato di non ridimensionare i canoni idrici per gli alberghi - Bellunopress - Dolomiti<\/title>\n<meta name=\"robots\" content=\"index, follow, max-snippet:-1, max-image-preview:large, max-video-preview:-1\" \/>\n<link rel=\"canonical\" href=\"https:\/\/www.bellunopress.it\/fr\/2009\/04\/02\/anche-reolon-critica-la-decisione-dell\u2019ato-di-non-ridimensionare-i-canoni-idrici-per-gli-alberghi\/\" \/>\n<meta property=\"og:locale\" content=\"fr_FR\" \/>\n<meta property=\"og:type\" content=\"article\" \/>\n<meta property=\"og:title\" content=\"Anche Reolon critica la decisione dell\u2019Ato di non ridimensionare i canoni idrici per gli alberghi - Bellunopress - Dolomiti\" \/>\n<meta property=\"og:description\" content=\"\u00abUn atto sbagliato\u00bb. Il presidente della Provincia, Sergio Reolon, commenta cos\u00ec la decisione presa dall\u2019assemblea dell\u2019Ato, riunita luned\u00ec 30 marzo, di opporsi alla riduzione dei canoni idrici per le strutture alberghiere. Nonostante a dicembre l\u2019assemblea avesse gi\u00e0 deciso la riduzione, luned\u00ec scorso i sindaci della parte bassa della Provincia hanno respinto la richiesta degli operatori [&hellip;]\" \/>\n<meta property=\"og:url\" content=\"https:\/\/www.bellunopress.it\/fr\/2009\/04\/02\/anche-reolon-critica-la-decisione-dell\u2019ato-di-non-ridimensionare-i-canoni-idrici-per-gli-alberghi\/\" \/>\n<meta property=\"og:site_name\" content=\"Bellunopress - Dolomiti\" \/>\n<meta property=\"article:publisher\" content=\"https:\/\/www.facebook.com\/profile.php?id=100008943462799\" \/>\n<meta property=\"article:published_time\" content=\"2009-04-02T10:52:42+00:00\" \/>\n<meta property=\"og:image\" content=\"http:\/\/www.bellunopress.it\/wp-content\/uploads\/2009\/02\/sergio-reolon-1.jpg\" \/>\n<meta name=\"author\" content=\"redazione\" \/>\n<meta name=\"twitter:card\" content=\"summary_large_image\" \/>\n<meta name=\"twitter:creator\" content=\"@bellunopress\" \/>\n<meta name=\"twitter:site\" content=\"@bellunopress\" \/>\n<meta name=\"twitter:label1\" content=\"Written by\" \/>\n\t<meta name=\"twitter:data1\" content=\"redazione\" \/>\n\t<meta name=\"twitter:label2\" content=\"Est. reading time\" \/>\n\t<meta name=\"twitter:data2\" content=\"1 minute\" \/>\n<script type=\"application\/ld+json\" class=\"yoast-schema-graph\">{\"@context\":\"https:\\\/\\\/schema.org\",\"@graph\":[{\"@type\":\"Article\",\"@id\":\"https:\\\/\\\/www.bellunopress.it\\\/2009\\\/04\\\/02\\\/anche-reolon-critica-la-decisione-dell%e2%80%99ato-di-non-ridimensionare-i-canoni-idrici-per-gli-alberghi\\\/#article\",\"isPartOf\":{\"@id\":\"https:\\\/\\\/www.bellunopress.it\\\/2009\\\/04\\\/02\\\/anche-reolon-critica-la-decisione-dell%e2%80%99ato-di-non-ridimensionare-i-canoni-idrici-per-gli-alberghi\\\/\"},\"author\":{\"name\":\"redazione\",\"@id\":\"https:\\\/\\\/www.bellunopress.it\\\/#\\\/schema\\\/person\\\/79bb06722b37ece1c03d3e94beb30d73\"},\"headline\":\"Anche Reolon critica la decisione dell\u2019Ato di non ridimensionare i canoni idrici per gli alberghi\",\"datePublished\":\"2009-04-02T10:52:42+00:00\",\"mainEntityOfPage\":{\"@id\":\"https:\\\/\\\/www.bellunopress.it\\\/2009\\\/04\\\/02\\\/anche-reolon-critica-la-decisione-dell%e2%80%99ato-di-non-ridimensionare-i-canoni-idrici-per-gli-alberghi\\\/\"},\"wordCount\":313,\"publisher\":{\"@id\":\"https:\\\/\\\/www.bellunopress.it\\\/#organization\"},\"image\":{\"@id\":\"https:\\\/\\\/www.bellunopress.it\\\/2009\\\/04\\\/02\\\/anche-reolon-critica-la-decisione-dell%e2%80%99ato-di-non-ridimensionare-i-canoni-idrici-per-gli-alberghi\\\/#primaryimage\"},\"thumbnailUrl\":\"http:\\\/\\\/www.bellunopress.it\\\/wp-content\\\/uploads\\\/2009\\\/02\\\/sergio-reolon-1.jpg\",\"keywords\":[\"Belluno\"],\"articleSection\":[\"Cronaca\\\/Politica\",\"Prima Pagina\"],\"inLanguage\":\"fr-FR\"},{\"@type\":\"WebPage\",\"@id\":\"https:\\\/\\\/www.bellunopress.it\\\/2009\\\/04\\\/02\\\/anche-reolon-critica-la-decisione-dell%e2%80%99ato-di-non-ridimensionare-i-canoni-idrici-per-gli-alberghi\\\/\",\"url\":\"https:\\\/\\\/www.bellunopress.it\\\/2009\\\/04\\\/02\\\/anche-reolon-critica-la-decisione-dell%e2%80%99ato-di-non-ridimensionare-i-canoni-idrici-per-gli-alberghi\\\/\",\"name\":\"Anche Reolon critica la decisione dell\u2019Ato di non ridimensionare i canoni idrici per gli alberghi - Bellunopress - Dolomiti\",\"isPartOf\":{\"@id\":\"https:\\\/\\\/www.bellunopress.it\\\/#website\"},\"primaryImageOfPage\":{\"@id\":\"https:\\\/\\\/www.bellunopress.it\\\/2009\\\/04\\\/02\\\/anche-reolon-critica-la-decisione-dell%e2%80%99ato-di-non-ridimensionare-i-canoni-idrici-per-gli-alberghi\\\/#primaryimage\"},\"image\":{\"@id\":\"https:\\\/\\\/www.bellunopress.it\\\/2009\\\/04\\\/02\\\/anche-reolon-critica-la-decisione-dell%e2%80%99ato-di-non-ridimensionare-i-canoni-idrici-per-gli-alberghi\\\/#primaryimage\"},\"thumbnailUrl\":\"http:\\\/\\\/www.bellunopress.it\\\/wp-content\\\/uploads\\\/2009\\\/02\\\/sergio-reolon-1.jpg\",\"datePublished\":\"2009-04-02T10:52:42+00:00\",\"breadcrumb\":{\"@id\":\"https:\\\/\\\/www.bellunopress.it\\\/2009\\\/04\\\/02\\\/anche-reolon-critica-la-decisione-dell%e2%80%99ato-di-non-ridimensionare-i-canoni-idrici-per-gli-alberghi\\\/#breadcrumb\"},\"inLanguage\":\"fr-FR\",\"potentialAction\":[{\"@type\":\"ReadAction\",\"target\":[\"https:\\\/\\\/www.bellunopress.it\\\/2009\\\/04\\\/02\\\/anche-reolon-critica-la-decisione-dell%e2%80%99ato-di-non-ridimensionare-i-canoni-idrici-per-gli-alberghi\\\/\"]}]},{\"@type\":\"ImageObject\",\"inLanguage\":\"fr-FR\",\"@id\":\"https:\\\/\\\/www.bellunopress.it\\\/2009\\\/04\\\/02\\\/anche-reolon-critica-la-decisione-dell%e2%80%99ato-di-non-ridimensionare-i-canoni-idrici-per-gli-alberghi\\\/#primaryimage\",\"url\":\"http:\\\/\\\/www.bellunopress.it\\\/wp-content\\\/uploads\\\/2009\\\/02\\\/sergio-reolon-1.jpg\",\"contentUrl\":\"http:\\\/\\\/www.bellunopress.it\\\/wp-content\\\/uploads\\\/2009\\\/02\\\/sergio-reolon-1.jpg\"},{\"@type\":\"BreadcrumbList\",\"@id\":\"https:\\\/\\\/www.bellunopress.it\\\/2009\\\/04\\\/02\\\/anche-reolon-critica-la-decisione-dell%e2%80%99ato-di-non-ridimensionare-i-canoni-idrici-per-gli-alberghi\\\/#breadcrumb\",\"itemListElement\":[{\"@type\":\"ListItem\",\"position\":1,\"name\":\"Home\",\"item\":\"https:\\\/\\\/www.bellunopress.it\\\/\"},{\"@type\":\"ListItem\",\"position\":2,\"name\":\"Anche Reolon critica la decisione dell\u2019Ato di non ridimensionare i canoni idrici per gli alberghi\"}]},{\"@type\":\"WebSite\",\"@id\":\"https:\\\/\\\/www.bellunopress.it\\\/#website\",\"url\":\"https:\\\/\\\/www.bellunopress.it\\\/\",\"name\":\"Bellunopress - Dolomiti\",\"description\":\"e-mail: redazione@bellunopress.it\",\"publisher\":{\"@id\":\"https:\\\/\\\/www.bellunopress.it\\\/#organization\"},\"potentialAction\":[{\"@type\":\"SearchAction\",\"target\":{\"@type\":\"EntryPoint\",\"urlTemplate\":\"https:\\\/\\\/www.bellunopress.it\\\/?s={search_term_string}\"},\"query-input\":{\"@type\":\"PropertyValueSpecification\",\"valueRequired\":true,\"valueName\":\"search_term_string\"}}],\"inLanguage\":\"fr-FR\"},{\"@type\":\"Organization\",\"@id\":\"https:\\\/\\\/www.bellunopress.it\\\/#organization\",\"name\":\"Bellunopress\",\"url\":\"https:\\\/\\\/www.bellunopress.it\\\/\",\"logo\":{\"@type\":\"ImageObject\",\"inLanguage\":\"fr-FR\",\"@id\":\"https:\\\/\\\/www.bellunopress.it\\\/#\\\/schema\\\/logo\\\/image\\\/\",\"url\":\"https:\\\/\\\/www.bellunopress.it\\\/wp-content\\\/uploads\\\/2011\\\/05\\\/cropped-logo-bellunopress-.jpg\",\"contentUrl\":\"https:\\\/\\\/www.bellunopress.it\\\/wp-content\\\/uploads\\\/2011\\\/05\\\/cropped-logo-bellunopress-.jpg\",\"width\":512,\"height\":512,\"caption\":\"Bellunopress\"},\"image\":{\"@id\":\"https:\\\/\\\/www.bellunopress.it\\\/#\\\/schema\\\/logo\\\/image\\\/\"},\"sameAs\":[\"https:\\\/\\\/www.facebook.com\\\/profile.php?id=100008943462799\",\"https:\\\/\\\/x.com\\\/bellunopress\",\"https:\\\/\\\/www.linkedin.com\\\/hp\\\/?dnr=JBzUWaJfMUw8vbXJJ2tVW5-I3jZKvC4wsoxE&amp;amp;amp;amp;amp;amp;trk=nav_responsive_tab_home\",\"https:\\\/\\\/www.youtube.com\\\/channel\\\/UCxL0wu1uN0_3_7hGG0306cw\"]},{\"@type\":\"Person\",\"@id\":\"https:\\\/\\\/www.bellunopress.it\\\/#\\\/schema\\\/person\\\/79bb06722b37ece1c03d3e94beb30d73\",\"name\":\"redazione\",\"image\":{\"@type\":\"ImageObject\",\"inLanguage\":\"fr-FR\",\"@id\":\"https:\\\/\\\/secure.gravatar.com\\\/avatar\\\/37d968a2e67a6fd04c169c4bdef102d0bc5d31b2546345219e348575eb80e9a0?s=96&d=mm&r=g\",\"url\":\"https:\\\/\\\/secure.gravatar.com\\\/avatar\\\/37d968a2e67a6fd04c169c4bdef102d0bc5d31b2546345219e348575eb80e9a0?s=96&d=mm&r=g\",\"contentUrl\":\"https:\\\/\\\/secure.gravatar.com\\\/avatar\\\/37d968a2e67a6fd04c169c4bdef102d0bc5d31b2546345219e348575eb80e9a0?s=96&d=mm&r=g\",\"caption\":\"redazione\"},\"sameAs\":[\"http:\\\/\\\/www.bellunopress.it\",\"https:\\\/\\\/x.com\\\/bellunopress\"],\"url\":\"https:\\\/\\\/www.bellunopress.it\\\/fr\\\/author\\\/redazione\\\/\"}]}<\/script>\n<!-- \/ Yoast SEO plugin. -->","yoast_head_json":{"title":"Anche Reolon critica la decisione dell\u2019Ato di non ridimensionare i canoni idrici per gli alberghi - Bellunopress - Dolomiti","robots":{"index":"index","follow":"follow","max-snippet":"max-snippet:-1","max-image-preview":"max-image-preview:large","max-video-preview":"max-video-preview:-1"},"canonical":"https:\/\/www.bellunopress.it\/fr\/2009\/04\/02\/anche-reolon-critica-la-decisione-dell\u2019ato-di-non-ridimensionare-i-canoni-idrici-per-gli-alberghi\/","og_locale":"fr_FR","og_type":"article","og_title":"Anche Reolon critica la decisione dell\u2019Ato di non ridimensionare i canoni idrici per gli alberghi - Bellunopress - Dolomiti","og_description":"\u00abUn atto sbagliato\u00bb. Il presidente della Provincia, Sergio Reolon, commenta cos\u00ec la decisione presa dall\u2019assemblea dell\u2019Ato, riunita luned\u00ec 30 marzo, di opporsi alla riduzione dei canoni idrici per le strutture alberghiere. Nonostante a dicembre l\u2019assemblea avesse gi\u00e0 deciso la riduzione, luned\u00ec scorso i sindaci della parte bassa della Provincia hanno respinto la richiesta degli operatori [&hellip;]","og_url":"https:\/\/www.bellunopress.it\/fr\/2009\/04\/02\/anche-reolon-critica-la-decisione-dell\u2019ato-di-non-ridimensionare-i-canoni-idrici-per-gli-alberghi\/","og_site_name":"Bellunopress - Dolomiti","article_publisher":"https:\/\/www.facebook.com\/profile.php?id=100008943462799","article_published_time":"2009-04-02T10:52:42+00:00","og_image":[{"url":"http:\/\/www.bellunopress.it\/wp-content\/uploads\/2009\/02\/sergio-reolon-1.jpg","type":"","width":"","height":""}],"author":"redazione","twitter_card":"summary_large_image","twitter_creator":"@bellunopress","twitter_site":"@bellunopress","twitter_misc":{"Written by":"redazione","Est. reading time":"1 minute"},"schema":{"@context":"https:\/\/schema.org","@graph":[{"@type":"Article","@id":"https:\/\/www.bellunopress.it\/2009\/04\/02\/anche-reolon-critica-la-decisione-dell%e2%80%99ato-di-non-ridimensionare-i-canoni-idrici-per-gli-alberghi\/#article","isPartOf":{"@id":"https:\/\/www.bellunopress.it\/2009\/04\/02\/anche-reolon-critica-la-decisione-dell%e2%80%99ato-di-non-ridimensionare-i-canoni-idrici-per-gli-alberghi\/"},"author":{"name":"redazione","@id":"https:\/\/www.bellunopress.it\/#\/schema\/person\/79bb06722b37ece1c03d3e94beb30d73"},"headline":"Anche Reolon critica la decisione dell\u2019Ato di non ridimensionare i canoni idrici per gli alberghi","datePublished":"2009-04-02T10:52:42+00:00","mainEntityOfPage":{"@id":"https:\/\/www.bellunopress.it\/2009\/04\/02\/anche-reolon-critica-la-decisione-dell%e2%80%99ato-di-non-ridimensionare-i-canoni-idrici-per-gli-alberghi\/"},"wordCount":313,"publisher":{"@id":"https:\/\/www.bellunopress.it\/#organization"},"image":{"@id":"https:\/\/www.bellunopress.it\/2009\/04\/02\/anche-reolon-critica-la-decisione-dell%e2%80%99ato-di-non-ridimensionare-i-canoni-idrici-per-gli-alberghi\/#primaryimage"},"thumbnailUrl":"http:\/\/www.bellunopress.it\/wp-content\/uploads\/2009\/02\/sergio-reolon-1.jpg","keywords":["Belluno"],"articleSection":["Cronaca\/Politica","Prima Pagina"],"inLanguage":"fr-FR"},{"@type":"WebPage","@id":"https:\/\/www.bellunopress.it\/2009\/04\/02\/anche-reolon-critica-la-decisione-dell%e2%80%99ato-di-non-ridimensionare-i-canoni-idrici-per-gli-alberghi\/","url":"https:\/\/www.bellunopress.it\/2009\/04\/02\/anche-reolon-critica-la-decisione-dell%e2%80%99ato-di-non-ridimensionare-i-canoni-idrici-per-gli-alberghi\/","name":"Anche Reolon critica la decisione dell\u2019Ato di non ridimensionare i canoni idrici per gli alberghi - Bellunopress - Dolomiti","isPartOf":{"@id":"https:\/\/www.bellunopress.it\/#website"},"primaryImageOfPage":{"@id":"https:\/\/www.bellunopress.it\/2009\/04\/02\/anche-reolon-critica-la-decisione-dell%e2%80%99ato-di-non-ridimensionare-i-canoni-idrici-per-gli-alberghi\/#primaryimage"},"image":{"@id":"https:\/\/www.bellunopress.it\/2009\/04\/02\/anche-reolon-critica-la-decisione-dell%e2%80%99ato-di-non-ridimensionare-i-canoni-idrici-per-gli-alberghi\/#primaryimage"},"thumbnailUrl":"http:\/\/www.bellunopress.it\/wp-content\/uploads\/2009\/02\/sergio-reolon-1.jpg","datePublished":"2009-04-02T10:52:42+00:00","breadcrumb":{"@id":"https:\/\/www.bellunopress.it\/2009\/04\/02\/anche-reolon-critica-la-decisione-dell%e2%80%99ato-di-non-ridimensionare-i-canoni-idrici-per-gli-alberghi\/#breadcrumb"},"inLanguage":"fr-FR","potentialAction":[{"@type":"ReadAction","target":["https:\/\/www.bellunopress.it\/2009\/04\/02\/anche-reolon-critica-la-decisione-dell%e2%80%99ato-di-non-ridimensionare-i-canoni-idrici-per-gli-alberghi\/"]}]},{"@type":"ImageObject","inLanguage":"fr-FR","@id":"https:\/\/www.bellunopress.it\/2009\/04\/02\/anche-reolon-critica-la-decisione-dell%e2%80%99ato-di-non-ridimensionare-i-canoni-idrici-per-gli-alberghi\/#primaryimage","url":"http:\/\/www.bellunopress.it\/wp-content\/uploads\/2009\/02\/sergio-reolon-1.jpg","contentUrl":"http:\/\/www.bellunopress.it\/wp-content\/uploads\/2009\/02\/sergio-reolon-1.jpg"},{"@type":"BreadcrumbList","@id":"https:\/\/www.bellunopress.it\/2009\/04\/02\/anche-reolon-critica-la-decisione-dell%e2%80%99ato-di-non-ridimensionare-i-canoni-idrici-per-gli-alberghi\/#breadcrumb","itemListElement":[{"@type":"ListItem","position":1,"name":"Home","item":"https:\/\/www.bellunopress.it\/"},{"@type":"ListItem","position":2,"name":"Anche Reolon critica la decisione dell\u2019Ato di non ridimensionare i canoni idrici per gli alberghi"}]},{"@type":"WebSite","@id":"https:\/\/www.bellunopress.it\/#website","url":"https:\/\/www.bellunopress.it\/","name":"Bellunopress - Dolomiti","description":"e-mail: redazione@bellunopress.it","publisher":{"@id":"https:\/\/www.bellunopress.it\/#organization"},"potentialAction":[{"@type":"SearchAction","target":{"@type":"EntryPoint","urlTemplate":"https:\/\/www.bellunopress.it\/?s={search_term_string}"},"query-input":{"@type":"PropertyValueSpecification","valueRequired":true,"valueName":"search_term_string"}}],"inLanguage":"fr-FR"},{"@type":"Organization","@id":"https:\/\/www.bellunopress.it\/#organization","name":"Bellunopress","url":"https:\/\/www.bellunopress.it\/","logo":{"@type":"ImageObject","inLanguage":"fr-FR","@id":"https:\/\/www.bellunopress.it\/#\/schema\/logo\/image\/","url":"https:\/\/www.bellunopress.it\/wp-content\/uploads\/2011\/05\/cropped-logo-bellunopress-.jpg","contentUrl":"https:\/\/www.bellunopress.it\/wp-content\/uploads\/2011\/05\/cropped-logo-bellunopress-.jpg","width":512,"height":512,"caption":"Bellunopress"},"image":{"@id":"https:\/\/www.bellunopress.it\/#\/schema\/logo\/image\/"},"sameAs":["https:\/\/www.facebook.com\/profile.php?id=100008943462799","https:\/\/x.com\/bellunopress","https:\/\/www.linkedin.com\/hp\/?dnr=JBzUWaJfMUw8vbXJJ2tVW5-I3jZKvC4wsoxE&amp;amp;amp;amp;amp;amp;trk=nav_responsive_tab_home","https:\/\/www.youtube.com\/channel\/UCxL0wu1uN0_3_7hGG0306cw"]},{"@type":"Person","@id":"https:\/\/www.bellunopress.it\/#\/schema\/person\/79bb06722b37ece1c03d3e94beb30d73","name":"r\u00e9daction","image":{"@type":"ImageObject","inLanguage":"fr-FR","@id":"https:\/\/secure.gravatar.com\/avatar\/37d968a2e67a6fd04c169c4bdef102d0bc5d31b2546345219e348575eb80e9a0?s=96&d=mm&r=g","url":"https:\/\/secure.gravatar.com\/avatar\/37d968a2e67a6fd04c169c4bdef102d0bc5d31b2546345219e348575eb80e9a0?s=96&d=mm&r=g","contentUrl":"https:\/\/secure.gravatar.com\/avatar\/37d968a2e67a6fd04c169c4bdef102d0bc5d31b2546345219e348575eb80e9a0?s=96&d=mm&r=g","caption":"redazione"},"sameAs":["http:\/\/www.bellunopress.it","https:\/\/x.com\/bellunopress"],"url":"https:\/\/www.bellunopress.it\/fr\/author\/redazione\/"}]}},"_links":{"self":[{"href":"https:\/\/www.bellunopress.it\/fr\/wp-json\/wp\/v2\/posts\/2224","targetHints":{"allow":["GET"]}}],"collection":[{"href":"https:\/\/www.bellunopress.it\/fr\/wp-json\/wp\/v2\/posts"}],"about":[{"href":"https:\/\/www.bellunopress.it\/fr\/wp-json\/wp\/v2\/types\/post"}],"author":[{"embeddable":true,"href":"https:\/\/www.bellunopress.it\/fr\/wp-json\/wp\/v2\/users\/2"}],"replies":[{"embeddable":true,"href":"https:\/\/www.bellunopress.it\/fr\/wp-json\/wp\/v2\/comments?post=2224"}],"version-history":[{"count":1,"href":"https:\/\/www.bellunopress.it\/fr\/wp-json\/wp\/v2\/posts\/2224\/revisions"}],"predecessor-version":[{"id":2225,"href":"https:\/\/www.bellunopress.it\/fr\/wp-json\/wp\/v2\/posts\/2224\/revisions\/2225"}],"wp:attachment":[{"href":"https:\/\/www.bellunopress.it\/fr\/wp-json\/wp\/v2\/media?parent=2224"}],"wp:term":[{"taxonomy":"category","embeddable":true,"href":"https:\/\/www.bellunopress.it\/fr\/wp-json\/wp\/v2\/categories?post=2224"},{"taxonomy":"post_tag","embeddable":true,"href":"https:\/\/www.bellunopress.it\/fr\/wp-json\/wp\/v2\/tags?post=2224"}],"curies":[{"name":"wp","href":"https:\/\/api.w.org\/{rel}","templated":true}]}}