{"id":2176,"date":"2009-04-01T17:02:05","date_gmt":"2009-04-01T16:02:05","guid":{"rendered":"http:\/\/www.bellunopress.it\/?p=2176"},"modified":"2009-04-01T19:51:30","modified_gmt":"2009-04-01T18:51:30","slug":"la-paura-fa-90-atto-di-sottomissione-al-sindaco-del-segretario-provinciale-delludc-da-rin-zanco","status":"publish","type":"post","link":"https:\/\/www.bellunopress.it\/fr\/2009\/04\/01\/la-paura-fa-90-atto-di-sottomissione-al-sindaco-del-segretario-provinciale-delludc-da-rin-zanco\/","title":{"rendered":"La paura fa 90: atto di sottomissione al sindaco del segretario provinciale dell&#8217;Udc Da Rin Zanco"},"content":{"rendered":"<p><a href=\"http:\/\/www.bellunopress.it\/wp-content\/uploads\/2009\/04\/marco-da-rin-zanco.jpg\"><img loading=\"lazy\" decoding=\"async\" class=\"alignleft size-medium wp-image-2177\" title=\"marco-da-rin-zanco 240x180\" src=\"http:\/\/www.bellunopress.it\/wp-content\/uploads\/2009\/04\/marco-da-rin-zanco.jpg\" alt=\"\" width=\"181\" height=\"241\" \/><\/a>&#8220;L&#8217;Udc ha fatto una scelta con e per Antonio Prade e quella scelta vale oggi molto pi\u00f9 di ieri&#8221;. E&#8217; quanto afferma il segretario provinciale dell&#8217;Udc Marco Da Rin Zanco in relazione all&#8217;incidente di ieri, quando \u00e8 venuto a mancare il numero legale in Consiglio comunale che doveva\u00a0approvare il bilancio di previsione.\u00a0 &#8220;Al sindaco siamo stati sempre leali e lo saremo ancora &#8211; prosegue il giovane assessore &#8211; e Antonio Prade sta portando avanti, a volte con la fatica che in politica non manca mai, un progetto di rinnovamento della Citt\u00e0 di Belluno. E&#8217; un progetto ambizioso \u2013 solamente gli stolti ed il partito del malaugurio non vedono! &#8211; che richiede nervi saldi e la barra ben ferma. Ecco perch\u00e9 il partito dell&#8217;UDC oggi chiede al Sindaco di proseguire senza incertezze una esperienza amministrativa che in due anni ha portato a risultati straordinari. Oggi la Citt\u00e0 di Belluno sta rialzandosi in piedi e sta riacquistando un ruolo importante: \u00e8 ricca di potenzialit\u00e0, di fermenti giovanili, di idee nel modo del lavoro e delle imprese. La crisi che sopravanza va tenuta lontana, per quanto possibile, innanzitutto con gli strumenti della politica. Non \u00e8 dunque il momento di cedere ma di andare avanti \u2013 ancora pi\u00f9 avanti &#8211; assieme a tutti coloro che ci credono&#8221;.<\/p>","protected":false},"excerpt":{"rendered":"<p>&#8220;L&#8217;Udc ha fatto una scelta con e per Antonio Prade e quella scelta vale oggi molto pi\u00f9 di ieri&#8221;. E&#8217; quanto afferma il segretario provinciale dell&#8217;Udc Marco Da Rin Zanco in relazione all&#8217;incidente di ieri, quando \u00e8 venuto a mancare il numero legale in Consiglio comunale che doveva\u00a0approvare il bilancio di previsione.\u00a0 &#8220;Al sindaco siamo [&hellip;]<\/p>\n","protected":false},"author":2,"featured_media":0,"comment_status":"closed","ping_status":"open","sticky":false,"template":"","format":"standard","meta":{"footnotes":""},"categories":[5,26],"tags":[139],"class_list":["post-2176","post","type-post","status-publish","format-standard","category-cronaca","category-prima-pagina","tag-belluno"],"yoast_head":"<!-- This site is optimized with the Yoast SEO plugin v28.4 - https:\/\/yoast.com\/product\/yoast-seo-wordpress\/ -->\n<title>La paura fa 90: atto di sottomissione al sindaco del segretario provinciale dell&#039;Udc Da Rin Zanco  - Bellunopress - Dolomiti<\/title>\n<meta name=\"robots\" content=\"index, follow, max-snippet:-1, max-image-preview:large, max-video-preview:-1\" \/>\n<link rel=\"canonical\" href=\"https:\/\/www.bellunopress.it\/fr\/2009\/04\/01\/la-paura-fa-90-atto-di-sottomissione-al-sindaco-del-segretario-provinciale-delludc-da-rin-zanco\/\" \/>\n<meta property=\"og:locale\" content=\"fr_FR\" \/>\n<meta property=\"og:type\" content=\"article\" \/>\n<meta property=\"og:title\" content=\"La paura fa 90: atto di sottomissione al sindaco del segretario provinciale dell&#039;Udc Da Rin Zanco  - Bellunopress - Dolomiti\" \/>\n<meta property=\"og:description\" content=\"&#8220;L&#8217;Udc ha fatto una scelta con e per Antonio Prade e quella scelta vale oggi molto pi\u00f9 di ieri&#8221;. E&#8217; quanto afferma il segretario provinciale dell&#8217;Udc Marco Da Rin Zanco in relazione all&#8217;incidente di ieri, quando \u00e8 venuto a mancare il numero legale in Consiglio comunale che doveva\u00a0approvare il bilancio di previsione.\u00a0 &#8220;Al sindaco siamo [&hellip;]\" \/>\n<meta property=\"og:url\" content=\"https:\/\/www.bellunopress.it\/fr\/2009\/04\/01\/la-paura-fa-90-atto-di-sottomissione-al-sindaco-del-segretario-provinciale-delludc-da-rin-zanco\/\" \/>\n<meta property=\"og:site_name\" content=\"Bellunopress - Dolomiti\" \/>\n<meta property=\"article:publisher\" content=\"https:\/\/www.facebook.com\/profile.php?id=100008943462799\" \/>\n<meta property=\"article:published_time\" content=\"2009-04-01T16:02:05+00:00\" \/>\n<meta property=\"article:modified_time\" content=\"2009-04-01T18:51:30+00:00\" \/>\n<meta property=\"og:image\" content=\"http:\/\/www.bellunopress.it\/wp-content\/uploads\/2009\/04\/marco-da-rin-zanco.jpg\" \/>\n<meta name=\"author\" content=\"redazione\" \/>\n<meta name=\"twitter:card\" content=\"summary_large_image\" \/>\n<meta name=\"twitter:creator\" content=\"@bellunopress\" \/>\n<meta name=\"twitter:site\" content=\"@bellunopress\" \/>\n<meta name=\"twitter:label1\" content=\"Written by\" \/>\n\t<meta name=\"twitter:data1\" content=\"redazione\" \/>\n\t<meta name=\"twitter:label2\" content=\"Est. reading time\" \/>\n\t<meta name=\"twitter:data2\" content=\"1 minute\" \/>\n<script type=\"application\/ld+json\" class=\"yoast-schema-graph\">{\"@context\":\"https:\\\/\\\/schema.org\",\"@graph\":[{\"@type\":\"Article\",\"@id\":\"https:\\\/\\\/www.bellunopress.it\\\/2009\\\/04\\\/01\\\/la-paura-fa-90-atto-di-sottomissione-al-sindaco-del-segretario-provinciale-delludc-da-rin-zanco\\\/#article\",\"isPartOf\":{\"@id\":\"https:\\\/\\\/www.bellunopress.it\\\/2009\\\/04\\\/01\\\/la-paura-fa-90-atto-di-sottomissione-al-sindaco-del-segretario-provinciale-delludc-da-rin-zanco\\\/\"},\"author\":{\"name\":\"redazione\",\"@id\":\"https:\\\/\\\/www.bellunopress.it\\\/#\\\/schema\\\/person\\\/79bb06722b37ece1c03d3e94beb30d73\"},\"headline\":\"La paura fa 90: atto di sottomissione al sindaco del segretario provinciale dell&#8217;Udc Da Rin Zanco\",\"datePublished\":\"2009-04-01T16:02:05+00:00\",\"dateModified\":\"2009-04-01T18:51:30+00:00\",\"mainEntityOfPage\":{\"@id\":\"https:\\\/\\\/www.bellunopress.it\\\/2009\\\/04\\\/01\\\/la-paura-fa-90-atto-di-sottomissione-al-sindaco-del-segretario-provinciale-delludc-da-rin-zanco\\\/\"},\"wordCount\":229,\"publisher\":{\"@id\":\"https:\\\/\\\/www.bellunopress.it\\\/#organization\"},\"image\":{\"@id\":\"https:\\\/\\\/www.bellunopress.it\\\/2009\\\/04\\\/01\\\/la-paura-fa-90-atto-di-sottomissione-al-sindaco-del-segretario-provinciale-delludc-da-rin-zanco\\\/#primaryimage\"},\"thumbnailUrl\":\"http:\\\/\\\/www.bellunopress.it\\\/wp-content\\\/uploads\\\/2009\\\/04\\\/marco-da-rin-zanco.jpg\",\"keywords\":[\"Belluno\"],\"articleSection\":[\"Cronaca\\\/Politica\",\"Prima Pagina\"],\"inLanguage\":\"fr-FR\"},{\"@type\":\"WebPage\",\"@id\":\"https:\\\/\\\/www.bellunopress.it\\\/2009\\\/04\\\/01\\\/la-paura-fa-90-atto-di-sottomissione-al-sindaco-del-segretario-provinciale-delludc-da-rin-zanco\\\/\",\"url\":\"https:\\\/\\\/www.bellunopress.it\\\/2009\\\/04\\\/01\\\/la-paura-fa-90-atto-di-sottomissione-al-sindaco-del-segretario-provinciale-delludc-da-rin-zanco\\\/\",\"name\":\"La paura fa 90: atto di sottomissione al sindaco del segretario provinciale dell'Udc Da Rin Zanco - Bellunopress - Dolomiti\",\"isPartOf\":{\"@id\":\"https:\\\/\\\/www.bellunopress.it\\\/#website\"},\"primaryImageOfPage\":{\"@id\":\"https:\\\/\\\/www.bellunopress.it\\\/2009\\\/04\\\/01\\\/la-paura-fa-90-atto-di-sottomissione-al-sindaco-del-segretario-provinciale-delludc-da-rin-zanco\\\/#primaryimage\"},\"image\":{\"@id\":\"https:\\\/\\\/www.bellunopress.it\\\/2009\\\/04\\\/01\\\/la-paura-fa-90-atto-di-sottomissione-al-sindaco-del-segretario-provinciale-delludc-da-rin-zanco\\\/#primaryimage\"},\"thumbnailUrl\":\"http:\\\/\\\/www.bellunopress.it\\\/wp-content\\\/uploads\\\/2009\\\/04\\\/marco-da-rin-zanco.jpg\",\"datePublished\":\"2009-04-01T16:02:05+00:00\",\"dateModified\":\"2009-04-01T18:51:30+00:00\",\"breadcrumb\":{\"@id\":\"https:\\\/\\\/www.bellunopress.it\\\/2009\\\/04\\\/01\\\/la-paura-fa-90-atto-di-sottomissione-al-sindaco-del-segretario-provinciale-delludc-da-rin-zanco\\\/#breadcrumb\"},\"inLanguage\":\"fr-FR\",\"potentialAction\":[{\"@type\":\"ReadAction\",\"target\":[\"https:\\\/\\\/www.bellunopress.it\\\/2009\\\/04\\\/01\\\/la-paura-fa-90-atto-di-sottomissione-al-sindaco-del-segretario-provinciale-delludc-da-rin-zanco\\\/\"]}]},{\"@type\":\"ImageObject\",\"inLanguage\":\"fr-FR\",\"@id\":\"https:\\\/\\\/www.bellunopress.it\\\/2009\\\/04\\\/01\\\/la-paura-fa-90-atto-di-sottomissione-al-sindaco-del-segretario-provinciale-delludc-da-rin-zanco\\\/#primaryimage\",\"url\":\"http:\\\/\\\/www.bellunopress.it\\\/wp-content\\\/uploads\\\/2009\\\/04\\\/marco-da-rin-zanco.jpg\",\"contentUrl\":\"http:\\\/\\\/www.bellunopress.it\\\/wp-content\\\/uploads\\\/2009\\\/04\\\/marco-da-rin-zanco.jpg\"},{\"@type\":\"BreadcrumbList\",\"@id\":\"https:\\\/\\\/www.bellunopress.it\\\/2009\\\/04\\\/01\\\/la-paura-fa-90-atto-di-sottomissione-al-sindaco-del-segretario-provinciale-delludc-da-rin-zanco\\\/#breadcrumb\",\"itemListElement\":[{\"@type\":\"ListItem\",\"position\":1,\"name\":\"Home\",\"item\":\"https:\\\/\\\/www.bellunopress.it\\\/\"},{\"@type\":\"ListItem\",\"position\":2,\"name\":\"La paura fa 90: atto di sottomissione al sindaco del segretario provinciale dell&#8217;Udc Da Rin Zanco\"}]},{\"@type\":\"WebSite\",\"@id\":\"https:\\\/\\\/www.bellunopress.it\\\/#website\",\"url\":\"https:\\\/\\\/www.bellunopress.it\\\/\",\"name\":\"Bellunopress - Dolomiti\",\"description\":\"e-mail: redazione@bellunopress.it\",\"publisher\":{\"@id\":\"https:\\\/\\\/www.bellunopress.it\\\/#organization\"},\"potentialAction\":[{\"@type\":\"SearchAction\",\"target\":{\"@type\":\"EntryPoint\",\"urlTemplate\":\"https:\\\/\\\/www.bellunopress.it\\\/?s={search_term_string}\"},\"query-input\":{\"@type\":\"PropertyValueSpecification\",\"valueRequired\":true,\"valueName\":\"search_term_string\"}}],\"inLanguage\":\"fr-FR\"},{\"@type\":\"Organization\",\"@id\":\"https:\\\/\\\/www.bellunopress.it\\\/#organization\",\"name\":\"Bellunopress\",\"url\":\"https:\\\/\\\/www.bellunopress.it\\\/\",\"logo\":{\"@type\":\"ImageObject\",\"inLanguage\":\"fr-FR\",\"@id\":\"https:\\\/\\\/www.bellunopress.it\\\/#\\\/schema\\\/logo\\\/image\\\/\",\"url\":\"https:\\\/\\\/www.bellunopress.it\\\/wp-content\\\/uploads\\\/2011\\\/05\\\/cropped-logo-bellunopress-.jpg\",\"contentUrl\":\"https:\\\/\\\/www.bellunopress.it\\\/wp-content\\\/uploads\\\/2011\\\/05\\\/cropped-logo-bellunopress-.jpg\",\"width\":512,\"height\":512,\"caption\":\"Bellunopress\"},\"image\":{\"@id\":\"https:\\\/\\\/www.bellunopress.it\\\/#\\\/schema\\\/logo\\\/image\\\/\"},\"sameAs\":[\"https:\\\/\\\/www.facebook.com\\\/profile.php?id=100008943462799\",\"https:\\\/\\\/x.com\\\/bellunopress\",\"https:\\\/\\\/www.linkedin.com\\\/hp\\\/?dnr=JBzUWaJfMUw8vbXJJ2tVW5-I3jZKvC4wsoxE&amp;amp;amp;amp;amp;amp;trk=nav_responsive_tab_home\",\"https:\\\/\\\/www.youtube.com\\\/channel\\\/UCxL0wu1uN0_3_7hGG0306cw\"]},{\"@type\":\"Person\",\"@id\":\"https:\\\/\\\/www.bellunopress.it\\\/#\\\/schema\\\/person\\\/79bb06722b37ece1c03d3e94beb30d73\",\"name\":\"redazione\",\"image\":{\"@type\":\"ImageObject\",\"inLanguage\":\"fr-FR\",\"@id\":\"https:\\\/\\\/secure.gravatar.com\\\/avatar\\\/37d968a2e67a6fd04c169c4bdef102d0bc5d31b2546345219e348575eb80e9a0?s=96&d=mm&r=g\",\"url\":\"https:\\\/\\\/secure.gravatar.com\\\/avatar\\\/37d968a2e67a6fd04c169c4bdef102d0bc5d31b2546345219e348575eb80e9a0?s=96&d=mm&r=g\",\"contentUrl\":\"https:\\\/\\\/secure.gravatar.com\\\/avatar\\\/37d968a2e67a6fd04c169c4bdef102d0bc5d31b2546345219e348575eb80e9a0?s=96&d=mm&r=g\",\"caption\":\"redazione\"},\"sameAs\":[\"http:\\\/\\\/www.bellunopress.it\",\"https:\\\/\\\/x.com\\\/bellunopress\"],\"url\":\"https:\\\/\\\/www.bellunopress.it\\\/fr\\\/author\\\/redazione\\\/\"}]}<\/script>\n<!-- \/ Yoast SEO plugin. -->","yoast_head_json":{"title":"La paura fa 90: atto di sottomissione al sindaco del segretario provinciale dell'Udc Da Rin Zanco  - Bellunopress - Dolomiti","robots":{"index":"index","follow":"follow","max-snippet":"max-snippet:-1","max-image-preview":"max-image-preview:large","max-video-preview":"max-video-preview:-1"},"canonical":"https:\/\/www.bellunopress.it\/fr\/2009\/04\/01\/la-paura-fa-90-atto-di-sottomissione-al-sindaco-del-segretario-provinciale-delludc-da-rin-zanco\/","og_locale":"fr_FR","og_type":"article","og_title":"La paura fa 90: atto di sottomissione al sindaco del segretario provinciale dell'Udc Da Rin Zanco  - Bellunopress - Dolomiti","og_description":"&#8220;L&#8217;Udc ha fatto una scelta con e per Antonio Prade e quella scelta vale oggi molto pi\u00f9 di ieri&#8221;. E&#8217; quanto afferma il segretario provinciale dell&#8217;Udc Marco Da Rin Zanco in relazione all&#8217;incidente di ieri, quando \u00e8 venuto a mancare il numero legale in Consiglio comunale che doveva\u00a0approvare il bilancio di previsione.\u00a0 &#8220;Al sindaco siamo [&hellip;]","og_url":"https:\/\/www.bellunopress.it\/fr\/2009\/04\/01\/la-paura-fa-90-atto-di-sottomissione-al-sindaco-del-segretario-provinciale-delludc-da-rin-zanco\/","og_site_name":"Bellunopress - Dolomiti","article_publisher":"https:\/\/www.facebook.com\/profile.php?id=100008943462799","article_published_time":"2009-04-01T16:02:05+00:00","article_modified_time":"2009-04-01T18:51:30+00:00","og_image":[{"url":"http:\/\/www.bellunopress.it\/wp-content\/uploads\/2009\/04\/marco-da-rin-zanco.jpg","type":"","width":"","height":""}],"author":"redazione","twitter_card":"summary_large_image","twitter_creator":"@bellunopress","twitter_site":"@bellunopress","twitter_misc":{"Written by":"redazione","Est. reading time":"1 minute"},"schema":{"@context":"https:\/\/schema.org","@graph":[{"@type":"Article","@id":"https:\/\/www.bellunopress.it\/2009\/04\/01\/la-paura-fa-90-atto-di-sottomissione-al-sindaco-del-segretario-provinciale-delludc-da-rin-zanco\/#article","isPartOf":{"@id":"https:\/\/www.bellunopress.it\/2009\/04\/01\/la-paura-fa-90-atto-di-sottomissione-al-sindaco-del-segretario-provinciale-delludc-da-rin-zanco\/"},"author":{"name":"redazione","@id":"https:\/\/www.bellunopress.it\/#\/schema\/person\/79bb06722b37ece1c03d3e94beb30d73"},"headline":"La paura fa 90: atto di sottomissione al sindaco del segretario provinciale dell&#8217;Udc Da Rin Zanco","datePublished":"2009-04-01T16:02:05+00:00","dateModified":"2009-04-01T18:51:30+00:00","mainEntityOfPage":{"@id":"https:\/\/www.bellunopress.it\/2009\/04\/01\/la-paura-fa-90-atto-di-sottomissione-al-sindaco-del-segretario-provinciale-delludc-da-rin-zanco\/"},"wordCount":229,"publisher":{"@id":"https:\/\/www.bellunopress.it\/#organization"},"image":{"@id":"https:\/\/www.bellunopress.it\/2009\/04\/01\/la-paura-fa-90-atto-di-sottomissione-al-sindaco-del-segretario-provinciale-delludc-da-rin-zanco\/#primaryimage"},"thumbnailUrl":"http:\/\/www.bellunopress.it\/wp-content\/uploads\/2009\/04\/marco-da-rin-zanco.jpg","keywords":["Belluno"],"articleSection":["Cronaca\/Politica","Prima Pagina"],"inLanguage":"fr-FR"},{"@type":"WebPage","@id":"https:\/\/www.bellunopress.it\/2009\/04\/01\/la-paura-fa-90-atto-di-sottomissione-al-sindaco-del-segretario-provinciale-delludc-da-rin-zanco\/","url":"https:\/\/www.bellunopress.it\/2009\/04\/01\/la-paura-fa-90-atto-di-sottomissione-al-sindaco-del-segretario-provinciale-delludc-da-rin-zanco\/","name":"La paura fa 90: atto di sottomissione al sindaco del segretario provinciale dell'Udc Da Rin Zanco - Bellunopress - Dolomiti","isPartOf":{"@id":"https:\/\/www.bellunopress.it\/#website"},"primaryImageOfPage":{"@id":"https:\/\/www.bellunopress.it\/2009\/04\/01\/la-paura-fa-90-atto-di-sottomissione-al-sindaco-del-segretario-provinciale-delludc-da-rin-zanco\/#primaryimage"},"image":{"@id":"https:\/\/www.bellunopress.it\/2009\/04\/01\/la-paura-fa-90-atto-di-sottomissione-al-sindaco-del-segretario-provinciale-delludc-da-rin-zanco\/#primaryimage"},"thumbnailUrl":"http:\/\/www.bellunopress.it\/wp-content\/uploads\/2009\/04\/marco-da-rin-zanco.jpg","datePublished":"2009-04-01T16:02:05+00:00","dateModified":"2009-04-01T18:51:30+00:00","breadcrumb":{"@id":"https:\/\/www.bellunopress.it\/2009\/04\/01\/la-paura-fa-90-atto-di-sottomissione-al-sindaco-del-segretario-provinciale-delludc-da-rin-zanco\/#breadcrumb"},"inLanguage":"fr-FR","potentialAction":[{"@type":"ReadAction","target":["https:\/\/www.bellunopress.it\/2009\/04\/01\/la-paura-fa-90-atto-di-sottomissione-al-sindaco-del-segretario-provinciale-delludc-da-rin-zanco\/"]}]},{"@type":"ImageObject","inLanguage":"fr-FR","@id":"https:\/\/www.bellunopress.it\/2009\/04\/01\/la-paura-fa-90-atto-di-sottomissione-al-sindaco-del-segretario-provinciale-delludc-da-rin-zanco\/#primaryimage","url":"http:\/\/www.bellunopress.it\/wp-content\/uploads\/2009\/04\/marco-da-rin-zanco.jpg","contentUrl":"http:\/\/www.bellunopress.it\/wp-content\/uploads\/2009\/04\/marco-da-rin-zanco.jpg"},{"@type":"BreadcrumbList","@id":"https:\/\/www.bellunopress.it\/2009\/04\/01\/la-paura-fa-90-atto-di-sottomissione-al-sindaco-del-segretario-provinciale-delludc-da-rin-zanco\/#breadcrumb","itemListElement":[{"@type":"ListItem","position":1,"name":"Home","item":"https:\/\/www.bellunopress.it\/"},{"@type":"ListItem","position":2,"name":"La paura fa 90: atto di sottomissione al sindaco del segretario provinciale dell&#8217;Udc Da Rin Zanco"}]},{"@type":"WebSite","@id":"https:\/\/www.bellunopress.it\/#website","url":"https:\/\/www.bellunopress.it\/","name":"Bellunopress - Dolomiti","description":"e-mail: redazione@bellunopress.it","publisher":{"@id":"https:\/\/www.bellunopress.it\/#organization"},"potentialAction":[{"@type":"SearchAction","target":{"@type":"EntryPoint","urlTemplate":"https:\/\/www.bellunopress.it\/?s={search_term_string}"},"query-input":{"@type":"PropertyValueSpecification","valueRequired":true,"valueName":"search_term_string"}}],"inLanguage":"fr-FR"},{"@type":"Organization","@id":"https:\/\/www.bellunopress.it\/#organization","name":"Bellunopress","url":"https:\/\/www.bellunopress.it\/","logo":{"@type":"ImageObject","inLanguage":"fr-FR","@id":"https:\/\/www.bellunopress.it\/#\/schema\/logo\/image\/","url":"https:\/\/www.bellunopress.it\/wp-content\/uploads\/2011\/05\/cropped-logo-bellunopress-.jpg","contentUrl":"https:\/\/www.bellunopress.it\/wp-content\/uploads\/2011\/05\/cropped-logo-bellunopress-.jpg","width":512,"height":512,"caption":"Bellunopress"},"image":{"@id":"https:\/\/www.bellunopress.it\/#\/schema\/logo\/image\/"},"sameAs":["https:\/\/www.facebook.com\/profile.php?id=100008943462799","https:\/\/x.com\/bellunopress","https:\/\/www.linkedin.com\/hp\/?dnr=JBzUWaJfMUw8vbXJJ2tVW5-I3jZKvC4wsoxE&amp;amp;amp;amp;amp;amp;trk=nav_responsive_tab_home","https:\/\/www.youtube.com\/channel\/UCxL0wu1uN0_3_7hGG0306cw"]},{"@type":"Person","@id":"https:\/\/www.bellunopress.it\/#\/schema\/person\/79bb06722b37ece1c03d3e94beb30d73","name":"r\u00e9daction","image":{"@type":"ImageObject","inLanguage":"fr-FR","@id":"https:\/\/secure.gravatar.com\/avatar\/37d968a2e67a6fd04c169c4bdef102d0bc5d31b2546345219e348575eb80e9a0?s=96&d=mm&r=g","url":"https:\/\/secure.gravatar.com\/avatar\/37d968a2e67a6fd04c169c4bdef102d0bc5d31b2546345219e348575eb80e9a0?s=96&d=mm&r=g","contentUrl":"https:\/\/secure.gravatar.com\/avatar\/37d968a2e67a6fd04c169c4bdef102d0bc5d31b2546345219e348575eb80e9a0?s=96&d=mm&r=g","caption":"redazione"},"sameAs":["http:\/\/www.bellunopress.it","https:\/\/x.com\/bellunopress"],"url":"https:\/\/www.bellunopress.it\/fr\/author\/redazione\/"}]}},"_links":{"self":[{"href":"https:\/\/www.bellunopress.it\/fr\/wp-json\/wp\/v2\/posts\/2176","targetHints":{"allow":["GET"]}}],"collection":[{"href":"https:\/\/www.bellunopress.it\/fr\/wp-json\/wp\/v2\/posts"}],"about":[{"href":"https:\/\/www.bellunopress.it\/fr\/wp-json\/wp\/v2\/types\/post"}],"author":[{"embeddable":true,"href":"https:\/\/www.bellunopress.it\/fr\/wp-json\/wp\/v2\/users\/2"}],"replies":[{"embeddable":true,"href":"https:\/\/www.bellunopress.it\/fr\/wp-json\/wp\/v2\/comments?post=2176"}],"version-history":[{"count":4,"href":"https:\/\/www.bellunopress.it\/fr\/wp-json\/wp\/v2\/posts\/2176\/revisions"}],"predecessor-version":[{"id":2181,"href":"https:\/\/www.bellunopress.it\/fr\/wp-json\/wp\/v2\/posts\/2176\/revisions\/2181"}],"wp:attachment":[{"href":"https:\/\/www.bellunopress.it\/fr\/wp-json\/wp\/v2\/media?parent=2176"}],"wp:term":[{"taxonomy":"category","embeddable":true,"href":"https:\/\/www.bellunopress.it\/fr\/wp-json\/wp\/v2\/categories?post=2176"},{"taxonomy":"post_tag","embeddable":true,"href":"https:\/\/www.bellunopress.it\/fr\/wp-json\/wp\/v2\/tags?post=2176"}],"curies":[{"name":"wp","href":"https:\/\/api.w.org\/{rel}","templated":true}]}}