{"id":21758,"date":"2010-12-03T19:06:31","date_gmt":"2010-12-03T18:06:31","guid":{"rendered":"http:\/\/www.bellunopress.it\/?p=21758"},"modified":"2010-12-03T19:09:52","modified_gmt":"2010-12-03T18:09:52","slug":"speciale-afghanistan","status":"publish","type":"post","link":"https:\/\/www.bellunopress.it\/fr\/2010\/12\/03\/speciale-afghanistan\/","title":{"rendered":"Speciale Afghanistan"},"content":{"rendered":"<p><strong><a href=\"http:\/\/www.bellunopress.it\/wp-content\/uploads\/2010\/12\/afghanistan-7mo-alpini.jpg\"><img loading=\"lazy\" decoding=\"async\" class=\"alignleft size-medium wp-image-21760\" title=\"afghanistan-7mo-alpini\" src=\"http:\/\/www.bellunopress.it\/wp-content\/uploads\/2010\/12\/afghanistan-7mo-alpini.jpg\" alt=\"\" width=\"300\" height=\"190\" \/><\/a>Gli alpini del 7\u00b0 reggimento accolgono i colleghi dell\u2019Afghan National Army<br \/>\n<\/strong>Herat, Afghanistan \u2013 03 dicembre 2010 \u2013 Con un CH 47 sono giunti tra le alture del Gulistan i primi militari dell\u2019Afghan National Army che andranno ad operare con gli alpini del 7\u00b0 che da settembre prestano servizio in un\u2019area delicata al confine con l\u2019Helmand. La presenza del personale afgano, per quanto ancora minima, permetter\u00e0 da un lato una maggiore possibilit\u00e0 di collegamento con la popolazione civile, dall\u2019altro una pi\u00f9 ampia capacit\u00e0 d\u2019azione degli uomini sul terreno. La Task Force South East, su base 7\u00b0 reggimento alpini di Belluno, opera nell\u2019area del Gulistan a 400 km dal capoluogo Herat in una valle particolarmente impervia. Con una serie di movimenti assicurati dalla Task Force Fenice dell\u2019Aviazione dell\u2019Esercito un plotone afghano proveniente dalla 2\u00b0 brigata di stanza a Kafir Kala ha raggiunto la FOB \u201cIce\u201d sede del battaglione \u201cFeltre\u201d. Una cinquantina sono i militari afghani che, seguiti da due mentor, andranno ad operare con gli alpini. \u201cIl plotone fa parte del 2\u00b0 kandak di manovra\u201d spiega uno dei mentor il Magg. Andrea Salvador \u201csono il nucleo avanzato di una unit\u00e0 che potrebbe essere schierata in questa zona\u201d. Tra pochi giorni i militari afghani lavoreranno sul terreno gomito a gomito con il personale italiano in quell\u2019area. La presenza dell\u2019esercito si va ad aggiungere a quella della polizia in un progetto di incremento della presenza degli assetti del governo afghano in un\u2019area che fu zona di attivit\u00e0 degli insurgents.<\/p>","protected":false},"excerpt":{"rendered":"<p>Gli alpini del 7\u00b0 reggimento accolgono i colleghi dell\u2019Afghan National Army Herat, Afghanistan \u2013 03 dicembre 2010 \u2013 Con un CH 47 sono giunti tra le alture del Gulistan i primi militari dell\u2019Afghan National Army che andranno ad operare con gli alpini del 7\u00b0 che da settembre prestano servizio in un\u2019area delicata al confine con [&hellip;]<\/p>\n","protected":false},"author":2,"featured_media":0,"comment_status":"closed","ping_status":"open","sticky":false,"template":"","format":"standard","meta":{"footnotes":""},"categories":[49,26],"tags":[2041,2057],"class_list":["post-21758","post","type-post","status-publish","format-standard","category-speciali","category-prima-pagina","tag-7mo-reggimento-alpini","tag-afghanistan"],"yoast_head":"<!-- This site is optimized with the Yoast SEO plugin v28.4 - https:\/\/yoast.com\/product\/yoast-seo-wordpress\/ -->\n<title>Speciale Afghanistan - Bellunopress - Dolomiti<\/title>\n<meta name=\"robots\" content=\"index, follow, max-snippet:-1, max-image-preview:large, max-video-preview:-1\" \/>\n<link rel=\"canonical\" href=\"https:\/\/www.bellunopress.it\/fr\/2010\/12\/03\/speciale-afghanistan\/\" \/>\n<meta property=\"og:locale\" content=\"fr_FR\" \/>\n<meta property=\"og:type\" content=\"article\" \/>\n<meta property=\"og:title\" content=\"Speciale Afghanistan - Bellunopress - Dolomiti\" \/>\n<meta property=\"og:description\" content=\"Gli alpini del 7\u00b0 reggimento accolgono i colleghi dell\u2019Afghan National Army Herat, Afghanistan \u2013 03 dicembre 2010 \u2013 Con un CH 47 sono giunti tra le alture del Gulistan i primi militari dell\u2019Afghan National Army che andranno ad operare con gli alpini del 7\u00b0 che da settembre prestano servizio in un\u2019area delicata al confine con [&hellip;]\" \/>\n<meta property=\"og:url\" content=\"https:\/\/www.bellunopress.it\/fr\/2010\/12\/03\/speciale-afghanistan\/\" \/>\n<meta property=\"og:site_name\" content=\"Bellunopress - Dolomiti\" \/>\n<meta property=\"article:publisher\" content=\"https:\/\/www.facebook.com\/profile.php?id=100008943462799\" \/>\n<meta property=\"article:published_time\" content=\"2010-12-03T18:06:31+00:00\" \/>\n<meta property=\"article:modified_time\" content=\"2010-12-03T18:09:52+00:00\" \/>\n<meta property=\"og:image\" content=\"http:\/\/www.bellunopress.it\/wp-content\/uploads\/2010\/12\/afghanistan-7mo-alpini.jpg\" \/>\n<meta name=\"author\" content=\"redazione\" \/>\n<meta name=\"twitter:card\" content=\"summary_large_image\" \/>\n<meta name=\"twitter:creator\" content=\"@bellunopress\" \/>\n<meta name=\"twitter:site\" content=\"@bellunopress\" \/>\n<meta name=\"twitter:label1\" content=\"\u00c9crit par\" \/>\n\t<meta name=\"twitter:data1\" content=\"redazione\" \/>\n\t<meta name=\"twitter:label2\" content=\"Dur\u00e9e de lecture estim\u00e9e\" \/>\n\t<meta name=\"twitter:data2\" content=\"1 minute\" \/>\n<script type=\"application\/ld+json\" class=\"yoast-schema-graph\">{\"@context\":\"https:\\\/\\\/schema.org\",\"@graph\":[{\"@type\":\"Article\",\"@id\":\"https:\\\/\\\/www.bellunopress.it\\\/2010\\\/12\\\/03\\\/speciale-afghanistan\\\/#article\",\"isPartOf\":{\"@id\":\"https:\\\/\\\/www.bellunopress.it\\\/2010\\\/12\\\/03\\\/speciale-afghanistan\\\/\"},\"author\":{\"name\":\"redazione\",\"@id\":\"https:\\\/\\\/www.bellunopress.it\\\/#\\\/schema\\\/person\\\/79bb06722b37ece1c03d3e94beb30d73\"},\"headline\":\"Speciale Afghanistan\",\"datePublished\":\"2010-12-03T18:06:31+00:00\",\"dateModified\":\"2010-12-03T18:09:52+00:00\",\"mainEntityOfPage\":{\"@id\":\"https:\\\/\\\/www.bellunopress.it\\\/2010\\\/12\\\/03\\\/speciale-afghanistan\\\/\"},\"wordCount\":249,\"publisher\":{\"@id\":\"https:\\\/\\\/www.bellunopress.it\\\/#organization\"},\"image\":{\"@id\":\"https:\\\/\\\/www.bellunopress.it\\\/2010\\\/12\\\/03\\\/speciale-afghanistan\\\/#primaryimage\"},\"thumbnailUrl\":\"http:\\\/\\\/www.bellunopress.it\\\/wp-content\\\/uploads\\\/2010\\\/12\\\/afghanistan-7mo-alpini.jpg\",\"keywords\":[\"7mo Reggimento Alpini\",\"Afghanistan\"],\"articleSection\":[\"Gli speciali di Bellunopress\",\"Prima Pagina\"],\"inLanguage\":\"fr-FR\"},{\"@type\":\"WebPage\",\"@id\":\"https:\\\/\\\/www.bellunopress.it\\\/2010\\\/12\\\/03\\\/speciale-afghanistan\\\/\",\"url\":\"https:\\\/\\\/www.bellunopress.it\\\/2010\\\/12\\\/03\\\/speciale-afghanistan\\\/\",\"name\":\"Speciale Afghanistan - Bellunopress - Dolomiti\",\"isPartOf\":{\"@id\":\"https:\\\/\\\/www.bellunopress.it\\\/#website\"},\"primaryImageOfPage\":{\"@id\":\"https:\\\/\\\/www.bellunopress.it\\\/2010\\\/12\\\/03\\\/speciale-afghanistan\\\/#primaryimage\"},\"image\":{\"@id\":\"https:\\\/\\\/www.bellunopress.it\\\/2010\\\/12\\\/03\\\/speciale-afghanistan\\\/#primaryimage\"},\"thumbnailUrl\":\"http:\\\/\\\/www.bellunopress.it\\\/wp-content\\\/uploads\\\/2010\\\/12\\\/afghanistan-7mo-alpini.jpg\",\"datePublished\":\"2010-12-03T18:06:31+00:00\",\"dateModified\":\"2010-12-03T18:09:52+00:00\",\"breadcrumb\":{\"@id\":\"https:\\\/\\\/www.bellunopress.it\\\/2010\\\/12\\\/03\\\/speciale-afghanistan\\\/#breadcrumb\"},\"inLanguage\":\"fr-FR\",\"potentialAction\":[{\"@type\":\"ReadAction\",\"target\":[\"https:\\\/\\\/www.bellunopress.it\\\/2010\\\/12\\\/03\\\/speciale-afghanistan\\\/\"]}]},{\"@type\":\"ImageObject\",\"inLanguage\":\"fr-FR\",\"@id\":\"https:\\\/\\\/www.bellunopress.it\\\/2010\\\/12\\\/03\\\/speciale-afghanistan\\\/#primaryimage\",\"url\":\"http:\\\/\\\/www.bellunopress.it\\\/wp-content\\\/uploads\\\/2010\\\/12\\\/afghanistan-7mo-alpini.jpg\",\"contentUrl\":\"http:\\\/\\\/www.bellunopress.it\\\/wp-content\\\/uploads\\\/2010\\\/12\\\/afghanistan-7mo-alpini.jpg\"},{\"@type\":\"BreadcrumbList\",\"@id\":\"https:\\\/\\\/www.bellunopress.it\\\/2010\\\/12\\\/03\\\/speciale-afghanistan\\\/#breadcrumb\",\"itemListElement\":[{\"@type\":\"ListItem\",\"position\":1,\"name\":\"Home\",\"item\":\"https:\\\/\\\/www.bellunopress.it\\\/\"},{\"@type\":\"ListItem\",\"position\":2,\"name\":\"Speciale Afghanistan\"}]},{\"@type\":\"WebSite\",\"@id\":\"https:\\\/\\\/www.bellunopress.it\\\/#website\",\"url\":\"https:\\\/\\\/www.bellunopress.it\\\/\",\"name\":\"Bellunopress - Dolomiti\",\"description\":\"e-mail: redazione@bellunopress.it\",\"publisher\":{\"@id\":\"https:\\\/\\\/www.bellunopress.it\\\/#organization\"},\"potentialAction\":[{\"@type\":\"SearchAction\",\"target\":{\"@type\":\"EntryPoint\",\"urlTemplate\":\"https:\\\/\\\/www.bellunopress.it\\\/?s={search_term_string}\"},\"query-input\":{\"@type\":\"PropertyValueSpecification\",\"valueRequired\":true,\"valueName\":\"search_term_string\"}}],\"inLanguage\":\"fr-FR\"},{\"@type\":\"Organization\",\"@id\":\"https:\\\/\\\/www.bellunopress.it\\\/#organization\",\"name\":\"Bellunopress\",\"url\":\"https:\\\/\\\/www.bellunopress.it\\\/\",\"logo\":{\"@type\":\"ImageObject\",\"inLanguage\":\"fr-FR\",\"@id\":\"https:\\\/\\\/www.bellunopress.it\\\/#\\\/schema\\\/logo\\\/image\\\/\",\"url\":\"https:\\\/\\\/www.bellunopress.it\\\/wp-content\\\/uploads\\\/2011\\\/05\\\/cropped-logo-bellunopress-.jpg\",\"contentUrl\":\"https:\\\/\\\/www.bellunopress.it\\\/wp-content\\\/uploads\\\/2011\\\/05\\\/cropped-logo-bellunopress-.jpg\",\"width\":512,\"height\":512,\"caption\":\"Bellunopress\"},\"image\":{\"@id\":\"https:\\\/\\\/www.bellunopress.it\\\/#\\\/schema\\\/logo\\\/image\\\/\"},\"sameAs\":[\"https:\\\/\\\/www.facebook.com\\\/profile.php?id=100008943462799\",\"https:\\\/\\\/x.com\\\/bellunopress\",\"https:\\\/\\\/www.linkedin.com\\\/hp\\\/?dnr=JBzUWaJfMUw8vbXJJ2tVW5-I3jZKvC4wsoxE&amp;amp;amp;amp;amp;amp;trk=nav_responsive_tab_home\",\"https:\\\/\\\/www.youtube.com\\\/channel\\\/UCxL0wu1uN0_3_7hGG0306cw\"]},{\"@type\":\"Person\",\"@id\":\"https:\\\/\\\/www.bellunopress.it\\\/#\\\/schema\\\/person\\\/79bb06722b37ece1c03d3e94beb30d73\",\"name\":\"redazione\",\"image\":{\"@type\":\"ImageObject\",\"inLanguage\":\"fr-FR\",\"@id\":\"https:\\\/\\\/secure.gravatar.com\\\/avatar\\\/37d968a2e67a6fd04c169c4bdef102d0bc5d31b2546345219e348575eb80e9a0?s=96&d=mm&r=g\",\"url\":\"https:\\\/\\\/secure.gravatar.com\\\/avatar\\\/37d968a2e67a6fd04c169c4bdef102d0bc5d31b2546345219e348575eb80e9a0?s=96&d=mm&r=g\",\"contentUrl\":\"https:\\\/\\\/secure.gravatar.com\\\/avatar\\\/37d968a2e67a6fd04c169c4bdef102d0bc5d31b2546345219e348575eb80e9a0?s=96&d=mm&r=g\",\"caption\":\"redazione\"},\"sameAs\":[\"http:\\\/\\\/www.bellunopress.it\",\"https:\\\/\\\/x.com\\\/bellunopress\"],\"url\":\"https:\\\/\\\/www.bellunopress.it\\\/fr\\\/author\\\/redazione\\\/\"}]}<\/script>\n<!-- \/ Yoast SEO plugin. -->","yoast_head_json":{"title":"Speciale Afghanistan - Bellunopress - Dolomiti","robots":{"index":"index","follow":"follow","max-snippet":"max-snippet:-1","max-image-preview":"max-image-preview:large","max-video-preview":"max-video-preview:-1"},"canonical":"https:\/\/www.bellunopress.it\/fr\/2010\/12\/03\/speciale-afghanistan\/","og_locale":"fr_FR","og_type":"article","og_title":"Speciale Afghanistan - Bellunopress - Dolomiti","og_description":"Gli alpini del 7\u00b0 reggimento accolgono i colleghi dell\u2019Afghan National Army Herat, Afghanistan \u2013 03 dicembre 2010 \u2013 Con un CH 47 sono giunti tra le alture del Gulistan i primi militari dell\u2019Afghan National Army che andranno ad operare con gli alpini del 7\u00b0 che da settembre prestano servizio in un\u2019area delicata al confine con [&hellip;]","og_url":"https:\/\/www.bellunopress.it\/fr\/2010\/12\/03\/speciale-afghanistan\/","og_site_name":"Bellunopress - Dolomiti","article_publisher":"https:\/\/www.facebook.com\/profile.php?id=100008943462799","article_published_time":"2010-12-03T18:06:31+00:00","article_modified_time":"2010-12-03T18:09:52+00:00","og_image":[{"url":"http:\/\/www.bellunopress.it\/wp-content\/uploads\/2010\/12\/afghanistan-7mo-alpini.jpg","type":"","width":"","height":""}],"author":"redazione","twitter_card":"summary_large_image","twitter_creator":"@bellunopress","twitter_site":"@bellunopress","twitter_misc":{"\u00c9crit par":"redazione","Dur\u00e9e de lecture estim\u00e9e":"1 minute"},"schema":{"@context":"https:\/\/schema.org","@graph":[{"@type":"Article","@id":"https:\/\/www.bellunopress.it\/2010\/12\/03\/speciale-afghanistan\/#article","isPartOf":{"@id":"https:\/\/www.bellunopress.it\/2010\/12\/03\/speciale-afghanistan\/"},"author":{"name":"redazione","@id":"https:\/\/www.bellunopress.it\/#\/schema\/person\/79bb06722b37ece1c03d3e94beb30d73"},"headline":"Speciale Afghanistan","datePublished":"2010-12-03T18:06:31+00:00","dateModified":"2010-12-03T18:09:52+00:00","mainEntityOfPage":{"@id":"https:\/\/www.bellunopress.it\/2010\/12\/03\/speciale-afghanistan\/"},"wordCount":249,"publisher":{"@id":"https:\/\/www.bellunopress.it\/#organization"},"image":{"@id":"https:\/\/www.bellunopress.it\/2010\/12\/03\/speciale-afghanistan\/#primaryimage"},"thumbnailUrl":"http:\/\/www.bellunopress.it\/wp-content\/uploads\/2010\/12\/afghanistan-7mo-alpini.jpg","keywords":["7mo Reggimento Alpini","Afghanistan"],"articleSection":["Gli speciali di Bellunopress","Prima Pagina"],"inLanguage":"fr-FR"},{"@type":"WebPage","@id":"https:\/\/www.bellunopress.it\/2010\/12\/03\/speciale-afghanistan\/","url":"https:\/\/www.bellunopress.it\/2010\/12\/03\/speciale-afghanistan\/","name":"Speciale Afghanistan - Bellunopress - Dolomiti","isPartOf":{"@id":"https:\/\/www.bellunopress.it\/#website"},"primaryImageOfPage":{"@id":"https:\/\/www.bellunopress.it\/2010\/12\/03\/speciale-afghanistan\/#primaryimage"},"image":{"@id":"https:\/\/www.bellunopress.it\/2010\/12\/03\/speciale-afghanistan\/#primaryimage"},"thumbnailUrl":"http:\/\/www.bellunopress.it\/wp-content\/uploads\/2010\/12\/afghanistan-7mo-alpini.jpg","datePublished":"2010-12-03T18:06:31+00:00","dateModified":"2010-12-03T18:09:52+00:00","breadcrumb":{"@id":"https:\/\/www.bellunopress.it\/2010\/12\/03\/speciale-afghanistan\/#breadcrumb"},"inLanguage":"fr-FR","potentialAction":[{"@type":"ReadAction","target":["https:\/\/www.bellunopress.it\/2010\/12\/03\/speciale-afghanistan\/"]}]},{"@type":"ImageObject","inLanguage":"fr-FR","@id":"https:\/\/www.bellunopress.it\/2010\/12\/03\/speciale-afghanistan\/#primaryimage","url":"http:\/\/www.bellunopress.it\/wp-content\/uploads\/2010\/12\/afghanistan-7mo-alpini.jpg","contentUrl":"http:\/\/www.bellunopress.it\/wp-content\/uploads\/2010\/12\/afghanistan-7mo-alpini.jpg"},{"@type":"BreadcrumbList","@id":"https:\/\/www.bellunopress.it\/2010\/12\/03\/speciale-afghanistan\/#breadcrumb","itemListElement":[{"@type":"ListItem","position":1,"name":"Home","item":"https:\/\/www.bellunopress.it\/"},{"@type":"ListItem","position":2,"name":"Speciale Afghanistan"}]},{"@type":"WebSite","@id":"https:\/\/www.bellunopress.it\/#website","url":"https:\/\/www.bellunopress.it\/","name":"Bellunopress - Dolomiti","description":"e-mail: redazione@bellunopress.it","publisher":{"@id":"https:\/\/www.bellunopress.it\/#organization"},"potentialAction":[{"@type":"SearchAction","target":{"@type":"EntryPoint","urlTemplate":"https:\/\/www.bellunopress.it\/?s={search_term_string}"},"query-input":{"@type":"PropertyValueSpecification","valueRequired":true,"valueName":"search_term_string"}}],"inLanguage":"fr-FR"},{"@type":"Organization","@id":"https:\/\/www.bellunopress.it\/#organization","name":"Bellunopress","url":"https:\/\/www.bellunopress.it\/","logo":{"@type":"ImageObject","inLanguage":"fr-FR","@id":"https:\/\/www.bellunopress.it\/#\/schema\/logo\/image\/","url":"https:\/\/www.bellunopress.it\/wp-content\/uploads\/2011\/05\/cropped-logo-bellunopress-.jpg","contentUrl":"https:\/\/www.bellunopress.it\/wp-content\/uploads\/2011\/05\/cropped-logo-bellunopress-.jpg","width":512,"height":512,"caption":"Bellunopress"},"image":{"@id":"https:\/\/www.bellunopress.it\/#\/schema\/logo\/image\/"},"sameAs":["https:\/\/www.facebook.com\/profile.php?id=100008943462799","https:\/\/x.com\/bellunopress","https:\/\/www.linkedin.com\/hp\/?dnr=JBzUWaJfMUw8vbXJJ2tVW5-I3jZKvC4wsoxE&amp;amp;amp;amp;amp;amp;trk=nav_responsive_tab_home","https:\/\/www.youtube.com\/channel\/UCxL0wu1uN0_3_7hGG0306cw"]},{"@type":"Person","@id":"https:\/\/www.bellunopress.it\/#\/schema\/person\/79bb06722b37ece1c03d3e94beb30d73","name":"r\u00e9daction","image":{"@type":"ImageObject","inLanguage":"fr-FR","@id":"https:\/\/secure.gravatar.com\/avatar\/37d968a2e67a6fd04c169c4bdef102d0bc5d31b2546345219e348575eb80e9a0?s=96&d=mm&r=g","url":"https:\/\/secure.gravatar.com\/avatar\/37d968a2e67a6fd04c169c4bdef102d0bc5d31b2546345219e348575eb80e9a0?s=96&d=mm&r=g","contentUrl":"https:\/\/secure.gravatar.com\/avatar\/37d968a2e67a6fd04c169c4bdef102d0bc5d31b2546345219e348575eb80e9a0?s=96&d=mm&r=g","caption":"redazione"},"sameAs":["http:\/\/www.bellunopress.it","https:\/\/x.com\/bellunopress"],"url":"https:\/\/www.bellunopress.it\/fr\/author\/redazione\/"}]}},"_links":{"self":[{"href":"https:\/\/www.bellunopress.it\/fr\/wp-json\/wp\/v2\/posts\/21758","targetHints":{"allow":["GET"]}}],"collection":[{"href":"https:\/\/www.bellunopress.it\/fr\/wp-json\/wp\/v2\/posts"}],"about":[{"href":"https:\/\/www.bellunopress.it\/fr\/wp-json\/wp\/v2\/types\/post"}],"author":[{"embeddable":true,"href":"https:\/\/www.bellunopress.it\/fr\/wp-json\/wp\/v2\/users\/2"}],"replies":[{"embeddable":true,"href":"https:\/\/www.bellunopress.it\/fr\/wp-json\/wp\/v2\/comments?post=21758"}],"version-history":[{"count":2,"href":"https:\/\/www.bellunopress.it\/fr\/wp-json\/wp\/v2\/posts\/21758\/revisions"}],"predecessor-version":[{"id":21762,"href":"https:\/\/www.bellunopress.it\/fr\/wp-json\/wp\/v2\/posts\/21758\/revisions\/21762"}],"wp:attachment":[{"href":"https:\/\/www.bellunopress.it\/fr\/wp-json\/wp\/v2\/media?parent=21758"}],"wp:term":[{"taxonomy":"category","embeddable":true,"href":"https:\/\/www.bellunopress.it\/fr\/wp-json\/wp\/v2\/categories?post=21758"},{"taxonomy":"post_tag","embeddable":true,"href":"https:\/\/www.bellunopress.it\/fr\/wp-json\/wp\/v2\/tags?post=21758"}],"curies":[{"name":"wp","href":"https:\/\/api.w.org\/{rel}","templated":true}]}}