{"id":2172,"date":"2009-04-01T16:30:28","date_gmt":"2009-04-01T15:30:28","guid":{"rendered":"http:\/\/www.bellunopress.it\/?p=2172"},"modified":"2009-04-01T16:30:28","modified_gmt":"2009-04-01T15:30:28","slug":"da-domani-e-attivo-il-centro-funzionale-decentrato","status":"publish","type":"post","link":"https:\/\/www.bellunopress.it\/fr\/2009\/04\/01\/da-domani-e-attivo-il-centro-funzionale-decentrato\/","title":{"rendered":"Da domani \u00e8 attivo il Centro funzionale decentrato"},"content":{"rendered":"<p><a href=\"http:\/\/www.bellunopress.it\/wp-content\/uploads\/2009\/03\/de_bona_oscar-leggerissima.jpg\"><img loading=\"lazy\" decoding=\"async\" class=\"alignleft size-medium wp-image-2005\" title=\"de_bona_oscar-leggerissima\" src=\"http:\/\/www.bellunopress.it\/wp-content\/uploads\/2009\/03\/de_bona_oscar-leggerissima.jpg\" alt=\"\" width=\"90\" height=\"77\" \/><\/a>La Giunta regionale ha attivato il Centro Funzionale Decentrato del Veneto che \u00e8 reso operativo da domani (gioved\u00ec 2 aprile). Si tratta di una struttura che avr\u00e0 come compito la predisposizione e la diffusione a tutto il territorio regionale di messaggi informativi sulle situazioni previste di criticit\u00e0 meteorologica, idraulica, idrogeologica e delle valanghe nel Veneto. \u00abQuesti messaggi, predisposti secondo contenuti, modalit\u00e0 e tempi gi\u00e0 definiti da standard fissati dal Dipartimento nazionale della Protezione civile \u2013 fa sapere l\u2019assessore Oscar De Bona che ha delega anche ai Trasporti a fune &#8211; verranno inviati alle Province, alle Prefetture, ai Comuni e a tutti quei soggetti pubblici,\u00a0 ma anche privati,\u00a0 che hanno responsabilit\u00e0 di gestione di temi a rilevanza territoriale. Questo al fine di attivare le azioni necessarie alla gestione delle emergenze all\u2019interno del sistema regionale di protezione civile. Le previsioni sulle situazioni critiche si baseranno prima di tutto sui dati meteorologici e idrometrici raccolti in tempo reale continuativamente dalle reti di monitoraggio regionali\u00bb. E aggiunge: \u00abRingrazio in particolare la collega Elena Donazzan, assessore alla Protezione civile del Veneto, per l\u2019importante risultato ottenuto con l\u2019attivazione del Centro,\u00a0 ma anche per aver voluto mettere a sistema una organizzazione regionale in grado di dare servizi puntuali in relazione a bisogni del territorio, e in ci\u00f2 valorizzando anche strutture e professionalit\u00e0 di livello nazionale presenti sul territorio della provincia di Belluno\u00bb. Il\u00a0 Centro funzionale decentrato \u00e8 costituito dal servizio di Protezione civile regionale, dalla direzione regionale Difesa del suolo e dal dipartimento regionale per la Sicurezza del territorio dell\u2019Arpav, la cui direzione ha sede a Belluno. Esso ha il compito di fornire agli enti responsabili della gestione del territorio informazioni tempestive e attendibili sulle situazioni di criticit\u00e0 previste in relazione a piogge abbondanti, nevicate, sicurezza idraulica dei fiumi, fenomeni franosi e valanghe. Tutto ci\u00f2 per garantire la sicurezza della popolazione.<br \/>\nLa Regione ha attribuito all\u2019Arpav la funzione di supporto tecnico al Centro funzionale decentrato relativamente al monitoraggio del territorio, alla definizione degli scenari di rischio ed alla diffusione delle informazioni. L\u2019attivazione di tale Centro consentir\u00e0 di valorizzare il lavoro delle strutture del dipartimento per la Sicurezza del territorio, i quale ha riveste un ruolo importante, anche sotto il profilo della responsabilit\u00e0, con le sue strutture presenti in provincia di Belluno: il Centro valanghe di Arabba che garantir\u00e0 al Centro funzionale le informazioni sulle valanghe e l\u2019Unit\u00e0 operativa idrologia e idrometria che assicurer\u00e0 la gestione delle reti di monitoraggio della montagna veneta. L\u2019assessore De Bona esprime pertanto grande soddisfazione per l\u2019avvio dell\u2019attivit\u00e0 di questa nuova struttura sia per garantire sicurezza alle persone e al territorio, sia per la valorizzazione e il fattivo coinvolgimento del Centro valanghe di Arabba,\u00a0 dell\u2019Unit\u00e0 operativa idrologia e idrometria oltre che del dipartimento per la Sicurezza del territorio.<\/p>","protected":false},"excerpt":{"rendered":"<p>La Giunta regionale ha attivato il Centro Funzionale Decentrato del Veneto che \u00e8 reso operativo da domani (gioved\u00ec 2 aprile). Si tratta di una struttura che avr\u00e0 come compito la predisposizione e la diffusione a tutto il territorio regionale di messaggi informativi sulle situazioni previste di criticit\u00e0 meteorologica, idraulica, idrogeologica e delle valanghe nel Veneto. [&hellip;]<\/p>\n","protected":false},"author":2,"featured_media":0,"comment_status":"closed","ping_status":"open","sticky":false,"template":"","format":"standard","meta":{"footnotes":""},"categories":[5,26],"tags":[139],"class_list":["post-2172","post","type-post","status-publish","format-standard","category-cronaca","category-prima-pagina","tag-belluno"],"yoast_head":"<!-- This site is optimized with the Yoast SEO plugin v28.4 - https:\/\/yoast.com\/product\/yoast-seo-wordpress\/ -->\n<title>Da domani \u00e8 attivo il Centro funzionale decentrato - Bellunopress - Dolomiti<\/title>\n<meta name=\"robots\" content=\"index, follow, max-snippet:-1, max-image-preview:large, max-video-preview:-1\" \/>\n<link rel=\"canonical\" href=\"https:\/\/www.bellunopress.it\/fr\/2009\/04\/01\/da-domani-e-attivo-il-centro-funzionale-decentrato\/\" \/>\n<meta property=\"og:locale\" content=\"fr_FR\" \/>\n<meta property=\"og:type\" content=\"article\" \/>\n<meta property=\"og:title\" content=\"Da domani \u00e8 attivo il Centro funzionale decentrato - Bellunopress - Dolomiti\" \/>\n<meta property=\"og:description\" content=\"La Giunta regionale ha attivato il Centro Funzionale Decentrato del Veneto che \u00e8 reso operativo da domani (gioved\u00ec 2 aprile). Si tratta di una struttura che avr\u00e0 come compito la predisposizione e la diffusione a tutto il territorio regionale di messaggi informativi sulle situazioni previste di criticit\u00e0 meteorologica, idraulica, idrogeologica e delle valanghe nel Veneto. [&hellip;]\" \/>\n<meta property=\"og:url\" content=\"https:\/\/www.bellunopress.it\/fr\/2009\/04\/01\/da-domani-e-attivo-il-centro-funzionale-decentrato\/\" \/>\n<meta property=\"og:site_name\" content=\"Bellunopress - Dolomiti\" \/>\n<meta property=\"article:publisher\" content=\"https:\/\/www.facebook.com\/profile.php?id=100008943462799\" \/>\n<meta property=\"article:published_time\" content=\"2009-04-01T15:30:28+00:00\" \/>\n<meta property=\"og:image\" content=\"http:\/\/www.bellunopress.it\/wp-content\/uploads\/2009\/03\/de_bona_oscar-leggerissima.jpg\" \/>\n<meta name=\"author\" content=\"redazione\" \/>\n<meta name=\"twitter:card\" content=\"summary_large_image\" \/>\n<meta name=\"twitter:creator\" content=\"@bellunopress\" \/>\n<meta name=\"twitter:site\" content=\"@bellunopress\" \/>\n<meta name=\"twitter:label1\" content=\"Written by\" \/>\n\t<meta name=\"twitter:data1\" content=\"redazione\" \/>\n\t<meta name=\"twitter:label2\" content=\"Est. reading time\" \/>\n\t<meta name=\"twitter:data2\" content=\"2 minutes\" \/>\n<script type=\"application\/ld+json\" class=\"yoast-schema-graph\">{\"@context\":\"https:\\\/\\\/schema.org\",\"@graph\":[{\"@type\":\"Article\",\"@id\":\"https:\\\/\\\/www.bellunopress.it\\\/2009\\\/04\\\/01\\\/da-domani-e-attivo-il-centro-funzionale-decentrato\\\/#article\",\"isPartOf\":{\"@id\":\"https:\\\/\\\/www.bellunopress.it\\\/2009\\\/04\\\/01\\\/da-domani-e-attivo-il-centro-funzionale-decentrato\\\/\"},\"author\":{\"name\":\"redazione\",\"@id\":\"https:\\\/\\\/www.bellunopress.it\\\/#\\\/schema\\\/person\\\/79bb06722b37ece1c03d3e94beb30d73\"},\"headline\":\"Da domani \u00e8 attivo il Centro funzionale decentrato\",\"datePublished\":\"2009-04-01T15:30:28+00:00\",\"mainEntityOfPage\":{\"@id\":\"https:\\\/\\\/www.bellunopress.it\\\/2009\\\/04\\\/01\\\/da-domani-e-attivo-il-centro-funzionale-decentrato\\\/\"},\"wordCount\":470,\"publisher\":{\"@id\":\"https:\\\/\\\/www.bellunopress.it\\\/#organization\"},\"image\":{\"@id\":\"https:\\\/\\\/www.bellunopress.it\\\/2009\\\/04\\\/01\\\/da-domani-e-attivo-il-centro-funzionale-decentrato\\\/#primaryimage\"},\"thumbnailUrl\":\"http:\\\/\\\/www.bellunopress.it\\\/wp-content\\\/uploads\\\/2009\\\/03\\\/de_bona_oscar-leggerissima.jpg\",\"keywords\":[\"Belluno\"],\"articleSection\":[\"Cronaca\\\/Politica\",\"Prima Pagina\"],\"inLanguage\":\"fr-FR\"},{\"@type\":\"WebPage\",\"@id\":\"https:\\\/\\\/www.bellunopress.it\\\/2009\\\/04\\\/01\\\/da-domani-e-attivo-il-centro-funzionale-decentrato\\\/\",\"url\":\"https:\\\/\\\/www.bellunopress.it\\\/2009\\\/04\\\/01\\\/da-domani-e-attivo-il-centro-funzionale-decentrato\\\/\",\"name\":\"Da domani \u00e8 attivo il Centro funzionale decentrato - Bellunopress - Dolomiti\",\"isPartOf\":{\"@id\":\"https:\\\/\\\/www.bellunopress.it\\\/#website\"},\"primaryImageOfPage\":{\"@id\":\"https:\\\/\\\/www.bellunopress.it\\\/2009\\\/04\\\/01\\\/da-domani-e-attivo-il-centro-funzionale-decentrato\\\/#primaryimage\"},\"image\":{\"@id\":\"https:\\\/\\\/www.bellunopress.it\\\/2009\\\/04\\\/01\\\/da-domani-e-attivo-il-centro-funzionale-decentrato\\\/#primaryimage\"},\"thumbnailUrl\":\"http:\\\/\\\/www.bellunopress.it\\\/wp-content\\\/uploads\\\/2009\\\/03\\\/de_bona_oscar-leggerissima.jpg\",\"datePublished\":\"2009-04-01T15:30:28+00:00\",\"breadcrumb\":{\"@id\":\"https:\\\/\\\/www.bellunopress.it\\\/2009\\\/04\\\/01\\\/da-domani-e-attivo-il-centro-funzionale-decentrato\\\/#breadcrumb\"},\"inLanguage\":\"fr-FR\",\"potentialAction\":[{\"@type\":\"ReadAction\",\"target\":[\"https:\\\/\\\/www.bellunopress.it\\\/2009\\\/04\\\/01\\\/da-domani-e-attivo-il-centro-funzionale-decentrato\\\/\"]}]},{\"@type\":\"ImageObject\",\"inLanguage\":\"fr-FR\",\"@id\":\"https:\\\/\\\/www.bellunopress.it\\\/2009\\\/04\\\/01\\\/da-domani-e-attivo-il-centro-funzionale-decentrato\\\/#primaryimage\",\"url\":\"http:\\\/\\\/www.bellunopress.it\\\/wp-content\\\/uploads\\\/2009\\\/03\\\/de_bona_oscar-leggerissima.jpg\",\"contentUrl\":\"http:\\\/\\\/www.bellunopress.it\\\/wp-content\\\/uploads\\\/2009\\\/03\\\/de_bona_oscar-leggerissima.jpg\"},{\"@type\":\"BreadcrumbList\",\"@id\":\"https:\\\/\\\/www.bellunopress.it\\\/2009\\\/04\\\/01\\\/da-domani-e-attivo-il-centro-funzionale-decentrato\\\/#breadcrumb\",\"itemListElement\":[{\"@type\":\"ListItem\",\"position\":1,\"name\":\"Home\",\"item\":\"https:\\\/\\\/www.bellunopress.it\\\/\"},{\"@type\":\"ListItem\",\"position\":2,\"name\":\"Da domani \u00e8 attivo il Centro funzionale decentrato\"}]},{\"@type\":\"WebSite\",\"@id\":\"https:\\\/\\\/www.bellunopress.it\\\/#website\",\"url\":\"https:\\\/\\\/www.bellunopress.it\\\/\",\"name\":\"Bellunopress - Dolomiti\",\"description\":\"e-mail: redazione@bellunopress.it\",\"publisher\":{\"@id\":\"https:\\\/\\\/www.bellunopress.it\\\/#organization\"},\"potentialAction\":[{\"@type\":\"SearchAction\",\"target\":{\"@type\":\"EntryPoint\",\"urlTemplate\":\"https:\\\/\\\/www.bellunopress.it\\\/?s={search_term_string}\"},\"query-input\":{\"@type\":\"PropertyValueSpecification\",\"valueRequired\":true,\"valueName\":\"search_term_string\"}}],\"inLanguage\":\"fr-FR\"},{\"@type\":\"Organization\",\"@id\":\"https:\\\/\\\/www.bellunopress.it\\\/#organization\",\"name\":\"Bellunopress\",\"url\":\"https:\\\/\\\/www.bellunopress.it\\\/\",\"logo\":{\"@type\":\"ImageObject\",\"inLanguage\":\"fr-FR\",\"@id\":\"https:\\\/\\\/www.bellunopress.it\\\/#\\\/schema\\\/logo\\\/image\\\/\",\"url\":\"https:\\\/\\\/www.bellunopress.it\\\/wp-content\\\/uploads\\\/2011\\\/05\\\/cropped-logo-bellunopress-.jpg\",\"contentUrl\":\"https:\\\/\\\/www.bellunopress.it\\\/wp-content\\\/uploads\\\/2011\\\/05\\\/cropped-logo-bellunopress-.jpg\",\"width\":512,\"height\":512,\"caption\":\"Bellunopress\"},\"image\":{\"@id\":\"https:\\\/\\\/www.bellunopress.it\\\/#\\\/schema\\\/logo\\\/image\\\/\"},\"sameAs\":[\"https:\\\/\\\/www.facebook.com\\\/profile.php?id=100008943462799\",\"https:\\\/\\\/x.com\\\/bellunopress\",\"https:\\\/\\\/www.linkedin.com\\\/hp\\\/?dnr=JBzUWaJfMUw8vbXJJ2tVW5-I3jZKvC4wsoxE&amp;amp;amp;amp;amp;amp;trk=nav_responsive_tab_home\",\"https:\\\/\\\/www.youtube.com\\\/channel\\\/UCxL0wu1uN0_3_7hGG0306cw\"]},{\"@type\":\"Person\",\"@id\":\"https:\\\/\\\/www.bellunopress.it\\\/#\\\/schema\\\/person\\\/79bb06722b37ece1c03d3e94beb30d73\",\"name\":\"redazione\",\"image\":{\"@type\":\"ImageObject\",\"inLanguage\":\"fr-FR\",\"@id\":\"https:\\\/\\\/secure.gravatar.com\\\/avatar\\\/37d968a2e67a6fd04c169c4bdef102d0bc5d31b2546345219e348575eb80e9a0?s=96&d=mm&r=g\",\"url\":\"https:\\\/\\\/secure.gravatar.com\\\/avatar\\\/37d968a2e67a6fd04c169c4bdef102d0bc5d31b2546345219e348575eb80e9a0?s=96&d=mm&r=g\",\"contentUrl\":\"https:\\\/\\\/secure.gravatar.com\\\/avatar\\\/37d968a2e67a6fd04c169c4bdef102d0bc5d31b2546345219e348575eb80e9a0?s=96&d=mm&r=g\",\"caption\":\"redazione\"},\"sameAs\":[\"http:\\\/\\\/www.bellunopress.it\",\"https:\\\/\\\/x.com\\\/bellunopress\"],\"url\":\"https:\\\/\\\/www.bellunopress.it\\\/fr\\\/author\\\/redazione\\\/\"}]}<\/script>\n<!-- \/ Yoast SEO plugin. -->","yoast_head_json":{"title":"Da domani \u00e8 attivo il Centro funzionale decentrato - Bellunopress - Dolomiti","robots":{"index":"index","follow":"follow","max-snippet":"max-snippet:-1","max-image-preview":"max-image-preview:large","max-video-preview":"max-video-preview:-1"},"canonical":"https:\/\/www.bellunopress.it\/fr\/2009\/04\/01\/da-domani-e-attivo-il-centro-funzionale-decentrato\/","og_locale":"fr_FR","og_type":"article","og_title":"Da domani \u00e8 attivo il Centro funzionale decentrato - Bellunopress - Dolomiti","og_description":"La Giunta regionale ha attivato il Centro Funzionale Decentrato del Veneto che \u00e8 reso operativo da domani (gioved\u00ec 2 aprile). Si tratta di una struttura che avr\u00e0 come compito la predisposizione e la diffusione a tutto il territorio regionale di messaggi informativi sulle situazioni previste di criticit\u00e0 meteorologica, idraulica, idrogeologica e delle valanghe nel Veneto. [&hellip;]","og_url":"https:\/\/www.bellunopress.it\/fr\/2009\/04\/01\/da-domani-e-attivo-il-centro-funzionale-decentrato\/","og_site_name":"Bellunopress - Dolomiti","article_publisher":"https:\/\/www.facebook.com\/profile.php?id=100008943462799","article_published_time":"2009-04-01T15:30:28+00:00","og_image":[{"url":"http:\/\/www.bellunopress.it\/wp-content\/uploads\/2009\/03\/de_bona_oscar-leggerissima.jpg","type":"","width":"","height":""}],"author":"redazione","twitter_card":"summary_large_image","twitter_creator":"@bellunopress","twitter_site":"@bellunopress","twitter_misc":{"Written by":"redazione","Est. reading time":"2 minutes"},"schema":{"@context":"https:\/\/schema.org","@graph":[{"@type":"Article","@id":"https:\/\/www.bellunopress.it\/2009\/04\/01\/da-domani-e-attivo-il-centro-funzionale-decentrato\/#article","isPartOf":{"@id":"https:\/\/www.bellunopress.it\/2009\/04\/01\/da-domani-e-attivo-il-centro-funzionale-decentrato\/"},"author":{"name":"redazione","@id":"https:\/\/www.bellunopress.it\/#\/schema\/person\/79bb06722b37ece1c03d3e94beb30d73"},"headline":"Da domani \u00e8 attivo il Centro funzionale decentrato","datePublished":"2009-04-01T15:30:28+00:00","mainEntityOfPage":{"@id":"https:\/\/www.bellunopress.it\/2009\/04\/01\/da-domani-e-attivo-il-centro-funzionale-decentrato\/"},"wordCount":470,"publisher":{"@id":"https:\/\/www.bellunopress.it\/#organization"},"image":{"@id":"https:\/\/www.bellunopress.it\/2009\/04\/01\/da-domani-e-attivo-il-centro-funzionale-decentrato\/#primaryimage"},"thumbnailUrl":"http:\/\/www.bellunopress.it\/wp-content\/uploads\/2009\/03\/de_bona_oscar-leggerissima.jpg","keywords":["Belluno"],"articleSection":["Cronaca\/Politica","Prima Pagina"],"inLanguage":"fr-FR"},{"@type":"WebPage","@id":"https:\/\/www.bellunopress.it\/2009\/04\/01\/da-domani-e-attivo-il-centro-funzionale-decentrato\/","url":"https:\/\/www.bellunopress.it\/2009\/04\/01\/da-domani-e-attivo-il-centro-funzionale-decentrato\/","name":"Da domani \u00e8 attivo il Centro funzionale decentrato - Bellunopress - Dolomiti","isPartOf":{"@id":"https:\/\/www.bellunopress.it\/#website"},"primaryImageOfPage":{"@id":"https:\/\/www.bellunopress.it\/2009\/04\/01\/da-domani-e-attivo-il-centro-funzionale-decentrato\/#primaryimage"},"image":{"@id":"https:\/\/www.bellunopress.it\/2009\/04\/01\/da-domani-e-attivo-il-centro-funzionale-decentrato\/#primaryimage"},"thumbnailUrl":"http:\/\/www.bellunopress.it\/wp-content\/uploads\/2009\/03\/de_bona_oscar-leggerissima.jpg","datePublished":"2009-04-01T15:30:28+00:00","breadcrumb":{"@id":"https:\/\/www.bellunopress.it\/2009\/04\/01\/da-domani-e-attivo-il-centro-funzionale-decentrato\/#breadcrumb"},"inLanguage":"fr-FR","potentialAction":[{"@type":"ReadAction","target":["https:\/\/www.bellunopress.it\/2009\/04\/01\/da-domani-e-attivo-il-centro-funzionale-decentrato\/"]}]},{"@type":"ImageObject","inLanguage":"fr-FR","@id":"https:\/\/www.bellunopress.it\/2009\/04\/01\/da-domani-e-attivo-il-centro-funzionale-decentrato\/#primaryimage","url":"http:\/\/www.bellunopress.it\/wp-content\/uploads\/2009\/03\/de_bona_oscar-leggerissima.jpg","contentUrl":"http:\/\/www.bellunopress.it\/wp-content\/uploads\/2009\/03\/de_bona_oscar-leggerissima.jpg"},{"@type":"BreadcrumbList","@id":"https:\/\/www.bellunopress.it\/2009\/04\/01\/da-domani-e-attivo-il-centro-funzionale-decentrato\/#breadcrumb","itemListElement":[{"@type":"ListItem","position":1,"name":"Home","item":"https:\/\/www.bellunopress.it\/"},{"@type":"ListItem","position":2,"name":"Da domani \u00e8 attivo il Centro funzionale decentrato"}]},{"@type":"WebSite","@id":"https:\/\/www.bellunopress.it\/#website","url":"https:\/\/www.bellunopress.it\/","name":"Bellunopress - Dolomiti","description":"e-mail: redazione@bellunopress.it","publisher":{"@id":"https:\/\/www.bellunopress.it\/#organization"},"potentialAction":[{"@type":"SearchAction","target":{"@type":"EntryPoint","urlTemplate":"https:\/\/www.bellunopress.it\/?s={search_term_string}"},"query-input":{"@type":"PropertyValueSpecification","valueRequired":true,"valueName":"search_term_string"}}],"inLanguage":"fr-FR"},{"@type":"Organization","@id":"https:\/\/www.bellunopress.it\/#organization","name":"Bellunopress","url":"https:\/\/www.bellunopress.it\/","logo":{"@type":"ImageObject","inLanguage":"fr-FR","@id":"https:\/\/www.bellunopress.it\/#\/schema\/logo\/image\/","url":"https:\/\/www.bellunopress.it\/wp-content\/uploads\/2011\/05\/cropped-logo-bellunopress-.jpg","contentUrl":"https:\/\/www.bellunopress.it\/wp-content\/uploads\/2011\/05\/cropped-logo-bellunopress-.jpg","width":512,"height":512,"caption":"Bellunopress"},"image":{"@id":"https:\/\/www.bellunopress.it\/#\/schema\/logo\/image\/"},"sameAs":["https:\/\/www.facebook.com\/profile.php?id=100008943462799","https:\/\/x.com\/bellunopress","https:\/\/www.linkedin.com\/hp\/?dnr=JBzUWaJfMUw8vbXJJ2tVW5-I3jZKvC4wsoxE&amp;amp;amp;amp;amp;amp;trk=nav_responsive_tab_home","https:\/\/www.youtube.com\/channel\/UCxL0wu1uN0_3_7hGG0306cw"]},{"@type":"Person","@id":"https:\/\/www.bellunopress.it\/#\/schema\/person\/79bb06722b37ece1c03d3e94beb30d73","name":"r\u00e9daction","image":{"@type":"ImageObject","inLanguage":"fr-FR","@id":"https:\/\/secure.gravatar.com\/avatar\/37d968a2e67a6fd04c169c4bdef102d0bc5d31b2546345219e348575eb80e9a0?s=96&d=mm&r=g","url":"https:\/\/secure.gravatar.com\/avatar\/37d968a2e67a6fd04c169c4bdef102d0bc5d31b2546345219e348575eb80e9a0?s=96&d=mm&r=g","contentUrl":"https:\/\/secure.gravatar.com\/avatar\/37d968a2e67a6fd04c169c4bdef102d0bc5d31b2546345219e348575eb80e9a0?s=96&d=mm&r=g","caption":"redazione"},"sameAs":["http:\/\/www.bellunopress.it","https:\/\/x.com\/bellunopress"],"url":"https:\/\/www.bellunopress.it\/fr\/author\/redazione\/"}]}},"_links":{"self":[{"href":"https:\/\/www.bellunopress.it\/fr\/wp-json\/wp\/v2\/posts\/2172","targetHints":{"allow":["GET"]}}],"collection":[{"href":"https:\/\/www.bellunopress.it\/fr\/wp-json\/wp\/v2\/posts"}],"about":[{"href":"https:\/\/www.bellunopress.it\/fr\/wp-json\/wp\/v2\/types\/post"}],"author":[{"embeddable":true,"href":"https:\/\/www.bellunopress.it\/fr\/wp-json\/wp\/v2\/users\/2"}],"replies":[{"embeddable":true,"href":"https:\/\/www.bellunopress.it\/fr\/wp-json\/wp\/v2\/comments?post=2172"}],"version-history":[{"count":1,"href":"https:\/\/www.bellunopress.it\/fr\/wp-json\/wp\/v2\/posts\/2172\/revisions"}],"predecessor-version":[{"id":2173,"href":"https:\/\/www.bellunopress.it\/fr\/wp-json\/wp\/v2\/posts\/2172\/revisions\/2173"}],"wp:attachment":[{"href":"https:\/\/www.bellunopress.it\/fr\/wp-json\/wp\/v2\/media?parent=2172"}],"wp:term":[{"taxonomy":"category","embeddable":true,"href":"https:\/\/www.bellunopress.it\/fr\/wp-json\/wp\/v2\/categories?post=2172"},{"taxonomy":"post_tag","embeddable":true,"href":"https:\/\/www.bellunopress.it\/fr\/wp-json\/wp\/v2\/tags?post=2172"}],"curies":[{"name":"wp","href":"https:\/\/api.w.org\/{rel}","templated":true}]}}