{"id":21364,"date":"2010-11-20T11:27:28","date_gmt":"2010-11-20T10:27:28","guid":{"rendered":"http:\/\/www.bellunopress.it\/?p=21364"},"modified":"2010-11-20T11:27:28","modified_gmt":"2010-11-20T10:27:28","slug":"calatafimi-lautore-della-sparatoria-a-mel-si-costituisce-ai-carabinieri-di-mel","status":"publish","type":"post","link":"https:\/\/www.bellunopress.it\/fr\/2010\/11\/20\/calatafimi-lautore-della-sparatoria-a-mel-si-costituisce-ai-carabinieri-di-mel\/","title":{"rendered":"Calatafimi, l&#8217;autore della sparatoria a Mel, si costituisce  ai carabinieri di Mel"},"content":{"rendered":"<figure id=\"attachment_21365\" aria-describedby=\"caption-attachment-21365\" style=\"width: 270px\" class=\"wp-caption alignleft\"><a href=\"http:\/\/www.bellunopress.it\/wp-content\/uploads\/2010\/11\/angelo-calatafimi-270x270.jpg\"><img loading=\"lazy\" decoding=\"async\" class=\"size-medium wp-image-21365\" title=\"angelo-calatafimi-270x270\" src=\"http:\/\/www.bellunopress.it\/wp-content\/uploads\/2010\/11\/angelo-calatafimi-270x270.jpg\" alt=\"Angelo Calatafimi\" width=\"270\" height=\"270\" srcset=\"https:\/\/www.bellunopress.it\/wp-content\/uploads\/2010\/11\/angelo-calatafimi-270x270.jpg 270w, https:\/\/www.bellunopress.it\/wp-content\/uploads\/2010\/11\/angelo-calatafimi-270x270-150x150.jpg 150w\" sizes=\"auto, (max-width: 270px) 100vw, 270px\" \/><\/a><figcaption id=\"caption-attachment-21365\" class=\"wp-caption-text\">Angelo Calatafimi<\/figcaption><\/figure>\n<p>Ormai le Forze dell\u2019Ordine avevano fatto terra bruciata ed infatti ieri sera si \u00e8 avuto l\u2019epilogo della vicenda che ha tenuto in apprensione tutta la provincia. \u00a0Calatafimi Angelo, originario di Reggio Calabria (nella foto tratta da Facebook), autore della sparatoria con ferito avvenuta il 15 novembre scorso a Mel, si \u00e8 costituito presso la Stazione Carabinieri di Trichiana.\u00a0Il risultato \u00e8 stato ottenuto grazie alla pressione attuata, in piena sintonia dalle Forze di Polizia che hanno continuamente, fin dalla data del fatto, coordinato gli interventi per la ricerca e la cattura.\u00a0Sinergia e collaborazione sfociate nella firma congiunta del provvedimento restrittivo; infatti il personale della Squadra Mobile, unitamente a personale dell\u2019Arma (Stazione Trichiana e Compagnia di Feltre), ha dato esecuzione all\u2019ordinanza di fermo di indiziato di delitto, disposto dal P.M. del Tribunale di Belluno dr. Simone Marcon, per violazione della normativa sulle armi da sparo e \u00a0lesioni personali gravi.<\/p>\n<figure id=\"attachment_427\" aria-describedby=\"caption-attachment-427\" style=\"width: 270px\" class=\"wp-caption alignleft\"><a href=\"http:\/\/www.bellunopress.it\/wp-content\/uploads\/2009\/02\/carcere-5.jpg\"><img loading=\"lazy\" decoding=\"async\" class=\"size-medium wp-image-427\" title=\"carcere-5\" src=\"http:\/\/www.bellunopress.it\/wp-content\/uploads\/2009\/02\/carcere-5.jpg\" alt=\"Carcere di Baldenich\" width=\"270\" height=\"180\" \/><\/a><figcaption id=\"caption-attachment-427\" class=\"wp-caption-text\">Carcere di Baldenich<\/figcaption><\/figure>\n<p>A \u00a0conclusione degli atti, Calatafimi Angelo \u00e8 stato associato alla Casa Circondariale di Baldenich.<\/p>","protected":false},"excerpt":{"rendered":"<p>Ormai le Forze dell\u2019Ordine avevano fatto terra bruciata ed infatti ieri sera si \u00e8 avuto l\u2019epilogo della vicenda che ha tenuto in apprensione tutta la provincia. \u00a0Calatafimi Angelo, originario di Reggio Calabria (nella foto tratta da Facebook), autore della sparatoria con ferito avvenuta il 15 novembre scorso a Mel, si \u00e8 costituito presso la Stazione [&hellip;]<\/p>\n","protected":false},"author":2,"featured_media":0,"comment_status":"closed","ping_status":"open","sticky":false,"template":"","format":"standard","meta":{"footnotes":""},"categories":[5],"tags":[139,302],"class_list":["post-21364","post","type-post","status-publish","format-standard","category-cronaca","tag-belluno","tag-feltre"],"yoast_head":"<!-- This site is optimized with the Yoast SEO plugin v28.4 - https:\/\/yoast.com\/product\/yoast-seo-wordpress\/ -->\n<title>Calatafimi, l&#039;autore della sparatoria a Mel, si costituisce ai carabinieri di Mel - Bellunopress - Dolomiti<\/title>\n<meta name=\"robots\" content=\"index, follow, max-snippet:-1, max-image-preview:large, max-video-preview:-1\" \/>\n<link rel=\"canonical\" href=\"https:\/\/www.bellunopress.it\/fr\/2010\/11\/20\/calatafimi-lautore-della-sparatoria-a-mel-si-costituisce-ai-carabinieri-di-mel\/\" \/>\n<meta property=\"og:locale\" content=\"fr_FR\" \/>\n<meta property=\"og:type\" content=\"article\" \/>\n<meta property=\"og:title\" content=\"Calatafimi, l&#039;autore della sparatoria a Mel, si costituisce ai carabinieri di Mel - Bellunopress - Dolomiti\" \/>\n<meta property=\"og:description\" content=\"Ormai le Forze dell\u2019Ordine avevano fatto terra bruciata ed infatti ieri sera si \u00e8 avuto l\u2019epilogo della vicenda che ha tenuto in apprensione tutta la provincia. \u00a0Calatafimi Angelo, originario di Reggio Calabria (nella foto tratta da Facebook), autore della sparatoria con ferito avvenuta il 15 novembre scorso a Mel, si \u00e8 costituito presso la Stazione [&hellip;]\" \/>\n<meta property=\"og:url\" content=\"https:\/\/www.bellunopress.it\/fr\/2010\/11\/20\/calatafimi-lautore-della-sparatoria-a-mel-si-costituisce-ai-carabinieri-di-mel\/\" \/>\n<meta property=\"og:site_name\" content=\"Bellunopress - Dolomiti\" \/>\n<meta property=\"article:publisher\" content=\"https:\/\/www.facebook.com\/profile.php?id=100008943462799\" \/>\n<meta property=\"article:published_time\" content=\"2010-11-20T10:27:28+00:00\" \/>\n<meta property=\"og:image\" content=\"http:\/\/www.bellunopress.it\/wp-content\/uploads\/2010\/11\/angelo-calatafimi-270x270.jpg\" \/>\n<meta name=\"author\" content=\"redazione\" \/>\n<meta name=\"twitter:card\" content=\"summary_large_image\" \/>\n<meta name=\"twitter:creator\" content=\"@bellunopress\" \/>\n<meta name=\"twitter:site\" content=\"@bellunopress\" \/>\n<meta name=\"twitter:label1\" content=\"\u00c9crit par\" \/>\n\t<meta name=\"twitter:data1\" content=\"redazione\" \/>\n\t<meta name=\"twitter:label2\" content=\"Dur\u00e9e de lecture estim\u00e9e\" \/>\n\t<meta name=\"twitter:data2\" content=\"1 minute\" \/>\n<script type=\"application\/ld+json\" class=\"yoast-schema-graph\">{\"@context\":\"https:\\\/\\\/schema.org\",\"@graph\":[{\"@type\":\"Article\",\"@id\":\"https:\\\/\\\/www.bellunopress.it\\\/2010\\\/11\\\/20\\\/calatafimi-lautore-della-sparatoria-a-mel-si-costituisce-ai-carabinieri-di-mel\\\/#article\",\"isPartOf\":{\"@id\":\"https:\\\/\\\/www.bellunopress.it\\\/2010\\\/11\\\/20\\\/calatafimi-lautore-della-sparatoria-a-mel-si-costituisce-ai-carabinieri-di-mel\\\/\"},\"author\":{\"name\":\"redazione\",\"@id\":\"https:\\\/\\\/www.bellunopress.it\\\/#\\\/schema\\\/person\\\/79bb06722b37ece1c03d3e94beb30d73\"},\"headline\":\"Calatafimi, l&#8217;autore della sparatoria a Mel, si costituisce ai carabinieri di Mel\",\"datePublished\":\"2010-11-20T10:27:28+00:00\",\"mainEntityOfPage\":{\"@id\":\"https:\\\/\\\/www.bellunopress.it\\\/2010\\\/11\\\/20\\\/calatafimi-lautore-della-sparatoria-a-mel-si-costituisce-ai-carabinieri-di-mel\\\/\"},\"wordCount\":197,\"publisher\":{\"@id\":\"https:\\\/\\\/www.bellunopress.it\\\/#organization\"},\"image\":{\"@id\":\"https:\\\/\\\/www.bellunopress.it\\\/2010\\\/11\\\/20\\\/calatafimi-lautore-della-sparatoria-a-mel-si-costituisce-ai-carabinieri-di-mel\\\/#primaryimage\"},\"thumbnailUrl\":\"http:\\\/\\\/www.bellunopress.it\\\/wp-content\\\/uploads\\\/2010\\\/11\\\/angelo-calatafimi-270x270.jpg\",\"keywords\":[\"Belluno\",\"Feltre\"],\"articleSection\":[\"Cronaca\\\/Politica\"],\"inLanguage\":\"fr-FR\"},{\"@type\":\"WebPage\",\"@id\":\"https:\\\/\\\/www.bellunopress.it\\\/2010\\\/11\\\/20\\\/calatafimi-lautore-della-sparatoria-a-mel-si-costituisce-ai-carabinieri-di-mel\\\/\",\"url\":\"https:\\\/\\\/www.bellunopress.it\\\/2010\\\/11\\\/20\\\/calatafimi-lautore-della-sparatoria-a-mel-si-costituisce-ai-carabinieri-di-mel\\\/\",\"name\":\"Calatafimi, l'autore della sparatoria a Mel, si costituisce ai carabinieri di Mel - Bellunopress - Dolomiti\",\"isPartOf\":{\"@id\":\"https:\\\/\\\/www.bellunopress.it\\\/#website\"},\"primaryImageOfPage\":{\"@id\":\"https:\\\/\\\/www.bellunopress.it\\\/2010\\\/11\\\/20\\\/calatafimi-lautore-della-sparatoria-a-mel-si-costituisce-ai-carabinieri-di-mel\\\/#primaryimage\"},\"image\":{\"@id\":\"https:\\\/\\\/www.bellunopress.it\\\/2010\\\/11\\\/20\\\/calatafimi-lautore-della-sparatoria-a-mel-si-costituisce-ai-carabinieri-di-mel\\\/#primaryimage\"},\"thumbnailUrl\":\"http:\\\/\\\/www.bellunopress.it\\\/wp-content\\\/uploads\\\/2010\\\/11\\\/angelo-calatafimi-270x270.jpg\",\"datePublished\":\"2010-11-20T10:27:28+00:00\",\"breadcrumb\":{\"@id\":\"https:\\\/\\\/www.bellunopress.it\\\/2010\\\/11\\\/20\\\/calatafimi-lautore-della-sparatoria-a-mel-si-costituisce-ai-carabinieri-di-mel\\\/#breadcrumb\"},\"inLanguage\":\"fr-FR\",\"potentialAction\":[{\"@type\":\"ReadAction\",\"target\":[\"https:\\\/\\\/www.bellunopress.it\\\/2010\\\/11\\\/20\\\/calatafimi-lautore-della-sparatoria-a-mel-si-costituisce-ai-carabinieri-di-mel\\\/\"]}]},{\"@type\":\"ImageObject\",\"inLanguage\":\"fr-FR\",\"@id\":\"https:\\\/\\\/www.bellunopress.it\\\/2010\\\/11\\\/20\\\/calatafimi-lautore-della-sparatoria-a-mel-si-costituisce-ai-carabinieri-di-mel\\\/#primaryimage\",\"url\":\"http:\\\/\\\/www.bellunopress.it\\\/wp-content\\\/uploads\\\/2010\\\/11\\\/angelo-calatafimi-270x270.jpg\",\"contentUrl\":\"http:\\\/\\\/www.bellunopress.it\\\/wp-content\\\/uploads\\\/2010\\\/11\\\/angelo-calatafimi-270x270.jpg\"},{\"@type\":\"BreadcrumbList\",\"@id\":\"https:\\\/\\\/www.bellunopress.it\\\/2010\\\/11\\\/20\\\/calatafimi-lautore-della-sparatoria-a-mel-si-costituisce-ai-carabinieri-di-mel\\\/#breadcrumb\",\"itemListElement\":[{\"@type\":\"ListItem\",\"position\":1,\"name\":\"Home\",\"item\":\"https:\\\/\\\/www.bellunopress.it\\\/\"},{\"@type\":\"ListItem\",\"position\":2,\"name\":\"Calatafimi, l&#8217;autore della sparatoria a Mel, si costituisce ai carabinieri di Mel\"}]},{\"@type\":\"WebSite\",\"@id\":\"https:\\\/\\\/www.bellunopress.it\\\/#website\",\"url\":\"https:\\\/\\\/www.bellunopress.it\\\/\",\"name\":\"Bellunopress - Dolomiti\",\"description\":\"e-mail: redazione@bellunopress.it\",\"publisher\":{\"@id\":\"https:\\\/\\\/www.bellunopress.it\\\/#organization\"},\"potentialAction\":[{\"@type\":\"SearchAction\",\"target\":{\"@type\":\"EntryPoint\",\"urlTemplate\":\"https:\\\/\\\/www.bellunopress.it\\\/?s={search_term_string}\"},\"query-input\":{\"@type\":\"PropertyValueSpecification\",\"valueRequired\":true,\"valueName\":\"search_term_string\"}}],\"inLanguage\":\"fr-FR\"},{\"@type\":\"Organization\",\"@id\":\"https:\\\/\\\/www.bellunopress.it\\\/#organization\",\"name\":\"Bellunopress\",\"url\":\"https:\\\/\\\/www.bellunopress.it\\\/\",\"logo\":{\"@type\":\"ImageObject\",\"inLanguage\":\"fr-FR\",\"@id\":\"https:\\\/\\\/www.bellunopress.it\\\/#\\\/schema\\\/logo\\\/image\\\/\",\"url\":\"https:\\\/\\\/www.bellunopress.it\\\/wp-content\\\/uploads\\\/2011\\\/05\\\/cropped-logo-bellunopress-.jpg\",\"contentUrl\":\"https:\\\/\\\/www.bellunopress.it\\\/wp-content\\\/uploads\\\/2011\\\/05\\\/cropped-logo-bellunopress-.jpg\",\"width\":512,\"height\":512,\"caption\":\"Bellunopress\"},\"image\":{\"@id\":\"https:\\\/\\\/www.bellunopress.it\\\/#\\\/schema\\\/logo\\\/image\\\/\"},\"sameAs\":[\"https:\\\/\\\/www.facebook.com\\\/profile.php?id=100008943462799\",\"https:\\\/\\\/x.com\\\/bellunopress\",\"https:\\\/\\\/www.linkedin.com\\\/hp\\\/?dnr=JBzUWaJfMUw8vbXJJ2tVW5-I3jZKvC4wsoxE&amp;amp;amp;amp;amp;amp;trk=nav_responsive_tab_home\",\"https:\\\/\\\/www.youtube.com\\\/channel\\\/UCxL0wu1uN0_3_7hGG0306cw\"]},{\"@type\":\"Person\",\"@id\":\"https:\\\/\\\/www.bellunopress.it\\\/#\\\/schema\\\/person\\\/79bb06722b37ece1c03d3e94beb30d73\",\"name\":\"redazione\",\"image\":{\"@type\":\"ImageObject\",\"inLanguage\":\"fr-FR\",\"@id\":\"https:\\\/\\\/secure.gravatar.com\\\/avatar\\\/37d968a2e67a6fd04c169c4bdef102d0bc5d31b2546345219e348575eb80e9a0?s=96&d=mm&r=g\",\"url\":\"https:\\\/\\\/secure.gravatar.com\\\/avatar\\\/37d968a2e67a6fd04c169c4bdef102d0bc5d31b2546345219e348575eb80e9a0?s=96&d=mm&r=g\",\"contentUrl\":\"https:\\\/\\\/secure.gravatar.com\\\/avatar\\\/37d968a2e67a6fd04c169c4bdef102d0bc5d31b2546345219e348575eb80e9a0?s=96&d=mm&r=g\",\"caption\":\"redazione\"},\"sameAs\":[\"http:\\\/\\\/www.bellunopress.it\",\"https:\\\/\\\/x.com\\\/bellunopress\"],\"url\":\"https:\\\/\\\/www.bellunopress.it\\\/fr\\\/author\\\/redazione\\\/\"}]}<\/script>\n<!-- \/ Yoast SEO plugin. -->","yoast_head_json":{"title":"Calatafimi, l'autore della sparatoria a Mel, si costituisce ai carabinieri di Mel - Bellunopress - Dolomiti","robots":{"index":"index","follow":"follow","max-snippet":"max-snippet:-1","max-image-preview":"max-image-preview:large","max-video-preview":"max-video-preview:-1"},"canonical":"https:\/\/www.bellunopress.it\/fr\/2010\/11\/20\/calatafimi-lautore-della-sparatoria-a-mel-si-costituisce-ai-carabinieri-di-mel\/","og_locale":"fr_FR","og_type":"article","og_title":"Calatafimi, l'autore della sparatoria a Mel, si costituisce ai carabinieri di Mel - Bellunopress - Dolomiti","og_description":"Ormai le Forze dell\u2019Ordine avevano fatto terra bruciata ed infatti ieri sera si \u00e8 avuto l\u2019epilogo della vicenda che ha tenuto in apprensione tutta la provincia. \u00a0Calatafimi Angelo, originario di Reggio Calabria (nella foto tratta da Facebook), autore della sparatoria con ferito avvenuta il 15 novembre scorso a Mel, si \u00e8 costituito presso la Stazione [&hellip;]","og_url":"https:\/\/www.bellunopress.it\/fr\/2010\/11\/20\/calatafimi-lautore-della-sparatoria-a-mel-si-costituisce-ai-carabinieri-di-mel\/","og_site_name":"Bellunopress - Dolomiti","article_publisher":"https:\/\/www.facebook.com\/profile.php?id=100008943462799","article_published_time":"2010-11-20T10:27:28+00:00","og_image":[{"url":"http:\/\/www.bellunopress.it\/wp-content\/uploads\/2010\/11\/angelo-calatafimi-270x270.jpg","type":"","width":"","height":""}],"author":"redazione","twitter_card":"summary_large_image","twitter_creator":"@bellunopress","twitter_site":"@bellunopress","twitter_misc":{"\u00c9crit par":"redazione","Dur\u00e9e de lecture estim\u00e9e":"1 minute"},"schema":{"@context":"https:\/\/schema.org","@graph":[{"@type":"Article","@id":"https:\/\/www.bellunopress.it\/2010\/11\/20\/calatafimi-lautore-della-sparatoria-a-mel-si-costituisce-ai-carabinieri-di-mel\/#article","isPartOf":{"@id":"https:\/\/www.bellunopress.it\/2010\/11\/20\/calatafimi-lautore-della-sparatoria-a-mel-si-costituisce-ai-carabinieri-di-mel\/"},"author":{"name":"redazione","@id":"https:\/\/www.bellunopress.it\/#\/schema\/person\/79bb06722b37ece1c03d3e94beb30d73"},"headline":"Calatafimi, l&#8217;autore della sparatoria a Mel, si costituisce ai carabinieri di Mel","datePublished":"2010-11-20T10:27:28+00:00","mainEntityOfPage":{"@id":"https:\/\/www.bellunopress.it\/2010\/11\/20\/calatafimi-lautore-della-sparatoria-a-mel-si-costituisce-ai-carabinieri-di-mel\/"},"wordCount":197,"publisher":{"@id":"https:\/\/www.bellunopress.it\/#organization"},"image":{"@id":"https:\/\/www.bellunopress.it\/2010\/11\/20\/calatafimi-lautore-della-sparatoria-a-mel-si-costituisce-ai-carabinieri-di-mel\/#primaryimage"},"thumbnailUrl":"http:\/\/www.bellunopress.it\/wp-content\/uploads\/2010\/11\/angelo-calatafimi-270x270.jpg","keywords":["Belluno","Feltre"],"articleSection":["Cronaca\/Politica"],"inLanguage":"fr-FR"},{"@type":"WebPage","@id":"https:\/\/www.bellunopress.it\/2010\/11\/20\/calatafimi-lautore-della-sparatoria-a-mel-si-costituisce-ai-carabinieri-di-mel\/","url":"https:\/\/www.bellunopress.it\/2010\/11\/20\/calatafimi-lautore-della-sparatoria-a-mel-si-costituisce-ai-carabinieri-di-mel\/","name":"Calatafimi, l'autore della sparatoria a Mel, si costituisce ai carabinieri di Mel - Bellunopress - Dolomiti","isPartOf":{"@id":"https:\/\/www.bellunopress.it\/#website"},"primaryImageOfPage":{"@id":"https:\/\/www.bellunopress.it\/2010\/11\/20\/calatafimi-lautore-della-sparatoria-a-mel-si-costituisce-ai-carabinieri-di-mel\/#primaryimage"},"image":{"@id":"https:\/\/www.bellunopress.it\/2010\/11\/20\/calatafimi-lautore-della-sparatoria-a-mel-si-costituisce-ai-carabinieri-di-mel\/#primaryimage"},"thumbnailUrl":"http:\/\/www.bellunopress.it\/wp-content\/uploads\/2010\/11\/angelo-calatafimi-270x270.jpg","datePublished":"2010-11-20T10:27:28+00:00","breadcrumb":{"@id":"https:\/\/www.bellunopress.it\/2010\/11\/20\/calatafimi-lautore-della-sparatoria-a-mel-si-costituisce-ai-carabinieri-di-mel\/#breadcrumb"},"inLanguage":"fr-FR","potentialAction":[{"@type":"ReadAction","target":["https:\/\/www.bellunopress.it\/2010\/11\/20\/calatafimi-lautore-della-sparatoria-a-mel-si-costituisce-ai-carabinieri-di-mel\/"]}]},{"@type":"ImageObject","inLanguage":"fr-FR","@id":"https:\/\/www.bellunopress.it\/2010\/11\/20\/calatafimi-lautore-della-sparatoria-a-mel-si-costituisce-ai-carabinieri-di-mel\/#primaryimage","url":"http:\/\/www.bellunopress.it\/wp-content\/uploads\/2010\/11\/angelo-calatafimi-270x270.jpg","contentUrl":"http:\/\/www.bellunopress.it\/wp-content\/uploads\/2010\/11\/angelo-calatafimi-270x270.jpg"},{"@type":"BreadcrumbList","@id":"https:\/\/www.bellunopress.it\/2010\/11\/20\/calatafimi-lautore-della-sparatoria-a-mel-si-costituisce-ai-carabinieri-di-mel\/#breadcrumb","itemListElement":[{"@type":"ListItem","position":1,"name":"Home","item":"https:\/\/www.bellunopress.it\/"},{"@type":"ListItem","position":2,"name":"Calatafimi, l&#8217;autore della sparatoria a Mel, si costituisce ai carabinieri di Mel"}]},{"@type":"WebSite","@id":"https:\/\/www.bellunopress.it\/#website","url":"https:\/\/www.bellunopress.it\/","name":"Bellunopress - Dolomiti","description":"e-mail: redazione@bellunopress.it","publisher":{"@id":"https:\/\/www.bellunopress.it\/#organization"},"potentialAction":[{"@type":"SearchAction","target":{"@type":"EntryPoint","urlTemplate":"https:\/\/www.bellunopress.it\/?s={search_term_string}"},"query-input":{"@type":"PropertyValueSpecification","valueRequired":true,"valueName":"search_term_string"}}],"inLanguage":"fr-FR"},{"@type":"Organization","@id":"https:\/\/www.bellunopress.it\/#organization","name":"Bellunopress","url":"https:\/\/www.bellunopress.it\/","logo":{"@type":"ImageObject","inLanguage":"fr-FR","@id":"https:\/\/www.bellunopress.it\/#\/schema\/logo\/image\/","url":"https:\/\/www.bellunopress.it\/wp-content\/uploads\/2011\/05\/cropped-logo-bellunopress-.jpg","contentUrl":"https:\/\/www.bellunopress.it\/wp-content\/uploads\/2011\/05\/cropped-logo-bellunopress-.jpg","width":512,"height":512,"caption":"Bellunopress"},"image":{"@id":"https:\/\/www.bellunopress.it\/#\/schema\/logo\/image\/"},"sameAs":["https:\/\/www.facebook.com\/profile.php?id=100008943462799","https:\/\/x.com\/bellunopress","https:\/\/www.linkedin.com\/hp\/?dnr=JBzUWaJfMUw8vbXJJ2tVW5-I3jZKvC4wsoxE&amp;amp;amp;amp;amp;amp;trk=nav_responsive_tab_home","https:\/\/www.youtube.com\/channel\/UCxL0wu1uN0_3_7hGG0306cw"]},{"@type":"Person","@id":"https:\/\/www.bellunopress.it\/#\/schema\/person\/79bb06722b37ece1c03d3e94beb30d73","name":"r\u00e9daction","image":{"@type":"ImageObject","inLanguage":"fr-FR","@id":"https:\/\/secure.gravatar.com\/avatar\/37d968a2e67a6fd04c169c4bdef102d0bc5d31b2546345219e348575eb80e9a0?s=96&d=mm&r=g","url":"https:\/\/secure.gravatar.com\/avatar\/37d968a2e67a6fd04c169c4bdef102d0bc5d31b2546345219e348575eb80e9a0?s=96&d=mm&r=g","contentUrl":"https:\/\/secure.gravatar.com\/avatar\/37d968a2e67a6fd04c169c4bdef102d0bc5d31b2546345219e348575eb80e9a0?s=96&d=mm&r=g","caption":"redazione"},"sameAs":["http:\/\/www.bellunopress.it","https:\/\/x.com\/bellunopress"],"url":"https:\/\/www.bellunopress.it\/fr\/author\/redazione\/"}]}},"_links":{"self":[{"href":"https:\/\/www.bellunopress.it\/fr\/wp-json\/wp\/v2\/posts\/21364","targetHints":{"allow":["GET"]}}],"collection":[{"href":"https:\/\/www.bellunopress.it\/fr\/wp-json\/wp\/v2\/posts"}],"about":[{"href":"https:\/\/www.bellunopress.it\/fr\/wp-json\/wp\/v2\/types\/post"}],"author":[{"embeddable":true,"href":"https:\/\/www.bellunopress.it\/fr\/wp-json\/wp\/v2\/users\/2"}],"replies":[{"embeddable":true,"href":"https:\/\/www.bellunopress.it\/fr\/wp-json\/wp\/v2\/comments?post=21364"}],"version-history":[{"count":1,"href":"https:\/\/www.bellunopress.it\/fr\/wp-json\/wp\/v2\/posts\/21364\/revisions"}],"predecessor-version":[{"id":21366,"href":"https:\/\/www.bellunopress.it\/fr\/wp-json\/wp\/v2\/posts\/21364\/revisions\/21366"}],"wp:attachment":[{"href":"https:\/\/www.bellunopress.it\/fr\/wp-json\/wp\/v2\/media?parent=21364"}],"wp:term":[{"taxonomy":"category","embeddable":true,"href":"https:\/\/www.bellunopress.it\/fr\/wp-json\/wp\/v2\/categories?post=21364"},{"taxonomy":"post_tag","embeddable":true,"href":"https:\/\/www.bellunopress.it\/fr\/wp-json\/wp\/v2\/tags?post=21364"}],"curies":[{"name":"wp","href":"https:\/\/api.w.org\/{rel}","templated":true}]}}