{"id":21360,"date":"2010-11-19T22:26:10","date_gmt":"2010-11-19T21:26:10","guid":{"rendered":"http:\/\/www.bellunopress.it\/?p=21360"},"modified":"2010-11-19T22:26:10","modified_gmt":"2010-11-19T21:26:10","slug":"tossicodipendenti-sempre-piu-giovani-la-regione-studia-la-riforma-delle-comunita-terapeutiche","status":"publish","type":"post","link":"https:\/\/www.bellunopress.it\/fr\/2010\/11\/19\/tossicodipendenti-sempre-piu-giovani-la-regione-studia-la-riforma-delle-comunita-terapeutiche\/","title":{"rendered":"Tossicodipendenti sempre pi\u00f9 giovani. La Regione studia la riforma delle comunit\u00e0 terapeutiche"},"content":{"rendered":"<p><a href=\"http:\/\/www.bellunopress.it\/wp-content\/uploads\/2009\/12\/droga.jpg\"><img loading=\"lazy\" decoding=\"async\" class=\"alignleft size-medium wp-image-11089\" title=\"droga\" src=\"http:\/\/www.bellunopress.it\/wp-content\/uploads\/2009\/12\/droga.jpg\" alt=\"\" width=\"130\" height=\"130\" \/><\/a>\u201cNel solo vicentino abbiamo cinque comunit\u00e0 terapeutiche per tossicodipendenti, e il 17 per cento degli utenti che vanno fuori regione: \u00e8 evidente che qualcosa non va nell\u2019offerta\u201d. Non usa mezzi termini l\u2019assessore ai Servizi sociali Remo Sernagiotto che stamani, intervenendo alla Conferenza della Salute organizzata dalla Ulss 3 di Bassano del Grappa, ha annunciato per il nuovo anno una riforma delle comunit\u00e0 terapeutiche per i tossicodipendenti.\u00a0\u201cIl dato di partenza &#8211; spiega Sernagiotto &#8211; \u00e8 che nonostante il Veneto abbia un\u2019offerta articolata e composita ci sono molti utenti che preferiscono andare altrove. E\u2019 evidente che la domanda non incontra l\u2019offerta di cui avrebbe bisogno, va quindi razionalizzata la distribuzione geografica delle Comunit\u00e0. In particolare, studiando la situazione, abbiamo visto che sono le cosiddette \u201cfasce estreme\u201d quelle che hanno un maggior bisogno di attenzione: i giovani e i tossicodipendenti cronici\u201d.<\/p>\n<p>I minori e gli adolescenti con problemi di dipendenza negli ultimi tempi stanno aumentando sensibilmente: tra il 2007 e il 2009 si sono rivolti per la prima volta al Sert oltre 1.400 minorenni, e tra questi 28 erano adolescenti con meno di 15 anni. Il numero totale dei giovani con meno di 19 anni assistiti dal Sert \u00e8 passato dai 617 del 2007 (437 maschi e 180 femmine) ai 775 del 2008 (545 maschi e 230 femmine), fino ai 779 dello scorso anno (549 maschi e 230 femmine). \u201cE\u2019 chiaro &#8211; afferma Sernagiotto &#8211; che per questi ragazzi vanno studiate risposte specifiche, che possano consentire un pieno recupero, completamente diverse da quelle dell\u2019altra fascia estrema, le persone che hanno una lunga storia di tossicodipendenza, con numerosi percorsi terapeutici alle spalle e scarse risorse personali e sociali, per le quali dovremo pensare a strutture riabilitative ma anche di sostegno\u201d.\u00a0\u201cLa riforma \u00a0&#8211; prosegue l\u2019assessore ai Servizi Sociali &#8211; punter\u00e0 a sostenere e a valorizzare le esperienze di eccellenza nel settore. A questa rivisitazione procederemo nei primi 6\/8 mesi del 2011. Parallelamente riorganizzeremo dipartimenti per le Dipendenze, dipartimenti funzionali che assolvono il delicato compito di \u201cregolatori\u201d del sistema, coniugando bisogni dei pazienti, risorse del territorio, servizi pubblici e privati, garantendo una piena realizzazione della mission nell\u2019ambito delle tossicodipendenze, ossia la prevenzione, la cura e la riabilitazione\u201d.\u00a0Il sistema veneto per le dipendenze si articola in 21 dipartimenti, 38 Ser.T (servizi per le tossicodipendenze); 5 comunit\u00e0 terapeutiche pubbliche; 31 enti ausiliari (servizi socio sanitari privati) con oltre 65 sedi operative; oltre 600 gruppi di auto aiuto (soprattutto nel settore dell\u2019alcolismo) e pi\u00f9 di 60 associazioni di volontariato attive.<\/p>\n<div><\/div>","protected":false},"excerpt":{"rendered":"<p>\u201cNel solo vicentino abbiamo cinque comunit\u00e0 terapeutiche per tossicodipendenti, e il 17 per cento degli utenti che vanno fuori regione: \u00e8 evidente che qualcosa non va nell\u2019offerta\u201d. Non usa mezzi termini l\u2019assessore ai Servizi sociali Remo Sernagiotto che stamani, intervenendo alla Conferenza della Salute organizzata dalla Ulss 3 di Bassano del Grappa, ha annunciato per [&hellip;]<\/p>\n","protected":false},"author":2,"featured_media":0,"comment_status":"closed","ping_status":"open","sticky":false,"template":"","format":"standard","meta":{"footnotes":""},"categories":[5,26,8],"tags":[139],"class_list":["post-21360","post","type-post","status-publish","format-standard","category-cronaca","category-prima-pagina","category-societa-istituzioni","tag-belluno"],"yoast_head":"<!-- This site is optimized with the Yoast SEO plugin v28.4 - https:\/\/yoast.com\/product\/yoast-seo-wordpress\/ -->\n<title>Tossicodipendenti sempre pi\u00f9 giovani. La Regione studia la riforma delle comunit\u00e0 terapeutiche - Bellunopress - Dolomiti<\/title>\n<meta name=\"robots\" content=\"index, follow, max-snippet:-1, max-image-preview:large, max-video-preview:-1\" \/>\n<link rel=\"canonical\" href=\"https:\/\/www.bellunopress.it\/fr\/2010\/11\/19\/tossicodipendenti-sempre-piu-giovani-la-regione-studia-la-riforma-delle-comunita-terapeutiche\/\" \/>\n<meta property=\"og:locale\" content=\"fr_FR\" \/>\n<meta property=\"og:type\" content=\"article\" \/>\n<meta property=\"og:title\" content=\"Tossicodipendenti sempre pi\u00f9 giovani. La Regione studia la riforma delle comunit\u00e0 terapeutiche - Bellunopress - Dolomiti\" \/>\n<meta property=\"og:description\" content=\"\u201cNel solo vicentino abbiamo cinque comunit\u00e0 terapeutiche per tossicodipendenti, e il 17 per cento degli utenti che vanno fuori regione: \u00e8 evidente che qualcosa non va nell\u2019offerta\u201d. Non usa mezzi termini l\u2019assessore ai Servizi sociali Remo Sernagiotto che stamani, intervenendo alla Conferenza della Salute organizzata dalla Ulss 3 di Bassano del Grappa, ha annunciato per [&hellip;]\" \/>\n<meta property=\"og:url\" content=\"https:\/\/www.bellunopress.it\/fr\/2010\/11\/19\/tossicodipendenti-sempre-piu-giovani-la-regione-studia-la-riforma-delle-comunita-terapeutiche\/\" \/>\n<meta property=\"og:site_name\" content=\"Bellunopress - Dolomiti\" \/>\n<meta property=\"article:publisher\" content=\"https:\/\/www.facebook.com\/profile.php?id=100008943462799\" \/>\n<meta property=\"article:published_time\" content=\"2010-11-19T21:26:10+00:00\" \/>\n<meta property=\"og:image\" content=\"http:\/\/www.bellunopress.it\/wp-content\/uploads\/2009\/12\/droga.jpg\" \/>\n<meta name=\"author\" content=\"redazione\" \/>\n<meta name=\"twitter:card\" content=\"summary_large_image\" \/>\n<meta name=\"twitter:creator\" content=\"@bellunopress\" \/>\n<meta name=\"twitter:site\" content=\"@bellunopress\" \/>\n<meta name=\"twitter:label1\" content=\"\u00c9crit par\" \/>\n\t<meta name=\"twitter:data1\" content=\"redazione\" \/>\n\t<meta name=\"twitter:label2\" content=\"Dur\u00e9e de lecture estim\u00e9e\" \/>\n\t<meta name=\"twitter:data2\" content=\"2 minutes\" \/>\n<script type=\"application\/ld+json\" class=\"yoast-schema-graph\">{\"@context\":\"https:\\\/\\\/schema.org\",\"@graph\":[{\"@type\":\"Article\",\"@id\":\"https:\\\/\\\/www.bellunopress.it\\\/2010\\\/11\\\/19\\\/tossicodipendenti-sempre-piu-giovani-la-regione-studia-la-riforma-delle-comunita-terapeutiche\\\/#article\",\"isPartOf\":{\"@id\":\"https:\\\/\\\/www.bellunopress.it\\\/2010\\\/11\\\/19\\\/tossicodipendenti-sempre-piu-giovani-la-regione-studia-la-riforma-delle-comunita-terapeutiche\\\/\"},\"author\":{\"name\":\"redazione\",\"@id\":\"https:\\\/\\\/www.bellunopress.it\\\/#\\\/schema\\\/person\\\/79bb06722b37ece1c03d3e94beb30d73\"},\"headline\":\"Tossicodipendenti sempre pi\u00f9 giovani. La Regione studia la riforma delle comunit\u00e0 terapeutiche\",\"datePublished\":\"2010-11-19T21:26:10+00:00\",\"mainEntityOfPage\":{\"@id\":\"https:\\\/\\\/www.bellunopress.it\\\/2010\\\/11\\\/19\\\/tossicodipendenti-sempre-piu-giovani-la-regione-studia-la-riforma-delle-comunita-terapeutiche\\\/\"},\"wordCount\":404,\"publisher\":{\"@id\":\"https:\\\/\\\/www.bellunopress.it\\\/#organization\"},\"image\":{\"@id\":\"https:\\\/\\\/www.bellunopress.it\\\/2010\\\/11\\\/19\\\/tossicodipendenti-sempre-piu-giovani-la-regione-studia-la-riforma-delle-comunita-terapeutiche\\\/#primaryimage\"},\"thumbnailUrl\":\"http:\\\/\\\/www.bellunopress.it\\\/wp-content\\\/uploads\\\/2009\\\/12\\\/droga.jpg\",\"keywords\":[\"Belluno\"],\"articleSection\":[\"Cronaca\\\/Politica\",\"Prima Pagina\",\"Societ\u00e0, Associazioni, Istituzioni\"],\"inLanguage\":\"fr-FR\"},{\"@type\":\"WebPage\",\"@id\":\"https:\\\/\\\/www.bellunopress.it\\\/2010\\\/11\\\/19\\\/tossicodipendenti-sempre-piu-giovani-la-regione-studia-la-riforma-delle-comunita-terapeutiche\\\/\",\"url\":\"https:\\\/\\\/www.bellunopress.it\\\/2010\\\/11\\\/19\\\/tossicodipendenti-sempre-piu-giovani-la-regione-studia-la-riforma-delle-comunita-terapeutiche\\\/\",\"name\":\"Tossicodipendenti sempre pi\u00f9 giovani. La Regione studia la riforma delle comunit\u00e0 terapeutiche - Bellunopress - Dolomiti\",\"isPartOf\":{\"@id\":\"https:\\\/\\\/www.bellunopress.it\\\/#website\"},\"primaryImageOfPage\":{\"@id\":\"https:\\\/\\\/www.bellunopress.it\\\/2010\\\/11\\\/19\\\/tossicodipendenti-sempre-piu-giovani-la-regione-studia-la-riforma-delle-comunita-terapeutiche\\\/#primaryimage\"},\"image\":{\"@id\":\"https:\\\/\\\/www.bellunopress.it\\\/2010\\\/11\\\/19\\\/tossicodipendenti-sempre-piu-giovani-la-regione-studia-la-riforma-delle-comunita-terapeutiche\\\/#primaryimage\"},\"thumbnailUrl\":\"http:\\\/\\\/www.bellunopress.it\\\/wp-content\\\/uploads\\\/2009\\\/12\\\/droga.jpg\",\"datePublished\":\"2010-11-19T21:26:10+00:00\",\"breadcrumb\":{\"@id\":\"https:\\\/\\\/www.bellunopress.it\\\/2010\\\/11\\\/19\\\/tossicodipendenti-sempre-piu-giovani-la-regione-studia-la-riforma-delle-comunita-terapeutiche\\\/#breadcrumb\"},\"inLanguage\":\"fr-FR\",\"potentialAction\":[{\"@type\":\"ReadAction\",\"target\":[\"https:\\\/\\\/www.bellunopress.it\\\/2010\\\/11\\\/19\\\/tossicodipendenti-sempre-piu-giovani-la-regione-studia-la-riforma-delle-comunita-terapeutiche\\\/\"]}]},{\"@type\":\"ImageObject\",\"inLanguage\":\"fr-FR\",\"@id\":\"https:\\\/\\\/www.bellunopress.it\\\/2010\\\/11\\\/19\\\/tossicodipendenti-sempre-piu-giovani-la-regione-studia-la-riforma-delle-comunita-terapeutiche\\\/#primaryimage\",\"url\":\"http:\\\/\\\/www.bellunopress.it\\\/wp-content\\\/uploads\\\/2009\\\/12\\\/droga.jpg\",\"contentUrl\":\"http:\\\/\\\/www.bellunopress.it\\\/wp-content\\\/uploads\\\/2009\\\/12\\\/droga.jpg\"},{\"@type\":\"BreadcrumbList\",\"@id\":\"https:\\\/\\\/www.bellunopress.it\\\/2010\\\/11\\\/19\\\/tossicodipendenti-sempre-piu-giovani-la-regione-studia-la-riforma-delle-comunita-terapeutiche\\\/#breadcrumb\",\"itemListElement\":[{\"@type\":\"ListItem\",\"position\":1,\"name\":\"Home\",\"item\":\"https:\\\/\\\/www.bellunopress.it\\\/\"},{\"@type\":\"ListItem\",\"position\":2,\"name\":\"Tossicodipendenti sempre pi\u00f9 giovani. La Regione studia la riforma delle comunit\u00e0 terapeutiche\"}]},{\"@type\":\"WebSite\",\"@id\":\"https:\\\/\\\/www.bellunopress.it\\\/#website\",\"url\":\"https:\\\/\\\/www.bellunopress.it\\\/\",\"name\":\"Bellunopress - Dolomiti\",\"description\":\"e-mail: redazione@bellunopress.it\",\"publisher\":{\"@id\":\"https:\\\/\\\/www.bellunopress.it\\\/#organization\"},\"potentialAction\":[{\"@type\":\"SearchAction\",\"target\":{\"@type\":\"EntryPoint\",\"urlTemplate\":\"https:\\\/\\\/www.bellunopress.it\\\/?s={search_term_string}\"},\"query-input\":{\"@type\":\"PropertyValueSpecification\",\"valueRequired\":true,\"valueName\":\"search_term_string\"}}],\"inLanguage\":\"fr-FR\"},{\"@type\":\"Organization\",\"@id\":\"https:\\\/\\\/www.bellunopress.it\\\/#organization\",\"name\":\"Bellunopress\",\"url\":\"https:\\\/\\\/www.bellunopress.it\\\/\",\"logo\":{\"@type\":\"ImageObject\",\"inLanguage\":\"fr-FR\",\"@id\":\"https:\\\/\\\/www.bellunopress.it\\\/#\\\/schema\\\/logo\\\/image\\\/\",\"url\":\"https:\\\/\\\/www.bellunopress.it\\\/wp-content\\\/uploads\\\/2011\\\/05\\\/cropped-logo-bellunopress-.jpg\",\"contentUrl\":\"https:\\\/\\\/www.bellunopress.it\\\/wp-content\\\/uploads\\\/2011\\\/05\\\/cropped-logo-bellunopress-.jpg\",\"width\":512,\"height\":512,\"caption\":\"Bellunopress\"},\"image\":{\"@id\":\"https:\\\/\\\/www.bellunopress.it\\\/#\\\/schema\\\/logo\\\/image\\\/\"},\"sameAs\":[\"https:\\\/\\\/www.facebook.com\\\/profile.php?id=100008943462799\",\"https:\\\/\\\/x.com\\\/bellunopress\",\"https:\\\/\\\/www.linkedin.com\\\/hp\\\/?dnr=JBzUWaJfMUw8vbXJJ2tVW5-I3jZKvC4wsoxE&amp;amp;amp;amp;amp;amp;trk=nav_responsive_tab_home\",\"https:\\\/\\\/www.youtube.com\\\/channel\\\/UCxL0wu1uN0_3_7hGG0306cw\"]},{\"@type\":\"Person\",\"@id\":\"https:\\\/\\\/www.bellunopress.it\\\/#\\\/schema\\\/person\\\/79bb06722b37ece1c03d3e94beb30d73\",\"name\":\"redazione\",\"image\":{\"@type\":\"ImageObject\",\"inLanguage\":\"fr-FR\",\"@id\":\"https:\\\/\\\/secure.gravatar.com\\\/avatar\\\/37d968a2e67a6fd04c169c4bdef102d0bc5d31b2546345219e348575eb80e9a0?s=96&d=mm&r=g\",\"url\":\"https:\\\/\\\/secure.gravatar.com\\\/avatar\\\/37d968a2e67a6fd04c169c4bdef102d0bc5d31b2546345219e348575eb80e9a0?s=96&d=mm&r=g\",\"contentUrl\":\"https:\\\/\\\/secure.gravatar.com\\\/avatar\\\/37d968a2e67a6fd04c169c4bdef102d0bc5d31b2546345219e348575eb80e9a0?s=96&d=mm&r=g\",\"caption\":\"redazione\"},\"sameAs\":[\"http:\\\/\\\/www.bellunopress.it\",\"https:\\\/\\\/x.com\\\/bellunopress\"],\"url\":\"https:\\\/\\\/www.bellunopress.it\\\/fr\\\/author\\\/redazione\\\/\"}]}<\/script>\n<!-- \/ Yoast SEO plugin. -->","yoast_head_json":{"title":"Tossicodipendenti sempre pi\u00f9 giovani. La Regione studia la riforma delle comunit\u00e0 terapeutiche - Bellunopress - Dolomiti","robots":{"index":"index","follow":"follow","max-snippet":"max-snippet:-1","max-image-preview":"max-image-preview:large","max-video-preview":"max-video-preview:-1"},"canonical":"https:\/\/www.bellunopress.it\/fr\/2010\/11\/19\/tossicodipendenti-sempre-piu-giovani-la-regione-studia-la-riforma-delle-comunita-terapeutiche\/","og_locale":"fr_FR","og_type":"article","og_title":"Tossicodipendenti sempre pi\u00f9 giovani. La Regione studia la riforma delle comunit\u00e0 terapeutiche - Bellunopress - Dolomiti","og_description":"\u201cNel solo vicentino abbiamo cinque comunit\u00e0 terapeutiche per tossicodipendenti, e il 17 per cento degli utenti che vanno fuori regione: \u00e8 evidente che qualcosa non va nell\u2019offerta\u201d. Non usa mezzi termini l\u2019assessore ai Servizi sociali Remo Sernagiotto che stamani, intervenendo alla Conferenza della Salute organizzata dalla Ulss 3 di Bassano del Grappa, ha annunciato per [&hellip;]","og_url":"https:\/\/www.bellunopress.it\/fr\/2010\/11\/19\/tossicodipendenti-sempre-piu-giovani-la-regione-studia-la-riforma-delle-comunita-terapeutiche\/","og_site_name":"Bellunopress - Dolomiti","article_publisher":"https:\/\/www.facebook.com\/profile.php?id=100008943462799","article_published_time":"2010-11-19T21:26:10+00:00","og_image":[{"url":"http:\/\/www.bellunopress.it\/wp-content\/uploads\/2009\/12\/droga.jpg","type":"","width":"","height":""}],"author":"redazione","twitter_card":"summary_large_image","twitter_creator":"@bellunopress","twitter_site":"@bellunopress","twitter_misc":{"\u00c9crit par":"redazione","Dur\u00e9e de lecture estim\u00e9e":"2 minutes"},"schema":{"@context":"https:\/\/schema.org","@graph":[{"@type":"Article","@id":"https:\/\/www.bellunopress.it\/2010\/11\/19\/tossicodipendenti-sempre-piu-giovani-la-regione-studia-la-riforma-delle-comunita-terapeutiche\/#article","isPartOf":{"@id":"https:\/\/www.bellunopress.it\/2010\/11\/19\/tossicodipendenti-sempre-piu-giovani-la-regione-studia-la-riforma-delle-comunita-terapeutiche\/"},"author":{"name":"redazione","@id":"https:\/\/www.bellunopress.it\/#\/schema\/person\/79bb06722b37ece1c03d3e94beb30d73"},"headline":"Tossicodipendenti sempre pi\u00f9 giovani. La Regione studia la riforma delle comunit\u00e0 terapeutiche","datePublished":"2010-11-19T21:26:10+00:00","mainEntityOfPage":{"@id":"https:\/\/www.bellunopress.it\/2010\/11\/19\/tossicodipendenti-sempre-piu-giovani-la-regione-studia-la-riforma-delle-comunita-terapeutiche\/"},"wordCount":404,"publisher":{"@id":"https:\/\/www.bellunopress.it\/#organization"},"image":{"@id":"https:\/\/www.bellunopress.it\/2010\/11\/19\/tossicodipendenti-sempre-piu-giovani-la-regione-studia-la-riforma-delle-comunita-terapeutiche\/#primaryimage"},"thumbnailUrl":"http:\/\/www.bellunopress.it\/wp-content\/uploads\/2009\/12\/droga.jpg","keywords":["Belluno"],"articleSection":["Cronaca\/Politica","Prima Pagina","Societ\u00e0, Associazioni, Istituzioni"],"inLanguage":"fr-FR"},{"@type":"WebPage","@id":"https:\/\/www.bellunopress.it\/2010\/11\/19\/tossicodipendenti-sempre-piu-giovani-la-regione-studia-la-riforma-delle-comunita-terapeutiche\/","url":"https:\/\/www.bellunopress.it\/2010\/11\/19\/tossicodipendenti-sempre-piu-giovani-la-regione-studia-la-riforma-delle-comunita-terapeutiche\/","name":"Tossicodipendenti sempre pi\u00f9 giovani. La Regione studia la riforma delle comunit\u00e0 terapeutiche - Bellunopress - Dolomiti","isPartOf":{"@id":"https:\/\/www.bellunopress.it\/#website"},"primaryImageOfPage":{"@id":"https:\/\/www.bellunopress.it\/2010\/11\/19\/tossicodipendenti-sempre-piu-giovani-la-regione-studia-la-riforma-delle-comunita-terapeutiche\/#primaryimage"},"image":{"@id":"https:\/\/www.bellunopress.it\/2010\/11\/19\/tossicodipendenti-sempre-piu-giovani-la-regione-studia-la-riforma-delle-comunita-terapeutiche\/#primaryimage"},"thumbnailUrl":"http:\/\/www.bellunopress.it\/wp-content\/uploads\/2009\/12\/droga.jpg","datePublished":"2010-11-19T21:26:10+00:00","breadcrumb":{"@id":"https:\/\/www.bellunopress.it\/2010\/11\/19\/tossicodipendenti-sempre-piu-giovani-la-regione-studia-la-riforma-delle-comunita-terapeutiche\/#breadcrumb"},"inLanguage":"fr-FR","potentialAction":[{"@type":"ReadAction","target":["https:\/\/www.bellunopress.it\/2010\/11\/19\/tossicodipendenti-sempre-piu-giovani-la-regione-studia-la-riforma-delle-comunita-terapeutiche\/"]}]},{"@type":"ImageObject","inLanguage":"fr-FR","@id":"https:\/\/www.bellunopress.it\/2010\/11\/19\/tossicodipendenti-sempre-piu-giovani-la-regione-studia-la-riforma-delle-comunita-terapeutiche\/#primaryimage","url":"http:\/\/www.bellunopress.it\/wp-content\/uploads\/2009\/12\/droga.jpg","contentUrl":"http:\/\/www.bellunopress.it\/wp-content\/uploads\/2009\/12\/droga.jpg"},{"@type":"BreadcrumbList","@id":"https:\/\/www.bellunopress.it\/2010\/11\/19\/tossicodipendenti-sempre-piu-giovani-la-regione-studia-la-riforma-delle-comunita-terapeutiche\/#breadcrumb","itemListElement":[{"@type":"ListItem","position":1,"name":"Home","item":"https:\/\/www.bellunopress.it\/"},{"@type":"ListItem","position":2,"name":"Tossicodipendenti sempre pi\u00f9 giovani. La Regione studia la riforma delle comunit\u00e0 terapeutiche"}]},{"@type":"WebSite","@id":"https:\/\/www.bellunopress.it\/#website","url":"https:\/\/www.bellunopress.it\/","name":"Bellunopress - Dolomiti","description":"e-mail: redazione@bellunopress.it","publisher":{"@id":"https:\/\/www.bellunopress.it\/#organization"},"potentialAction":[{"@type":"SearchAction","target":{"@type":"EntryPoint","urlTemplate":"https:\/\/www.bellunopress.it\/?s={search_term_string}"},"query-input":{"@type":"PropertyValueSpecification","valueRequired":true,"valueName":"search_term_string"}}],"inLanguage":"fr-FR"},{"@type":"Organization","@id":"https:\/\/www.bellunopress.it\/#organization","name":"Bellunopress","url":"https:\/\/www.bellunopress.it\/","logo":{"@type":"ImageObject","inLanguage":"fr-FR","@id":"https:\/\/www.bellunopress.it\/#\/schema\/logo\/image\/","url":"https:\/\/www.bellunopress.it\/wp-content\/uploads\/2011\/05\/cropped-logo-bellunopress-.jpg","contentUrl":"https:\/\/www.bellunopress.it\/wp-content\/uploads\/2011\/05\/cropped-logo-bellunopress-.jpg","width":512,"height":512,"caption":"Bellunopress"},"image":{"@id":"https:\/\/www.bellunopress.it\/#\/schema\/logo\/image\/"},"sameAs":["https:\/\/www.facebook.com\/profile.php?id=100008943462799","https:\/\/x.com\/bellunopress","https:\/\/www.linkedin.com\/hp\/?dnr=JBzUWaJfMUw8vbXJJ2tVW5-I3jZKvC4wsoxE&amp;amp;amp;amp;amp;amp;trk=nav_responsive_tab_home","https:\/\/www.youtube.com\/channel\/UCxL0wu1uN0_3_7hGG0306cw"]},{"@type":"Person","@id":"https:\/\/www.bellunopress.it\/#\/schema\/person\/79bb06722b37ece1c03d3e94beb30d73","name":"r\u00e9daction","image":{"@type":"ImageObject","inLanguage":"fr-FR","@id":"https:\/\/secure.gravatar.com\/avatar\/37d968a2e67a6fd04c169c4bdef102d0bc5d31b2546345219e348575eb80e9a0?s=96&d=mm&r=g","url":"https:\/\/secure.gravatar.com\/avatar\/37d968a2e67a6fd04c169c4bdef102d0bc5d31b2546345219e348575eb80e9a0?s=96&d=mm&r=g","contentUrl":"https:\/\/secure.gravatar.com\/avatar\/37d968a2e67a6fd04c169c4bdef102d0bc5d31b2546345219e348575eb80e9a0?s=96&d=mm&r=g","caption":"redazione"},"sameAs":["http:\/\/www.bellunopress.it","https:\/\/x.com\/bellunopress"],"url":"https:\/\/www.bellunopress.it\/fr\/author\/redazione\/"}]}},"_links":{"self":[{"href":"https:\/\/www.bellunopress.it\/fr\/wp-json\/wp\/v2\/posts\/21360","targetHints":{"allow":["GET"]}}],"collection":[{"href":"https:\/\/www.bellunopress.it\/fr\/wp-json\/wp\/v2\/posts"}],"about":[{"href":"https:\/\/www.bellunopress.it\/fr\/wp-json\/wp\/v2\/types\/post"}],"author":[{"embeddable":true,"href":"https:\/\/www.bellunopress.it\/fr\/wp-json\/wp\/v2\/users\/2"}],"replies":[{"embeddable":true,"href":"https:\/\/www.bellunopress.it\/fr\/wp-json\/wp\/v2\/comments?post=21360"}],"version-history":[{"count":1,"href":"https:\/\/www.bellunopress.it\/fr\/wp-json\/wp\/v2\/posts\/21360\/revisions"}],"predecessor-version":[{"id":21361,"href":"https:\/\/www.bellunopress.it\/fr\/wp-json\/wp\/v2\/posts\/21360\/revisions\/21361"}],"wp:attachment":[{"href":"https:\/\/www.bellunopress.it\/fr\/wp-json\/wp\/v2\/media?parent=21360"}],"wp:term":[{"taxonomy":"category","embeddable":true,"href":"https:\/\/www.bellunopress.it\/fr\/wp-json\/wp\/v2\/categories?post=21360"},{"taxonomy":"post_tag","embeddable":true,"href":"https:\/\/www.bellunopress.it\/fr\/wp-json\/wp\/v2\/tags?post=21360"}],"curies":[{"name":"wp","href":"https:\/\/api.w.org\/{rel}","templated":true}]}}