{"id":21211,"date":"2010-11-20T17:16:24","date_gmt":"2010-11-20T16:16:24","guid":{"rendered":"http:\/\/www.bellunopress.it\/?p=21211"},"modified":"2010-11-16T17:18:08","modified_gmt":"2010-11-16T16:18:08","slug":"lunedi-alla-lattebusche-il-seminario-%e2%80%9clo-sviluppo-responsabile-e-sostenibile-dell%e2%80%99azienda-come-elemento-competitivo-e-di-crescita-del-territorio%e2%80%9d","status":"publish","type":"post","link":"https:\/\/www.bellunopress.it\/fr\/2010\/11\/20\/lunedi-alla-lattebusche-il-seminario-%e2%80%9clo-sviluppo-responsabile-e-sostenibile-dell%e2%80%99azienda-come-elemento-competitivo-e-di-crescita-del-territorio%e2%80%9d\/","title":{"rendered":"Luned\u00ec alla LatteBusche il seminario \u201cLo sviluppo responsabile e sostenibile dell\u2019azienda come elemento competitivo e di crescita del territorio\u201d"},"content":{"rendered":"<p>Luned\u00ec 22 novembre alle ore 14.30 presso l\u2019azienda Lattebusche a Busche (BL),\u00a0avr\u00e0 luogo il seminario \u201cLo sviluppo responsabile e sostenibile dell\u2019azienda come elemento competitivo e di crescita del territorio\u201d. L\u2019iniziativa \u00e8 organizzata da Regione e Unioncamere del Veneto in collaborazione con la Camera di Commercio di Belluno nell\u2019ambito del ciclo di formazione \u201cLa Responsabilit\u00e0 Sociale d\u2019Impresa nella gestione d\u2019azienda\u201d, rivolto a imprenditori, responsabili risorse umane, salute e sicurezza, qualit\u00e0 \u2013 ambiente, amministrazione, marketing, comunicazione, direzione. L\u2019incontro avr\u00e0 quale relatore il prof. Alessandro di Paolo, docente all\u2019Universit\u00e0 di Padova e allo S.G. Marcianum di Venezia, esperto per lo sviluppo dell\u2019azienda e del territorio con etica e sostenibilit\u00e0 e intende offrire ai partecipanti una panoramica su alcuni degli aspetti pi\u00f9 attuali della Responsabilit\u00e0 Sociale d\u2019Impresa. Nel presente difficile momento economico, fare Responsabilit\u00e0 Sociale d\u2019Impresa pu\u00f2 essere una strategia che permea ogni aspetto dell\u2019impresa e che consente una maggiore sostenibilit\u00e0 e un vantaggio competitivo duraturo. I partecipanti hanno la possibilit\u00e0 di approfondire aspetti diversi e complementari della RSI che possono fare la differenza per la propria realt\u00e0, apprendendo come essi non siano un semplice mezzo per migliorare la propria immagine ma veri e propri strumenti strategici di sostenibilit\u00e0 e competitivit\u00e0. L\u2019incontro \u00e8 ospitato da Lattebusche che fornir\u00e0 una testimonianza diretta di gestione responsabile e sostenibile. La partecipazione ai seminari \u00e8 gratuita, previa iscrizione. Per ulteriori informazioni si invita a contattare la Camera di Commercio di Belluno \u2013 sportello CSR \u2013 tel. 0437 955128 email <a href=\"mailto:info@bl.camcom.it\">info@bl.camcom.it<\/a>.<\/p>","protected":false},"excerpt":{"rendered":"<p>Luned\u00ec 22 novembre alle ore 14.30 presso l\u2019azienda Lattebusche a Busche (BL),\u00a0avr\u00e0 luogo il seminario \u201cLo sviluppo responsabile e sostenibile dell\u2019azienda come elemento competitivo e di crescita del territorio\u201d. L\u2019iniziativa \u00e8 organizzata da Regione e Unioncamere del Veneto in collaborazione con la Camera di Commercio di Belluno nell\u2019ambito del ciclo di formazione \u201cLa Responsabilit\u00e0 Sociale [&hellip;]<\/p>\n","protected":false},"author":2,"featured_media":0,"comment_status":"closed","ping_status":"open","sticky":false,"template":"","format":"standard","meta":{"footnotes":""},"categories":[27,25],"tags":[139],"class_list":["post-21211","post","type-post","status-publish","format-standard","category-appuntamenti","category-pausa-caffe","tag-belluno"],"yoast_head":"<!-- This site is optimized with the Yoast SEO plugin v28.4 - https:\/\/yoast.com\/product\/yoast-seo-wordpress\/ -->\n<title>Luned\u00ec alla LatteBusche il seminario \u201cLo sviluppo responsabile e sostenibile dell\u2019azienda come elemento competitivo e di crescita del territorio\u201d - Bellunopress - Dolomiti<\/title>\n<meta name=\"robots\" content=\"index, follow, max-snippet:-1, max-image-preview:large, max-video-preview:-1\" \/>\n<link rel=\"canonical\" href=\"https:\/\/www.bellunopress.it\/fr\/2010\/11\/20\/lunedi-alla-lattebusche-il-seminario-\u201clo-sviluppo-responsabile-e-sostenibile-dell\u2019azienda-come-elemento-competitivo-e-di-crescita-del-territorio\u201d\/\" \/>\n<meta property=\"og:locale\" content=\"fr_FR\" \/>\n<meta property=\"og:type\" content=\"article\" \/>\n<meta property=\"og:title\" content=\"Luned\u00ec alla LatteBusche il seminario \u201cLo sviluppo responsabile e sostenibile dell\u2019azienda come elemento competitivo e di crescita del territorio\u201d - Bellunopress - Dolomiti\" \/>\n<meta property=\"og:description\" content=\"Luned\u00ec 22 novembre alle ore 14.30 presso l\u2019azienda Lattebusche a Busche (BL),\u00a0avr\u00e0 luogo il seminario \u201cLo sviluppo responsabile e sostenibile dell\u2019azienda come elemento competitivo e di crescita del territorio\u201d. L\u2019iniziativa \u00e8 organizzata da Regione e Unioncamere del Veneto in collaborazione con la Camera di Commercio di Belluno nell\u2019ambito del ciclo di formazione \u201cLa Responsabilit\u00e0 Sociale [&hellip;]\" \/>\n<meta property=\"og:url\" content=\"https:\/\/www.bellunopress.it\/fr\/2010\/11\/20\/lunedi-alla-lattebusche-il-seminario-\u201clo-sviluppo-responsabile-e-sostenibile-dell\u2019azienda-come-elemento-competitivo-e-di-crescita-del-territorio\u201d\/\" \/>\n<meta property=\"og:site_name\" content=\"Bellunopress - Dolomiti\" \/>\n<meta property=\"article:publisher\" content=\"https:\/\/www.facebook.com\/profile.php?id=100008943462799\" \/>\n<meta property=\"article:published_time\" content=\"2010-11-20T16:16:24+00:00\" \/>\n<meta property=\"og:image\" content=\"http:\/\/www.bellunopress.it\/wp-content\/uploads\/2012\/07\/logo-bellunopress-250x250-2012.jpg\" \/>\n<meta name=\"author\" content=\"redazione\" \/>\n<meta name=\"twitter:card\" content=\"summary_large_image\" \/>\n<meta name=\"twitter:creator\" content=\"@bellunopress\" \/>\n<meta name=\"twitter:site\" content=\"@bellunopress\" \/>\n<meta name=\"twitter:label1\" content=\"\u00c9crit par\" \/>\n\t<meta name=\"twitter:data1\" content=\"redazione\" \/>\n\t<meta name=\"twitter:label2\" content=\"Dur\u00e9e de lecture estim\u00e9e\" \/>\n\t<meta name=\"twitter:data2\" content=\"1 minute\" \/>\n<script type=\"application\/ld+json\" class=\"yoast-schema-graph\">{\"@context\":\"https:\\\/\\\/schema.org\",\"@graph\":[{\"@type\":\"Article\",\"@id\":\"https:\\\/\\\/www.bellunopress.it\\\/2010\\\/11\\\/20\\\/lunedi-alla-lattebusche-il-seminario-%e2%80%9clo-sviluppo-responsabile-e-sostenibile-dell%e2%80%99azienda-come-elemento-competitivo-e-di-crescita-del-territorio%e2%80%9d\\\/#article\",\"isPartOf\":{\"@id\":\"https:\\\/\\\/www.bellunopress.it\\\/2010\\\/11\\\/20\\\/lunedi-alla-lattebusche-il-seminario-%e2%80%9clo-sviluppo-responsabile-e-sostenibile-dell%e2%80%99azienda-come-elemento-competitivo-e-di-crescita-del-territorio%e2%80%9d\\\/\"},\"author\":{\"name\":\"redazione\",\"@id\":\"https:\\\/\\\/www.bellunopress.it\\\/#\\\/schema\\\/person\\\/79bb06722b37ece1c03d3e94beb30d73\"},\"headline\":\"Luned\u00ec alla LatteBusche il seminario \u201cLo sviluppo responsabile e sostenibile dell\u2019azienda come elemento competitivo e di crescita del territorio\u201d\",\"datePublished\":\"2010-11-20T16:16:24+00:00\",\"mainEntityOfPage\":{\"@id\":\"https:\\\/\\\/www.bellunopress.it\\\/2010\\\/11\\\/20\\\/lunedi-alla-lattebusche-il-seminario-%e2%80%9clo-sviluppo-responsabile-e-sostenibile-dell%e2%80%99azienda-come-elemento-competitivo-e-di-crescita-del-territorio%e2%80%9d\\\/\"},\"wordCount\":270,\"publisher\":{\"@id\":\"https:\\\/\\\/www.bellunopress.it\\\/#organization\"},\"keywords\":[\"Belluno\"],\"articleSection\":[\"Appuntamenti, Eventi\",\"Pausa Caff\u00e8\"],\"inLanguage\":\"fr-FR\"},{\"@type\":\"WebPage\",\"@id\":\"https:\\\/\\\/www.bellunopress.it\\\/2010\\\/11\\\/20\\\/lunedi-alla-lattebusche-il-seminario-%e2%80%9clo-sviluppo-responsabile-e-sostenibile-dell%e2%80%99azienda-come-elemento-competitivo-e-di-crescita-del-territorio%e2%80%9d\\\/\",\"url\":\"https:\\\/\\\/www.bellunopress.it\\\/2010\\\/11\\\/20\\\/lunedi-alla-lattebusche-il-seminario-%e2%80%9clo-sviluppo-responsabile-e-sostenibile-dell%e2%80%99azienda-come-elemento-competitivo-e-di-crescita-del-territorio%e2%80%9d\\\/\",\"name\":\"Luned\u00ec alla LatteBusche il seminario \u201cLo sviluppo responsabile e sostenibile dell\u2019azienda come elemento competitivo e di crescita del territorio\u201d - Bellunopress - Dolomiti\",\"isPartOf\":{\"@id\":\"https:\\\/\\\/www.bellunopress.it\\\/#website\"},\"datePublished\":\"2010-11-20T16:16:24+00:00\",\"breadcrumb\":{\"@id\":\"https:\\\/\\\/www.bellunopress.it\\\/2010\\\/11\\\/20\\\/lunedi-alla-lattebusche-il-seminario-%e2%80%9clo-sviluppo-responsabile-e-sostenibile-dell%e2%80%99azienda-come-elemento-competitivo-e-di-crescita-del-territorio%e2%80%9d\\\/#breadcrumb\"},\"inLanguage\":\"fr-FR\",\"potentialAction\":[{\"@type\":\"ReadAction\",\"target\":[\"https:\\\/\\\/www.bellunopress.it\\\/2010\\\/11\\\/20\\\/lunedi-alla-lattebusche-il-seminario-%e2%80%9clo-sviluppo-responsabile-e-sostenibile-dell%e2%80%99azienda-come-elemento-competitivo-e-di-crescita-del-territorio%e2%80%9d\\\/\"]}]},{\"@type\":\"BreadcrumbList\",\"@id\":\"https:\\\/\\\/www.bellunopress.it\\\/2010\\\/11\\\/20\\\/lunedi-alla-lattebusche-il-seminario-%e2%80%9clo-sviluppo-responsabile-e-sostenibile-dell%e2%80%99azienda-come-elemento-competitivo-e-di-crescita-del-territorio%e2%80%9d\\\/#breadcrumb\",\"itemListElement\":[{\"@type\":\"ListItem\",\"position\":1,\"name\":\"Home\",\"item\":\"https:\\\/\\\/www.bellunopress.it\\\/\"},{\"@type\":\"ListItem\",\"position\":2,\"name\":\"Luned\u00ec alla LatteBusche il seminario \u201cLo sviluppo responsabile e sostenibile dell\u2019azienda come elemento competitivo e di crescita del territorio\u201d\"}]},{\"@type\":\"WebSite\",\"@id\":\"https:\\\/\\\/www.bellunopress.it\\\/#website\",\"url\":\"https:\\\/\\\/www.bellunopress.it\\\/\",\"name\":\"Bellunopress - Dolomiti\",\"description\":\"e-mail: redazione@bellunopress.it\",\"publisher\":{\"@id\":\"https:\\\/\\\/www.bellunopress.it\\\/#organization\"},\"potentialAction\":[{\"@type\":\"SearchAction\",\"target\":{\"@type\":\"EntryPoint\",\"urlTemplate\":\"https:\\\/\\\/www.bellunopress.it\\\/?s={search_term_string}\"},\"query-input\":{\"@type\":\"PropertyValueSpecification\",\"valueRequired\":true,\"valueName\":\"search_term_string\"}}],\"inLanguage\":\"fr-FR\"},{\"@type\":\"Organization\",\"@id\":\"https:\\\/\\\/www.bellunopress.it\\\/#organization\",\"name\":\"Bellunopress\",\"url\":\"https:\\\/\\\/www.bellunopress.it\\\/\",\"logo\":{\"@type\":\"ImageObject\",\"inLanguage\":\"fr-FR\",\"@id\":\"https:\\\/\\\/www.bellunopress.it\\\/#\\\/schema\\\/logo\\\/image\\\/\",\"url\":\"https:\\\/\\\/www.bellunopress.it\\\/wp-content\\\/uploads\\\/2011\\\/05\\\/cropped-logo-bellunopress-.jpg\",\"contentUrl\":\"https:\\\/\\\/www.bellunopress.it\\\/wp-content\\\/uploads\\\/2011\\\/05\\\/cropped-logo-bellunopress-.jpg\",\"width\":512,\"height\":512,\"caption\":\"Bellunopress\"},\"image\":{\"@id\":\"https:\\\/\\\/www.bellunopress.it\\\/#\\\/schema\\\/logo\\\/image\\\/\"},\"sameAs\":[\"https:\\\/\\\/www.facebook.com\\\/profile.php?id=100008943462799\",\"https:\\\/\\\/x.com\\\/bellunopress\",\"https:\\\/\\\/www.linkedin.com\\\/hp\\\/?dnr=JBzUWaJfMUw8vbXJJ2tVW5-I3jZKvC4wsoxE&amp;amp;amp;amp;amp;amp;trk=nav_responsive_tab_home\",\"https:\\\/\\\/www.youtube.com\\\/channel\\\/UCxL0wu1uN0_3_7hGG0306cw\"]},{\"@type\":\"Person\",\"@id\":\"https:\\\/\\\/www.bellunopress.it\\\/#\\\/schema\\\/person\\\/79bb06722b37ece1c03d3e94beb30d73\",\"name\":\"redazione\",\"image\":{\"@type\":\"ImageObject\",\"inLanguage\":\"fr-FR\",\"@id\":\"https:\\\/\\\/secure.gravatar.com\\\/avatar\\\/37d968a2e67a6fd04c169c4bdef102d0bc5d31b2546345219e348575eb80e9a0?s=96&d=mm&r=g\",\"url\":\"https:\\\/\\\/secure.gravatar.com\\\/avatar\\\/37d968a2e67a6fd04c169c4bdef102d0bc5d31b2546345219e348575eb80e9a0?s=96&d=mm&r=g\",\"contentUrl\":\"https:\\\/\\\/secure.gravatar.com\\\/avatar\\\/37d968a2e67a6fd04c169c4bdef102d0bc5d31b2546345219e348575eb80e9a0?s=96&d=mm&r=g\",\"caption\":\"redazione\"},\"sameAs\":[\"http:\\\/\\\/www.bellunopress.it\",\"https:\\\/\\\/x.com\\\/bellunopress\"],\"url\":\"https:\\\/\\\/www.bellunopress.it\\\/fr\\\/author\\\/redazione\\\/\"}]}<\/script>\n<!-- \/ Yoast SEO plugin. -->","yoast_head_json":{"title":"Luned\u00ec alla LatteBusche il seminario \u201cLo sviluppo responsabile e sostenibile dell\u2019azienda come elemento competitivo e di crescita del territorio\u201d - Bellunopress - Dolomiti","robots":{"index":"index","follow":"follow","max-snippet":"max-snippet:-1","max-image-preview":"max-image-preview:large","max-video-preview":"max-video-preview:-1"},"canonical":"https:\/\/www.bellunopress.it\/fr\/2010\/11\/20\/lunedi-alla-lattebusche-il-seminario-\u201clo-sviluppo-responsabile-e-sostenibile-dell\u2019azienda-come-elemento-competitivo-e-di-crescita-del-territorio\u201d\/","og_locale":"fr_FR","og_type":"article","og_title":"Luned\u00ec alla LatteBusche il seminario \u201cLo sviluppo responsabile e sostenibile dell\u2019azienda come elemento competitivo e di crescita del territorio\u201d - Bellunopress - Dolomiti","og_description":"Luned\u00ec 22 novembre alle ore 14.30 presso l\u2019azienda Lattebusche a Busche (BL),\u00a0avr\u00e0 luogo il seminario \u201cLo sviluppo responsabile e sostenibile dell\u2019azienda come elemento competitivo e di crescita del territorio\u201d. L\u2019iniziativa \u00e8 organizzata da Regione e Unioncamere del Veneto in collaborazione con la Camera di Commercio di Belluno nell\u2019ambito del ciclo di formazione \u201cLa Responsabilit\u00e0 Sociale [&hellip;]","og_url":"https:\/\/www.bellunopress.it\/fr\/2010\/11\/20\/lunedi-alla-lattebusche-il-seminario-\u201clo-sviluppo-responsabile-e-sostenibile-dell\u2019azienda-come-elemento-competitivo-e-di-crescita-del-territorio\u201d\/","og_site_name":"Bellunopress - Dolomiti","article_publisher":"https:\/\/www.facebook.com\/profile.php?id=100008943462799","article_published_time":"2010-11-20T16:16:24+00:00","og_image":[{"url":"http:\/\/www.bellunopress.it\/wp-content\/uploads\/2012\/07\/logo-bellunopress-250x250-2012.jpg","type":"","width":"","height":""}],"author":"redazione","twitter_card":"summary_large_image","twitter_creator":"@bellunopress","twitter_site":"@bellunopress","twitter_misc":{"\u00c9crit par":"redazione","Dur\u00e9e de lecture estim\u00e9e":"1 minute"},"schema":{"@context":"https:\/\/schema.org","@graph":[{"@type":"Article","@id":"https:\/\/www.bellunopress.it\/2010\/11\/20\/lunedi-alla-lattebusche-il-seminario-%e2%80%9clo-sviluppo-responsabile-e-sostenibile-dell%e2%80%99azienda-come-elemento-competitivo-e-di-crescita-del-territorio%e2%80%9d\/#article","isPartOf":{"@id":"https:\/\/www.bellunopress.it\/2010\/11\/20\/lunedi-alla-lattebusche-il-seminario-%e2%80%9clo-sviluppo-responsabile-e-sostenibile-dell%e2%80%99azienda-come-elemento-competitivo-e-di-crescita-del-territorio%e2%80%9d\/"},"author":{"name":"redazione","@id":"https:\/\/www.bellunopress.it\/#\/schema\/person\/79bb06722b37ece1c03d3e94beb30d73"},"headline":"Luned\u00ec alla LatteBusche il seminario \u201cLo sviluppo responsabile e sostenibile dell\u2019azienda come elemento competitivo e di crescita del territorio\u201d","datePublished":"2010-11-20T16:16:24+00:00","mainEntityOfPage":{"@id":"https:\/\/www.bellunopress.it\/2010\/11\/20\/lunedi-alla-lattebusche-il-seminario-%e2%80%9clo-sviluppo-responsabile-e-sostenibile-dell%e2%80%99azienda-come-elemento-competitivo-e-di-crescita-del-territorio%e2%80%9d\/"},"wordCount":270,"publisher":{"@id":"https:\/\/www.bellunopress.it\/#organization"},"keywords":["Belluno"],"articleSection":["Appuntamenti, Eventi","Pausa Caff\u00e8"],"inLanguage":"fr-FR"},{"@type":"WebPage","@id":"https:\/\/www.bellunopress.it\/2010\/11\/20\/lunedi-alla-lattebusche-il-seminario-%e2%80%9clo-sviluppo-responsabile-e-sostenibile-dell%e2%80%99azienda-come-elemento-competitivo-e-di-crescita-del-territorio%e2%80%9d\/","url":"https:\/\/www.bellunopress.it\/2010\/11\/20\/lunedi-alla-lattebusche-il-seminario-%e2%80%9clo-sviluppo-responsabile-e-sostenibile-dell%e2%80%99azienda-come-elemento-competitivo-e-di-crescita-del-territorio%e2%80%9d\/","name":"Luned\u00ec alla LatteBusche il seminario \u201cLo sviluppo responsabile e sostenibile dell\u2019azienda come elemento competitivo e di crescita del territorio\u201d - Bellunopress - Dolomiti","isPartOf":{"@id":"https:\/\/www.bellunopress.it\/#website"},"datePublished":"2010-11-20T16:16:24+00:00","breadcrumb":{"@id":"https:\/\/www.bellunopress.it\/2010\/11\/20\/lunedi-alla-lattebusche-il-seminario-%e2%80%9clo-sviluppo-responsabile-e-sostenibile-dell%e2%80%99azienda-come-elemento-competitivo-e-di-crescita-del-territorio%e2%80%9d\/#breadcrumb"},"inLanguage":"fr-FR","potentialAction":[{"@type":"ReadAction","target":["https:\/\/www.bellunopress.it\/2010\/11\/20\/lunedi-alla-lattebusche-il-seminario-%e2%80%9clo-sviluppo-responsabile-e-sostenibile-dell%e2%80%99azienda-come-elemento-competitivo-e-di-crescita-del-territorio%e2%80%9d\/"]}]},{"@type":"BreadcrumbList","@id":"https:\/\/www.bellunopress.it\/2010\/11\/20\/lunedi-alla-lattebusche-il-seminario-%e2%80%9clo-sviluppo-responsabile-e-sostenibile-dell%e2%80%99azienda-come-elemento-competitivo-e-di-crescita-del-territorio%e2%80%9d\/#breadcrumb","itemListElement":[{"@type":"ListItem","position":1,"name":"Home","item":"https:\/\/www.bellunopress.it\/"},{"@type":"ListItem","position":2,"name":"Luned\u00ec alla LatteBusche il seminario \u201cLo sviluppo responsabile e sostenibile dell\u2019azienda come elemento competitivo e di crescita del territorio\u201d"}]},{"@type":"WebSite","@id":"https:\/\/www.bellunopress.it\/#website","url":"https:\/\/www.bellunopress.it\/","name":"Bellunopress - Dolomiti","description":"e-mail: redazione@bellunopress.it","publisher":{"@id":"https:\/\/www.bellunopress.it\/#organization"},"potentialAction":[{"@type":"SearchAction","target":{"@type":"EntryPoint","urlTemplate":"https:\/\/www.bellunopress.it\/?s={search_term_string}"},"query-input":{"@type":"PropertyValueSpecification","valueRequired":true,"valueName":"search_term_string"}}],"inLanguage":"fr-FR"},{"@type":"Organization","@id":"https:\/\/www.bellunopress.it\/#organization","name":"Bellunopress","url":"https:\/\/www.bellunopress.it\/","logo":{"@type":"ImageObject","inLanguage":"fr-FR","@id":"https:\/\/www.bellunopress.it\/#\/schema\/logo\/image\/","url":"https:\/\/www.bellunopress.it\/wp-content\/uploads\/2011\/05\/cropped-logo-bellunopress-.jpg","contentUrl":"https:\/\/www.bellunopress.it\/wp-content\/uploads\/2011\/05\/cropped-logo-bellunopress-.jpg","width":512,"height":512,"caption":"Bellunopress"},"image":{"@id":"https:\/\/www.bellunopress.it\/#\/schema\/logo\/image\/"},"sameAs":["https:\/\/www.facebook.com\/profile.php?id=100008943462799","https:\/\/x.com\/bellunopress","https:\/\/www.linkedin.com\/hp\/?dnr=JBzUWaJfMUw8vbXJJ2tVW5-I3jZKvC4wsoxE&amp;amp;amp;amp;amp;amp;trk=nav_responsive_tab_home","https:\/\/www.youtube.com\/channel\/UCxL0wu1uN0_3_7hGG0306cw"]},{"@type":"Person","@id":"https:\/\/www.bellunopress.it\/#\/schema\/person\/79bb06722b37ece1c03d3e94beb30d73","name":"r\u00e9daction","image":{"@type":"ImageObject","inLanguage":"fr-FR","@id":"https:\/\/secure.gravatar.com\/avatar\/37d968a2e67a6fd04c169c4bdef102d0bc5d31b2546345219e348575eb80e9a0?s=96&d=mm&r=g","url":"https:\/\/secure.gravatar.com\/avatar\/37d968a2e67a6fd04c169c4bdef102d0bc5d31b2546345219e348575eb80e9a0?s=96&d=mm&r=g","contentUrl":"https:\/\/secure.gravatar.com\/avatar\/37d968a2e67a6fd04c169c4bdef102d0bc5d31b2546345219e348575eb80e9a0?s=96&d=mm&r=g","caption":"redazione"},"sameAs":["http:\/\/www.bellunopress.it","https:\/\/x.com\/bellunopress"],"url":"https:\/\/www.bellunopress.it\/fr\/author\/redazione\/"}]}},"_links":{"self":[{"href":"https:\/\/www.bellunopress.it\/fr\/wp-json\/wp\/v2\/posts\/21211","targetHints":{"allow":["GET"]}}],"collection":[{"href":"https:\/\/www.bellunopress.it\/fr\/wp-json\/wp\/v2\/posts"}],"about":[{"href":"https:\/\/www.bellunopress.it\/fr\/wp-json\/wp\/v2\/types\/post"}],"author":[{"embeddable":true,"href":"https:\/\/www.bellunopress.it\/fr\/wp-json\/wp\/v2\/users\/2"}],"replies":[{"embeddable":true,"href":"https:\/\/www.bellunopress.it\/fr\/wp-json\/wp\/v2\/comments?post=21211"}],"version-history":[{"count":1,"href":"https:\/\/www.bellunopress.it\/fr\/wp-json\/wp\/v2\/posts\/21211\/revisions"}],"predecessor-version":[{"id":21212,"href":"https:\/\/www.bellunopress.it\/fr\/wp-json\/wp\/v2\/posts\/21211\/revisions\/21212"}],"wp:attachment":[{"href":"https:\/\/www.bellunopress.it\/fr\/wp-json\/wp\/v2\/media?parent=21211"}],"wp:term":[{"taxonomy":"category","embeddable":true,"href":"https:\/\/www.bellunopress.it\/fr\/wp-json\/wp\/v2\/categories?post=21211"},{"taxonomy":"post_tag","embeddable":true,"href":"https:\/\/www.bellunopress.it\/fr\/wp-json\/wp\/v2\/tags?post=21211"}],"curies":[{"name":"wp","href":"https:\/\/api.w.org\/{rel}","templated":true}]}}