{"id":20678,"date":"2010-10-30T16:06:37","date_gmt":"2010-10-30T14:06:37","guid":{"rendered":"http:\/\/www.bellunopress.it\/?p=20678"},"modified":"2010-10-30T16:06:37","modified_gmt":"2010-10-30T14:06:37","slug":"arredamont-gran-pubblico-per-mauro-corona-e-la-consegna-del-dolomiti-champion-a-magda-genuin-domenica-la-presentazione-di-costruire-2011","status":"publish","type":"post","link":"https:\/\/www.bellunopress.it\/fr\/2010\/10\/30\/arredamont-gran-pubblico-per-mauro-corona-e-la-consegna-del-dolomiti-champion-a-magda-genuin-domenica-la-presentazione-di-costruire-2011\/","title":{"rendered":"Arredamont: gran pubblico per Mauro Corona e la consegna del Dolomiti Champion a Magda Genuin. Domenica la presentazione di Costruire 2011"},"content":{"rendered":"<p>La 33ma<a href=\"http:\/\/www.bellunopress.it\/wp-content\/uploads\/2010\/10\/longarone-fiere.jpg\"><img loading=\"lazy\" decoding=\"async\" class=\"alignleft size-medium wp-image-19746\" title=\"longarone-fiere\" src=\"http:\/\/www.bellunopress.it\/wp-content\/uploads\/2010\/10\/longarone-fiere.jpg\" alt=\"\" width=\"270\" height=\"202\" \/><\/a> edizione di Arredamont, mostra dell\u2019arredare in montagna, si appresta a vivere a Longarone Fiere (Belluno) il suo gran finale con le giornate di apertura di domani e luned\u00ec luned\u00ec 1 novembre (l\u2019orario d\u2019apertura \u00e8 continuato dalle 10 alle 20). La rassegna sta confermando le attese della vigilia di evento di assoluto valore dove poter trovare le migliori soluzioni di arredamento per le proprie abitazioni di montagna e le strutture ricettive in generale. Nel corso della giornata odierna si \u00e8 parlato, in particolare, degli aspetti specifici della prevenzione degli infortuni, nelle falegnameria, con riferimento ai risultati degli interventi effettuati dagli SPISAL nel periodo 2005-2010. L\u2019incontro, organizzato dal Servizio SPISAL Ulss n.1 di Belluno, ha evidenziato come il comparto legno in provincia di Belluno abbia dimostrato negli ultimi anni un netto miglioramento delle condizioni di salute e sicurezza, grazie anche all\u2019intervento di prevenzione promosso dagli SPISAL. Il comparto occupa un posto rilevante nel bellunese con oltre 350 aziende operanti e 1.300 addetti. \u201cL\u2019attenzione al problema sicurezza nelle aziende del legno \u2013 ha detto Daniela Marcolina, responsabile del Servizio dell\u2019Uls 1 di Belluno \u2013 cui si aggiunge il notevole impegno profuso dalle associazioni, dai datori di lavoro, dai lavoratori e da tutti i soggetti coinvolti hanno sicuramente contribuito ad ottenere questi risultati positivi\u201d. Nel triennio 2005\/2007, ad esempio, vi \u00e8 stata una diminuzione del 19% dell\u2019incidenza di infortuni, con un ulteriore calo nel triennio successivo cui si aggiunge la diminuzione anche dell\u2019indice di gravit\u00e0 sceso addirittura del 41%, dato decisamente inferiore rispetto anche alla media delle altre province del Veneto. Dati confortanti che comunque evidenziano l\u2019impegno a continuare a percorrere questa strada nel segno della prevenzione.<br \/>\nNel pomeriggio letteralmente preso d\u2019assalto lo stand libreria Walter Pilotto, dove si \u00e8 intrattenuto Mauro Corona. Il noto scrittore-artista ha incontrato i propri affezionati lettori presentando il suo ultimo libro \u201cLa fine del mondo storto\u201d. Partecipato anche l\u2019incontro sulle problematiche derivanti dall\u2019introduzione, ufficializzata nel prossimo mese di dicembre, del digitale terrestre, grazie ai rappresentanti del Consorzio Digital Tech, i quali hanno fornito preziose informazioni su come affrontare nel migliore dei modi questa novit\u00e0 che riguarda da vicino le famiglie.<br \/>\nLa giornata si \u00e8 conclusa con la consegna da parte del presidente di Longarone Fiere, Oscar De Bona del 15. premio \u201cDolomiti Champion\u201d alla campionessa della nazionale italiana di sci di fondo, Magda Genuin. Il riconoscimento, che viene assegnato annualmente da Longarone Fiere ad atleti o gruppi sportivi dell\u2019area dolomitica che abbiano contribuito con le loro imprese a far conoscere nel mondo questo affascinante territorio, \u00e8 stato assegnato all\u2019atleta di Falcade, una delle ragazze di punta del fondismo nazionale, la quale ha espresso il proprio ringraziamento per il premio che rappresenta un ulteriore stimolo per l\u2019ormai imminente stagione agonistica. Domani, domenica 31 (ore 11, Sala Barel), si terr\u00e0 l\u2019incontro di presentazione dell\u2019edizione 2011 della fiera Costruire, il Salone dell\u2019edilizia e dell\u2019abitare, in calendario nei due fine settimana dal 18 al 20 e dal 25 al 27 febbraio 2011.<\/p>","protected":false},"excerpt":{"rendered":"<p>La 33ma edizione di Arredamont, mostra dell\u2019arredare in montagna, si appresta a vivere a Longarone Fiere (Belluno) il suo gran finale con le giornate di apertura di domani e luned\u00ec luned\u00ec 1 novembre (l\u2019orario d\u2019apertura \u00e8 continuato dalle 10 alle 20). La rassegna sta confermando le attese della vigilia di evento di assoluto valore dove [&hellip;]<\/p>\n","protected":false},"author":2,"featured_media":0,"comment_status":"closed","ping_status":"open","sticky":false,"template":"","format":"standard","meta":{"footnotes":""},"categories":[27,25],"tags":[139,63],"class_list":["post-20678","post","type-post","status-publish","format-standard","category-appuntamenti","category-pausa-caffe","tag-belluno","tag-dolomiti"],"yoast_head":"<!-- This site is optimized with the Yoast SEO plugin v28.4 - https:\/\/yoast.com\/product\/yoast-seo-wordpress\/ -->\n<title>Arredamont: gran pubblico per Mauro Corona e la consegna del Dolomiti Champion a Magda Genuin. Domenica la presentazione di Costruire 2011  - Bellunopress - Dolomiti<\/title>\n<meta name=\"robots\" content=\"index, follow, max-snippet:-1, max-image-preview:large, max-video-preview:-1\" \/>\n<link rel=\"canonical\" href=\"https:\/\/www.bellunopress.it\/fr\/2010\/10\/30\/arredamont-gran-pubblico-per-mauro-corona-e-la-consegna-del-dolomiti-champion-a-magda-genuin-domenica-la-presentazione-di-costruire-2011\/\" \/>\n<meta property=\"og:locale\" content=\"fr_FR\" \/>\n<meta property=\"og:type\" content=\"article\" \/>\n<meta property=\"og:title\" content=\"Arredamont: gran pubblico per Mauro Corona e la consegna del Dolomiti Champion a Magda Genuin. Domenica la presentazione di Costruire 2011  - Bellunopress - Dolomiti\" \/>\n<meta property=\"og:description\" content=\"La 33ma edizione di Arredamont, mostra dell\u2019arredare in montagna, si appresta a vivere a Longarone Fiere (Belluno) il suo gran finale con le giornate di apertura di domani e luned\u00ec luned\u00ec 1 novembre (l\u2019orario d\u2019apertura \u00e8 continuato dalle 10 alle 20). La rassegna sta confermando le attese della vigilia di evento di assoluto valore dove [&hellip;]\" \/>\n<meta property=\"og:url\" content=\"https:\/\/www.bellunopress.it\/fr\/2010\/10\/30\/arredamont-gran-pubblico-per-mauro-corona-e-la-consegna-del-dolomiti-champion-a-magda-genuin-domenica-la-presentazione-di-costruire-2011\/\" \/>\n<meta property=\"og:site_name\" content=\"Bellunopress - Dolomiti\" \/>\n<meta property=\"article:publisher\" content=\"https:\/\/www.facebook.com\/profile.php?id=100008943462799\" \/>\n<meta property=\"article:published_time\" content=\"2010-10-30T14:06:37+00:00\" \/>\n<meta property=\"og:image\" content=\"http:\/\/www.bellunopress.it\/wp-content\/uploads\/2010\/10\/longarone-fiere.jpg\" \/>\n<meta name=\"author\" content=\"redazione\" \/>\n<meta name=\"twitter:card\" content=\"summary_large_image\" \/>\n<meta name=\"twitter:creator\" content=\"@bellunopress\" \/>\n<meta name=\"twitter:site\" content=\"@bellunopress\" \/>\n<meta name=\"twitter:label1\" content=\"\u00c9crit par\" \/>\n\t<meta name=\"twitter:data1\" content=\"redazione\" \/>\n\t<meta name=\"twitter:label2\" content=\"Dur\u00e9e de lecture estim\u00e9e\" \/>\n\t<meta name=\"twitter:data2\" content=\"2 minutes\" \/>\n<script type=\"application\/ld+json\" class=\"yoast-schema-graph\">{\"@context\":\"https:\\\/\\\/schema.org\",\"@graph\":[{\"@type\":\"Article\",\"@id\":\"https:\\\/\\\/www.bellunopress.it\\\/2010\\\/10\\\/30\\\/arredamont-gran-pubblico-per-mauro-corona-e-la-consegna-del-dolomiti-champion-a-magda-genuin-domenica-la-presentazione-di-costruire-2011\\\/#article\",\"isPartOf\":{\"@id\":\"https:\\\/\\\/www.bellunopress.it\\\/2010\\\/10\\\/30\\\/arredamont-gran-pubblico-per-mauro-corona-e-la-consegna-del-dolomiti-champion-a-magda-genuin-domenica-la-presentazione-di-costruire-2011\\\/\"},\"author\":{\"name\":\"redazione\",\"@id\":\"https:\\\/\\\/www.bellunopress.it\\\/#\\\/schema\\\/person\\\/79bb06722b37ece1c03d3e94beb30d73\"},\"headline\":\"Arredamont: gran pubblico per Mauro Corona e la consegna del Dolomiti Champion a Magda Genuin. Domenica la presentazione di Costruire 2011\",\"datePublished\":\"2010-10-30T14:06:37+00:00\",\"mainEntityOfPage\":{\"@id\":\"https:\\\/\\\/www.bellunopress.it\\\/2010\\\/10\\\/30\\\/arredamont-gran-pubblico-per-mauro-corona-e-la-consegna-del-dolomiti-champion-a-magda-genuin-domenica-la-presentazione-di-costruire-2011\\\/\"},\"wordCount\":506,\"publisher\":{\"@id\":\"https:\\\/\\\/www.bellunopress.it\\\/#organization\"},\"image\":{\"@id\":\"https:\\\/\\\/www.bellunopress.it\\\/2010\\\/10\\\/30\\\/arredamont-gran-pubblico-per-mauro-corona-e-la-consegna-del-dolomiti-champion-a-magda-genuin-domenica-la-presentazione-di-costruire-2011\\\/#primaryimage\"},\"thumbnailUrl\":\"http:\\\/\\\/www.bellunopress.it\\\/wp-content\\\/uploads\\\/2010\\\/10\\\/longarone-fiere.jpg\",\"keywords\":[\"Belluno\",\"Dolomiti\"],\"articleSection\":[\"Appuntamenti, Eventi\",\"Pausa Caff\u00e8\"],\"inLanguage\":\"fr-FR\"},{\"@type\":\"WebPage\",\"@id\":\"https:\\\/\\\/www.bellunopress.it\\\/2010\\\/10\\\/30\\\/arredamont-gran-pubblico-per-mauro-corona-e-la-consegna-del-dolomiti-champion-a-magda-genuin-domenica-la-presentazione-di-costruire-2011\\\/\",\"url\":\"https:\\\/\\\/www.bellunopress.it\\\/2010\\\/10\\\/30\\\/arredamont-gran-pubblico-per-mauro-corona-e-la-consegna-del-dolomiti-champion-a-magda-genuin-domenica-la-presentazione-di-costruire-2011\\\/\",\"name\":\"Arredamont: gran pubblico per Mauro Corona e la consegna del Dolomiti Champion a Magda Genuin. Domenica la presentazione di Costruire 2011 - Bellunopress - Dolomiti\",\"isPartOf\":{\"@id\":\"https:\\\/\\\/www.bellunopress.it\\\/#website\"},\"primaryImageOfPage\":{\"@id\":\"https:\\\/\\\/www.bellunopress.it\\\/2010\\\/10\\\/30\\\/arredamont-gran-pubblico-per-mauro-corona-e-la-consegna-del-dolomiti-champion-a-magda-genuin-domenica-la-presentazione-di-costruire-2011\\\/#primaryimage\"},\"image\":{\"@id\":\"https:\\\/\\\/www.bellunopress.it\\\/2010\\\/10\\\/30\\\/arredamont-gran-pubblico-per-mauro-corona-e-la-consegna-del-dolomiti-champion-a-magda-genuin-domenica-la-presentazione-di-costruire-2011\\\/#primaryimage\"},\"thumbnailUrl\":\"http:\\\/\\\/www.bellunopress.it\\\/wp-content\\\/uploads\\\/2010\\\/10\\\/longarone-fiere.jpg\",\"datePublished\":\"2010-10-30T14:06:37+00:00\",\"breadcrumb\":{\"@id\":\"https:\\\/\\\/www.bellunopress.it\\\/2010\\\/10\\\/30\\\/arredamont-gran-pubblico-per-mauro-corona-e-la-consegna-del-dolomiti-champion-a-magda-genuin-domenica-la-presentazione-di-costruire-2011\\\/#breadcrumb\"},\"inLanguage\":\"fr-FR\",\"potentialAction\":[{\"@type\":\"ReadAction\",\"target\":[\"https:\\\/\\\/www.bellunopress.it\\\/2010\\\/10\\\/30\\\/arredamont-gran-pubblico-per-mauro-corona-e-la-consegna-del-dolomiti-champion-a-magda-genuin-domenica-la-presentazione-di-costruire-2011\\\/\"]}]},{\"@type\":\"ImageObject\",\"inLanguage\":\"fr-FR\",\"@id\":\"https:\\\/\\\/www.bellunopress.it\\\/2010\\\/10\\\/30\\\/arredamont-gran-pubblico-per-mauro-corona-e-la-consegna-del-dolomiti-champion-a-magda-genuin-domenica-la-presentazione-di-costruire-2011\\\/#primaryimage\",\"url\":\"http:\\\/\\\/www.bellunopress.it\\\/wp-content\\\/uploads\\\/2010\\\/10\\\/longarone-fiere.jpg\",\"contentUrl\":\"http:\\\/\\\/www.bellunopress.it\\\/wp-content\\\/uploads\\\/2010\\\/10\\\/longarone-fiere.jpg\"},{\"@type\":\"BreadcrumbList\",\"@id\":\"https:\\\/\\\/www.bellunopress.it\\\/2010\\\/10\\\/30\\\/arredamont-gran-pubblico-per-mauro-corona-e-la-consegna-del-dolomiti-champion-a-magda-genuin-domenica-la-presentazione-di-costruire-2011\\\/#breadcrumb\",\"itemListElement\":[{\"@type\":\"ListItem\",\"position\":1,\"name\":\"Home\",\"item\":\"https:\\\/\\\/www.bellunopress.it\\\/\"},{\"@type\":\"ListItem\",\"position\":2,\"name\":\"Arredamont: gran pubblico per Mauro Corona e la consegna del Dolomiti Champion a Magda Genuin. Domenica la presentazione di Costruire 2011\"}]},{\"@type\":\"WebSite\",\"@id\":\"https:\\\/\\\/www.bellunopress.it\\\/#website\",\"url\":\"https:\\\/\\\/www.bellunopress.it\\\/\",\"name\":\"Bellunopress - Dolomiti\",\"description\":\"e-mail: redazione@bellunopress.it\",\"publisher\":{\"@id\":\"https:\\\/\\\/www.bellunopress.it\\\/#organization\"},\"potentialAction\":[{\"@type\":\"SearchAction\",\"target\":{\"@type\":\"EntryPoint\",\"urlTemplate\":\"https:\\\/\\\/www.bellunopress.it\\\/?s={search_term_string}\"},\"query-input\":{\"@type\":\"PropertyValueSpecification\",\"valueRequired\":true,\"valueName\":\"search_term_string\"}}],\"inLanguage\":\"fr-FR\"},{\"@type\":\"Organization\",\"@id\":\"https:\\\/\\\/www.bellunopress.it\\\/#organization\",\"name\":\"Bellunopress\",\"url\":\"https:\\\/\\\/www.bellunopress.it\\\/\",\"logo\":{\"@type\":\"ImageObject\",\"inLanguage\":\"fr-FR\",\"@id\":\"https:\\\/\\\/www.bellunopress.it\\\/#\\\/schema\\\/logo\\\/image\\\/\",\"url\":\"https:\\\/\\\/www.bellunopress.it\\\/wp-content\\\/uploads\\\/2011\\\/05\\\/cropped-logo-bellunopress-.jpg\",\"contentUrl\":\"https:\\\/\\\/www.bellunopress.it\\\/wp-content\\\/uploads\\\/2011\\\/05\\\/cropped-logo-bellunopress-.jpg\",\"width\":512,\"height\":512,\"caption\":\"Bellunopress\"},\"image\":{\"@id\":\"https:\\\/\\\/www.bellunopress.it\\\/#\\\/schema\\\/logo\\\/image\\\/\"},\"sameAs\":[\"https:\\\/\\\/www.facebook.com\\\/profile.php?id=100008943462799\",\"https:\\\/\\\/x.com\\\/bellunopress\",\"https:\\\/\\\/www.linkedin.com\\\/hp\\\/?dnr=JBzUWaJfMUw8vbXJJ2tVW5-I3jZKvC4wsoxE&amp;amp;amp;amp;amp;amp;trk=nav_responsive_tab_home\",\"https:\\\/\\\/www.youtube.com\\\/channel\\\/UCxL0wu1uN0_3_7hGG0306cw\"]},{\"@type\":\"Person\",\"@id\":\"https:\\\/\\\/www.bellunopress.it\\\/#\\\/schema\\\/person\\\/79bb06722b37ece1c03d3e94beb30d73\",\"name\":\"redazione\",\"image\":{\"@type\":\"ImageObject\",\"inLanguage\":\"fr-FR\",\"@id\":\"https:\\\/\\\/secure.gravatar.com\\\/avatar\\\/37d968a2e67a6fd04c169c4bdef102d0bc5d31b2546345219e348575eb80e9a0?s=96&d=mm&r=g\",\"url\":\"https:\\\/\\\/secure.gravatar.com\\\/avatar\\\/37d968a2e67a6fd04c169c4bdef102d0bc5d31b2546345219e348575eb80e9a0?s=96&d=mm&r=g\",\"contentUrl\":\"https:\\\/\\\/secure.gravatar.com\\\/avatar\\\/37d968a2e67a6fd04c169c4bdef102d0bc5d31b2546345219e348575eb80e9a0?s=96&d=mm&r=g\",\"caption\":\"redazione\"},\"sameAs\":[\"http:\\\/\\\/www.bellunopress.it\",\"https:\\\/\\\/x.com\\\/bellunopress\"],\"url\":\"https:\\\/\\\/www.bellunopress.it\\\/fr\\\/author\\\/redazione\\\/\"}]}<\/script>\n<!-- \/ Yoast SEO plugin. -->","yoast_head_json":{"title":"Arredamont: gran pubblico per Mauro Corona e la consegna del Dolomiti Champion a Magda Genuin. Domenica la presentazione di Costruire 2011  - Bellunopress - Dolomiti","robots":{"index":"index","follow":"follow","max-snippet":"max-snippet:-1","max-image-preview":"max-image-preview:large","max-video-preview":"max-video-preview:-1"},"canonical":"https:\/\/www.bellunopress.it\/fr\/2010\/10\/30\/arredamont-gran-pubblico-per-mauro-corona-e-la-consegna-del-dolomiti-champion-a-magda-genuin-domenica-la-presentazione-di-costruire-2011\/","og_locale":"fr_FR","og_type":"article","og_title":"Arredamont: gran pubblico per Mauro Corona e la consegna del Dolomiti Champion a Magda Genuin. Domenica la presentazione di Costruire 2011  - Bellunopress - Dolomiti","og_description":"La 33ma edizione di Arredamont, mostra dell\u2019arredare in montagna, si appresta a vivere a Longarone Fiere (Belluno) il suo gran finale con le giornate di apertura di domani e luned\u00ec luned\u00ec 1 novembre (l\u2019orario d\u2019apertura \u00e8 continuato dalle 10 alle 20). La rassegna sta confermando le attese della vigilia di evento di assoluto valore dove [&hellip;]","og_url":"https:\/\/www.bellunopress.it\/fr\/2010\/10\/30\/arredamont-gran-pubblico-per-mauro-corona-e-la-consegna-del-dolomiti-champion-a-magda-genuin-domenica-la-presentazione-di-costruire-2011\/","og_site_name":"Bellunopress - Dolomiti","article_publisher":"https:\/\/www.facebook.com\/profile.php?id=100008943462799","article_published_time":"2010-10-30T14:06:37+00:00","og_image":[{"url":"http:\/\/www.bellunopress.it\/wp-content\/uploads\/2010\/10\/longarone-fiere.jpg","type":"","width":"","height":""}],"author":"redazione","twitter_card":"summary_large_image","twitter_creator":"@bellunopress","twitter_site":"@bellunopress","twitter_misc":{"\u00c9crit par":"redazione","Dur\u00e9e de lecture estim\u00e9e":"2 minutes"},"schema":{"@context":"https:\/\/schema.org","@graph":[{"@type":"Article","@id":"https:\/\/www.bellunopress.it\/2010\/10\/30\/arredamont-gran-pubblico-per-mauro-corona-e-la-consegna-del-dolomiti-champion-a-magda-genuin-domenica-la-presentazione-di-costruire-2011\/#article","isPartOf":{"@id":"https:\/\/www.bellunopress.it\/2010\/10\/30\/arredamont-gran-pubblico-per-mauro-corona-e-la-consegna-del-dolomiti-champion-a-magda-genuin-domenica-la-presentazione-di-costruire-2011\/"},"author":{"name":"redazione","@id":"https:\/\/www.bellunopress.it\/#\/schema\/person\/79bb06722b37ece1c03d3e94beb30d73"},"headline":"Arredamont: gran pubblico per Mauro Corona e la consegna del Dolomiti Champion a Magda Genuin. Domenica la presentazione di Costruire 2011","datePublished":"2010-10-30T14:06:37+00:00","mainEntityOfPage":{"@id":"https:\/\/www.bellunopress.it\/2010\/10\/30\/arredamont-gran-pubblico-per-mauro-corona-e-la-consegna-del-dolomiti-champion-a-magda-genuin-domenica-la-presentazione-di-costruire-2011\/"},"wordCount":506,"publisher":{"@id":"https:\/\/www.bellunopress.it\/#organization"},"image":{"@id":"https:\/\/www.bellunopress.it\/2010\/10\/30\/arredamont-gran-pubblico-per-mauro-corona-e-la-consegna-del-dolomiti-champion-a-magda-genuin-domenica-la-presentazione-di-costruire-2011\/#primaryimage"},"thumbnailUrl":"http:\/\/www.bellunopress.it\/wp-content\/uploads\/2010\/10\/longarone-fiere.jpg","keywords":["Belluno","Dolomiti"],"articleSection":["Appuntamenti, Eventi","Pausa Caff\u00e8"],"inLanguage":"fr-FR"},{"@type":"WebPage","@id":"https:\/\/www.bellunopress.it\/2010\/10\/30\/arredamont-gran-pubblico-per-mauro-corona-e-la-consegna-del-dolomiti-champion-a-magda-genuin-domenica-la-presentazione-di-costruire-2011\/","url":"https:\/\/www.bellunopress.it\/2010\/10\/30\/arredamont-gran-pubblico-per-mauro-corona-e-la-consegna-del-dolomiti-champion-a-magda-genuin-domenica-la-presentazione-di-costruire-2011\/","name":"Arredamont: gran pubblico per Mauro Corona e la consegna del Dolomiti Champion a Magda Genuin. Domenica la presentazione di Costruire 2011 - Bellunopress - Dolomiti","isPartOf":{"@id":"https:\/\/www.bellunopress.it\/#website"},"primaryImageOfPage":{"@id":"https:\/\/www.bellunopress.it\/2010\/10\/30\/arredamont-gran-pubblico-per-mauro-corona-e-la-consegna-del-dolomiti-champion-a-magda-genuin-domenica-la-presentazione-di-costruire-2011\/#primaryimage"},"image":{"@id":"https:\/\/www.bellunopress.it\/2010\/10\/30\/arredamont-gran-pubblico-per-mauro-corona-e-la-consegna-del-dolomiti-champion-a-magda-genuin-domenica-la-presentazione-di-costruire-2011\/#primaryimage"},"thumbnailUrl":"http:\/\/www.bellunopress.it\/wp-content\/uploads\/2010\/10\/longarone-fiere.jpg","datePublished":"2010-10-30T14:06:37+00:00","breadcrumb":{"@id":"https:\/\/www.bellunopress.it\/2010\/10\/30\/arredamont-gran-pubblico-per-mauro-corona-e-la-consegna-del-dolomiti-champion-a-magda-genuin-domenica-la-presentazione-di-costruire-2011\/#breadcrumb"},"inLanguage":"fr-FR","potentialAction":[{"@type":"ReadAction","target":["https:\/\/www.bellunopress.it\/2010\/10\/30\/arredamont-gran-pubblico-per-mauro-corona-e-la-consegna-del-dolomiti-champion-a-magda-genuin-domenica-la-presentazione-di-costruire-2011\/"]}]},{"@type":"ImageObject","inLanguage":"fr-FR","@id":"https:\/\/www.bellunopress.it\/2010\/10\/30\/arredamont-gran-pubblico-per-mauro-corona-e-la-consegna-del-dolomiti-champion-a-magda-genuin-domenica-la-presentazione-di-costruire-2011\/#primaryimage","url":"http:\/\/www.bellunopress.it\/wp-content\/uploads\/2010\/10\/longarone-fiere.jpg","contentUrl":"http:\/\/www.bellunopress.it\/wp-content\/uploads\/2010\/10\/longarone-fiere.jpg"},{"@type":"BreadcrumbList","@id":"https:\/\/www.bellunopress.it\/2010\/10\/30\/arredamont-gran-pubblico-per-mauro-corona-e-la-consegna-del-dolomiti-champion-a-magda-genuin-domenica-la-presentazione-di-costruire-2011\/#breadcrumb","itemListElement":[{"@type":"ListItem","position":1,"name":"Home","item":"https:\/\/www.bellunopress.it\/"},{"@type":"ListItem","position":2,"name":"Arredamont: gran pubblico per Mauro Corona e la consegna del Dolomiti Champion a Magda Genuin. Domenica la presentazione di Costruire 2011"}]},{"@type":"WebSite","@id":"https:\/\/www.bellunopress.it\/#website","url":"https:\/\/www.bellunopress.it\/","name":"Bellunopress - Dolomiti","description":"e-mail: redazione@bellunopress.it","publisher":{"@id":"https:\/\/www.bellunopress.it\/#organization"},"potentialAction":[{"@type":"SearchAction","target":{"@type":"EntryPoint","urlTemplate":"https:\/\/www.bellunopress.it\/?s={search_term_string}"},"query-input":{"@type":"PropertyValueSpecification","valueRequired":true,"valueName":"search_term_string"}}],"inLanguage":"fr-FR"},{"@type":"Organization","@id":"https:\/\/www.bellunopress.it\/#organization","name":"Bellunopress","url":"https:\/\/www.bellunopress.it\/","logo":{"@type":"ImageObject","inLanguage":"fr-FR","@id":"https:\/\/www.bellunopress.it\/#\/schema\/logo\/image\/","url":"https:\/\/www.bellunopress.it\/wp-content\/uploads\/2011\/05\/cropped-logo-bellunopress-.jpg","contentUrl":"https:\/\/www.bellunopress.it\/wp-content\/uploads\/2011\/05\/cropped-logo-bellunopress-.jpg","width":512,"height":512,"caption":"Bellunopress"},"image":{"@id":"https:\/\/www.bellunopress.it\/#\/schema\/logo\/image\/"},"sameAs":["https:\/\/www.facebook.com\/profile.php?id=100008943462799","https:\/\/x.com\/bellunopress","https:\/\/www.linkedin.com\/hp\/?dnr=JBzUWaJfMUw8vbXJJ2tVW5-I3jZKvC4wsoxE&amp;amp;amp;amp;amp;amp;trk=nav_responsive_tab_home","https:\/\/www.youtube.com\/channel\/UCxL0wu1uN0_3_7hGG0306cw"]},{"@type":"Person","@id":"https:\/\/www.bellunopress.it\/#\/schema\/person\/79bb06722b37ece1c03d3e94beb30d73","name":"r\u00e9daction","image":{"@type":"ImageObject","inLanguage":"fr-FR","@id":"https:\/\/secure.gravatar.com\/avatar\/37d968a2e67a6fd04c169c4bdef102d0bc5d31b2546345219e348575eb80e9a0?s=96&d=mm&r=g","url":"https:\/\/secure.gravatar.com\/avatar\/37d968a2e67a6fd04c169c4bdef102d0bc5d31b2546345219e348575eb80e9a0?s=96&d=mm&r=g","contentUrl":"https:\/\/secure.gravatar.com\/avatar\/37d968a2e67a6fd04c169c4bdef102d0bc5d31b2546345219e348575eb80e9a0?s=96&d=mm&r=g","caption":"redazione"},"sameAs":["http:\/\/www.bellunopress.it","https:\/\/x.com\/bellunopress"],"url":"https:\/\/www.bellunopress.it\/fr\/author\/redazione\/"}]}},"_links":{"self":[{"href":"https:\/\/www.bellunopress.it\/fr\/wp-json\/wp\/v2\/posts\/20678","targetHints":{"allow":["GET"]}}],"collection":[{"href":"https:\/\/www.bellunopress.it\/fr\/wp-json\/wp\/v2\/posts"}],"about":[{"href":"https:\/\/www.bellunopress.it\/fr\/wp-json\/wp\/v2\/types\/post"}],"author":[{"embeddable":true,"href":"https:\/\/www.bellunopress.it\/fr\/wp-json\/wp\/v2\/users\/2"}],"replies":[{"embeddable":true,"href":"https:\/\/www.bellunopress.it\/fr\/wp-json\/wp\/v2\/comments?post=20678"}],"version-history":[{"count":1,"href":"https:\/\/www.bellunopress.it\/fr\/wp-json\/wp\/v2\/posts\/20678\/revisions"}],"predecessor-version":[{"id":20679,"href":"https:\/\/www.bellunopress.it\/fr\/wp-json\/wp\/v2\/posts\/20678\/revisions\/20679"}],"wp:attachment":[{"href":"https:\/\/www.bellunopress.it\/fr\/wp-json\/wp\/v2\/media?parent=20678"}],"wp:term":[{"taxonomy":"category","embeddable":true,"href":"https:\/\/www.bellunopress.it\/fr\/wp-json\/wp\/v2\/categories?post=20678"},{"taxonomy":"post_tag","embeddable":true,"href":"https:\/\/www.bellunopress.it\/fr\/wp-json\/wp\/v2\/tags?post=20678"}],"curies":[{"name":"wp","href":"https:\/\/api.w.org\/{rel}","templated":true}]}}