{"id":20667,"date":"2010-10-30T09:28:32","date_gmt":"2010-10-30T07:28:32","guid":{"rendered":"http:\/\/www.bellunopress.it\/?p=20667"},"modified":"2020-12-25T11:12:36","modified_gmt":"2020-12-25T10:12:36","slug":"le-straordinarie-avventure-del-conte-bellunese-carlo-rudio-cadetto-austriaco-bombarolo-evaso-ed-ufficiale-del-7mo-reggimento-cavalleria-del-generale-custer","status":"publish","type":"post","link":"https:\/\/www.bellunopress.it\/fr\/2010\/10\/30\/le-straordinarie-avventure-del-conte-bellunese-carlo-rudio-cadetto-austriaco-bombarolo-evaso-ed-ufficiale-del-7mo-reggimento-cavalleria-del-generale-custer\/","title":{"rendered":"Le straordinarie avventure del conte bellunese Carlo Rudio. Cadetto austriaco, bombarolo, evaso ed ufficiale del 7mo Reggimento cavalleria del generale Custer"},"content":{"rendered":"<p><strong><a href=\"http:\/\/www.bellunopress.it\/wp-content\/uploads\/2010\/10\/carlo-rudio-300x278.jpg\"><img loading=\"lazy\" decoding=\"async\" class=\"alignleft size-medium wp-image-20669\" title=\"carlo-rudio-300x278\" src=\"http:\/\/www.bellunopress.it\/wp-content\/uploads\/2010\/10\/carlo-rudio-300x278.jpg\" alt=\"\" width=\"278\" height=\"300\" \/><\/a>Cento anni fa, il I novembre 1910 moriva a Pasadena (Los Angeles &#8211; California) il conte bellunese Carlo Rudio (o di Rudio) le cui avventure sono raccontate da Cesare Marino nel libro di recente ristampa dal titolo \u201cDal Piave a Little Bighorn\u201d. Settantaquattro anni prima di Angelo Sbardellotto, il giovane anarchico di Villa di Villa (Mel) fucilato nel 1932 per aver progettato di uccidere Mussolini, Carlo Rudio fece parlare pi\u00f9 volte di s\u00e9. Il suo nome, infatti, era tra quelli che presero parte al fallito attentato contro l\u2019imperatore Napoleone III nel 1858 a Parigi. Ma a differenza dell\u2019anarchico di Mel, Rudio riuscir\u00e0 sempre a cavarsela, in un crescendo straordinario di eventi degni del migliore film d\u2019azione. Evita la ghigliottina, sopravvive ad una letale epidemia di febbre gialla quand\u2019era rinchiuso nelle carceri francesi della Cajenna, da dove riesce ad evadere. Poi si arruola nell\u2019esercito americano e riuscir\u00e0 a salvare la pelle nella celebre battaglia di Little Bighorn, dove i Sioux ed i Cheyenne massacrarono il 7mo Reggimento cavalleggeri del generale Custer. Nel novembre del 1910 muore, serenamente nel suo letto a Los Angeles, all\u2019et\u00e0 di 78 anni. <\/strong><\/p>\n<figure id=\"attachment_20670\" aria-describedby=\"caption-attachment-20670\" style=\"width: 300px\" class=\"wp-caption alignleft\"><a href=\"http:\/\/www.bellunopress.it\/wp-content\/uploads\/2010\/10\/villa-rudio-300x192.jpg\"><img loading=\"lazy\" decoding=\"async\" class=\"size-medium wp-image-20670\" title=\"villa-rudio-300x192\" src=\"http:\/\/www.bellunopress.it\/wp-content\/uploads\/2010\/10\/villa-rudio-300x192.jpg\" alt=\"Villa Rudio - Belluno\" width=\"300\" height=\"192\" \/><\/a><figcaption id=\"caption-attachment-20670\" class=\"wp-caption-text\">Villa Rudio &#8211; Belluno<\/figcaption><\/figure>\n<p>Di lui, si \u00e8 occupata varie volte la stampa internazionale dell\u2019epoca. Il quotidiano italo americano \u201cL\u2019eco d\u2019Italia\u201d, ad esempio, in un editoriale del 1881 scrive sarcasticamente: \u201cse il conte Carlo Camillo di Rudio fosse stato uno yankee d\u2019origine anglosassone anzich\u00e9 italiana, avrebbe certamente ottenuto i galloni da generale\u201d! Il nobile bellunese, infatti, arruolatosi nel leggendario Settimo Cavalleggeri del generale Custer, era gi\u00e0 in pensione da 8 anni a Los Angeles con l\u2019amata moglie Eliza Booth, quando riceve la promozione al grado di maggiore. Carlo Rudio, secondogenito di una famiglia nobile bellunese, nasce il 26 agosto 1832 a Belluno e trascorre l\u2019infanzia ed i mesi estivi della giovinezza nella villa di famiglia a Sala di Cusighe, nell&#8217;immediata periferia di Belluno. E\u2019 qui che ascolta i primi sermoni velati di patriottismo di don Sebastiano Barozzi, prete del paese. A 13 anni Rudio \u00e8 ammesso all\u2019Imperial-regio collegio militare di San Luca a Milano, con il fratello maggiore Achille. Il giovane Carlo \u00e8 testimone pi\u00f9 volte di episodi di violenza dei soldati austriaci sulla popolazione civile. Durante le Cinque giornate di Milano (18- 22 marzo 1848) vede uccidere a sangue freddo una giovane donna incinta dai soldati croati del feldmaresciallo Radetzky. La stessa cosa succede a Castelnuovo, dove una giovane ragazza viene uccisa senza ragione da un soldato austro-ungarico. Rudio questa volta reagisce ed ammazza il soldato. Si schiera, insomma, con l\u2019Italia oppressa. Rifiuta di raffermarsi nell\u2019esercito di Radetzky e passa nella Legione dei cacciatori delle Alpi, comandata da Pier Fortunato Calvi. Nell\u2019aprile del 1849 combatte insieme a Garibaldi nella vittoriosa battaglia di Roma, contro il generale Oudinot. Poi a Velletri \u00e8 inquadrato nella Compagnia dei ragazzi che sorprende sul fianco i Borbonici costringendoli alla ritirata. Seguono gli anni delle cospirazioni, con gli arresti, le fughe e l\u2019esilio dell\u2019inafferrabile Moretto, come oramai era stato soprannominato. A Parigi, nel corso del processo a carico di Felice Orsini ed Antonio Gomez, protagonisti del fallito attentato a Napoleone III del 14 gennaio 1858, viene riconosciuto come uno dei complici e rischia la ghigliottina. Pena commutata in carcere a vita, grazie all\u2019abilit\u00e0 del suo avvocato. Rinchiuso nelle carceri della Cajenna, la colonia penale francese in Sudamerica, sopravvive miracolosamente ad una terribile epidemia di febbre gialla, che uccide il 90% degli uomini (si salvano solo in 60 su 600, tra condannati e carcerieri). Non basta. Evade dalla Cajenna in modo rocambolesco e raggiunge Londra, dove incontra Giuseppe Mazzini che, desideroso di levarselo dai piedi, lo consiglia di lasciare l\u2019Europa. Cos\u00ec, nel gennaio del 1864 Rudio riparte per New York, con in tasca un attestato di stima firmato da Mazzini. Il 25 agosto del 1864, alla vigilia del suo 32mo compleanno, indossa la divisa di soldato semplice yankee dell\u2019esercito degli Stati Uniti d\u2019America. Rimarr\u00e0 in servizio per i successivi 32 anni, fino all\u2019agosto del 1896, quando si congeder\u00e0 con il grado di capitano. Grazie alla famosa lettera d\u2019accredito di Mazzini, Rudio ottiene la nomina a sottotenente del II Reggimento volontari di colore, che accetta di buon grado, essendo di dichiarata fede antischiavista. Nel luglio del 1869 viene assegnato al VII Reggimento Cavalleria di cui era vice comandante il 28enne tenente colonnello George Armstrong Custer. Che per\u00f2 si fregiava dell\u2019appellativo di generale, grado onorifico che si era conquistato sul campo durante la Guerra di secessione. Tra i due non c\u2019\u00e8 alcuna simpatia. Il conte Rudio \u00e8 un ufficiale amato dai suoi uomini e che non passa certamente inosservato nel 7mo Reggimento cavalleggeri. Dichiaratamente ateo ed anticlericale, \u00e8 favorevole all\u2019emancipazione dei neri. Al punto che nel 1875 rischia di provocare un incidente diplomatico con la colonia francese: fa arrestare il vecchio generale De Clouet, colpevole di non aver permesso ai suoi servitori neri di votare. Rudio incanta ufficiali e soldati con i suoi racconti rocamboleschi di fughe ed attentati. Inoltre \u00e8 incurante dei rilievi mossi da Custer che non sopporta che egli continui a portare una sciabola da cavalleria fuori ordinanza con l\u2019elsa dorata, donatagli dai suoi soldati. Era davvero troppo per il vanitoso generale dai capelli biondi, con tanto d\u2019ineccepibile pedigree di West Point. Uno che si portava sempre al seguito i giornalisti del New York Herald, del Bismark Tribune e degli altri quotidiani democratici dell\u2019Est, per non perdere occasione di apparire. Ma per le inspiegabili congiunture del destino di cui \u00e8 piena la storia,\u00a0 sar\u00e0 proprio questa insanabile idiosincrasia tra i due che salver\u00e0 per l\u2019ennesima volta la vita a Rudio nel corso della famosa battaglia di Little Bighorn. Infatti, al comando dello squadrone E, che viene sterminato dagli indiani Sioux e Cheyenne, quella domenica del 25 giugno 1876, avrebbe dovuto esserci il tenente Rudio. Ma Custer, per impedirgli di assumere il comando di quel reparto, che aveva il posto di capitano vacante ed avrebbe cos\u00ec favorito la carriera di Rudio, lo fa trasferire allo squadrone A, salvandogli involontariamente la vita. Carlo Rudio, divenuto nel frattempo Charles de Rudio all\u2019anagrafe Usa,\u00a0 muore a Los Angeles il I\u00b0 novembre 1910. Prima di spirare, per\u00f2, a distanza di 50 anni dall\u2019attentato a Napoleone III, si leva l\u2019ultimo sassolino dalla scarpa facendo il nome di Francesco Crispi, indicato come il responsabile del lancio della terza bomba contro l\u2019imperatore. Una rivelazione che, ovviamente, lo porta per l\u2019ultima volta su tutte le prime pagine dei quotidiani.<br \/>\nRoberto De Nart<\/p>","protected":false},"excerpt":{"rendered":"<p>Cento anni fa, il I novembre 1910 moriva a Pasadena (Los Angeles &#8211; California) il conte bellunese Carlo Rudio (o di Rudio) le cui avventure sono raccontate da Cesare Marino nel libro di recente ristampa dal titolo \u201cDal Piave a Little Bighorn\u201d. Settantaquattro anni prima di Angelo Sbardellotto, il giovane anarchico di Villa di Villa [&hellip;]<\/p>\n","protected":false},"author":2,"featured_media":0,"comment_status":"closed","ping_status":"open","sticky":false,"template":"","format":"standard","meta":{"footnotes":""},"categories":[49,26],"tags":[2206,2208,2209,2207],"class_list":["post-20667","post","type-post","status-publish","format-standard","category-speciali","category-prima-pagina","tag-carlo-rudio","tag-cesare-marino","tag-charles-di-rudio","tag-dal-piave-a-little-bighorn"],"yoast_head":"<!-- This site is optimized with the Yoast SEO plugin v28.4 - https:\/\/yoast.com\/product\/yoast-seo-wordpress\/ -->\n<title>Le straordinarie avventure del conte bellunese Carlo Rudio. Cadetto austriaco, bombarolo, evaso ed ufficiale del 7mo Reggimento cavalleria del generale Custer - Bellunopress - Dolomiti<\/title>\n<meta name=\"robots\" content=\"index, follow, max-snippet:-1, max-image-preview:large, max-video-preview:-1\" \/>\n<link rel=\"canonical\" href=\"https:\/\/www.bellunopress.it\/fr\/2010\/10\/30\/le-straordinarie-avventure-del-conte-bellunese-carlo-rudio-cadetto-austriaco-bombarolo-evaso-ed-ufficiale-del-7mo-reggimento-cavalleria-del-generale-custer\/\" \/>\n<meta property=\"og:locale\" content=\"fr_FR\" \/>\n<meta property=\"og:type\" content=\"article\" \/>\n<meta property=\"og:title\" content=\"Le straordinarie avventure del conte bellunese Carlo Rudio. Cadetto austriaco, bombarolo, evaso ed ufficiale del 7mo Reggimento cavalleria del generale Custer - Bellunopress - Dolomiti\" \/>\n<meta property=\"og:description\" content=\"Cento anni fa, il I novembre 1910 moriva a Pasadena (Los Angeles &#8211; California) il conte bellunese Carlo Rudio (o di Rudio) le cui avventure sono raccontate da Cesare Marino nel libro di recente ristampa dal titolo \u201cDal Piave a Little Bighorn\u201d. Settantaquattro anni prima di Angelo Sbardellotto, il giovane anarchico di Villa di Villa [&hellip;]\" \/>\n<meta property=\"og:url\" content=\"https:\/\/www.bellunopress.it\/fr\/2010\/10\/30\/le-straordinarie-avventure-del-conte-bellunese-carlo-rudio-cadetto-austriaco-bombarolo-evaso-ed-ufficiale-del-7mo-reggimento-cavalleria-del-generale-custer\/\" \/>\n<meta property=\"og:site_name\" content=\"Bellunopress - Dolomiti\" \/>\n<meta property=\"article:publisher\" content=\"https:\/\/www.facebook.com\/profile.php?id=100008943462799\" \/>\n<meta property=\"article:published_time\" content=\"2010-10-30T07:28:32+00:00\" \/>\n<meta property=\"article:modified_time\" content=\"2020-12-25T10:12:36+00:00\" \/>\n<meta property=\"og:image\" content=\"http:\/\/www.bellunopress.it\/wp-content\/uploads\/2010\/10\/carlo-rudio-300x278.jpg\" \/>\n<meta name=\"author\" content=\"redazione\" \/>\n<meta name=\"twitter:card\" content=\"summary_large_image\" \/>\n<meta name=\"twitter:creator\" content=\"@bellunopress\" \/>\n<meta name=\"twitter:site\" content=\"@bellunopress\" \/>\n<meta name=\"twitter:label1\" content=\"\u00c9crit par\" \/>\n\t<meta name=\"twitter:data1\" content=\"redazione\" \/>\n\t<meta name=\"twitter:label2\" content=\"Dur\u00e9e de lecture estim\u00e9e\" \/>\n\t<meta name=\"twitter:data2\" content=\"5 minutes\" \/>\n<script type=\"application\/ld+json\" class=\"yoast-schema-graph\">{\"@context\":\"https:\\\/\\\/schema.org\",\"@graph\":[{\"@type\":\"Article\",\"@id\":\"https:\\\/\\\/www.bellunopress.it\\\/2010\\\/10\\\/30\\\/le-straordinarie-avventure-del-conte-bellunese-carlo-rudio-cadetto-austriaco-bombarolo-evaso-ed-ufficiale-del-7mo-reggimento-cavalleria-del-generale-custer\\\/#article\",\"isPartOf\":{\"@id\":\"https:\\\/\\\/www.bellunopress.it\\\/2010\\\/10\\\/30\\\/le-straordinarie-avventure-del-conte-bellunese-carlo-rudio-cadetto-austriaco-bombarolo-evaso-ed-ufficiale-del-7mo-reggimento-cavalleria-del-generale-custer\\\/\"},\"author\":{\"name\":\"redazione\",\"@id\":\"https:\\\/\\\/www.bellunopress.it\\\/#\\\/schema\\\/person\\\/79bb06722b37ece1c03d3e94beb30d73\"},\"headline\":\"Le straordinarie avventure del conte bellunese Carlo Rudio. Cadetto austriaco, bombarolo, evaso ed ufficiale del 7mo Reggimento cavalleria del generale Custer\",\"datePublished\":\"2010-10-30T07:28:32+00:00\",\"dateModified\":\"2020-12-25T10:12:36+00:00\",\"mainEntityOfPage\":{\"@id\":\"https:\\\/\\\/www.bellunopress.it\\\/2010\\\/10\\\/30\\\/le-straordinarie-avventure-del-conte-bellunese-carlo-rudio-cadetto-austriaco-bombarolo-evaso-ed-ufficiale-del-7mo-reggimento-cavalleria-del-generale-custer\\\/\"},\"wordCount\":1091,\"publisher\":{\"@id\":\"https:\\\/\\\/www.bellunopress.it\\\/#organization\"},\"image\":{\"@id\":\"https:\\\/\\\/www.bellunopress.it\\\/2010\\\/10\\\/30\\\/le-straordinarie-avventure-del-conte-bellunese-carlo-rudio-cadetto-austriaco-bombarolo-evaso-ed-ufficiale-del-7mo-reggimento-cavalleria-del-generale-custer\\\/#primaryimage\"},\"thumbnailUrl\":\"http:\\\/\\\/www.bellunopress.it\\\/wp-content\\\/uploads\\\/2010\\\/10\\\/carlo-rudio-300x278.jpg\",\"keywords\":[\"Carlo Rudio\",\"Cesare Marino\",\"Charles di Rudio\",\"Dal Piave a Little Bighorn\"],\"articleSection\":[\"Gli speciali di Bellunopress\",\"Prima Pagina\"],\"inLanguage\":\"fr-FR\"},{\"@type\":\"WebPage\",\"@id\":\"https:\\\/\\\/www.bellunopress.it\\\/2010\\\/10\\\/30\\\/le-straordinarie-avventure-del-conte-bellunese-carlo-rudio-cadetto-austriaco-bombarolo-evaso-ed-ufficiale-del-7mo-reggimento-cavalleria-del-generale-custer\\\/\",\"url\":\"https:\\\/\\\/www.bellunopress.it\\\/2010\\\/10\\\/30\\\/le-straordinarie-avventure-del-conte-bellunese-carlo-rudio-cadetto-austriaco-bombarolo-evaso-ed-ufficiale-del-7mo-reggimento-cavalleria-del-generale-custer\\\/\",\"name\":\"Le straordinarie avventure del conte bellunese Carlo Rudio. Cadetto austriaco, bombarolo, evaso ed ufficiale del 7mo Reggimento cavalleria del generale Custer - Bellunopress - Dolomiti\",\"isPartOf\":{\"@id\":\"https:\\\/\\\/www.bellunopress.it\\\/#website\"},\"primaryImageOfPage\":{\"@id\":\"https:\\\/\\\/www.bellunopress.it\\\/2010\\\/10\\\/30\\\/le-straordinarie-avventure-del-conte-bellunese-carlo-rudio-cadetto-austriaco-bombarolo-evaso-ed-ufficiale-del-7mo-reggimento-cavalleria-del-generale-custer\\\/#primaryimage\"},\"image\":{\"@id\":\"https:\\\/\\\/www.bellunopress.it\\\/2010\\\/10\\\/30\\\/le-straordinarie-avventure-del-conte-bellunese-carlo-rudio-cadetto-austriaco-bombarolo-evaso-ed-ufficiale-del-7mo-reggimento-cavalleria-del-generale-custer\\\/#primaryimage\"},\"thumbnailUrl\":\"http:\\\/\\\/www.bellunopress.it\\\/wp-content\\\/uploads\\\/2010\\\/10\\\/carlo-rudio-300x278.jpg\",\"datePublished\":\"2010-10-30T07:28:32+00:00\",\"dateModified\":\"2020-12-25T10:12:36+00:00\",\"breadcrumb\":{\"@id\":\"https:\\\/\\\/www.bellunopress.it\\\/2010\\\/10\\\/30\\\/le-straordinarie-avventure-del-conte-bellunese-carlo-rudio-cadetto-austriaco-bombarolo-evaso-ed-ufficiale-del-7mo-reggimento-cavalleria-del-generale-custer\\\/#breadcrumb\"},\"inLanguage\":\"fr-FR\",\"potentialAction\":[{\"@type\":\"ReadAction\",\"target\":[\"https:\\\/\\\/www.bellunopress.it\\\/2010\\\/10\\\/30\\\/le-straordinarie-avventure-del-conte-bellunese-carlo-rudio-cadetto-austriaco-bombarolo-evaso-ed-ufficiale-del-7mo-reggimento-cavalleria-del-generale-custer\\\/\"]}]},{\"@type\":\"ImageObject\",\"inLanguage\":\"fr-FR\",\"@id\":\"https:\\\/\\\/www.bellunopress.it\\\/2010\\\/10\\\/30\\\/le-straordinarie-avventure-del-conte-bellunese-carlo-rudio-cadetto-austriaco-bombarolo-evaso-ed-ufficiale-del-7mo-reggimento-cavalleria-del-generale-custer\\\/#primaryimage\",\"url\":\"http:\\\/\\\/www.bellunopress.it\\\/wp-content\\\/uploads\\\/2010\\\/10\\\/carlo-rudio-300x278.jpg\",\"contentUrl\":\"http:\\\/\\\/www.bellunopress.it\\\/wp-content\\\/uploads\\\/2010\\\/10\\\/carlo-rudio-300x278.jpg\"},{\"@type\":\"BreadcrumbList\",\"@id\":\"https:\\\/\\\/www.bellunopress.it\\\/2010\\\/10\\\/30\\\/le-straordinarie-avventure-del-conte-bellunese-carlo-rudio-cadetto-austriaco-bombarolo-evaso-ed-ufficiale-del-7mo-reggimento-cavalleria-del-generale-custer\\\/#breadcrumb\",\"itemListElement\":[{\"@type\":\"ListItem\",\"position\":1,\"name\":\"Home\",\"item\":\"https:\\\/\\\/www.bellunopress.it\\\/\"},{\"@type\":\"ListItem\",\"position\":2,\"name\":\"Le straordinarie avventure del conte bellunese Carlo Rudio. Cadetto austriaco, bombarolo, evaso ed ufficiale del 7mo Reggimento cavalleria del generale Custer\"}]},{\"@type\":\"WebSite\",\"@id\":\"https:\\\/\\\/www.bellunopress.it\\\/#website\",\"url\":\"https:\\\/\\\/www.bellunopress.it\\\/\",\"name\":\"Bellunopress - Dolomiti\",\"description\":\"e-mail: redazione@bellunopress.it\",\"publisher\":{\"@id\":\"https:\\\/\\\/www.bellunopress.it\\\/#organization\"},\"potentialAction\":[{\"@type\":\"SearchAction\",\"target\":{\"@type\":\"EntryPoint\",\"urlTemplate\":\"https:\\\/\\\/www.bellunopress.it\\\/?s={search_term_string}\"},\"query-input\":{\"@type\":\"PropertyValueSpecification\",\"valueRequired\":true,\"valueName\":\"search_term_string\"}}],\"inLanguage\":\"fr-FR\"},{\"@type\":\"Organization\",\"@id\":\"https:\\\/\\\/www.bellunopress.it\\\/#organization\",\"name\":\"Bellunopress\",\"url\":\"https:\\\/\\\/www.bellunopress.it\\\/\",\"logo\":{\"@type\":\"ImageObject\",\"inLanguage\":\"fr-FR\",\"@id\":\"https:\\\/\\\/www.bellunopress.it\\\/#\\\/schema\\\/logo\\\/image\\\/\",\"url\":\"https:\\\/\\\/www.bellunopress.it\\\/wp-content\\\/uploads\\\/2011\\\/05\\\/cropped-logo-bellunopress-.jpg\",\"contentUrl\":\"https:\\\/\\\/www.bellunopress.it\\\/wp-content\\\/uploads\\\/2011\\\/05\\\/cropped-logo-bellunopress-.jpg\",\"width\":512,\"height\":512,\"caption\":\"Bellunopress\"},\"image\":{\"@id\":\"https:\\\/\\\/www.bellunopress.it\\\/#\\\/schema\\\/logo\\\/image\\\/\"},\"sameAs\":[\"https:\\\/\\\/www.facebook.com\\\/profile.php?id=100008943462799\",\"https:\\\/\\\/x.com\\\/bellunopress\",\"https:\\\/\\\/www.linkedin.com\\\/hp\\\/?dnr=JBzUWaJfMUw8vbXJJ2tVW5-I3jZKvC4wsoxE&amp;amp;amp;amp;amp;amp;trk=nav_responsive_tab_home\",\"https:\\\/\\\/www.youtube.com\\\/channel\\\/UCxL0wu1uN0_3_7hGG0306cw\"]},{\"@type\":\"Person\",\"@id\":\"https:\\\/\\\/www.bellunopress.it\\\/#\\\/schema\\\/person\\\/79bb06722b37ece1c03d3e94beb30d73\",\"name\":\"redazione\",\"image\":{\"@type\":\"ImageObject\",\"inLanguage\":\"fr-FR\",\"@id\":\"https:\\\/\\\/secure.gravatar.com\\\/avatar\\\/37d968a2e67a6fd04c169c4bdef102d0bc5d31b2546345219e348575eb80e9a0?s=96&d=mm&r=g\",\"url\":\"https:\\\/\\\/secure.gravatar.com\\\/avatar\\\/37d968a2e67a6fd04c169c4bdef102d0bc5d31b2546345219e348575eb80e9a0?s=96&d=mm&r=g\",\"contentUrl\":\"https:\\\/\\\/secure.gravatar.com\\\/avatar\\\/37d968a2e67a6fd04c169c4bdef102d0bc5d31b2546345219e348575eb80e9a0?s=96&d=mm&r=g\",\"caption\":\"redazione\"},\"sameAs\":[\"http:\\\/\\\/www.bellunopress.it\",\"https:\\\/\\\/x.com\\\/bellunopress\"],\"url\":\"https:\\\/\\\/www.bellunopress.it\\\/fr\\\/author\\\/redazione\\\/\"}]}<\/script>\n<!-- \/ Yoast SEO plugin. -->","yoast_head_json":{"title":"Le straordinarie avventure del conte bellunese Carlo Rudio. Cadetto austriaco, bombarolo, evaso ed ufficiale del 7mo Reggimento cavalleria del generale Custer - Bellunopress - Dolomiti","robots":{"index":"index","follow":"follow","max-snippet":"max-snippet:-1","max-image-preview":"max-image-preview:large","max-video-preview":"max-video-preview:-1"},"canonical":"https:\/\/www.bellunopress.it\/fr\/2010\/10\/30\/le-straordinarie-avventure-del-conte-bellunese-carlo-rudio-cadetto-austriaco-bombarolo-evaso-ed-ufficiale-del-7mo-reggimento-cavalleria-del-generale-custer\/","og_locale":"fr_FR","og_type":"article","og_title":"Le straordinarie avventure del conte bellunese Carlo Rudio. Cadetto austriaco, bombarolo, evaso ed ufficiale del 7mo Reggimento cavalleria del generale Custer - Bellunopress - Dolomiti","og_description":"Cento anni fa, il I novembre 1910 moriva a Pasadena (Los Angeles &#8211; California) il conte bellunese Carlo Rudio (o di Rudio) le cui avventure sono raccontate da Cesare Marino nel libro di recente ristampa dal titolo \u201cDal Piave a Little Bighorn\u201d. Settantaquattro anni prima di Angelo Sbardellotto, il giovane anarchico di Villa di Villa [&hellip;]","og_url":"https:\/\/www.bellunopress.it\/fr\/2010\/10\/30\/le-straordinarie-avventure-del-conte-bellunese-carlo-rudio-cadetto-austriaco-bombarolo-evaso-ed-ufficiale-del-7mo-reggimento-cavalleria-del-generale-custer\/","og_site_name":"Bellunopress - Dolomiti","article_publisher":"https:\/\/www.facebook.com\/profile.php?id=100008943462799","article_published_time":"2010-10-30T07:28:32+00:00","article_modified_time":"2020-12-25T10:12:36+00:00","og_image":[{"url":"http:\/\/www.bellunopress.it\/wp-content\/uploads\/2010\/10\/carlo-rudio-300x278.jpg","type":"","width":"","height":""}],"author":"redazione","twitter_card":"summary_large_image","twitter_creator":"@bellunopress","twitter_site":"@bellunopress","twitter_misc":{"\u00c9crit par":"redazione","Dur\u00e9e de lecture estim\u00e9e":"5 minutes"},"schema":{"@context":"https:\/\/schema.org","@graph":[{"@type":"Article","@id":"https:\/\/www.bellunopress.it\/2010\/10\/30\/le-straordinarie-avventure-del-conte-bellunese-carlo-rudio-cadetto-austriaco-bombarolo-evaso-ed-ufficiale-del-7mo-reggimento-cavalleria-del-generale-custer\/#article","isPartOf":{"@id":"https:\/\/www.bellunopress.it\/2010\/10\/30\/le-straordinarie-avventure-del-conte-bellunese-carlo-rudio-cadetto-austriaco-bombarolo-evaso-ed-ufficiale-del-7mo-reggimento-cavalleria-del-generale-custer\/"},"author":{"name":"redazione","@id":"https:\/\/www.bellunopress.it\/#\/schema\/person\/79bb06722b37ece1c03d3e94beb30d73"},"headline":"Le straordinarie avventure del conte bellunese Carlo Rudio. Cadetto austriaco, bombarolo, evaso ed ufficiale del 7mo Reggimento cavalleria del generale Custer","datePublished":"2010-10-30T07:28:32+00:00","dateModified":"2020-12-25T10:12:36+00:00","mainEntityOfPage":{"@id":"https:\/\/www.bellunopress.it\/2010\/10\/30\/le-straordinarie-avventure-del-conte-bellunese-carlo-rudio-cadetto-austriaco-bombarolo-evaso-ed-ufficiale-del-7mo-reggimento-cavalleria-del-generale-custer\/"},"wordCount":1091,"publisher":{"@id":"https:\/\/www.bellunopress.it\/#organization"},"image":{"@id":"https:\/\/www.bellunopress.it\/2010\/10\/30\/le-straordinarie-avventure-del-conte-bellunese-carlo-rudio-cadetto-austriaco-bombarolo-evaso-ed-ufficiale-del-7mo-reggimento-cavalleria-del-generale-custer\/#primaryimage"},"thumbnailUrl":"http:\/\/www.bellunopress.it\/wp-content\/uploads\/2010\/10\/carlo-rudio-300x278.jpg","keywords":["Carlo Rudio","Cesare Marino","Charles di Rudio","Dal Piave a Little Bighorn"],"articleSection":["Gli speciali di Bellunopress","Prima Pagina"],"inLanguage":"fr-FR"},{"@type":"WebPage","@id":"https:\/\/www.bellunopress.it\/2010\/10\/30\/le-straordinarie-avventure-del-conte-bellunese-carlo-rudio-cadetto-austriaco-bombarolo-evaso-ed-ufficiale-del-7mo-reggimento-cavalleria-del-generale-custer\/","url":"https:\/\/www.bellunopress.it\/2010\/10\/30\/le-straordinarie-avventure-del-conte-bellunese-carlo-rudio-cadetto-austriaco-bombarolo-evaso-ed-ufficiale-del-7mo-reggimento-cavalleria-del-generale-custer\/","name":"Le straordinarie avventure del conte bellunese Carlo Rudio. Cadetto austriaco, bombarolo, evaso ed ufficiale del 7mo Reggimento cavalleria del generale Custer - Bellunopress - Dolomiti","isPartOf":{"@id":"https:\/\/www.bellunopress.it\/#website"},"primaryImageOfPage":{"@id":"https:\/\/www.bellunopress.it\/2010\/10\/30\/le-straordinarie-avventure-del-conte-bellunese-carlo-rudio-cadetto-austriaco-bombarolo-evaso-ed-ufficiale-del-7mo-reggimento-cavalleria-del-generale-custer\/#primaryimage"},"image":{"@id":"https:\/\/www.bellunopress.it\/2010\/10\/30\/le-straordinarie-avventure-del-conte-bellunese-carlo-rudio-cadetto-austriaco-bombarolo-evaso-ed-ufficiale-del-7mo-reggimento-cavalleria-del-generale-custer\/#primaryimage"},"thumbnailUrl":"http:\/\/www.bellunopress.it\/wp-content\/uploads\/2010\/10\/carlo-rudio-300x278.jpg","datePublished":"2010-10-30T07:28:32+00:00","dateModified":"2020-12-25T10:12:36+00:00","breadcrumb":{"@id":"https:\/\/www.bellunopress.it\/2010\/10\/30\/le-straordinarie-avventure-del-conte-bellunese-carlo-rudio-cadetto-austriaco-bombarolo-evaso-ed-ufficiale-del-7mo-reggimento-cavalleria-del-generale-custer\/#breadcrumb"},"inLanguage":"fr-FR","potentialAction":[{"@type":"ReadAction","target":["https:\/\/www.bellunopress.it\/2010\/10\/30\/le-straordinarie-avventure-del-conte-bellunese-carlo-rudio-cadetto-austriaco-bombarolo-evaso-ed-ufficiale-del-7mo-reggimento-cavalleria-del-generale-custer\/"]}]},{"@type":"ImageObject","inLanguage":"fr-FR","@id":"https:\/\/www.bellunopress.it\/2010\/10\/30\/le-straordinarie-avventure-del-conte-bellunese-carlo-rudio-cadetto-austriaco-bombarolo-evaso-ed-ufficiale-del-7mo-reggimento-cavalleria-del-generale-custer\/#primaryimage","url":"http:\/\/www.bellunopress.it\/wp-content\/uploads\/2010\/10\/carlo-rudio-300x278.jpg","contentUrl":"http:\/\/www.bellunopress.it\/wp-content\/uploads\/2010\/10\/carlo-rudio-300x278.jpg"},{"@type":"BreadcrumbList","@id":"https:\/\/www.bellunopress.it\/2010\/10\/30\/le-straordinarie-avventure-del-conte-bellunese-carlo-rudio-cadetto-austriaco-bombarolo-evaso-ed-ufficiale-del-7mo-reggimento-cavalleria-del-generale-custer\/#breadcrumb","itemListElement":[{"@type":"ListItem","position":1,"name":"Home","item":"https:\/\/www.bellunopress.it\/"},{"@type":"ListItem","position":2,"name":"Le straordinarie avventure del conte bellunese Carlo Rudio. Cadetto austriaco, bombarolo, evaso ed ufficiale del 7mo Reggimento cavalleria del generale Custer"}]},{"@type":"WebSite","@id":"https:\/\/www.bellunopress.it\/#website","url":"https:\/\/www.bellunopress.it\/","name":"Bellunopress - Dolomiti","description":"e-mail: redazione@bellunopress.it","publisher":{"@id":"https:\/\/www.bellunopress.it\/#organization"},"potentialAction":[{"@type":"SearchAction","target":{"@type":"EntryPoint","urlTemplate":"https:\/\/www.bellunopress.it\/?s={search_term_string}"},"query-input":{"@type":"PropertyValueSpecification","valueRequired":true,"valueName":"search_term_string"}}],"inLanguage":"fr-FR"},{"@type":"Organization","@id":"https:\/\/www.bellunopress.it\/#organization","name":"Bellunopress","url":"https:\/\/www.bellunopress.it\/","logo":{"@type":"ImageObject","inLanguage":"fr-FR","@id":"https:\/\/www.bellunopress.it\/#\/schema\/logo\/image\/","url":"https:\/\/www.bellunopress.it\/wp-content\/uploads\/2011\/05\/cropped-logo-bellunopress-.jpg","contentUrl":"https:\/\/www.bellunopress.it\/wp-content\/uploads\/2011\/05\/cropped-logo-bellunopress-.jpg","width":512,"height":512,"caption":"Bellunopress"},"image":{"@id":"https:\/\/www.bellunopress.it\/#\/schema\/logo\/image\/"},"sameAs":["https:\/\/www.facebook.com\/profile.php?id=100008943462799","https:\/\/x.com\/bellunopress","https:\/\/www.linkedin.com\/hp\/?dnr=JBzUWaJfMUw8vbXJJ2tVW5-I3jZKvC4wsoxE&amp;amp;amp;amp;amp;amp;trk=nav_responsive_tab_home","https:\/\/www.youtube.com\/channel\/UCxL0wu1uN0_3_7hGG0306cw"]},{"@type":"Person","@id":"https:\/\/www.bellunopress.it\/#\/schema\/person\/79bb06722b37ece1c03d3e94beb30d73","name":"r\u00e9daction","image":{"@type":"ImageObject","inLanguage":"fr-FR","@id":"https:\/\/secure.gravatar.com\/avatar\/37d968a2e67a6fd04c169c4bdef102d0bc5d31b2546345219e348575eb80e9a0?s=96&d=mm&r=g","url":"https:\/\/secure.gravatar.com\/avatar\/37d968a2e67a6fd04c169c4bdef102d0bc5d31b2546345219e348575eb80e9a0?s=96&d=mm&r=g","contentUrl":"https:\/\/secure.gravatar.com\/avatar\/37d968a2e67a6fd04c169c4bdef102d0bc5d31b2546345219e348575eb80e9a0?s=96&d=mm&r=g","caption":"redazione"},"sameAs":["http:\/\/www.bellunopress.it","https:\/\/x.com\/bellunopress"],"url":"https:\/\/www.bellunopress.it\/fr\/author\/redazione\/"}]}},"_links":{"self":[{"href":"https:\/\/www.bellunopress.it\/fr\/wp-json\/wp\/v2\/posts\/20667","targetHints":{"allow":["GET"]}}],"collection":[{"href":"https:\/\/www.bellunopress.it\/fr\/wp-json\/wp\/v2\/posts"}],"about":[{"href":"https:\/\/www.bellunopress.it\/fr\/wp-json\/wp\/v2\/types\/post"}],"author":[{"embeddable":true,"href":"https:\/\/www.bellunopress.it\/fr\/wp-json\/wp\/v2\/users\/2"}],"replies":[{"embeddable":true,"href":"https:\/\/www.bellunopress.it\/fr\/wp-json\/wp\/v2\/comments?post=20667"}],"version-history":[{"count":5,"href":"https:\/\/www.bellunopress.it\/fr\/wp-json\/wp\/v2\/posts\/20667\/revisions"}],"predecessor-version":[{"id":120389,"href":"https:\/\/www.bellunopress.it\/fr\/wp-json\/wp\/v2\/posts\/20667\/revisions\/120389"}],"wp:attachment":[{"href":"https:\/\/www.bellunopress.it\/fr\/wp-json\/wp\/v2\/media?parent=20667"}],"wp:term":[{"taxonomy":"category","embeddable":true,"href":"https:\/\/www.bellunopress.it\/fr\/wp-json\/wp\/v2\/categories?post=20667"},{"taxonomy":"post_tag","embeddable":true,"href":"https:\/\/www.bellunopress.it\/fr\/wp-json\/wp\/v2\/tags?post=20667"}],"curies":[{"name":"wp","href":"https:\/\/api.w.org\/{rel}","templated":true}]}}