{"id":20593,"date":"2010-10-28T10:44:55","date_gmt":"2010-10-28T08:44:55","guid":{"rendered":"http:\/\/www.bellunopress.it\/?p=20593"},"modified":"2010-10-28T10:46:00","modified_gmt":"2010-10-28T08:46:00","slug":"belluno-via-alla-25ma-edizione-dellex-tempore-di-scultura-su-legno","status":"publish","type":"post","link":"https:\/\/www.bellunopress.it\/fr\/2010\/10\/28\/belluno-via-alla-25ma-edizione-dellex-tempore-di-scultura-su-legno\/","title":{"rendered":"Belluno: via alla 25ma edizione dell&#8217;Ex  tempore di scultura su legno"},"content":{"rendered":"<p>Prende il via domenica 31 ottobre la 25ma edizione Ex tempore di scultura su legno. La manifestazione, legata alla storia e alla tradizione bellunese offre un fitto calendario di eventi, con concerti ed incontri. &#8220;Il telaio artistico con l&#8217;esibizione degli scultori \u00e8 stato mantenuto intatto &#8211; ha detto Massimo Caprero &#8211; novit\u00e0 di quest&#8217;anno \u00e8 l&#8217;inserimernto di un villaggio ligneo con alcuni micro eventi sabato 30 e domenica 31 ottobre in piazza dei Martiri&#8221;. Quest&#8217;anno la manifestazione cade anche nel 25mo delle Universiadi bellunesi e nel centenario dello scrittore Beniamino Dal Fabbro, anniversari che saranno ricordati con specifici incontri. All&#8217;allestimento delle strutture partecipa il Servizio forestale regionale che avr\u00e0 anche degli stand con del personale per informare sulle questioni burocratiche del taglio del legno e sul patrimonio di cultura che c&#8217;\u00e8 dietro il bosco.La manifestazione gode del finanziamento di 20mila euro della Regione Veneto ed \u00e8 stata organizzata dal Consorzio centro storico di Belluno.\u00a0<br \/>\n<strong>Il programma in sintesi<\/strong><br \/>\nDomenica 31 ottobre in Palazzo Crepadona ore 16.00 Cerimonia inaugurale e presentazione degli scultori<br \/>\nDomenica 7 novembre all&#8217;Auditorium Comunale ore 16.00 Cerimonia di chiusura e assegnazione dei Premi Giuria, Stampa Bellunese e FIDAPA<br \/>\n&#8211; Premio Giuria assegnato alla migliore scultura su tema di libera ispirazione<br \/>\n&#8211; Premio Stampa Bellunese assegnato da una giuria di giornalisti locali alla migliore scultura realizzata da un artista bellunese<br \/>\n&#8211; Premio F.I.D.A.P.A. assegnato dalla Federazione Italiana Donne Arti Professioni e Affari all&#8217;opera pi\u00f9 signficativa con tema &#8220;Il rispetto della donna, il valore di culture e tradizioni. La condizione problematica della donna nelle societ\u00e0 d&#8217;oggi&#8221;<br \/>\nDa luned\u00ec 8 a domenica 14 novembre<br \/>\nPalazzo Crepadona orario 10-13 \/ 16-19 Esposizione delle opere realizzate quest&#8217;anno: le sculture possono essere votate dai cittadini e dalle scuole per assegnare i Premi \u201dCitt\u00e0 di Belluno\u201d e \u201cScuola\u201d<br \/>\nEventi collaterali<br \/>\nSabato 30 e domenica 31 ottobre la Rassegna dedicata ad arte e artigianato ligneo in piazza dei Martiri, orario 9 &#8211; 19 con la partecipazione di Artigianato Clautano, Consorzio Mascherai Alpini, Scuola del Legno di Sedico e Servizio Forestale Regionale<br \/>\ndal 30 ottobre al 6 novembre Mostra personale dello scultore Alessandro Pavone vincitore del<br \/>\nPremio Giuria 2009\u00a0 a Palazzo Crepadona da marted\u00ec a domenica 10-13 \/ 16-19 (luned\u00ec chiuso)<br \/>\n<a href=\"http:\/\/www.alessandropavone.it\">www.alessandropavone.it<\/a><br \/>\ndal 2 al 6 novembre<br \/>\nLaboratorio di scultura riservato alle scuole primarie della Provincia a cura della Scuola del Legno di Sedico (BL) Piazza dei Martiri<br \/>\nSabato 6 e domenica 7 novembre Artigiani in Piazza mostra-mercato a cura dell\u2019Associazione Produttori Artigianato Artistico e Tradizionale <a href=\"http:\/\/www.artigianiinpiazza.it\">www.artigianiinpiazza.it<\/a> piazza dei Martiri orario 9 &#8211; 19<br \/>\nGioved\u00ec 11 novembre la cerimonia di consegna del Premio San Martino al teatro Comunale;<br \/>\nDomenica 14 novembre la Fiera di San Martino in centro con esposizione dei prodotti locali;<br \/>\nDal 20 novembre al 30 dicembre Mostra antologica 25 anni di Ex Tempore\u00a0 Palazzo Crepadona<br \/>\nda marted\u00ec a domenica 10-13 \/ 16-19 (luned\u00ec chiuso)<\/p>\n<p><strong>Gli artisti<br \/>\n<\/strong>Sono venti gli artisti che parteciperanno all&#8217;ex tempore, selezionati dall&#8217;architetto Gianluca D&#8217;Inc\u00e0 Levis (GaBls). Rispetto alle precedenti edizioni vi sono due nuovi artisti, Zeni Gianluigi e Corni Isabella. Ecco l&#8217;elenco completo:\u00a0 Barattin Raul S.Martino di Chies d&#8217;Alpago (BL);\u00a0 Bettoni Angelo Perloz (AO);\u00a0 Corni Isabella Strambino (TO);\u00a0 De Marchi Luciano, Campiglia dei Berici; De Martin Topranin Fabiano, Padola di Comelico Sup. (BL); Ferretti Silvano Chatillon (AO); Gasperina Arianna Valvasone (PN);\u00a0 Iral Mario Padova ; Lorenzet Beppino Mel (BL); Maschio Franco Maiano (UD);\u00a0 MaxSolinas Cison di Valmarino (TV); Merotto Robero Falz\u00e8 di Piave (TV); Mezzacasa Albino La valle Agordina (BL);\u00a0 Modotti Angela Maniaga (PN);\u00a0 Pescollderungg Pepi Folgaria (TN); Sanna Edi Milano; Sieff Matthias Campitello di Fassa (TN); Vivian Paolo Madrano (TN); Wierer Kurt Rasun di Sotto (BZ); Zeni Gianluigi Mezzano di Premiero (TN).<\/p>","protected":false},"excerpt":{"rendered":"<p>Prende il via domenica 31 ottobre la 25ma edizione Ex tempore di scultura su legno. La manifestazione, legata alla storia e alla tradizione bellunese offre un fitto calendario di eventi, con concerti ed incontri. &#8220;Il telaio artistico con l&#8217;esibizione degli scultori \u00e8 stato mantenuto intatto &#8211; ha detto Massimo Caprero &#8211; novit\u00e0 di quest&#8217;anno \u00e8 [&hellip;]<\/p>\n","protected":false},"author":2,"featured_media":0,"comment_status":"closed","ping_status":"open","sticky":false,"template":"","format":"standard","meta":{"footnotes":""},"categories":[27,3,25],"tags":[139],"class_list":["post-20593","post","type-post","status-publish","format-standard","category-appuntamenti","category-arte-cultura-spettacoli-scienza-archivi","category-pausa-caffe","tag-belluno"],"yoast_head":"<!-- This site is optimized with the Yoast SEO plugin v28.4 - https:\/\/yoast.com\/product\/yoast-seo-wordpress\/ -->\n<title>Belluno: via alla 25ma edizione dell&#039;Ex tempore di scultura su legno - Bellunopress - Dolomiti<\/title>\n<meta name=\"robots\" content=\"index, follow, max-snippet:-1, max-image-preview:large, max-video-preview:-1\" \/>\n<link rel=\"canonical\" href=\"https:\/\/www.bellunopress.it\/fr\/2010\/10\/28\/belluno-via-alla-25ma-edizione-dellex-tempore-di-scultura-su-legno\/\" \/>\n<meta property=\"og:locale\" content=\"fr_FR\" \/>\n<meta property=\"og:type\" content=\"article\" \/>\n<meta property=\"og:title\" content=\"Belluno: via alla 25ma edizione dell&#039;Ex tempore di scultura su legno - Bellunopress - Dolomiti\" \/>\n<meta property=\"og:description\" content=\"Prende il via domenica 31 ottobre la 25ma edizione Ex tempore di scultura su legno. La manifestazione, legata alla storia e alla tradizione bellunese offre un fitto calendario di eventi, con concerti ed incontri. &#8220;Il telaio artistico con l&#8217;esibizione degli scultori \u00e8 stato mantenuto intatto &#8211; ha detto Massimo Caprero &#8211; novit\u00e0 di quest&#8217;anno \u00e8 [&hellip;]\" \/>\n<meta property=\"og:url\" content=\"https:\/\/www.bellunopress.it\/fr\/2010\/10\/28\/belluno-via-alla-25ma-edizione-dellex-tempore-di-scultura-su-legno\/\" \/>\n<meta property=\"og:site_name\" content=\"Bellunopress - Dolomiti\" \/>\n<meta property=\"article:publisher\" content=\"https:\/\/www.facebook.com\/profile.php?id=100008943462799\" \/>\n<meta property=\"article:published_time\" content=\"2010-10-28T08:44:55+00:00\" \/>\n<meta property=\"article:modified_time\" content=\"2010-10-28T08:46:00+00:00\" \/>\n<meta property=\"og:image\" content=\"http:\/\/www.bellunopress.it\/wp-content\/uploads\/2012\/07\/logo-bellunopress-250x250-2012.jpg\" \/>\n<meta name=\"author\" content=\"redazione\" \/>\n<meta name=\"twitter:card\" content=\"summary_large_image\" \/>\n<meta name=\"twitter:creator\" content=\"@bellunopress\" \/>\n<meta name=\"twitter:site\" content=\"@bellunopress\" \/>\n<meta name=\"twitter:label1\" content=\"\u00c9crit par\" \/>\n\t<meta name=\"twitter:data1\" content=\"redazione\" \/>\n\t<meta name=\"twitter:label2\" content=\"Dur\u00e9e de lecture estim\u00e9e\" \/>\n\t<meta name=\"twitter:data2\" content=\"3 minutes\" \/>\n<script type=\"application\/ld+json\" class=\"yoast-schema-graph\">{\"@context\":\"https:\\\/\\\/schema.org\",\"@graph\":[{\"@type\":\"Article\",\"@id\":\"https:\\\/\\\/www.bellunopress.it\\\/2010\\\/10\\\/28\\\/belluno-via-alla-25ma-edizione-dellex-tempore-di-scultura-su-legno\\\/#article\",\"isPartOf\":{\"@id\":\"https:\\\/\\\/www.bellunopress.it\\\/2010\\\/10\\\/28\\\/belluno-via-alla-25ma-edizione-dellex-tempore-di-scultura-su-legno\\\/\"},\"author\":{\"name\":\"redazione\",\"@id\":\"https:\\\/\\\/www.bellunopress.it\\\/#\\\/schema\\\/person\\\/79bb06722b37ece1c03d3e94beb30d73\"},\"headline\":\"Belluno: via alla 25ma edizione dell&#8217;Ex tempore di scultura su legno\",\"datePublished\":\"2010-10-28T08:44:55+00:00\",\"dateModified\":\"2010-10-28T08:46:00+00:00\",\"mainEntityOfPage\":{\"@id\":\"https:\\\/\\\/www.bellunopress.it\\\/2010\\\/10\\\/28\\\/belluno-via-alla-25ma-edizione-dellex-tempore-di-scultura-su-legno\\\/\"},\"wordCount\":608,\"publisher\":{\"@id\":\"https:\\\/\\\/www.bellunopress.it\\\/#organization\"},\"keywords\":[\"Belluno\"],\"articleSection\":[\"Appuntamenti, Eventi\",\"Arte, Cultura, Spettacoli, Scienza\",\"Pausa Caff\u00e8\"],\"inLanguage\":\"fr-FR\"},{\"@type\":\"WebPage\",\"@id\":\"https:\\\/\\\/www.bellunopress.it\\\/2010\\\/10\\\/28\\\/belluno-via-alla-25ma-edizione-dellex-tempore-di-scultura-su-legno\\\/\",\"url\":\"https:\\\/\\\/www.bellunopress.it\\\/2010\\\/10\\\/28\\\/belluno-via-alla-25ma-edizione-dellex-tempore-di-scultura-su-legno\\\/\",\"name\":\"Belluno: via alla 25ma edizione dell'Ex tempore di scultura su legno - Bellunopress - Dolomiti\",\"isPartOf\":{\"@id\":\"https:\\\/\\\/www.bellunopress.it\\\/#website\"},\"datePublished\":\"2010-10-28T08:44:55+00:00\",\"dateModified\":\"2010-10-28T08:46:00+00:00\",\"breadcrumb\":{\"@id\":\"https:\\\/\\\/www.bellunopress.it\\\/2010\\\/10\\\/28\\\/belluno-via-alla-25ma-edizione-dellex-tempore-di-scultura-su-legno\\\/#breadcrumb\"},\"inLanguage\":\"fr-FR\",\"potentialAction\":[{\"@type\":\"ReadAction\",\"target\":[\"https:\\\/\\\/www.bellunopress.it\\\/2010\\\/10\\\/28\\\/belluno-via-alla-25ma-edizione-dellex-tempore-di-scultura-su-legno\\\/\"]}]},{\"@type\":\"BreadcrumbList\",\"@id\":\"https:\\\/\\\/www.bellunopress.it\\\/2010\\\/10\\\/28\\\/belluno-via-alla-25ma-edizione-dellex-tempore-di-scultura-su-legno\\\/#breadcrumb\",\"itemListElement\":[{\"@type\":\"ListItem\",\"position\":1,\"name\":\"Home\",\"item\":\"https:\\\/\\\/www.bellunopress.it\\\/\"},{\"@type\":\"ListItem\",\"position\":2,\"name\":\"Belluno: via alla 25ma edizione dell&#8217;Ex tempore di scultura su legno\"}]},{\"@type\":\"WebSite\",\"@id\":\"https:\\\/\\\/www.bellunopress.it\\\/#website\",\"url\":\"https:\\\/\\\/www.bellunopress.it\\\/\",\"name\":\"Bellunopress - Dolomiti\",\"description\":\"e-mail: redazione@bellunopress.it\",\"publisher\":{\"@id\":\"https:\\\/\\\/www.bellunopress.it\\\/#organization\"},\"potentialAction\":[{\"@type\":\"SearchAction\",\"target\":{\"@type\":\"EntryPoint\",\"urlTemplate\":\"https:\\\/\\\/www.bellunopress.it\\\/?s={search_term_string}\"},\"query-input\":{\"@type\":\"PropertyValueSpecification\",\"valueRequired\":true,\"valueName\":\"search_term_string\"}}],\"inLanguage\":\"fr-FR\"},{\"@type\":\"Organization\",\"@id\":\"https:\\\/\\\/www.bellunopress.it\\\/#organization\",\"name\":\"Bellunopress\",\"url\":\"https:\\\/\\\/www.bellunopress.it\\\/\",\"logo\":{\"@type\":\"ImageObject\",\"inLanguage\":\"fr-FR\",\"@id\":\"https:\\\/\\\/www.bellunopress.it\\\/#\\\/schema\\\/logo\\\/image\\\/\",\"url\":\"https:\\\/\\\/www.bellunopress.it\\\/wp-content\\\/uploads\\\/2011\\\/05\\\/cropped-logo-bellunopress-.jpg\",\"contentUrl\":\"https:\\\/\\\/www.bellunopress.it\\\/wp-content\\\/uploads\\\/2011\\\/05\\\/cropped-logo-bellunopress-.jpg\",\"width\":512,\"height\":512,\"caption\":\"Bellunopress\"},\"image\":{\"@id\":\"https:\\\/\\\/www.bellunopress.it\\\/#\\\/schema\\\/logo\\\/image\\\/\"},\"sameAs\":[\"https:\\\/\\\/www.facebook.com\\\/profile.php?id=100008943462799\",\"https:\\\/\\\/x.com\\\/bellunopress\",\"https:\\\/\\\/www.linkedin.com\\\/hp\\\/?dnr=JBzUWaJfMUw8vbXJJ2tVW5-I3jZKvC4wsoxE&amp;amp;amp;amp;amp;amp;trk=nav_responsive_tab_home\",\"https:\\\/\\\/www.youtube.com\\\/channel\\\/UCxL0wu1uN0_3_7hGG0306cw\"]},{\"@type\":\"Person\",\"@id\":\"https:\\\/\\\/www.bellunopress.it\\\/#\\\/schema\\\/person\\\/79bb06722b37ece1c03d3e94beb30d73\",\"name\":\"redazione\",\"image\":{\"@type\":\"ImageObject\",\"inLanguage\":\"fr-FR\",\"@id\":\"https:\\\/\\\/secure.gravatar.com\\\/avatar\\\/37d968a2e67a6fd04c169c4bdef102d0bc5d31b2546345219e348575eb80e9a0?s=96&d=mm&r=g\",\"url\":\"https:\\\/\\\/secure.gravatar.com\\\/avatar\\\/37d968a2e67a6fd04c169c4bdef102d0bc5d31b2546345219e348575eb80e9a0?s=96&d=mm&r=g\",\"contentUrl\":\"https:\\\/\\\/secure.gravatar.com\\\/avatar\\\/37d968a2e67a6fd04c169c4bdef102d0bc5d31b2546345219e348575eb80e9a0?s=96&d=mm&r=g\",\"caption\":\"redazione\"},\"sameAs\":[\"http:\\\/\\\/www.bellunopress.it\",\"https:\\\/\\\/x.com\\\/bellunopress\"],\"url\":\"https:\\\/\\\/www.bellunopress.it\\\/fr\\\/author\\\/redazione\\\/\"}]}<\/script>\n<!-- \/ Yoast SEO plugin. -->","yoast_head_json":{"title":"Belluno: via alla 25ma edizione dell'Ex tempore di scultura su legno - Bellunopress - Dolomiti","robots":{"index":"index","follow":"follow","max-snippet":"max-snippet:-1","max-image-preview":"max-image-preview:large","max-video-preview":"max-video-preview:-1"},"canonical":"https:\/\/www.bellunopress.it\/fr\/2010\/10\/28\/belluno-via-alla-25ma-edizione-dellex-tempore-di-scultura-su-legno\/","og_locale":"fr_FR","og_type":"article","og_title":"Belluno: via alla 25ma edizione dell'Ex tempore di scultura su legno - Bellunopress - Dolomiti","og_description":"Prende il via domenica 31 ottobre la 25ma edizione Ex tempore di scultura su legno. La manifestazione, legata alla storia e alla tradizione bellunese offre un fitto calendario di eventi, con concerti ed incontri. &#8220;Il telaio artistico con l&#8217;esibizione degli scultori \u00e8 stato mantenuto intatto &#8211; ha detto Massimo Caprero &#8211; novit\u00e0 di quest&#8217;anno \u00e8 [&hellip;]","og_url":"https:\/\/www.bellunopress.it\/fr\/2010\/10\/28\/belluno-via-alla-25ma-edizione-dellex-tempore-di-scultura-su-legno\/","og_site_name":"Bellunopress - Dolomiti","article_publisher":"https:\/\/www.facebook.com\/profile.php?id=100008943462799","article_published_time":"2010-10-28T08:44:55+00:00","article_modified_time":"2010-10-28T08:46:00+00:00","og_image":[{"url":"http:\/\/www.bellunopress.it\/wp-content\/uploads\/2012\/07\/logo-bellunopress-250x250-2012.jpg","type":"","width":"","height":""}],"author":"redazione","twitter_card":"summary_large_image","twitter_creator":"@bellunopress","twitter_site":"@bellunopress","twitter_misc":{"\u00c9crit par":"redazione","Dur\u00e9e de lecture estim\u00e9e":"3 minutes"},"schema":{"@context":"https:\/\/schema.org","@graph":[{"@type":"Article","@id":"https:\/\/www.bellunopress.it\/2010\/10\/28\/belluno-via-alla-25ma-edizione-dellex-tempore-di-scultura-su-legno\/#article","isPartOf":{"@id":"https:\/\/www.bellunopress.it\/2010\/10\/28\/belluno-via-alla-25ma-edizione-dellex-tempore-di-scultura-su-legno\/"},"author":{"name":"redazione","@id":"https:\/\/www.bellunopress.it\/#\/schema\/person\/79bb06722b37ece1c03d3e94beb30d73"},"headline":"Belluno: via alla 25ma edizione dell&#8217;Ex tempore di scultura su legno","datePublished":"2010-10-28T08:44:55+00:00","dateModified":"2010-10-28T08:46:00+00:00","mainEntityOfPage":{"@id":"https:\/\/www.bellunopress.it\/2010\/10\/28\/belluno-via-alla-25ma-edizione-dellex-tempore-di-scultura-su-legno\/"},"wordCount":608,"publisher":{"@id":"https:\/\/www.bellunopress.it\/#organization"},"keywords":["Belluno"],"articleSection":["Appuntamenti, Eventi","Arte, Cultura, Spettacoli, Scienza","Pausa Caff\u00e8"],"inLanguage":"fr-FR"},{"@type":"WebPage","@id":"https:\/\/www.bellunopress.it\/2010\/10\/28\/belluno-via-alla-25ma-edizione-dellex-tempore-di-scultura-su-legno\/","url":"https:\/\/www.bellunopress.it\/2010\/10\/28\/belluno-via-alla-25ma-edizione-dellex-tempore-di-scultura-su-legno\/","name":"Belluno: via alla 25ma edizione dell'Ex tempore di scultura su legno - Bellunopress - Dolomiti","isPartOf":{"@id":"https:\/\/www.bellunopress.it\/#website"},"datePublished":"2010-10-28T08:44:55+00:00","dateModified":"2010-10-28T08:46:00+00:00","breadcrumb":{"@id":"https:\/\/www.bellunopress.it\/2010\/10\/28\/belluno-via-alla-25ma-edizione-dellex-tempore-di-scultura-su-legno\/#breadcrumb"},"inLanguage":"fr-FR","potentialAction":[{"@type":"ReadAction","target":["https:\/\/www.bellunopress.it\/2010\/10\/28\/belluno-via-alla-25ma-edizione-dellex-tempore-di-scultura-su-legno\/"]}]},{"@type":"BreadcrumbList","@id":"https:\/\/www.bellunopress.it\/2010\/10\/28\/belluno-via-alla-25ma-edizione-dellex-tempore-di-scultura-su-legno\/#breadcrumb","itemListElement":[{"@type":"ListItem","position":1,"name":"Home","item":"https:\/\/www.bellunopress.it\/"},{"@type":"ListItem","position":2,"name":"Belluno: via alla 25ma edizione dell&#8217;Ex tempore di scultura su legno"}]},{"@type":"WebSite","@id":"https:\/\/www.bellunopress.it\/#website","url":"https:\/\/www.bellunopress.it\/","name":"Bellunopress - Dolomiti","description":"e-mail: redazione@bellunopress.it","publisher":{"@id":"https:\/\/www.bellunopress.it\/#organization"},"potentialAction":[{"@type":"SearchAction","target":{"@type":"EntryPoint","urlTemplate":"https:\/\/www.bellunopress.it\/?s={search_term_string}"},"query-input":{"@type":"PropertyValueSpecification","valueRequired":true,"valueName":"search_term_string"}}],"inLanguage":"fr-FR"},{"@type":"Organization","@id":"https:\/\/www.bellunopress.it\/#organization","name":"Bellunopress","url":"https:\/\/www.bellunopress.it\/","logo":{"@type":"ImageObject","inLanguage":"fr-FR","@id":"https:\/\/www.bellunopress.it\/#\/schema\/logo\/image\/","url":"https:\/\/www.bellunopress.it\/wp-content\/uploads\/2011\/05\/cropped-logo-bellunopress-.jpg","contentUrl":"https:\/\/www.bellunopress.it\/wp-content\/uploads\/2011\/05\/cropped-logo-bellunopress-.jpg","width":512,"height":512,"caption":"Bellunopress"},"image":{"@id":"https:\/\/www.bellunopress.it\/#\/schema\/logo\/image\/"},"sameAs":["https:\/\/www.facebook.com\/profile.php?id=100008943462799","https:\/\/x.com\/bellunopress","https:\/\/www.linkedin.com\/hp\/?dnr=JBzUWaJfMUw8vbXJJ2tVW5-I3jZKvC4wsoxE&amp;amp;amp;amp;amp;amp;trk=nav_responsive_tab_home","https:\/\/www.youtube.com\/channel\/UCxL0wu1uN0_3_7hGG0306cw"]},{"@type":"Person","@id":"https:\/\/www.bellunopress.it\/#\/schema\/person\/79bb06722b37ece1c03d3e94beb30d73","name":"r\u00e9daction","image":{"@type":"ImageObject","inLanguage":"fr-FR","@id":"https:\/\/secure.gravatar.com\/avatar\/37d968a2e67a6fd04c169c4bdef102d0bc5d31b2546345219e348575eb80e9a0?s=96&d=mm&r=g","url":"https:\/\/secure.gravatar.com\/avatar\/37d968a2e67a6fd04c169c4bdef102d0bc5d31b2546345219e348575eb80e9a0?s=96&d=mm&r=g","contentUrl":"https:\/\/secure.gravatar.com\/avatar\/37d968a2e67a6fd04c169c4bdef102d0bc5d31b2546345219e348575eb80e9a0?s=96&d=mm&r=g","caption":"redazione"},"sameAs":["http:\/\/www.bellunopress.it","https:\/\/x.com\/bellunopress"],"url":"https:\/\/www.bellunopress.it\/fr\/author\/redazione\/"}]}},"_links":{"self":[{"href":"https:\/\/www.bellunopress.it\/fr\/wp-json\/wp\/v2\/posts\/20593","targetHints":{"allow":["GET"]}}],"collection":[{"href":"https:\/\/www.bellunopress.it\/fr\/wp-json\/wp\/v2\/posts"}],"about":[{"href":"https:\/\/www.bellunopress.it\/fr\/wp-json\/wp\/v2\/types\/post"}],"author":[{"embeddable":true,"href":"https:\/\/www.bellunopress.it\/fr\/wp-json\/wp\/v2\/users\/2"}],"replies":[{"embeddable":true,"href":"https:\/\/www.bellunopress.it\/fr\/wp-json\/wp\/v2\/comments?post=20593"}],"version-history":[{"count":2,"href":"https:\/\/www.bellunopress.it\/fr\/wp-json\/wp\/v2\/posts\/20593\/revisions"}],"predecessor-version":[{"id":20595,"href":"https:\/\/www.bellunopress.it\/fr\/wp-json\/wp\/v2\/posts\/20593\/revisions\/20595"}],"wp:attachment":[{"href":"https:\/\/www.bellunopress.it\/fr\/wp-json\/wp\/v2\/media?parent=20593"}],"wp:term":[{"taxonomy":"category","embeddable":true,"href":"https:\/\/www.bellunopress.it\/fr\/wp-json\/wp\/v2\/categories?post=20593"},{"taxonomy":"post_tag","embeddable":true,"href":"https:\/\/www.bellunopress.it\/fr\/wp-json\/wp\/v2\/tags?post=20593"}],"curies":[{"name":"wp","href":"https:\/\/api.w.org\/{rel}","templated":true}]}}