{"id":20007,"date":"2010-10-10T19:59:24","date_gmt":"2010-10-10T18:59:24","guid":{"rendered":"http:\/\/www.bellunopress.it\/?p=20007"},"modified":"2010-10-10T19:59:24","modified_gmt":"2010-10-10T18:59:24","slug":"consenso-unanime-per-la-mostra-del-cima-a-mel","status":"publish","type":"post","link":"https:\/\/www.bellunopress.it\/fr\/2010\/10\/10\/consenso-unanime-per-la-mostra-del-cima-a-mel\/","title":{"rendered":"Consenso unanime per la Mostra del Cima a Mel"},"content":{"rendered":"<p><a href=\"http:\/\/www.bellunopress.it\/wp-content\/uploads\/2010\/10\/mostra-del-cima-a-mel-270x202.jpg\"><img loading=\"lazy\" decoding=\"async\" class=\"alignleft size-medium wp-image-20009\" title=\"mostra-del-cima-a-mel-270x202\" src=\"http:\/\/www.bellunopress.it\/wp-content\/uploads\/2010\/10\/mostra-del-cima-a-mel-270x202.jpg\" alt=\"\" width=\"270\" height=\"202\" \/><\/a>Il pubblico competente, che ha visitato la mostra \u201cPittura di Terra e di Cielo &#8211; Luigi Cima e l\u2019800 veneziano\u201dal termine della presentazione dell\u2019evento \u00e8 rimasto entusiasta per la qualit\u00e0 delle opere presenti e per la bont\u00e0 dell\u2019allestimento. Fra le autorit\u00e0 presenti ricordiamo il Prefetto di Belluno Carlo Boffi, l\u2019ex assessore regionale Oscar De Bona che \u00e8 sempre stato vicino alle manifestazioni zumellesi, l\u2019assessore alla cultura del Comune di Belluno Maria Grazia Passuello, il Presidente della Comunit\u00e0 Montana Val Belluna Roberto Maraga, il direttore del museo di arte sacra della Diocesi di Belluno e Feltre mons. Giacomo Mazzorana. La presentazione della mostra si \u00e8 svolta presso il salone degli affreschi del Palazzo municipale di Mel alla presenza di autorit\u00e0, critici, collezionisti ed amanti dell\u2019arte.\u00a0\u00a0Nel portare il saluto dell\u2019amministrazione Comunale di Mel, il Vice Sindaco Silvia Comel ha affermato che questo prestigioso evento deve la sua realizzazione alla caparbiet\u00e0 e alla passione della Pro Loco Zumellese che alla soglia dei trent\u2019anni continua a dimostrare impegno, professionalit\u00e0 e assoluto amore per la nostra cultura. Il Presidente della Pro Loco Fabio Comel ha evidenziato come questa mostra non vuole solo celebrare Luigi Cima come pittore zumellese, in un anniversario importante come il 150\u00b0 della nascita, ma intende presentare l\u2019artista su un livello superiore, accostandolo ai pittori, che come lui, hanno dato il via alla massima espressione artistica dell\u2019800 veneziano.<br \/>\nUn\u00a0 obiettivo notevole, doveroso nei confronti dell\u2019artista che\u00a0 maggiormente ha saputo valorizzare il Comune di Mel. L\u2019esposizione che ne \u00e8 risultata \u00e8 certamente una delle pi\u00f9 riuscite, fra le tante che sono state realizzate, sia per l\u2019alto livello delle opere presenti sia per il numero delle opere inedite raccolte. Dopo il saluto dell\u2019assessore alla cultura della Provincia di Belluno Daniela Templari, l\u2019on.le Franco Gidoni\u00a0 ha portato la simpatica testimonianza legata alla frequentazione di Luigi Cima all\u2019osteria della sua famiglia. Il Presidente del Consorzio BIM Piave,che ha patrocinato la mostra, ha ricordato che \u00e8 compito dell\u2019Ente cercare di sostenere le\u00a0 valide manifestazioni che si svolgono in Provincia come questa importante mostra. Sono seguiti gli interventi critici\u00a0 della prof.ssa Antonella Alban, profonda conoscitrice dell\u2019opera pittorica del Cima e responsabile dell\u2019archivio storico dell\u2019artista e del prof. Giovanni Granzotto che ha fornito varie chiavi di lettura della mostra e la valenza della stessa.Il coordinatore dell\u2019evento Renzo Limana ha poi ringraziato sia gli Enti istituzionali sia i privati che hanno sostenuto economicamente la mostra soffermandosi anche sull\u2019indispensabile opera dei tanti amici che hanno messo a disposizione dell\u2019evento tempo e professionalit\u00e0. A seguito della visita delle opere esposte presso lo storico Palazzo delle Contesse, corale \u00e8 stato\u00a0 l\u2019apprezzamento per la bont\u00e0 dell\u2019iniziativa, tant\u2019\u00e8 che molti dei presenti si sono ripromessi di ritornare a visitare nuovamente questa interessante mostra di Mel.<\/p>","protected":false},"excerpt":{"rendered":"<p>Il pubblico competente, che ha visitato la mostra \u201cPittura di Terra e di Cielo &#8211; Luigi Cima e l\u2019800 veneziano\u201dal termine della presentazione dell\u2019evento \u00e8 rimasto entusiasta per la qualit\u00e0 delle opere presenti e per la bont\u00e0 dell\u2019allestimento. Fra le autorit\u00e0 presenti ricordiamo il Prefetto di Belluno Carlo Boffi, l\u2019ex assessore regionale Oscar De Bona [&hellip;]<\/p>\n","protected":false},"author":2,"featured_media":0,"comment_status":"closed","ping_status":"open","sticky":false,"template":"","format":"standard","meta":{"footnotes":""},"categories":[3,26],"tags":[139,302],"class_list":["post-20007","post","type-post","status-publish","format-standard","category-arte-cultura-spettacoli-scienza-archivi","category-prima-pagina","tag-belluno","tag-feltre"],"yoast_head":"<!-- This site is optimized with the Yoast SEO plugin v28.4 - https:\/\/yoast.com\/product\/yoast-seo-wordpress\/ -->\n<title>Consenso unanime per la Mostra del Cima a Mel - Bellunopress - Dolomiti<\/title>\n<meta name=\"robots\" content=\"index, follow, max-snippet:-1, max-image-preview:large, max-video-preview:-1\" \/>\n<link rel=\"canonical\" href=\"https:\/\/www.bellunopress.it\/fr\/2010\/10\/10\/consenso-unanime-per-la-mostra-del-cima-a-mel\/\" \/>\n<meta property=\"og:locale\" content=\"fr_FR\" \/>\n<meta property=\"og:type\" content=\"article\" \/>\n<meta property=\"og:title\" content=\"Consenso unanime per la Mostra del Cima a Mel - Bellunopress - Dolomiti\" \/>\n<meta property=\"og:description\" content=\"Il pubblico competente, che ha visitato la mostra \u201cPittura di Terra e di Cielo &#8211; Luigi Cima e l\u2019800 veneziano\u201dal termine della presentazione dell\u2019evento \u00e8 rimasto entusiasta per la qualit\u00e0 delle opere presenti e per la bont\u00e0 dell\u2019allestimento. Fra le autorit\u00e0 presenti ricordiamo il Prefetto di Belluno Carlo Boffi, l\u2019ex assessore regionale Oscar De Bona [&hellip;]\" \/>\n<meta property=\"og:url\" content=\"https:\/\/www.bellunopress.it\/fr\/2010\/10\/10\/consenso-unanime-per-la-mostra-del-cima-a-mel\/\" \/>\n<meta property=\"og:site_name\" content=\"Bellunopress - Dolomiti\" \/>\n<meta property=\"article:publisher\" content=\"https:\/\/www.facebook.com\/profile.php?id=100008943462799\" \/>\n<meta property=\"article:published_time\" content=\"2010-10-10T18:59:24+00:00\" \/>\n<meta property=\"og:image\" content=\"http:\/\/www.bellunopress.it\/wp-content\/uploads\/2010\/10\/mostra-del-cima-a-mel-270x202.jpg\" \/>\n<meta name=\"author\" content=\"redazione\" \/>\n<meta name=\"twitter:card\" content=\"summary_large_image\" \/>\n<meta name=\"twitter:creator\" content=\"@bellunopress\" \/>\n<meta name=\"twitter:site\" content=\"@bellunopress\" \/>\n<meta name=\"twitter:label1\" content=\"\u00c9crit par\" \/>\n\t<meta name=\"twitter:data1\" content=\"redazione\" \/>\n\t<meta name=\"twitter:label2\" content=\"Dur\u00e9e de lecture estim\u00e9e\" \/>\n\t<meta name=\"twitter:data2\" content=\"2 minutes\" \/>\n<script type=\"application\/ld+json\" class=\"yoast-schema-graph\">{\"@context\":\"https:\\\/\\\/schema.org\",\"@graph\":[{\"@type\":\"Article\",\"@id\":\"https:\\\/\\\/www.bellunopress.it\\\/2010\\\/10\\\/10\\\/consenso-unanime-per-la-mostra-del-cima-a-mel\\\/#article\",\"isPartOf\":{\"@id\":\"https:\\\/\\\/www.bellunopress.it\\\/2010\\\/10\\\/10\\\/consenso-unanime-per-la-mostra-del-cima-a-mel\\\/\"},\"author\":{\"name\":\"redazione\",\"@id\":\"https:\\\/\\\/www.bellunopress.it\\\/#\\\/schema\\\/person\\\/79bb06722b37ece1c03d3e94beb30d73\"},\"headline\":\"Consenso unanime per la Mostra del Cima a Mel\",\"datePublished\":\"2010-10-10T18:59:24+00:00\",\"mainEntityOfPage\":{\"@id\":\"https:\\\/\\\/www.bellunopress.it\\\/2010\\\/10\\\/10\\\/consenso-unanime-per-la-mostra-del-cima-a-mel\\\/\"},\"wordCount\":480,\"publisher\":{\"@id\":\"https:\\\/\\\/www.bellunopress.it\\\/#organization\"},\"image\":{\"@id\":\"https:\\\/\\\/www.bellunopress.it\\\/2010\\\/10\\\/10\\\/consenso-unanime-per-la-mostra-del-cima-a-mel\\\/#primaryimage\"},\"thumbnailUrl\":\"http:\\\/\\\/www.bellunopress.it\\\/wp-content\\\/uploads\\\/2010\\\/10\\\/mostra-del-cima-a-mel-270x202.jpg\",\"keywords\":[\"Belluno\",\"Feltre\"],\"articleSection\":[\"Arte, Cultura, Spettacoli, Scienza\",\"Prima Pagina\"],\"inLanguage\":\"fr-FR\"},{\"@type\":\"WebPage\",\"@id\":\"https:\\\/\\\/www.bellunopress.it\\\/2010\\\/10\\\/10\\\/consenso-unanime-per-la-mostra-del-cima-a-mel\\\/\",\"url\":\"https:\\\/\\\/www.bellunopress.it\\\/2010\\\/10\\\/10\\\/consenso-unanime-per-la-mostra-del-cima-a-mel\\\/\",\"name\":\"Consenso unanime per la Mostra del Cima a Mel - Bellunopress - Dolomiti\",\"isPartOf\":{\"@id\":\"https:\\\/\\\/www.bellunopress.it\\\/#website\"},\"primaryImageOfPage\":{\"@id\":\"https:\\\/\\\/www.bellunopress.it\\\/2010\\\/10\\\/10\\\/consenso-unanime-per-la-mostra-del-cima-a-mel\\\/#primaryimage\"},\"image\":{\"@id\":\"https:\\\/\\\/www.bellunopress.it\\\/2010\\\/10\\\/10\\\/consenso-unanime-per-la-mostra-del-cima-a-mel\\\/#primaryimage\"},\"thumbnailUrl\":\"http:\\\/\\\/www.bellunopress.it\\\/wp-content\\\/uploads\\\/2010\\\/10\\\/mostra-del-cima-a-mel-270x202.jpg\",\"datePublished\":\"2010-10-10T18:59:24+00:00\",\"breadcrumb\":{\"@id\":\"https:\\\/\\\/www.bellunopress.it\\\/2010\\\/10\\\/10\\\/consenso-unanime-per-la-mostra-del-cima-a-mel\\\/#breadcrumb\"},\"inLanguage\":\"fr-FR\",\"potentialAction\":[{\"@type\":\"ReadAction\",\"target\":[\"https:\\\/\\\/www.bellunopress.it\\\/2010\\\/10\\\/10\\\/consenso-unanime-per-la-mostra-del-cima-a-mel\\\/\"]}]},{\"@type\":\"ImageObject\",\"inLanguage\":\"fr-FR\",\"@id\":\"https:\\\/\\\/www.bellunopress.it\\\/2010\\\/10\\\/10\\\/consenso-unanime-per-la-mostra-del-cima-a-mel\\\/#primaryimage\",\"url\":\"http:\\\/\\\/www.bellunopress.it\\\/wp-content\\\/uploads\\\/2010\\\/10\\\/mostra-del-cima-a-mel-270x202.jpg\",\"contentUrl\":\"http:\\\/\\\/www.bellunopress.it\\\/wp-content\\\/uploads\\\/2010\\\/10\\\/mostra-del-cima-a-mel-270x202.jpg\"},{\"@type\":\"BreadcrumbList\",\"@id\":\"https:\\\/\\\/www.bellunopress.it\\\/2010\\\/10\\\/10\\\/consenso-unanime-per-la-mostra-del-cima-a-mel\\\/#breadcrumb\",\"itemListElement\":[{\"@type\":\"ListItem\",\"position\":1,\"name\":\"Home\",\"item\":\"https:\\\/\\\/www.bellunopress.it\\\/\"},{\"@type\":\"ListItem\",\"position\":2,\"name\":\"Consenso unanime per la Mostra del Cima a Mel\"}]},{\"@type\":\"WebSite\",\"@id\":\"https:\\\/\\\/www.bellunopress.it\\\/#website\",\"url\":\"https:\\\/\\\/www.bellunopress.it\\\/\",\"name\":\"Bellunopress - Dolomiti\",\"description\":\"e-mail: redazione@bellunopress.it\",\"publisher\":{\"@id\":\"https:\\\/\\\/www.bellunopress.it\\\/#organization\"},\"potentialAction\":[{\"@type\":\"SearchAction\",\"target\":{\"@type\":\"EntryPoint\",\"urlTemplate\":\"https:\\\/\\\/www.bellunopress.it\\\/?s={search_term_string}\"},\"query-input\":{\"@type\":\"PropertyValueSpecification\",\"valueRequired\":true,\"valueName\":\"search_term_string\"}}],\"inLanguage\":\"fr-FR\"},{\"@type\":\"Organization\",\"@id\":\"https:\\\/\\\/www.bellunopress.it\\\/#organization\",\"name\":\"Bellunopress\",\"url\":\"https:\\\/\\\/www.bellunopress.it\\\/\",\"logo\":{\"@type\":\"ImageObject\",\"inLanguage\":\"fr-FR\",\"@id\":\"https:\\\/\\\/www.bellunopress.it\\\/#\\\/schema\\\/logo\\\/image\\\/\",\"url\":\"https:\\\/\\\/www.bellunopress.it\\\/wp-content\\\/uploads\\\/2011\\\/05\\\/cropped-logo-bellunopress-.jpg\",\"contentUrl\":\"https:\\\/\\\/www.bellunopress.it\\\/wp-content\\\/uploads\\\/2011\\\/05\\\/cropped-logo-bellunopress-.jpg\",\"width\":512,\"height\":512,\"caption\":\"Bellunopress\"},\"image\":{\"@id\":\"https:\\\/\\\/www.bellunopress.it\\\/#\\\/schema\\\/logo\\\/image\\\/\"},\"sameAs\":[\"https:\\\/\\\/www.facebook.com\\\/profile.php?id=100008943462799\",\"https:\\\/\\\/x.com\\\/bellunopress\",\"https:\\\/\\\/www.linkedin.com\\\/hp\\\/?dnr=JBzUWaJfMUw8vbXJJ2tVW5-I3jZKvC4wsoxE&amp;amp;amp;amp;amp;amp;trk=nav_responsive_tab_home\",\"https:\\\/\\\/www.youtube.com\\\/channel\\\/UCxL0wu1uN0_3_7hGG0306cw\"]},{\"@type\":\"Person\",\"@id\":\"https:\\\/\\\/www.bellunopress.it\\\/#\\\/schema\\\/person\\\/79bb06722b37ece1c03d3e94beb30d73\",\"name\":\"redazione\",\"image\":{\"@type\":\"ImageObject\",\"inLanguage\":\"fr-FR\",\"@id\":\"https:\\\/\\\/secure.gravatar.com\\\/avatar\\\/37d968a2e67a6fd04c169c4bdef102d0bc5d31b2546345219e348575eb80e9a0?s=96&d=mm&r=g\",\"url\":\"https:\\\/\\\/secure.gravatar.com\\\/avatar\\\/37d968a2e67a6fd04c169c4bdef102d0bc5d31b2546345219e348575eb80e9a0?s=96&d=mm&r=g\",\"contentUrl\":\"https:\\\/\\\/secure.gravatar.com\\\/avatar\\\/37d968a2e67a6fd04c169c4bdef102d0bc5d31b2546345219e348575eb80e9a0?s=96&d=mm&r=g\",\"caption\":\"redazione\"},\"sameAs\":[\"http:\\\/\\\/www.bellunopress.it\",\"https:\\\/\\\/x.com\\\/bellunopress\"],\"url\":\"https:\\\/\\\/www.bellunopress.it\\\/fr\\\/author\\\/redazione\\\/\"}]}<\/script>\n<!-- \/ Yoast SEO plugin. -->","yoast_head_json":{"title":"Consenso unanime per la Mostra del Cima a Mel - Bellunopress - Dolomiti","robots":{"index":"index","follow":"follow","max-snippet":"max-snippet:-1","max-image-preview":"max-image-preview:large","max-video-preview":"max-video-preview:-1"},"canonical":"https:\/\/www.bellunopress.it\/fr\/2010\/10\/10\/consenso-unanime-per-la-mostra-del-cima-a-mel\/","og_locale":"fr_FR","og_type":"article","og_title":"Consenso unanime per la Mostra del Cima a Mel - Bellunopress - Dolomiti","og_description":"Il pubblico competente, che ha visitato la mostra \u201cPittura di Terra e di Cielo &#8211; Luigi Cima e l\u2019800 veneziano\u201dal termine della presentazione dell\u2019evento \u00e8 rimasto entusiasta per la qualit\u00e0 delle opere presenti e per la bont\u00e0 dell\u2019allestimento. Fra le autorit\u00e0 presenti ricordiamo il Prefetto di Belluno Carlo Boffi, l\u2019ex assessore regionale Oscar De Bona [&hellip;]","og_url":"https:\/\/www.bellunopress.it\/fr\/2010\/10\/10\/consenso-unanime-per-la-mostra-del-cima-a-mel\/","og_site_name":"Bellunopress - Dolomiti","article_publisher":"https:\/\/www.facebook.com\/profile.php?id=100008943462799","article_published_time":"2010-10-10T18:59:24+00:00","og_image":[{"url":"http:\/\/www.bellunopress.it\/wp-content\/uploads\/2010\/10\/mostra-del-cima-a-mel-270x202.jpg","type":"","width":"","height":""}],"author":"redazione","twitter_card":"summary_large_image","twitter_creator":"@bellunopress","twitter_site":"@bellunopress","twitter_misc":{"\u00c9crit par":"redazione","Dur\u00e9e de lecture estim\u00e9e":"2 minutes"},"schema":{"@context":"https:\/\/schema.org","@graph":[{"@type":"Article","@id":"https:\/\/www.bellunopress.it\/2010\/10\/10\/consenso-unanime-per-la-mostra-del-cima-a-mel\/#article","isPartOf":{"@id":"https:\/\/www.bellunopress.it\/2010\/10\/10\/consenso-unanime-per-la-mostra-del-cima-a-mel\/"},"author":{"name":"redazione","@id":"https:\/\/www.bellunopress.it\/#\/schema\/person\/79bb06722b37ece1c03d3e94beb30d73"},"headline":"Consenso unanime per la Mostra del Cima a Mel","datePublished":"2010-10-10T18:59:24+00:00","mainEntityOfPage":{"@id":"https:\/\/www.bellunopress.it\/2010\/10\/10\/consenso-unanime-per-la-mostra-del-cima-a-mel\/"},"wordCount":480,"publisher":{"@id":"https:\/\/www.bellunopress.it\/#organization"},"image":{"@id":"https:\/\/www.bellunopress.it\/2010\/10\/10\/consenso-unanime-per-la-mostra-del-cima-a-mel\/#primaryimage"},"thumbnailUrl":"http:\/\/www.bellunopress.it\/wp-content\/uploads\/2010\/10\/mostra-del-cima-a-mel-270x202.jpg","keywords":["Belluno","Feltre"],"articleSection":["Arte, Cultura, Spettacoli, Scienza","Prima Pagina"],"inLanguage":"fr-FR"},{"@type":"WebPage","@id":"https:\/\/www.bellunopress.it\/2010\/10\/10\/consenso-unanime-per-la-mostra-del-cima-a-mel\/","url":"https:\/\/www.bellunopress.it\/2010\/10\/10\/consenso-unanime-per-la-mostra-del-cima-a-mel\/","name":"Consenso unanime per la Mostra del Cima a Mel - Bellunopress - Dolomiti","isPartOf":{"@id":"https:\/\/www.bellunopress.it\/#website"},"primaryImageOfPage":{"@id":"https:\/\/www.bellunopress.it\/2010\/10\/10\/consenso-unanime-per-la-mostra-del-cima-a-mel\/#primaryimage"},"image":{"@id":"https:\/\/www.bellunopress.it\/2010\/10\/10\/consenso-unanime-per-la-mostra-del-cima-a-mel\/#primaryimage"},"thumbnailUrl":"http:\/\/www.bellunopress.it\/wp-content\/uploads\/2010\/10\/mostra-del-cima-a-mel-270x202.jpg","datePublished":"2010-10-10T18:59:24+00:00","breadcrumb":{"@id":"https:\/\/www.bellunopress.it\/2010\/10\/10\/consenso-unanime-per-la-mostra-del-cima-a-mel\/#breadcrumb"},"inLanguage":"fr-FR","potentialAction":[{"@type":"ReadAction","target":["https:\/\/www.bellunopress.it\/2010\/10\/10\/consenso-unanime-per-la-mostra-del-cima-a-mel\/"]}]},{"@type":"ImageObject","inLanguage":"fr-FR","@id":"https:\/\/www.bellunopress.it\/2010\/10\/10\/consenso-unanime-per-la-mostra-del-cima-a-mel\/#primaryimage","url":"http:\/\/www.bellunopress.it\/wp-content\/uploads\/2010\/10\/mostra-del-cima-a-mel-270x202.jpg","contentUrl":"http:\/\/www.bellunopress.it\/wp-content\/uploads\/2010\/10\/mostra-del-cima-a-mel-270x202.jpg"},{"@type":"BreadcrumbList","@id":"https:\/\/www.bellunopress.it\/2010\/10\/10\/consenso-unanime-per-la-mostra-del-cima-a-mel\/#breadcrumb","itemListElement":[{"@type":"ListItem","position":1,"name":"Home","item":"https:\/\/www.bellunopress.it\/"},{"@type":"ListItem","position":2,"name":"Consenso unanime per la Mostra del Cima a Mel"}]},{"@type":"WebSite","@id":"https:\/\/www.bellunopress.it\/#website","url":"https:\/\/www.bellunopress.it\/","name":"Bellunopress - Dolomiti","description":"e-mail: redazione@bellunopress.it","publisher":{"@id":"https:\/\/www.bellunopress.it\/#organization"},"potentialAction":[{"@type":"SearchAction","target":{"@type":"EntryPoint","urlTemplate":"https:\/\/www.bellunopress.it\/?s={search_term_string}"},"query-input":{"@type":"PropertyValueSpecification","valueRequired":true,"valueName":"search_term_string"}}],"inLanguage":"fr-FR"},{"@type":"Organization","@id":"https:\/\/www.bellunopress.it\/#organization","name":"Bellunopress","url":"https:\/\/www.bellunopress.it\/","logo":{"@type":"ImageObject","inLanguage":"fr-FR","@id":"https:\/\/www.bellunopress.it\/#\/schema\/logo\/image\/","url":"https:\/\/www.bellunopress.it\/wp-content\/uploads\/2011\/05\/cropped-logo-bellunopress-.jpg","contentUrl":"https:\/\/www.bellunopress.it\/wp-content\/uploads\/2011\/05\/cropped-logo-bellunopress-.jpg","width":512,"height":512,"caption":"Bellunopress"},"image":{"@id":"https:\/\/www.bellunopress.it\/#\/schema\/logo\/image\/"},"sameAs":["https:\/\/www.facebook.com\/profile.php?id=100008943462799","https:\/\/x.com\/bellunopress","https:\/\/www.linkedin.com\/hp\/?dnr=JBzUWaJfMUw8vbXJJ2tVW5-I3jZKvC4wsoxE&amp;amp;amp;amp;amp;amp;trk=nav_responsive_tab_home","https:\/\/www.youtube.com\/channel\/UCxL0wu1uN0_3_7hGG0306cw"]},{"@type":"Person","@id":"https:\/\/www.bellunopress.it\/#\/schema\/person\/79bb06722b37ece1c03d3e94beb30d73","name":"r\u00e9daction","image":{"@type":"ImageObject","inLanguage":"fr-FR","@id":"https:\/\/secure.gravatar.com\/avatar\/37d968a2e67a6fd04c169c4bdef102d0bc5d31b2546345219e348575eb80e9a0?s=96&d=mm&r=g","url":"https:\/\/secure.gravatar.com\/avatar\/37d968a2e67a6fd04c169c4bdef102d0bc5d31b2546345219e348575eb80e9a0?s=96&d=mm&r=g","contentUrl":"https:\/\/secure.gravatar.com\/avatar\/37d968a2e67a6fd04c169c4bdef102d0bc5d31b2546345219e348575eb80e9a0?s=96&d=mm&r=g","caption":"redazione"},"sameAs":["http:\/\/www.bellunopress.it","https:\/\/x.com\/bellunopress"],"url":"https:\/\/www.bellunopress.it\/fr\/author\/redazione\/"}]}},"_links":{"self":[{"href":"https:\/\/www.bellunopress.it\/fr\/wp-json\/wp\/v2\/posts\/20007","targetHints":{"allow":["GET"]}}],"collection":[{"href":"https:\/\/www.bellunopress.it\/fr\/wp-json\/wp\/v2\/posts"}],"about":[{"href":"https:\/\/www.bellunopress.it\/fr\/wp-json\/wp\/v2\/types\/post"}],"author":[{"embeddable":true,"href":"https:\/\/www.bellunopress.it\/fr\/wp-json\/wp\/v2\/users\/2"}],"replies":[{"embeddable":true,"href":"https:\/\/www.bellunopress.it\/fr\/wp-json\/wp\/v2\/comments?post=20007"}],"version-history":[{"count":2,"href":"https:\/\/www.bellunopress.it\/fr\/wp-json\/wp\/v2\/posts\/20007\/revisions"}],"predecessor-version":[{"id":20011,"href":"https:\/\/www.bellunopress.it\/fr\/wp-json\/wp\/v2\/posts\/20007\/revisions\/20011"}],"wp:attachment":[{"href":"https:\/\/www.bellunopress.it\/fr\/wp-json\/wp\/v2\/media?parent=20007"}],"wp:term":[{"taxonomy":"category","embeddable":true,"href":"https:\/\/www.bellunopress.it\/fr\/wp-json\/wp\/v2\/categories?post=20007"},{"taxonomy":"post_tag","embeddable":true,"href":"https:\/\/www.bellunopress.it\/fr\/wp-json\/wp\/v2\/tags?post=20007"}],"curies":[{"name":"wp","href":"https:\/\/api.w.org\/{rel}","templated":true}]}}