{"id":20005,"date":"2010-10-10T07:47:47","date_gmt":"2010-10-10T06:47:47","guid":{"rendered":"http:\/\/www.bellunopress.it\/?p=20005"},"modified":"2010-10-10T07:47:47","modified_gmt":"2010-10-10T06:47:47","slug":"le-fattorie-didattiche-aperte-in-provincia-di-belluno","status":"publish","type":"post","link":"https:\/\/www.bellunopress.it\/fr\/2010\/10\/10\/le-fattorie-didattiche-aperte-in-provincia-di-belluno\/","title":{"rendered":"Le fattorie didattiche aperte in provincia di Belluno"},"content":{"rendered":"<p>Queste le Fattorie Didattiche aperte domenica nel territorio della provincia di Belluno. La loro visita \u00e8 gratuita, ma per esigenze organizzative legate alla specificit\u00e0 dell\u2019attivit\u00e0 agricola, \u00e8 opportuno prenotarsi accordandosi con la fattoria prescelta. \u201cLe Fattorie Didattiche sono delle normali aziende agricole \u2013 ha ricordato l\u2019assessore al turismo Marino Finozzi \u2013 che accanto alla normale attivit\u00e0 produttiva si aprono a quella di \u201cinsegnamento\u201d del mondo rurale e permettono di valorizzare il patrimonio della nostra agricoltura, proponendosi inoltre come una vera e propria meta turistica\u201d. Per saperne di pi\u00f9 si possono consultare i siti <a href=\"http:\/\/www.regione.veneto.it\">www.regione.veneto.it<\/a> e <a href=\"http:\/\/www.veneto.to\">www.veneto.to<\/a>.<br \/>\nSOCIET\u00c0 AGRICOLA AI LARES, Agriturismo &#8211; Auronzo di Cadore; Via Montesort, 8 &#8211; Loc. Valle; 32030 Seren del Grappa; Tel. 334 7970400; <a href=\"mailto:brestmolin@virgilio.it\">brestmolin@virgilio.it<\/a>.<br \/>\nBIOALPI, Azienda agricola \u2013 Cesiomaggiore; Via Busette di Pullir; 32030 Cesiomaggiore; Tel. 0439 391225 \u2013 335 1031197 \u2013 334 6887580; <a href=\"mailto:info@bioalpi.com\">info@bioalpi.com<\/a> &#8211; <a href=\"mailto:mauro.bioalpi@libero.it\">mauro.bioalpi@libero.it<\/a>.<br \/>\nSEBASTIANO IL GERMANO E IL SACCO, Azienda agricola \u2013 Mel; Via Nabie, 9 &#8211; Loc. Villa di Villa; 32026 Mel; <a href=\"http:\/\/www.bebsebastiano.it\">www.bebsebastiano.it<\/a>; Tel. 0437 747221 &#8211; 348 2336972; <a href=\"mailto:info@bebsebastiano.it\">info@bebsebastiano.it<\/a>.<br \/>\nLA VALLINA, Azienda agricola \u2013 Quero; Via Per Schievenin, 25; 32030 Quero (BL); Tel. 333 8663845; <a href=\"mailto:lavallinadilucia@hotmail.it\">lavallinadilucia@hotmail.it<\/a>.<br \/>\nALBERO DEGLI ALBERI, Agriturismo \u2013 Seren del Grappa; Via Montesort, 8 &#8211; Loc. Valle; 32030 Seren del Grappa; <a href=\"http:\/\/www.alberodeglialberi.it\">www.alberodeglialberi.it<\/a>; Tel. 0439 44664 &#8211; 329 3445440; <a href=\"mailto:alberodeglialberi@libero.it\">alberodeglialberi@libero.it<\/a>.<\/p>","protected":false},"excerpt":{"rendered":"<p>Queste le Fattorie Didattiche aperte domenica nel territorio della provincia di Belluno. La loro visita \u00e8 gratuita, ma per esigenze organizzative legate alla specificit\u00e0 dell\u2019attivit\u00e0 agricola, \u00e8 opportuno prenotarsi accordandosi con la fattoria prescelta. \u201cLe Fattorie Didattiche sono delle normali aziende agricole \u2013 ha ricordato l\u2019assessore al turismo Marino Finozzi \u2013 che accanto alla normale [&hellip;]<\/p>\n","protected":false},"author":2,"featured_media":0,"comment_status":"closed","ping_status":"open","sticky":false,"template":"","format":"standard","meta":{"footnotes":""},"categories":[38,25],"tags":[139,151],"class_list":["post-20005","post","type-post","status-publish","format-standard","category-natura-ambiente","category-pausa-caffe","tag-belluno","tag-cadore"],"yoast_head":"<!-- This site is optimized with the Yoast SEO plugin v28.4 - https:\/\/yoast.com\/product\/yoast-seo-wordpress\/ -->\n<title>Le fattorie didattiche aperte in provincia di Belluno - Bellunopress - Dolomiti<\/title>\n<meta name=\"robots\" content=\"index, follow, max-snippet:-1, max-image-preview:large, max-video-preview:-1\" \/>\n<link rel=\"canonical\" href=\"https:\/\/www.bellunopress.it\/fr\/2010\/10\/10\/le-fattorie-didattiche-aperte-in-provincia-di-belluno\/\" \/>\n<meta property=\"og:locale\" content=\"fr_FR\" \/>\n<meta property=\"og:type\" content=\"article\" \/>\n<meta property=\"og:title\" content=\"Le fattorie didattiche aperte in provincia di Belluno - Bellunopress - Dolomiti\" \/>\n<meta property=\"og:description\" content=\"Queste le Fattorie Didattiche aperte domenica nel territorio della provincia di Belluno. La loro visita \u00e8 gratuita, ma per esigenze organizzative legate alla specificit\u00e0 dell\u2019attivit\u00e0 agricola, \u00e8 opportuno prenotarsi accordandosi con la fattoria prescelta. \u201cLe Fattorie Didattiche sono delle normali aziende agricole \u2013 ha ricordato l\u2019assessore al turismo Marino Finozzi \u2013 che accanto alla normale [&hellip;]\" \/>\n<meta property=\"og:url\" content=\"https:\/\/www.bellunopress.it\/fr\/2010\/10\/10\/le-fattorie-didattiche-aperte-in-provincia-di-belluno\/\" \/>\n<meta property=\"og:site_name\" content=\"Bellunopress - Dolomiti\" \/>\n<meta property=\"article:publisher\" content=\"https:\/\/www.facebook.com\/profile.php?id=100008943462799\" \/>\n<meta property=\"article:published_time\" content=\"2010-10-10T06:47:47+00:00\" \/>\n<meta property=\"og:image\" content=\"http:\/\/www.bellunopress.it\/wp-content\/uploads\/2012\/07\/logo-bellunopress-250x250-2012.jpg\" \/>\n<meta name=\"author\" content=\"redazione\" \/>\n<meta name=\"twitter:card\" content=\"summary_large_image\" \/>\n<meta name=\"twitter:creator\" content=\"@bellunopress\" \/>\n<meta name=\"twitter:site\" content=\"@bellunopress\" \/>\n<meta name=\"twitter:label1\" content=\"\u00c9crit par\" \/>\n\t<meta name=\"twitter:data1\" content=\"redazione\" \/>\n\t<meta name=\"twitter:label2\" content=\"Dur\u00e9e de lecture estim\u00e9e\" \/>\n\t<meta name=\"twitter:data2\" content=\"1 minute\" \/>\n<script type=\"application\/ld+json\" class=\"yoast-schema-graph\">{\"@context\":\"https:\\\/\\\/schema.org\",\"@graph\":[{\"@type\":\"Article\",\"@id\":\"https:\\\/\\\/www.bellunopress.it\\\/2010\\\/10\\\/10\\\/le-fattorie-didattiche-aperte-in-provincia-di-belluno\\\/#article\",\"isPartOf\":{\"@id\":\"https:\\\/\\\/www.bellunopress.it\\\/2010\\\/10\\\/10\\\/le-fattorie-didattiche-aperte-in-provincia-di-belluno\\\/\"},\"author\":{\"name\":\"redazione\",\"@id\":\"https:\\\/\\\/www.bellunopress.it\\\/#\\\/schema\\\/person\\\/79bb06722b37ece1c03d3e94beb30d73\"},\"headline\":\"Le fattorie didattiche aperte in provincia di Belluno\",\"datePublished\":\"2010-10-10T06:47:47+00:00\",\"mainEntityOfPage\":{\"@id\":\"https:\\\/\\\/www.bellunopress.it\\\/2010\\\/10\\\/10\\\/le-fattorie-didattiche-aperte-in-provincia-di-belluno\\\/\"},\"wordCount\":208,\"publisher\":{\"@id\":\"https:\\\/\\\/www.bellunopress.it\\\/#organization\"},\"keywords\":[\"Belluno\",\"Cadore\"],\"articleSection\":[\"Meteo, natura, ambiente, animali\",\"Pausa Caff\u00e8\"],\"inLanguage\":\"fr-FR\"},{\"@type\":\"WebPage\",\"@id\":\"https:\\\/\\\/www.bellunopress.it\\\/2010\\\/10\\\/10\\\/le-fattorie-didattiche-aperte-in-provincia-di-belluno\\\/\",\"url\":\"https:\\\/\\\/www.bellunopress.it\\\/2010\\\/10\\\/10\\\/le-fattorie-didattiche-aperte-in-provincia-di-belluno\\\/\",\"name\":\"Le fattorie didattiche aperte in provincia di Belluno - Bellunopress - Dolomiti\",\"isPartOf\":{\"@id\":\"https:\\\/\\\/www.bellunopress.it\\\/#website\"},\"datePublished\":\"2010-10-10T06:47:47+00:00\",\"breadcrumb\":{\"@id\":\"https:\\\/\\\/www.bellunopress.it\\\/2010\\\/10\\\/10\\\/le-fattorie-didattiche-aperte-in-provincia-di-belluno\\\/#breadcrumb\"},\"inLanguage\":\"fr-FR\",\"potentialAction\":[{\"@type\":\"ReadAction\",\"target\":[\"https:\\\/\\\/www.bellunopress.it\\\/2010\\\/10\\\/10\\\/le-fattorie-didattiche-aperte-in-provincia-di-belluno\\\/\"]}]},{\"@type\":\"BreadcrumbList\",\"@id\":\"https:\\\/\\\/www.bellunopress.it\\\/2010\\\/10\\\/10\\\/le-fattorie-didattiche-aperte-in-provincia-di-belluno\\\/#breadcrumb\",\"itemListElement\":[{\"@type\":\"ListItem\",\"position\":1,\"name\":\"Home\",\"item\":\"https:\\\/\\\/www.bellunopress.it\\\/\"},{\"@type\":\"ListItem\",\"position\":2,\"name\":\"Le fattorie didattiche aperte in provincia di Belluno\"}]},{\"@type\":\"WebSite\",\"@id\":\"https:\\\/\\\/www.bellunopress.it\\\/#website\",\"url\":\"https:\\\/\\\/www.bellunopress.it\\\/\",\"name\":\"Bellunopress - Dolomiti\",\"description\":\"e-mail: redazione@bellunopress.it\",\"publisher\":{\"@id\":\"https:\\\/\\\/www.bellunopress.it\\\/#organization\"},\"potentialAction\":[{\"@type\":\"SearchAction\",\"target\":{\"@type\":\"EntryPoint\",\"urlTemplate\":\"https:\\\/\\\/www.bellunopress.it\\\/?s={search_term_string}\"},\"query-input\":{\"@type\":\"PropertyValueSpecification\",\"valueRequired\":true,\"valueName\":\"search_term_string\"}}],\"inLanguage\":\"fr-FR\"},{\"@type\":\"Organization\",\"@id\":\"https:\\\/\\\/www.bellunopress.it\\\/#organization\",\"name\":\"Bellunopress\",\"url\":\"https:\\\/\\\/www.bellunopress.it\\\/\",\"logo\":{\"@type\":\"ImageObject\",\"inLanguage\":\"fr-FR\",\"@id\":\"https:\\\/\\\/www.bellunopress.it\\\/#\\\/schema\\\/logo\\\/image\\\/\",\"url\":\"https:\\\/\\\/www.bellunopress.it\\\/wp-content\\\/uploads\\\/2011\\\/05\\\/cropped-logo-bellunopress-.jpg\",\"contentUrl\":\"https:\\\/\\\/www.bellunopress.it\\\/wp-content\\\/uploads\\\/2011\\\/05\\\/cropped-logo-bellunopress-.jpg\",\"width\":512,\"height\":512,\"caption\":\"Bellunopress\"},\"image\":{\"@id\":\"https:\\\/\\\/www.bellunopress.it\\\/#\\\/schema\\\/logo\\\/image\\\/\"},\"sameAs\":[\"https:\\\/\\\/www.facebook.com\\\/profile.php?id=100008943462799\",\"https:\\\/\\\/x.com\\\/bellunopress\",\"https:\\\/\\\/www.linkedin.com\\\/hp\\\/?dnr=JBzUWaJfMUw8vbXJJ2tVW5-I3jZKvC4wsoxE&amp;amp;amp;amp;amp;amp;trk=nav_responsive_tab_home\",\"https:\\\/\\\/www.youtube.com\\\/channel\\\/UCxL0wu1uN0_3_7hGG0306cw\"]},{\"@type\":\"Person\",\"@id\":\"https:\\\/\\\/www.bellunopress.it\\\/#\\\/schema\\\/person\\\/79bb06722b37ece1c03d3e94beb30d73\",\"name\":\"redazione\",\"image\":{\"@type\":\"ImageObject\",\"inLanguage\":\"fr-FR\",\"@id\":\"https:\\\/\\\/secure.gravatar.com\\\/avatar\\\/37d968a2e67a6fd04c169c4bdef102d0bc5d31b2546345219e348575eb80e9a0?s=96&d=mm&r=g\",\"url\":\"https:\\\/\\\/secure.gravatar.com\\\/avatar\\\/37d968a2e67a6fd04c169c4bdef102d0bc5d31b2546345219e348575eb80e9a0?s=96&d=mm&r=g\",\"contentUrl\":\"https:\\\/\\\/secure.gravatar.com\\\/avatar\\\/37d968a2e67a6fd04c169c4bdef102d0bc5d31b2546345219e348575eb80e9a0?s=96&d=mm&r=g\",\"caption\":\"redazione\"},\"sameAs\":[\"http:\\\/\\\/www.bellunopress.it\",\"https:\\\/\\\/x.com\\\/bellunopress\"],\"url\":\"https:\\\/\\\/www.bellunopress.it\\\/fr\\\/author\\\/redazione\\\/\"}]}<\/script>\n<!-- \/ Yoast SEO plugin. -->","yoast_head_json":{"title":"Le fattorie didattiche aperte in provincia di Belluno - Bellunopress - Dolomiti","robots":{"index":"index","follow":"follow","max-snippet":"max-snippet:-1","max-image-preview":"max-image-preview:large","max-video-preview":"max-video-preview:-1"},"canonical":"https:\/\/www.bellunopress.it\/fr\/2010\/10\/10\/le-fattorie-didattiche-aperte-in-provincia-di-belluno\/","og_locale":"fr_FR","og_type":"article","og_title":"Le fattorie didattiche aperte in provincia di Belluno - Bellunopress - Dolomiti","og_description":"Queste le Fattorie Didattiche aperte domenica nel territorio della provincia di Belluno. La loro visita \u00e8 gratuita, ma per esigenze organizzative legate alla specificit\u00e0 dell\u2019attivit\u00e0 agricola, \u00e8 opportuno prenotarsi accordandosi con la fattoria prescelta. \u201cLe Fattorie Didattiche sono delle normali aziende agricole \u2013 ha ricordato l\u2019assessore al turismo Marino Finozzi \u2013 che accanto alla normale [&hellip;]","og_url":"https:\/\/www.bellunopress.it\/fr\/2010\/10\/10\/le-fattorie-didattiche-aperte-in-provincia-di-belluno\/","og_site_name":"Bellunopress - Dolomiti","article_publisher":"https:\/\/www.facebook.com\/profile.php?id=100008943462799","article_published_time":"2010-10-10T06:47:47+00:00","og_image":[{"url":"http:\/\/www.bellunopress.it\/wp-content\/uploads\/2012\/07\/logo-bellunopress-250x250-2012.jpg","type":"","width":"","height":""}],"author":"redazione","twitter_card":"summary_large_image","twitter_creator":"@bellunopress","twitter_site":"@bellunopress","twitter_misc":{"\u00c9crit par":"redazione","Dur\u00e9e de lecture estim\u00e9e":"1 minute"},"schema":{"@context":"https:\/\/schema.org","@graph":[{"@type":"Article","@id":"https:\/\/www.bellunopress.it\/2010\/10\/10\/le-fattorie-didattiche-aperte-in-provincia-di-belluno\/#article","isPartOf":{"@id":"https:\/\/www.bellunopress.it\/2010\/10\/10\/le-fattorie-didattiche-aperte-in-provincia-di-belluno\/"},"author":{"name":"redazione","@id":"https:\/\/www.bellunopress.it\/#\/schema\/person\/79bb06722b37ece1c03d3e94beb30d73"},"headline":"Le fattorie didattiche aperte in provincia di Belluno","datePublished":"2010-10-10T06:47:47+00:00","mainEntityOfPage":{"@id":"https:\/\/www.bellunopress.it\/2010\/10\/10\/le-fattorie-didattiche-aperte-in-provincia-di-belluno\/"},"wordCount":208,"publisher":{"@id":"https:\/\/www.bellunopress.it\/#organization"},"keywords":["Belluno","Cadore"],"articleSection":["Meteo, natura, ambiente, animali","Pausa Caff\u00e8"],"inLanguage":"fr-FR"},{"@type":"WebPage","@id":"https:\/\/www.bellunopress.it\/2010\/10\/10\/le-fattorie-didattiche-aperte-in-provincia-di-belluno\/","url":"https:\/\/www.bellunopress.it\/2010\/10\/10\/le-fattorie-didattiche-aperte-in-provincia-di-belluno\/","name":"Le fattorie didattiche aperte in provincia di Belluno - Bellunopress - Dolomiti","isPartOf":{"@id":"https:\/\/www.bellunopress.it\/#website"},"datePublished":"2010-10-10T06:47:47+00:00","breadcrumb":{"@id":"https:\/\/www.bellunopress.it\/2010\/10\/10\/le-fattorie-didattiche-aperte-in-provincia-di-belluno\/#breadcrumb"},"inLanguage":"fr-FR","potentialAction":[{"@type":"ReadAction","target":["https:\/\/www.bellunopress.it\/2010\/10\/10\/le-fattorie-didattiche-aperte-in-provincia-di-belluno\/"]}]},{"@type":"BreadcrumbList","@id":"https:\/\/www.bellunopress.it\/2010\/10\/10\/le-fattorie-didattiche-aperte-in-provincia-di-belluno\/#breadcrumb","itemListElement":[{"@type":"ListItem","position":1,"name":"Home","item":"https:\/\/www.bellunopress.it\/"},{"@type":"ListItem","position":2,"name":"Le fattorie didattiche aperte in provincia di Belluno"}]},{"@type":"WebSite","@id":"https:\/\/www.bellunopress.it\/#website","url":"https:\/\/www.bellunopress.it\/","name":"Bellunopress - Dolomiti","description":"e-mail: redazione@bellunopress.it","publisher":{"@id":"https:\/\/www.bellunopress.it\/#organization"},"potentialAction":[{"@type":"SearchAction","target":{"@type":"EntryPoint","urlTemplate":"https:\/\/www.bellunopress.it\/?s={search_term_string}"},"query-input":{"@type":"PropertyValueSpecification","valueRequired":true,"valueName":"search_term_string"}}],"inLanguage":"fr-FR"},{"@type":"Organization","@id":"https:\/\/www.bellunopress.it\/#organization","name":"Bellunopress","url":"https:\/\/www.bellunopress.it\/","logo":{"@type":"ImageObject","inLanguage":"fr-FR","@id":"https:\/\/www.bellunopress.it\/#\/schema\/logo\/image\/","url":"https:\/\/www.bellunopress.it\/wp-content\/uploads\/2011\/05\/cropped-logo-bellunopress-.jpg","contentUrl":"https:\/\/www.bellunopress.it\/wp-content\/uploads\/2011\/05\/cropped-logo-bellunopress-.jpg","width":512,"height":512,"caption":"Bellunopress"},"image":{"@id":"https:\/\/www.bellunopress.it\/#\/schema\/logo\/image\/"},"sameAs":["https:\/\/www.facebook.com\/profile.php?id=100008943462799","https:\/\/x.com\/bellunopress","https:\/\/www.linkedin.com\/hp\/?dnr=JBzUWaJfMUw8vbXJJ2tVW5-I3jZKvC4wsoxE&amp;amp;amp;amp;amp;amp;trk=nav_responsive_tab_home","https:\/\/www.youtube.com\/channel\/UCxL0wu1uN0_3_7hGG0306cw"]},{"@type":"Person","@id":"https:\/\/www.bellunopress.it\/#\/schema\/person\/79bb06722b37ece1c03d3e94beb30d73","name":"r\u00e9daction","image":{"@type":"ImageObject","inLanguage":"fr-FR","@id":"https:\/\/secure.gravatar.com\/avatar\/37d968a2e67a6fd04c169c4bdef102d0bc5d31b2546345219e348575eb80e9a0?s=96&d=mm&r=g","url":"https:\/\/secure.gravatar.com\/avatar\/37d968a2e67a6fd04c169c4bdef102d0bc5d31b2546345219e348575eb80e9a0?s=96&d=mm&r=g","contentUrl":"https:\/\/secure.gravatar.com\/avatar\/37d968a2e67a6fd04c169c4bdef102d0bc5d31b2546345219e348575eb80e9a0?s=96&d=mm&r=g","caption":"redazione"},"sameAs":["http:\/\/www.bellunopress.it","https:\/\/x.com\/bellunopress"],"url":"https:\/\/www.bellunopress.it\/fr\/author\/redazione\/"}]}},"_links":{"self":[{"href":"https:\/\/www.bellunopress.it\/fr\/wp-json\/wp\/v2\/posts\/20005","targetHints":{"allow":["GET"]}}],"collection":[{"href":"https:\/\/www.bellunopress.it\/fr\/wp-json\/wp\/v2\/posts"}],"about":[{"href":"https:\/\/www.bellunopress.it\/fr\/wp-json\/wp\/v2\/types\/post"}],"author":[{"embeddable":true,"href":"https:\/\/www.bellunopress.it\/fr\/wp-json\/wp\/v2\/users\/2"}],"replies":[{"embeddable":true,"href":"https:\/\/www.bellunopress.it\/fr\/wp-json\/wp\/v2\/comments?post=20005"}],"version-history":[{"count":1,"href":"https:\/\/www.bellunopress.it\/fr\/wp-json\/wp\/v2\/posts\/20005\/revisions"}],"predecessor-version":[{"id":20006,"href":"https:\/\/www.bellunopress.it\/fr\/wp-json\/wp\/v2\/posts\/20005\/revisions\/20006"}],"wp:attachment":[{"href":"https:\/\/www.bellunopress.it\/fr\/wp-json\/wp\/v2\/media?parent=20005"}],"wp:term":[{"taxonomy":"category","embeddable":true,"href":"https:\/\/www.bellunopress.it\/fr\/wp-json\/wp\/v2\/categories?post=20005"},{"taxonomy":"post_tag","embeddable":true,"href":"https:\/\/www.bellunopress.it\/fr\/wp-json\/wp\/v2\/tags?post=20005"}],"curies":[{"name":"wp","href":"https:\/\/api.w.org\/{rel}","templated":true}]}}