{"id":20003,"date":"2010-10-10T07:15:02","date_gmt":"2010-10-10T06:15:02","guid":{"rendered":"http:\/\/www.bellunopress.it\/?p=20003"},"modified":"2010-10-10T07:15:02","modified_gmt":"2010-10-10T06:15:02","slug":"antonio-di-pietro-il-nostro-vietnam","status":"publish","type":"post","link":"https:\/\/www.bellunopress.it\/fr\/2010\/10\/10\/antonio-di-pietro-il-nostro-vietnam\/","title":{"rendered":"Antonio Di Pietro: il nostro Vietnam"},"content":{"rendered":"<p><a href=\"http:\/\/www.bellunopress.it\/wp-content\/uploads\/2010\/06\/antonio-di-pietro-280x280.jpg\"><img loading=\"lazy\" decoding=\"async\" class=\"alignright size-medium wp-image-16441\" title=\"antonio-di-pietro-280x280\" src=\"http:\/\/www.bellunopress.it\/wp-content\/uploads\/2010\/06\/antonio-di-pietro-280x280.jpg\" alt=\"\" width=\"280\" height=\"278\" srcset=\"https:\/\/www.bellunopress.it\/wp-content\/uploads\/2010\/06\/antonio-di-pietro-280x280.jpg 280w, https:\/\/www.bellunopress.it\/wp-content\/uploads\/2010\/06\/antonio-di-pietro-280x280-150x150.jpg 150w\" sizes=\"auto, (max-width: 280px) 100vw, 280px\" \/><\/a>Quattro militari italiani sono stati uccisi in Afghanistan, vittime di un&#8217;imboscata a Farah. Quattro ragazzi che torneranno in Italia all&#8217;interno di una cassa mortuaria e saranno salutati, per l&#8217;ultima volta, con i funerali di Stato. Un film gi\u00e0 visto. Di loro non si parler\u00e0 pi\u00f9 nel giro di una settimana. Rester\u00e0 il dolore delle famiglie, le foto attaccate ai muri. Sono gi\u00e0 34 i nostri soldati uccisi in questa guerra senza senso. Illogica.<br \/>\nIl nostro Vietnam, questo \u00e8 oggi l&#8217;Afghanistan. A nome mio e dell&#8217;Italia dei Valori esprimo profondo cordoglio alle famiglie delle vittime. Siamo sempre stati vicini a tutti quei soldati impegnati in missione e che quotidianamente mettono a repentaglio la propria incolumit\u00e0. E lo siamo ancora. Oggi \u00e8 il giorno del lutto, e dovremmo stare in silenzio, ma sono stati troppi i silenzi su questa guerra.<br \/>\nCredo sia giunto il momento che il governo si assuma le proprie responsabilit\u00e0 e richiami immediatamente il nostro contingente. L&#8217;Italia dei Valori in Parlamento ha chiesto il ritiro dei nostri militari. La missione che avrebbe dovuto essere di pace ha cambiato i suoi connotati, trasformandosi in missione di guerra. Non ha pi\u00f9 senso n\u00e9 logica rimanere in Afghanistan in queste condizioni. Ma poi, chi stiamo difendendo? Qual \u00e8 il reale scenario politico di quel Paese? Che ci facciamo ancora in un posto dove i nostri soldati sono esposti al rischio della morte un giorno s\u00ec e l&#8217;altro pure? E fino a quando dobbiamo restarci? Dal Governo continuano a dirci che dobbiamo rimanere in Afghanistan perch\u00e9 bisogna rispettare gli impegni presi. Quali impegni? Quelli di continuare a prelevare dalle casse dello stato circa 500 milioni di euro all&#8217;anno? O quelli di lasciare pi\u00f9 vittime italiane possibili sul territorio afghano?<\/p>","protected":false},"excerpt":{"rendered":"<p>Quattro militari italiani sono stati uccisi in Afghanistan, vittime di un&#8217;imboscata a Farah. Quattro ragazzi che torneranno in Italia all&#8217;interno di una cassa mortuaria e saranno salutati, per l&#8217;ultima volta, con i funerali di Stato. Un film gi\u00e0 visto. Di loro non si parler\u00e0 pi\u00f9 nel giro di una settimana. Rester\u00e0 il dolore delle famiglie, [&hellip;]<\/p>\n","protected":false},"author":2,"featured_media":0,"comment_status":"closed","ping_status":"open","sticky":false,"template":"","format":"standard","meta":{"footnotes":""},"categories":[5,26],"tags":[139],"class_list":["post-20003","post","type-post","status-publish","format-standard","category-cronaca","category-prima-pagina","tag-belluno"],"yoast_head":"<!-- This site is optimized with the Yoast SEO plugin v28.4 - https:\/\/yoast.com\/product\/yoast-seo-wordpress\/ -->\n<title>Antonio Di Pietro: il nostro Vietnam - Bellunopress - Dolomiti<\/title>\n<meta name=\"robots\" content=\"index, follow, max-snippet:-1, max-image-preview:large, max-video-preview:-1\" \/>\n<link rel=\"canonical\" href=\"https:\/\/www.bellunopress.it\/fr\/2010\/10\/10\/antonio-di-pietro-il-nostro-vietnam\/\" \/>\n<meta property=\"og:locale\" content=\"fr_FR\" \/>\n<meta property=\"og:type\" content=\"article\" \/>\n<meta property=\"og:title\" content=\"Antonio Di Pietro: il nostro Vietnam - Bellunopress - Dolomiti\" \/>\n<meta property=\"og:description\" content=\"Quattro militari italiani sono stati uccisi in Afghanistan, vittime di un&#8217;imboscata a Farah. Quattro ragazzi che torneranno in Italia all&#8217;interno di una cassa mortuaria e saranno salutati, per l&#8217;ultima volta, con i funerali di Stato. Un film gi\u00e0 visto. Di loro non si parler\u00e0 pi\u00f9 nel giro di una settimana. Rester\u00e0 il dolore delle famiglie, [&hellip;]\" \/>\n<meta property=\"og:url\" content=\"https:\/\/www.bellunopress.it\/fr\/2010\/10\/10\/antonio-di-pietro-il-nostro-vietnam\/\" \/>\n<meta property=\"og:site_name\" content=\"Bellunopress - Dolomiti\" \/>\n<meta property=\"article:publisher\" content=\"https:\/\/www.facebook.com\/profile.php?id=100008943462799\" \/>\n<meta property=\"article:published_time\" content=\"2010-10-10T06:15:02+00:00\" \/>\n<meta property=\"og:image\" content=\"http:\/\/www.bellunopress.it\/wp-content\/uploads\/2010\/06\/antonio-di-pietro-280x280.jpg\" \/>\n<meta name=\"author\" content=\"redazione\" \/>\n<meta name=\"twitter:card\" content=\"summary_large_image\" \/>\n<meta name=\"twitter:creator\" content=\"@bellunopress\" \/>\n<meta name=\"twitter:site\" content=\"@bellunopress\" \/>\n<meta name=\"twitter:label1\" content=\"\u00c9crit par\" \/>\n\t<meta name=\"twitter:data1\" content=\"redazione\" \/>\n\t<meta name=\"twitter:label2\" content=\"Dur\u00e9e de lecture estim\u00e9e\" \/>\n\t<meta name=\"twitter:data2\" content=\"1 minute\" \/>\n<script type=\"application\/ld+json\" class=\"yoast-schema-graph\">{\"@context\":\"https:\\\/\\\/schema.org\",\"@graph\":[{\"@type\":\"Article\",\"@id\":\"https:\\\/\\\/www.bellunopress.it\\\/2010\\\/10\\\/10\\\/antonio-di-pietro-il-nostro-vietnam\\\/#article\",\"isPartOf\":{\"@id\":\"https:\\\/\\\/www.bellunopress.it\\\/2010\\\/10\\\/10\\\/antonio-di-pietro-il-nostro-vietnam\\\/\"},\"author\":{\"name\":\"redazione\",\"@id\":\"https:\\\/\\\/www.bellunopress.it\\\/#\\\/schema\\\/person\\\/79bb06722b37ece1c03d3e94beb30d73\"},\"headline\":\"Antonio Di Pietro: il nostro Vietnam\",\"datePublished\":\"2010-10-10T06:15:02+00:00\",\"mainEntityOfPage\":{\"@id\":\"https:\\\/\\\/www.bellunopress.it\\\/2010\\\/10\\\/10\\\/antonio-di-pietro-il-nostro-vietnam\\\/\"},\"wordCount\":295,\"publisher\":{\"@id\":\"https:\\\/\\\/www.bellunopress.it\\\/#organization\"},\"image\":{\"@id\":\"https:\\\/\\\/www.bellunopress.it\\\/2010\\\/10\\\/10\\\/antonio-di-pietro-il-nostro-vietnam\\\/#primaryimage\"},\"thumbnailUrl\":\"http:\\\/\\\/www.bellunopress.it\\\/wp-content\\\/uploads\\\/2010\\\/06\\\/antonio-di-pietro-280x280.jpg\",\"keywords\":[\"Belluno\"],\"articleSection\":[\"Cronaca\\\/Politica\",\"Prima Pagina\"],\"inLanguage\":\"fr-FR\"},{\"@type\":\"WebPage\",\"@id\":\"https:\\\/\\\/www.bellunopress.it\\\/2010\\\/10\\\/10\\\/antonio-di-pietro-il-nostro-vietnam\\\/\",\"url\":\"https:\\\/\\\/www.bellunopress.it\\\/2010\\\/10\\\/10\\\/antonio-di-pietro-il-nostro-vietnam\\\/\",\"name\":\"Antonio Di Pietro: il nostro Vietnam - Bellunopress - Dolomiti\",\"isPartOf\":{\"@id\":\"https:\\\/\\\/www.bellunopress.it\\\/#website\"},\"primaryImageOfPage\":{\"@id\":\"https:\\\/\\\/www.bellunopress.it\\\/2010\\\/10\\\/10\\\/antonio-di-pietro-il-nostro-vietnam\\\/#primaryimage\"},\"image\":{\"@id\":\"https:\\\/\\\/www.bellunopress.it\\\/2010\\\/10\\\/10\\\/antonio-di-pietro-il-nostro-vietnam\\\/#primaryimage\"},\"thumbnailUrl\":\"http:\\\/\\\/www.bellunopress.it\\\/wp-content\\\/uploads\\\/2010\\\/06\\\/antonio-di-pietro-280x280.jpg\",\"datePublished\":\"2010-10-10T06:15:02+00:00\",\"breadcrumb\":{\"@id\":\"https:\\\/\\\/www.bellunopress.it\\\/2010\\\/10\\\/10\\\/antonio-di-pietro-il-nostro-vietnam\\\/#breadcrumb\"},\"inLanguage\":\"fr-FR\",\"potentialAction\":[{\"@type\":\"ReadAction\",\"target\":[\"https:\\\/\\\/www.bellunopress.it\\\/2010\\\/10\\\/10\\\/antonio-di-pietro-il-nostro-vietnam\\\/\"]}]},{\"@type\":\"ImageObject\",\"inLanguage\":\"fr-FR\",\"@id\":\"https:\\\/\\\/www.bellunopress.it\\\/2010\\\/10\\\/10\\\/antonio-di-pietro-il-nostro-vietnam\\\/#primaryimage\",\"url\":\"http:\\\/\\\/www.bellunopress.it\\\/wp-content\\\/uploads\\\/2010\\\/06\\\/antonio-di-pietro-280x280.jpg\",\"contentUrl\":\"http:\\\/\\\/www.bellunopress.it\\\/wp-content\\\/uploads\\\/2010\\\/06\\\/antonio-di-pietro-280x280.jpg\"},{\"@type\":\"BreadcrumbList\",\"@id\":\"https:\\\/\\\/www.bellunopress.it\\\/2010\\\/10\\\/10\\\/antonio-di-pietro-il-nostro-vietnam\\\/#breadcrumb\",\"itemListElement\":[{\"@type\":\"ListItem\",\"position\":1,\"name\":\"Home\",\"item\":\"https:\\\/\\\/www.bellunopress.it\\\/\"},{\"@type\":\"ListItem\",\"position\":2,\"name\":\"Antonio Di Pietro: il nostro Vietnam\"}]},{\"@type\":\"WebSite\",\"@id\":\"https:\\\/\\\/www.bellunopress.it\\\/#website\",\"url\":\"https:\\\/\\\/www.bellunopress.it\\\/\",\"name\":\"Bellunopress - Dolomiti\",\"description\":\"e-mail: redazione@bellunopress.it\",\"publisher\":{\"@id\":\"https:\\\/\\\/www.bellunopress.it\\\/#organization\"},\"potentialAction\":[{\"@type\":\"SearchAction\",\"target\":{\"@type\":\"EntryPoint\",\"urlTemplate\":\"https:\\\/\\\/www.bellunopress.it\\\/?s={search_term_string}\"},\"query-input\":{\"@type\":\"PropertyValueSpecification\",\"valueRequired\":true,\"valueName\":\"search_term_string\"}}],\"inLanguage\":\"fr-FR\"},{\"@type\":\"Organization\",\"@id\":\"https:\\\/\\\/www.bellunopress.it\\\/#organization\",\"name\":\"Bellunopress\",\"url\":\"https:\\\/\\\/www.bellunopress.it\\\/\",\"logo\":{\"@type\":\"ImageObject\",\"inLanguage\":\"fr-FR\",\"@id\":\"https:\\\/\\\/www.bellunopress.it\\\/#\\\/schema\\\/logo\\\/image\\\/\",\"url\":\"https:\\\/\\\/www.bellunopress.it\\\/wp-content\\\/uploads\\\/2011\\\/05\\\/cropped-logo-bellunopress-.jpg\",\"contentUrl\":\"https:\\\/\\\/www.bellunopress.it\\\/wp-content\\\/uploads\\\/2011\\\/05\\\/cropped-logo-bellunopress-.jpg\",\"width\":512,\"height\":512,\"caption\":\"Bellunopress\"},\"image\":{\"@id\":\"https:\\\/\\\/www.bellunopress.it\\\/#\\\/schema\\\/logo\\\/image\\\/\"},\"sameAs\":[\"https:\\\/\\\/www.facebook.com\\\/profile.php?id=100008943462799\",\"https:\\\/\\\/x.com\\\/bellunopress\",\"https:\\\/\\\/www.linkedin.com\\\/hp\\\/?dnr=JBzUWaJfMUw8vbXJJ2tVW5-I3jZKvC4wsoxE&amp;amp;amp;amp;amp;amp;trk=nav_responsive_tab_home\",\"https:\\\/\\\/www.youtube.com\\\/channel\\\/UCxL0wu1uN0_3_7hGG0306cw\"]},{\"@type\":\"Person\",\"@id\":\"https:\\\/\\\/www.bellunopress.it\\\/#\\\/schema\\\/person\\\/79bb06722b37ece1c03d3e94beb30d73\",\"name\":\"redazione\",\"image\":{\"@type\":\"ImageObject\",\"inLanguage\":\"fr-FR\",\"@id\":\"https:\\\/\\\/secure.gravatar.com\\\/avatar\\\/37d968a2e67a6fd04c169c4bdef102d0bc5d31b2546345219e348575eb80e9a0?s=96&d=mm&r=g\",\"url\":\"https:\\\/\\\/secure.gravatar.com\\\/avatar\\\/37d968a2e67a6fd04c169c4bdef102d0bc5d31b2546345219e348575eb80e9a0?s=96&d=mm&r=g\",\"contentUrl\":\"https:\\\/\\\/secure.gravatar.com\\\/avatar\\\/37d968a2e67a6fd04c169c4bdef102d0bc5d31b2546345219e348575eb80e9a0?s=96&d=mm&r=g\",\"caption\":\"redazione\"},\"sameAs\":[\"http:\\\/\\\/www.bellunopress.it\",\"https:\\\/\\\/x.com\\\/bellunopress\"],\"url\":\"https:\\\/\\\/www.bellunopress.it\\\/fr\\\/author\\\/redazione\\\/\"}]}<\/script>\n<!-- \/ Yoast SEO plugin. -->","yoast_head_json":{"title":"Antonio Di Pietro: il nostro Vietnam - Bellunopress - Dolomiti","robots":{"index":"index","follow":"follow","max-snippet":"max-snippet:-1","max-image-preview":"max-image-preview:large","max-video-preview":"max-video-preview:-1"},"canonical":"https:\/\/www.bellunopress.it\/fr\/2010\/10\/10\/antonio-di-pietro-il-nostro-vietnam\/","og_locale":"fr_FR","og_type":"article","og_title":"Antonio Di Pietro: il nostro Vietnam - Bellunopress - Dolomiti","og_description":"Quattro militari italiani sono stati uccisi in Afghanistan, vittime di un&#8217;imboscata a Farah. Quattro ragazzi che torneranno in Italia all&#8217;interno di una cassa mortuaria e saranno salutati, per l&#8217;ultima volta, con i funerali di Stato. Un film gi\u00e0 visto. Di loro non si parler\u00e0 pi\u00f9 nel giro di una settimana. Rester\u00e0 il dolore delle famiglie, [&hellip;]","og_url":"https:\/\/www.bellunopress.it\/fr\/2010\/10\/10\/antonio-di-pietro-il-nostro-vietnam\/","og_site_name":"Bellunopress - Dolomiti","article_publisher":"https:\/\/www.facebook.com\/profile.php?id=100008943462799","article_published_time":"2010-10-10T06:15:02+00:00","og_image":[{"url":"http:\/\/www.bellunopress.it\/wp-content\/uploads\/2010\/06\/antonio-di-pietro-280x280.jpg","type":"","width":"","height":""}],"author":"redazione","twitter_card":"summary_large_image","twitter_creator":"@bellunopress","twitter_site":"@bellunopress","twitter_misc":{"\u00c9crit par":"redazione","Dur\u00e9e de lecture estim\u00e9e":"1 minute"},"schema":{"@context":"https:\/\/schema.org","@graph":[{"@type":"Article","@id":"https:\/\/www.bellunopress.it\/2010\/10\/10\/antonio-di-pietro-il-nostro-vietnam\/#article","isPartOf":{"@id":"https:\/\/www.bellunopress.it\/2010\/10\/10\/antonio-di-pietro-il-nostro-vietnam\/"},"author":{"name":"redazione","@id":"https:\/\/www.bellunopress.it\/#\/schema\/person\/79bb06722b37ece1c03d3e94beb30d73"},"headline":"Antonio Di Pietro: il nostro Vietnam","datePublished":"2010-10-10T06:15:02+00:00","mainEntityOfPage":{"@id":"https:\/\/www.bellunopress.it\/2010\/10\/10\/antonio-di-pietro-il-nostro-vietnam\/"},"wordCount":295,"publisher":{"@id":"https:\/\/www.bellunopress.it\/#organization"},"image":{"@id":"https:\/\/www.bellunopress.it\/2010\/10\/10\/antonio-di-pietro-il-nostro-vietnam\/#primaryimage"},"thumbnailUrl":"http:\/\/www.bellunopress.it\/wp-content\/uploads\/2010\/06\/antonio-di-pietro-280x280.jpg","keywords":["Belluno"],"articleSection":["Cronaca\/Politica","Prima Pagina"],"inLanguage":"fr-FR"},{"@type":"WebPage","@id":"https:\/\/www.bellunopress.it\/2010\/10\/10\/antonio-di-pietro-il-nostro-vietnam\/","url":"https:\/\/www.bellunopress.it\/2010\/10\/10\/antonio-di-pietro-il-nostro-vietnam\/","name":"Antonio Di Pietro: il nostro Vietnam - Bellunopress - Dolomiti","isPartOf":{"@id":"https:\/\/www.bellunopress.it\/#website"},"primaryImageOfPage":{"@id":"https:\/\/www.bellunopress.it\/2010\/10\/10\/antonio-di-pietro-il-nostro-vietnam\/#primaryimage"},"image":{"@id":"https:\/\/www.bellunopress.it\/2010\/10\/10\/antonio-di-pietro-il-nostro-vietnam\/#primaryimage"},"thumbnailUrl":"http:\/\/www.bellunopress.it\/wp-content\/uploads\/2010\/06\/antonio-di-pietro-280x280.jpg","datePublished":"2010-10-10T06:15:02+00:00","breadcrumb":{"@id":"https:\/\/www.bellunopress.it\/2010\/10\/10\/antonio-di-pietro-il-nostro-vietnam\/#breadcrumb"},"inLanguage":"fr-FR","potentialAction":[{"@type":"ReadAction","target":["https:\/\/www.bellunopress.it\/2010\/10\/10\/antonio-di-pietro-il-nostro-vietnam\/"]}]},{"@type":"ImageObject","inLanguage":"fr-FR","@id":"https:\/\/www.bellunopress.it\/2010\/10\/10\/antonio-di-pietro-il-nostro-vietnam\/#primaryimage","url":"http:\/\/www.bellunopress.it\/wp-content\/uploads\/2010\/06\/antonio-di-pietro-280x280.jpg","contentUrl":"http:\/\/www.bellunopress.it\/wp-content\/uploads\/2010\/06\/antonio-di-pietro-280x280.jpg"},{"@type":"BreadcrumbList","@id":"https:\/\/www.bellunopress.it\/2010\/10\/10\/antonio-di-pietro-il-nostro-vietnam\/#breadcrumb","itemListElement":[{"@type":"ListItem","position":1,"name":"Home","item":"https:\/\/www.bellunopress.it\/"},{"@type":"ListItem","position":2,"name":"Antonio Di Pietro: il nostro Vietnam"}]},{"@type":"WebSite","@id":"https:\/\/www.bellunopress.it\/#website","url":"https:\/\/www.bellunopress.it\/","name":"Bellunopress - Dolomiti","description":"e-mail: redazione@bellunopress.it","publisher":{"@id":"https:\/\/www.bellunopress.it\/#organization"},"potentialAction":[{"@type":"SearchAction","target":{"@type":"EntryPoint","urlTemplate":"https:\/\/www.bellunopress.it\/?s={search_term_string}"},"query-input":{"@type":"PropertyValueSpecification","valueRequired":true,"valueName":"search_term_string"}}],"inLanguage":"fr-FR"},{"@type":"Organization","@id":"https:\/\/www.bellunopress.it\/#organization","name":"Bellunopress","url":"https:\/\/www.bellunopress.it\/","logo":{"@type":"ImageObject","inLanguage":"fr-FR","@id":"https:\/\/www.bellunopress.it\/#\/schema\/logo\/image\/","url":"https:\/\/www.bellunopress.it\/wp-content\/uploads\/2011\/05\/cropped-logo-bellunopress-.jpg","contentUrl":"https:\/\/www.bellunopress.it\/wp-content\/uploads\/2011\/05\/cropped-logo-bellunopress-.jpg","width":512,"height":512,"caption":"Bellunopress"},"image":{"@id":"https:\/\/www.bellunopress.it\/#\/schema\/logo\/image\/"},"sameAs":["https:\/\/www.facebook.com\/profile.php?id=100008943462799","https:\/\/x.com\/bellunopress","https:\/\/www.linkedin.com\/hp\/?dnr=JBzUWaJfMUw8vbXJJ2tVW5-I3jZKvC4wsoxE&amp;amp;amp;amp;amp;amp;trk=nav_responsive_tab_home","https:\/\/www.youtube.com\/channel\/UCxL0wu1uN0_3_7hGG0306cw"]},{"@type":"Person","@id":"https:\/\/www.bellunopress.it\/#\/schema\/person\/79bb06722b37ece1c03d3e94beb30d73","name":"r\u00e9daction","image":{"@type":"ImageObject","inLanguage":"fr-FR","@id":"https:\/\/secure.gravatar.com\/avatar\/37d968a2e67a6fd04c169c4bdef102d0bc5d31b2546345219e348575eb80e9a0?s=96&d=mm&r=g","url":"https:\/\/secure.gravatar.com\/avatar\/37d968a2e67a6fd04c169c4bdef102d0bc5d31b2546345219e348575eb80e9a0?s=96&d=mm&r=g","contentUrl":"https:\/\/secure.gravatar.com\/avatar\/37d968a2e67a6fd04c169c4bdef102d0bc5d31b2546345219e348575eb80e9a0?s=96&d=mm&r=g","caption":"redazione"},"sameAs":["http:\/\/www.bellunopress.it","https:\/\/x.com\/bellunopress"],"url":"https:\/\/www.bellunopress.it\/fr\/author\/redazione\/"}]}},"_links":{"self":[{"href":"https:\/\/www.bellunopress.it\/fr\/wp-json\/wp\/v2\/posts\/20003","targetHints":{"allow":["GET"]}}],"collection":[{"href":"https:\/\/www.bellunopress.it\/fr\/wp-json\/wp\/v2\/posts"}],"about":[{"href":"https:\/\/www.bellunopress.it\/fr\/wp-json\/wp\/v2\/types\/post"}],"author":[{"embeddable":true,"href":"https:\/\/www.bellunopress.it\/fr\/wp-json\/wp\/v2\/users\/2"}],"replies":[{"embeddable":true,"href":"https:\/\/www.bellunopress.it\/fr\/wp-json\/wp\/v2\/comments?post=20003"}],"version-history":[{"count":1,"href":"https:\/\/www.bellunopress.it\/fr\/wp-json\/wp\/v2\/posts\/20003\/revisions"}],"predecessor-version":[{"id":20004,"href":"https:\/\/www.bellunopress.it\/fr\/wp-json\/wp\/v2\/posts\/20003\/revisions\/20004"}],"wp:attachment":[{"href":"https:\/\/www.bellunopress.it\/fr\/wp-json\/wp\/v2\/media?parent=20003"}],"wp:term":[{"taxonomy":"category","embeddable":true,"href":"https:\/\/www.bellunopress.it\/fr\/wp-json\/wp\/v2\/categories?post=20003"},{"taxonomy":"post_tag","embeddable":true,"href":"https:\/\/www.bellunopress.it\/fr\/wp-json\/wp\/v2\/tags?post=20003"}],"curies":[{"name":"wp","href":"https:\/\/api.w.org\/{rel}","templated":true}]}}