{"id":19999,"date":"2010-10-10T07:08:59","date_gmt":"2010-10-10T06:08:59","guid":{"rendered":"http:\/\/www.bellunopress.it\/?p=19999"},"modified":"2010-10-10T07:08:59","modified_gmt":"2010-10-10T06:08:59","slug":"tenente-colonnello-stefano-fregona-%e2%80%9cun-attentato-infame-difficile-sfuggirvi%c2%bb","status":"publish","type":"post","link":"https:\/\/www.bellunopress.it\/fr\/2010\/10\/10\/tenente-colonnello-stefano-fregona-%e2%80%9cun-attentato-infame-difficile-sfuggirvi%c2%bb\/","title":{"rendered":"Tenente colonnello Stefano Fregona: \u201cUn attentato infame, difficile sfuggirvi\u00bb"},"content":{"rendered":"<figure id=\"attachment_20000\" aria-describedby=\"caption-attachment-20000\" style=\"width: 270px\" class=\"wp-caption alignleft\"><a href=\"http:\/\/www.bellunopress.it\/wp-content\/uploads\/2010\/10\/antonino-conti.jpg\"><img loading=\"lazy\" decoding=\"async\" class=\"size-medium wp-image-20000\" title=\"antonino-conti\" src=\"http:\/\/www.bellunopress.it\/wp-content\/uploads\/2010\/10\/antonino-conti.jpg\" alt=\"Antonino Conti\" width=\"270\" height=\"211\" \/><\/a><figcaption id=\"caption-attachment-20000\" class=\"wp-caption-text\">Antonino Conti<\/figcaption><\/figure>\n<p>Una ragazza con degli occhiali scuri entra al 7\u00b0 Alpini, ed esce un&#8217;ora e mezza dopo stringendo un cappello alpino fra le mani. E&#8217; la struggente immagine che racchiude tutto il dolore e il senso del tragico che si \u00e8 respirato ieri alla caserma Salsa, sede del 7\u00b0 alpini. \u00abErano ragazzi come noi, questo \u00e8 un lavoro che si fa con passione. Abbiamo perso quattro amici\u00bb hanno detto Benedetta Troiano e Antonino Conti, commilitoni dei 4 soldati caduti. \u00abC&#8217;eravamo detti arrivederci\u00bb, raccontano alcuni con gli occhi pieni di lacrime, che scorrono sotto gli occhiali. E pensare che solo una settimana fa i militari del 7\u00b0 potevano vantare di aver salvato un bambino di appena 25 giorni. I primi caduti del Reggimento arrivano alla quarta missione in Afghanistan. La bandiera a mezz&#8217;asta, posta sopra il monumento che nel 1926 fu addirittura inaugurato da Vittorio Emanuele III, spadroneggia nel piazzale. A sorprendere \u00e8 il silenzio. E il continuo via vai di autorit\u00e0 e commilitoni che escono ed entrano attraverso il cancello del Reggimento di stanza a Belluno. Tra le grate i militari in borghese aspettano notizie. I nomi dei caduti arrivano poco prima dell&#8217;una. I cinque militari coinvolti nell&#8217;esplosione che ha investito un blindato Lince alle 9.45 locali di ieri, nel distretto di Gulistan erano partiti per l&#8217;Afghanistan, da Belluno, a fine luglio.\u00a0 Nello scoppio hanno perso la vita il primo caporalmaggiore Gianmarco Manca; il primo caporalmaggiore Francesco Vannozzi, entrambi volontari in ferma permanente; il primo caporalmaggiore Sebastiano Ville, volontario in ferma breve e il caporalmaggiore Marco Pedone, volontario permanente. Il militare rimasto ferito \u00e8 il caporalmaggiore scelto Luca Cornacchia, che \u00abnon \u00e8 in pericolo di vita\u00bb.. Il comandante del 7\u00b0, il colonnello Paolo Sfarra, che avevamo contattato all&#8217;inizio della settimana, ci aveva raccontato che \u00abmomenti critici ve ne sono stati diversi. Sicuramente la giornata del 17 settembre rester\u00e0 nella memoria del personale che opera a Bakwa. Lo scontro a fuoco che ha visto coinvolto il capitano Romani \u2013 a cui va il nostro ricordo &#8211; \u00e8 avvenuto a pochi chilometri da noi, abbiamo potuto osservare l\u2019azione degli elicotteri dalle postazioni della guardia. Poche ore dopo, inoltre, una nostra pattuglia \u00e8 stata attaccata nei pressi della base. Vorrei invece ricordare un episodio che ha commosso tutti: alcuni giorni fa \u2013 aveva raccontato il colonnello Sfarra &#8211; , presso la base del Gulistan, \u00e8 stato portato un neonato di soli 25 giorni, intossicato dalla somministrazione di un medicinale per adulti. Le sue condizioni erano gravissime, il nostro ufficiale medico lo ha rianimato dopo un arresto cardiaco e lo ha ventilato per almeno tre ore per stabilizzarlo. Siamo riusciti a organizzare una missione di soccorso ed un elicottero ha prelevato lui e la mamma, era gi\u00e0 notte, e li ha trasportati all\u2019ospedale militare americano di Delaram. Ora sta bene, tra pochi giorni verr\u00e0 dimesso e tutto il personale della Fob Ice (il nome della base in Gulistan), non vede l\u2019ora di fargli festa\u00bb. S\u00ec, perch\u00e8 in Afghanistan la Missione Isaf \u00e8 soprattutto in supporto della popolazione locale. \u00c9 una missione di pace, dove spesso, purtroppo, sembra di essere in guerra. Le attivit\u00e0 di Isaf sono tutte in collaborazione con le forze armate e la polizia afghana. Il comandante Paolo Sfarra \u00e8 partito da Belluno, con la Bandiera di guerra, il 27 luglio scorso ed ha risposto alle nostre domande da Camp Lavaredo, sede del 7\u00b0 in Afghanistan. Questa \u00e8 la terza missione del 7\u00b0 negli ultimi quattro anni: nel 2006 e 2007 la base era a Kabul,nel 2009 a Farah, adesso la zona \u00e8 quella della regione del Gulistan e Bakwa. La base si trova a Bakwa, nella provincia di Farah, situata nella zona occidentale dell\u2019Afghanistan. Nell\u2019area del Regional Command West, gli alpini saranno impegnati fino a febbraio 2011 \u00abin attivit\u00e0 di supporto alle autorit\u00e0 afghane nell\u2019incremento delle condizioni di sicurezza\u00bb, aveva spiegato il colonnello Paolo Sfarra prima di partire. I primi tempi della missione del 7\u00b0 sono stati segnati dall&#8217;incertezza del contingente italiano su come la popolazione lo avrebbe accolto. Prima di loro, infatti, c&#8217;era una base di americani. E questo poteva destare qualche attrito gi\u00e0 in partenza. Ieri il tenente colonnello Stefano Fregona ha spiegato come si \u00e8 svolto l&#8217;incidente.<\/p>\n<figure id=\"attachment_20001\" aria-describedby=\"caption-attachment-20001\" style=\"width: 120px\" class=\"wp-caption alignleft\"><a href=\"http:\/\/www.bellunopress.it\/wp-content\/uploads\/2010\/10\/stefano-fregona.jpg\"><img loading=\"lazy\" decoding=\"async\" class=\"size-medium wp-image-20001\" title=\"stefano-fregona\" src=\"http:\/\/www.bellunopress.it\/wp-content\/uploads\/2010\/10\/stefano-fregona.jpg\" alt=\"Stefano Fregona\" width=\"120\" height=\"140\" \/><\/a><figcaption id=\"caption-attachment-20001\" class=\"wp-caption-text\">Stefano Fregona<\/figcaption><\/figure>\n<p>\u00abLa modalit\u00e0 \u00e8 simile a quella di un attentato infame: \u00e8 stato messo un esplosivo sotto la sede stradale, quando le insidie sono talmente celate \u00e8 difficile sfuggirvi\u00bb, spiega Fregona mostrando un Lince. \u00abHo sentito il colonnello Sfarra, che era presente sul luogo dell&#8217;incidente. Ha fatto s\u00ec che tutto il resto del convoglio fosse al riparo\u00bb.\u00a0 La morte dei quattro militari arriva proprio il 9 ottobre, data che ricorda la tragedia del Vajont, per la quale il 7\u00b0 fu insignito della Medaglia d&#8217;oro al Valor civile: furono gli alpini del reggimento a portare, per primi, soccorso alle vittime. Federica Fant<\/p>\n<p>nella foto in alto: Antonino Conti, commilitone dei ragazzi caduti. Qui a fianco il tenente colonnello Stefano Fregona<\/p>","protected":false},"excerpt":{"rendered":"<p>Una ragazza con degli occhiali scuri entra al 7\u00b0 Alpini, ed esce un&#8217;ora e mezza dopo stringendo un cappello alpino fra le mani. E&#8217; la struggente immagine che racchiude tutto il dolore e il senso del tragico che si \u00e8 respirato ieri alla caserma Salsa, sede del 7\u00b0 alpini. \u00abErano ragazzi come noi, questo \u00e8 [&hellip;]<\/p>\n","protected":false},"author":2,"featured_media":0,"comment_status":"closed","ping_status":"open","sticky":false,"template":"","format":"standard","meta":{"footnotes":""},"categories":[49,26],"tags":[139],"class_list":["post-19999","post","type-post","status-publish","format-standard","category-speciali","category-prima-pagina","tag-belluno"],"yoast_head":"<!-- This site is optimized with the Yoast SEO plugin v28.4 - https:\/\/yoast.com\/product\/yoast-seo-wordpress\/ -->\n<title>Tenente colonnello Stefano Fregona: \u201cUn attentato infame, difficile sfuggirvi\u00bb - Bellunopress - Dolomiti<\/title>\n<meta name=\"robots\" content=\"index, follow, max-snippet:-1, max-image-preview:large, max-video-preview:-1\" \/>\n<link rel=\"canonical\" href=\"https:\/\/www.bellunopress.it\/fr\/2010\/10\/10\/tenente-colonnello-stefano-fregona-\u201cun-attentato-infame-difficile-sfuggirvi\u00bb\/\" \/>\n<meta property=\"og:locale\" content=\"fr_FR\" \/>\n<meta property=\"og:type\" content=\"article\" \/>\n<meta property=\"og:title\" content=\"Tenente colonnello Stefano Fregona: \u201cUn attentato infame, difficile sfuggirvi\u00bb - Bellunopress - Dolomiti\" \/>\n<meta property=\"og:description\" content=\"Una ragazza con degli occhiali scuri entra al 7\u00b0 Alpini, ed esce un&#8217;ora e mezza dopo stringendo un cappello alpino fra le mani. E&#8217; la struggente immagine che racchiude tutto il dolore e il senso del tragico che si \u00e8 respirato ieri alla caserma Salsa, sede del 7\u00b0 alpini. \u00abErano ragazzi come noi, questo \u00e8 [&hellip;]\" \/>\n<meta property=\"og:url\" content=\"https:\/\/www.bellunopress.it\/fr\/2010\/10\/10\/tenente-colonnello-stefano-fregona-\u201cun-attentato-infame-difficile-sfuggirvi\u00bb\/\" \/>\n<meta property=\"og:site_name\" content=\"Bellunopress - Dolomiti\" \/>\n<meta property=\"article:publisher\" content=\"https:\/\/www.facebook.com\/profile.php?id=100008943462799\" \/>\n<meta property=\"article:published_time\" content=\"2010-10-10T06:08:59+00:00\" \/>\n<meta property=\"og:image\" content=\"http:\/\/www.bellunopress.it\/wp-content\/uploads\/2010\/10\/antonino-conti.jpg\" \/>\n<meta name=\"author\" content=\"redazione\" \/>\n<meta name=\"twitter:card\" content=\"summary_large_image\" \/>\n<meta name=\"twitter:creator\" content=\"@bellunopress\" \/>\n<meta name=\"twitter:site\" content=\"@bellunopress\" \/>\n<meta name=\"twitter:label1\" content=\"\u00c9crit par\" \/>\n\t<meta name=\"twitter:data1\" content=\"redazione\" \/>\n\t<meta name=\"twitter:label2\" content=\"Dur\u00e9e de lecture estim\u00e9e\" \/>\n\t<meta name=\"twitter:data2\" content=\"4 minutes\" \/>\n<script type=\"application\/ld+json\" class=\"yoast-schema-graph\">{\"@context\":\"https:\\\/\\\/schema.org\",\"@graph\":[{\"@type\":\"Article\",\"@id\":\"https:\\\/\\\/www.bellunopress.it\\\/2010\\\/10\\\/10\\\/tenente-colonnello-stefano-fregona-%e2%80%9cun-attentato-infame-difficile-sfuggirvi%c2%bb\\\/#article\",\"isPartOf\":{\"@id\":\"https:\\\/\\\/www.bellunopress.it\\\/2010\\\/10\\\/10\\\/tenente-colonnello-stefano-fregona-%e2%80%9cun-attentato-infame-difficile-sfuggirvi%c2%bb\\\/\"},\"author\":{\"name\":\"redazione\",\"@id\":\"https:\\\/\\\/www.bellunopress.it\\\/#\\\/schema\\\/person\\\/79bb06722b37ece1c03d3e94beb30d73\"},\"headline\":\"Tenente colonnello Stefano Fregona: \u201cUn attentato infame, difficile sfuggirvi\u00bb\",\"datePublished\":\"2010-10-10T06:08:59+00:00\",\"mainEntityOfPage\":{\"@id\":\"https:\\\/\\\/www.bellunopress.it\\\/2010\\\/10\\\/10\\\/tenente-colonnello-stefano-fregona-%e2%80%9cun-attentato-infame-difficile-sfuggirvi%c2%bb\\\/\"},\"wordCount\":824,\"publisher\":{\"@id\":\"https:\\\/\\\/www.bellunopress.it\\\/#organization\"},\"image\":{\"@id\":\"https:\\\/\\\/www.bellunopress.it\\\/2010\\\/10\\\/10\\\/tenente-colonnello-stefano-fregona-%e2%80%9cun-attentato-infame-difficile-sfuggirvi%c2%bb\\\/#primaryimage\"},\"thumbnailUrl\":\"http:\\\/\\\/www.bellunopress.it\\\/wp-content\\\/uploads\\\/2010\\\/10\\\/antonino-conti.jpg\",\"keywords\":[\"Belluno\"],\"articleSection\":[\"Gli speciali di Bellunopress\",\"Prima Pagina\"],\"inLanguage\":\"fr-FR\"},{\"@type\":\"WebPage\",\"@id\":\"https:\\\/\\\/www.bellunopress.it\\\/2010\\\/10\\\/10\\\/tenente-colonnello-stefano-fregona-%e2%80%9cun-attentato-infame-difficile-sfuggirvi%c2%bb\\\/\",\"url\":\"https:\\\/\\\/www.bellunopress.it\\\/2010\\\/10\\\/10\\\/tenente-colonnello-stefano-fregona-%e2%80%9cun-attentato-infame-difficile-sfuggirvi%c2%bb\\\/\",\"name\":\"Tenente colonnello Stefano Fregona: \u201cUn attentato infame, difficile sfuggirvi\u00bb - Bellunopress - Dolomiti\",\"isPartOf\":{\"@id\":\"https:\\\/\\\/www.bellunopress.it\\\/#website\"},\"primaryImageOfPage\":{\"@id\":\"https:\\\/\\\/www.bellunopress.it\\\/2010\\\/10\\\/10\\\/tenente-colonnello-stefano-fregona-%e2%80%9cun-attentato-infame-difficile-sfuggirvi%c2%bb\\\/#primaryimage\"},\"image\":{\"@id\":\"https:\\\/\\\/www.bellunopress.it\\\/2010\\\/10\\\/10\\\/tenente-colonnello-stefano-fregona-%e2%80%9cun-attentato-infame-difficile-sfuggirvi%c2%bb\\\/#primaryimage\"},\"thumbnailUrl\":\"http:\\\/\\\/www.bellunopress.it\\\/wp-content\\\/uploads\\\/2010\\\/10\\\/antonino-conti.jpg\",\"datePublished\":\"2010-10-10T06:08:59+00:00\",\"breadcrumb\":{\"@id\":\"https:\\\/\\\/www.bellunopress.it\\\/2010\\\/10\\\/10\\\/tenente-colonnello-stefano-fregona-%e2%80%9cun-attentato-infame-difficile-sfuggirvi%c2%bb\\\/#breadcrumb\"},\"inLanguage\":\"fr-FR\",\"potentialAction\":[{\"@type\":\"ReadAction\",\"target\":[\"https:\\\/\\\/www.bellunopress.it\\\/2010\\\/10\\\/10\\\/tenente-colonnello-stefano-fregona-%e2%80%9cun-attentato-infame-difficile-sfuggirvi%c2%bb\\\/\"]}]},{\"@type\":\"ImageObject\",\"inLanguage\":\"fr-FR\",\"@id\":\"https:\\\/\\\/www.bellunopress.it\\\/2010\\\/10\\\/10\\\/tenente-colonnello-stefano-fregona-%e2%80%9cun-attentato-infame-difficile-sfuggirvi%c2%bb\\\/#primaryimage\",\"url\":\"http:\\\/\\\/www.bellunopress.it\\\/wp-content\\\/uploads\\\/2010\\\/10\\\/antonino-conti.jpg\",\"contentUrl\":\"http:\\\/\\\/www.bellunopress.it\\\/wp-content\\\/uploads\\\/2010\\\/10\\\/antonino-conti.jpg\"},{\"@type\":\"BreadcrumbList\",\"@id\":\"https:\\\/\\\/www.bellunopress.it\\\/2010\\\/10\\\/10\\\/tenente-colonnello-stefano-fregona-%e2%80%9cun-attentato-infame-difficile-sfuggirvi%c2%bb\\\/#breadcrumb\",\"itemListElement\":[{\"@type\":\"ListItem\",\"position\":1,\"name\":\"Home\",\"item\":\"https:\\\/\\\/www.bellunopress.it\\\/\"},{\"@type\":\"ListItem\",\"position\":2,\"name\":\"Tenente colonnello Stefano Fregona: \u201cUn attentato infame, difficile sfuggirvi\u00bb\"}]},{\"@type\":\"WebSite\",\"@id\":\"https:\\\/\\\/www.bellunopress.it\\\/#website\",\"url\":\"https:\\\/\\\/www.bellunopress.it\\\/\",\"name\":\"Bellunopress - Dolomiti\",\"description\":\"e-mail: redazione@bellunopress.it\",\"publisher\":{\"@id\":\"https:\\\/\\\/www.bellunopress.it\\\/#organization\"},\"potentialAction\":[{\"@type\":\"SearchAction\",\"target\":{\"@type\":\"EntryPoint\",\"urlTemplate\":\"https:\\\/\\\/www.bellunopress.it\\\/?s={search_term_string}\"},\"query-input\":{\"@type\":\"PropertyValueSpecification\",\"valueRequired\":true,\"valueName\":\"search_term_string\"}}],\"inLanguage\":\"fr-FR\"},{\"@type\":\"Organization\",\"@id\":\"https:\\\/\\\/www.bellunopress.it\\\/#organization\",\"name\":\"Bellunopress\",\"url\":\"https:\\\/\\\/www.bellunopress.it\\\/\",\"logo\":{\"@type\":\"ImageObject\",\"inLanguage\":\"fr-FR\",\"@id\":\"https:\\\/\\\/www.bellunopress.it\\\/#\\\/schema\\\/logo\\\/image\\\/\",\"url\":\"https:\\\/\\\/www.bellunopress.it\\\/wp-content\\\/uploads\\\/2011\\\/05\\\/cropped-logo-bellunopress-.jpg\",\"contentUrl\":\"https:\\\/\\\/www.bellunopress.it\\\/wp-content\\\/uploads\\\/2011\\\/05\\\/cropped-logo-bellunopress-.jpg\",\"width\":512,\"height\":512,\"caption\":\"Bellunopress\"},\"image\":{\"@id\":\"https:\\\/\\\/www.bellunopress.it\\\/#\\\/schema\\\/logo\\\/image\\\/\"},\"sameAs\":[\"https:\\\/\\\/www.facebook.com\\\/profile.php?id=100008943462799\",\"https:\\\/\\\/x.com\\\/bellunopress\",\"https:\\\/\\\/www.linkedin.com\\\/hp\\\/?dnr=JBzUWaJfMUw8vbXJJ2tVW5-I3jZKvC4wsoxE&amp;amp;amp;amp;amp;amp;trk=nav_responsive_tab_home\",\"https:\\\/\\\/www.youtube.com\\\/channel\\\/UCxL0wu1uN0_3_7hGG0306cw\"]},{\"@type\":\"Person\",\"@id\":\"https:\\\/\\\/www.bellunopress.it\\\/#\\\/schema\\\/person\\\/79bb06722b37ece1c03d3e94beb30d73\",\"name\":\"redazione\",\"image\":{\"@type\":\"ImageObject\",\"inLanguage\":\"fr-FR\",\"@id\":\"https:\\\/\\\/secure.gravatar.com\\\/avatar\\\/37d968a2e67a6fd04c169c4bdef102d0bc5d31b2546345219e348575eb80e9a0?s=96&d=mm&r=g\",\"url\":\"https:\\\/\\\/secure.gravatar.com\\\/avatar\\\/37d968a2e67a6fd04c169c4bdef102d0bc5d31b2546345219e348575eb80e9a0?s=96&d=mm&r=g\",\"contentUrl\":\"https:\\\/\\\/secure.gravatar.com\\\/avatar\\\/37d968a2e67a6fd04c169c4bdef102d0bc5d31b2546345219e348575eb80e9a0?s=96&d=mm&r=g\",\"caption\":\"redazione\"},\"sameAs\":[\"http:\\\/\\\/www.bellunopress.it\",\"https:\\\/\\\/x.com\\\/bellunopress\"],\"url\":\"https:\\\/\\\/www.bellunopress.it\\\/fr\\\/author\\\/redazione\\\/\"}]}<\/script>\n<!-- \/ Yoast SEO plugin. -->","yoast_head_json":{"title":"Tenente colonnello Stefano Fregona: \u201cUn attentato infame, difficile sfuggirvi\u00bb - Bellunopress - Dolomiti","robots":{"index":"index","follow":"follow","max-snippet":"max-snippet:-1","max-image-preview":"max-image-preview:large","max-video-preview":"max-video-preview:-1"},"canonical":"https:\/\/www.bellunopress.it\/fr\/2010\/10\/10\/tenente-colonnello-stefano-fregona-\u201cun-attentato-infame-difficile-sfuggirvi\u00bb\/","og_locale":"fr_FR","og_type":"article","og_title":"Tenente colonnello Stefano Fregona: \u201cUn attentato infame, difficile sfuggirvi\u00bb - Bellunopress - Dolomiti","og_description":"Una ragazza con degli occhiali scuri entra al 7\u00b0 Alpini, ed esce un&#8217;ora e mezza dopo stringendo un cappello alpino fra le mani. E&#8217; la struggente immagine che racchiude tutto il dolore e il senso del tragico che si \u00e8 respirato ieri alla caserma Salsa, sede del 7\u00b0 alpini. \u00abErano ragazzi come noi, questo \u00e8 [&hellip;]","og_url":"https:\/\/www.bellunopress.it\/fr\/2010\/10\/10\/tenente-colonnello-stefano-fregona-\u201cun-attentato-infame-difficile-sfuggirvi\u00bb\/","og_site_name":"Bellunopress - Dolomiti","article_publisher":"https:\/\/www.facebook.com\/profile.php?id=100008943462799","article_published_time":"2010-10-10T06:08:59+00:00","og_image":[{"url":"http:\/\/www.bellunopress.it\/wp-content\/uploads\/2010\/10\/antonino-conti.jpg","type":"","width":"","height":""}],"author":"redazione","twitter_card":"summary_large_image","twitter_creator":"@bellunopress","twitter_site":"@bellunopress","twitter_misc":{"\u00c9crit par":"redazione","Dur\u00e9e de lecture estim\u00e9e":"4 minutes"},"schema":{"@context":"https:\/\/schema.org","@graph":[{"@type":"Article","@id":"https:\/\/www.bellunopress.it\/2010\/10\/10\/tenente-colonnello-stefano-fregona-%e2%80%9cun-attentato-infame-difficile-sfuggirvi%c2%bb\/#article","isPartOf":{"@id":"https:\/\/www.bellunopress.it\/2010\/10\/10\/tenente-colonnello-stefano-fregona-%e2%80%9cun-attentato-infame-difficile-sfuggirvi%c2%bb\/"},"author":{"name":"redazione","@id":"https:\/\/www.bellunopress.it\/#\/schema\/person\/79bb06722b37ece1c03d3e94beb30d73"},"headline":"Tenente colonnello Stefano Fregona: \u201cUn attentato infame, difficile sfuggirvi\u00bb","datePublished":"2010-10-10T06:08:59+00:00","mainEntityOfPage":{"@id":"https:\/\/www.bellunopress.it\/2010\/10\/10\/tenente-colonnello-stefano-fregona-%e2%80%9cun-attentato-infame-difficile-sfuggirvi%c2%bb\/"},"wordCount":824,"publisher":{"@id":"https:\/\/www.bellunopress.it\/#organization"},"image":{"@id":"https:\/\/www.bellunopress.it\/2010\/10\/10\/tenente-colonnello-stefano-fregona-%e2%80%9cun-attentato-infame-difficile-sfuggirvi%c2%bb\/#primaryimage"},"thumbnailUrl":"http:\/\/www.bellunopress.it\/wp-content\/uploads\/2010\/10\/antonino-conti.jpg","keywords":["Belluno"],"articleSection":["Gli speciali di Bellunopress","Prima Pagina"],"inLanguage":"fr-FR"},{"@type":"WebPage","@id":"https:\/\/www.bellunopress.it\/2010\/10\/10\/tenente-colonnello-stefano-fregona-%e2%80%9cun-attentato-infame-difficile-sfuggirvi%c2%bb\/","url":"https:\/\/www.bellunopress.it\/2010\/10\/10\/tenente-colonnello-stefano-fregona-%e2%80%9cun-attentato-infame-difficile-sfuggirvi%c2%bb\/","name":"Tenente colonnello Stefano Fregona: \u201cUn attentato infame, difficile sfuggirvi\u00bb - Bellunopress - Dolomiti","isPartOf":{"@id":"https:\/\/www.bellunopress.it\/#website"},"primaryImageOfPage":{"@id":"https:\/\/www.bellunopress.it\/2010\/10\/10\/tenente-colonnello-stefano-fregona-%e2%80%9cun-attentato-infame-difficile-sfuggirvi%c2%bb\/#primaryimage"},"image":{"@id":"https:\/\/www.bellunopress.it\/2010\/10\/10\/tenente-colonnello-stefano-fregona-%e2%80%9cun-attentato-infame-difficile-sfuggirvi%c2%bb\/#primaryimage"},"thumbnailUrl":"http:\/\/www.bellunopress.it\/wp-content\/uploads\/2010\/10\/antonino-conti.jpg","datePublished":"2010-10-10T06:08:59+00:00","breadcrumb":{"@id":"https:\/\/www.bellunopress.it\/2010\/10\/10\/tenente-colonnello-stefano-fregona-%e2%80%9cun-attentato-infame-difficile-sfuggirvi%c2%bb\/#breadcrumb"},"inLanguage":"fr-FR","potentialAction":[{"@type":"ReadAction","target":["https:\/\/www.bellunopress.it\/2010\/10\/10\/tenente-colonnello-stefano-fregona-%e2%80%9cun-attentato-infame-difficile-sfuggirvi%c2%bb\/"]}]},{"@type":"ImageObject","inLanguage":"fr-FR","@id":"https:\/\/www.bellunopress.it\/2010\/10\/10\/tenente-colonnello-stefano-fregona-%e2%80%9cun-attentato-infame-difficile-sfuggirvi%c2%bb\/#primaryimage","url":"http:\/\/www.bellunopress.it\/wp-content\/uploads\/2010\/10\/antonino-conti.jpg","contentUrl":"http:\/\/www.bellunopress.it\/wp-content\/uploads\/2010\/10\/antonino-conti.jpg"},{"@type":"BreadcrumbList","@id":"https:\/\/www.bellunopress.it\/2010\/10\/10\/tenente-colonnello-stefano-fregona-%e2%80%9cun-attentato-infame-difficile-sfuggirvi%c2%bb\/#breadcrumb","itemListElement":[{"@type":"ListItem","position":1,"name":"Home","item":"https:\/\/www.bellunopress.it\/"},{"@type":"ListItem","position":2,"name":"Tenente colonnello Stefano Fregona: \u201cUn attentato infame, difficile sfuggirvi\u00bb"}]},{"@type":"WebSite","@id":"https:\/\/www.bellunopress.it\/#website","url":"https:\/\/www.bellunopress.it\/","name":"Bellunopress - Dolomiti","description":"e-mail: redazione@bellunopress.it","publisher":{"@id":"https:\/\/www.bellunopress.it\/#organization"},"potentialAction":[{"@type":"SearchAction","target":{"@type":"EntryPoint","urlTemplate":"https:\/\/www.bellunopress.it\/?s={search_term_string}"},"query-input":{"@type":"PropertyValueSpecification","valueRequired":true,"valueName":"search_term_string"}}],"inLanguage":"fr-FR"},{"@type":"Organization","@id":"https:\/\/www.bellunopress.it\/#organization","name":"Bellunopress","url":"https:\/\/www.bellunopress.it\/","logo":{"@type":"ImageObject","inLanguage":"fr-FR","@id":"https:\/\/www.bellunopress.it\/#\/schema\/logo\/image\/","url":"https:\/\/www.bellunopress.it\/wp-content\/uploads\/2011\/05\/cropped-logo-bellunopress-.jpg","contentUrl":"https:\/\/www.bellunopress.it\/wp-content\/uploads\/2011\/05\/cropped-logo-bellunopress-.jpg","width":512,"height":512,"caption":"Bellunopress"},"image":{"@id":"https:\/\/www.bellunopress.it\/#\/schema\/logo\/image\/"},"sameAs":["https:\/\/www.facebook.com\/profile.php?id=100008943462799","https:\/\/x.com\/bellunopress","https:\/\/www.linkedin.com\/hp\/?dnr=JBzUWaJfMUw8vbXJJ2tVW5-I3jZKvC4wsoxE&amp;amp;amp;amp;amp;amp;trk=nav_responsive_tab_home","https:\/\/www.youtube.com\/channel\/UCxL0wu1uN0_3_7hGG0306cw"]},{"@type":"Person","@id":"https:\/\/www.bellunopress.it\/#\/schema\/person\/79bb06722b37ece1c03d3e94beb30d73","name":"r\u00e9daction","image":{"@type":"ImageObject","inLanguage":"fr-FR","@id":"https:\/\/secure.gravatar.com\/avatar\/37d968a2e67a6fd04c169c4bdef102d0bc5d31b2546345219e348575eb80e9a0?s=96&d=mm&r=g","url":"https:\/\/secure.gravatar.com\/avatar\/37d968a2e67a6fd04c169c4bdef102d0bc5d31b2546345219e348575eb80e9a0?s=96&d=mm&r=g","contentUrl":"https:\/\/secure.gravatar.com\/avatar\/37d968a2e67a6fd04c169c4bdef102d0bc5d31b2546345219e348575eb80e9a0?s=96&d=mm&r=g","caption":"redazione"},"sameAs":["http:\/\/www.bellunopress.it","https:\/\/x.com\/bellunopress"],"url":"https:\/\/www.bellunopress.it\/fr\/author\/redazione\/"}]}},"_links":{"self":[{"href":"https:\/\/www.bellunopress.it\/fr\/wp-json\/wp\/v2\/posts\/19999","targetHints":{"allow":["GET"]}}],"collection":[{"href":"https:\/\/www.bellunopress.it\/fr\/wp-json\/wp\/v2\/posts"}],"about":[{"href":"https:\/\/www.bellunopress.it\/fr\/wp-json\/wp\/v2\/types\/post"}],"author":[{"embeddable":true,"href":"https:\/\/www.bellunopress.it\/fr\/wp-json\/wp\/v2\/users\/2"}],"replies":[{"embeddable":true,"href":"https:\/\/www.bellunopress.it\/fr\/wp-json\/wp\/v2\/comments?post=19999"}],"version-history":[{"count":1,"href":"https:\/\/www.bellunopress.it\/fr\/wp-json\/wp\/v2\/posts\/19999\/revisions"}],"predecessor-version":[{"id":20002,"href":"https:\/\/www.bellunopress.it\/fr\/wp-json\/wp\/v2\/posts\/19999\/revisions\/20002"}],"wp:attachment":[{"href":"https:\/\/www.bellunopress.it\/fr\/wp-json\/wp\/v2\/media?parent=19999"}],"wp:term":[{"taxonomy":"category","embeddable":true,"href":"https:\/\/www.bellunopress.it\/fr\/wp-json\/wp\/v2\/categories?post=19999"},{"taxonomy":"post_tag","embeddable":true,"href":"https:\/\/www.bellunopress.it\/fr\/wp-json\/wp\/v2\/tags?post=19999"}],"curies":[{"name":"wp","href":"https:\/\/api.w.org\/{rel}","templated":true}]}}