{"id":19983,"date":"2010-10-09T15:03:13","date_gmt":"2010-10-09T14:03:13","guid":{"rendered":"http:\/\/www.bellunopress.it\/?p=19983"},"modified":"2010-10-09T15:03:13","modified_gmt":"2010-10-09T14:03:13","slug":"intervista-al-comandante-del-7mo-reggimento-alpini-colonnello-paolo-sfarra","status":"publish","type":"post","link":"https:\/\/www.bellunopress.it\/fr\/2010\/10\/09\/intervista-al-comandante-del-7mo-reggimento-alpini-colonnello-paolo-sfarra\/","title":{"rendered":"Intervista al comandante del 7mo Reggimento Alpini colonnello Paolo Sfarra"},"content":{"rendered":"<figure id=\"attachment_17540\" aria-describedby=\"caption-attachment-17540\" style=\"width: 187px\" class=\"wp-caption alignleft\"><a href=\"http:\/\/www.bellunopress.it\/wp-content\/uploads\/2010\/07\/col-paolo-sfarra-270x180.jpg\"><img loading=\"lazy\" decoding=\"async\" class=\"size-medium wp-image-17540\" title=\"col-paolo-sfarra-270x180\" src=\"http:\/\/www.bellunopress.it\/wp-content\/uploads\/2010\/07\/col-paolo-sfarra-270x180.jpg\" alt=\"Col. Paolo Sfarra\" width=\"187\" height=\"270\" \/><\/a><figcaption id=\"caption-attachment-17540\" class=\"wp-caption-text\">Col. Paolo Sfarra<\/figcaption><\/figure>\n<p>Pubblichiamo l&#8217;intervista al colonnello Paolo Sfarra, realizzata da Federica Fant prima del tragico attentato in Afghanistan nel quale hanno perso la vita quattro alpini del 7mo Rgt.<\/p>\n<p>Da circa tre mesi i militari del 7\u00b0 Alpini, che ha base a Belluno, si trovano in Afghanistan. Abbiamo chiesto al colonnello Paolo Sfarra, che comanda l&#8217;intero Reggimento come \u00e8 la situazione e quali sono i punti critici della missione Isaf. Missione che si interessa del processo di estensione dei sistemi di sicurezza. Le attivit\u00e0 di Isaf sono tutte in collaborazione con le forze armate e la polizia afghana. Il comandante Paolo Sfarra \u00e8 partito da Belluno, con la Bandiera di guerra, il 27 luglio scorso ed ha risposto alle nostre domande dal Camp Lavaredo, sede del 7\u00b0 in Afghanistan. Questa \u00e8 la terza missione del 7\u00b0 Alpini negli ultimi quattro anni. La base si trova a Bakwa, nella provincia di Farah, situata nella zona occidentale dell\u2019Afghanistan. Nell\u2019area del Regional Command West, gli alpini saranno impegnati fino a febbraio 2011 \u00abin attivit\u00e0 di supporto alle autorit\u00e0 afghane nell\u2019incremento delle condizioni di sicurezza\u00bb, aveva spiegato il colonnello Paolo Sfarra prima di partire. Con gli uomini e le donne del Settimo, che saranno circa la met\u00e0 del reggimento, ci saranno una compagnia del 2\u00ba Reggimento genio di Trento e una compagnia del 7\u00ba Reggimento trasmissioni di Sacile. I primi tempi della missione del 7\u00b0 sono stati segnati dall&#8217;incertezza del contingente italiano su come la popolazione lo avrebbe accolto. Prima di loro, infatti, c&#8217;era una base di americani. E questo poteva destare qualche attrito gi\u00e0 in partenza. Commovente il racconto del salvataggio di un bambino di appena 25 giorni, arrivato alla base intossicato da una dose troppo forte di medicinale la settimana scorsa. Il 7\u00b0 alpini, nella persona del suo comandante, \u00e8 riuscito ad organizzare una missione di soccorso, che \u00e8 andata a buon fine.<br \/>\n<strong>Come \u00e8 stato l&#8217;arrivo al Regional Command West?<\/strong> \u00abDirei normale, la maggior parte del personale del reggimento ha gi\u00e0 svolto diverse operazioni fuori area ed in particolare in Afghanistan e quindi sapeva di massima gi\u00e0 cosa lo attendeva; inoltre il fatto di trovare in teatro la brigata Taurinense, e quindi un ambiente \u2018alpino\u2019, ci ha sicuramente agevolato nelle operazioni di schieramento\u00bb.<br \/>\n<strong>Quale \u00e8 la percezione della gente di Bakwa e del Gulistan nei confronti del contingente italiano?<\/strong> Intendendo soprattutto la differenza tra gli italiani di adesso e gli americani che stavano nella stessa zona. \u00abPosso dire che l\u2019atteggiamento della popolazione al momento \u00e8 di attesa, ci studiano e cercano di capire chi hanno di fronte. La maggior parte di loro non \u00e8 scolarizzata, qui non ci sono radio o televisione e pertanto non sanno nulla dell\u2019Italia, non la sanno nemmeno posizionare sulla carta geografica. La popolazione ha grandi aspettative nei confronti delle forze Isaf, aspettative che non \u00e8 facile soddisfare in quanto non \u00e8 immediato colmare il divario esistente tra l\u2019Afghanistan ed il mondo occidentale. Nella nostra area praticamente tutti i villaggi sono privi di ogni servizio essenziale, non c\u2019\u00e8 ne luce elettrica ne acqua corrente, non esistono strutture che noi diamo per scontate quali la scuola e gli ospedali. Questo \u00e8 il motivo per cui cerchiamo di muoverci con grande cautela ed attenzione, promettendo solamente cose che siamo in grado di mantenere nel breve periodo. Comunque alcuni piccoli progetti li abbiamo gi\u00e0 iniziati e stiamo cominciando a raccogliere qualche successo\u00bb.<br \/>\n<strong>Quali le maggiori difficolt\u00e0 riscontrate sin d&#8217;ora?<\/strong> \u00abIndubbiamente i maggiori problemi sono sul lato della logistica, le distanze nella nostra zona sono notevoli, distiamo circa 350 km da Herat, sede del Comando RCW (Regional Command West) e nostra principale base di alimentazione. Un convoglio sino in Gulistan pu\u00f2 impiegare anche cinque giorni. Gli assetti aerei ci danno una grossa mano e la situazione sta migliorando, ma questa rimane sicuramente la nostra problematica maggiore\u00bb.<br \/>\nQuanto \u00e8 sentito il &#8220;sentimento del pericolo&#8221; dal 7\u00b0 Alpini? \u00abI rischi ci sono, \u00e8 inutile negarlo, l\u2019area che ci \u00e8 stata assegnata \u00e8 ancora lungi dall\u2019essere stabilizzata: anche gli Alpini della Task Force sono stati coinvolti in scontri a fuoco, fortunatamente senza conseguenze. Malgrado ci\u00f2 posso dire che il personale e\u2019 sereno perch\u00e9 \u00e8 conscio che tutte le attivit\u00e0 vengono pianificate ed organizzate con grande cura, allo scopo di ridurre i rischi al minimo e di salvaguardare l\u2019incolumit\u00e0 del personale. Dopo averli visti in azione sono orgoglioso dei miei Alpini, sono professionisti seri e preparati\u00bb.<br \/>\n<strong>Ci sono gi\u00e0 stati momenti<\/strong> <strong>critici? Pu\u00f2 gi\u00e0 raccontare qualcosa di particolare intercorso con la popolazione? Anche inerente all&#8217;attivit\u00e0 Cimic o attinente?<\/strong> \u00abMomenti critici ve ne sono stati diversi, tutti gestiti con serenit\u00e0 e professionalit\u00e0. Sicuramente la giornata del 17 settembre rester\u00e0 nella memoria del personale che opera a Bakwa. Lo scontro a fuoco che ha visto coinvolto il capitano Romani \u2013 a cui va il nostro ricordo &#8211; \u00e8 avvenuto a pochi chilometri da noi, abbiamo potuto osservare l\u2019azione degli elicotteri dalle postazioni della guardia. Poche ore dopo, inoltre, una nostra pattuglia \u00e8 stata attaccata nei pressi della base. Vorrei invece ricordare un episodio che ha commosso tutti: alcuni giorni fa, presso la base del Gulistan, \u00e8 stato portato un neonato di soli 25 giorni, intossicato dalla somministrazione di un medicinale per adulti. Le sue condizioni erano gravissime, il nostro ufficiale medico lo ha rianimato dopo un arresto cardiaco e lo ha ventilato per almeno tre ore per stabilizzarlo. Siamo riusciti a organizzare una missione di soccorso ed un elicottero ha prelevato lui e la mamma, era gi\u00e0 notte, e li ha trasportati all\u2019ospedale militare americano di Delaram. Ora sta bene, tra pochi giorni verr\u00e0 dimesso e tutto il personale della FOB Ice (il nome della base in Gulistan), non vede l\u2019ora di fargli festa\u00bb.<br \/>\n<strong>A che livello \u00e8 la nostalgia di casa da parte dei militari?<\/strong> \u00abIo sono in teatro da pi\u00f9 di due mesi, una parte dei miei soldati \u00e8 qui da quasi tre e la nostalgia comincia a farsi sentire, ci sono sere che chiamare a casa e parlare con i bambini \u00e8 veramente difficile. Comunque il tempo passa in fretta e quindi anche questa missione passer\u00e0. Un saluto a tutti da Camp Lavaredo, sede del 7\u00b0 reggimento alpini in Afghanistan\u00bb. Federica Fant<\/p>\n<p><strong>La Missione italiana in Afghanistan<\/strong><\/p>\n<p>Nella regione di Herat opera attualmente tutta la brigata Alpina Taurinense, guidata dal generale Claudio Berto, con il 2\u00b0 Alpini di Cuneo, il 3\u00b0 di Pinerolo, il 9\u00b0 dell&#8217;Aquila, il 1\u00b0 artiglieria da montagna di Fossano ed il XXX battaglione genio del 32\u00b0 reggimento di Torino, cui si aggiungono i contributi di altre unit\u00e0 dell&#8217;Esercito (tra cui gli elicotteristi dell&#8217;Aviation battalion con i CH47, i Mangusta e gli AB412), dell&#8217;Aeronautica Militare (presente con una task-force di velivoli AMX, C130 e Predator), della Marina, dei Carabinieri e della Guardia di Finanza, per un totale di circa 3.500 militari, oltre ai contingenti di 10 Paesi amici ed alleati, tra cui Spagna, Lituania e Stati Uniti, per un totale di oltre 7.000 unit\u00e0. L\u2019area di responsabilit\u00e0 del Regional Command West, vasta quanto l\u2019Italia del nord \u00e8 suddivisa in tre settori, assegnati al: 2\u00b0 reggimento Alpini (Task- Force North), 3\u00b0 reggimento Alpini (Task-Force Centre), 9\u00b0 reggimento Alpini (Task-Force South) e 7\u00b0 reggimento Alpini (Task-Force South-East). Ciascuna Task-Force opera a partire da un certo numero di basi avanzate (dette &#8216;FOB&#8217; &#8211; Forward Operational Bases) che consentono un controllo del territorio pi\u00f9 capillare. Tutte le operazioni in corso sono orientate a favore della popolazione afgana e vengono condotte in partnership con le forze di sicurezza locali e i contingenti alleati. Il sostegno italiano alle autorit\u00e0 locali e l\u2019attuazione di programmi di sviluppo, cos\u00ec come il collegamento con le organizzazioni internazionali, viene assicurato dal Provincial Reconstruction Team (PRT) di Herat, unit\u00e0 costituita dagli artiglieri del 1\u00b0 da montagna di Fossano, con la presenza di funzionari della Farnesina.<\/p>","protected":false},"excerpt":{"rendered":"<p>Pubblichiamo l&#8217;intervista al colonnello Paolo Sfarra, realizzata da Federica Fant prima del tragico attentato in Afghanistan nel quale hanno perso la vita quattro alpini del 7mo Rgt. Da circa tre mesi i militari del 7\u00b0 Alpini, che ha base a Belluno, si trovano in Afghanistan. Abbiamo chiesto al colonnello Paolo Sfarra, che comanda l&#8217;intero Reggimento [&hellip;]<\/p>\n","protected":false},"author":2,"featured_media":0,"comment_status":"closed","ping_status":"open","sticky":false,"template":"","format":"standard","meta":{"footnotes":""},"categories":[49,26],"tags":[139],"class_list":["post-19983","post","type-post","status-publish","format-standard","category-speciali","category-prima-pagina","tag-belluno"],"yoast_head":"<!-- This site is optimized with the Yoast SEO plugin v28.4 - https:\/\/yoast.com\/product\/yoast-seo-wordpress\/ -->\n<title>Intervista al comandante del 7mo Reggimento Alpini colonnello Paolo Sfarra - Bellunopress - Dolomiti<\/title>\n<meta name=\"robots\" content=\"index, follow, max-snippet:-1, max-image-preview:large, max-video-preview:-1\" \/>\n<link rel=\"canonical\" href=\"https:\/\/www.bellunopress.it\/fr\/2010\/10\/09\/intervista-al-comandante-del-7mo-reggimento-alpini-colonnello-paolo-sfarra\/\" \/>\n<meta property=\"og:locale\" content=\"fr_FR\" \/>\n<meta property=\"og:type\" content=\"article\" \/>\n<meta property=\"og:title\" content=\"Intervista al comandante del 7mo Reggimento Alpini colonnello Paolo Sfarra - Bellunopress - Dolomiti\" \/>\n<meta property=\"og:description\" content=\"Pubblichiamo l&#8217;intervista al colonnello Paolo Sfarra, realizzata da Federica Fant prima del tragico attentato in Afghanistan nel quale hanno perso la vita quattro alpini del 7mo Rgt. Da circa tre mesi i militari del 7\u00b0 Alpini, che ha base a Belluno, si trovano in Afghanistan. Abbiamo chiesto al colonnello Paolo Sfarra, che comanda l&#8217;intero Reggimento [&hellip;]\" \/>\n<meta property=\"og:url\" content=\"https:\/\/www.bellunopress.it\/fr\/2010\/10\/09\/intervista-al-comandante-del-7mo-reggimento-alpini-colonnello-paolo-sfarra\/\" \/>\n<meta property=\"og:site_name\" content=\"Bellunopress - Dolomiti\" \/>\n<meta property=\"article:publisher\" content=\"https:\/\/www.facebook.com\/profile.php?id=100008943462799\" \/>\n<meta property=\"article:published_time\" content=\"2010-10-09T14:03:13+00:00\" \/>\n<meta property=\"og:image\" content=\"http:\/\/www.bellunopress.it\/wp-content\/uploads\/2010\/07\/col-paolo-sfarra-270x180.jpg\" \/>\n<meta name=\"author\" content=\"redazione\" \/>\n<meta name=\"twitter:card\" content=\"summary_large_image\" \/>\n<meta name=\"twitter:creator\" content=\"@bellunopress\" \/>\n<meta name=\"twitter:site\" content=\"@bellunopress\" \/>\n<meta name=\"twitter:label1\" content=\"\u00c9crit par\" \/>\n\t<meta name=\"twitter:data1\" content=\"redazione\" \/>\n\t<meta name=\"twitter:label2\" content=\"Dur\u00e9e de lecture estim\u00e9e\" \/>\n\t<meta name=\"twitter:data2\" content=\"6 minutes\" \/>\n<script type=\"application\/ld+json\" class=\"yoast-schema-graph\">{\"@context\":\"https:\\\/\\\/schema.org\",\"@graph\":[{\"@type\":\"Article\",\"@id\":\"https:\\\/\\\/www.bellunopress.it\\\/2010\\\/10\\\/09\\\/intervista-al-comandante-del-7mo-reggimento-alpini-colonnello-paolo-sfarra\\\/#article\",\"isPartOf\":{\"@id\":\"https:\\\/\\\/www.bellunopress.it\\\/2010\\\/10\\\/09\\\/intervista-al-comandante-del-7mo-reggimento-alpini-colonnello-paolo-sfarra\\\/\"},\"author\":{\"name\":\"redazione\",\"@id\":\"https:\\\/\\\/www.bellunopress.it\\\/#\\\/schema\\\/person\\\/79bb06722b37ece1c03d3e94beb30d73\"},\"headline\":\"Intervista al comandante del 7mo Reggimento Alpini colonnello Paolo Sfarra\",\"datePublished\":\"2010-10-09T14:03:13+00:00\",\"mainEntityOfPage\":{\"@id\":\"https:\\\/\\\/www.bellunopress.it\\\/2010\\\/10\\\/09\\\/intervista-al-comandante-del-7mo-reggimento-alpini-colonnello-paolo-sfarra\\\/\"},\"wordCount\":1285,\"publisher\":{\"@id\":\"https:\\\/\\\/www.bellunopress.it\\\/#organization\"},\"image\":{\"@id\":\"https:\\\/\\\/www.bellunopress.it\\\/2010\\\/10\\\/09\\\/intervista-al-comandante-del-7mo-reggimento-alpini-colonnello-paolo-sfarra\\\/#primaryimage\"},\"thumbnailUrl\":\"http:\\\/\\\/www.bellunopress.it\\\/wp-content\\\/uploads\\\/2010\\\/07\\\/col-paolo-sfarra-270x180.jpg\",\"keywords\":[\"Belluno\"],\"articleSection\":[\"Gli speciali di Bellunopress\",\"Prima Pagina\"],\"inLanguage\":\"fr-FR\"},{\"@type\":\"WebPage\",\"@id\":\"https:\\\/\\\/www.bellunopress.it\\\/2010\\\/10\\\/09\\\/intervista-al-comandante-del-7mo-reggimento-alpini-colonnello-paolo-sfarra\\\/\",\"url\":\"https:\\\/\\\/www.bellunopress.it\\\/2010\\\/10\\\/09\\\/intervista-al-comandante-del-7mo-reggimento-alpini-colonnello-paolo-sfarra\\\/\",\"name\":\"Intervista al comandante del 7mo Reggimento Alpini colonnello Paolo Sfarra - Bellunopress - Dolomiti\",\"isPartOf\":{\"@id\":\"https:\\\/\\\/www.bellunopress.it\\\/#website\"},\"primaryImageOfPage\":{\"@id\":\"https:\\\/\\\/www.bellunopress.it\\\/2010\\\/10\\\/09\\\/intervista-al-comandante-del-7mo-reggimento-alpini-colonnello-paolo-sfarra\\\/#primaryimage\"},\"image\":{\"@id\":\"https:\\\/\\\/www.bellunopress.it\\\/2010\\\/10\\\/09\\\/intervista-al-comandante-del-7mo-reggimento-alpini-colonnello-paolo-sfarra\\\/#primaryimage\"},\"thumbnailUrl\":\"http:\\\/\\\/www.bellunopress.it\\\/wp-content\\\/uploads\\\/2010\\\/07\\\/col-paolo-sfarra-270x180.jpg\",\"datePublished\":\"2010-10-09T14:03:13+00:00\",\"breadcrumb\":{\"@id\":\"https:\\\/\\\/www.bellunopress.it\\\/2010\\\/10\\\/09\\\/intervista-al-comandante-del-7mo-reggimento-alpini-colonnello-paolo-sfarra\\\/#breadcrumb\"},\"inLanguage\":\"fr-FR\",\"potentialAction\":[{\"@type\":\"ReadAction\",\"target\":[\"https:\\\/\\\/www.bellunopress.it\\\/2010\\\/10\\\/09\\\/intervista-al-comandante-del-7mo-reggimento-alpini-colonnello-paolo-sfarra\\\/\"]}]},{\"@type\":\"ImageObject\",\"inLanguage\":\"fr-FR\",\"@id\":\"https:\\\/\\\/www.bellunopress.it\\\/2010\\\/10\\\/09\\\/intervista-al-comandante-del-7mo-reggimento-alpini-colonnello-paolo-sfarra\\\/#primaryimage\",\"url\":\"http:\\\/\\\/www.bellunopress.it\\\/wp-content\\\/uploads\\\/2010\\\/07\\\/col-paolo-sfarra-270x180.jpg\",\"contentUrl\":\"http:\\\/\\\/www.bellunopress.it\\\/wp-content\\\/uploads\\\/2010\\\/07\\\/col-paolo-sfarra-270x180.jpg\"},{\"@type\":\"BreadcrumbList\",\"@id\":\"https:\\\/\\\/www.bellunopress.it\\\/2010\\\/10\\\/09\\\/intervista-al-comandante-del-7mo-reggimento-alpini-colonnello-paolo-sfarra\\\/#breadcrumb\",\"itemListElement\":[{\"@type\":\"ListItem\",\"position\":1,\"name\":\"Home\",\"item\":\"https:\\\/\\\/www.bellunopress.it\\\/\"},{\"@type\":\"ListItem\",\"position\":2,\"name\":\"Intervista al comandante del 7mo Reggimento Alpini colonnello Paolo Sfarra\"}]},{\"@type\":\"WebSite\",\"@id\":\"https:\\\/\\\/www.bellunopress.it\\\/#website\",\"url\":\"https:\\\/\\\/www.bellunopress.it\\\/\",\"name\":\"Bellunopress - Dolomiti\",\"description\":\"e-mail: redazione@bellunopress.it\",\"publisher\":{\"@id\":\"https:\\\/\\\/www.bellunopress.it\\\/#organization\"},\"potentialAction\":[{\"@type\":\"SearchAction\",\"target\":{\"@type\":\"EntryPoint\",\"urlTemplate\":\"https:\\\/\\\/www.bellunopress.it\\\/?s={search_term_string}\"},\"query-input\":{\"@type\":\"PropertyValueSpecification\",\"valueRequired\":true,\"valueName\":\"search_term_string\"}}],\"inLanguage\":\"fr-FR\"},{\"@type\":\"Organization\",\"@id\":\"https:\\\/\\\/www.bellunopress.it\\\/#organization\",\"name\":\"Bellunopress\",\"url\":\"https:\\\/\\\/www.bellunopress.it\\\/\",\"logo\":{\"@type\":\"ImageObject\",\"inLanguage\":\"fr-FR\",\"@id\":\"https:\\\/\\\/www.bellunopress.it\\\/#\\\/schema\\\/logo\\\/image\\\/\",\"url\":\"https:\\\/\\\/www.bellunopress.it\\\/wp-content\\\/uploads\\\/2011\\\/05\\\/cropped-logo-bellunopress-.jpg\",\"contentUrl\":\"https:\\\/\\\/www.bellunopress.it\\\/wp-content\\\/uploads\\\/2011\\\/05\\\/cropped-logo-bellunopress-.jpg\",\"width\":512,\"height\":512,\"caption\":\"Bellunopress\"},\"image\":{\"@id\":\"https:\\\/\\\/www.bellunopress.it\\\/#\\\/schema\\\/logo\\\/image\\\/\"},\"sameAs\":[\"https:\\\/\\\/www.facebook.com\\\/profile.php?id=100008943462799\",\"https:\\\/\\\/x.com\\\/bellunopress\",\"https:\\\/\\\/www.linkedin.com\\\/hp\\\/?dnr=JBzUWaJfMUw8vbXJJ2tVW5-I3jZKvC4wsoxE&amp;amp;amp;amp;amp;amp;trk=nav_responsive_tab_home\",\"https:\\\/\\\/www.youtube.com\\\/channel\\\/UCxL0wu1uN0_3_7hGG0306cw\"]},{\"@type\":\"Person\",\"@id\":\"https:\\\/\\\/www.bellunopress.it\\\/#\\\/schema\\\/person\\\/79bb06722b37ece1c03d3e94beb30d73\",\"name\":\"redazione\",\"image\":{\"@type\":\"ImageObject\",\"inLanguage\":\"fr-FR\",\"@id\":\"https:\\\/\\\/secure.gravatar.com\\\/avatar\\\/37d968a2e67a6fd04c169c4bdef102d0bc5d31b2546345219e348575eb80e9a0?s=96&d=mm&r=g\",\"url\":\"https:\\\/\\\/secure.gravatar.com\\\/avatar\\\/37d968a2e67a6fd04c169c4bdef102d0bc5d31b2546345219e348575eb80e9a0?s=96&d=mm&r=g\",\"contentUrl\":\"https:\\\/\\\/secure.gravatar.com\\\/avatar\\\/37d968a2e67a6fd04c169c4bdef102d0bc5d31b2546345219e348575eb80e9a0?s=96&d=mm&r=g\",\"caption\":\"redazione\"},\"sameAs\":[\"http:\\\/\\\/www.bellunopress.it\",\"https:\\\/\\\/x.com\\\/bellunopress\"],\"url\":\"https:\\\/\\\/www.bellunopress.it\\\/fr\\\/author\\\/redazione\\\/\"}]}<\/script>\n<!-- \/ Yoast SEO plugin. -->","yoast_head_json":{"title":"Intervista al comandante del 7mo Reggimento Alpini colonnello Paolo Sfarra - Bellunopress - Dolomiti","robots":{"index":"index","follow":"follow","max-snippet":"max-snippet:-1","max-image-preview":"max-image-preview:large","max-video-preview":"max-video-preview:-1"},"canonical":"https:\/\/www.bellunopress.it\/fr\/2010\/10\/09\/intervista-al-comandante-del-7mo-reggimento-alpini-colonnello-paolo-sfarra\/","og_locale":"fr_FR","og_type":"article","og_title":"Intervista al comandante del 7mo Reggimento Alpini colonnello Paolo Sfarra - Bellunopress - Dolomiti","og_description":"Pubblichiamo l&#8217;intervista al colonnello Paolo Sfarra, realizzata da Federica Fant prima del tragico attentato in Afghanistan nel quale hanno perso la vita quattro alpini del 7mo Rgt. Da circa tre mesi i militari del 7\u00b0 Alpini, che ha base a Belluno, si trovano in Afghanistan. Abbiamo chiesto al colonnello Paolo Sfarra, che comanda l&#8217;intero Reggimento [&hellip;]","og_url":"https:\/\/www.bellunopress.it\/fr\/2010\/10\/09\/intervista-al-comandante-del-7mo-reggimento-alpini-colonnello-paolo-sfarra\/","og_site_name":"Bellunopress - Dolomiti","article_publisher":"https:\/\/www.facebook.com\/profile.php?id=100008943462799","article_published_time":"2010-10-09T14:03:13+00:00","og_image":[{"url":"http:\/\/www.bellunopress.it\/wp-content\/uploads\/2010\/07\/col-paolo-sfarra-270x180.jpg","type":"","width":"","height":""}],"author":"redazione","twitter_card":"summary_large_image","twitter_creator":"@bellunopress","twitter_site":"@bellunopress","twitter_misc":{"\u00c9crit par":"redazione","Dur\u00e9e de lecture estim\u00e9e":"6 minutes"},"schema":{"@context":"https:\/\/schema.org","@graph":[{"@type":"Article","@id":"https:\/\/www.bellunopress.it\/2010\/10\/09\/intervista-al-comandante-del-7mo-reggimento-alpini-colonnello-paolo-sfarra\/#article","isPartOf":{"@id":"https:\/\/www.bellunopress.it\/2010\/10\/09\/intervista-al-comandante-del-7mo-reggimento-alpini-colonnello-paolo-sfarra\/"},"author":{"name":"redazione","@id":"https:\/\/www.bellunopress.it\/#\/schema\/person\/79bb06722b37ece1c03d3e94beb30d73"},"headline":"Intervista al comandante del 7mo Reggimento Alpini colonnello Paolo Sfarra","datePublished":"2010-10-09T14:03:13+00:00","mainEntityOfPage":{"@id":"https:\/\/www.bellunopress.it\/2010\/10\/09\/intervista-al-comandante-del-7mo-reggimento-alpini-colonnello-paolo-sfarra\/"},"wordCount":1285,"publisher":{"@id":"https:\/\/www.bellunopress.it\/#organization"},"image":{"@id":"https:\/\/www.bellunopress.it\/2010\/10\/09\/intervista-al-comandante-del-7mo-reggimento-alpini-colonnello-paolo-sfarra\/#primaryimage"},"thumbnailUrl":"http:\/\/www.bellunopress.it\/wp-content\/uploads\/2010\/07\/col-paolo-sfarra-270x180.jpg","keywords":["Belluno"],"articleSection":["Gli speciali di Bellunopress","Prima Pagina"],"inLanguage":"fr-FR"},{"@type":"WebPage","@id":"https:\/\/www.bellunopress.it\/2010\/10\/09\/intervista-al-comandante-del-7mo-reggimento-alpini-colonnello-paolo-sfarra\/","url":"https:\/\/www.bellunopress.it\/2010\/10\/09\/intervista-al-comandante-del-7mo-reggimento-alpini-colonnello-paolo-sfarra\/","name":"Intervista al comandante del 7mo Reggimento Alpini colonnello Paolo Sfarra - Bellunopress - Dolomiti","isPartOf":{"@id":"https:\/\/www.bellunopress.it\/#website"},"primaryImageOfPage":{"@id":"https:\/\/www.bellunopress.it\/2010\/10\/09\/intervista-al-comandante-del-7mo-reggimento-alpini-colonnello-paolo-sfarra\/#primaryimage"},"image":{"@id":"https:\/\/www.bellunopress.it\/2010\/10\/09\/intervista-al-comandante-del-7mo-reggimento-alpini-colonnello-paolo-sfarra\/#primaryimage"},"thumbnailUrl":"http:\/\/www.bellunopress.it\/wp-content\/uploads\/2010\/07\/col-paolo-sfarra-270x180.jpg","datePublished":"2010-10-09T14:03:13+00:00","breadcrumb":{"@id":"https:\/\/www.bellunopress.it\/2010\/10\/09\/intervista-al-comandante-del-7mo-reggimento-alpini-colonnello-paolo-sfarra\/#breadcrumb"},"inLanguage":"fr-FR","potentialAction":[{"@type":"ReadAction","target":["https:\/\/www.bellunopress.it\/2010\/10\/09\/intervista-al-comandante-del-7mo-reggimento-alpini-colonnello-paolo-sfarra\/"]}]},{"@type":"ImageObject","inLanguage":"fr-FR","@id":"https:\/\/www.bellunopress.it\/2010\/10\/09\/intervista-al-comandante-del-7mo-reggimento-alpini-colonnello-paolo-sfarra\/#primaryimage","url":"http:\/\/www.bellunopress.it\/wp-content\/uploads\/2010\/07\/col-paolo-sfarra-270x180.jpg","contentUrl":"http:\/\/www.bellunopress.it\/wp-content\/uploads\/2010\/07\/col-paolo-sfarra-270x180.jpg"},{"@type":"BreadcrumbList","@id":"https:\/\/www.bellunopress.it\/2010\/10\/09\/intervista-al-comandante-del-7mo-reggimento-alpini-colonnello-paolo-sfarra\/#breadcrumb","itemListElement":[{"@type":"ListItem","position":1,"name":"Home","item":"https:\/\/www.bellunopress.it\/"},{"@type":"ListItem","position":2,"name":"Intervista al comandante del 7mo Reggimento Alpini colonnello Paolo Sfarra"}]},{"@type":"WebSite","@id":"https:\/\/www.bellunopress.it\/#website","url":"https:\/\/www.bellunopress.it\/","name":"Bellunopress - Dolomiti","description":"e-mail: redazione@bellunopress.it","publisher":{"@id":"https:\/\/www.bellunopress.it\/#organization"},"potentialAction":[{"@type":"SearchAction","target":{"@type":"EntryPoint","urlTemplate":"https:\/\/www.bellunopress.it\/?s={search_term_string}"},"query-input":{"@type":"PropertyValueSpecification","valueRequired":true,"valueName":"search_term_string"}}],"inLanguage":"fr-FR"},{"@type":"Organization","@id":"https:\/\/www.bellunopress.it\/#organization","name":"Bellunopress","url":"https:\/\/www.bellunopress.it\/","logo":{"@type":"ImageObject","inLanguage":"fr-FR","@id":"https:\/\/www.bellunopress.it\/#\/schema\/logo\/image\/","url":"https:\/\/www.bellunopress.it\/wp-content\/uploads\/2011\/05\/cropped-logo-bellunopress-.jpg","contentUrl":"https:\/\/www.bellunopress.it\/wp-content\/uploads\/2011\/05\/cropped-logo-bellunopress-.jpg","width":512,"height":512,"caption":"Bellunopress"},"image":{"@id":"https:\/\/www.bellunopress.it\/#\/schema\/logo\/image\/"},"sameAs":["https:\/\/www.facebook.com\/profile.php?id=100008943462799","https:\/\/x.com\/bellunopress","https:\/\/www.linkedin.com\/hp\/?dnr=JBzUWaJfMUw8vbXJJ2tVW5-I3jZKvC4wsoxE&amp;amp;amp;amp;amp;amp;trk=nav_responsive_tab_home","https:\/\/www.youtube.com\/channel\/UCxL0wu1uN0_3_7hGG0306cw"]},{"@type":"Person","@id":"https:\/\/www.bellunopress.it\/#\/schema\/person\/79bb06722b37ece1c03d3e94beb30d73","name":"r\u00e9daction","image":{"@type":"ImageObject","inLanguage":"fr-FR","@id":"https:\/\/secure.gravatar.com\/avatar\/37d968a2e67a6fd04c169c4bdef102d0bc5d31b2546345219e348575eb80e9a0?s=96&d=mm&r=g","url":"https:\/\/secure.gravatar.com\/avatar\/37d968a2e67a6fd04c169c4bdef102d0bc5d31b2546345219e348575eb80e9a0?s=96&d=mm&r=g","contentUrl":"https:\/\/secure.gravatar.com\/avatar\/37d968a2e67a6fd04c169c4bdef102d0bc5d31b2546345219e348575eb80e9a0?s=96&d=mm&r=g","caption":"redazione"},"sameAs":["http:\/\/www.bellunopress.it","https:\/\/x.com\/bellunopress"],"url":"https:\/\/www.bellunopress.it\/fr\/author\/redazione\/"}]}},"_links":{"self":[{"href":"https:\/\/www.bellunopress.it\/fr\/wp-json\/wp\/v2\/posts\/19983","targetHints":{"allow":["GET"]}}],"collection":[{"href":"https:\/\/www.bellunopress.it\/fr\/wp-json\/wp\/v2\/posts"}],"about":[{"href":"https:\/\/www.bellunopress.it\/fr\/wp-json\/wp\/v2\/types\/post"}],"author":[{"embeddable":true,"href":"https:\/\/www.bellunopress.it\/fr\/wp-json\/wp\/v2\/users\/2"}],"replies":[{"embeddable":true,"href":"https:\/\/www.bellunopress.it\/fr\/wp-json\/wp\/v2\/comments?post=19983"}],"version-history":[{"count":1,"href":"https:\/\/www.bellunopress.it\/fr\/wp-json\/wp\/v2\/posts\/19983\/revisions"}],"predecessor-version":[{"id":19985,"href":"https:\/\/www.bellunopress.it\/fr\/wp-json\/wp\/v2\/posts\/19983\/revisions\/19985"}],"wp:attachment":[{"href":"https:\/\/www.bellunopress.it\/fr\/wp-json\/wp\/v2\/media?parent=19983"}],"wp:term":[{"taxonomy":"category","embeddable":true,"href":"https:\/\/www.bellunopress.it\/fr\/wp-json\/wp\/v2\/categories?post=19983"},{"taxonomy":"post_tag","embeddable":true,"href":"https:\/\/www.bellunopress.it\/fr\/wp-json\/wp\/v2\/tags?post=19983"}],"curies":[{"name":"wp","href":"https:\/\/api.w.org\/{rel}","templated":true}]}}