{"id":19909,"date":"2010-10-06T20:39:34","date_gmt":"2010-10-06T19:39:34","guid":{"rendered":"http:\/\/www.bellunopress.it\/?p=19909"},"modified":"2010-10-06T20:39:34","modified_gmt":"2010-10-06T19:39:34","slug":"feltre-convegno-%e2%80%9csilvio-guarnieri-le-idee-e-l%e2%80%99opera%e2%80%9d","status":"publish","type":"post","link":"https:\/\/www.bellunopress.it\/fr\/2010\/10\/06\/feltre-convegno-%e2%80%9csilvio-guarnieri-le-idee-e-l%e2%80%99opera%e2%80%9d\/","title":{"rendered":"Feltre: convegno \u201cSilvio Guarnieri. Le idee e l\u2019opera\u201d"},"content":{"rendered":"<p>Avr\u00e0 luogo venerd\u00ec e sabato prossimi in Sala degli Stemmi del Municipio di Feltre il convegno \u201cSilvio Guarnieri. Le idee e l&#8217;opera&#8221;\u00a0. Si tratta della prima iniziativa realizzata in occasione delle celebrazioni per il centenario della nascita di Silvio Guarnieri. La Regione del Veneto, che sostiene l\u2019evento, ha istituito un comitato presieduto dal prof. Gianni De Michelis, con i seguenti componenti: prof. Adone Brandalise, dr. Alessandro Dalla Gasperina, prof. Pietro De Marchi, sen. Gianvittore Vaccari, prof. Rodolfo Zucco, cons. reg.le Andrea Causin, cons. reg.le Vittorino Cenci, cons. reg.le Carlo Alberto Tesserin, dr.ssa Maria Teresa De Gregorio (segretario tesoriere)<br \/>\nIl convegno avr\u00e0 il seguente programma:<br \/>\nConvegno \u201cSilvio Guarnieri. Le idee e l\u2019opera\u201d<br \/>\nVenerd\u00ec 8 ottobre 2010\u00a0 ore 15.30-18.30<br \/>\nSaluti delle autorit\u00e0<br \/>\nIntroduzione al convegno del Prof. De Michelis, presidente del Comitato regionale per il Centenario della nascita di Silvio Guarnieri<br \/>\nInterventi<br \/>\nProf. Andrea Zanzotto, poeta e scrittore: Un ricordo di Silvio Guarnieri<br \/>\nIvo Prandin, giornalista e scrittore: Un racconto polesano<br \/>\nProf. Fernando Bandini, scrittore e poeta: Silvio Guarnieri: le rose e le spine della letterarura<br \/>\nSaluto della dr.ssa Maria Antonietta Grignani, direttrice del Centro Manoscritti dell\u2019Universit\u00e0 di Pavia<br \/>\nDr.ssa Nicoletta Trotta, responsabile dell\u2019archivio del Centro Manoscritti dell\u2019Universit\u00e0 di Pavia: Silvio Guarnieri al Centro Manoscritti dell\u2019Universit\u00e0 di Pavia<br \/>\nDr.ssa Mariapaola Girardel: L\u2019archivio personale di Silvio Guarnieri alla Galleria d\u2019Arte Moderna \u201cCarlo Rizzarda\u201d: centro di documentazione e strumento fondamentale di ricerca<br \/>\nA seguire in Galleria d\u2019Arte Moderna \u201cC. Rizzarda\u201d, verr\u00e0 inaugurata la mostra documentaria: Silvio Guarnieri, l\u2019ultimo testimone, curata dalla dr.ssa Nicoletta Trotta.<br \/>\nSabato 9 ottobre 2010<br \/>\nore 10.30-12.30<br \/>\nInterventi<br \/>\nNico Naldini, scrittore e poeta: Silvio, ultimo grande sodale<br \/>\nProf. Pietro Benzoni, Universit\u00e0 di Liegi: Appunti linguistici e formali sulle prose di Silvio Guarnieri<br \/>\nProf. Romano Luperini, Universit\u00e0 di Siena: L\u2019interlocutore \u201cesigente\u201d. Guarnieri lettore di Montale\u201d<br \/>\nProf. Alfonso Berardinelli, critico letterario e saggista italiano: Le microstorie di\u00a0 Silvio Guarnieri<br \/>\nProf. Giancarlo Quiriconi, Universit\u00e0 di Chieti: Silvio Guarnieri, i poeti e la poesia novecentesca<br \/>\nInfo: Comune di Feltre, tel. 0439.885294, tel. 0439.885287, fax. 0439-885246<br \/>\n<a href=\"mailto:biblioteca@comune.feltre.bl.it\">biblioteca@comune.feltre.bl.it<\/a>,\u00a0 <a href=\"mailto:centenario.guarnieri@comune.feltre.bl.it\">centenario.guarnieri@comune.feltre.bl.it<\/a><br \/>\nL&#8217;iniziativa \u00e8 realizzata dalla Citt\u00e0 di Feltre con il sostegno della Regione del Veneto e la collaborazione dell&#8217;Universit\u00e0 di Pavia &#8220;Centro Manoscritti&#8221; e gode del patrocinio del Ministero per i Beni e le Attivit\u00e0 Culturali e della Provincia di Belluno.<br \/>\nPer maggiori info visita il nostro sito web <a href=\"http:\/\/www.comune.feltre.bl.it\">www.comune.feltre.bl.it<\/a><\/p>","protected":false},"excerpt":{"rendered":"<p>Avr\u00e0 luogo venerd\u00ec e sabato prossimi in Sala degli Stemmi del Municipio di Feltre il convegno \u201cSilvio Guarnieri. Le idee e l&#8217;opera&#8221;\u00a0. Si tratta della prima iniziativa realizzata in occasione delle celebrazioni per il centenario della nascita di Silvio Guarnieri. La Regione del Veneto, che sostiene l\u2019evento, ha istituito un comitato presieduto dal prof. Gianni [&hellip;]<\/p>\n","protected":false},"author":2,"featured_media":0,"comment_status":"closed","ping_status":"open","sticky":false,"template":"","format":"standard","meta":{"footnotes":""},"categories":[27,25],"tags":[139,302],"class_list":["post-19909","post","type-post","status-publish","format-standard","category-appuntamenti","category-pausa-caffe","tag-belluno","tag-feltre"],"yoast_head":"<!-- This site is optimized with the Yoast SEO plugin v28.4 - https:\/\/yoast.com\/product\/yoast-seo-wordpress\/ -->\n<title>Feltre: convegno \u201cSilvio Guarnieri. Le idee e l\u2019opera\u201d - Bellunopress - Dolomiti<\/title>\n<meta name=\"robots\" content=\"index, follow, max-snippet:-1, max-image-preview:large, max-video-preview:-1\" \/>\n<link rel=\"canonical\" href=\"https:\/\/www.bellunopress.it\/fr\/2010\/10\/06\/feltre-convegno-\u201csilvio-guarnieri-le-idee-e-l\u2019opera\u201d\/\" \/>\n<meta property=\"og:locale\" content=\"fr_FR\" \/>\n<meta property=\"og:type\" content=\"article\" \/>\n<meta property=\"og:title\" content=\"Feltre: convegno \u201cSilvio Guarnieri. Le idee e l\u2019opera\u201d - Bellunopress - Dolomiti\" \/>\n<meta property=\"og:description\" content=\"Avr\u00e0 luogo venerd\u00ec e sabato prossimi in Sala degli Stemmi del Municipio di Feltre il convegno \u201cSilvio Guarnieri. Le idee e l&#8217;opera&#8221;\u00a0. Si tratta della prima iniziativa realizzata in occasione delle celebrazioni per il centenario della nascita di Silvio Guarnieri. La Regione del Veneto, che sostiene l\u2019evento, ha istituito un comitato presieduto dal prof. Gianni [&hellip;]\" \/>\n<meta property=\"og:url\" content=\"https:\/\/www.bellunopress.it\/fr\/2010\/10\/06\/feltre-convegno-\u201csilvio-guarnieri-le-idee-e-l\u2019opera\u201d\/\" \/>\n<meta property=\"og:site_name\" content=\"Bellunopress - Dolomiti\" \/>\n<meta property=\"article:publisher\" content=\"https:\/\/www.facebook.com\/profile.php?id=100008943462799\" \/>\n<meta property=\"article:published_time\" content=\"2010-10-06T19:39:34+00:00\" \/>\n<meta property=\"og:image\" content=\"http:\/\/www.bellunopress.it\/wp-content\/uploads\/2012\/07\/logo-bellunopress-250x250-2012.jpg\" \/>\n<meta name=\"author\" content=\"redazione\" \/>\n<meta name=\"twitter:card\" content=\"summary_large_image\" \/>\n<meta name=\"twitter:creator\" content=\"@bellunopress\" \/>\n<meta name=\"twitter:site\" content=\"@bellunopress\" \/>\n<meta name=\"twitter:label1\" content=\"\u00c9crit par\" \/>\n\t<meta name=\"twitter:data1\" content=\"redazione\" \/>\n\t<meta name=\"twitter:label2\" content=\"Dur\u00e9e de lecture estim\u00e9e\" \/>\n\t<meta name=\"twitter:data2\" content=\"2 minutes\" \/>\n<script type=\"application\/ld+json\" class=\"yoast-schema-graph\">{\"@context\":\"https:\\\/\\\/schema.org\",\"@graph\":[{\"@type\":\"Article\",\"@id\":\"https:\\\/\\\/www.bellunopress.it\\\/2010\\\/10\\\/06\\\/feltre-convegno-%e2%80%9csilvio-guarnieri-le-idee-e-l%e2%80%99opera%e2%80%9d\\\/#article\",\"isPartOf\":{\"@id\":\"https:\\\/\\\/www.bellunopress.it\\\/2010\\\/10\\\/06\\\/feltre-convegno-%e2%80%9csilvio-guarnieri-le-idee-e-l%e2%80%99opera%e2%80%9d\\\/\"},\"author\":{\"name\":\"redazione\",\"@id\":\"https:\\\/\\\/www.bellunopress.it\\\/#\\\/schema\\\/person\\\/79bb06722b37ece1c03d3e94beb30d73\"},\"headline\":\"Feltre: convegno \u201cSilvio Guarnieri. Le idee e l\u2019opera\u201d\",\"datePublished\":\"2010-10-06T19:39:34+00:00\",\"mainEntityOfPage\":{\"@id\":\"https:\\\/\\\/www.bellunopress.it\\\/2010\\\/10\\\/06\\\/feltre-convegno-%e2%80%9csilvio-guarnieri-le-idee-e-l%e2%80%99opera%e2%80%9d\\\/\"},\"wordCount\":418,\"publisher\":{\"@id\":\"https:\\\/\\\/www.bellunopress.it\\\/#organization\"},\"keywords\":[\"Belluno\",\"Feltre\"],\"articleSection\":[\"Appuntamenti, Eventi\",\"Pausa Caff\u00e8\"],\"inLanguage\":\"fr-FR\"},{\"@type\":\"WebPage\",\"@id\":\"https:\\\/\\\/www.bellunopress.it\\\/2010\\\/10\\\/06\\\/feltre-convegno-%e2%80%9csilvio-guarnieri-le-idee-e-l%e2%80%99opera%e2%80%9d\\\/\",\"url\":\"https:\\\/\\\/www.bellunopress.it\\\/2010\\\/10\\\/06\\\/feltre-convegno-%e2%80%9csilvio-guarnieri-le-idee-e-l%e2%80%99opera%e2%80%9d\\\/\",\"name\":\"Feltre: convegno \u201cSilvio Guarnieri. Le idee e l\u2019opera\u201d - Bellunopress - Dolomiti\",\"isPartOf\":{\"@id\":\"https:\\\/\\\/www.bellunopress.it\\\/#website\"},\"datePublished\":\"2010-10-06T19:39:34+00:00\",\"breadcrumb\":{\"@id\":\"https:\\\/\\\/www.bellunopress.it\\\/2010\\\/10\\\/06\\\/feltre-convegno-%e2%80%9csilvio-guarnieri-le-idee-e-l%e2%80%99opera%e2%80%9d\\\/#breadcrumb\"},\"inLanguage\":\"fr-FR\",\"potentialAction\":[{\"@type\":\"ReadAction\",\"target\":[\"https:\\\/\\\/www.bellunopress.it\\\/2010\\\/10\\\/06\\\/feltre-convegno-%e2%80%9csilvio-guarnieri-le-idee-e-l%e2%80%99opera%e2%80%9d\\\/\"]}]},{\"@type\":\"BreadcrumbList\",\"@id\":\"https:\\\/\\\/www.bellunopress.it\\\/2010\\\/10\\\/06\\\/feltre-convegno-%e2%80%9csilvio-guarnieri-le-idee-e-l%e2%80%99opera%e2%80%9d\\\/#breadcrumb\",\"itemListElement\":[{\"@type\":\"ListItem\",\"position\":1,\"name\":\"Home\",\"item\":\"https:\\\/\\\/www.bellunopress.it\\\/\"},{\"@type\":\"ListItem\",\"position\":2,\"name\":\"Feltre: convegno \u201cSilvio Guarnieri. Le idee e l\u2019opera\u201d\"}]},{\"@type\":\"WebSite\",\"@id\":\"https:\\\/\\\/www.bellunopress.it\\\/#website\",\"url\":\"https:\\\/\\\/www.bellunopress.it\\\/\",\"name\":\"Bellunopress - Dolomiti\",\"description\":\"e-mail: redazione@bellunopress.it\",\"publisher\":{\"@id\":\"https:\\\/\\\/www.bellunopress.it\\\/#organization\"},\"potentialAction\":[{\"@type\":\"SearchAction\",\"target\":{\"@type\":\"EntryPoint\",\"urlTemplate\":\"https:\\\/\\\/www.bellunopress.it\\\/?s={search_term_string}\"},\"query-input\":{\"@type\":\"PropertyValueSpecification\",\"valueRequired\":true,\"valueName\":\"search_term_string\"}}],\"inLanguage\":\"fr-FR\"},{\"@type\":\"Organization\",\"@id\":\"https:\\\/\\\/www.bellunopress.it\\\/#organization\",\"name\":\"Bellunopress\",\"url\":\"https:\\\/\\\/www.bellunopress.it\\\/\",\"logo\":{\"@type\":\"ImageObject\",\"inLanguage\":\"fr-FR\",\"@id\":\"https:\\\/\\\/www.bellunopress.it\\\/#\\\/schema\\\/logo\\\/image\\\/\",\"url\":\"https:\\\/\\\/www.bellunopress.it\\\/wp-content\\\/uploads\\\/2011\\\/05\\\/cropped-logo-bellunopress-.jpg\",\"contentUrl\":\"https:\\\/\\\/www.bellunopress.it\\\/wp-content\\\/uploads\\\/2011\\\/05\\\/cropped-logo-bellunopress-.jpg\",\"width\":512,\"height\":512,\"caption\":\"Bellunopress\"},\"image\":{\"@id\":\"https:\\\/\\\/www.bellunopress.it\\\/#\\\/schema\\\/logo\\\/image\\\/\"},\"sameAs\":[\"https:\\\/\\\/www.facebook.com\\\/profile.php?id=100008943462799\",\"https:\\\/\\\/x.com\\\/bellunopress\",\"https:\\\/\\\/www.linkedin.com\\\/hp\\\/?dnr=JBzUWaJfMUw8vbXJJ2tVW5-I3jZKvC4wsoxE&amp;amp;amp;amp;amp;amp;trk=nav_responsive_tab_home\",\"https:\\\/\\\/www.youtube.com\\\/channel\\\/UCxL0wu1uN0_3_7hGG0306cw\"]},{\"@type\":\"Person\",\"@id\":\"https:\\\/\\\/www.bellunopress.it\\\/#\\\/schema\\\/person\\\/79bb06722b37ece1c03d3e94beb30d73\",\"name\":\"redazione\",\"image\":{\"@type\":\"ImageObject\",\"inLanguage\":\"fr-FR\",\"@id\":\"https:\\\/\\\/secure.gravatar.com\\\/avatar\\\/37d968a2e67a6fd04c169c4bdef102d0bc5d31b2546345219e348575eb80e9a0?s=96&d=mm&r=g\",\"url\":\"https:\\\/\\\/secure.gravatar.com\\\/avatar\\\/37d968a2e67a6fd04c169c4bdef102d0bc5d31b2546345219e348575eb80e9a0?s=96&d=mm&r=g\",\"contentUrl\":\"https:\\\/\\\/secure.gravatar.com\\\/avatar\\\/37d968a2e67a6fd04c169c4bdef102d0bc5d31b2546345219e348575eb80e9a0?s=96&d=mm&r=g\",\"caption\":\"redazione\"},\"sameAs\":[\"http:\\\/\\\/www.bellunopress.it\",\"https:\\\/\\\/x.com\\\/bellunopress\"],\"url\":\"https:\\\/\\\/www.bellunopress.it\\\/fr\\\/author\\\/redazione\\\/\"}]}<\/script>\n<!-- \/ Yoast SEO plugin. -->","yoast_head_json":{"title":"Feltre: convegno \u201cSilvio Guarnieri. Le idee e l\u2019opera\u201d - Bellunopress - Dolomiti","robots":{"index":"index","follow":"follow","max-snippet":"max-snippet:-1","max-image-preview":"max-image-preview:large","max-video-preview":"max-video-preview:-1"},"canonical":"https:\/\/www.bellunopress.it\/fr\/2010\/10\/06\/feltre-convegno-\u201csilvio-guarnieri-le-idee-e-l\u2019opera\u201d\/","og_locale":"fr_FR","og_type":"article","og_title":"Feltre: convegno \u201cSilvio Guarnieri. Le idee e l\u2019opera\u201d - Bellunopress - Dolomiti","og_description":"Avr\u00e0 luogo venerd\u00ec e sabato prossimi in Sala degli Stemmi del Municipio di Feltre il convegno \u201cSilvio Guarnieri. Le idee e l&#8217;opera&#8221;\u00a0. Si tratta della prima iniziativa realizzata in occasione delle celebrazioni per il centenario della nascita di Silvio Guarnieri. La Regione del Veneto, che sostiene l\u2019evento, ha istituito un comitato presieduto dal prof. Gianni [&hellip;]","og_url":"https:\/\/www.bellunopress.it\/fr\/2010\/10\/06\/feltre-convegno-\u201csilvio-guarnieri-le-idee-e-l\u2019opera\u201d\/","og_site_name":"Bellunopress - Dolomiti","article_publisher":"https:\/\/www.facebook.com\/profile.php?id=100008943462799","article_published_time":"2010-10-06T19:39:34+00:00","og_image":[{"url":"http:\/\/www.bellunopress.it\/wp-content\/uploads\/2012\/07\/logo-bellunopress-250x250-2012.jpg","type":"","width":"","height":""}],"author":"redazione","twitter_card":"summary_large_image","twitter_creator":"@bellunopress","twitter_site":"@bellunopress","twitter_misc":{"\u00c9crit par":"redazione","Dur\u00e9e de lecture estim\u00e9e":"2 minutes"},"schema":{"@context":"https:\/\/schema.org","@graph":[{"@type":"Article","@id":"https:\/\/www.bellunopress.it\/2010\/10\/06\/feltre-convegno-%e2%80%9csilvio-guarnieri-le-idee-e-l%e2%80%99opera%e2%80%9d\/#article","isPartOf":{"@id":"https:\/\/www.bellunopress.it\/2010\/10\/06\/feltre-convegno-%e2%80%9csilvio-guarnieri-le-idee-e-l%e2%80%99opera%e2%80%9d\/"},"author":{"name":"redazione","@id":"https:\/\/www.bellunopress.it\/#\/schema\/person\/79bb06722b37ece1c03d3e94beb30d73"},"headline":"Feltre: convegno \u201cSilvio Guarnieri. Le idee e l\u2019opera\u201d","datePublished":"2010-10-06T19:39:34+00:00","mainEntityOfPage":{"@id":"https:\/\/www.bellunopress.it\/2010\/10\/06\/feltre-convegno-%e2%80%9csilvio-guarnieri-le-idee-e-l%e2%80%99opera%e2%80%9d\/"},"wordCount":418,"publisher":{"@id":"https:\/\/www.bellunopress.it\/#organization"},"keywords":["Belluno","Feltre"],"articleSection":["Appuntamenti, Eventi","Pausa Caff\u00e8"],"inLanguage":"fr-FR"},{"@type":"WebPage","@id":"https:\/\/www.bellunopress.it\/2010\/10\/06\/feltre-convegno-%e2%80%9csilvio-guarnieri-le-idee-e-l%e2%80%99opera%e2%80%9d\/","url":"https:\/\/www.bellunopress.it\/2010\/10\/06\/feltre-convegno-%e2%80%9csilvio-guarnieri-le-idee-e-l%e2%80%99opera%e2%80%9d\/","name":"Feltre: convegno \u201cSilvio Guarnieri. Le idee e l\u2019opera\u201d - Bellunopress - Dolomiti","isPartOf":{"@id":"https:\/\/www.bellunopress.it\/#website"},"datePublished":"2010-10-06T19:39:34+00:00","breadcrumb":{"@id":"https:\/\/www.bellunopress.it\/2010\/10\/06\/feltre-convegno-%e2%80%9csilvio-guarnieri-le-idee-e-l%e2%80%99opera%e2%80%9d\/#breadcrumb"},"inLanguage":"fr-FR","potentialAction":[{"@type":"ReadAction","target":["https:\/\/www.bellunopress.it\/2010\/10\/06\/feltre-convegno-%e2%80%9csilvio-guarnieri-le-idee-e-l%e2%80%99opera%e2%80%9d\/"]}]},{"@type":"BreadcrumbList","@id":"https:\/\/www.bellunopress.it\/2010\/10\/06\/feltre-convegno-%e2%80%9csilvio-guarnieri-le-idee-e-l%e2%80%99opera%e2%80%9d\/#breadcrumb","itemListElement":[{"@type":"ListItem","position":1,"name":"Home","item":"https:\/\/www.bellunopress.it\/"},{"@type":"ListItem","position":2,"name":"Feltre: convegno \u201cSilvio Guarnieri. Le idee e l\u2019opera\u201d"}]},{"@type":"WebSite","@id":"https:\/\/www.bellunopress.it\/#website","url":"https:\/\/www.bellunopress.it\/","name":"Bellunopress - Dolomiti","description":"e-mail: redazione@bellunopress.it","publisher":{"@id":"https:\/\/www.bellunopress.it\/#organization"},"potentialAction":[{"@type":"SearchAction","target":{"@type":"EntryPoint","urlTemplate":"https:\/\/www.bellunopress.it\/?s={search_term_string}"},"query-input":{"@type":"PropertyValueSpecification","valueRequired":true,"valueName":"search_term_string"}}],"inLanguage":"fr-FR"},{"@type":"Organization","@id":"https:\/\/www.bellunopress.it\/#organization","name":"Bellunopress","url":"https:\/\/www.bellunopress.it\/","logo":{"@type":"ImageObject","inLanguage":"fr-FR","@id":"https:\/\/www.bellunopress.it\/#\/schema\/logo\/image\/","url":"https:\/\/www.bellunopress.it\/wp-content\/uploads\/2011\/05\/cropped-logo-bellunopress-.jpg","contentUrl":"https:\/\/www.bellunopress.it\/wp-content\/uploads\/2011\/05\/cropped-logo-bellunopress-.jpg","width":512,"height":512,"caption":"Bellunopress"},"image":{"@id":"https:\/\/www.bellunopress.it\/#\/schema\/logo\/image\/"},"sameAs":["https:\/\/www.facebook.com\/profile.php?id=100008943462799","https:\/\/x.com\/bellunopress","https:\/\/www.linkedin.com\/hp\/?dnr=JBzUWaJfMUw8vbXJJ2tVW5-I3jZKvC4wsoxE&amp;amp;amp;amp;amp;amp;trk=nav_responsive_tab_home","https:\/\/www.youtube.com\/channel\/UCxL0wu1uN0_3_7hGG0306cw"]},{"@type":"Person","@id":"https:\/\/www.bellunopress.it\/#\/schema\/person\/79bb06722b37ece1c03d3e94beb30d73","name":"r\u00e9daction","image":{"@type":"ImageObject","inLanguage":"fr-FR","@id":"https:\/\/secure.gravatar.com\/avatar\/37d968a2e67a6fd04c169c4bdef102d0bc5d31b2546345219e348575eb80e9a0?s=96&d=mm&r=g","url":"https:\/\/secure.gravatar.com\/avatar\/37d968a2e67a6fd04c169c4bdef102d0bc5d31b2546345219e348575eb80e9a0?s=96&d=mm&r=g","contentUrl":"https:\/\/secure.gravatar.com\/avatar\/37d968a2e67a6fd04c169c4bdef102d0bc5d31b2546345219e348575eb80e9a0?s=96&d=mm&r=g","caption":"redazione"},"sameAs":["http:\/\/www.bellunopress.it","https:\/\/x.com\/bellunopress"],"url":"https:\/\/www.bellunopress.it\/fr\/author\/redazione\/"}]}},"_links":{"self":[{"href":"https:\/\/www.bellunopress.it\/fr\/wp-json\/wp\/v2\/posts\/19909","targetHints":{"allow":["GET"]}}],"collection":[{"href":"https:\/\/www.bellunopress.it\/fr\/wp-json\/wp\/v2\/posts"}],"about":[{"href":"https:\/\/www.bellunopress.it\/fr\/wp-json\/wp\/v2\/types\/post"}],"author":[{"embeddable":true,"href":"https:\/\/www.bellunopress.it\/fr\/wp-json\/wp\/v2\/users\/2"}],"replies":[{"embeddable":true,"href":"https:\/\/www.bellunopress.it\/fr\/wp-json\/wp\/v2\/comments?post=19909"}],"version-history":[{"count":1,"href":"https:\/\/www.bellunopress.it\/fr\/wp-json\/wp\/v2\/posts\/19909\/revisions"}],"predecessor-version":[{"id":19910,"href":"https:\/\/www.bellunopress.it\/fr\/wp-json\/wp\/v2\/posts\/19909\/revisions\/19910"}],"wp:attachment":[{"href":"https:\/\/www.bellunopress.it\/fr\/wp-json\/wp\/v2\/media?parent=19909"}],"wp:term":[{"taxonomy":"category","embeddable":true,"href":"https:\/\/www.bellunopress.it\/fr\/wp-json\/wp\/v2\/categories?post=19909"},{"taxonomy":"post_tag","embeddable":true,"href":"https:\/\/www.bellunopress.it\/fr\/wp-json\/wp\/v2\/tags?post=19909"}],"curies":[{"name":"wp","href":"https:\/\/api.w.org\/{rel}","templated":true}]}}