{"id":19907,"date":"2010-10-06T20:28:09","date_gmt":"2010-10-06T19:28:09","guid":{"rendered":"http:\/\/www.bellunopress.it\/?p=19907"},"modified":"2010-10-06T20:28:09","modified_gmt":"2010-10-06T19:28:09","slug":"%e2%80%9ccibo-per-il-corpo-e-cibo-per-l%e2%80%99anima%e2%80%9d-il-convegno-inaugurale-al-corso-di-laurea-in-scienze-e-cultura-della-gastronomia-e-della-ristorazione-alluniversita-di-padova","status":"publish","type":"post","link":"https:\/\/www.bellunopress.it\/fr\/2010\/10\/06\/%e2%80%9ccibo-per-il-corpo-e-cibo-per-l%e2%80%99anima%e2%80%9d-il-convegno-inaugurale-al-corso-di-laurea-in-scienze-e-cultura-della-gastronomia-e-della-ristorazione-alluniversita-di-padova\/","title":{"rendered":"\u201cCibo per il corpo e cibo per l\u2019anima\u201d, il convegno inaugurale al Corso di Laurea in Scienze e Cultura della Gastronomia e della Ristorazione  all&#8217;Universit\u00e0 di Padova"},"content":{"rendered":"<p>Inizia il nuovo Anno Accademico per l\u2019Universit\u00e0 di Padova. Per l\u2019occasione, marted\u00ec 5 ottobre scorso il Corso di Laurea in Scienze e Cultura della Gastronomia e della Ristorazione ha organizzato un convegno inaugurale presso il Teatro Accademico di Castelfranco Veneto, per dare la giusta accoglienza agli studenti e alle nuove matricole. Quello del seminario d\u2019apertura \u00e8 ormai un appuntamento fisso dal 2005, anno in cui questo Corso di Laurea Interfacolt\u00e0 (Agraria, Economia e Lettere) \u00e8 stato attivato nella sede distaccata di Castelfranco Veneto. Il convegno di quest\u2019anno, coordinato da Paolo Scarpi (Universit\u00e0 di Padova), ha avuto per titolo: \u201cCibo per il corpo e cibo per l\u2019anima. Riflessioni a partire dalla rappresentazione delle nozze di Cana\u201d. Il primo miracolo di Ges\u00f9 &#8211; la trasformazione dell\u2019acqua in vino \u2013 \u00e8 stato quindi lo spunto offerto agli invitati per approfondire il tema del cibo (e del vino) quale nutrimento per il corpo e per l\u2019anima, creando un dialogo tra l\u2019accezione corporea e quella teologica dell\u2019argomento. \u201cChiss\u00e0 se i nostri relatori riusciranno addirittura a decifrare il colore del vino miracoloso\u201d \u00e8 stata la battuta con cui ha dato inizio al convegno Francesco Favotto, Presidente del Corso di Laurea. \u201cUn Corso che si presta ad accogliere non solo matricole, ma anche professionisti che intendono approfondire le proprie conoscenze professionali\u201d ha voluto specificare il prof. Favotto prima di passare la parola al Prorettore dell\u2019Universit\u00e0 degli Studi di Padova: \u201cLa nostra Universit\u00e0 &#8211; ha commentato Guido Scutari &#8211; ha una lunga storia di studi sui cibi e sulla nutrizione, che si concretizzano in un\u2019offerta didattica complessa, perlopi\u00f9 di tipo avanzato. Questo Corso di Laurea ha il grande merito di riuscire ad offrire una sintesi tra aspetti tecnici e aspetti culturali dei temi della gastronomia e della ristorazione\u201d.<br \/>\nDopo le presentazioni d\u2019apertura ci si \u00e8 inoltrati nel cuore del tema, con un inizio a sorpresa: il primo documento riferito alle Nozze di Cana \u00e8 stato infatti un video risalente al 1969, tratto da un concerto al Penitenziario di San Quentin, con un Jonny Cash impegnato a cantare la canzone \u201cHe Turned Water into Wine\u201d sulle note della sua chitarra country. Una vera \u201cchicca\u201d che il prof. Favotto, di ritorno dal suo ultimo viaggio negli Stati Uniti, ha voluto recuperare e proporre al pubblico presente in Teatro.<br \/>\nDopo la musica \u00e8 stata la volta de \u201cL\u2019acqua, il vino, l\u2019inchiostro. Scrittura e rappresentazione del miracolo di Cana\u201d. Il prof. Ivano Paccagnella (Universit\u00e0 di Padova) ha esaminato gli aspetti letterari dei testi riferiti alle Nozze di Cana, a partire dal Vangelo secondo Giovanni. \u201cQuesto \u00e8 un testo particolarmente interessante sotto il punto di vista letterario \u2013 ha esordito il prof. Paccagnella \u2013 ma oltre alla qualit\u00e0 della scrittura, colpiscono alcuni aspetti insoliti della figura di Ges\u00f9, come l\u2019accento posto alla gioia di vivere la vita terrena nei suoi aspetti materiali\u201d. Come il vino, per l\u2019appunto, elemento che ha spinto a riflettere sui possibili collegamenti letterari tra il Vangelo di Giovanni ed il mito di Dioniso. L\u2019analisi di Paccagnella ha affrontato numerosi testi, tra cui \u201cIl nome della Rosa\u201d di Umberto Eco, per poi spostarsi al Teatro e al Cinema attraverso la visione di due interessanti filmati. In particolare, il pubblico \u00e8 stato piacevolmente colpito dal monologo intitolato \u201dMistero Buffo\u201d, scritto da Dario Fo tra il \u201868 e il \u201969. Un\u2019interpretazione inizialmente affossata dalla critica ma rivalutata negli anni successivi, dove il futuro Nobel si esprime in quell\u2019ita-dialetto ricco di onomatopee che vive solo nella sua recitazione.<br \/>\nBarbara Savy, giovane studiosa del Dipartimento di Storia delle Arti Visive e della Musica dell\u2019Universit\u00e0 di Padova, ha spostato l\u2019attenzione sull\u2019arte, ponendo l\u2019accento sui simboli iconografici di opere come \u201cLe Nozze di Cana\u201d di Giotto (1305, Cappella degli Scrovegni) e l\u2019omonimo dipinto di Giusto de\u2019 Menabuoi (1376-78, Battistero di Padova). I temi eucaristici e i misteri della trasformazione dell\u2019acqua in vino sono stati individuati dalla studiosa in un percorso completo e puntuale, attraverso l\u2019interpretazione di ogni dettaglio riferito al miracolo ma anche alle abitudini alimentari dei soggetti rappresentati.<br \/>\nMassimo Montanari (Universit\u00e0 di Bologna) e Timothy Verdon (Arcidiocesi di Firenze), infine, hanno guidato i presenti verso il confronto pi\u00f9 atteso della mattinata: un singolare parallelismo tra gli aspetti materiali e quelli spirituali del tema del giorno. \u201cDiamo la precedenza ai temi della \u2018carne\u2019, lasceremo per ultimi quelli legati allo spirito\u201d, ha commentato scherzosamente Paolo Scarpi nell\u2019introdurre i due relatori.<br \/>\nIl principale oggetto delle riflessioni di Montanari \u00e8 stato il vino, che ha trattato con particolare riferimento all\u2019arte medievale. \u201cPerch\u00e9 una societ\u00e0 come quella medievale \u00e8 cos\u00ec attenta ai miracoli alimentari, come dimostrano i testi agiografici (che hanno per oggetto i Santi, ndr) e\u00a0 le opere del tempo? La risposta \u00e8 semplice: perch\u00e9 ne aveva bisogno\u201d ha spiegato lo studioso, che al termine del suo intervento ha passato la parola a Timothy Verdon. \u201cIl brano del Vangelo di Giovanni da cui siamo partiti \u2013 ha commentato Mons. Verdon tirando le fila dei vari interventi e rivolgendosi agli studenti presenti in Teatro \u2013 \u00e8 l\u2019unico in cui la vostra figura professionale viene descritta. Una figura capace di organizzare un banchetto, di servire, di conoscere la qualit\u00e0 dei cibi e i giusti abbinamenti, dotata di una certa cultura gastronomica. Sono proprio questi esperti che esprimono per primi lo stupore nei confronti del miracolo di Ges\u00f9\u201d.<br \/>\nE saranno proprio loro, gli studenti del Corso in Scienze e Cultura della Gastronomia e della Ristorazione, i futuri testimoni di ci\u00f2 che il mondo della gastronomia regaler\u00e0 nei prossimi anni, ma anche attori che dovranno saper dosare nella giusta misura ingredienti come la cultura, la passione, la creativit\u00e0 e la professionalit\u00e0, per mantenere alta l\u2019offerta di questo settore.<br \/>\nIl convegno \u00e8 terminato con i saluti dell\u2019Assessore alla cultura di Castelfranco Veneto, Giancarlo Saran, da sempre molto vicino ai temi del cibo nonch\u00e9 giornalista enogastronomico di fama nazionale (co-autore del libro \u201cIl Gastronauta del Veneto\u201d assieme al giornalista Marco Paolini).<\/p>\n<p>\u201c Scienze e Cultura della Gastronomia e della Ristorazione\u201d \u00e8 un Corso di Laurea interfacolt\u00e0 (Agraria; Economia; Lettere e Filosofia) con sede a Castelfranco Veneto (TV). Il corso \u00e8 caratterizzato da un approccio interdisciplinare alla storia, alla cultura, all\u2019economia, alle scienze e alle tecnologie dei settori della gastronomia e della ristorazione.<br \/>\n\u00a0Per maggiori informazioni: <a href=\"http:\/\/www.agraria.unipd.it\/castelfranco\/\">http:\/\/www.agraria.unipd.it\/castelfranco\/<\/a><\/p>","protected":false},"excerpt":{"rendered":"<p>Inizia il nuovo Anno Accademico per l\u2019Universit\u00e0 di Padova. Per l\u2019occasione, marted\u00ec 5 ottobre scorso il Corso di Laurea in Scienze e Cultura della Gastronomia e della Ristorazione ha organizzato un convegno inaugurale presso il Teatro Accademico di Castelfranco Veneto, per dare la giusta accoglienza agli studenti e alle nuove matricole. Quello del seminario d\u2019apertura [&hellip;]<\/p>\n","protected":false},"author":2,"featured_media":0,"comment_status":"closed","ping_status":"open","sticky":false,"template":"","format":"standard","meta":{"footnotes":""},"categories":[25,15],"tags":[],"class_list":["post-19907","post","type-post","status-publish","format-standard","category-pausa-caffe","category-scuola"],"yoast_head":"<!-- This site is optimized with the Yoast SEO plugin v28.4 - https:\/\/yoast.com\/product\/yoast-seo-wordpress\/ -->\n<title>\u201cCibo per il corpo e cibo per l\u2019anima\u201d, il convegno inaugurale al Corso di Laurea in Scienze e Cultura della Gastronomia e della Ristorazione all&#039;Universit\u00e0 di Padova - Bellunopress - Dolomiti<\/title>\n<meta name=\"robots\" content=\"index, follow, max-snippet:-1, max-image-preview:large, max-video-preview:-1\" \/>\n<link rel=\"canonical\" href=\"https:\/\/www.bellunopress.it\/fr\/2010\/10\/06\/\u201ccibo-per-il-corpo-e-cibo-per-l\u2019anima\u201d-il-convegno-inaugurale-al-corso-di-laurea-in-scienze-e-cultura-della-gastronomia-e-della-ristorazione-alluniversita-di-padova\/\" \/>\n<meta property=\"og:locale\" content=\"fr_FR\" \/>\n<meta property=\"og:type\" content=\"article\" \/>\n<meta property=\"og:title\" content=\"\u201cCibo per il corpo e cibo per l\u2019anima\u201d, il convegno inaugurale al Corso di Laurea in Scienze e Cultura della Gastronomia e della Ristorazione all&#039;Universit\u00e0 di Padova - Bellunopress - Dolomiti\" \/>\n<meta property=\"og:description\" content=\"Inizia il nuovo Anno Accademico per l\u2019Universit\u00e0 di Padova. Per l\u2019occasione, marted\u00ec 5 ottobre scorso il Corso di Laurea in Scienze e Cultura della Gastronomia e della Ristorazione ha organizzato un convegno inaugurale presso il Teatro Accademico di Castelfranco Veneto, per dare la giusta accoglienza agli studenti e alle nuove matricole. Quello del seminario d\u2019apertura [&hellip;]\" \/>\n<meta property=\"og:url\" content=\"https:\/\/www.bellunopress.it\/fr\/2010\/10\/06\/\u201ccibo-per-il-corpo-e-cibo-per-l\u2019anima\u201d-il-convegno-inaugurale-al-corso-di-laurea-in-scienze-e-cultura-della-gastronomia-e-della-ristorazione-alluniversita-di-padova\/\" \/>\n<meta property=\"og:site_name\" content=\"Bellunopress - Dolomiti\" \/>\n<meta property=\"article:publisher\" content=\"https:\/\/www.facebook.com\/profile.php?id=100008943462799\" \/>\n<meta property=\"article:published_time\" content=\"2010-10-06T19:28:09+00:00\" \/>\n<meta property=\"og:image\" content=\"http:\/\/www.bellunopress.it\/wp-content\/uploads\/2012\/07\/logo-bellunopress-250x250-2012.jpg\" \/>\n<meta name=\"author\" content=\"redazione\" \/>\n<meta name=\"twitter:card\" content=\"summary_large_image\" \/>\n<meta name=\"twitter:creator\" content=\"@bellunopress\" \/>\n<meta name=\"twitter:site\" content=\"@bellunopress\" \/>\n<meta name=\"twitter:label1\" content=\"\u00c9crit par\" \/>\n\t<meta name=\"twitter:data1\" content=\"redazione\" \/>\n\t<meta name=\"twitter:label2\" content=\"Dur\u00e9e de lecture estim\u00e9e\" \/>\n\t<meta name=\"twitter:data2\" content=\"5 minutes\" \/>\n<script type=\"application\/ld+json\" class=\"yoast-schema-graph\">{\"@context\":\"https:\\\/\\\/schema.org\",\"@graph\":[{\"@type\":\"Article\",\"@id\":\"https:\\\/\\\/www.bellunopress.it\\\/2010\\\/10\\\/06\\\/%e2%80%9ccibo-per-il-corpo-e-cibo-per-l%e2%80%99anima%e2%80%9d-il-convegno-inaugurale-al-corso-di-laurea-in-scienze-e-cultura-della-gastronomia-e-della-ristorazione-alluniversita-di-padova\\\/#article\",\"isPartOf\":{\"@id\":\"https:\\\/\\\/www.bellunopress.it\\\/2010\\\/10\\\/06\\\/%e2%80%9ccibo-per-il-corpo-e-cibo-per-l%e2%80%99anima%e2%80%9d-il-convegno-inaugurale-al-corso-di-laurea-in-scienze-e-cultura-della-gastronomia-e-della-ristorazione-alluniversita-di-padova\\\/\"},\"author\":{\"name\":\"redazione\",\"@id\":\"https:\\\/\\\/www.bellunopress.it\\\/#\\\/schema\\\/person\\\/79bb06722b37ece1c03d3e94beb30d73\"},\"headline\":\"\u201cCibo per il corpo e cibo per l\u2019anima\u201d, il convegno inaugurale al Corso di Laurea in Scienze e Cultura della Gastronomia e della Ristorazione all&#8217;Universit\u00e0 di Padova\",\"datePublished\":\"2010-10-06T19:28:09+00:00\",\"mainEntityOfPage\":{\"@id\":\"https:\\\/\\\/www.bellunopress.it\\\/2010\\\/10\\\/06\\\/%e2%80%9ccibo-per-il-corpo-e-cibo-per-l%e2%80%99anima%e2%80%9d-il-convegno-inaugurale-al-corso-di-laurea-in-scienze-e-cultura-della-gastronomia-e-della-ristorazione-alluniversita-di-padova\\\/\"},\"wordCount\":1069,\"publisher\":{\"@id\":\"https:\\\/\\\/www.bellunopress.it\\\/#organization\"},\"articleSection\":[\"Pausa Caff\u00e8\",\"Scuola\"],\"inLanguage\":\"fr-FR\"},{\"@type\":\"WebPage\",\"@id\":\"https:\\\/\\\/www.bellunopress.it\\\/2010\\\/10\\\/06\\\/%e2%80%9ccibo-per-il-corpo-e-cibo-per-l%e2%80%99anima%e2%80%9d-il-convegno-inaugurale-al-corso-di-laurea-in-scienze-e-cultura-della-gastronomia-e-della-ristorazione-alluniversita-di-padova\\\/\",\"url\":\"https:\\\/\\\/www.bellunopress.it\\\/2010\\\/10\\\/06\\\/%e2%80%9ccibo-per-il-corpo-e-cibo-per-l%e2%80%99anima%e2%80%9d-il-convegno-inaugurale-al-corso-di-laurea-in-scienze-e-cultura-della-gastronomia-e-della-ristorazione-alluniversita-di-padova\\\/\",\"name\":\"\u201cCibo per il corpo e cibo per l\u2019anima\u201d, il convegno inaugurale al Corso di Laurea in Scienze e Cultura della Gastronomia e della Ristorazione all'Universit\u00e0 di Padova - Bellunopress - Dolomiti\",\"isPartOf\":{\"@id\":\"https:\\\/\\\/www.bellunopress.it\\\/#website\"},\"datePublished\":\"2010-10-06T19:28:09+00:00\",\"breadcrumb\":{\"@id\":\"https:\\\/\\\/www.bellunopress.it\\\/2010\\\/10\\\/06\\\/%e2%80%9ccibo-per-il-corpo-e-cibo-per-l%e2%80%99anima%e2%80%9d-il-convegno-inaugurale-al-corso-di-laurea-in-scienze-e-cultura-della-gastronomia-e-della-ristorazione-alluniversita-di-padova\\\/#breadcrumb\"},\"inLanguage\":\"fr-FR\",\"potentialAction\":[{\"@type\":\"ReadAction\",\"target\":[\"https:\\\/\\\/www.bellunopress.it\\\/2010\\\/10\\\/06\\\/%e2%80%9ccibo-per-il-corpo-e-cibo-per-l%e2%80%99anima%e2%80%9d-il-convegno-inaugurale-al-corso-di-laurea-in-scienze-e-cultura-della-gastronomia-e-della-ristorazione-alluniversita-di-padova\\\/\"]}]},{\"@type\":\"BreadcrumbList\",\"@id\":\"https:\\\/\\\/www.bellunopress.it\\\/2010\\\/10\\\/06\\\/%e2%80%9ccibo-per-il-corpo-e-cibo-per-l%e2%80%99anima%e2%80%9d-il-convegno-inaugurale-al-corso-di-laurea-in-scienze-e-cultura-della-gastronomia-e-della-ristorazione-alluniversita-di-padova\\\/#breadcrumb\",\"itemListElement\":[{\"@type\":\"ListItem\",\"position\":1,\"name\":\"Home\",\"item\":\"https:\\\/\\\/www.bellunopress.it\\\/\"},{\"@type\":\"ListItem\",\"position\":2,\"name\":\"\u201cCibo per il corpo e cibo per l\u2019anima\u201d, il convegno inaugurale al Corso di Laurea in Scienze e Cultura della Gastronomia e della Ristorazione all&#8217;Universit\u00e0 di Padova\"}]},{\"@type\":\"WebSite\",\"@id\":\"https:\\\/\\\/www.bellunopress.it\\\/#website\",\"url\":\"https:\\\/\\\/www.bellunopress.it\\\/\",\"name\":\"Bellunopress - Dolomiti\",\"description\":\"e-mail: redazione@bellunopress.it\",\"publisher\":{\"@id\":\"https:\\\/\\\/www.bellunopress.it\\\/#organization\"},\"potentialAction\":[{\"@type\":\"SearchAction\",\"target\":{\"@type\":\"EntryPoint\",\"urlTemplate\":\"https:\\\/\\\/www.bellunopress.it\\\/?s={search_term_string}\"},\"query-input\":{\"@type\":\"PropertyValueSpecification\",\"valueRequired\":true,\"valueName\":\"search_term_string\"}}],\"inLanguage\":\"fr-FR\"},{\"@type\":\"Organization\",\"@id\":\"https:\\\/\\\/www.bellunopress.it\\\/#organization\",\"name\":\"Bellunopress\",\"url\":\"https:\\\/\\\/www.bellunopress.it\\\/\",\"logo\":{\"@type\":\"ImageObject\",\"inLanguage\":\"fr-FR\",\"@id\":\"https:\\\/\\\/www.bellunopress.it\\\/#\\\/schema\\\/logo\\\/image\\\/\",\"url\":\"https:\\\/\\\/www.bellunopress.it\\\/wp-content\\\/uploads\\\/2011\\\/05\\\/cropped-logo-bellunopress-.jpg\",\"contentUrl\":\"https:\\\/\\\/www.bellunopress.it\\\/wp-content\\\/uploads\\\/2011\\\/05\\\/cropped-logo-bellunopress-.jpg\",\"width\":512,\"height\":512,\"caption\":\"Bellunopress\"},\"image\":{\"@id\":\"https:\\\/\\\/www.bellunopress.it\\\/#\\\/schema\\\/logo\\\/image\\\/\"},\"sameAs\":[\"https:\\\/\\\/www.facebook.com\\\/profile.php?id=100008943462799\",\"https:\\\/\\\/x.com\\\/bellunopress\",\"https:\\\/\\\/www.linkedin.com\\\/hp\\\/?dnr=JBzUWaJfMUw8vbXJJ2tVW5-I3jZKvC4wsoxE&amp;amp;amp;amp;amp;amp;trk=nav_responsive_tab_home\",\"https:\\\/\\\/www.youtube.com\\\/channel\\\/UCxL0wu1uN0_3_7hGG0306cw\"]},{\"@type\":\"Person\",\"@id\":\"https:\\\/\\\/www.bellunopress.it\\\/#\\\/schema\\\/person\\\/79bb06722b37ece1c03d3e94beb30d73\",\"name\":\"redazione\",\"image\":{\"@type\":\"ImageObject\",\"inLanguage\":\"fr-FR\",\"@id\":\"https:\\\/\\\/secure.gravatar.com\\\/avatar\\\/37d968a2e67a6fd04c169c4bdef102d0bc5d31b2546345219e348575eb80e9a0?s=96&d=mm&r=g\",\"url\":\"https:\\\/\\\/secure.gravatar.com\\\/avatar\\\/37d968a2e67a6fd04c169c4bdef102d0bc5d31b2546345219e348575eb80e9a0?s=96&d=mm&r=g\",\"contentUrl\":\"https:\\\/\\\/secure.gravatar.com\\\/avatar\\\/37d968a2e67a6fd04c169c4bdef102d0bc5d31b2546345219e348575eb80e9a0?s=96&d=mm&r=g\",\"caption\":\"redazione\"},\"sameAs\":[\"http:\\\/\\\/www.bellunopress.it\",\"https:\\\/\\\/x.com\\\/bellunopress\"],\"url\":\"https:\\\/\\\/www.bellunopress.it\\\/fr\\\/author\\\/redazione\\\/\"}]}<\/script>\n<!-- \/ Yoast SEO plugin. -->","yoast_head_json":{"title":"\u201cCibo per il corpo e cibo per l\u2019anima\u201d, il convegno inaugurale al Corso di Laurea in Scienze e Cultura della Gastronomia e della Ristorazione all'Universit\u00e0 di Padova - Bellunopress - Dolomiti","robots":{"index":"index","follow":"follow","max-snippet":"max-snippet:-1","max-image-preview":"max-image-preview:large","max-video-preview":"max-video-preview:-1"},"canonical":"https:\/\/www.bellunopress.it\/fr\/2010\/10\/06\/\u201ccibo-per-il-corpo-e-cibo-per-l\u2019anima\u201d-il-convegno-inaugurale-al-corso-di-laurea-in-scienze-e-cultura-della-gastronomia-e-della-ristorazione-alluniversita-di-padova\/","og_locale":"fr_FR","og_type":"article","og_title":"\u201cCibo per il corpo e cibo per l\u2019anima\u201d, il convegno inaugurale al Corso di Laurea in Scienze e Cultura della Gastronomia e della Ristorazione all'Universit\u00e0 di Padova - Bellunopress - Dolomiti","og_description":"Inizia il nuovo Anno Accademico per l\u2019Universit\u00e0 di Padova. Per l\u2019occasione, marted\u00ec 5 ottobre scorso il Corso di Laurea in Scienze e Cultura della Gastronomia e della Ristorazione ha organizzato un convegno inaugurale presso il Teatro Accademico di Castelfranco Veneto, per dare la giusta accoglienza agli studenti e alle nuove matricole. Quello del seminario d\u2019apertura [&hellip;]","og_url":"https:\/\/www.bellunopress.it\/fr\/2010\/10\/06\/\u201ccibo-per-il-corpo-e-cibo-per-l\u2019anima\u201d-il-convegno-inaugurale-al-corso-di-laurea-in-scienze-e-cultura-della-gastronomia-e-della-ristorazione-alluniversita-di-padova\/","og_site_name":"Bellunopress - Dolomiti","article_publisher":"https:\/\/www.facebook.com\/profile.php?id=100008943462799","article_published_time":"2010-10-06T19:28:09+00:00","og_image":[{"url":"http:\/\/www.bellunopress.it\/wp-content\/uploads\/2012\/07\/logo-bellunopress-250x250-2012.jpg","type":"","width":"","height":""}],"author":"redazione","twitter_card":"summary_large_image","twitter_creator":"@bellunopress","twitter_site":"@bellunopress","twitter_misc":{"\u00c9crit par":"redazione","Dur\u00e9e de lecture estim\u00e9e":"5 minutes"},"schema":{"@context":"https:\/\/schema.org","@graph":[{"@type":"Article","@id":"https:\/\/www.bellunopress.it\/2010\/10\/06\/%e2%80%9ccibo-per-il-corpo-e-cibo-per-l%e2%80%99anima%e2%80%9d-il-convegno-inaugurale-al-corso-di-laurea-in-scienze-e-cultura-della-gastronomia-e-della-ristorazione-alluniversita-di-padova\/#article","isPartOf":{"@id":"https:\/\/www.bellunopress.it\/2010\/10\/06\/%e2%80%9ccibo-per-il-corpo-e-cibo-per-l%e2%80%99anima%e2%80%9d-il-convegno-inaugurale-al-corso-di-laurea-in-scienze-e-cultura-della-gastronomia-e-della-ristorazione-alluniversita-di-padova\/"},"author":{"name":"redazione","@id":"https:\/\/www.bellunopress.it\/#\/schema\/person\/79bb06722b37ece1c03d3e94beb30d73"},"headline":"\u201cCibo per il corpo e cibo per l\u2019anima\u201d, il convegno inaugurale al Corso di Laurea in Scienze e Cultura della Gastronomia e della Ristorazione all&#8217;Universit\u00e0 di Padova","datePublished":"2010-10-06T19:28:09+00:00","mainEntityOfPage":{"@id":"https:\/\/www.bellunopress.it\/2010\/10\/06\/%e2%80%9ccibo-per-il-corpo-e-cibo-per-l%e2%80%99anima%e2%80%9d-il-convegno-inaugurale-al-corso-di-laurea-in-scienze-e-cultura-della-gastronomia-e-della-ristorazione-alluniversita-di-padova\/"},"wordCount":1069,"publisher":{"@id":"https:\/\/www.bellunopress.it\/#organization"},"articleSection":["Pausa Caff\u00e8","Scuola"],"inLanguage":"fr-FR"},{"@type":"WebPage","@id":"https:\/\/www.bellunopress.it\/2010\/10\/06\/%e2%80%9ccibo-per-il-corpo-e-cibo-per-l%e2%80%99anima%e2%80%9d-il-convegno-inaugurale-al-corso-di-laurea-in-scienze-e-cultura-della-gastronomia-e-della-ristorazione-alluniversita-di-padova\/","url":"https:\/\/www.bellunopress.it\/2010\/10\/06\/%e2%80%9ccibo-per-il-corpo-e-cibo-per-l%e2%80%99anima%e2%80%9d-il-convegno-inaugurale-al-corso-di-laurea-in-scienze-e-cultura-della-gastronomia-e-della-ristorazione-alluniversita-di-padova\/","name":"\u201cCibo per il corpo e cibo per l\u2019anima\u201d, il convegno inaugurale al Corso di Laurea in Scienze e Cultura della Gastronomia e della Ristorazione all'Universit\u00e0 di Padova - Bellunopress - Dolomiti","isPartOf":{"@id":"https:\/\/www.bellunopress.it\/#website"},"datePublished":"2010-10-06T19:28:09+00:00","breadcrumb":{"@id":"https:\/\/www.bellunopress.it\/2010\/10\/06\/%e2%80%9ccibo-per-il-corpo-e-cibo-per-l%e2%80%99anima%e2%80%9d-il-convegno-inaugurale-al-corso-di-laurea-in-scienze-e-cultura-della-gastronomia-e-della-ristorazione-alluniversita-di-padova\/#breadcrumb"},"inLanguage":"fr-FR","potentialAction":[{"@type":"ReadAction","target":["https:\/\/www.bellunopress.it\/2010\/10\/06\/%e2%80%9ccibo-per-il-corpo-e-cibo-per-l%e2%80%99anima%e2%80%9d-il-convegno-inaugurale-al-corso-di-laurea-in-scienze-e-cultura-della-gastronomia-e-della-ristorazione-alluniversita-di-padova\/"]}]},{"@type":"BreadcrumbList","@id":"https:\/\/www.bellunopress.it\/2010\/10\/06\/%e2%80%9ccibo-per-il-corpo-e-cibo-per-l%e2%80%99anima%e2%80%9d-il-convegno-inaugurale-al-corso-di-laurea-in-scienze-e-cultura-della-gastronomia-e-della-ristorazione-alluniversita-di-padova\/#breadcrumb","itemListElement":[{"@type":"ListItem","position":1,"name":"Home","item":"https:\/\/www.bellunopress.it\/"},{"@type":"ListItem","position":2,"name":"\u201cCibo per il corpo e cibo per l\u2019anima\u201d, il convegno inaugurale al Corso di Laurea in Scienze e Cultura della Gastronomia e della Ristorazione all&#8217;Universit\u00e0 di Padova"}]},{"@type":"WebSite","@id":"https:\/\/www.bellunopress.it\/#website","url":"https:\/\/www.bellunopress.it\/","name":"Bellunopress - Dolomiti","description":"e-mail: redazione@bellunopress.it","publisher":{"@id":"https:\/\/www.bellunopress.it\/#organization"},"potentialAction":[{"@type":"SearchAction","target":{"@type":"EntryPoint","urlTemplate":"https:\/\/www.bellunopress.it\/?s={search_term_string}"},"query-input":{"@type":"PropertyValueSpecification","valueRequired":true,"valueName":"search_term_string"}}],"inLanguage":"fr-FR"},{"@type":"Organization","@id":"https:\/\/www.bellunopress.it\/#organization","name":"Bellunopress","url":"https:\/\/www.bellunopress.it\/","logo":{"@type":"ImageObject","inLanguage":"fr-FR","@id":"https:\/\/www.bellunopress.it\/#\/schema\/logo\/image\/","url":"https:\/\/www.bellunopress.it\/wp-content\/uploads\/2011\/05\/cropped-logo-bellunopress-.jpg","contentUrl":"https:\/\/www.bellunopress.it\/wp-content\/uploads\/2011\/05\/cropped-logo-bellunopress-.jpg","width":512,"height":512,"caption":"Bellunopress"},"image":{"@id":"https:\/\/www.bellunopress.it\/#\/schema\/logo\/image\/"},"sameAs":["https:\/\/www.facebook.com\/profile.php?id=100008943462799","https:\/\/x.com\/bellunopress","https:\/\/www.linkedin.com\/hp\/?dnr=JBzUWaJfMUw8vbXJJ2tVW5-I3jZKvC4wsoxE&amp;amp;amp;amp;amp;amp;trk=nav_responsive_tab_home","https:\/\/www.youtube.com\/channel\/UCxL0wu1uN0_3_7hGG0306cw"]},{"@type":"Person","@id":"https:\/\/www.bellunopress.it\/#\/schema\/person\/79bb06722b37ece1c03d3e94beb30d73","name":"r\u00e9daction","image":{"@type":"ImageObject","inLanguage":"fr-FR","@id":"https:\/\/secure.gravatar.com\/avatar\/37d968a2e67a6fd04c169c4bdef102d0bc5d31b2546345219e348575eb80e9a0?s=96&d=mm&r=g","url":"https:\/\/secure.gravatar.com\/avatar\/37d968a2e67a6fd04c169c4bdef102d0bc5d31b2546345219e348575eb80e9a0?s=96&d=mm&r=g","contentUrl":"https:\/\/secure.gravatar.com\/avatar\/37d968a2e67a6fd04c169c4bdef102d0bc5d31b2546345219e348575eb80e9a0?s=96&d=mm&r=g","caption":"redazione"},"sameAs":["http:\/\/www.bellunopress.it","https:\/\/x.com\/bellunopress"],"url":"https:\/\/www.bellunopress.it\/fr\/author\/redazione\/"}]}},"_links":{"self":[{"href":"https:\/\/www.bellunopress.it\/fr\/wp-json\/wp\/v2\/posts\/19907","targetHints":{"allow":["GET"]}}],"collection":[{"href":"https:\/\/www.bellunopress.it\/fr\/wp-json\/wp\/v2\/posts"}],"about":[{"href":"https:\/\/www.bellunopress.it\/fr\/wp-json\/wp\/v2\/types\/post"}],"author":[{"embeddable":true,"href":"https:\/\/www.bellunopress.it\/fr\/wp-json\/wp\/v2\/users\/2"}],"replies":[{"embeddable":true,"href":"https:\/\/www.bellunopress.it\/fr\/wp-json\/wp\/v2\/comments?post=19907"}],"version-history":[{"count":1,"href":"https:\/\/www.bellunopress.it\/fr\/wp-json\/wp\/v2\/posts\/19907\/revisions"}],"predecessor-version":[{"id":19908,"href":"https:\/\/www.bellunopress.it\/fr\/wp-json\/wp\/v2\/posts\/19907\/revisions\/19908"}],"wp:attachment":[{"href":"https:\/\/www.bellunopress.it\/fr\/wp-json\/wp\/v2\/media?parent=19907"}],"wp:term":[{"taxonomy":"category","embeddable":true,"href":"https:\/\/www.bellunopress.it\/fr\/wp-json\/wp\/v2\/categories?post=19907"},{"taxonomy":"post_tag","embeddable":true,"href":"https:\/\/www.bellunopress.it\/fr\/wp-json\/wp\/v2\/tags?post=19907"}],"curies":[{"name":"wp","href":"https:\/\/api.w.org\/{rel}","templated":true}]}}