{"id":19841,"date":"2010-10-04T21:48:18","date_gmt":"2010-10-04T20:48:18","guid":{"rendered":"http:\/\/www.bellunopress.it\/?p=19841"},"modified":"2010-10-04T21:48:18","modified_gmt":"2010-10-04T20:48:18","slug":"corso-di-cucina-2010-all%e2%80%99osteria-dei-miracoli-in-valmorel","status":"publish","type":"post","link":"https:\/\/www.bellunopress.it\/fr\/2010\/10\/04\/corso-di-cucina-2010-all%e2%80%99osteria-dei-miracoli-in-valmorel\/","title":{"rendered":"Corso di cucina 2010 all\u2019Osteria dei Miracoli in Valmorel"},"content":{"rendered":"<p>La prima lezione sar\u00e0 luned\u00ec 11 e mercoled\u00ec13 ottobre ore 20. Titolo: il formaggio di capra lavorazioni e propriet\u00e0, finger food , tapas e aperitivi stuzzicanti. Seconda lezione luned\u00ec 18 e marted\u00ec19 ottobre ore 20.00:\u00a0 i risotti e le minestre della memoria. Terza lezione 25 e marted\u00ec 26 ottobre ore 20.00: la pasta fresca e salse. Quarta lezione luned\u00ec 8 e marted\u00ec 9 novembre ore 20.00: le carni bianche. Quinta lezione luned\u00ec 15 e marted\u00ec 16\u00a0 novembre: le carni rosse. Sesta lezione marted\u00ec 22 e mercoled\u00ec 23 novembre: il pesce. Settima lezione luned\u00ec 29 e marted\u00ec 30 novembre: dolci e dessert.<br \/>\nSabato 4 dicembre consegna dei diplomi di partecipazione alla\u00a0 festa beat generation con la Beat Bang Band.<br \/>\n1\u00b0gruppo 10\/12 persone il luned\u00ec<br \/>\n2\u00b0gruppo 10\/12 persone il marted\u00ec<br \/>\nil costo del corso di 7 lezioni e materiale didattico \u00e8 di \u20ac 200<br \/>\niscrizioni presso l\u2019Osteria dei Miracoli Valmorel Limana<br \/>\n(info al 3403033788)<\/p>","protected":false},"excerpt":{"rendered":"<p>La prima lezione sar\u00e0 luned\u00ec 11 e mercoled\u00ec13 ottobre ore 20. Titolo: il formaggio di capra lavorazioni e propriet\u00e0, finger food , tapas e aperitivi stuzzicanti. Seconda lezione luned\u00ec 18 e marted\u00ec19 ottobre ore 20.00:\u00a0 i risotti e le minestre della memoria. Terza lezione 25 e marted\u00ec 26 ottobre ore 20.00: la pasta fresca e [&hellip;]<\/p>\n","protected":false},"author":2,"featured_media":0,"comment_status":"closed","ping_status":"open","sticky":false,"template":"","format":"standard","meta":{"footnotes":""},"categories":[25],"tags":[],"class_list":["post-19841","post","type-post","status-publish","format-standard","category-pausa-caffe"],"yoast_head":"<!-- This site is optimized with the Yoast SEO plugin v28.4 - https:\/\/yoast.com\/product\/yoast-seo-wordpress\/ -->\n<title>Corso di cucina 2010 all\u2019Osteria dei Miracoli in Valmorel - Bellunopress - Dolomiti<\/title>\n<meta name=\"robots\" content=\"index, follow, max-snippet:-1, max-image-preview:large, max-video-preview:-1\" \/>\n<link rel=\"canonical\" href=\"https:\/\/www.bellunopress.it\/fr\/2010\/10\/04\/corso-di-cucina-2010-all\u2019osteria-dei-miracoli-in-valmorel\/\" \/>\n<meta property=\"og:locale\" content=\"fr_FR\" \/>\n<meta property=\"og:type\" content=\"article\" \/>\n<meta property=\"og:title\" content=\"Corso di cucina 2010 all\u2019Osteria dei Miracoli in Valmorel - Bellunopress - Dolomiti\" \/>\n<meta property=\"og:description\" content=\"La prima lezione sar\u00e0 luned\u00ec 11 e mercoled\u00ec13 ottobre ore 20. Titolo: il formaggio di capra lavorazioni e propriet\u00e0, finger food , tapas e aperitivi stuzzicanti. Seconda lezione luned\u00ec 18 e marted\u00ec19 ottobre ore 20.00:\u00a0 i risotti e le minestre della memoria. Terza lezione 25 e marted\u00ec 26 ottobre ore 20.00: la pasta fresca e [&hellip;]\" \/>\n<meta property=\"og:url\" content=\"https:\/\/www.bellunopress.it\/fr\/2010\/10\/04\/corso-di-cucina-2010-all\u2019osteria-dei-miracoli-in-valmorel\/\" \/>\n<meta property=\"og:site_name\" content=\"Bellunopress - Dolomiti\" \/>\n<meta property=\"article:publisher\" content=\"https:\/\/www.facebook.com\/profile.php?id=100008943462799\" \/>\n<meta property=\"article:published_time\" content=\"2010-10-04T20:48:18+00:00\" \/>\n<meta property=\"og:image\" content=\"http:\/\/www.bellunopress.it\/wp-content\/uploads\/2012\/07\/logo-bellunopress-250x250-2012.jpg\" \/>\n<meta name=\"author\" content=\"redazione\" \/>\n<meta name=\"twitter:card\" content=\"summary_large_image\" \/>\n<meta name=\"twitter:creator\" content=\"@bellunopress\" \/>\n<meta name=\"twitter:site\" content=\"@bellunopress\" \/>\n<meta name=\"twitter:label1\" content=\"\u00c9crit par\" \/>\n\t<meta name=\"twitter:data1\" content=\"redazione\" \/>\n\t<meta name=\"twitter:label2\" content=\"Dur\u00e9e de lecture estim\u00e9e\" \/>\n\t<meta name=\"twitter:data2\" content=\"1 minute\" \/>\n<script type=\"application\/ld+json\" class=\"yoast-schema-graph\">{\"@context\":\"https:\\\/\\\/schema.org\",\"@graph\":[{\"@type\":\"Article\",\"@id\":\"https:\\\/\\\/www.bellunopress.it\\\/2010\\\/10\\\/04\\\/corso-di-cucina-2010-all%e2%80%99osteria-dei-miracoli-in-valmorel\\\/#article\",\"isPartOf\":{\"@id\":\"https:\\\/\\\/www.bellunopress.it\\\/2010\\\/10\\\/04\\\/corso-di-cucina-2010-all%e2%80%99osteria-dei-miracoli-in-valmorel\\\/\"},\"author\":{\"name\":\"redazione\",\"@id\":\"https:\\\/\\\/www.bellunopress.it\\\/#\\\/schema\\\/person\\\/79bb06722b37ece1c03d3e94beb30d73\"},\"headline\":\"Corso di cucina 2010 all\u2019Osteria dei Miracoli in Valmorel\",\"datePublished\":\"2010-10-04T20:48:18+00:00\",\"mainEntityOfPage\":{\"@id\":\"https:\\\/\\\/www.bellunopress.it\\\/2010\\\/10\\\/04\\\/corso-di-cucina-2010-all%e2%80%99osteria-dei-miracoli-in-valmorel\\\/\"},\"wordCount\":137,\"publisher\":{\"@id\":\"https:\\\/\\\/www.bellunopress.it\\\/#organization\"},\"articleSection\":[\"Pausa Caff\u00e8\"],\"inLanguage\":\"fr-FR\"},{\"@type\":\"WebPage\",\"@id\":\"https:\\\/\\\/www.bellunopress.it\\\/2010\\\/10\\\/04\\\/corso-di-cucina-2010-all%e2%80%99osteria-dei-miracoli-in-valmorel\\\/\",\"url\":\"https:\\\/\\\/www.bellunopress.it\\\/2010\\\/10\\\/04\\\/corso-di-cucina-2010-all%e2%80%99osteria-dei-miracoli-in-valmorel\\\/\",\"name\":\"Corso di cucina 2010 all\u2019Osteria dei Miracoli in Valmorel - Bellunopress - Dolomiti\",\"isPartOf\":{\"@id\":\"https:\\\/\\\/www.bellunopress.it\\\/#website\"},\"datePublished\":\"2010-10-04T20:48:18+00:00\",\"breadcrumb\":{\"@id\":\"https:\\\/\\\/www.bellunopress.it\\\/2010\\\/10\\\/04\\\/corso-di-cucina-2010-all%e2%80%99osteria-dei-miracoli-in-valmorel\\\/#breadcrumb\"},\"inLanguage\":\"fr-FR\",\"potentialAction\":[{\"@type\":\"ReadAction\",\"target\":[\"https:\\\/\\\/www.bellunopress.it\\\/2010\\\/10\\\/04\\\/corso-di-cucina-2010-all%e2%80%99osteria-dei-miracoli-in-valmorel\\\/\"]}]},{\"@type\":\"BreadcrumbList\",\"@id\":\"https:\\\/\\\/www.bellunopress.it\\\/2010\\\/10\\\/04\\\/corso-di-cucina-2010-all%e2%80%99osteria-dei-miracoli-in-valmorel\\\/#breadcrumb\",\"itemListElement\":[{\"@type\":\"ListItem\",\"position\":1,\"name\":\"Home\",\"item\":\"https:\\\/\\\/www.bellunopress.it\\\/\"},{\"@type\":\"ListItem\",\"position\":2,\"name\":\"Corso di cucina 2010 all\u2019Osteria dei Miracoli in Valmorel\"}]},{\"@type\":\"WebSite\",\"@id\":\"https:\\\/\\\/www.bellunopress.it\\\/#website\",\"url\":\"https:\\\/\\\/www.bellunopress.it\\\/\",\"name\":\"Bellunopress - Dolomiti\",\"description\":\"e-mail: redazione@bellunopress.it\",\"publisher\":{\"@id\":\"https:\\\/\\\/www.bellunopress.it\\\/#organization\"},\"potentialAction\":[{\"@type\":\"SearchAction\",\"target\":{\"@type\":\"EntryPoint\",\"urlTemplate\":\"https:\\\/\\\/www.bellunopress.it\\\/?s={search_term_string}\"},\"query-input\":{\"@type\":\"PropertyValueSpecification\",\"valueRequired\":true,\"valueName\":\"search_term_string\"}}],\"inLanguage\":\"fr-FR\"},{\"@type\":\"Organization\",\"@id\":\"https:\\\/\\\/www.bellunopress.it\\\/#organization\",\"name\":\"Bellunopress\",\"url\":\"https:\\\/\\\/www.bellunopress.it\\\/\",\"logo\":{\"@type\":\"ImageObject\",\"inLanguage\":\"fr-FR\",\"@id\":\"https:\\\/\\\/www.bellunopress.it\\\/#\\\/schema\\\/logo\\\/image\\\/\",\"url\":\"https:\\\/\\\/www.bellunopress.it\\\/wp-content\\\/uploads\\\/2011\\\/05\\\/cropped-logo-bellunopress-.jpg\",\"contentUrl\":\"https:\\\/\\\/www.bellunopress.it\\\/wp-content\\\/uploads\\\/2011\\\/05\\\/cropped-logo-bellunopress-.jpg\",\"width\":512,\"height\":512,\"caption\":\"Bellunopress\"},\"image\":{\"@id\":\"https:\\\/\\\/www.bellunopress.it\\\/#\\\/schema\\\/logo\\\/image\\\/\"},\"sameAs\":[\"https:\\\/\\\/www.facebook.com\\\/profile.php?id=100008943462799\",\"https:\\\/\\\/x.com\\\/bellunopress\",\"https:\\\/\\\/www.linkedin.com\\\/hp\\\/?dnr=JBzUWaJfMUw8vbXJJ2tVW5-I3jZKvC4wsoxE&amp;amp;amp;amp;amp;amp;trk=nav_responsive_tab_home\",\"https:\\\/\\\/www.youtube.com\\\/channel\\\/UCxL0wu1uN0_3_7hGG0306cw\"]},{\"@type\":\"Person\",\"@id\":\"https:\\\/\\\/www.bellunopress.it\\\/#\\\/schema\\\/person\\\/79bb06722b37ece1c03d3e94beb30d73\",\"name\":\"redazione\",\"image\":{\"@type\":\"ImageObject\",\"inLanguage\":\"fr-FR\",\"@id\":\"https:\\\/\\\/secure.gravatar.com\\\/avatar\\\/37d968a2e67a6fd04c169c4bdef102d0bc5d31b2546345219e348575eb80e9a0?s=96&d=mm&r=g\",\"url\":\"https:\\\/\\\/secure.gravatar.com\\\/avatar\\\/37d968a2e67a6fd04c169c4bdef102d0bc5d31b2546345219e348575eb80e9a0?s=96&d=mm&r=g\",\"contentUrl\":\"https:\\\/\\\/secure.gravatar.com\\\/avatar\\\/37d968a2e67a6fd04c169c4bdef102d0bc5d31b2546345219e348575eb80e9a0?s=96&d=mm&r=g\",\"caption\":\"redazione\"},\"sameAs\":[\"http:\\\/\\\/www.bellunopress.it\",\"https:\\\/\\\/x.com\\\/bellunopress\"],\"url\":\"https:\\\/\\\/www.bellunopress.it\\\/fr\\\/author\\\/redazione\\\/\"}]}<\/script>\n<!-- \/ Yoast SEO plugin. -->","yoast_head_json":{"title":"Corso di cucina 2010 all\u2019Osteria dei Miracoli in Valmorel - Bellunopress - Dolomiti","robots":{"index":"index","follow":"follow","max-snippet":"max-snippet:-1","max-image-preview":"max-image-preview:large","max-video-preview":"max-video-preview:-1"},"canonical":"https:\/\/www.bellunopress.it\/fr\/2010\/10\/04\/corso-di-cucina-2010-all\u2019osteria-dei-miracoli-in-valmorel\/","og_locale":"fr_FR","og_type":"article","og_title":"Corso di cucina 2010 all\u2019Osteria dei Miracoli in Valmorel - Bellunopress - Dolomiti","og_description":"La prima lezione sar\u00e0 luned\u00ec 11 e mercoled\u00ec13 ottobre ore 20. Titolo: il formaggio di capra lavorazioni e propriet\u00e0, finger food , tapas e aperitivi stuzzicanti. Seconda lezione luned\u00ec 18 e marted\u00ec19 ottobre ore 20.00:\u00a0 i risotti e le minestre della memoria. Terza lezione 25 e marted\u00ec 26 ottobre ore 20.00: la pasta fresca e [&hellip;]","og_url":"https:\/\/www.bellunopress.it\/fr\/2010\/10\/04\/corso-di-cucina-2010-all\u2019osteria-dei-miracoli-in-valmorel\/","og_site_name":"Bellunopress - Dolomiti","article_publisher":"https:\/\/www.facebook.com\/profile.php?id=100008943462799","article_published_time":"2010-10-04T20:48:18+00:00","og_image":[{"url":"http:\/\/www.bellunopress.it\/wp-content\/uploads\/2012\/07\/logo-bellunopress-250x250-2012.jpg","type":"","width":"","height":""}],"author":"redazione","twitter_card":"summary_large_image","twitter_creator":"@bellunopress","twitter_site":"@bellunopress","twitter_misc":{"\u00c9crit par":"redazione","Dur\u00e9e de lecture estim\u00e9e":"1 minute"},"schema":{"@context":"https:\/\/schema.org","@graph":[{"@type":"Article","@id":"https:\/\/www.bellunopress.it\/2010\/10\/04\/corso-di-cucina-2010-all%e2%80%99osteria-dei-miracoli-in-valmorel\/#article","isPartOf":{"@id":"https:\/\/www.bellunopress.it\/2010\/10\/04\/corso-di-cucina-2010-all%e2%80%99osteria-dei-miracoli-in-valmorel\/"},"author":{"name":"redazione","@id":"https:\/\/www.bellunopress.it\/#\/schema\/person\/79bb06722b37ece1c03d3e94beb30d73"},"headline":"Corso di cucina 2010 all\u2019Osteria dei Miracoli in Valmorel","datePublished":"2010-10-04T20:48:18+00:00","mainEntityOfPage":{"@id":"https:\/\/www.bellunopress.it\/2010\/10\/04\/corso-di-cucina-2010-all%e2%80%99osteria-dei-miracoli-in-valmorel\/"},"wordCount":137,"publisher":{"@id":"https:\/\/www.bellunopress.it\/#organization"},"articleSection":["Pausa Caff\u00e8"],"inLanguage":"fr-FR"},{"@type":"WebPage","@id":"https:\/\/www.bellunopress.it\/2010\/10\/04\/corso-di-cucina-2010-all%e2%80%99osteria-dei-miracoli-in-valmorel\/","url":"https:\/\/www.bellunopress.it\/2010\/10\/04\/corso-di-cucina-2010-all%e2%80%99osteria-dei-miracoli-in-valmorel\/","name":"Corso di cucina 2010 all\u2019Osteria dei Miracoli in Valmorel - Bellunopress - Dolomiti","isPartOf":{"@id":"https:\/\/www.bellunopress.it\/#website"},"datePublished":"2010-10-04T20:48:18+00:00","breadcrumb":{"@id":"https:\/\/www.bellunopress.it\/2010\/10\/04\/corso-di-cucina-2010-all%e2%80%99osteria-dei-miracoli-in-valmorel\/#breadcrumb"},"inLanguage":"fr-FR","potentialAction":[{"@type":"ReadAction","target":["https:\/\/www.bellunopress.it\/2010\/10\/04\/corso-di-cucina-2010-all%e2%80%99osteria-dei-miracoli-in-valmorel\/"]}]},{"@type":"BreadcrumbList","@id":"https:\/\/www.bellunopress.it\/2010\/10\/04\/corso-di-cucina-2010-all%e2%80%99osteria-dei-miracoli-in-valmorel\/#breadcrumb","itemListElement":[{"@type":"ListItem","position":1,"name":"Home","item":"https:\/\/www.bellunopress.it\/"},{"@type":"ListItem","position":2,"name":"Corso di cucina 2010 all\u2019Osteria dei Miracoli in Valmorel"}]},{"@type":"WebSite","@id":"https:\/\/www.bellunopress.it\/#website","url":"https:\/\/www.bellunopress.it\/","name":"Bellunopress - Dolomiti","description":"e-mail: redazione@bellunopress.it","publisher":{"@id":"https:\/\/www.bellunopress.it\/#organization"},"potentialAction":[{"@type":"SearchAction","target":{"@type":"EntryPoint","urlTemplate":"https:\/\/www.bellunopress.it\/?s={search_term_string}"},"query-input":{"@type":"PropertyValueSpecification","valueRequired":true,"valueName":"search_term_string"}}],"inLanguage":"fr-FR"},{"@type":"Organization","@id":"https:\/\/www.bellunopress.it\/#organization","name":"Bellunopress","url":"https:\/\/www.bellunopress.it\/","logo":{"@type":"ImageObject","inLanguage":"fr-FR","@id":"https:\/\/www.bellunopress.it\/#\/schema\/logo\/image\/","url":"https:\/\/www.bellunopress.it\/wp-content\/uploads\/2011\/05\/cropped-logo-bellunopress-.jpg","contentUrl":"https:\/\/www.bellunopress.it\/wp-content\/uploads\/2011\/05\/cropped-logo-bellunopress-.jpg","width":512,"height":512,"caption":"Bellunopress"},"image":{"@id":"https:\/\/www.bellunopress.it\/#\/schema\/logo\/image\/"},"sameAs":["https:\/\/www.facebook.com\/profile.php?id=100008943462799","https:\/\/x.com\/bellunopress","https:\/\/www.linkedin.com\/hp\/?dnr=JBzUWaJfMUw8vbXJJ2tVW5-I3jZKvC4wsoxE&amp;amp;amp;amp;amp;amp;trk=nav_responsive_tab_home","https:\/\/www.youtube.com\/channel\/UCxL0wu1uN0_3_7hGG0306cw"]},{"@type":"Person","@id":"https:\/\/www.bellunopress.it\/#\/schema\/person\/79bb06722b37ece1c03d3e94beb30d73","name":"r\u00e9daction","image":{"@type":"ImageObject","inLanguage":"fr-FR","@id":"https:\/\/secure.gravatar.com\/avatar\/37d968a2e67a6fd04c169c4bdef102d0bc5d31b2546345219e348575eb80e9a0?s=96&d=mm&r=g","url":"https:\/\/secure.gravatar.com\/avatar\/37d968a2e67a6fd04c169c4bdef102d0bc5d31b2546345219e348575eb80e9a0?s=96&d=mm&r=g","contentUrl":"https:\/\/secure.gravatar.com\/avatar\/37d968a2e67a6fd04c169c4bdef102d0bc5d31b2546345219e348575eb80e9a0?s=96&d=mm&r=g","caption":"redazione"},"sameAs":["http:\/\/www.bellunopress.it","https:\/\/x.com\/bellunopress"],"url":"https:\/\/www.bellunopress.it\/fr\/author\/redazione\/"}]}},"_links":{"self":[{"href":"https:\/\/www.bellunopress.it\/fr\/wp-json\/wp\/v2\/posts\/19841","targetHints":{"allow":["GET"]}}],"collection":[{"href":"https:\/\/www.bellunopress.it\/fr\/wp-json\/wp\/v2\/posts"}],"about":[{"href":"https:\/\/www.bellunopress.it\/fr\/wp-json\/wp\/v2\/types\/post"}],"author":[{"embeddable":true,"href":"https:\/\/www.bellunopress.it\/fr\/wp-json\/wp\/v2\/users\/2"}],"replies":[{"embeddable":true,"href":"https:\/\/www.bellunopress.it\/fr\/wp-json\/wp\/v2\/comments?post=19841"}],"version-history":[{"count":1,"href":"https:\/\/www.bellunopress.it\/fr\/wp-json\/wp\/v2\/posts\/19841\/revisions"}],"predecessor-version":[{"id":19842,"href":"https:\/\/www.bellunopress.it\/fr\/wp-json\/wp\/v2\/posts\/19841\/revisions\/19842"}],"wp:attachment":[{"href":"https:\/\/www.bellunopress.it\/fr\/wp-json\/wp\/v2\/media?parent=19841"}],"wp:term":[{"taxonomy":"category","embeddable":true,"href":"https:\/\/www.bellunopress.it\/fr\/wp-json\/wp\/v2\/categories?post=19841"},{"taxonomy":"post_tag","embeddable":true,"href":"https:\/\/www.bellunopress.it\/fr\/wp-json\/wp\/v2\/tags?post=19841"}],"curies":[{"name":"wp","href":"https:\/\/api.w.org\/{rel}","templated":true}]}}