{"id":19828,"date":"2010-10-04T21:20:22","date_gmt":"2010-10-04T20:20:22","guid":{"rendered":"http:\/\/www.bellunopress.it\/?p=19828"},"modified":"2010-10-04T21:20:22","modified_gmt":"2010-10-04T20:20:22","slug":"nasce-uil-polizia-il-primo-sindacato-di-polizia-aderente-ad-una-confederazione-sindacale-storica","status":"publish","type":"post","link":"https:\/\/www.bellunopress.it\/fr\/2010\/10\/04\/nasce-uil-polizia-il-primo-sindacato-di-polizia-aderente-ad-una-confederazione-sindacale-storica\/","title":{"rendered":"Nasce Uil Polizia, il primo Sindacato di Polizia aderente ad una Confederazione Sindacale storica"},"content":{"rendered":"<p><a href=\"http:\/\/www.bellunopress.it\/wp-content\/uploads\/2010\/10\/uil-polizia.jpg\"><img loading=\"lazy\" decoding=\"async\" class=\"alignleft size-medium wp-image-19829\" title=\"uil-polizia\" src=\"http:\/\/www.bellunopress.it\/wp-content\/uploads\/2010\/10\/uil-polizia.jpg\" alt=\"\" width=\"130\" height=\"129\" \/><\/a>\u201cUn importante passo avanti verso la conquista della pienezza dei diritti sindacali per i poliziotti\u201d. Cos\u00ec hanno definito oggi in una nota congiunta Oronzo Cosi e Sebastiano Di Luciano, rispettivamente segretario generale e segretario generale aggiunto della Uil Polizia. Il sindacato nasce dall\u2019unione della Uilps e del Sup come primo coronamento di un progetto che parte da lontano e si prefigge l\u2019ambizioso obiettivo di abbattere tutti i vincoli normativi che limitano il pieno esercizio dei diritti sindacali da parte dei lavoratori della Polizia di Stato. \u201cAppena nata la Uil Polizia assume immediatamente un ruolo di primissimo piano nel panorama sindacale della sicurezza anche perch\u00e9 \u00e8 la prima Organizzazione sindacale della Polizia di Stato che aderisce direttamente ad una confederazione sindacale storica, cos\u00ec come possono fare le organizzazioni sindacali di tutte le altre categorie e si prefigge come obiettivo la razionalizzazione della rappresentanza sindacale nel Comparto con l\u2019innalzamento della soglia di rappresentativit\u00e0\u201d.<br \/>\nGrande soddisfazione \u00e8 stata espressa dal Segretario generale della Uil, Luigi Angeletti:\u00a0\u201cE\u2019 un avvenimento a cui attribuiamo grande importanza \u2013 ha detto\u00a0&#8211; sar\u00e0 cos\u00ec possibile rafforzare la nostra iniziativa e il nostro impegno a tutela dei tanti lavoratori che garantiscono l\u2019ordine pubblico e la sicurezza dei cittadini\u201d.<\/p>","protected":false},"excerpt":{"rendered":"<p>\u201cUn importante passo avanti verso la conquista della pienezza dei diritti sindacali per i poliziotti\u201d. Cos\u00ec hanno definito oggi in una nota congiunta Oronzo Cosi e Sebastiano Di Luciano, rispettivamente segretario generale e segretario generale aggiunto della Uil Polizia. Il sindacato nasce dall\u2019unione della Uilps e del Sup come primo coronamento di un progetto che [&hellip;]<\/p>\n","protected":false},"author":2,"featured_media":0,"comment_status":"closed","ping_status":"open","sticky":false,"template":"","format":"standard","meta":{"footnotes":""},"categories":[5,26],"tags":[139],"class_list":["post-19828","post","type-post","status-publish","format-standard","category-cronaca","category-prima-pagina","tag-belluno"],"yoast_head":"<!-- This site is optimized with the Yoast SEO plugin v28.4 - https:\/\/yoast.com\/product\/yoast-seo-wordpress\/ -->\n<title>Nasce Uil Polizia, il primo Sindacato di Polizia aderente ad una Confederazione Sindacale storica  - Bellunopress - Dolomiti<\/title>\n<meta name=\"robots\" content=\"index, follow, max-snippet:-1, max-image-preview:large, max-video-preview:-1\" \/>\n<link rel=\"canonical\" href=\"https:\/\/www.bellunopress.it\/fr\/2010\/10\/04\/nasce-uil-polizia-il-primo-sindacato-di-polizia-aderente-ad-una-confederazione-sindacale-storica\/\" \/>\n<meta property=\"og:locale\" content=\"fr_FR\" \/>\n<meta property=\"og:type\" content=\"article\" \/>\n<meta property=\"og:title\" content=\"Nasce Uil Polizia, il primo Sindacato di Polizia aderente ad una Confederazione Sindacale storica  - Bellunopress - Dolomiti\" \/>\n<meta property=\"og:description\" content=\"\u201cUn importante passo avanti verso la conquista della pienezza dei diritti sindacali per i poliziotti\u201d. Cos\u00ec hanno definito oggi in una nota congiunta Oronzo Cosi e Sebastiano Di Luciano, rispettivamente segretario generale e segretario generale aggiunto della Uil Polizia. Il sindacato nasce dall\u2019unione della Uilps e del Sup come primo coronamento di un progetto che [&hellip;]\" \/>\n<meta property=\"og:url\" content=\"https:\/\/www.bellunopress.it\/fr\/2010\/10\/04\/nasce-uil-polizia-il-primo-sindacato-di-polizia-aderente-ad-una-confederazione-sindacale-storica\/\" \/>\n<meta property=\"og:site_name\" content=\"Bellunopress - Dolomiti\" \/>\n<meta property=\"article:publisher\" content=\"https:\/\/www.facebook.com\/profile.php?id=100008943462799\" \/>\n<meta property=\"article:published_time\" content=\"2010-10-04T20:20:22+00:00\" \/>\n<meta property=\"og:image\" content=\"http:\/\/www.bellunopress.it\/wp-content\/uploads\/2010\/10\/uil-polizia.jpg\" \/>\n<meta name=\"author\" content=\"redazione\" \/>\n<meta name=\"twitter:card\" content=\"summary_large_image\" \/>\n<meta name=\"twitter:creator\" content=\"@bellunopress\" \/>\n<meta name=\"twitter:site\" content=\"@bellunopress\" \/>\n<meta name=\"twitter:label1\" content=\"\u00c9crit par\" \/>\n\t<meta name=\"twitter:data1\" content=\"redazione\" \/>\n\t<meta name=\"twitter:label2\" content=\"Dur\u00e9e de lecture estim\u00e9e\" \/>\n\t<meta name=\"twitter:data2\" content=\"1 minute\" \/>\n<script type=\"application\/ld+json\" class=\"yoast-schema-graph\">{\"@context\":\"https:\\\/\\\/schema.org\",\"@graph\":[{\"@type\":\"Article\",\"@id\":\"https:\\\/\\\/www.bellunopress.it\\\/2010\\\/10\\\/04\\\/nasce-uil-polizia-il-primo-sindacato-di-polizia-aderente-ad-una-confederazione-sindacale-storica\\\/#article\",\"isPartOf\":{\"@id\":\"https:\\\/\\\/www.bellunopress.it\\\/2010\\\/10\\\/04\\\/nasce-uil-polizia-il-primo-sindacato-di-polizia-aderente-ad-una-confederazione-sindacale-storica\\\/\"},\"author\":{\"name\":\"redazione\",\"@id\":\"https:\\\/\\\/www.bellunopress.it\\\/#\\\/schema\\\/person\\\/79bb06722b37ece1c03d3e94beb30d73\"},\"headline\":\"Nasce Uil Polizia, il primo Sindacato di Polizia aderente ad una Confederazione Sindacale storica\",\"datePublished\":\"2010-10-04T20:20:22+00:00\",\"mainEntityOfPage\":{\"@id\":\"https:\\\/\\\/www.bellunopress.it\\\/2010\\\/10\\\/04\\\/nasce-uil-polizia-il-primo-sindacato-di-polizia-aderente-ad-una-confederazione-sindacale-storica\\\/\"},\"wordCount\":215,\"publisher\":{\"@id\":\"https:\\\/\\\/www.bellunopress.it\\\/#organization\"},\"image\":{\"@id\":\"https:\\\/\\\/www.bellunopress.it\\\/2010\\\/10\\\/04\\\/nasce-uil-polizia-il-primo-sindacato-di-polizia-aderente-ad-una-confederazione-sindacale-storica\\\/#primaryimage\"},\"thumbnailUrl\":\"http:\\\/\\\/www.bellunopress.it\\\/wp-content\\\/uploads\\\/2010\\\/10\\\/uil-polizia.jpg\",\"keywords\":[\"Belluno\"],\"articleSection\":[\"Cronaca\\\/Politica\",\"Prima Pagina\"],\"inLanguage\":\"fr-FR\"},{\"@type\":\"WebPage\",\"@id\":\"https:\\\/\\\/www.bellunopress.it\\\/2010\\\/10\\\/04\\\/nasce-uil-polizia-il-primo-sindacato-di-polizia-aderente-ad-una-confederazione-sindacale-storica\\\/\",\"url\":\"https:\\\/\\\/www.bellunopress.it\\\/2010\\\/10\\\/04\\\/nasce-uil-polizia-il-primo-sindacato-di-polizia-aderente-ad-una-confederazione-sindacale-storica\\\/\",\"name\":\"Nasce Uil Polizia, il primo Sindacato di Polizia aderente ad una Confederazione Sindacale storica - Bellunopress - Dolomiti\",\"isPartOf\":{\"@id\":\"https:\\\/\\\/www.bellunopress.it\\\/#website\"},\"primaryImageOfPage\":{\"@id\":\"https:\\\/\\\/www.bellunopress.it\\\/2010\\\/10\\\/04\\\/nasce-uil-polizia-il-primo-sindacato-di-polizia-aderente-ad-una-confederazione-sindacale-storica\\\/#primaryimage\"},\"image\":{\"@id\":\"https:\\\/\\\/www.bellunopress.it\\\/2010\\\/10\\\/04\\\/nasce-uil-polizia-il-primo-sindacato-di-polizia-aderente-ad-una-confederazione-sindacale-storica\\\/#primaryimage\"},\"thumbnailUrl\":\"http:\\\/\\\/www.bellunopress.it\\\/wp-content\\\/uploads\\\/2010\\\/10\\\/uil-polizia.jpg\",\"datePublished\":\"2010-10-04T20:20:22+00:00\",\"breadcrumb\":{\"@id\":\"https:\\\/\\\/www.bellunopress.it\\\/2010\\\/10\\\/04\\\/nasce-uil-polizia-il-primo-sindacato-di-polizia-aderente-ad-una-confederazione-sindacale-storica\\\/#breadcrumb\"},\"inLanguage\":\"fr-FR\",\"potentialAction\":[{\"@type\":\"ReadAction\",\"target\":[\"https:\\\/\\\/www.bellunopress.it\\\/2010\\\/10\\\/04\\\/nasce-uil-polizia-il-primo-sindacato-di-polizia-aderente-ad-una-confederazione-sindacale-storica\\\/\"]}]},{\"@type\":\"ImageObject\",\"inLanguage\":\"fr-FR\",\"@id\":\"https:\\\/\\\/www.bellunopress.it\\\/2010\\\/10\\\/04\\\/nasce-uil-polizia-il-primo-sindacato-di-polizia-aderente-ad-una-confederazione-sindacale-storica\\\/#primaryimage\",\"url\":\"http:\\\/\\\/www.bellunopress.it\\\/wp-content\\\/uploads\\\/2010\\\/10\\\/uil-polizia.jpg\",\"contentUrl\":\"http:\\\/\\\/www.bellunopress.it\\\/wp-content\\\/uploads\\\/2010\\\/10\\\/uil-polizia.jpg\"},{\"@type\":\"BreadcrumbList\",\"@id\":\"https:\\\/\\\/www.bellunopress.it\\\/2010\\\/10\\\/04\\\/nasce-uil-polizia-il-primo-sindacato-di-polizia-aderente-ad-una-confederazione-sindacale-storica\\\/#breadcrumb\",\"itemListElement\":[{\"@type\":\"ListItem\",\"position\":1,\"name\":\"Home\",\"item\":\"https:\\\/\\\/www.bellunopress.it\\\/\"},{\"@type\":\"ListItem\",\"position\":2,\"name\":\"Nasce Uil Polizia, il primo Sindacato di Polizia aderente ad una Confederazione Sindacale storica\"}]},{\"@type\":\"WebSite\",\"@id\":\"https:\\\/\\\/www.bellunopress.it\\\/#website\",\"url\":\"https:\\\/\\\/www.bellunopress.it\\\/\",\"name\":\"Bellunopress - Dolomiti\",\"description\":\"e-mail: redazione@bellunopress.it\",\"publisher\":{\"@id\":\"https:\\\/\\\/www.bellunopress.it\\\/#organization\"},\"potentialAction\":[{\"@type\":\"SearchAction\",\"target\":{\"@type\":\"EntryPoint\",\"urlTemplate\":\"https:\\\/\\\/www.bellunopress.it\\\/?s={search_term_string}\"},\"query-input\":{\"@type\":\"PropertyValueSpecification\",\"valueRequired\":true,\"valueName\":\"search_term_string\"}}],\"inLanguage\":\"fr-FR\"},{\"@type\":\"Organization\",\"@id\":\"https:\\\/\\\/www.bellunopress.it\\\/#organization\",\"name\":\"Bellunopress\",\"url\":\"https:\\\/\\\/www.bellunopress.it\\\/\",\"logo\":{\"@type\":\"ImageObject\",\"inLanguage\":\"fr-FR\",\"@id\":\"https:\\\/\\\/www.bellunopress.it\\\/#\\\/schema\\\/logo\\\/image\\\/\",\"url\":\"https:\\\/\\\/www.bellunopress.it\\\/wp-content\\\/uploads\\\/2011\\\/05\\\/cropped-logo-bellunopress-.jpg\",\"contentUrl\":\"https:\\\/\\\/www.bellunopress.it\\\/wp-content\\\/uploads\\\/2011\\\/05\\\/cropped-logo-bellunopress-.jpg\",\"width\":512,\"height\":512,\"caption\":\"Bellunopress\"},\"image\":{\"@id\":\"https:\\\/\\\/www.bellunopress.it\\\/#\\\/schema\\\/logo\\\/image\\\/\"},\"sameAs\":[\"https:\\\/\\\/www.facebook.com\\\/profile.php?id=100008943462799\",\"https:\\\/\\\/x.com\\\/bellunopress\",\"https:\\\/\\\/www.linkedin.com\\\/hp\\\/?dnr=JBzUWaJfMUw8vbXJJ2tVW5-I3jZKvC4wsoxE&amp;amp;amp;amp;amp;amp;trk=nav_responsive_tab_home\",\"https:\\\/\\\/www.youtube.com\\\/channel\\\/UCxL0wu1uN0_3_7hGG0306cw\"]},{\"@type\":\"Person\",\"@id\":\"https:\\\/\\\/www.bellunopress.it\\\/#\\\/schema\\\/person\\\/79bb06722b37ece1c03d3e94beb30d73\",\"name\":\"redazione\",\"image\":{\"@type\":\"ImageObject\",\"inLanguage\":\"fr-FR\",\"@id\":\"https:\\\/\\\/secure.gravatar.com\\\/avatar\\\/37d968a2e67a6fd04c169c4bdef102d0bc5d31b2546345219e348575eb80e9a0?s=96&d=mm&r=g\",\"url\":\"https:\\\/\\\/secure.gravatar.com\\\/avatar\\\/37d968a2e67a6fd04c169c4bdef102d0bc5d31b2546345219e348575eb80e9a0?s=96&d=mm&r=g\",\"contentUrl\":\"https:\\\/\\\/secure.gravatar.com\\\/avatar\\\/37d968a2e67a6fd04c169c4bdef102d0bc5d31b2546345219e348575eb80e9a0?s=96&d=mm&r=g\",\"caption\":\"redazione\"},\"sameAs\":[\"http:\\\/\\\/www.bellunopress.it\",\"https:\\\/\\\/x.com\\\/bellunopress\"],\"url\":\"https:\\\/\\\/www.bellunopress.it\\\/fr\\\/author\\\/redazione\\\/\"}]}<\/script>\n<!-- \/ Yoast SEO plugin. -->","yoast_head_json":{"title":"Nasce Uil Polizia, il primo Sindacato di Polizia aderente ad una Confederazione Sindacale storica  - Bellunopress - Dolomiti","robots":{"index":"index","follow":"follow","max-snippet":"max-snippet:-1","max-image-preview":"max-image-preview:large","max-video-preview":"max-video-preview:-1"},"canonical":"https:\/\/www.bellunopress.it\/fr\/2010\/10\/04\/nasce-uil-polizia-il-primo-sindacato-di-polizia-aderente-ad-una-confederazione-sindacale-storica\/","og_locale":"fr_FR","og_type":"article","og_title":"Nasce Uil Polizia, il primo Sindacato di Polizia aderente ad una Confederazione Sindacale storica  - Bellunopress - Dolomiti","og_description":"\u201cUn importante passo avanti verso la conquista della pienezza dei diritti sindacali per i poliziotti\u201d. Cos\u00ec hanno definito oggi in una nota congiunta Oronzo Cosi e Sebastiano Di Luciano, rispettivamente segretario generale e segretario generale aggiunto della Uil Polizia. Il sindacato nasce dall\u2019unione della Uilps e del Sup come primo coronamento di un progetto che [&hellip;]","og_url":"https:\/\/www.bellunopress.it\/fr\/2010\/10\/04\/nasce-uil-polizia-il-primo-sindacato-di-polizia-aderente-ad-una-confederazione-sindacale-storica\/","og_site_name":"Bellunopress - Dolomiti","article_publisher":"https:\/\/www.facebook.com\/profile.php?id=100008943462799","article_published_time":"2010-10-04T20:20:22+00:00","og_image":[{"url":"http:\/\/www.bellunopress.it\/wp-content\/uploads\/2010\/10\/uil-polizia.jpg","type":"","width":"","height":""}],"author":"redazione","twitter_card":"summary_large_image","twitter_creator":"@bellunopress","twitter_site":"@bellunopress","twitter_misc":{"\u00c9crit par":"redazione","Dur\u00e9e de lecture estim\u00e9e":"1 minute"},"schema":{"@context":"https:\/\/schema.org","@graph":[{"@type":"Article","@id":"https:\/\/www.bellunopress.it\/2010\/10\/04\/nasce-uil-polizia-il-primo-sindacato-di-polizia-aderente-ad-una-confederazione-sindacale-storica\/#article","isPartOf":{"@id":"https:\/\/www.bellunopress.it\/2010\/10\/04\/nasce-uil-polizia-il-primo-sindacato-di-polizia-aderente-ad-una-confederazione-sindacale-storica\/"},"author":{"name":"redazione","@id":"https:\/\/www.bellunopress.it\/#\/schema\/person\/79bb06722b37ece1c03d3e94beb30d73"},"headline":"Nasce Uil Polizia, il primo Sindacato di Polizia aderente ad una Confederazione Sindacale storica","datePublished":"2010-10-04T20:20:22+00:00","mainEntityOfPage":{"@id":"https:\/\/www.bellunopress.it\/2010\/10\/04\/nasce-uil-polizia-il-primo-sindacato-di-polizia-aderente-ad-una-confederazione-sindacale-storica\/"},"wordCount":215,"publisher":{"@id":"https:\/\/www.bellunopress.it\/#organization"},"image":{"@id":"https:\/\/www.bellunopress.it\/2010\/10\/04\/nasce-uil-polizia-il-primo-sindacato-di-polizia-aderente-ad-una-confederazione-sindacale-storica\/#primaryimage"},"thumbnailUrl":"http:\/\/www.bellunopress.it\/wp-content\/uploads\/2010\/10\/uil-polizia.jpg","keywords":["Belluno"],"articleSection":["Cronaca\/Politica","Prima Pagina"],"inLanguage":"fr-FR"},{"@type":"WebPage","@id":"https:\/\/www.bellunopress.it\/2010\/10\/04\/nasce-uil-polizia-il-primo-sindacato-di-polizia-aderente-ad-una-confederazione-sindacale-storica\/","url":"https:\/\/www.bellunopress.it\/2010\/10\/04\/nasce-uil-polizia-il-primo-sindacato-di-polizia-aderente-ad-una-confederazione-sindacale-storica\/","name":"Nasce Uil Polizia, il primo Sindacato di Polizia aderente ad una Confederazione Sindacale storica - Bellunopress - Dolomiti","isPartOf":{"@id":"https:\/\/www.bellunopress.it\/#website"},"primaryImageOfPage":{"@id":"https:\/\/www.bellunopress.it\/2010\/10\/04\/nasce-uil-polizia-il-primo-sindacato-di-polizia-aderente-ad-una-confederazione-sindacale-storica\/#primaryimage"},"image":{"@id":"https:\/\/www.bellunopress.it\/2010\/10\/04\/nasce-uil-polizia-il-primo-sindacato-di-polizia-aderente-ad-una-confederazione-sindacale-storica\/#primaryimage"},"thumbnailUrl":"http:\/\/www.bellunopress.it\/wp-content\/uploads\/2010\/10\/uil-polizia.jpg","datePublished":"2010-10-04T20:20:22+00:00","breadcrumb":{"@id":"https:\/\/www.bellunopress.it\/2010\/10\/04\/nasce-uil-polizia-il-primo-sindacato-di-polizia-aderente-ad-una-confederazione-sindacale-storica\/#breadcrumb"},"inLanguage":"fr-FR","potentialAction":[{"@type":"ReadAction","target":["https:\/\/www.bellunopress.it\/2010\/10\/04\/nasce-uil-polizia-il-primo-sindacato-di-polizia-aderente-ad-una-confederazione-sindacale-storica\/"]}]},{"@type":"ImageObject","inLanguage":"fr-FR","@id":"https:\/\/www.bellunopress.it\/2010\/10\/04\/nasce-uil-polizia-il-primo-sindacato-di-polizia-aderente-ad-una-confederazione-sindacale-storica\/#primaryimage","url":"http:\/\/www.bellunopress.it\/wp-content\/uploads\/2010\/10\/uil-polizia.jpg","contentUrl":"http:\/\/www.bellunopress.it\/wp-content\/uploads\/2010\/10\/uil-polizia.jpg"},{"@type":"BreadcrumbList","@id":"https:\/\/www.bellunopress.it\/2010\/10\/04\/nasce-uil-polizia-il-primo-sindacato-di-polizia-aderente-ad-una-confederazione-sindacale-storica\/#breadcrumb","itemListElement":[{"@type":"ListItem","position":1,"name":"Home","item":"https:\/\/www.bellunopress.it\/"},{"@type":"ListItem","position":2,"name":"Nasce Uil Polizia, il primo Sindacato di Polizia aderente ad una Confederazione Sindacale storica"}]},{"@type":"WebSite","@id":"https:\/\/www.bellunopress.it\/#website","url":"https:\/\/www.bellunopress.it\/","name":"Bellunopress - Dolomiti","description":"e-mail: redazione@bellunopress.it","publisher":{"@id":"https:\/\/www.bellunopress.it\/#organization"},"potentialAction":[{"@type":"SearchAction","target":{"@type":"EntryPoint","urlTemplate":"https:\/\/www.bellunopress.it\/?s={search_term_string}"},"query-input":{"@type":"PropertyValueSpecification","valueRequired":true,"valueName":"search_term_string"}}],"inLanguage":"fr-FR"},{"@type":"Organization","@id":"https:\/\/www.bellunopress.it\/#organization","name":"Bellunopress","url":"https:\/\/www.bellunopress.it\/","logo":{"@type":"ImageObject","inLanguage":"fr-FR","@id":"https:\/\/www.bellunopress.it\/#\/schema\/logo\/image\/","url":"https:\/\/www.bellunopress.it\/wp-content\/uploads\/2011\/05\/cropped-logo-bellunopress-.jpg","contentUrl":"https:\/\/www.bellunopress.it\/wp-content\/uploads\/2011\/05\/cropped-logo-bellunopress-.jpg","width":512,"height":512,"caption":"Bellunopress"},"image":{"@id":"https:\/\/www.bellunopress.it\/#\/schema\/logo\/image\/"},"sameAs":["https:\/\/www.facebook.com\/profile.php?id=100008943462799","https:\/\/x.com\/bellunopress","https:\/\/www.linkedin.com\/hp\/?dnr=JBzUWaJfMUw8vbXJJ2tVW5-I3jZKvC4wsoxE&amp;amp;amp;amp;amp;amp;trk=nav_responsive_tab_home","https:\/\/www.youtube.com\/channel\/UCxL0wu1uN0_3_7hGG0306cw"]},{"@type":"Person","@id":"https:\/\/www.bellunopress.it\/#\/schema\/person\/79bb06722b37ece1c03d3e94beb30d73","name":"r\u00e9daction","image":{"@type":"ImageObject","inLanguage":"fr-FR","@id":"https:\/\/secure.gravatar.com\/avatar\/37d968a2e67a6fd04c169c4bdef102d0bc5d31b2546345219e348575eb80e9a0?s=96&d=mm&r=g","url":"https:\/\/secure.gravatar.com\/avatar\/37d968a2e67a6fd04c169c4bdef102d0bc5d31b2546345219e348575eb80e9a0?s=96&d=mm&r=g","contentUrl":"https:\/\/secure.gravatar.com\/avatar\/37d968a2e67a6fd04c169c4bdef102d0bc5d31b2546345219e348575eb80e9a0?s=96&d=mm&r=g","caption":"redazione"},"sameAs":["http:\/\/www.bellunopress.it","https:\/\/x.com\/bellunopress"],"url":"https:\/\/www.bellunopress.it\/fr\/author\/redazione\/"}]}},"_links":{"self":[{"href":"https:\/\/www.bellunopress.it\/fr\/wp-json\/wp\/v2\/posts\/19828","targetHints":{"allow":["GET"]}}],"collection":[{"href":"https:\/\/www.bellunopress.it\/fr\/wp-json\/wp\/v2\/posts"}],"about":[{"href":"https:\/\/www.bellunopress.it\/fr\/wp-json\/wp\/v2\/types\/post"}],"author":[{"embeddable":true,"href":"https:\/\/www.bellunopress.it\/fr\/wp-json\/wp\/v2\/users\/2"}],"replies":[{"embeddable":true,"href":"https:\/\/www.bellunopress.it\/fr\/wp-json\/wp\/v2\/comments?post=19828"}],"version-history":[{"count":1,"href":"https:\/\/www.bellunopress.it\/fr\/wp-json\/wp\/v2\/posts\/19828\/revisions"}],"predecessor-version":[{"id":19830,"href":"https:\/\/www.bellunopress.it\/fr\/wp-json\/wp\/v2\/posts\/19828\/revisions\/19830"}],"wp:attachment":[{"href":"https:\/\/www.bellunopress.it\/fr\/wp-json\/wp\/v2\/media?parent=19828"}],"wp:term":[{"taxonomy":"category","embeddable":true,"href":"https:\/\/www.bellunopress.it\/fr\/wp-json\/wp\/v2\/categories?post=19828"},{"taxonomy":"post_tag","embeddable":true,"href":"https:\/\/www.bellunopress.it\/fr\/wp-json\/wp\/v2\/tags?post=19828"}],"curies":[{"name":"wp","href":"https:\/\/api.w.org\/{rel}","templated":true}]}}