{"id":19824,"date":"2010-10-04T19:38:44","date_gmt":"2010-10-04T18:38:44","guid":{"rendered":"http:\/\/www.bellunopress.it\/?p=19824"},"modified":"2010-10-04T19:38:44","modified_gmt":"2010-10-04T18:38:44","slug":"lo-schioppo-a-vento-dellorologiaio-ampezzano-bartolomeo-girardoni-tanto-odiato-da-napoleone","status":"publish","type":"post","link":"https:\/\/www.bellunopress.it\/fr\/2010\/10\/04\/lo-schioppo-a-vento-dellorologiaio-ampezzano-bartolomeo-girardoni-tanto-odiato-da-napoleone\/","title":{"rendered":"Lo schioppo a vento dell&#8217;orologiaio ampezzano Bartolomeo Girardoni, tanto odiato da Napoleone"},"content":{"rendered":"<p><a href=\"http:\/\/www.bellunopress.it\/wp-content\/uploads\/2010\/10\/fucile-gilardoni-290x59.jpg\"><img loading=\"lazy\" decoding=\"async\" class=\"alignleft size-medium wp-image-19825\" title=\"fucile-gilardoni-290x59\" src=\"http:\/\/www.bellunopress.it\/wp-content\/uploads\/2010\/10\/fucile-gilardoni-290x59.jpg\" alt=\"\" width=\"290\" height=\"59\" \/><\/a>Nell\u2019Europa del \u2018700, armata di fucili ad avancarica a canna liscia di grosso calibro con accensione a pietra, Bartolomeo Girardoni (in taluni testi anche Gilardoni, Girandoni o Gilardini) orologiaio ed inventore ampezzano (nato il 30 maggio del 1744 o nel 1706 secondo lo scrittore Ezio Malatesta e morto a Panzing, un sobborgo di Vienna il 21 marzo 1799) intuisce le potenzialit\u00e0 dell\u2019aria compressa e d\u00e0 vita all\u2019audace progetto del cosiddetto \u201cSchioppo a vento\u201d. Un geniale ed originale fucile a ripetizione costruito in due versioni, quella militare calibro 10,5 mm e quella civile in 13 mm. Il principio di funzionamento, peraltro gi\u00e0 conosciuto sin dal III secolo a.C. da Klesibos di Alessandria e successivamente studiato anche da Leonardo da Vinci, \u00e8 lo stesso di quello in uso ancor oggi nelle moderne armi sportive a gas. L\u2019aria compressa era caricata alla pressione di 200 atmosfere in apposite bombole intercambiabili ricoperte di cuoio e avvitate, che facevano anche da calcio al fucile. La versione militare denominata Repetierwindb\u00fcchse M 1780 era lunga 122 cm e pesava 4,5 Kg. ed era dotata di due bombole cariche pronte all\u2019uso, fornite con una borsa in cuoio contenente accessori per la ricarica dell\u2019aria e per la fusione delle palle in piombo. Il caricatore conteneva 20 palle ed era costituito da un tubo affiancato alla canna ottagonale, in acciaio brunito a 12 rigature. Per sparare era sufficiente armare il cane e premere il grilletto, si azionava cos\u00ec una valvola che liberava un getto d\u2019aria capace di spingere la palla ad una gittata utile di 110 metri. Questo almeno per i primi dieci colpi, dopodich\u00e9 la pressione del serbatoio diminuiva e conseguentemente anche la potenza del proiettile e la gittata calavano. Dopo lo sparo, era sufficiente far scorrere trasversalmente l\u2019otturatore ed una nuova palla si posizionava in canna pronta al fuoco. Al fucile Girardoni va riconosciuto il primato di esser stata la prima arma ad aria compressa in dotazione ad un esercito. Fucili che avevano l\u2019indubbio vantaggio di essere silenziosi, e soprattutto non rivelavano la posizione del tiratore con fiamme e fumo e non oscuravano la visuale nei campi di battaglia come quelli ad avancarica. L\u2019invenzione, secondo il Malatesta, venne presentata all\u2019imperatrice Maria Teresa nel 1730, mentre, secondo la ricostruzione e la bibliografia del Museo delle Regole di Cortina d\u2019Ampezzo, che conserva un esemplare civile dell\u2019arma, il Girardoni diede il via alla produzione di un migliaio di fucili ad aria compressa a partire dal 1780 fino al 1787. I singolari fucili, apprezzati per essere \u201csenza rumore, senza fumo e con poco rinculo\u201d, ricevettero il battesimo di fuoco nella guerra alla Turchia del 1788. Nel 1789 l\u2019imperatore Giuseppe II d\u2019Asburgo ne ordin\u00f2 l\u2019adozione e l\u2019anno dopo nel 1790 Leopoldo II succedutogli, istitu\u00ec gli Jaeger, il corpo di tiratori scelti Tirolesi dotati del fucile Girardoni. Ma nel 1801, il nuovo imperatore Francesco II dismise il fucile Girardoni ritenendolo eccessivamente delicato per l\u2019uso militare. L\u2019arma, infatti, era piuttosto complessa e macchinosa, lenta nella ricarica dei serbatoi ed aveva una portata utile ridotta. La leggenda racconta che la fine dell\u2019arma fu decretata anche per la dichiarazione di Napoleone, che minacci\u00f2 di far impiccare i soldati austriaci sorpresi a far uso di quell\u2019arma \u201csleale\u201d. Ed \u00e8 sempre la leggenda che riferisce dell\u2019ira di Napoleone colpito ad un piede da una palla silenziosa di un fucile Girardoni durante i combattimenti della II campagna contro l\u2019Austria a Ratisbona nel 1809. Oggi un esemplare del Girardoni militare \u00e8 conservato al Museo storico nazionale di artiglieria di Torino, mentre alcune versioni civili a canna corta, sono custodite a Castel Sant\u2019Angelo in Roma, nei Musei delle armi di Londra e Pietroburgo e al Museo d\u2019arte e di storia di Vienna.<br \/>\nRoberto De Nart<\/p>","protected":false},"excerpt":{"rendered":"<p>Nell\u2019Europa del \u2018700, armata di fucili ad avancarica a canna liscia di grosso calibro con accensione a pietra, Bartolomeo Girardoni (in taluni testi anche Gilardoni, Girandoni o Gilardini) orologiaio ed inventore ampezzano (nato il 30 maggio del 1744 o nel 1706 secondo lo scrittore Ezio Malatesta e morto a Panzing, un sobborgo di Vienna il [&hellip;]<\/p>\n","protected":false},"author":2,"featured_media":0,"comment_status":"closed","ping_status":"open","sticky":false,"template":"","format":"standard","meta":{"footnotes":""},"categories":[49,26],"tags":[2191,2190,2188,2189],"class_list":["post-19824","post","type-post","status-publish","format-standard","category-speciali","category-prima-pagina","tag-fucile-aria-compressa","tag-gilardini","tag-gilardoni","tag-girandoni"],"yoast_head":"<!-- This site is optimized with the Yoast SEO plugin v28.4 - https:\/\/yoast.com\/product\/yoast-seo-wordpress\/ -->\n<title>Lo schioppo a vento dell&#039;orologiaio ampezzano Bartolomeo Girardoni, tanto odiato da Napoleone  - Bellunopress - Dolomiti<\/title>\n<meta name=\"robots\" content=\"index, follow, max-snippet:-1, max-image-preview:large, max-video-preview:-1\" \/>\n<link rel=\"canonical\" href=\"https:\/\/www.bellunopress.it\/fr\/2010\/10\/04\/lo-schioppo-a-vento-dellorologiaio-ampezzano-bartolomeo-girardoni-tanto-odiato-da-napoleone\/\" \/>\n<meta property=\"og:locale\" content=\"fr_FR\" \/>\n<meta property=\"og:type\" content=\"article\" \/>\n<meta property=\"og:title\" content=\"Lo schioppo a vento dell&#039;orologiaio ampezzano Bartolomeo Girardoni, tanto odiato da Napoleone  - Bellunopress - Dolomiti\" \/>\n<meta property=\"og:description\" content=\"Nell\u2019Europa del \u2018700, armata di fucili ad avancarica a canna liscia di grosso calibro con accensione a pietra, Bartolomeo Girardoni (in taluni testi anche Gilardoni, Girandoni o Gilardini) orologiaio ed inventore ampezzano (nato il 30 maggio del 1744 o nel 1706 secondo lo scrittore Ezio Malatesta e morto a Panzing, un sobborgo di Vienna il [&hellip;]\" \/>\n<meta property=\"og:url\" content=\"https:\/\/www.bellunopress.it\/fr\/2010\/10\/04\/lo-schioppo-a-vento-dellorologiaio-ampezzano-bartolomeo-girardoni-tanto-odiato-da-napoleone\/\" \/>\n<meta property=\"og:site_name\" content=\"Bellunopress - Dolomiti\" \/>\n<meta property=\"article:publisher\" content=\"https:\/\/www.facebook.com\/profile.php?id=100008943462799\" \/>\n<meta property=\"article:published_time\" content=\"2010-10-04T18:38:44+00:00\" \/>\n<meta property=\"og:image\" content=\"http:\/\/www.bellunopress.it\/wp-content\/uploads\/2010\/10\/fucile-gilardoni-290x59.jpg\" \/>\n<meta name=\"author\" content=\"redazione\" \/>\n<meta name=\"twitter:card\" content=\"summary_large_image\" \/>\n<meta name=\"twitter:creator\" content=\"@bellunopress\" \/>\n<meta name=\"twitter:site\" content=\"@bellunopress\" \/>\n<meta name=\"twitter:label1\" content=\"\u00c9crit par\" \/>\n\t<meta name=\"twitter:data1\" content=\"redazione\" \/>\n\t<meta name=\"twitter:label2\" content=\"Dur\u00e9e de lecture estim\u00e9e\" \/>\n\t<meta name=\"twitter:data2\" content=\"3 minutes\" \/>\n<script type=\"application\/ld+json\" class=\"yoast-schema-graph\">{\"@context\":\"https:\\\/\\\/schema.org\",\"@graph\":[{\"@type\":\"Article\",\"@id\":\"https:\\\/\\\/www.bellunopress.it\\\/2010\\\/10\\\/04\\\/lo-schioppo-a-vento-dellorologiaio-ampezzano-bartolomeo-girardoni-tanto-odiato-da-napoleone\\\/#article\",\"isPartOf\":{\"@id\":\"https:\\\/\\\/www.bellunopress.it\\\/2010\\\/10\\\/04\\\/lo-schioppo-a-vento-dellorologiaio-ampezzano-bartolomeo-girardoni-tanto-odiato-da-napoleone\\\/\"},\"author\":{\"name\":\"redazione\",\"@id\":\"https:\\\/\\\/www.bellunopress.it\\\/#\\\/schema\\\/person\\\/79bb06722b37ece1c03d3e94beb30d73\"},\"headline\":\"Lo schioppo a vento dell&#8217;orologiaio ampezzano Bartolomeo Girardoni, tanto odiato da Napoleone\",\"datePublished\":\"2010-10-04T18:38:44+00:00\",\"mainEntityOfPage\":{\"@id\":\"https:\\\/\\\/www.bellunopress.it\\\/2010\\\/10\\\/04\\\/lo-schioppo-a-vento-dellorologiaio-ampezzano-bartolomeo-girardoni-tanto-odiato-da-napoleone\\\/\"},\"wordCount\":627,\"publisher\":{\"@id\":\"https:\\\/\\\/www.bellunopress.it\\\/#organization\"},\"image\":{\"@id\":\"https:\\\/\\\/www.bellunopress.it\\\/2010\\\/10\\\/04\\\/lo-schioppo-a-vento-dellorologiaio-ampezzano-bartolomeo-girardoni-tanto-odiato-da-napoleone\\\/#primaryimage\"},\"thumbnailUrl\":\"http:\\\/\\\/www.bellunopress.it\\\/wp-content\\\/uploads\\\/2010\\\/10\\\/fucile-gilardoni-290x59.jpg\",\"keywords\":[\"fucile aria compressa\",\"Gilardini\",\"Gilardoni\",\"Girandoni\"],\"articleSection\":[\"Gli speciali di Bellunopress\",\"Prima Pagina\"],\"inLanguage\":\"fr-FR\"},{\"@type\":\"WebPage\",\"@id\":\"https:\\\/\\\/www.bellunopress.it\\\/2010\\\/10\\\/04\\\/lo-schioppo-a-vento-dellorologiaio-ampezzano-bartolomeo-girardoni-tanto-odiato-da-napoleone\\\/\",\"url\":\"https:\\\/\\\/www.bellunopress.it\\\/2010\\\/10\\\/04\\\/lo-schioppo-a-vento-dellorologiaio-ampezzano-bartolomeo-girardoni-tanto-odiato-da-napoleone\\\/\",\"name\":\"Lo schioppo a vento dell'orologiaio ampezzano Bartolomeo Girardoni, tanto odiato da Napoleone - Bellunopress - Dolomiti\",\"isPartOf\":{\"@id\":\"https:\\\/\\\/www.bellunopress.it\\\/#website\"},\"primaryImageOfPage\":{\"@id\":\"https:\\\/\\\/www.bellunopress.it\\\/2010\\\/10\\\/04\\\/lo-schioppo-a-vento-dellorologiaio-ampezzano-bartolomeo-girardoni-tanto-odiato-da-napoleone\\\/#primaryimage\"},\"image\":{\"@id\":\"https:\\\/\\\/www.bellunopress.it\\\/2010\\\/10\\\/04\\\/lo-schioppo-a-vento-dellorologiaio-ampezzano-bartolomeo-girardoni-tanto-odiato-da-napoleone\\\/#primaryimage\"},\"thumbnailUrl\":\"http:\\\/\\\/www.bellunopress.it\\\/wp-content\\\/uploads\\\/2010\\\/10\\\/fucile-gilardoni-290x59.jpg\",\"datePublished\":\"2010-10-04T18:38:44+00:00\",\"breadcrumb\":{\"@id\":\"https:\\\/\\\/www.bellunopress.it\\\/2010\\\/10\\\/04\\\/lo-schioppo-a-vento-dellorologiaio-ampezzano-bartolomeo-girardoni-tanto-odiato-da-napoleone\\\/#breadcrumb\"},\"inLanguage\":\"fr-FR\",\"potentialAction\":[{\"@type\":\"ReadAction\",\"target\":[\"https:\\\/\\\/www.bellunopress.it\\\/2010\\\/10\\\/04\\\/lo-schioppo-a-vento-dellorologiaio-ampezzano-bartolomeo-girardoni-tanto-odiato-da-napoleone\\\/\"]}]},{\"@type\":\"ImageObject\",\"inLanguage\":\"fr-FR\",\"@id\":\"https:\\\/\\\/www.bellunopress.it\\\/2010\\\/10\\\/04\\\/lo-schioppo-a-vento-dellorologiaio-ampezzano-bartolomeo-girardoni-tanto-odiato-da-napoleone\\\/#primaryimage\",\"url\":\"http:\\\/\\\/www.bellunopress.it\\\/wp-content\\\/uploads\\\/2010\\\/10\\\/fucile-gilardoni-290x59.jpg\",\"contentUrl\":\"http:\\\/\\\/www.bellunopress.it\\\/wp-content\\\/uploads\\\/2010\\\/10\\\/fucile-gilardoni-290x59.jpg\"},{\"@type\":\"BreadcrumbList\",\"@id\":\"https:\\\/\\\/www.bellunopress.it\\\/2010\\\/10\\\/04\\\/lo-schioppo-a-vento-dellorologiaio-ampezzano-bartolomeo-girardoni-tanto-odiato-da-napoleone\\\/#breadcrumb\",\"itemListElement\":[{\"@type\":\"ListItem\",\"position\":1,\"name\":\"Home\",\"item\":\"https:\\\/\\\/www.bellunopress.it\\\/\"},{\"@type\":\"ListItem\",\"position\":2,\"name\":\"Lo schioppo a vento dell&#8217;orologiaio ampezzano Bartolomeo Girardoni, tanto odiato da Napoleone\"}]},{\"@type\":\"WebSite\",\"@id\":\"https:\\\/\\\/www.bellunopress.it\\\/#website\",\"url\":\"https:\\\/\\\/www.bellunopress.it\\\/\",\"name\":\"Bellunopress - Dolomiti\",\"description\":\"e-mail: redazione@bellunopress.it\",\"publisher\":{\"@id\":\"https:\\\/\\\/www.bellunopress.it\\\/#organization\"},\"potentialAction\":[{\"@type\":\"SearchAction\",\"target\":{\"@type\":\"EntryPoint\",\"urlTemplate\":\"https:\\\/\\\/www.bellunopress.it\\\/?s={search_term_string}\"},\"query-input\":{\"@type\":\"PropertyValueSpecification\",\"valueRequired\":true,\"valueName\":\"search_term_string\"}}],\"inLanguage\":\"fr-FR\"},{\"@type\":\"Organization\",\"@id\":\"https:\\\/\\\/www.bellunopress.it\\\/#organization\",\"name\":\"Bellunopress\",\"url\":\"https:\\\/\\\/www.bellunopress.it\\\/\",\"logo\":{\"@type\":\"ImageObject\",\"inLanguage\":\"fr-FR\",\"@id\":\"https:\\\/\\\/www.bellunopress.it\\\/#\\\/schema\\\/logo\\\/image\\\/\",\"url\":\"https:\\\/\\\/www.bellunopress.it\\\/wp-content\\\/uploads\\\/2011\\\/05\\\/cropped-logo-bellunopress-.jpg\",\"contentUrl\":\"https:\\\/\\\/www.bellunopress.it\\\/wp-content\\\/uploads\\\/2011\\\/05\\\/cropped-logo-bellunopress-.jpg\",\"width\":512,\"height\":512,\"caption\":\"Bellunopress\"},\"image\":{\"@id\":\"https:\\\/\\\/www.bellunopress.it\\\/#\\\/schema\\\/logo\\\/image\\\/\"},\"sameAs\":[\"https:\\\/\\\/www.facebook.com\\\/profile.php?id=100008943462799\",\"https:\\\/\\\/x.com\\\/bellunopress\",\"https:\\\/\\\/www.linkedin.com\\\/hp\\\/?dnr=JBzUWaJfMUw8vbXJJ2tVW5-I3jZKvC4wsoxE&amp;amp;amp;amp;amp;amp;trk=nav_responsive_tab_home\",\"https:\\\/\\\/www.youtube.com\\\/channel\\\/UCxL0wu1uN0_3_7hGG0306cw\"]},{\"@type\":\"Person\",\"@id\":\"https:\\\/\\\/www.bellunopress.it\\\/#\\\/schema\\\/person\\\/79bb06722b37ece1c03d3e94beb30d73\",\"name\":\"redazione\",\"image\":{\"@type\":\"ImageObject\",\"inLanguage\":\"fr-FR\",\"@id\":\"https:\\\/\\\/secure.gravatar.com\\\/avatar\\\/37d968a2e67a6fd04c169c4bdef102d0bc5d31b2546345219e348575eb80e9a0?s=96&d=mm&r=g\",\"url\":\"https:\\\/\\\/secure.gravatar.com\\\/avatar\\\/37d968a2e67a6fd04c169c4bdef102d0bc5d31b2546345219e348575eb80e9a0?s=96&d=mm&r=g\",\"contentUrl\":\"https:\\\/\\\/secure.gravatar.com\\\/avatar\\\/37d968a2e67a6fd04c169c4bdef102d0bc5d31b2546345219e348575eb80e9a0?s=96&d=mm&r=g\",\"caption\":\"redazione\"},\"sameAs\":[\"http:\\\/\\\/www.bellunopress.it\",\"https:\\\/\\\/x.com\\\/bellunopress\"],\"url\":\"https:\\\/\\\/www.bellunopress.it\\\/fr\\\/author\\\/redazione\\\/\"}]}<\/script>\n<!-- \/ Yoast SEO plugin. -->","yoast_head_json":{"title":"Lo schioppo a vento dell'orologiaio ampezzano Bartolomeo Girardoni, tanto odiato da Napoleone  - Bellunopress - Dolomiti","robots":{"index":"index","follow":"follow","max-snippet":"max-snippet:-1","max-image-preview":"max-image-preview:large","max-video-preview":"max-video-preview:-1"},"canonical":"https:\/\/www.bellunopress.it\/fr\/2010\/10\/04\/lo-schioppo-a-vento-dellorologiaio-ampezzano-bartolomeo-girardoni-tanto-odiato-da-napoleone\/","og_locale":"fr_FR","og_type":"article","og_title":"Lo schioppo a vento dell'orologiaio ampezzano Bartolomeo Girardoni, tanto odiato da Napoleone  - Bellunopress - Dolomiti","og_description":"Nell\u2019Europa del \u2018700, armata di fucili ad avancarica a canna liscia di grosso calibro con accensione a pietra, Bartolomeo Girardoni (in taluni testi anche Gilardoni, Girandoni o Gilardini) orologiaio ed inventore ampezzano (nato il 30 maggio del 1744 o nel 1706 secondo lo scrittore Ezio Malatesta e morto a Panzing, un sobborgo di Vienna il [&hellip;]","og_url":"https:\/\/www.bellunopress.it\/fr\/2010\/10\/04\/lo-schioppo-a-vento-dellorologiaio-ampezzano-bartolomeo-girardoni-tanto-odiato-da-napoleone\/","og_site_name":"Bellunopress - Dolomiti","article_publisher":"https:\/\/www.facebook.com\/profile.php?id=100008943462799","article_published_time":"2010-10-04T18:38:44+00:00","og_image":[{"url":"http:\/\/www.bellunopress.it\/wp-content\/uploads\/2010\/10\/fucile-gilardoni-290x59.jpg","type":"","width":"","height":""}],"author":"redazione","twitter_card":"summary_large_image","twitter_creator":"@bellunopress","twitter_site":"@bellunopress","twitter_misc":{"\u00c9crit par":"redazione","Dur\u00e9e de lecture estim\u00e9e":"3 minutes"},"schema":{"@context":"https:\/\/schema.org","@graph":[{"@type":"Article","@id":"https:\/\/www.bellunopress.it\/2010\/10\/04\/lo-schioppo-a-vento-dellorologiaio-ampezzano-bartolomeo-girardoni-tanto-odiato-da-napoleone\/#article","isPartOf":{"@id":"https:\/\/www.bellunopress.it\/2010\/10\/04\/lo-schioppo-a-vento-dellorologiaio-ampezzano-bartolomeo-girardoni-tanto-odiato-da-napoleone\/"},"author":{"name":"redazione","@id":"https:\/\/www.bellunopress.it\/#\/schema\/person\/79bb06722b37ece1c03d3e94beb30d73"},"headline":"Lo schioppo a vento dell&#8217;orologiaio ampezzano Bartolomeo Girardoni, tanto odiato da Napoleone","datePublished":"2010-10-04T18:38:44+00:00","mainEntityOfPage":{"@id":"https:\/\/www.bellunopress.it\/2010\/10\/04\/lo-schioppo-a-vento-dellorologiaio-ampezzano-bartolomeo-girardoni-tanto-odiato-da-napoleone\/"},"wordCount":627,"publisher":{"@id":"https:\/\/www.bellunopress.it\/#organization"},"image":{"@id":"https:\/\/www.bellunopress.it\/2010\/10\/04\/lo-schioppo-a-vento-dellorologiaio-ampezzano-bartolomeo-girardoni-tanto-odiato-da-napoleone\/#primaryimage"},"thumbnailUrl":"http:\/\/www.bellunopress.it\/wp-content\/uploads\/2010\/10\/fucile-gilardoni-290x59.jpg","keywords":["fucile aria compressa","Gilardini","Gilardoni","Girandoni"],"articleSection":["Gli speciali di Bellunopress","Prima Pagina"],"inLanguage":"fr-FR"},{"@type":"WebPage","@id":"https:\/\/www.bellunopress.it\/2010\/10\/04\/lo-schioppo-a-vento-dellorologiaio-ampezzano-bartolomeo-girardoni-tanto-odiato-da-napoleone\/","url":"https:\/\/www.bellunopress.it\/2010\/10\/04\/lo-schioppo-a-vento-dellorologiaio-ampezzano-bartolomeo-girardoni-tanto-odiato-da-napoleone\/","name":"Lo schioppo a vento dell'orologiaio ampezzano Bartolomeo Girardoni, tanto odiato da Napoleone - Bellunopress - Dolomiti","isPartOf":{"@id":"https:\/\/www.bellunopress.it\/#website"},"primaryImageOfPage":{"@id":"https:\/\/www.bellunopress.it\/2010\/10\/04\/lo-schioppo-a-vento-dellorologiaio-ampezzano-bartolomeo-girardoni-tanto-odiato-da-napoleone\/#primaryimage"},"image":{"@id":"https:\/\/www.bellunopress.it\/2010\/10\/04\/lo-schioppo-a-vento-dellorologiaio-ampezzano-bartolomeo-girardoni-tanto-odiato-da-napoleone\/#primaryimage"},"thumbnailUrl":"http:\/\/www.bellunopress.it\/wp-content\/uploads\/2010\/10\/fucile-gilardoni-290x59.jpg","datePublished":"2010-10-04T18:38:44+00:00","breadcrumb":{"@id":"https:\/\/www.bellunopress.it\/2010\/10\/04\/lo-schioppo-a-vento-dellorologiaio-ampezzano-bartolomeo-girardoni-tanto-odiato-da-napoleone\/#breadcrumb"},"inLanguage":"fr-FR","potentialAction":[{"@type":"ReadAction","target":["https:\/\/www.bellunopress.it\/2010\/10\/04\/lo-schioppo-a-vento-dellorologiaio-ampezzano-bartolomeo-girardoni-tanto-odiato-da-napoleone\/"]}]},{"@type":"ImageObject","inLanguage":"fr-FR","@id":"https:\/\/www.bellunopress.it\/2010\/10\/04\/lo-schioppo-a-vento-dellorologiaio-ampezzano-bartolomeo-girardoni-tanto-odiato-da-napoleone\/#primaryimage","url":"http:\/\/www.bellunopress.it\/wp-content\/uploads\/2010\/10\/fucile-gilardoni-290x59.jpg","contentUrl":"http:\/\/www.bellunopress.it\/wp-content\/uploads\/2010\/10\/fucile-gilardoni-290x59.jpg"},{"@type":"BreadcrumbList","@id":"https:\/\/www.bellunopress.it\/2010\/10\/04\/lo-schioppo-a-vento-dellorologiaio-ampezzano-bartolomeo-girardoni-tanto-odiato-da-napoleone\/#breadcrumb","itemListElement":[{"@type":"ListItem","position":1,"name":"Home","item":"https:\/\/www.bellunopress.it\/"},{"@type":"ListItem","position":2,"name":"Lo schioppo a vento dell&#8217;orologiaio ampezzano Bartolomeo Girardoni, tanto odiato da Napoleone"}]},{"@type":"WebSite","@id":"https:\/\/www.bellunopress.it\/#website","url":"https:\/\/www.bellunopress.it\/","name":"Bellunopress - Dolomiti","description":"e-mail: redazione@bellunopress.it","publisher":{"@id":"https:\/\/www.bellunopress.it\/#organization"},"potentialAction":[{"@type":"SearchAction","target":{"@type":"EntryPoint","urlTemplate":"https:\/\/www.bellunopress.it\/?s={search_term_string}"},"query-input":{"@type":"PropertyValueSpecification","valueRequired":true,"valueName":"search_term_string"}}],"inLanguage":"fr-FR"},{"@type":"Organization","@id":"https:\/\/www.bellunopress.it\/#organization","name":"Bellunopress","url":"https:\/\/www.bellunopress.it\/","logo":{"@type":"ImageObject","inLanguage":"fr-FR","@id":"https:\/\/www.bellunopress.it\/#\/schema\/logo\/image\/","url":"https:\/\/www.bellunopress.it\/wp-content\/uploads\/2011\/05\/cropped-logo-bellunopress-.jpg","contentUrl":"https:\/\/www.bellunopress.it\/wp-content\/uploads\/2011\/05\/cropped-logo-bellunopress-.jpg","width":512,"height":512,"caption":"Bellunopress"},"image":{"@id":"https:\/\/www.bellunopress.it\/#\/schema\/logo\/image\/"},"sameAs":["https:\/\/www.facebook.com\/profile.php?id=100008943462799","https:\/\/x.com\/bellunopress","https:\/\/www.linkedin.com\/hp\/?dnr=JBzUWaJfMUw8vbXJJ2tVW5-I3jZKvC4wsoxE&amp;amp;amp;amp;amp;amp;trk=nav_responsive_tab_home","https:\/\/www.youtube.com\/channel\/UCxL0wu1uN0_3_7hGG0306cw"]},{"@type":"Person","@id":"https:\/\/www.bellunopress.it\/#\/schema\/person\/79bb06722b37ece1c03d3e94beb30d73","name":"r\u00e9daction","image":{"@type":"ImageObject","inLanguage":"fr-FR","@id":"https:\/\/secure.gravatar.com\/avatar\/37d968a2e67a6fd04c169c4bdef102d0bc5d31b2546345219e348575eb80e9a0?s=96&d=mm&r=g","url":"https:\/\/secure.gravatar.com\/avatar\/37d968a2e67a6fd04c169c4bdef102d0bc5d31b2546345219e348575eb80e9a0?s=96&d=mm&r=g","contentUrl":"https:\/\/secure.gravatar.com\/avatar\/37d968a2e67a6fd04c169c4bdef102d0bc5d31b2546345219e348575eb80e9a0?s=96&d=mm&r=g","caption":"redazione"},"sameAs":["http:\/\/www.bellunopress.it","https:\/\/x.com\/bellunopress"],"url":"https:\/\/www.bellunopress.it\/fr\/author\/redazione\/"}]}},"_links":{"self":[{"href":"https:\/\/www.bellunopress.it\/fr\/wp-json\/wp\/v2\/posts\/19824","targetHints":{"allow":["GET"]}}],"collection":[{"href":"https:\/\/www.bellunopress.it\/fr\/wp-json\/wp\/v2\/posts"}],"about":[{"href":"https:\/\/www.bellunopress.it\/fr\/wp-json\/wp\/v2\/types\/post"}],"author":[{"embeddable":true,"href":"https:\/\/www.bellunopress.it\/fr\/wp-json\/wp\/v2\/users\/2"}],"replies":[{"embeddable":true,"href":"https:\/\/www.bellunopress.it\/fr\/wp-json\/wp\/v2\/comments?post=19824"}],"version-history":[{"count":1,"href":"https:\/\/www.bellunopress.it\/fr\/wp-json\/wp\/v2\/posts\/19824\/revisions"}],"predecessor-version":[{"id":19827,"href":"https:\/\/www.bellunopress.it\/fr\/wp-json\/wp\/v2\/posts\/19824\/revisions\/19827"}],"wp:attachment":[{"href":"https:\/\/www.bellunopress.it\/fr\/wp-json\/wp\/v2\/media?parent=19824"}],"wp:term":[{"taxonomy":"category","embeddable":true,"href":"https:\/\/www.bellunopress.it\/fr\/wp-json\/wp\/v2\/categories?post=19824"},{"taxonomy":"post_tag","embeddable":true,"href":"https:\/\/www.bellunopress.it\/fr\/wp-json\/wp\/v2\/tags?post=19824"}],"curies":[{"name":"wp","href":"https:\/\/api.w.org\/{rel}","templated":true}]}}