{"id":19469,"date":"2010-10-06T20:28:36","date_gmt":"2010-10-06T19:28:36","guid":{"rendered":"http:\/\/www.bellunopress.it\/?p=19469"},"modified":"2010-09-23T20:29:57","modified_gmt":"2010-09-23T19:29:57","slug":"l%e2%80%99autunno-e-piu-dolce-sulle-dolomiti-di-brenta","status":"publish","type":"post","link":"https:\/\/www.bellunopress.it\/fr\/2010\/10\/06\/l%e2%80%99autunno-e-piu-dolce-sulle-dolomiti-di-brenta\/","title":{"rendered":"L\u2019autunno \u00e8 pi\u00f9 dolce sulle Dolomiti di Brenta"},"content":{"rendered":"<p>Non prendete appuntamenti&#8230; il 9 e 10 ottobre verr\u00e0 ospitata, nel cuore delle Dolomiti, un\u2019affascinante competizione in alta quota, la Gara internazionale di orienteering Arge Alp alla quale parteciperanno appassionati e sportivi da tutto il mondo. Non perdete l\u2019occasione di assistere alla gara di orientamento ma anche di partecipare alle attivit\u00e0 organizzate a Molveno, localit\u00e0 insignita della Bandiera Arancione in occasione della Giornata Touring dedicata in tutta Italia alle localit\u00e0 che hanno ricevuto tale il riconoscimento \u201cBandiera Arancione\u201d.<br \/>\nSabato 09 e domenica 10 ottobre verr\u00e0 ospitata sull\u2019Altopiano della Paganella la gara internazionale di orienteering Arge Alp organizzata dal Comitato Trentino FISO e dalla societ\u00e0 sportiva dilettantistica \u201cOrienteering Mezzocorona\u201d. Nel corso della giornata di sabato sar\u00e0 prevista l\u2019apertura della gara con staffetta e nel corso della serata la premiazione presso il Palacongessi di Andalo con intrattenimento musicale, mentre, nella giornata di domenica, si dar\u00e0 il via ad una gara individuale seguita da premiazione dei vincitori. In occasione della gara della domenica, sar\u00e0 possibile raggiungere le Dolomiti di Brenta anche in funivia grazie all\u2019apertura straordinaria degli impianti di risalita per l\u2019Altopiano di Pradel dalle 8.30 alle 13.00.<br \/>\nE per chi allo sport vuole abbinare la curiosit\u00e0 di scoprire la storia e la tradizione dei nostri paesi, segnaliamo a Molveno la Giornata Touring 2010 che si terr\u00e0 domenica 10 ottobre contemporaneamente ad altre 86 localit\u00e0 italiane, selezionate e certificate con la Bandiera Arancione, marchio di qualit\u00e0 attribuito ai comuni presenti sul territorio nazionale meritevoli di aver rispettato oltre 250 parametri turistici e ambientali.<br \/>\nIn occasione di questa manifestazione, che vuole celebrare l\u2019eccellenza dell\u2019ospitalit\u00e0 e il perfetto connubio tra tipicit\u00e0, storia ed ambiente nelle localit\u00e0 dell\u2019entroterra italiano, verranno organizzate escursioni guidate alla scoperta delle peculiarit\u00e0 del territorio. Il centro storico di Molveno, con le tipiche costruzioni e i balconi &#8220;alla trentina&#8221; e raccolto attorno alla Chiesa parrocchiale e al suo campanile, sar\u00e0 la prima tappa della visita guidata gratuita. Sar\u00e0 poi possibile conoscere la storia del paese visitando il seicentesco palazzo Saracini, prima residenza dei Conti Saracini, e la mostra storico-fotografica di Molveno per poi proseguire visitando l\u2019antica chiesa di S. Vigilio, risalente al XIII secolo, dedicata a Vigilio, vescovo di Trento morto nel 400 d.C.. La giornata si concluder\u00e0 in riva al lago presso la segheria idraulica Taialacqua, risalente all&#8217;800 e il Centro ittiogenico, per scoprire i segreti del ciclo di vita del salmerino alpino.<br \/>\nPer concludere la giornata quale miglior consiglio se non quello di attendere il tramonto del sole rilassandosi nei centri wellness dei nostri hotel o nel nuovo centro benessere &amp; estetica AcquaIN, 1200 mq di spazi pensati per regalare armonia a corpo e spirito attraverso trattamenti estetici mirati o semplicemente riposandosi nella vasta zona relax. Ma il piacere della vacanza d\u2019autunno continua anche a tavola concedendosi una cena a lume di candela in uno dei numerosi ristoranti della zona ad assaporare quello che di meglio l\u2019autunno in Trentino pu\u00f2 offrire\u2026 funghi e selvaggina dei nostri boschi, torte calde con le mele appena colte e il dolce nettare delle api abbinato ai formaggi di malga. Il tutto accompagnato da un bicchiere di Teroldego, vino principe della Piana Rotaliana.<br \/>\nQuesta la ricetta preparata da noi con il cuore per assaporare la dolcezza dell\u2019autunno sulle Dolomiti di Brenta: eventi, natura, wellness, buona tavola e l\u2019ospitalit\u00e0 della nostra gente che pi\u00f9 si avvicina l\u2019inverno e le temperature scendono e pi\u00f9 diventa calorosa e accogliente.<\/p>\n<p>PACCHETTI E OFFERTE SPECIALI<br \/>\nRigenerarsi sul lago di Molveno e tra le Dolomiti speciale coppie<br \/>\n3\/4\/7 notti con trattamento di mezza pensione in hotel*** a partire da\u00a0 \u20ac 264,00\u00a0 e in hotel****S a partire da \u20ac468,00 prezzo a coppia in camera doppia. Il pacchetto include: 1 cartina escursionistica; 1 entrata centro wellness per 2; cena tipica romantica e per chi pernotta 7 notti \u00e8 previsto 1 trattamento donna e 1 trattamento uomo; 1 escursione di nordic walking. Pacchetti 3-4 notti validi dal 09\/09 al 10\/10\u00a0<br \/>\nPrezzi \u201ca partire da\u201d secondo periodo e categoria. Supplementi e riduzioni su richiesta<br \/>\n\u00a0<br \/>\nPer informazioni:<br \/>\nAzienda per il turismo DOLOMITI PAGANELLA<br \/>\nPiazza Dolomiti, 1 &#8211; 38100 Andalo \u2013TN\u00a0<br \/>\nTel: 0461 585836 \u2013 Fax 0461 585570<br \/>\n<a href=\"http:\/\/www.visitdolomitipaganella.it\">www.visitdolomitipaganella.it<\/a>; <a href=\"mailto:press@visitdolomitipaganella.it\">press@visitdolomitipaganella.it<\/a><\/p>","protected":false},"excerpt":{"rendered":"<p>Non prendete appuntamenti&#8230; il 9 e 10 ottobre verr\u00e0 ospitata, nel cuore delle Dolomiti, un\u2019affascinante competizione in alta quota, la Gara internazionale di orienteering Arge Alp alla quale parteciperanno appassionati e sportivi da tutto il mondo. Non perdete l\u2019occasione di assistere alla gara di orientamento ma anche di partecipare alle attivit\u00e0 organizzate a Molveno, localit\u00e0 [&hellip;]<\/p>\n","protected":false},"author":2,"featured_media":0,"comment_status":"closed","ping_status":"open","sticky":false,"template":"","format":"standard","meta":{"footnotes":""},"categories":[25,50],"tags":[63],"class_list":["post-19469","post","type-post","status-publish","format-standard","category-pausa-caffe","category-pubbliredazionali","tag-dolomiti"],"yoast_head":"<!-- This site is optimized with the Yoast SEO plugin v28.4 - https:\/\/yoast.com\/product\/yoast-seo-wordpress\/ -->\n<title>L\u2019autunno \u00e8 pi\u00f9 dolce sulle Dolomiti di Brenta - Bellunopress - Dolomiti<\/title>\n<meta name=\"robots\" content=\"index, follow, max-snippet:-1, max-image-preview:large, max-video-preview:-1\" \/>\n<link rel=\"canonical\" href=\"https:\/\/www.bellunopress.it\/fr\/2010\/10\/06\/l\u2019autunno-e-piu-dolce-sulle-dolomiti-di-brenta\/\" \/>\n<meta property=\"og:locale\" content=\"fr_FR\" \/>\n<meta property=\"og:type\" content=\"article\" \/>\n<meta property=\"og:title\" content=\"L\u2019autunno \u00e8 pi\u00f9 dolce sulle Dolomiti di Brenta - Bellunopress - Dolomiti\" \/>\n<meta property=\"og:description\" content=\"Non prendete appuntamenti&#8230; il 9 e 10 ottobre verr\u00e0 ospitata, nel cuore delle Dolomiti, un\u2019affascinante competizione in alta quota, la Gara internazionale di orienteering Arge Alp alla quale parteciperanno appassionati e sportivi da tutto il mondo. Non perdete l\u2019occasione di assistere alla gara di orientamento ma anche di partecipare alle attivit\u00e0 organizzate a Molveno, localit\u00e0 [&hellip;]\" \/>\n<meta property=\"og:url\" content=\"https:\/\/www.bellunopress.it\/fr\/2010\/10\/06\/l\u2019autunno-e-piu-dolce-sulle-dolomiti-di-brenta\/\" \/>\n<meta property=\"og:site_name\" content=\"Bellunopress - Dolomiti\" \/>\n<meta property=\"article:publisher\" content=\"https:\/\/www.facebook.com\/profile.php?id=100008943462799\" \/>\n<meta property=\"article:published_time\" content=\"2010-10-06T19:28:36+00:00\" \/>\n<meta property=\"og:image\" content=\"http:\/\/www.bellunopress.it\/wp-content\/uploads\/2012\/07\/logo-bellunopress-250x250-2012.jpg\" \/>\n<meta name=\"author\" content=\"redazione\" \/>\n<meta name=\"twitter:card\" content=\"summary_large_image\" \/>\n<meta name=\"twitter:creator\" content=\"@bellunopress\" \/>\n<meta name=\"twitter:site\" content=\"@bellunopress\" \/>\n<meta name=\"twitter:label1\" content=\"\u00c9crit par\" \/>\n\t<meta name=\"twitter:data1\" content=\"redazione\" \/>\n\t<meta name=\"twitter:label2\" content=\"Dur\u00e9e de lecture estim\u00e9e\" \/>\n\t<meta name=\"twitter:data2\" content=\"3 minutes\" \/>\n<script type=\"application\/ld+json\" class=\"yoast-schema-graph\">{\"@context\":\"https:\\\/\\\/schema.org\",\"@graph\":[{\"@type\":\"Article\",\"@id\":\"https:\\\/\\\/www.bellunopress.it\\\/2010\\\/10\\\/06\\\/l%e2%80%99autunno-e-piu-dolce-sulle-dolomiti-di-brenta\\\/#article\",\"isPartOf\":{\"@id\":\"https:\\\/\\\/www.bellunopress.it\\\/2010\\\/10\\\/06\\\/l%e2%80%99autunno-e-piu-dolce-sulle-dolomiti-di-brenta\\\/\"},\"author\":{\"name\":\"redazione\",\"@id\":\"https:\\\/\\\/www.bellunopress.it\\\/#\\\/schema\\\/person\\\/79bb06722b37ece1c03d3e94beb30d73\"},\"headline\":\"L\u2019autunno \u00e8 pi\u00f9 dolce sulle Dolomiti di Brenta\",\"datePublished\":\"2010-10-06T19:28:36+00:00\",\"mainEntityOfPage\":{\"@id\":\"https:\\\/\\\/www.bellunopress.it\\\/2010\\\/10\\\/06\\\/l%e2%80%99autunno-e-piu-dolce-sulle-dolomiti-di-brenta\\\/\"},\"wordCount\":679,\"publisher\":{\"@id\":\"https:\\\/\\\/www.bellunopress.it\\\/#organization\"},\"keywords\":[\"Dolomiti\"],\"articleSection\":[\"Pausa Caff\u00e8\",\"Pubbliredazionali\"],\"inLanguage\":\"fr-FR\"},{\"@type\":\"WebPage\",\"@id\":\"https:\\\/\\\/www.bellunopress.it\\\/2010\\\/10\\\/06\\\/l%e2%80%99autunno-e-piu-dolce-sulle-dolomiti-di-brenta\\\/\",\"url\":\"https:\\\/\\\/www.bellunopress.it\\\/2010\\\/10\\\/06\\\/l%e2%80%99autunno-e-piu-dolce-sulle-dolomiti-di-brenta\\\/\",\"name\":\"L\u2019autunno \u00e8 pi\u00f9 dolce sulle Dolomiti di Brenta - Bellunopress - Dolomiti\",\"isPartOf\":{\"@id\":\"https:\\\/\\\/www.bellunopress.it\\\/#website\"},\"datePublished\":\"2010-10-06T19:28:36+00:00\",\"breadcrumb\":{\"@id\":\"https:\\\/\\\/www.bellunopress.it\\\/2010\\\/10\\\/06\\\/l%e2%80%99autunno-e-piu-dolce-sulle-dolomiti-di-brenta\\\/#breadcrumb\"},\"inLanguage\":\"fr-FR\",\"potentialAction\":[{\"@type\":\"ReadAction\",\"target\":[\"https:\\\/\\\/www.bellunopress.it\\\/2010\\\/10\\\/06\\\/l%e2%80%99autunno-e-piu-dolce-sulle-dolomiti-di-brenta\\\/\"]}]},{\"@type\":\"BreadcrumbList\",\"@id\":\"https:\\\/\\\/www.bellunopress.it\\\/2010\\\/10\\\/06\\\/l%e2%80%99autunno-e-piu-dolce-sulle-dolomiti-di-brenta\\\/#breadcrumb\",\"itemListElement\":[{\"@type\":\"ListItem\",\"position\":1,\"name\":\"Home\",\"item\":\"https:\\\/\\\/www.bellunopress.it\\\/\"},{\"@type\":\"ListItem\",\"position\":2,\"name\":\"L\u2019autunno \u00e8 pi\u00f9 dolce sulle Dolomiti di Brenta\"}]},{\"@type\":\"WebSite\",\"@id\":\"https:\\\/\\\/www.bellunopress.it\\\/#website\",\"url\":\"https:\\\/\\\/www.bellunopress.it\\\/\",\"name\":\"Bellunopress - Dolomiti\",\"description\":\"e-mail: redazione@bellunopress.it\",\"publisher\":{\"@id\":\"https:\\\/\\\/www.bellunopress.it\\\/#organization\"},\"potentialAction\":[{\"@type\":\"SearchAction\",\"target\":{\"@type\":\"EntryPoint\",\"urlTemplate\":\"https:\\\/\\\/www.bellunopress.it\\\/?s={search_term_string}\"},\"query-input\":{\"@type\":\"PropertyValueSpecification\",\"valueRequired\":true,\"valueName\":\"search_term_string\"}}],\"inLanguage\":\"fr-FR\"},{\"@type\":\"Organization\",\"@id\":\"https:\\\/\\\/www.bellunopress.it\\\/#organization\",\"name\":\"Bellunopress\",\"url\":\"https:\\\/\\\/www.bellunopress.it\\\/\",\"logo\":{\"@type\":\"ImageObject\",\"inLanguage\":\"fr-FR\",\"@id\":\"https:\\\/\\\/www.bellunopress.it\\\/#\\\/schema\\\/logo\\\/image\\\/\",\"url\":\"https:\\\/\\\/www.bellunopress.it\\\/wp-content\\\/uploads\\\/2011\\\/05\\\/cropped-logo-bellunopress-.jpg\",\"contentUrl\":\"https:\\\/\\\/www.bellunopress.it\\\/wp-content\\\/uploads\\\/2011\\\/05\\\/cropped-logo-bellunopress-.jpg\",\"width\":512,\"height\":512,\"caption\":\"Bellunopress\"},\"image\":{\"@id\":\"https:\\\/\\\/www.bellunopress.it\\\/#\\\/schema\\\/logo\\\/image\\\/\"},\"sameAs\":[\"https:\\\/\\\/www.facebook.com\\\/profile.php?id=100008943462799\",\"https:\\\/\\\/x.com\\\/bellunopress\",\"https:\\\/\\\/www.linkedin.com\\\/hp\\\/?dnr=JBzUWaJfMUw8vbXJJ2tVW5-I3jZKvC4wsoxE&amp;amp;amp;amp;amp;amp;trk=nav_responsive_tab_home\",\"https:\\\/\\\/www.youtube.com\\\/channel\\\/UCxL0wu1uN0_3_7hGG0306cw\"]},{\"@type\":\"Person\",\"@id\":\"https:\\\/\\\/www.bellunopress.it\\\/#\\\/schema\\\/person\\\/79bb06722b37ece1c03d3e94beb30d73\",\"name\":\"redazione\",\"image\":{\"@type\":\"ImageObject\",\"inLanguage\":\"fr-FR\",\"@id\":\"https:\\\/\\\/secure.gravatar.com\\\/avatar\\\/37d968a2e67a6fd04c169c4bdef102d0bc5d31b2546345219e348575eb80e9a0?s=96&d=mm&r=g\",\"url\":\"https:\\\/\\\/secure.gravatar.com\\\/avatar\\\/37d968a2e67a6fd04c169c4bdef102d0bc5d31b2546345219e348575eb80e9a0?s=96&d=mm&r=g\",\"contentUrl\":\"https:\\\/\\\/secure.gravatar.com\\\/avatar\\\/37d968a2e67a6fd04c169c4bdef102d0bc5d31b2546345219e348575eb80e9a0?s=96&d=mm&r=g\",\"caption\":\"redazione\"},\"sameAs\":[\"http:\\\/\\\/www.bellunopress.it\",\"https:\\\/\\\/x.com\\\/bellunopress\"],\"url\":\"https:\\\/\\\/www.bellunopress.it\\\/fr\\\/author\\\/redazione\\\/\"}]}<\/script>\n<!-- \/ Yoast SEO plugin. -->","yoast_head_json":{"title":"L\u2019autunno \u00e8 pi\u00f9 dolce sulle Dolomiti di Brenta - Bellunopress - Dolomiti","robots":{"index":"index","follow":"follow","max-snippet":"max-snippet:-1","max-image-preview":"max-image-preview:large","max-video-preview":"max-video-preview:-1"},"canonical":"https:\/\/www.bellunopress.it\/fr\/2010\/10\/06\/l\u2019autunno-e-piu-dolce-sulle-dolomiti-di-brenta\/","og_locale":"fr_FR","og_type":"article","og_title":"L\u2019autunno \u00e8 pi\u00f9 dolce sulle Dolomiti di Brenta - Bellunopress - Dolomiti","og_description":"Non prendete appuntamenti&#8230; il 9 e 10 ottobre verr\u00e0 ospitata, nel cuore delle Dolomiti, un\u2019affascinante competizione in alta quota, la Gara internazionale di orienteering Arge Alp alla quale parteciperanno appassionati e sportivi da tutto il mondo. Non perdete l\u2019occasione di assistere alla gara di orientamento ma anche di partecipare alle attivit\u00e0 organizzate a Molveno, localit\u00e0 [&hellip;]","og_url":"https:\/\/www.bellunopress.it\/fr\/2010\/10\/06\/l\u2019autunno-e-piu-dolce-sulle-dolomiti-di-brenta\/","og_site_name":"Bellunopress - Dolomiti","article_publisher":"https:\/\/www.facebook.com\/profile.php?id=100008943462799","article_published_time":"2010-10-06T19:28:36+00:00","og_image":[{"url":"http:\/\/www.bellunopress.it\/wp-content\/uploads\/2012\/07\/logo-bellunopress-250x250-2012.jpg","type":"","width":"","height":""}],"author":"redazione","twitter_card":"summary_large_image","twitter_creator":"@bellunopress","twitter_site":"@bellunopress","twitter_misc":{"\u00c9crit par":"redazione","Dur\u00e9e de lecture estim\u00e9e":"3 minutes"},"schema":{"@context":"https:\/\/schema.org","@graph":[{"@type":"Article","@id":"https:\/\/www.bellunopress.it\/2010\/10\/06\/l%e2%80%99autunno-e-piu-dolce-sulle-dolomiti-di-brenta\/#article","isPartOf":{"@id":"https:\/\/www.bellunopress.it\/2010\/10\/06\/l%e2%80%99autunno-e-piu-dolce-sulle-dolomiti-di-brenta\/"},"author":{"name":"redazione","@id":"https:\/\/www.bellunopress.it\/#\/schema\/person\/79bb06722b37ece1c03d3e94beb30d73"},"headline":"L\u2019autunno \u00e8 pi\u00f9 dolce sulle Dolomiti di Brenta","datePublished":"2010-10-06T19:28:36+00:00","mainEntityOfPage":{"@id":"https:\/\/www.bellunopress.it\/2010\/10\/06\/l%e2%80%99autunno-e-piu-dolce-sulle-dolomiti-di-brenta\/"},"wordCount":679,"publisher":{"@id":"https:\/\/www.bellunopress.it\/#organization"},"keywords":["Dolomiti"],"articleSection":["Pausa Caff\u00e8","Pubbliredazionali"],"inLanguage":"fr-FR"},{"@type":"WebPage","@id":"https:\/\/www.bellunopress.it\/2010\/10\/06\/l%e2%80%99autunno-e-piu-dolce-sulle-dolomiti-di-brenta\/","url":"https:\/\/www.bellunopress.it\/2010\/10\/06\/l%e2%80%99autunno-e-piu-dolce-sulle-dolomiti-di-brenta\/","name":"L\u2019autunno \u00e8 pi\u00f9 dolce sulle Dolomiti di Brenta - Bellunopress - Dolomiti","isPartOf":{"@id":"https:\/\/www.bellunopress.it\/#website"},"datePublished":"2010-10-06T19:28:36+00:00","breadcrumb":{"@id":"https:\/\/www.bellunopress.it\/2010\/10\/06\/l%e2%80%99autunno-e-piu-dolce-sulle-dolomiti-di-brenta\/#breadcrumb"},"inLanguage":"fr-FR","potentialAction":[{"@type":"ReadAction","target":["https:\/\/www.bellunopress.it\/2010\/10\/06\/l%e2%80%99autunno-e-piu-dolce-sulle-dolomiti-di-brenta\/"]}]},{"@type":"BreadcrumbList","@id":"https:\/\/www.bellunopress.it\/2010\/10\/06\/l%e2%80%99autunno-e-piu-dolce-sulle-dolomiti-di-brenta\/#breadcrumb","itemListElement":[{"@type":"ListItem","position":1,"name":"Home","item":"https:\/\/www.bellunopress.it\/"},{"@type":"ListItem","position":2,"name":"L\u2019autunno \u00e8 pi\u00f9 dolce sulle Dolomiti di Brenta"}]},{"@type":"WebSite","@id":"https:\/\/www.bellunopress.it\/#website","url":"https:\/\/www.bellunopress.it\/","name":"Bellunopress - Dolomiti","description":"e-mail: redazione@bellunopress.it","publisher":{"@id":"https:\/\/www.bellunopress.it\/#organization"},"potentialAction":[{"@type":"SearchAction","target":{"@type":"EntryPoint","urlTemplate":"https:\/\/www.bellunopress.it\/?s={search_term_string}"},"query-input":{"@type":"PropertyValueSpecification","valueRequired":true,"valueName":"search_term_string"}}],"inLanguage":"fr-FR"},{"@type":"Organization","@id":"https:\/\/www.bellunopress.it\/#organization","name":"Bellunopress","url":"https:\/\/www.bellunopress.it\/","logo":{"@type":"ImageObject","inLanguage":"fr-FR","@id":"https:\/\/www.bellunopress.it\/#\/schema\/logo\/image\/","url":"https:\/\/www.bellunopress.it\/wp-content\/uploads\/2011\/05\/cropped-logo-bellunopress-.jpg","contentUrl":"https:\/\/www.bellunopress.it\/wp-content\/uploads\/2011\/05\/cropped-logo-bellunopress-.jpg","width":512,"height":512,"caption":"Bellunopress"},"image":{"@id":"https:\/\/www.bellunopress.it\/#\/schema\/logo\/image\/"},"sameAs":["https:\/\/www.facebook.com\/profile.php?id=100008943462799","https:\/\/x.com\/bellunopress","https:\/\/www.linkedin.com\/hp\/?dnr=JBzUWaJfMUw8vbXJJ2tVW5-I3jZKvC4wsoxE&amp;amp;amp;amp;amp;amp;trk=nav_responsive_tab_home","https:\/\/www.youtube.com\/channel\/UCxL0wu1uN0_3_7hGG0306cw"]},{"@type":"Person","@id":"https:\/\/www.bellunopress.it\/#\/schema\/person\/79bb06722b37ece1c03d3e94beb30d73","name":"r\u00e9daction","image":{"@type":"ImageObject","inLanguage":"fr-FR","@id":"https:\/\/secure.gravatar.com\/avatar\/37d968a2e67a6fd04c169c4bdef102d0bc5d31b2546345219e348575eb80e9a0?s=96&d=mm&r=g","url":"https:\/\/secure.gravatar.com\/avatar\/37d968a2e67a6fd04c169c4bdef102d0bc5d31b2546345219e348575eb80e9a0?s=96&d=mm&r=g","contentUrl":"https:\/\/secure.gravatar.com\/avatar\/37d968a2e67a6fd04c169c4bdef102d0bc5d31b2546345219e348575eb80e9a0?s=96&d=mm&r=g","caption":"redazione"},"sameAs":["http:\/\/www.bellunopress.it","https:\/\/x.com\/bellunopress"],"url":"https:\/\/www.bellunopress.it\/fr\/author\/redazione\/"}]}},"_links":{"self":[{"href":"https:\/\/www.bellunopress.it\/fr\/wp-json\/wp\/v2\/posts\/19469","targetHints":{"allow":["GET"]}}],"collection":[{"href":"https:\/\/www.bellunopress.it\/fr\/wp-json\/wp\/v2\/posts"}],"about":[{"href":"https:\/\/www.bellunopress.it\/fr\/wp-json\/wp\/v2\/types\/post"}],"author":[{"embeddable":true,"href":"https:\/\/www.bellunopress.it\/fr\/wp-json\/wp\/v2\/users\/2"}],"replies":[{"embeddable":true,"href":"https:\/\/www.bellunopress.it\/fr\/wp-json\/wp\/v2\/comments?post=19469"}],"version-history":[{"count":1,"href":"https:\/\/www.bellunopress.it\/fr\/wp-json\/wp\/v2\/posts\/19469\/revisions"}],"predecessor-version":[{"id":19470,"href":"https:\/\/www.bellunopress.it\/fr\/wp-json\/wp\/v2\/posts\/19469\/revisions\/19470"}],"wp:attachment":[{"href":"https:\/\/www.bellunopress.it\/fr\/wp-json\/wp\/v2\/media?parent=19469"}],"wp:term":[{"taxonomy":"category","embeddable":true,"href":"https:\/\/www.bellunopress.it\/fr\/wp-json\/wp\/v2\/categories?post=19469"},{"taxonomy":"post_tag","embeddable":true,"href":"https:\/\/www.bellunopress.it\/fr\/wp-json\/wp\/v2\/tags?post=19469"}],"curies":[{"name":"wp","href":"https:\/\/api.w.org\/{rel}","templated":true}]}}