{"id":19424,"date":"2010-09-22T19:06:50","date_gmt":"2010-09-22T18:06:50","guid":{"rendered":"http:\/\/www.bellunopress.it\/?p=19424"},"modified":"2010-09-22T19:06:50","modified_gmt":"2010-09-22T18:06:50","slug":"avviso-di-concessione-nicchie-a-viventi-nel-cimitero-di-prade-le-domande-entro-il-30-novembre-2010-2","status":"publish","type":"post","link":"https:\/\/www.bellunopress.it\/fr\/2010\/09\/22\/avviso-di-concessione-nicchie-a-viventi-nel-cimitero-di-prade-le-domande-entro-il-30-novembre-2010-2\/","title":{"rendered":"Avviso di concessione nicchie a viventi nel cimitero di Prade. Le domande entro il 30 novembre 2010"},"content":{"rendered":"<p><a href=\"http:\/\/www.bellunopress.it\/wp-content\/uploads\/2009\/02\/palazzo-rosso-low.jpg\"><img loading=\"lazy\" decoding=\"async\" class=\"alignleft size-medium wp-image-1097\" title=\"palazzo-rosso-low\" src=\"http:\/\/www.bellunopress.it\/wp-content\/uploads\/2009\/02\/palazzo-rosso-low.jpg\" alt=\"\" width=\"90\" height=\"89\" \/><\/a>Con deliberazione n. 146 del 3.08.2010, la Giunta Comunale di Belluno ha stabilito la possibilit\u00e0 di concessione di nicchie ai viventi presso il Cimitero Urbano di Prade nella misura del 30% delle disponibilit\u00e0, pari a n. 70, nel rispetto delle disposizioni di cui all\u2019art. 30 del vigente Regolamento comunale dei servizi funebri e cimiteriali. Possono partecipare all\u2019assegnazione delle nicchie, coloro che sono in possesso di uno o pi\u00f9 dei seguenti requisiti:<br \/>\n1) contiguit\u00e0 rispetto a sepoltura gi\u00e0 in essere di coniuge e\/o parenti entro il 1\u00b0 grado;<br \/>\n2) mancanza, per il richiedente, del coniuge e di parenti entro il 1\u00b0 grado;<br \/>\n3) et\u00e0 del richiedente superiore a 75 anni.<br \/>\nLe domande dovranno pervenire all\u2019Ufficio Protocollo del Comune di Belluno, in Piazza Duomo 1, entro il termine del 30 novembre 2010.<br \/>\nInfo:<br \/>\nServizi Demografici \u2013 Ufficio Servizi Cimiteriali \u2013 Via Mezzaterra, 45 \u2013 32100 Belluno<br \/>\nTel. 0437 913485 \u2013 Fax 0437 940382<br \/>\nResponsabile di procedimento: Istr. Amm. Roberto Barattin<br \/>\nSito internet: <a href=\"http:\/\/www.comune.belluno.it\">www.comune.belluno.it<\/a> &#8211; E-mail: <a href=\"mailto:demografici@comune.belluno.it\">demografici@comune.belluno.it<\/a><\/p>","protected":false},"excerpt":{"rendered":"<p>Con deliberazione n. 146 del 3.08.2010, la Giunta Comunale di Belluno ha stabilito la possibilit\u00e0 di concessione di nicchie ai viventi presso il Cimitero Urbano di Prade nella misura del 30% delle disponibilit\u00e0, pari a n. 70, nel rispetto delle disposizioni di cui all\u2019art. 30 del vigente Regolamento comunale dei servizi funebri e cimiteriali. Possono [&hellip;]<\/p>\n","protected":false},"author":2,"featured_media":0,"comment_status":"closed","ping_status":"open","sticky":false,"template":"","format":"standard","meta":{"footnotes":""},"categories":[26,8],"tags":[139],"class_list":["post-19424","post","type-post","status-publish","format-standard","category-prima-pagina","category-societa-istituzioni","tag-belluno"],"yoast_head":"<!-- This site is optimized with the Yoast SEO plugin v28.4 - https:\/\/yoast.com\/product\/yoast-seo-wordpress\/ -->\n<title>Avviso di concessione nicchie a viventi nel cimitero di Prade. Le domande entro il 30 novembre 2010 - Bellunopress - Dolomiti<\/title>\n<meta name=\"robots\" content=\"index, follow, max-snippet:-1, max-image-preview:large, max-video-preview:-1\" \/>\n<link rel=\"canonical\" href=\"https:\/\/www.bellunopress.it\/fr\/2010\/09\/22\/avviso-di-concessione-nicchie-a-viventi-nel-cimitero-di-prade-le-domande-entro-il-30-novembre-2010-2\/\" \/>\n<meta property=\"og:locale\" content=\"fr_FR\" \/>\n<meta property=\"og:type\" content=\"article\" \/>\n<meta property=\"og:title\" content=\"Avviso di concessione nicchie a viventi nel cimitero di Prade. Le domande entro il 30 novembre 2010 - Bellunopress - Dolomiti\" \/>\n<meta property=\"og:description\" content=\"Con deliberazione n. 146 del 3.08.2010, la Giunta Comunale di Belluno ha stabilito la possibilit\u00e0 di concessione di nicchie ai viventi presso il Cimitero Urbano di Prade nella misura del 30% delle disponibilit\u00e0, pari a n. 70, nel rispetto delle disposizioni di cui all\u2019art. 30 del vigente Regolamento comunale dei servizi funebri e cimiteriali. Possono [&hellip;]\" \/>\n<meta property=\"og:url\" content=\"https:\/\/www.bellunopress.it\/fr\/2010\/09\/22\/avviso-di-concessione-nicchie-a-viventi-nel-cimitero-di-prade-le-domande-entro-il-30-novembre-2010-2\/\" \/>\n<meta property=\"og:site_name\" content=\"Bellunopress - Dolomiti\" \/>\n<meta property=\"article:publisher\" content=\"https:\/\/www.facebook.com\/profile.php?id=100008943462799\" \/>\n<meta property=\"article:published_time\" content=\"2010-09-22T18:06:50+00:00\" \/>\n<meta property=\"og:image\" content=\"http:\/\/www.bellunopress.it\/wp-content\/uploads\/2009\/02\/palazzo-rosso-low.jpg\" \/>\n<meta name=\"author\" content=\"redazione\" \/>\n<meta name=\"twitter:card\" content=\"summary_large_image\" \/>\n<meta name=\"twitter:creator\" content=\"@bellunopress\" \/>\n<meta name=\"twitter:site\" content=\"@bellunopress\" \/>\n<meta name=\"twitter:label1\" content=\"\u00c9crit par\" \/>\n\t<meta name=\"twitter:data1\" content=\"redazione\" \/>\n\t<meta name=\"twitter:label2\" content=\"Dur\u00e9e de lecture estim\u00e9e\" \/>\n\t<meta name=\"twitter:data2\" content=\"1 minute\" \/>\n<script type=\"application\/ld+json\" class=\"yoast-schema-graph\">{\"@context\":\"https:\\\/\\\/schema.org\",\"@graph\":[{\"@type\":\"Article\",\"@id\":\"https:\\\/\\\/www.bellunopress.it\\\/2010\\\/09\\\/22\\\/avviso-di-concessione-nicchie-a-viventi-nel-cimitero-di-prade-le-domande-entro-il-30-novembre-2010-2\\\/#article\",\"isPartOf\":{\"@id\":\"https:\\\/\\\/www.bellunopress.it\\\/2010\\\/09\\\/22\\\/avviso-di-concessione-nicchie-a-viventi-nel-cimitero-di-prade-le-domande-entro-il-30-novembre-2010-2\\\/\"},\"author\":{\"name\":\"redazione\",\"@id\":\"https:\\\/\\\/www.bellunopress.it\\\/#\\\/schema\\\/person\\\/79bb06722b37ece1c03d3e94beb30d73\"},\"headline\":\"Avviso di concessione nicchie a viventi nel cimitero di Prade. Le domande entro il 30 novembre 2010\",\"datePublished\":\"2010-09-22T18:06:50+00:00\",\"mainEntityOfPage\":{\"@id\":\"https:\\\/\\\/www.bellunopress.it\\\/2010\\\/09\\\/22\\\/avviso-di-concessione-nicchie-a-viventi-nel-cimitero-di-prade-le-domande-entro-il-30-novembre-2010-2\\\/\"},\"wordCount\":165,\"publisher\":{\"@id\":\"https:\\\/\\\/www.bellunopress.it\\\/#organization\"},\"image\":{\"@id\":\"https:\\\/\\\/www.bellunopress.it\\\/2010\\\/09\\\/22\\\/avviso-di-concessione-nicchie-a-viventi-nel-cimitero-di-prade-le-domande-entro-il-30-novembre-2010-2\\\/#primaryimage\"},\"thumbnailUrl\":\"http:\\\/\\\/www.bellunopress.it\\\/wp-content\\\/uploads\\\/2009\\\/02\\\/palazzo-rosso-low.jpg\",\"keywords\":[\"Belluno\"],\"articleSection\":[\"Prima Pagina\",\"Societ\u00e0, Associazioni, Istituzioni\"],\"inLanguage\":\"fr-FR\"},{\"@type\":\"WebPage\",\"@id\":\"https:\\\/\\\/www.bellunopress.it\\\/2010\\\/09\\\/22\\\/avviso-di-concessione-nicchie-a-viventi-nel-cimitero-di-prade-le-domande-entro-il-30-novembre-2010-2\\\/\",\"url\":\"https:\\\/\\\/www.bellunopress.it\\\/2010\\\/09\\\/22\\\/avviso-di-concessione-nicchie-a-viventi-nel-cimitero-di-prade-le-domande-entro-il-30-novembre-2010-2\\\/\",\"name\":\"Avviso di concessione nicchie a viventi nel cimitero di Prade. Le domande entro il 30 novembre 2010 - Bellunopress - Dolomiti\",\"isPartOf\":{\"@id\":\"https:\\\/\\\/www.bellunopress.it\\\/#website\"},\"primaryImageOfPage\":{\"@id\":\"https:\\\/\\\/www.bellunopress.it\\\/2010\\\/09\\\/22\\\/avviso-di-concessione-nicchie-a-viventi-nel-cimitero-di-prade-le-domande-entro-il-30-novembre-2010-2\\\/#primaryimage\"},\"image\":{\"@id\":\"https:\\\/\\\/www.bellunopress.it\\\/2010\\\/09\\\/22\\\/avviso-di-concessione-nicchie-a-viventi-nel-cimitero-di-prade-le-domande-entro-il-30-novembre-2010-2\\\/#primaryimage\"},\"thumbnailUrl\":\"http:\\\/\\\/www.bellunopress.it\\\/wp-content\\\/uploads\\\/2009\\\/02\\\/palazzo-rosso-low.jpg\",\"datePublished\":\"2010-09-22T18:06:50+00:00\",\"breadcrumb\":{\"@id\":\"https:\\\/\\\/www.bellunopress.it\\\/2010\\\/09\\\/22\\\/avviso-di-concessione-nicchie-a-viventi-nel-cimitero-di-prade-le-domande-entro-il-30-novembre-2010-2\\\/#breadcrumb\"},\"inLanguage\":\"fr-FR\",\"potentialAction\":[{\"@type\":\"ReadAction\",\"target\":[\"https:\\\/\\\/www.bellunopress.it\\\/2010\\\/09\\\/22\\\/avviso-di-concessione-nicchie-a-viventi-nel-cimitero-di-prade-le-domande-entro-il-30-novembre-2010-2\\\/\"]}]},{\"@type\":\"ImageObject\",\"inLanguage\":\"fr-FR\",\"@id\":\"https:\\\/\\\/www.bellunopress.it\\\/2010\\\/09\\\/22\\\/avviso-di-concessione-nicchie-a-viventi-nel-cimitero-di-prade-le-domande-entro-il-30-novembre-2010-2\\\/#primaryimage\",\"url\":\"http:\\\/\\\/www.bellunopress.it\\\/wp-content\\\/uploads\\\/2009\\\/02\\\/palazzo-rosso-low.jpg\",\"contentUrl\":\"http:\\\/\\\/www.bellunopress.it\\\/wp-content\\\/uploads\\\/2009\\\/02\\\/palazzo-rosso-low.jpg\"},{\"@type\":\"BreadcrumbList\",\"@id\":\"https:\\\/\\\/www.bellunopress.it\\\/2010\\\/09\\\/22\\\/avviso-di-concessione-nicchie-a-viventi-nel-cimitero-di-prade-le-domande-entro-il-30-novembre-2010-2\\\/#breadcrumb\",\"itemListElement\":[{\"@type\":\"ListItem\",\"position\":1,\"name\":\"Home\",\"item\":\"https:\\\/\\\/www.bellunopress.it\\\/\"},{\"@type\":\"ListItem\",\"position\":2,\"name\":\"Avviso di concessione nicchie a viventi nel cimitero di Prade. Le domande entro il 30 novembre 2010\"}]},{\"@type\":\"WebSite\",\"@id\":\"https:\\\/\\\/www.bellunopress.it\\\/#website\",\"url\":\"https:\\\/\\\/www.bellunopress.it\\\/\",\"name\":\"Bellunopress - Dolomiti\",\"description\":\"e-mail: redazione@bellunopress.it\",\"publisher\":{\"@id\":\"https:\\\/\\\/www.bellunopress.it\\\/#organization\"},\"potentialAction\":[{\"@type\":\"SearchAction\",\"target\":{\"@type\":\"EntryPoint\",\"urlTemplate\":\"https:\\\/\\\/www.bellunopress.it\\\/?s={search_term_string}\"},\"query-input\":{\"@type\":\"PropertyValueSpecification\",\"valueRequired\":true,\"valueName\":\"search_term_string\"}}],\"inLanguage\":\"fr-FR\"},{\"@type\":\"Organization\",\"@id\":\"https:\\\/\\\/www.bellunopress.it\\\/#organization\",\"name\":\"Bellunopress\",\"url\":\"https:\\\/\\\/www.bellunopress.it\\\/\",\"logo\":{\"@type\":\"ImageObject\",\"inLanguage\":\"fr-FR\",\"@id\":\"https:\\\/\\\/www.bellunopress.it\\\/#\\\/schema\\\/logo\\\/image\\\/\",\"url\":\"https:\\\/\\\/www.bellunopress.it\\\/wp-content\\\/uploads\\\/2011\\\/05\\\/cropped-logo-bellunopress-.jpg\",\"contentUrl\":\"https:\\\/\\\/www.bellunopress.it\\\/wp-content\\\/uploads\\\/2011\\\/05\\\/cropped-logo-bellunopress-.jpg\",\"width\":512,\"height\":512,\"caption\":\"Bellunopress\"},\"image\":{\"@id\":\"https:\\\/\\\/www.bellunopress.it\\\/#\\\/schema\\\/logo\\\/image\\\/\"},\"sameAs\":[\"https:\\\/\\\/www.facebook.com\\\/profile.php?id=100008943462799\",\"https:\\\/\\\/x.com\\\/bellunopress\",\"https:\\\/\\\/www.linkedin.com\\\/hp\\\/?dnr=JBzUWaJfMUw8vbXJJ2tVW5-I3jZKvC4wsoxE&amp;amp;amp;amp;amp;amp;trk=nav_responsive_tab_home\",\"https:\\\/\\\/www.youtube.com\\\/channel\\\/UCxL0wu1uN0_3_7hGG0306cw\"]},{\"@type\":\"Person\",\"@id\":\"https:\\\/\\\/www.bellunopress.it\\\/#\\\/schema\\\/person\\\/79bb06722b37ece1c03d3e94beb30d73\",\"name\":\"redazione\",\"image\":{\"@type\":\"ImageObject\",\"inLanguage\":\"fr-FR\",\"@id\":\"https:\\\/\\\/secure.gravatar.com\\\/avatar\\\/37d968a2e67a6fd04c169c4bdef102d0bc5d31b2546345219e348575eb80e9a0?s=96&d=mm&r=g\",\"url\":\"https:\\\/\\\/secure.gravatar.com\\\/avatar\\\/37d968a2e67a6fd04c169c4bdef102d0bc5d31b2546345219e348575eb80e9a0?s=96&d=mm&r=g\",\"contentUrl\":\"https:\\\/\\\/secure.gravatar.com\\\/avatar\\\/37d968a2e67a6fd04c169c4bdef102d0bc5d31b2546345219e348575eb80e9a0?s=96&d=mm&r=g\",\"caption\":\"redazione\"},\"sameAs\":[\"http:\\\/\\\/www.bellunopress.it\",\"https:\\\/\\\/x.com\\\/bellunopress\"],\"url\":\"https:\\\/\\\/www.bellunopress.it\\\/fr\\\/author\\\/redazione\\\/\"}]}<\/script>\n<!-- \/ Yoast SEO plugin. -->","yoast_head_json":{"title":"Avviso di concessione nicchie a viventi nel cimitero di Prade. Le domande entro il 30 novembre 2010 - Bellunopress - Dolomiti","robots":{"index":"index","follow":"follow","max-snippet":"max-snippet:-1","max-image-preview":"max-image-preview:large","max-video-preview":"max-video-preview:-1"},"canonical":"https:\/\/www.bellunopress.it\/fr\/2010\/09\/22\/avviso-di-concessione-nicchie-a-viventi-nel-cimitero-di-prade-le-domande-entro-il-30-novembre-2010-2\/","og_locale":"fr_FR","og_type":"article","og_title":"Avviso di concessione nicchie a viventi nel cimitero di Prade. Le domande entro il 30 novembre 2010 - Bellunopress - Dolomiti","og_description":"Con deliberazione n. 146 del 3.08.2010, la Giunta Comunale di Belluno ha stabilito la possibilit\u00e0 di concessione di nicchie ai viventi presso il Cimitero Urbano di Prade nella misura del 30% delle disponibilit\u00e0, pari a n. 70, nel rispetto delle disposizioni di cui all\u2019art. 30 del vigente Regolamento comunale dei servizi funebri e cimiteriali. Possono [&hellip;]","og_url":"https:\/\/www.bellunopress.it\/fr\/2010\/09\/22\/avviso-di-concessione-nicchie-a-viventi-nel-cimitero-di-prade-le-domande-entro-il-30-novembre-2010-2\/","og_site_name":"Bellunopress - Dolomiti","article_publisher":"https:\/\/www.facebook.com\/profile.php?id=100008943462799","article_published_time":"2010-09-22T18:06:50+00:00","og_image":[{"url":"http:\/\/www.bellunopress.it\/wp-content\/uploads\/2009\/02\/palazzo-rosso-low.jpg","type":"","width":"","height":""}],"author":"redazione","twitter_card":"summary_large_image","twitter_creator":"@bellunopress","twitter_site":"@bellunopress","twitter_misc":{"\u00c9crit par":"redazione","Dur\u00e9e de lecture estim\u00e9e":"1 minute"},"schema":{"@context":"https:\/\/schema.org","@graph":[{"@type":"Article","@id":"https:\/\/www.bellunopress.it\/2010\/09\/22\/avviso-di-concessione-nicchie-a-viventi-nel-cimitero-di-prade-le-domande-entro-il-30-novembre-2010-2\/#article","isPartOf":{"@id":"https:\/\/www.bellunopress.it\/2010\/09\/22\/avviso-di-concessione-nicchie-a-viventi-nel-cimitero-di-prade-le-domande-entro-il-30-novembre-2010-2\/"},"author":{"name":"redazione","@id":"https:\/\/www.bellunopress.it\/#\/schema\/person\/79bb06722b37ece1c03d3e94beb30d73"},"headline":"Avviso di concessione nicchie a viventi nel cimitero di Prade. Le domande entro il 30 novembre 2010","datePublished":"2010-09-22T18:06:50+00:00","mainEntityOfPage":{"@id":"https:\/\/www.bellunopress.it\/2010\/09\/22\/avviso-di-concessione-nicchie-a-viventi-nel-cimitero-di-prade-le-domande-entro-il-30-novembre-2010-2\/"},"wordCount":165,"publisher":{"@id":"https:\/\/www.bellunopress.it\/#organization"},"image":{"@id":"https:\/\/www.bellunopress.it\/2010\/09\/22\/avviso-di-concessione-nicchie-a-viventi-nel-cimitero-di-prade-le-domande-entro-il-30-novembre-2010-2\/#primaryimage"},"thumbnailUrl":"http:\/\/www.bellunopress.it\/wp-content\/uploads\/2009\/02\/palazzo-rosso-low.jpg","keywords":["Belluno"],"articleSection":["Prima Pagina","Societ\u00e0, Associazioni, Istituzioni"],"inLanguage":"fr-FR"},{"@type":"WebPage","@id":"https:\/\/www.bellunopress.it\/2010\/09\/22\/avviso-di-concessione-nicchie-a-viventi-nel-cimitero-di-prade-le-domande-entro-il-30-novembre-2010-2\/","url":"https:\/\/www.bellunopress.it\/2010\/09\/22\/avviso-di-concessione-nicchie-a-viventi-nel-cimitero-di-prade-le-domande-entro-il-30-novembre-2010-2\/","name":"Avviso di concessione nicchie a viventi nel cimitero di Prade. Le domande entro il 30 novembre 2010 - Bellunopress - Dolomiti","isPartOf":{"@id":"https:\/\/www.bellunopress.it\/#website"},"primaryImageOfPage":{"@id":"https:\/\/www.bellunopress.it\/2010\/09\/22\/avviso-di-concessione-nicchie-a-viventi-nel-cimitero-di-prade-le-domande-entro-il-30-novembre-2010-2\/#primaryimage"},"image":{"@id":"https:\/\/www.bellunopress.it\/2010\/09\/22\/avviso-di-concessione-nicchie-a-viventi-nel-cimitero-di-prade-le-domande-entro-il-30-novembre-2010-2\/#primaryimage"},"thumbnailUrl":"http:\/\/www.bellunopress.it\/wp-content\/uploads\/2009\/02\/palazzo-rosso-low.jpg","datePublished":"2010-09-22T18:06:50+00:00","breadcrumb":{"@id":"https:\/\/www.bellunopress.it\/2010\/09\/22\/avviso-di-concessione-nicchie-a-viventi-nel-cimitero-di-prade-le-domande-entro-il-30-novembre-2010-2\/#breadcrumb"},"inLanguage":"fr-FR","potentialAction":[{"@type":"ReadAction","target":["https:\/\/www.bellunopress.it\/2010\/09\/22\/avviso-di-concessione-nicchie-a-viventi-nel-cimitero-di-prade-le-domande-entro-il-30-novembre-2010-2\/"]}]},{"@type":"ImageObject","inLanguage":"fr-FR","@id":"https:\/\/www.bellunopress.it\/2010\/09\/22\/avviso-di-concessione-nicchie-a-viventi-nel-cimitero-di-prade-le-domande-entro-il-30-novembre-2010-2\/#primaryimage","url":"http:\/\/www.bellunopress.it\/wp-content\/uploads\/2009\/02\/palazzo-rosso-low.jpg","contentUrl":"http:\/\/www.bellunopress.it\/wp-content\/uploads\/2009\/02\/palazzo-rosso-low.jpg"},{"@type":"BreadcrumbList","@id":"https:\/\/www.bellunopress.it\/2010\/09\/22\/avviso-di-concessione-nicchie-a-viventi-nel-cimitero-di-prade-le-domande-entro-il-30-novembre-2010-2\/#breadcrumb","itemListElement":[{"@type":"ListItem","position":1,"name":"Home","item":"https:\/\/www.bellunopress.it\/"},{"@type":"ListItem","position":2,"name":"Avviso di concessione nicchie a viventi nel cimitero di Prade. Le domande entro il 30 novembre 2010"}]},{"@type":"WebSite","@id":"https:\/\/www.bellunopress.it\/#website","url":"https:\/\/www.bellunopress.it\/","name":"Bellunopress - Dolomiti","description":"e-mail: redazione@bellunopress.it","publisher":{"@id":"https:\/\/www.bellunopress.it\/#organization"},"potentialAction":[{"@type":"SearchAction","target":{"@type":"EntryPoint","urlTemplate":"https:\/\/www.bellunopress.it\/?s={search_term_string}"},"query-input":{"@type":"PropertyValueSpecification","valueRequired":true,"valueName":"search_term_string"}}],"inLanguage":"fr-FR"},{"@type":"Organization","@id":"https:\/\/www.bellunopress.it\/#organization","name":"Bellunopress","url":"https:\/\/www.bellunopress.it\/","logo":{"@type":"ImageObject","inLanguage":"fr-FR","@id":"https:\/\/www.bellunopress.it\/#\/schema\/logo\/image\/","url":"https:\/\/www.bellunopress.it\/wp-content\/uploads\/2011\/05\/cropped-logo-bellunopress-.jpg","contentUrl":"https:\/\/www.bellunopress.it\/wp-content\/uploads\/2011\/05\/cropped-logo-bellunopress-.jpg","width":512,"height":512,"caption":"Bellunopress"},"image":{"@id":"https:\/\/www.bellunopress.it\/#\/schema\/logo\/image\/"},"sameAs":["https:\/\/www.facebook.com\/profile.php?id=100008943462799","https:\/\/x.com\/bellunopress","https:\/\/www.linkedin.com\/hp\/?dnr=JBzUWaJfMUw8vbXJJ2tVW5-I3jZKvC4wsoxE&amp;amp;amp;amp;amp;amp;trk=nav_responsive_tab_home","https:\/\/www.youtube.com\/channel\/UCxL0wu1uN0_3_7hGG0306cw"]},{"@type":"Person","@id":"https:\/\/www.bellunopress.it\/#\/schema\/person\/79bb06722b37ece1c03d3e94beb30d73","name":"r\u00e9daction","image":{"@type":"ImageObject","inLanguage":"fr-FR","@id":"https:\/\/secure.gravatar.com\/avatar\/37d968a2e67a6fd04c169c4bdef102d0bc5d31b2546345219e348575eb80e9a0?s=96&d=mm&r=g","url":"https:\/\/secure.gravatar.com\/avatar\/37d968a2e67a6fd04c169c4bdef102d0bc5d31b2546345219e348575eb80e9a0?s=96&d=mm&r=g","contentUrl":"https:\/\/secure.gravatar.com\/avatar\/37d968a2e67a6fd04c169c4bdef102d0bc5d31b2546345219e348575eb80e9a0?s=96&d=mm&r=g","caption":"redazione"},"sameAs":["http:\/\/www.bellunopress.it","https:\/\/x.com\/bellunopress"],"url":"https:\/\/www.bellunopress.it\/fr\/author\/redazione\/"}]}},"_links":{"self":[{"href":"https:\/\/www.bellunopress.it\/fr\/wp-json\/wp\/v2\/posts\/19424","targetHints":{"allow":["GET"]}}],"collection":[{"href":"https:\/\/www.bellunopress.it\/fr\/wp-json\/wp\/v2\/posts"}],"about":[{"href":"https:\/\/www.bellunopress.it\/fr\/wp-json\/wp\/v2\/types\/post"}],"author":[{"embeddable":true,"href":"https:\/\/www.bellunopress.it\/fr\/wp-json\/wp\/v2\/users\/2"}],"replies":[{"embeddable":true,"href":"https:\/\/www.bellunopress.it\/fr\/wp-json\/wp\/v2\/comments?post=19424"}],"version-history":[{"count":1,"href":"https:\/\/www.bellunopress.it\/fr\/wp-json\/wp\/v2\/posts\/19424\/revisions"}],"predecessor-version":[{"id":19425,"href":"https:\/\/www.bellunopress.it\/fr\/wp-json\/wp\/v2\/posts\/19424\/revisions\/19425"}],"wp:attachment":[{"href":"https:\/\/www.bellunopress.it\/fr\/wp-json\/wp\/v2\/media?parent=19424"}],"wp:term":[{"taxonomy":"category","embeddable":true,"href":"https:\/\/www.bellunopress.it\/fr\/wp-json\/wp\/v2\/categories?post=19424"},{"taxonomy":"post_tag","embeddable":true,"href":"https:\/\/www.bellunopress.it\/fr\/wp-json\/wp\/v2\/tags?post=19424"}],"curies":[{"name":"wp","href":"https:\/\/api.w.org\/{rel}","templated":true}]}}