{"id":19419,"date":"2010-09-22T14:59:08","date_gmt":"2010-09-22T13:59:08","guid":{"rendered":"http:\/\/www.bellunopress.it\/?p=19419"},"modified":"2010-09-22T14:59:08","modified_gmt":"2010-09-22T13:59:08","slug":"prolungamento-dellautostrada-a27-la-storia-si-ripete-i-motivi-del-no-del-movimento-5-stelle-belluno-linterrogazione-parlamentare-del-1969-a-favore-del-progetto-del-1964-della-venezia-monaco","status":"publish","type":"post","link":"https:\/\/www.bellunopress.it\/fr\/2010\/09\/22\/prolungamento-dellautostrada-a27-la-storia-si-ripete-i-motivi-del-no-del-movimento-5-stelle-belluno-linterrogazione-parlamentare-del-1969-a-favore-del-progetto-del-1964-della-venezia-monaco\/","title":{"rendered":"Prolungamento dell&#8217;autostrada A27, la storia si ripete. I motivi del no del Movimento 5 Stelle Belluno. L&#8217;interrogazione parlamentare del 1969 a favore del progetto del 1964 della Venezia-Monaco"},"content":{"rendered":"<p><a href=\"http:\/\/www.bellunopress.it\/wp-content\/uploads\/2010\/09\/autostrada.jpg\"><img loading=\"lazy\" decoding=\"async\" class=\"alignleft size-medium wp-image-19420\" title=\"autostrada\" src=\"http:\/\/www.bellunopress.it\/wp-content\/uploads\/2010\/09\/autostrada.jpg\" alt=\"\" width=\"280\" height=\"187\" \/><\/a>Ritorniamo a parlare dell&#8217;autostrada A27. A darci l&#8217;occasione \u00e8 il Movimento 5 Stelle Beppe Grillo che nella nota che pubblichiamo prosegue la sua aspra critica al progetto di prolungamento autostradale verso il Cadore. La storia si ripete, insomma, per questa travagliata tratta nata come progetto Venezia-Monaco, che nel 1969 aveva in tasca le delibere favorevoli di tutti i Comuni interessati e il 70% della popolazione (vedasi interrogazione parlamentare qui di seguito riprodotta dell&#8217;onorevole Protti che ne sollecitava la realizzazione) e anche i finanziamenti. E poi venne ostacolata dalla politica: allora lo scontro era tra democristiani e comunisti, con manifestazioni di protesta di quest&#8217;ultimi sul Fadalto. Alla fine, nel 1972, l&#8217;autostrada A27 si fece solo fino a Vittorio Veneto. Per superare il Fadalto e arrivare in provincia di Belluno, fino a Pian di Vedoia (Ponte nelle Alpi) dovremo attendere il 1995. Oggi ci risiamo, c&#8217;\u00e8 ancora chi combatte una battaglia di retroguardia, per impedire lo sbocco di quello che potrebbe diventare un importante corridoio di collegamento con il Nord Europa in alternativa a Tarvisio e al Brennero. Ma ecco le osservazioni del Movimento 5 Stelle di Belluno.\u00a0 \u201cAlla gente del Cadore e dell&#8217;intera comunit\u00e0 Bellunese non \u00e8 stato chiesto alcun parere a riguardo &#8211; afferma il Movimento 5 Stelle &#8211; Le decisioni sono state prese dall&#8217;alto e portate a conoscenza della popolazione a giochi compiuti, nell&#8217;interesse di speculatori, faccendieri e politici fuorviati, a scapito del territorio e dei suoi abitanti. Tutti parlano di benefici per il territorio che porterebbe quest&#8217;opera, tralasciando per\u00f2 degli elementi che non \u00e8 dato sapere ai pi\u00f9. Oltre al fatto che quest&#8217;opera dovrebbe essere costruita in una zona denominata \u201cDOLOMITI PATRIMONIO DELL&#8217; UMANITA\u201d, che non \u00e8 poca cosa, e che Austria, Trentino Alto Adige e Friuli Venezia Giulia hanno negato il passaggio dell\u2019autostrada nel loro territorio, i finanziatori hanno imposto dei vincoli per la realizzazione di tale scempio:<br \/>\n&#8211; per rientrare dalle spese di costruzione, per le quali \u00e8 stato acceso un mutuo di 1043,45 milioni di euro, \u00e8 previsto un oneroso pagamento di pedaggio quantificato in 6 euro circa per le auto e 23 euro circa per i mezzi pesanti, con licenza di aumentare tale pedaggio, per percorrere 21 Km di strada.<br \/>\n&#8211; Vige l\u2019obbligo per i non residenti di usufruire dell&#8217;autostrada.<br \/>\n&#8211; Non potranno essere costruite alternative stradali.<br \/>\n&#8211; Non potranno essere eseguite opere di manutenzione delle strade gi\u00e0 esistenti per un periodo di 40 anni fino a copertura delle spese di investimento con relativo guadagno.<br \/>\n&#8211; Divieto di superare i 30Km orari su strade gi\u00e0 esistenti.<br \/>\n&#8211; In caso di mancato adempimento dei patti vincolanti da parte delle istituzioni (regione, provincia) vi sar\u00e0 una penale i cui costi ricadranno sui cittadini sottoforma di tasse.<br \/>\nOltre ai vincoli sopra esposti, bisogna tener presente dell&#8217;enorme spreco di denaro pubblico e dei danni che porter\u00e0 al territorio un\u2019opera che riteniamo inutile e dannosa, in quanto porter\u00e0 solo povert\u00e0 e miseria nelle nostre valli e far\u00e0 s\u00ec che continui lo spopolamento della montagna Bellunese fino alla sua definitiva morte.<br \/>\nInoltre \u00e8 di questi giorni la notizia della soppressione della tratta ferroviaria Ponte nelle Alpi- Calalzo con la scusante di lavori sulla tratta stessa: non sar\u00e0 che ci vogliono togliere ancora qualche servizio sul territorio obbligando chi sale e scende dalle Dolomiti ad usare l&#8217;auto per agevolare progetti speculativi? Cnquant&#8217;anni fa ci han fregato con le dighe, oggi ci vogliono fregare con l&#8217;autostrada. Se vogliamo veramente rimanere a vivere in montagna, Cadorini e non, su con le antenne!\u201d Conclude la nota a firma del referente provinciale Adriano Marengon Movimento 5 Stelle Belluno &#8211;\u00a0<\/p>\n<p><strong>Atti Parlamentari \u2014 3939 \u2014 Camera dei Deputati\u00a0 V LEGISLATURA &#8211; DISCUSSIONI &#8211; SEDUTA POMERIDIANA DEL 21 GENNAIO 1969<\/strong><br \/>\nPROTTI. \u2014 Ai Ministri dei lavori pubblici e delle partecipazioni statali. \u2014 Per conoscere, &#8211; premesso che, nella attuale realt\u00e0 la societ\u00e0 Autostrade (gruppo IRI) progetta, . Finanzia e gestir\u00e0 l &#8216; attuanda autostrada Venezia-Monaco \u2013 per quali specifici motivi tecnici, di costo o di altro genere, il progetto del &#8211; la variante dell&#8217;autostrada suddetta, redatto dall&#8217;ingegnere capo\u00a0 dell&#8217;Amministrazione provinciale di Belluno, relativa al tratto Vittorio Veneto-Ponte nelle Alpi sottopassante i l\u00a0 Col Visentin,\u00a0 depositato il 17 febbraio 1964 nelle mani del Ministro dei lavori pubblici di allora, onorevole Pieraccini, e presso la direzione generale dell&#8217;ANAS, corredato dal &#8211; le delibere e voti favorevoli di tutti i comuni interessati e rappresentanti circa il 70<br \/>\nper cento della popolazione della provincia bellunese, dalle adesioni sollecitatorie dei partiti politici, delle associazioni di categoria, degli Enti pubblici economici, nonostante le innumeri promesse della sua presa in considerazione al momento opportuno sia sempre stato ignorato, pur che nel completo rispetto dei principi che presiedono la costruzione delle autostrade di montagna, proponesse la soluzione pi\u00f9 logica ed utile al sempre auspicato collegamento del Bellunese, della sinistra Piave e dell&#8217;Agordino con Conegliano Veneto, assolutamente necessario a dare quella propulsione di vita industriale, turistica, commerciale ed agricola alle tre popolose e bellissime zone, ancor oggi tanto depresse. E da tener presente che, fatto centro Belluno, con il progetto in fase di preparazione esecutiva via Fadalto, per arrivare a Conegliano Veneto, punto di incontro di tutte le diramazioni autostradali per il nord-sud-est-ovest, un automezzo dovrebbe percorrere, fra andata e ritorno, circa 40 chilometri in pi\u00f9 che sottopassando il Visentin con evidente notevole incidenza sui costi e sui prodotti ; che in attualit\u00e0 l&#8217;ENEL ha realizzato sulle pendici del Col Visentin, proprio nei pressi del luogo ove dovrebbe sfociare il proposto traforo gallerie di circa 2 chilometri ed \u00e8 quindi in grado di fornire alla societ\u00e0 dell&#8217;Autostrada tutti i dati relativi alla natura della roccia e al costo dello scavo, senza che essa sia obbligata a nuove spese; che inoltre la realizzazione del traforo di cui si tratta (simile a quello di Monte Rocco tra Avezzano e L&#8217;Aquila) renderebbe possibile sul vicino grande altipiano di Valpiana la costruzione di un altiporto che, durante i nebbiosi mesi dell&#8217;autunno e dell&#8217;inverno, potrebbe anche sostituire, almeno per il volo diurno, essendo sempre esente da nebbia, l&#8217;aeroporto di Tessera e dal quale Venezia disterebbe circa 50 chilometri e Cortina d&#8217;Ampezzo circa 80 chilometri. Tutto quanto precede sarebbe conforme\u00a0 alle direttive indicate nel piano di sviluppo economico regionale veneto . (4-03503)<\/p>\n<p><span style=\"font-family: Times New Roman, serif;\"><\/span><\/p>","protected":false},"excerpt":{"rendered":"<p>Ritorniamo a parlare dell&#8217;autostrada A27. A darci l&#8217;occasione \u00e8 il Movimento 5 Stelle Beppe Grillo che nella nota che pubblichiamo prosegue la sua aspra critica al progetto di prolungamento autostradale verso il Cadore. La storia si ripete, insomma, per questa travagliata tratta nata come progetto Venezia-Monaco, che nel 1969 aveva in tasca le delibere favorevoli [&hellip;]<\/p>\n","protected":false},"author":2,"featured_media":0,"comment_status":"closed","ping_status":"open","sticky":false,"template":"","format":"standard","meta":{"footnotes":""},"categories":[5,49],"tags":[580],"class_list":["post-19419","post","type-post","status-publish","format-standard","category-cronaca","category-speciali","tag-a27"],"yoast_head":"<!-- This site is optimized with the Yoast SEO plugin v28.4 - https:\/\/yoast.com\/product\/yoast-seo-wordpress\/ -->\n<title>Prolungamento dell&#039;autostrada A27, la storia si ripete. I motivi del no del Movimento 5 Stelle Belluno. L&#039;interrogazione parlamentare del 1969 a favore del progetto del 1964 della Venezia-Monaco - Bellunopress - Dolomiti<\/title>\n<meta name=\"robots\" content=\"index, follow, max-snippet:-1, max-image-preview:large, max-video-preview:-1\" \/>\n<link rel=\"canonical\" href=\"https:\/\/www.bellunopress.it\/fr\/2010\/09\/22\/prolungamento-dellautostrada-a27-la-storia-si-ripete-i-motivi-del-no-del-movimento-5-stelle-belluno-linterrogazione-parlamentare-del-1969-a-favore-del-progetto-del-1964-della-venezia-monaco\/\" \/>\n<meta property=\"og:locale\" content=\"fr_FR\" \/>\n<meta property=\"og:type\" content=\"article\" \/>\n<meta property=\"og:title\" content=\"Prolungamento dell&#039;autostrada A27, la storia si ripete. I motivi del no del Movimento 5 Stelle Belluno. L&#039;interrogazione parlamentare del 1969 a favore del progetto del 1964 della Venezia-Monaco - Bellunopress - Dolomiti\" \/>\n<meta property=\"og:description\" content=\"Ritorniamo a parlare dell&#8217;autostrada A27. A darci l&#8217;occasione \u00e8 il Movimento 5 Stelle Beppe Grillo che nella nota che pubblichiamo prosegue la sua aspra critica al progetto di prolungamento autostradale verso il Cadore. La storia si ripete, insomma, per questa travagliata tratta nata come progetto Venezia-Monaco, che nel 1969 aveva in tasca le delibere favorevoli [&hellip;]\" \/>\n<meta property=\"og:url\" content=\"https:\/\/www.bellunopress.it\/fr\/2010\/09\/22\/prolungamento-dellautostrada-a27-la-storia-si-ripete-i-motivi-del-no-del-movimento-5-stelle-belluno-linterrogazione-parlamentare-del-1969-a-favore-del-progetto-del-1964-della-venezia-monaco\/\" \/>\n<meta property=\"og:site_name\" content=\"Bellunopress - Dolomiti\" \/>\n<meta property=\"article:publisher\" content=\"https:\/\/www.facebook.com\/profile.php?id=100008943462799\" \/>\n<meta property=\"article:published_time\" content=\"2010-09-22T13:59:08+00:00\" \/>\n<meta property=\"og:image\" content=\"http:\/\/www.bellunopress.it\/wp-content\/uploads\/2010\/09\/autostrada.jpg\" \/>\n<meta name=\"author\" content=\"redazione\" \/>\n<meta name=\"twitter:card\" content=\"summary_large_image\" \/>\n<meta name=\"twitter:creator\" content=\"@bellunopress\" \/>\n<meta name=\"twitter:site\" content=\"@bellunopress\" \/>\n<meta name=\"twitter:label1\" content=\"\u00c9crit par\" \/>\n\t<meta name=\"twitter:data1\" content=\"redazione\" \/>\n\t<meta name=\"twitter:label2\" content=\"Dur\u00e9e de lecture estim\u00e9e\" \/>\n\t<meta name=\"twitter:data2\" content=\"5 minutes\" \/>\n<script type=\"application\/ld+json\" class=\"yoast-schema-graph\">{\"@context\":\"https:\\\/\\\/schema.org\",\"@graph\":[{\"@type\":\"Article\",\"@id\":\"https:\\\/\\\/www.bellunopress.it\\\/2010\\\/09\\\/22\\\/prolungamento-dellautostrada-a27-la-storia-si-ripete-i-motivi-del-no-del-movimento-5-stelle-belluno-linterrogazione-parlamentare-del-1969-a-favore-del-progetto-del-1964-della-venezia-monaco\\\/#article\",\"isPartOf\":{\"@id\":\"https:\\\/\\\/www.bellunopress.it\\\/2010\\\/09\\\/22\\\/prolungamento-dellautostrada-a27-la-storia-si-ripete-i-motivi-del-no-del-movimento-5-stelle-belluno-linterrogazione-parlamentare-del-1969-a-favore-del-progetto-del-1964-della-venezia-monaco\\\/\"},\"author\":{\"name\":\"redazione\",\"@id\":\"https:\\\/\\\/www.bellunopress.it\\\/#\\\/schema\\\/person\\\/79bb06722b37ece1c03d3e94beb30d73\"},\"headline\":\"Prolungamento dell&#8217;autostrada A27, la storia si ripete. I motivi del no del Movimento 5 Stelle Belluno. L&#8217;interrogazione parlamentare del 1969 a favore del progetto del 1964 della Venezia-Monaco\",\"datePublished\":\"2010-09-22T13:59:08+00:00\",\"mainEntityOfPage\":{\"@id\":\"https:\\\/\\\/www.bellunopress.it\\\/2010\\\/09\\\/22\\\/prolungamento-dellautostrada-a27-la-storia-si-ripete-i-motivi-del-no-del-movimento-5-stelle-belluno-linterrogazione-parlamentare-del-1969-a-favore-del-progetto-del-1964-della-venezia-monaco\\\/\"},\"wordCount\":1047,\"publisher\":{\"@id\":\"https:\\\/\\\/www.bellunopress.it\\\/#organization\"},\"image\":{\"@id\":\"https:\\\/\\\/www.bellunopress.it\\\/2010\\\/09\\\/22\\\/prolungamento-dellautostrada-a27-la-storia-si-ripete-i-motivi-del-no-del-movimento-5-stelle-belluno-linterrogazione-parlamentare-del-1969-a-favore-del-progetto-del-1964-della-venezia-monaco\\\/#primaryimage\"},\"thumbnailUrl\":\"http:\\\/\\\/www.bellunopress.it\\\/wp-content\\\/uploads\\\/2010\\\/09\\\/autostrada.jpg\",\"keywords\":[\"A27\"],\"articleSection\":[\"Cronaca\\\/Politica\",\"Gli speciali di Bellunopress\"],\"inLanguage\":\"fr-FR\"},{\"@type\":\"WebPage\",\"@id\":\"https:\\\/\\\/www.bellunopress.it\\\/2010\\\/09\\\/22\\\/prolungamento-dellautostrada-a27-la-storia-si-ripete-i-motivi-del-no-del-movimento-5-stelle-belluno-linterrogazione-parlamentare-del-1969-a-favore-del-progetto-del-1964-della-venezia-monaco\\\/\",\"url\":\"https:\\\/\\\/www.bellunopress.it\\\/2010\\\/09\\\/22\\\/prolungamento-dellautostrada-a27-la-storia-si-ripete-i-motivi-del-no-del-movimento-5-stelle-belluno-linterrogazione-parlamentare-del-1969-a-favore-del-progetto-del-1964-della-venezia-monaco\\\/\",\"name\":\"Prolungamento dell'autostrada A27, la storia si ripete. I motivi del no del Movimento 5 Stelle Belluno. L'interrogazione parlamentare del 1969 a favore del progetto del 1964 della Venezia-Monaco - Bellunopress - Dolomiti\",\"isPartOf\":{\"@id\":\"https:\\\/\\\/www.bellunopress.it\\\/#website\"},\"primaryImageOfPage\":{\"@id\":\"https:\\\/\\\/www.bellunopress.it\\\/2010\\\/09\\\/22\\\/prolungamento-dellautostrada-a27-la-storia-si-ripete-i-motivi-del-no-del-movimento-5-stelle-belluno-linterrogazione-parlamentare-del-1969-a-favore-del-progetto-del-1964-della-venezia-monaco\\\/#primaryimage\"},\"image\":{\"@id\":\"https:\\\/\\\/www.bellunopress.it\\\/2010\\\/09\\\/22\\\/prolungamento-dellautostrada-a27-la-storia-si-ripete-i-motivi-del-no-del-movimento-5-stelle-belluno-linterrogazione-parlamentare-del-1969-a-favore-del-progetto-del-1964-della-venezia-monaco\\\/#primaryimage\"},\"thumbnailUrl\":\"http:\\\/\\\/www.bellunopress.it\\\/wp-content\\\/uploads\\\/2010\\\/09\\\/autostrada.jpg\",\"datePublished\":\"2010-09-22T13:59:08+00:00\",\"breadcrumb\":{\"@id\":\"https:\\\/\\\/www.bellunopress.it\\\/2010\\\/09\\\/22\\\/prolungamento-dellautostrada-a27-la-storia-si-ripete-i-motivi-del-no-del-movimento-5-stelle-belluno-linterrogazione-parlamentare-del-1969-a-favore-del-progetto-del-1964-della-venezia-monaco\\\/#breadcrumb\"},\"inLanguage\":\"fr-FR\",\"potentialAction\":[{\"@type\":\"ReadAction\",\"target\":[\"https:\\\/\\\/www.bellunopress.it\\\/2010\\\/09\\\/22\\\/prolungamento-dellautostrada-a27-la-storia-si-ripete-i-motivi-del-no-del-movimento-5-stelle-belluno-linterrogazione-parlamentare-del-1969-a-favore-del-progetto-del-1964-della-venezia-monaco\\\/\"]}]},{\"@type\":\"ImageObject\",\"inLanguage\":\"fr-FR\",\"@id\":\"https:\\\/\\\/www.bellunopress.it\\\/2010\\\/09\\\/22\\\/prolungamento-dellautostrada-a27-la-storia-si-ripete-i-motivi-del-no-del-movimento-5-stelle-belluno-linterrogazione-parlamentare-del-1969-a-favore-del-progetto-del-1964-della-venezia-monaco\\\/#primaryimage\",\"url\":\"http:\\\/\\\/www.bellunopress.it\\\/wp-content\\\/uploads\\\/2010\\\/09\\\/autostrada.jpg\",\"contentUrl\":\"http:\\\/\\\/www.bellunopress.it\\\/wp-content\\\/uploads\\\/2010\\\/09\\\/autostrada.jpg\"},{\"@type\":\"BreadcrumbList\",\"@id\":\"https:\\\/\\\/www.bellunopress.it\\\/2010\\\/09\\\/22\\\/prolungamento-dellautostrada-a27-la-storia-si-ripete-i-motivi-del-no-del-movimento-5-stelle-belluno-linterrogazione-parlamentare-del-1969-a-favore-del-progetto-del-1964-della-venezia-monaco\\\/#breadcrumb\",\"itemListElement\":[{\"@type\":\"ListItem\",\"position\":1,\"name\":\"Home\",\"item\":\"https:\\\/\\\/www.bellunopress.it\\\/\"},{\"@type\":\"ListItem\",\"position\":2,\"name\":\"Prolungamento dell&#8217;autostrada A27, la storia si ripete. I motivi del no del Movimento 5 Stelle Belluno. L&#8217;interrogazione parlamentare del 1969 a favore del progetto del 1964 della Venezia-Monaco\"}]},{\"@type\":\"WebSite\",\"@id\":\"https:\\\/\\\/www.bellunopress.it\\\/#website\",\"url\":\"https:\\\/\\\/www.bellunopress.it\\\/\",\"name\":\"Bellunopress - Dolomiti\",\"description\":\"e-mail: redazione@bellunopress.it\",\"publisher\":{\"@id\":\"https:\\\/\\\/www.bellunopress.it\\\/#organization\"},\"potentialAction\":[{\"@type\":\"SearchAction\",\"target\":{\"@type\":\"EntryPoint\",\"urlTemplate\":\"https:\\\/\\\/www.bellunopress.it\\\/?s={search_term_string}\"},\"query-input\":{\"@type\":\"PropertyValueSpecification\",\"valueRequired\":true,\"valueName\":\"search_term_string\"}}],\"inLanguage\":\"fr-FR\"},{\"@type\":\"Organization\",\"@id\":\"https:\\\/\\\/www.bellunopress.it\\\/#organization\",\"name\":\"Bellunopress\",\"url\":\"https:\\\/\\\/www.bellunopress.it\\\/\",\"logo\":{\"@type\":\"ImageObject\",\"inLanguage\":\"fr-FR\",\"@id\":\"https:\\\/\\\/www.bellunopress.it\\\/#\\\/schema\\\/logo\\\/image\\\/\",\"url\":\"https:\\\/\\\/www.bellunopress.it\\\/wp-content\\\/uploads\\\/2011\\\/05\\\/cropped-logo-bellunopress-.jpg\",\"contentUrl\":\"https:\\\/\\\/www.bellunopress.it\\\/wp-content\\\/uploads\\\/2011\\\/05\\\/cropped-logo-bellunopress-.jpg\",\"width\":512,\"height\":512,\"caption\":\"Bellunopress\"},\"image\":{\"@id\":\"https:\\\/\\\/www.bellunopress.it\\\/#\\\/schema\\\/logo\\\/image\\\/\"},\"sameAs\":[\"https:\\\/\\\/www.facebook.com\\\/profile.php?id=100008943462799\",\"https:\\\/\\\/x.com\\\/bellunopress\",\"https:\\\/\\\/www.linkedin.com\\\/hp\\\/?dnr=JBzUWaJfMUw8vbXJJ2tVW5-I3jZKvC4wsoxE&amp;amp;amp;amp;amp;amp;trk=nav_responsive_tab_home\",\"https:\\\/\\\/www.youtube.com\\\/channel\\\/UCxL0wu1uN0_3_7hGG0306cw\"]},{\"@type\":\"Person\",\"@id\":\"https:\\\/\\\/www.bellunopress.it\\\/#\\\/schema\\\/person\\\/79bb06722b37ece1c03d3e94beb30d73\",\"name\":\"redazione\",\"image\":{\"@type\":\"ImageObject\",\"inLanguage\":\"fr-FR\",\"@id\":\"https:\\\/\\\/secure.gravatar.com\\\/avatar\\\/37d968a2e67a6fd04c169c4bdef102d0bc5d31b2546345219e348575eb80e9a0?s=96&d=mm&r=g\",\"url\":\"https:\\\/\\\/secure.gravatar.com\\\/avatar\\\/37d968a2e67a6fd04c169c4bdef102d0bc5d31b2546345219e348575eb80e9a0?s=96&d=mm&r=g\",\"contentUrl\":\"https:\\\/\\\/secure.gravatar.com\\\/avatar\\\/37d968a2e67a6fd04c169c4bdef102d0bc5d31b2546345219e348575eb80e9a0?s=96&d=mm&r=g\",\"caption\":\"redazione\"},\"sameAs\":[\"http:\\\/\\\/www.bellunopress.it\",\"https:\\\/\\\/x.com\\\/bellunopress\"],\"url\":\"https:\\\/\\\/www.bellunopress.it\\\/fr\\\/author\\\/redazione\\\/\"}]}<\/script>\n<!-- \/ Yoast SEO plugin. -->","yoast_head_json":{"title":"Prolungamento dell'autostrada A27, la storia si ripete. I motivi del no del Movimento 5 Stelle Belluno. L'interrogazione parlamentare del 1969 a favore del progetto del 1964 della Venezia-Monaco - Bellunopress - Dolomiti","robots":{"index":"index","follow":"follow","max-snippet":"max-snippet:-1","max-image-preview":"max-image-preview:large","max-video-preview":"max-video-preview:-1"},"canonical":"https:\/\/www.bellunopress.it\/fr\/2010\/09\/22\/prolungamento-dellautostrada-a27-la-storia-si-ripete-i-motivi-del-no-del-movimento-5-stelle-belluno-linterrogazione-parlamentare-del-1969-a-favore-del-progetto-del-1964-della-venezia-monaco\/","og_locale":"fr_FR","og_type":"article","og_title":"Prolungamento dell'autostrada A27, la storia si ripete. I motivi del no del Movimento 5 Stelle Belluno. L'interrogazione parlamentare del 1969 a favore del progetto del 1964 della Venezia-Monaco - Bellunopress - Dolomiti","og_description":"Ritorniamo a parlare dell&#8217;autostrada A27. A darci l&#8217;occasione \u00e8 il Movimento 5 Stelle Beppe Grillo che nella nota che pubblichiamo prosegue la sua aspra critica al progetto di prolungamento autostradale verso il Cadore. La storia si ripete, insomma, per questa travagliata tratta nata come progetto Venezia-Monaco, che nel 1969 aveva in tasca le delibere favorevoli [&hellip;]","og_url":"https:\/\/www.bellunopress.it\/fr\/2010\/09\/22\/prolungamento-dellautostrada-a27-la-storia-si-ripete-i-motivi-del-no-del-movimento-5-stelle-belluno-linterrogazione-parlamentare-del-1969-a-favore-del-progetto-del-1964-della-venezia-monaco\/","og_site_name":"Bellunopress - Dolomiti","article_publisher":"https:\/\/www.facebook.com\/profile.php?id=100008943462799","article_published_time":"2010-09-22T13:59:08+00:00","og_image":[{"url":"http:\/\/www.bellunopress.it\/wp-content\/uploads\/2010\/09\/autostrada.jpg","type":"","width":"","height":""}],"author":"redazione","twitter_card":"summary_large_image","twitter_creator":"@bellunopress","twitter_site":"@bellunopress","twitter_misc":{"\u00c9crit par":"redazione","Dur\u00e9e de lecture estim\u00e9e":"5 minutes"},"schema":{"@context":"https:\/\/schema.org","@graph":[{"@type":"Article","@id":"https:\/\/www.bellunopress.it\/2010\/09\/22\/prolungamento-dellautostrada-a27-la-storia-si-ripete-i-motivi-del-no-del-movimento-5-stelle-belluno-linterrogazione-parlamentare-del-1969-a-favore-del-progetto-del-1964-della-venezia-monaco\/#article","isPartOf":{"@id":"https:\/\/www.bellunopress.it\/2010\/09\/22\/prolungamento-dellautostrada-a27-la-storia-si-ripete-i-motivi-del-no-del-movimento-5-stelle-belluno-linterrogazione-parlamentare-del-1969-a-favore-del-progetto-del-1964-della-venezia-monaco\/"},"author":{"name":"redazione","@id":"https:\/\/www.bellunopress.it\/#\/schema\/person\/79bb06722b37ece1c03d3e94beb30d73"},"headline":"Prolungamento dell&#8217;autostrada A27, la storia si ripete. I motivi del no del Movimento 5 Stelle Belluno. L&#8217;interrogazione parlamentare del 1969 a favore del progetto del 1964 della Venezia-Monaco","datePublished":"2010-09-22T13:59:08+00:00","mainEntityOfPage":{"@id":"https:\/\/www.bellunopress.it\/2010\/09\/22\/prolungamento-dellautostrada-a27-la-storia-si-ripete-i-motivi-del-no-del-movimento-5-stelle-belluno-linterrogazione-parlamentare-del-1969-a-favore-del-progetto-del-1964-della-venezia-monaco\/"},"wordCount":1047,"publisher":{"@id":"https:\/\/www.bellunopress.it\/#organization"},"image":{"@id":"https:\/\/www.bellunopress.it\/2010\/09\/22\/prolungamento-dellautostrada-a27-la-storia-si-ripete-i-motivi-del-no-del-movimento-5-stelle-belluno-linterrogazione-parlamentare-del-1969-a-favore-del-progetto-del-1964-della-venezia-monaco\/#primaryimage"},"thumbnailUrl":"http:\/\/www.bellunopress.it\/wp-content\/uploads\/2010\/09\/autostrada.jpg","keywords":["A27"],"articleSection":["Cronaca\/Politica","Gli speciali di Bellunopress"],"inLanguage":"fr-FR"},{"@type":"WebPage","@id":"https:\/\/www.bellunopress.it\/2010\/09\/22\/prolungamento-dellautostrada-a27-la-storia-si-ripete-i-motivi-del-no-del-movimento-5-stelle-belluno-linterrogazione-parlamentare-del-1969-a-favore-del-progetto-del-1964-della-venezia-monaco\/","url":"https:\/\/www.bellunopress.it\/2010\/09\/22\/prolungamento-dellautostrada-a27-la-storia-si-ripete-i-motivi-del-no-del-movimento-5-stelle-belluno-linterrogazione-parlamentare-del-1969-a-favore-del-progetto-del-1964-della-venezia-monaco\/","name":"Prolungamento dell'autostrada A27, la storia si ripete. I motivi del no del Movimento 5 Stelle Belluno. L'interrogazione parlamentare del 1969 a favore del progetto del 1964 della Venezia-Monaco - Bellunopress - Dolomiti","isPartOf":{"@id":"https:\/\/www.bellunopress.it\/#website"},"primaryImageOfPage":{"@id":"https:\/\/www.bellunopress.it\/2010\/09\/22\/prolungamento-dellautostrada-a27-la-storia-si-ripete-i-motivi-del-no-del-movimento-5-stelle-belluno-linterrogazione-parlamentare-del-1969-a-favore-del-progetto-del-1964-della-venezia-monaco\/#primaryimage"},"image":{"@id":"https:\/\/www.bellunopress.it\/2010\/09\/22\/prolungamento-dellautostrada-a27-la-storia-si-ripete-i-motivi-del-no-del-movimento-5-stelle-belluno-linterrogazione-parlamentare-del-1969-a-favore-del-progetto-del-1964-della-venezia-monaco\/#primaryimage"},"thumbnailUrl":"http:\/\/www.bellunopress.it\/wp-content\/uploads\/2010\/09\/autostrada.jpg","datePublished":"2010-09-22T13:59:08+00:00","breadcrumb":{"@id":"https:\/\/www.bellunopress.it\/2010\/09\/22\/prolungamento-dellautostrada-a27-la-storia-si-ripete-i-motivi-del-no-del-movimento-5-stelle-belluno-linterrogazione-parlamentare-del-1969-a-favore-del-progetto-del-1964-della-venezia-monaco\/#breadcrumb"},"inLanguage":"fr-FR","potentialAction":[{"@type":"ReadAction","target":["https:\/\/www.bellunopress.it\/2010\/09\/22\/prolungamento-dellautostrada-a27-la-storia-si-ripete-i-motivi-del-no-del-movimento-5-stelle-belluno-linterrogazione-parlamentare-del-1969-a-favore-del-progetto-del-1964-della-venezia-monaco\/"]}]},{"@type":"ImageObject","inLanguage":"fr-FR","@id":"https:\/\/www.bellunopress.it\/2010\/09\/22\/prolungamento-dellautostrada-a27-la-storia-si-ripete-i-motivi-del-no-del-movimento-5-stelle-belluno-linterrogazione-parlamentare-del-1969-a-favore-del-progetto-del-1964-della-venezia-monaco\/#primaryimage","url":"http:\/\/www.bellunopress.it\/wp-content\/uploads\/2010\/09\/autostrada.jpg","contentUrl":"http:\/\/www.bellunopress.it\/wp-content\/uploads\/2010\/09\/autostrada.jpg"},{"@type":"BreadcrumbList","@id":"https:\/\/www.bellunopress.it\/2010\/09\/22\/prolungamento-dellautostrada-a27-la-storia-si-ripete-i-motivi-del-no-del-movimento-5-stelle-belluno-linterrogazione-parlamentare-del-1969-a-favore-del-progetto-del-1964-della-venezia-monaco\/#breadcrumb","itemListElement":[{"@type":"ListItem","position":1,"name":"Home","item":"https:\/\/www.bellunopress.it\/"},{"@type":"ListItem","position":2,"name":"Prolungamento dell&#8217;autostrada A27, la storia si ripete. I motivi del no del Movimento 5 Stelle Belluno. L&#8217;interrogazione parlamentare del 1969 a favore del progetto del 1964 della Venezia-Monaco"}]},{"@type":"WebSite","@id":"https:\/\/www.bellunopress.it\/#website","url":"https:\/\/www.bellunopress.it\/","name":"Bellunopress - Dolomiti","description":"e-mail: redazione@bellunopress.it","publisher":{"@id":"https:\/\/www.bellunopress.it\/#organization"},"potentialAction":[{"@type":"SearchAction","target":{"@type":"EntryPoint","urlTemplate":"https:\/\/www.bellunopress.it\/?s={search_term_string}"},"query-input":{"@type":"PropertyValueSpecification","valueRequired":true,"valueName":"search_term_string"}}],"inLanguage":"fr-FR"},{"@type":"Organization","@id":"https:\/\/www.bellunopress.it\/#organization","name":"Bellunopress","url":"https:\/\/www.bellunopress.it\/","logo":{"@type":"ImageObject","inLanguage":"fr-FR","@id":"https:\/\/www.bellunopress.it\/#\/schema\/logo\/image\/","url":"https:\/\/www.bellunopress.it\/wp-content\/uploads\/2011\/05\/cropped-logo-bellunopress-.jpg","contentUrl":"https:\/\/www.bellunopress.it\/wp-content\/uploads\/2011\/05\/cropped-logo-bellunopress-.jpg","width":512,"height":512,"caption":"Bellunopress"},"image":{"@id":"https:\/\/www.bellunopress.it\/#\/schema\/logo\/image\/"},"sameAs":["https:\/\/www.facebook.com\/profile.php?id=100008943462799","https:\/\/x.com\/bellunopress","https:\/\/www.linkedin.com\/hp\/?dnr=JBzUWaJfMUw8vbXJJ2tVW5-I3jZKvC4wsoxE&amp;amp;amp;amp;amp;amp;trk=nav_responsive_tab_home","https:\/\/www.youtube.com\/channel\/UCxL0wu1uN0_3_7hGG0306cw"]},{"@type":"Person","@id":"https:\/\/www.bellunopress.it\/#\/schema\/person\/79bb06722b37ece1c03d3e94beb30d73","name":"r\u00e9daction","image":{"@type":"ImageObject","inLanguage":"fr-FR","@id":"https:\/\/secure.gravatar.com\/avatar\/37d968a2e67a6fd04c169c4bdef102d0bc5d31b2546345219e348575eb80e9a0?s=96&d=mm&r=g","url":"https:\/\/secure.gravatar.com\/avatar\/37d968a2e67a6fd04c169c4bdef102d0bc5d31b2546345219e348575eb80e9a0?s=96&d=mm&r=g","contentUrl":"https:\/\/secure.gravatar.com\/avatar\/37d968a2e67a6fd04c169c4bdef102d0bc5d31b2546345219e348575eb80e9a0?s=96&d=mm&r=g","caption":"redazione"},"sameAs":["http:\/\/www.bellunopress.it","https:\/\/x.com\/bellunopress"],"url":"https:\/\/www.bellunopress.it\/fr\/author\/redazione\/"}]}},"_links":{"self":[{"href":"https:\/\/www.bellunopress.it\/fr\/wp-json\/wp\/v2\/posts\/19419","targetHints":{"allow":["GET"]}}],"collection":[{"href":"https:\/\/www.bellunopress.it\/fr\/wp-json\/wp\/v2\/posts"}],"about":[{"href":"https:\/\/www.bellunopress.it\/fr\/wp-json\/wp\/v2\/types\/post"}],"author":[{"embeddable":true,"href":"https:\/\/www.bellunopress.it\/fr\/wp-json\/wp\/v2\/users\/2"}],"replies":[{"embeddable":true,"href":"https:\/\/www.bellunopress.it\/fr\/wp-json\/wp\/v2\/comments?post=19419"}],"version-history":[{"count":1,"href":"https:\/\/www.bellunopress.it\/fr\/wp-json\/wp\/v2\/posts\/19419\/revisions"}],"predecessor-version":[{"id":19421,"href":"https:\/\/www.bellunopress.it\/fr\/wp-json\/wp\/v2\/posts\/19419\/revisions\/19421"}],"wp:attachment":[{"href":"https:\/\/www.bellunopress.it\/fr\/wp-json\/wp\/v2\/media?parent=19419"}],"wp:term":[{"taxonomy":"category","embeddable":true,"href":"https:\/\/www.bellunopress.it\/fr\/wp-json\/wp\/v2\/categories?post=19419"},{"taxonomy":"post_tag","embeddable":true,"href":"https:\/\/www.bellunopress.it\/fr\/wp-json\/wp\/v2\/tags?post=19419"}],"curies":[{"name":"wp","href":"https:\/\/api.w.org\/{rel}","templated":true}]}}