{"id":19417,"date":"2010-09-22T12:28:09","date_gmt":"2010-09-22T11:28:09","guid":{"rendered":"http:\/\/www.bellunopress.it\/?p=19417"},"modified":"2010-09-22T12:28:09","modified_gmt":"2010-09-22T11:28:09","slug":"sabato-a-tutto-jazz-allosteria-al-faore-a-cencenighe","status":"publish","type":"post","link":"https:\/\/www.bellunopress.it\/fr\/2010\/09\/22\/sabato-a-tutto-jazz-allosteria-al-faore-a-cencenighe\/","title":{"rendered":"Sabato a tutto jazz all&#8217;Osteria al Faore a Cencenighe"},"content":{"rendered":"<p>Da San Tomaso a Cencenighe il prodotto musicale non cambia. Sar\u00e0 il trio Lello Gnesutta (basso elettrico), Alessandro Truccolo (batteria), Dario Zennaro (chitarra elettrica) ad \u201cinaugurare musicalmente\u201d l\u2019Osteria del Faore di Cencenighe Agordino nell\u2019ultimo sabato di settembre.<br \/>\nQuesto trio chitarra-basso elettrico-batteria \u00e8 una vera macchina da \u201cgroove\u201d funky. Il gruppo si ispira alla formazione \u201cfunky\u201d del grande chitarrista \u201cJohn Scotfield\u201d, al periodo elettrico di Hanckock e alle grandi ritmiche funky dei Tower of Power. Il gruppo sprigiona una carica esplosiva di energia, ricca di suoni anni \u201970 (wah, distorsioni valvolari), e usa queste ritmiche mozzafiato come base per le loro funamboliche improvvisazioni.<br \/>\nI componenti del trio sono musicisti professionisti che vantano numerose collaborazioni in campo jazzistico, sono impegnati anche individualmente in attivit\u00e0 concertistiche e didattiche. Siamo certi che l\u2019affezionato pubblico dell\u2019Osteria alla Posta di San Tomaso Agordino non vorr\u00e0 perdersi questa serata. \u201cLa sede \u00e8 nuova ma la musica \u00e8 la stessa\u201d, assicura Bruno Barito, che dall\u2019Osteria alla Posta a San Tomaso agordino ha traslocato da poco a quella del \u201cFaore\u201d (fabbro) a Cencenighe. Sabato daremo il via alla prima serata che abbiamo deciso dedicare al FunkyJazz. Abbiamo contattato un eccezionale Trio di Venezia e Pordenone, si tratta di eccellenti musicisti che vantano ognuno collaborazioni di livello nazionale ed internazionale. Abbiamo scelto il genere funky come primo evento musicale all&#8217; Osteria del Faore nell&#8217; intenzione di conferire all&#8217; episodio un carattere fortemente emotivo e frizzante. Ritmi incalzanti, brillanti sonorit\u00e0, groove intenso sono infatti caratteristiche tipiche di questo genere musicale. Il modello delle nostre serate musicali \u00e8 conosciuto nel circuito musicale di riferimento e tra gli appassionati, noi contiamo di ricostruire la stessa magica atmosfera in questo sito pi\u00f9 grande e spazioso. Va da s\u00e8 che il sostegno del nostro pubblico \u00e8 una delle componenti fondamentali per il successo della nuova programmazione musicale\u201d.<br \/>\nInfo su www.osteriadelfaore.com<\/p>","protected":false},"excerpt":{"rendered":"<p>Da San Tomaso a Cencenighe il prodotto musicale non cambia. Sar\u00e0 il trio Lello Gnesutta (basso elettrico), Alessandro Truccolo (batteria), Dario Zennaro (chitarra elettrica) ad \u201cinaugurare musicalmente\u201d l\u2019Osteria del Faore di Cencenighe Agordino nell\u2019ultimo sabato di settembre. Questo trio chitarra-basso elettrico-batteria \u00e8 una vera macchina da \u201cgroove\u201d funky. Il gruppo si ispira alla formazione \u201cfunky\u201d [&hellip;]<\/p>\n","protected":false},"author":2,"featured_media":0,"comment_status":"closed","ping_status":"open","sticky":false,"template":"","format":"standard","meta":{"footnotes":""},"categories":[3,25],"tags":[],"class_list":["post-19417","post","type-post","status-publish","format-standard","category-arte-cultura-spettacoli-scienza-archivi","category-pausa-caffe"],"yoast_head":"<!-- This site is optimized with the Yoast SEO plugin v28.4 - https:\/\/yoast.com\/product\/yoast-seo-wordpress\/ -->\n<title>Sabato a tutto jazz all&#039;Osteria al Faore a Cencenighe - Bellunopress - Dolomiti<\/title>\n<meta name=\"robots\" content=\"index, follow, max-snippet:-1, max-image-preview:large, max-video-preview:-1\" \/>\n<link rel=\"canonical\" href=\"https:\/\/www.bellunopress.it\/fr\/2010\/09\/22\/sabato-a-tutto-jazz-allosteria-al-faore-a-cencenighe\/\" \/>\n<meta property=\"og:locale\" content=\"fr_FR\" \/>\n<meta property=\"og:type\" content=\"article\" \/>\n<meta property=\"og:title\" content=\"Sabato a tutto jazz all&#039;Osteria al Faore a Cencenighe - Bellunopress - Dolomiti\" \/>\n<meta property=\"og:description\" content=\"Da San Tomaso a Cencenighe il prodotto musicale non cambia. Sar\u00e0 il trio Lello Gnesutta (basso elettrico), Alessandro Truccolo (batteria), Dario Zennaro (chitarra elettrica) ad \u201cinaugurare musicalmente\u201d l\u2019Osteria del Faore di Cencenighe Agordino nell\u2019ultimo sabato di settembre. Questo trio chitarra-basso elettrico-batteria \u00e8 una vera macchina da \u201cgroove\u201d funky. Il gruppo si ispira alla formazione \u201cfunky\u201d [&hellip;]\" \/>\n<meta property=\"og:url\" content=\"https:\/\/www.bellunopress.it\/fr\/2010\/09\/22\/sabato-a-tutto-jazz-allosteria-al-faore-a-cencenighe\/\" \/>\n<meta property=\"og:site_name\" content=\"Bellunopress - Dolomiti\" \/>\n<meta property=\"article:publisher\" content=\"https:\/\/www.facebook.com\/profile.php?id=100008943462799\" \/>\n<meta property=\"article:published_time\" content=\"2010-09-22T11:28:09+00:00\" \/>\n<meta property=\"og:image\" content=\"http:\/\/www.bellunopress.it\/wp-content\/uploads\/2012\/07\/logo-bellunopress-250x250-2012.jpg\" \/>\n<meta name=\"author\" content=\"redazione\" \/>\n<meta name=\"twitter:card\" content=\"summary_large_image\" \/>\n<meta name=\"twitter:creator\" content=\"@bellunopress\" \/>\n<meta name=\"twitter:site\" content=\"@bellunopress\" \/>\n<meta name=\"twitter:label1\" content=\"\u00c9crit par\" \/>\n\t<meta name=\"twitter:data1\" content=\"redazione\" \/>\n\t<meta name=\"twitter:label2\" content=\"Dur\u00e9e de lecture estim\u00e9e\" \/>\n\t<meta name=\"twitter:data2\" content=\"2 minutes\" \/>\n<script type=\"application\/ld+json\" class=\"yoast-schema-graph\">{\"@context\":\"https:\\\/\\\/schema.org\",\"@graph\":[{\"@type\":\"Article\",\"@id\":\"https:\\\/\\\/www.bellunopress.it\\\/2010\\\/09\\\/22\\\/sabato-a-tutto-jazz-allosteria-al-faore-a-cencenighe\\\/#article\",\"isPartOf\":{\"@id\":\"https:\\\/\\\/www.bellunopress.it\\\/2010\\\/09\\\/22\\\/sabato-a-tutto-jazz-allosteria-al-faore-a-cencenighe\\\/\"},\"author\":{\"name\":\"redazione\",\"@id\":\"https:\\\/\\\/www.bellunopress.it\\\/#\\\/schema\\\/person\\\/79bb06722b37ece1c03d3e94beb30d73\"},\"headline\":\"Sabato a tutto jazz all&#8217;Osteria al Faore a Cencenighe\",\"datePublished\":\"2010-09-22T11:28:09+00:00\",\"mainEntityOfPage\":{\"@id\":\"https:\\\/\\\/www.bellunopress.it\\\/2010\\\/09\\\/22\\\/sabato-a-tutto-jazz-allosteria-al-faore-a-cencenighe\\\/\"},\"wordCount\":316,\"publisher\":{\"@id\":\"https:\\\/\\\/www.bellunopress.it\\\/#organization\"},\"articleSection\":[\"Arte, Cultura, Spettacoli, Scienza\",\"Pausa Caff\u00e8\"],\"inLanguage\":\"fr-FR\"},{\"@type\":\"WebPage\",\"@id\":\"https:\\\/\\\/www.bellunopress.it\\\/2010\\\/09\\\/22\\\/sabato-a-tutto-jazz-allosteria-al-faore-a-cencenighe\\\/\",\"url\":\"https:\\\/\\\/www.bellunopress.it\\\/2010\\\/09\\\/22\\\/sabato-a-tutto-jazz-allosteria-al-faore-a-cencenighe\\\/\",\"name\":\"Sabato a tutto jazz all'Osteria al Faore a Cencenighe - Bellunopress - Dolomiti\",\"isPartOf\":{\"@id\":\"https:\\\/\\\/www.bellunopress.it\\\/#website\"},\"datePublished\":\"2010-09-22T11:28:09+00:00\",\"breadcrumb\":{\"@id\":\"https:\\\/\\\/www.bellunopress.it\\\/2010\\\/09\\\/22\\\/sabato-a-tutto-jazz-allosteria-al-faore-a-cencenighe\\\/#breadcrumb\"},\"inLanguage\":\"fr-FR\",\"potentialAction\":[{\"@type\":\"ReadAction\",\"target\":[\"https:\\\/\\\/www.bellunopress.it\\\/2010\\\/09\\\/22\\\/sabato-a-tutto-jazz-allosteria-al-faore-a-cencenighe\\\/\"]}]},{\"@type\":\"BreadcrumbList\",\"@id\":\"https:\\\/\\\/www.bellunopress.it\\\/2010\\\/09\\\/22\\\/sabato-a-tutto-jazz-allosteria-al-faore-a-cencenighe\\\/#breadcrumb\",\"itemListElement\":[{\"@type\":\"ListItem\",\"position\":1,\"name\":\"Home\",\"item\":\"https:\\\/\\\/www.bellunopress.it\\\/\"},{\"@type\":\"ListItem\",\"position\":2,\"name\":\"Sabato a tutto jazz all&#8217;Osteria al Faore a Cencenighe\"}]},{\"@type\":\"WebSite\",\"@id\":\"https:\\\/\\\/www.bellunopress.it\\\/#website\",\"url\":\"https:\\\/\\\/www.bellunopress.it\\\/\",\"name\":\"Bellunopress - Dolomiti\",\"description\":\"e-mail: redazione@bellunopress.it\",\"publisher\":{\"@id\":\"https:\\\/\\\/www.bellunopress.it\\\/#organization\"},\"potentialAction\":[{\"@type\":\"SearchAction\",\"target\":{\"@type\":\"EntryPoint\",\"urlTemplate\":\"https:\\\/\\\/www.bellunopress.it\\\/?s={search_term_string}\"},\"query-input\":{\"@type\":\"PropertyValueSpecification\",\"valueRequired\":true,\"valueName\":\"search_term_string\"}}],\"inLanguage\":\"fr-FR\"},{\"@type\":\"Organization\",\"@id\":\"https:\\\/\\\/www.bellunopress.it\\\/#organization\",\"name\":\"Bellunopress\",\"url\":\"https:\\\/\\\/www.bellunopress.it\\\/\",\"logo\":{\"@type\":\"ImageObject\",\"inLanguage\":\"fr-FR\",\"@id\":\"https:\\\/\\\/www.bellunopress.it\\\/#\\\/schema\\\/logo\\\/image\\\/\",\"url\":\"https:\\\/\\\/www.bellunopress.it\\\/wp-content\\\/uploads\\\/2011\\\/05\\\/cropped-logo-bellunopress-.jpg\",\"contentUrl\":\"https:\\\/\\\/www.bellunopress.it\\\/wp-content\\\/uploads\\\/2011\\\/05\\\/cropped-logo-bellunopress-.jpg\",\"width\":512,\"height\":512,\"caption\":\"Bellunopress\"},\"image\":{\"@id\":\"https:\\\/\\\/www.bellunopress.it\\\/#\\\/schema\\\/logo\\\/image\\\/\"},\"sameAs\":[\"https:\\\/\\\/www.facebook.com\\\/profile.php?id=100008943462799\",\"https:\\\/\\\/x.com\\\/bellunopress\",\"https:\\\/\\\/www.linkedin.com\\\/hp\\\/?dnr=JBzUWaJfMUw8vbXJJ2tVW5-I3jZKvC4wsoxE&amp;amp;amp;amp;amp;amp;trk=nav_responsive_tab_home\",\"https:\\\/\\\/www.youtube.com\\\/channel\\\/UCxL0wu1uN0_3_7hGG0306cw\"]},{\"@type\":\"Person\",\"@id\":\"https:\\\/\\\/www.bellunopress.it\\\/#\\\/schema\\\/person\\\/79bb06722b37ece1c03d3e94beb30d73\",\"name\":\"redazione\",\"image\":{\"@type\":\"ImageObject\",\"inLanguage\":\"fr-FR\",\"@id\":\"https:\\\/\\\/secure.gravatar.com\\\/avatar\\\/37d968a2e67a6fd04c169c4bdef102d0bc5d31b2546345219e348575eb80e9a0?s=96&d=mm&r=g\",\"url\":\"https:\\\/\\\/secure.gravatar.com\\\/avatar\\\/37d968a2e67a6fd04c169c4bdef102d0bc5d31b2546345219e348575eb80e9a0?s=96&d=mm&r=g\",\"contentUrl\":\"https:\\\/\\\/secure.gravatar.com\\\/avatar\\\/37d968a2e67a6fd04c169c4bdef102d0bc5d31b2546345219e348575eb80e9a0?s=96&d=mm&r=g\",\"caption\":\"redazione\"},\"sameAs\":[\"http:\\\/\\\/www.bellunopress.it\",\"https:\\\/\\\/x.com\\\/bellunopress\"],\"url\":\"https:\\\/\\\/www.bellunopress.it\\\/fr\\\/author\\\/redazione\\\/\"}]}<\/script>\n<!-- \/ Yoast SEO plugin. -->","yoast_head_json":{"title":"Sabato a tutto jazz all'Osteria al Faore a Cencenighe - Bellunopress - Dolomiti","robots":{"index":"index","follow":"follow","max-snippet":"max-snippet:-1","max-image-preview":"max-image-preview:large","max-video-preview":"max-video-preview:-1"},"canonical":"https:\/\/www.bellunopress.it\/fr\/2010\/09\/22\/sabato-a-tutto-jazz-allosteria-al-faore-a-cencenighe\/","og_locale":"fr_FR","og_type":"article","og_title":"Sabato a tutto jazz all'Osteria al Faore a Cencenighe - Bellunopress - Dolomiti","og_description":"Da San Tomaso a Cencenighe il prodotto musicale non cambia. Sar\u00e0 il trio Lello Gnesutta (basso elettrico), Alessandro Truccolo (batteria), Dario Zennaro (chitarra elettrica) ad \u201cinaugurare musicalmente\u201d l\u2019Osteria del Faore di Cencenighe Agordino nell\u2019ultimo sabato di settembre. Questo trio chitarra-basso elettrico-batteria \u00e8 una vera macchina da \u201cgroove\u201d funky. Il gruppo si ispira alla formazione \u201cfunky\u201d [&hellip;]","og_url":"https:\/\/www.bellunopress.it\/fr\/2010\/09\/22\/sabato-a-tutto-jazz-allosteria-al-faore-a-cencenighe\/","og_site_name":"Bellunopress - Dolomiti","article_publisher":"https:\/\/www.facebook.com\/profile.php?id=100008943462799","article_published_time":"2010-09-22T11:28:09+00:00","og_image":[{"url":"http:\/\/www.bellunopress.it\/wp-content\/uploads\/2012\/07\/logo-bellunopress-250x250-2012.jpg","type":"","width":"","height":""}],"author":"redazione","twitter_card":"summary_large_image","twitter_creator":"@bellunopress","twitter_site":"@bellunopress","twitter_misc":{"\u00c9crit par":"redazione","Dur\u00e9e de lecture estim\u00e9e":"2 minutes"},"schema":{"@context":"https:\/\/schema.org","@graph":[{"@type":"Article","@id":"https:\/\/www.bellunopress.it\/2010\/09\/22\/sabato-a-tutto-jazz-allosteria-al-faore-a-cencenighe\/#article","isPartOf":{"@id":"https:\/\/www.bellunopress.it\/2010\/09\/22\/sabato-a-tutto-jazz-allosteria-al-faore-a-cencenighe\/"},"author":{"name":"redazione","@id":"https:\/\/www.bellunopress.it\/#\/schema\/person\/79bb06722b37ece1c03d3e94beb30d73"},"headline":"Sabato a tutto jazz all&#8217;Osteria al Faore a Cencenighe","datePublished":"2010-09-22T11:28:09+00:00","mainEntityOfPage":{"@id":"https:\/\/www.bellunopress.it\/2010\/09\/22\/sabato-a-tutto-jazz-allosteria-al-faore-a-cencenighe\/"},"wordCount":316,"publisher":{"@id":"https:\/\/www.bellunopress.it\/#organization"},"articleSection":["Arte, Cultura, Spettacoli, Scienza","Pausa Caff\u00e8"],"inLanguage":"fr-FR"},{"@type":"WebPage","@id":"https:\/\/www.bellunopress.it\/2010\/09\/22\/sabato-a-tutto-jazz-allosteria-al-faore-a-cencenighe\/","url":"https:\/\/www.bellunopress.it\/2010\/09\/22\/sabato-a-tutto-jazz-allosteria-al-faore-a-cencenighe\/","name":"Sabato a tutto jazz all'Osteria al Faore a Cencenighe - Bellunopress - Dolomiti","isPartOf":{"@id":"https:\/\/www.bellunopress.it\/#website"},"datePublished":"2010-09-22T11:28:09+00:00","breadcrumb":{"@id":"https:\/\/www.bellunopress.it\/2010\/09\/22\/sabato-a-tutto-jazz-allosteria-al-faore-a-cencenighe\/#breadcrumb"},"inLanguage":"fr-FR","potentialAction":[{"@type":"ReadAction","target":["https:\/\/www.bellunopress.it\/2010\/09\/22\/sabato-a-tutto-jazz-allosteria-al-faore-a-cencenighe\/"]}]},{"@type":"BreadcrumbList","@id":"https:\/\/www.bellunopress.it\/2010\/09\/22\/sabato-a-tutto-jazz-allosteria-al-faore-a-cencenighe\/#breadcrumb","itemListElement":[{"@type":"ListItem","position":1,"name":"Home","item":"https:\/\/www.bellunopress.it\/"},{"@type":"ListItem","position":2,"name":"Sabato a tutto jazz all&#8217;Osteria al Faore a Cencenighe"}]},{"@type":"WebSite","@id":"https:\/\/www.bellunopress.it\/#website","url":"https:\/\/www.bellunopress.it\/","name":"Bellunopress - Dolomiti","description":"e-mail: redazione@bellunopress.it","publisher":{"@id":"https:\/\/www.bellunopress.it\/#organization"},"potentialAction":[{"@type":"SearchAction","target":{"@type":"EntryPoint","urlTemplate":"https:\/\/www.bellunopress.it\/?s={search_term_string}"},"query-input":{"@type":"PropertyValueSpecification","valueRequired":true,"valueName":"search_term_string"}}],"inLanguage":"fr-FR"},{"@type":"Organization","@id":"https:\/\/www.bellunopress.it\/#organization","name":"Bellunopress","url":"https:\/\/www.bellunopress.it\/","logo":{"@type":"ImageObject","inLanguage":"fr-FR","@id":"https:\/\/www.bellunopress.it\/#\/schema\/logo\/image\/","url":"https:\/\/www.bellunopress.it\/wp-content\/uploads\/2011\/05\/cropped-logo-bellunopress-.jpg","contentUrl":"https:\/\/www.bellunopress.it\/wp-content\/uploads\/2011\/05\/cropped-logo-bellunopress-.jpg","width":512,"height":512,"caption":"Bellunopress"},"image":{"@id":"https:\/\/www.bellunopress.it\/#\/schema\/logo\/image\/"},"sameAs":["https:\/\/www.facebook.com\/profile.php?id=100008943462799","https:\/\/x.com\/bellunopress","https:\/\/www.linkedin.com\/hp\/?dnr=JBzUWaJfMUw8vbXJJ2tVW5-I3jZKvC4wsoxE&amp;amp;amp;amp;amp;amp;trk=nav_responsive_tab_home","https:\/\/www.youtube.com\/channel\/UCxL0wu1uN0_3_7hGG0306cw"]},{"@type":"Person","@id":"https:\/\/www.bellunopress.it\/#\/schema\/person\/79bb06722b37ece1c03d3e94beb30d73","name":"r\u00e9daction","image":{"@type":"ImageObject","inLanguage":"fr-FR","@id":"https:\/\/secure.gravatar.com\/avatar\/37d968a2e67a6fd04c169c4bdef102d0bc5d31b2546345219e348575eb80e9a0?s=96&d=mm&r=g","url":"https:\/\/secure.gravatar.com\/avatar\/37d968a2e67a6fd04c169c4bdef102d0bc5d31b2546345219e348575eb80e9a0?s=96&d=mm&r=g","contentUrl":"https:\/\/secure.gravatar.com\/avatar\/37d968a2e67a6fd04c169c4bdef102d0bc5d31b2546345219e348575eb80e9a0?s=96&d=mm&r=g","caption":"redazione"},"sameAs":["http:\/\/www.bellunopress.it","https:\/\/x.com\/bellunopress"],"url":"https:\/\/www.bellunopress.it\/fr\/author\/redazione\/"}]}},"_links":{"self":[{"href":"https:\/\/www.bellunopress.it\/fr\/wp-json\/wp\/v2\/posts\/19417","targetHints":{"allow":["GET"]}}],"collection":[{"href":"https:\/\/www.bellunopress.it\/fr\/wp-json\/wp\/v2\/posts"}],"about":[{"href":"https:\/\/www.bellunopress.it\/fr\/wp-json\/wp\/v2\/types\/post"}],"author":[{"embeddable":true,"href":"https:\/\/www.bellunopress.it\/fr\/wp-json\/wp\/v2\/users\/2"}],"replies":[{"embeddable":true,"href":"https:\/\/www.bellunopress.it\/fr\/wp-json\/wp\/v2\/comments?post=19417"}],"version-history":[{"count":1,"href":"https:\/\/www.bellunopress.it\/fr\/wp-json\/wp\/v2\/posts\/19417\/revisions"}],"predecessor-version":[{"id":19418,"href":"https:\/\/www.bellunopress.it\/fr\/wp-json\/wp\/v2\/posts\/19417\/revisions\/19418"}],"wp:attachment":[{"href":"https:\/\/www.bellunopress.it\/fr\/wp-json\/wp\/v2\/media?parent=19417"}],"wp:term":[{"taxonomy":"category","embeddable":true,"href":"https:\/\/www.bellunopress.it\/fr\/wp-json\/wp\/v2\/categories?post=19417"},{"taxonomy":"post_tag","embeddable":true,"href":"https:\/\/www.bellunopress.it\/fr\/wp-json\/wp\/v2\/tags?post=19417"}],"curies":[{"name":"wp","href":"https:\/\/api.w.org\/{rel}","templated":true}]}}