{"id":19025,"date":"2010-09-09T21:01:11","date_gmt":"2010-09-09T20:01:11","guid":{"rendered":"http:\/\/www.bellunopress.it\/?p=19025"},"modified":"2010-09-09T21:01:11","modified_gmt":"2010-09-09T20:01:11","slug":"pediatria-in-cadore-toscani-%e2%80%9desenzione-ticket-per-auronzo-e-comelico-e-rimborso-per-chi-ha-gia-pagato-a-pieve-di-cadore%e2%80%9d","status":"publish","type":"post","link":"https:\/\/www.bellunopress.it\/fr\/2010\/09\/09\/pediatria-in-cadore-toscani-%e2%80%9desenzione-ticket-per-auronzo-e-comelico-e-rimborso-per-chi-ha-gia-pagato-a-pieve-di-cadore%e2%80%9d\/","title":{"rendered":"Pediatria in Cadore. Toscani: \u201dEsenzione ticket per Auronzo e Comelico. E rimborso per chi ha gi\u00e0 pagato a Pieve di Cadore\u201d"},"content":{"rendered":"<p><span style=\"color: #000000;\"><span style=\"font-family: Courier New, monospace;\"><span style=\"font-size: x-small;\"><\/p>\n<figure id=\"attachment_11535\" aria-describedby=\"caption-attachment-11535\" style=\"width: 270px\" class=\"wp-caption alignleft\"><a href=\"http:\/\/www.bellunopress.it\/wp-content\/uploads\/2010\/01\/matteo-toscani.jpg\"><img loading=\"lazy\" decoding=\"async\" class=\"size-medium wp-image-11535\" title=\"matteo-toscani\" src=\"http:\/\/www.bellunopress.it\/wp-content\/uploads\/2010\/01\/matteo-toscani.jpg\" alt=\"Matteo Toscani\" width=\"270\" height=\"270\" srcset=\"https:\/\/www.bellunopress.it\/wp-content\/uploads\/2010\/01\/matteo-toscani.jpg 270w, https:\/\/www.bellunopress.it\/wp-content\/uploads\/2010\/01\/matteo-toscani-150x150.jpg 150w\" sizes=\"auto, (max-width: 270px) 100vw, 270px\" \/><\/a><figcaption id=\"caption-attachment-11535\" class=\"wp-caption-text\">Matteo Toscani<\/figcaption><\/figure>\n<p><font color=\"#000000\"><\/font><font face=\"Courier New, monospace\"><\/font><font style=\"font-size: 11pt;\" size=\"2\">&#8220;Non credo sia ancora accettabile che centinaia di famiglie residenti ad Auronzo, Vigo, Lozzo e Lorenzago, oltre a quelle del Comelico, siano prive di pediatra di base, e siano costrette non solo a recarsi a Pieve per una visita, ma anche a corrispondere un ticket per un servizio essenziale che non viene erogato nel loro Distretto. Per questo ho inviato al direttore generale dell\u2019Usl Ermanno Angonese la richiesta di valutare la situazione, contestualmente al rimborso dei ticket per i genitori che l\u2019avessero gi\u00e0 pagato presso l\u2019ospedale di Pieve, trovandosi nell\u2019assoluta necessit\u00e0 di ricorrere ai pediatri dell\u2019ospedale per i loro figli\u201d. Lo dichiara il vicepresidente del Consiglio regionale<\/p>\n<p><\/font><\/span><font color=\"#000000\"><\/font><font face=\"Courier New, monospace\">\u00a0<\/p>\n<p><\/font><\/span><font color=\"#000000\">\u00a0<\/p>\n<p><\/font><\/span>\u00a0<\/p>\n<p><span style=\"color: #000000;\"><span style=\"font-family: Courier New, monospace;\"><span style=\"font-size: x-small;\"><strong>Matteo Toscani<\/strong><\/span><\/span><\/span><span style=\"color: #000000;\"><span style=\"font-family: Courier New, monospace;\"><span style=\"font-size: x-small;\">, che ha richiesto al dr. Angonese di adoperarsi con urgenza per risolvere una situazione ormai insopportabile per il Cadore. \u201cNell\u2019assenza di un pediatra di base per l\u2019intero Comelico e per il distretto di Lozzo, Lorenzago, Vigo ed Auronzo, le famiglie debbono ricorrere ai medici ospedalieri a Pieve \u2013 ricorda Toscani -. In aggiunta, una norma impone in casi simili di corrispondere il ticket, e non credo sia pi\u00f9 tollerabile che per aspetti burocratici vengano penalizzate famiglie gi\u00e0 prive di un diritto essenziale. Perci\u00f2 ho chiesto al dottor Angonese di valutare una rapida soluzione per dotare l\u2019area di un pediatra per i bambini di et\u00e0 compresa tra 0 e 6 anni, e intanto di disporre la sospensione del ticket a Pieve per le famiglie, studiando come rimborsare coloro che lo avessero gi\u00e0 pagato\u201d. <\/span><\/span><\/span><span style=\"color: #000000;\"><span style=\"font-family: Courier New, monospace;\"><span style=\"font-size: x-small;\">Il vicepresidente inoltre ha contattato anche l\u2019assessore regionale alla Sanit\u00e0 Luca Coletto, per risolvere l\u2019annosa questione dei pediatri di base ed ospedalieri in Cadore. \u201cNell\u2019area del Cadore, dell\u2019Agordino e del Comelico, manca addirittura il servizio pediatrico di base, e dal 1\u00b0 ottobre anche il Longaronese e la Val di Zoldo saranno investiti da questo problema. Inoltre all\u2019ospedale di Belluno mancano 3 pediatri su un organico di 8, e a Pieve uno su 3. Carenze croniche che si riflettono sulla popolazione di montagna, gi\u00e0 priva di molti servizi sanitari di base e costretta per questo a disagi che arrivano a scoraggiare la permanenza nelle terre alte delle giovani coppie\u201d. <\/span><\/span><\/span><span style=\"color: #000000;\">\u201c<span style=\"font-family: Courier New, monospace;\"><span style=\"font-size: x-small;\">Per quanto riguarda il caso del ticket a chi si rivolge all\u2019ospedale di Pieve \u2013 conclude Toscani -, il problema \u00e8 di facile soluzione e per questo credo che il dottor Angonese sapr\u00e0 trovare presto una risposta concreta ai bisogni delle famiglie\u201d.<\/span><\/span><\/span><\/p>","protected":false},"excerpt":{"rendered":"<p>&#8220;Non credo sia ancora accettabile che centinaia di famiglie residenti ad Auronzo, Vigo, Lozzo e Lorenzago, oltre a quelle del Comelico, siano prive di pediatra di base, e siano costrette non solo a recarsi a Pieve per una visita, ma anche a corrispondere un ticket per un servizio essenziale che non viene erogato nel loro [&hellip;]<\/p>\n","protected":false},"author":2,"featured_media":0,"comment_status":"closed","ping_status":"open","sticky":false,"template":"","format":"standard","meta":{"footnotes":""},"categories":[5,26,17],"tags":[139,151,2262],"class_list":["post-19025","post","type-post","status-publish","format-standard","category-cronaca","category-prima-pagina","category-sanita","tag-belluno","tag-cadore","tag-zoldo"],"yoast_head":"<!-- This site is optimized with the Yoast SEO plugin v28.4 - https:\/\/yoast.com\/product\/yoast-seo-wordpress\/ -->\n<title>Pediatria in Cadore. Toscani: \u201dEsenzione ticket per Auronzo e Comelico. E rimborso per chi ha gi\u00e0 pagato a Pieve di Cadore\u201d  - Bellunopress - Dolomiti<\/title>\n<meta name=\"robots\" content=\"index, follow, max-snippet:-1, max-image-preview:large, max-video-preview:-1\" \/>\n<link rel=\"canonical\" href=\"https:\/\/www.bellunopress.it\/fr\/2010\/09\/09\/pediatria-in-cadore-toscani-\u201desenzione-ticket-per-auronzo-e-comelico-e-rimborso-per-chi-ha-gia-pagato-a-pieve-di-cadore\u201d\/\" \/>\n<meta property=\"og:locale\" content=\"fr_FR\" \/>\n<meta property=\"og:type\" content=\"article\" \/>\n<meta property=\"og:title\" content=\"Pediatria in Cadore. Toscani: \u201dEsenzione ticket per Auronzo e Comelico. E rimborso per chi ha gi\u00e0 pagato a Pieve di Cadore\u201d  - Bellunopress - Dolomiti\" \/>\n<meta property=\"og:description\" content=\"&#8220;Non credo sia ancora accettabile che centinaia di famiglie residenti ad Auronzo, Vigo, Lozzo e Lorenzago, oltre a quelle del Comelico, siano prive di pediatra di base, e siano costrette non solo a recarsi a Pieve per una visita, ma anche a corrispondere un ticket per un servizio essenziale che non viene erogato nel loro [&hellip;]\" \/>\n<meta property=\"og:url\" content=\"https:\/\/www.bellunopress.it\/fr\/2010\/09\/09\/pediatria-in-cadore-toscani-\u201desenzione-ticket-per-auronzo-e-comelico-e-rimborso-per-chi-ha-gia-pagato-a-pieve-di-cadore\u201d\/\" \/>\n<meta property=\"og:site_name\" content=\"Bellunopress - Dolomiti\" \/>\n<meta property=\"article:publisher\" content=\"https:\/\/www.facebook.com\/profile.php?id=100008943462799\" \/>\n<meta property=\"article:published_time\" content=\"2010-09-09T20:01:11+00:00\" \/>\n<meta property=\"og:image\" content=\"http:\/\/www.bellunopress.it\/wp-content\/uploads\/2010\/01\/matteo-toscani.jpg\" \/>\n<meta name=\"author\" content=\"redazione\" \/>\n<meta name=\"twitter:card\" content=\"summary_large_image\" \/>\n<meta name=\"twitter:creator\" content=\"@bellunopress\" \/>\n<meta name=\"twitter:site\" content=\"@bellunopress\" \/>\n<meta name=\"twitter:label1\" content=\"\u00c9crit par\" \/>\n\t<meta name=\"twitter:data1\" content=\"redazione\" \/>\n\t<meta name=\"twitter:label2\" content=\"Dur\u00e9e de lecture estim\u00e9e\" \/>\n\t<meta name=\"twitter:data2\" content=\"2 minutes\" \/>\n<script type=\"application\/ld+json\" class=\"yoast-schema-graph\">{\"@context\":\"https:\\\/\\\/schema.org\",\"@graph\":[{\"@type\":\"Article\",\"@id\":\"https:\\\/\\\/www.bellunopress.it\\\/2010\\\/09\\\/09\\\/pediatria-in-cadore-toscani-%e2%80%9desenzione-ticket-per-auronzo-e-comelico-e-rimborso-per-chi-ha-gia-pagato-a-pieve-di-cadore%e2%80%9d\\\/#article\",\"isPartOf\":{\"@id\":\"https:\\\/\\\/www.bellunopress.it\\\/2010\\\/09\\\/09\\\/pediatria-in-cadore-toscani-%e2%80%9desenzione-ticket-per-auronzo-e-comelico-e-rimborso-per-chi-ha-gia-pagato-a-pieve-di-cadore%e2%80%9d\\\/\"},\"author\":{\"name\":\"redazione\",\"@id\":\"https:\\\/\\\/www.bellunopress.it\\\/#\\\/schema\\\/person\\\/79bb06722b37ece1c03d3e94beb30d73\"},\"headline\":\"Pediatria in Cadore. Toscani: \u201dEsenzione ticket per Auronzo e Comelico. E rimborso per chi ha gi\u00e0 pagato a Pieve di Cadore\u201d\",\"datePublished\":\"2010-09-09T20:01:11+00:00\",\"mainEntityOfPage\":{\"@id\":\"https:\\\/\\\/www.bellunopress.it\\\/2010\\\/09\\\/09\\\/pediatria-in-cadore-toscani-%e2%80%9desenzione-ticket-per-auronzo-e-comelico-e-rimborso-per-chi-ha-gia-pagato-a-pieve-di-cadore%e2%80%9d\\\/\"},\"wordCount\":427,\"publisher\":{\"@id\":\"https:\\\/\\\/www.bellunopress.it\\\/#organization\"},\"image\":{\"@id\":\"https:\\\/\\\/www.bellunopress.it\\\/2010\\\/09\\\/09\\\/pediatria-in-cadore-toscani-%e2%80%9desenzione-ticket-per-auronzo-e-comelico-e-rimborso-per-chi-ha-gia-pagato-a-pieve-di-cadore%e2%80%9d\\\/#primaryimage\"},\"thumbnailUrl\":\"http:\\\/\\\/www.bellunopress.it\\\/wp-content\\\/uploads\\\/2010\\\/01\\\/matteo-toscani.jpg\",\"keywords\":[\"Belluno\",\"Cadore\",\"zoldo\"],\"articleSection\":[\"Cronaca\\\/Politica\",\"Prima Pagina\",\"Sanit\u00e0 Medicina\"],\"inLanguage\":\"fr-FR\"},{\"@type\":\"WebPage\",\"@id\":\"https:\\\/\\\/www.bellunopress.it\\\/2010\\\/09\\\/09\\\/pediatria-in-cadore-toscani-%e2%80%9desenzione-ticket-per-auronzo-e-comelico-e-rimborso-per-chi-ha-gia-pagato-a-pieve-di-cadore%e2%80%9d\\\/\",\"url\":\"https:\\\/\\\/www.bellunopress.it\\\/2010\\\/09\\\/09\\\/pediatria-in-cadore-toscani-%e2%80%9desenzione-ticket-per-auronzo-e-comelico-e-rimborso-per-chi-ha-gia-pagato-a-pieve-di-cadore%e2%80%9d\\\/\",\"name\":\"Pediatria in Cadore. Toscani: \u201dEsenzione ticket per Auronzo e Comelico. E rimborso per chi ha gi\u00e0 pagato a Pieve di Cadore\u201d - Bellunopress - Dolomiti\",\"isPartOf\":{\"@id\":\"https:\\\/\\\/www.bellunopress.it\\\/#website\"},\"primaryImageOfPage\":{\"@id\":\"https:\\\/\\\/www.bellunopress.it\\\/2010\\\/09\\\/09\\\/pediatria-in-cadore-toscani-%e2%80%9desenzione-ticket-per-auronzo-e-comelico-e-rimborso-per-chi-ha-gia-pagato-a-pieve-di-cadore%e2%80%9d\\\/#primaryimage\"},\"image\":{\"@id\":\"https:\\\/\\\/www.bellunopress.it\\\/2010\\\/09\\\/09\\\/pediatria-in-cadore-toscani-%e2%80%9desenzione-ticket-per-auronzo-e-comelico-e-rimborso-per-chi-ha-gia-pagato-a-pieve-di-cadore%e2%80%9d\\\/#primaryimage\"},\"thumbnailUrl\":\"http:\\\/\\\/www.bellunopress.it\\\/wp-content\\\/uploads\\\/2010\\\/01\\\/matteo-toscani.jpg\",\"datePublished\":\"2010-09-09T20:01:11+00:00\",\"breadcrumb\":{\"@id\":\"https:\\\/\\\/www.bellunopress.it\\\/2010\\\/09\\\/09\\\/pediatria-in-cadore-toscani-%e2%80%9desenzione-ticket-per-auronzo-e-comelico-e-rimborso-per-chi-ha-gia-pagato-a-pieve-di-cadore%e2%80%9d\\\/#breadcrumb\"},\"inLanguage\":\"fr-FR\",\"potentialAction\":[{\"@type\":\"ReadAction\",\"target\":[\"https:\\\/\\\/www.bellunopress.it\\\/2010\\\/09\\\/09\\\/pediatria-in-cadore-toscani-%e2%80%9desenzione-ticket-per-auronzo-e-comelico-e-rimborso-per-chi-ha-gia-pagato-a-pieve-di-cadore%e2%80%9d\\\/\"]}]},{\"@type\":\"ImageObject\",\"inLanguage\":\"fr-FR\",\"@id\":\"https:\\\/\\\/www.bellunopress.it\\\/2010\\\/09\\\/09\\\/pediatria-in-cadore-toscani-%e2%80%9desenzione-ticket-per-auronzo-e-comelico-e-rimborso-per-chi-ha-gia-pagato-a-pieve-di-cadore%e2%80%9d\\\/#primaryimage\",\"url\":\"http:\\\/\\\/www.bellunopress.it\\\/wp-content\\\/uploads\\\/2010\\\/01\\\/matteo-toscani.jpg\",\"contentUrl\":\"http:\\\/\\\/www.bellunopress.it\\\/wp-content\\\/uploads\\\/2010\\\/01\\\/matteo-toscani.jpg\"},{\"@type\":\"BreadcrumbList\",\"@id\":\"https:\\\/\\\/www.bellunopress.it\\\/2010\\\/09\\\/09\\\/pediatria-in-cadore-toscani-%e2%80%9desenzione-ticket-per-auronzo-e-comelico-e-rimborso-per-chi-ha-gia-pagato-a-pieve-di-cadore%e2%80%9d\\\/#breadcrumb\",\"itemListElement\":[{\"@type\":\"ListItem\",\"position\":1,\"name\":\"Home\",\"item\":\"https:\\\/\\\/www.bellunopress.it\\\/\"},{\"@type\":\"ListItem\",\"position\":2,\"name\":\"Pediatria in Cadore. Toscani: \u201dEsenzione ticket per Auronzo e Comelico. E rimborso per chi ha gi\u00e0 pagato a Pieve di Cadore\u201d\"}]},{\"@type\":\"WebSite\",\"@id\":\"https:\\\/\\\/www.bellunopress.it\\\/#website\",\"url\":\"https:\\\/\\\/www.bellunopress.it\\\/\",\"name\":\"Bellunopress - Dolomiti\",\"description\":\"e-mail: redazione@bellunopress.it\",\"publisher\":{\"@id\":\"https:\\\/\\\/www.bellunopress.it\\\/#organization\"},\"potentialAction\":[{\"@type\":\"SearchAction\",\"target\":{\"@type\":\"EntryPoint\",\"urlTemplate\":\"https:\\\/\\\/www.bellunopress.it\\\/?s={search_term_string}\"},\"query-input\":{\"@type\":\"PropertyValueSpecification\",\"valueRequired\":true,\"valueName\":\"search_term_string\"}}],\"inLanguage\":\"fr-FR\"},{\"@type\":\"Organization\",\"@id\":\"https:\\\/\\\/www.bellunopress.it\\\/#organization\",\"name\":\"Bellunopress\",\"url\":\"https:\\\/\\\/www.bellunopress.it\\\/\",\"logo\":{\"@type\":\"ImageObject\",\"inLanguage\":\"fr-FR\",\"@id\":\"https:\\\/\\\/www.bellunopress.it\\\/#\\\/schema\\\/logo\\\/image\\\/\",\"url\":\"https:\\\/\\\/www.bellunopress.it\\\/wp-content\\\/uploads\\\/2011\\\/05\\\/cropped-logo-bellunopress-.jpg\",\"contentUrl\":\"https:\\\/\\\/www.bellunopress.it\\\/wp-content\\\/uploads\\\/2011\\\/05\\\/cropped-logo-bellunopress-.jpg\",\"width\":512,\"height\":512,\"caption\":\"Bellunopress\"},\"image\":{\"@id\":\"https:\\\/\\\/www.bellunopress.it\\\/#\\\/schema\\\/logo\\\/image\\\/\"},\"sameAs\":[\"https:\\\/\\\/www.facebook.com\\\/profile.php?id=100008943462799\",\"https:\\\/\\\/x.com\\\/bellunopress\",\"https:\\\/\\\/www.linkedin.com\\\/hp\\\/?dnr=JBzUWaJfMUw8vbXJJ2tVW5-I3jZKvC4wsoxE&amp;amp;amp;amp;amp;amp;trk=nav_responsive_tab_home\",\"https:\\\/\\\/www.youtube.com\\\/channel\\\/UCxL0wu1uN0_3_7hGG0306cw\"]},{\"@type\":\"Person\",\"@id\":\"https:\\\/\\\/www.bellunopress.it\\\/#\\\/schema\\\/person\\\/79bb06722b37ece1c03d3e94beb30d73\",\"name\":\"redazione\",\"image\":{\"@type\":\"ImageObject\",\"inLanguage\":\"fr-FR\",\"@id\":\"https:\\\/\\\/secure.gravatar.com\\\/avatar\\\/37d968a2e67a6fd04c169c4bdef102d0bc5d31b2546345219e348575eb80e9a0?s=96&d=mm&r=g\",\"url\":\"https:\\\/\\\/secure.gravatar.com\\\/avatar\\\/37d968a2e67a6fd04c169c4bdef102d0bc5d31b2546345219e348575eb80e9a0?s=96&d=mm&r=g\",\"contentUrl\":\"https:\\\/\\\/secure.gravatar.com\\\/avatar\\\/37d968a2e67a6fd04c169c4bdef102d0bc5d31b2546345219e348575eb80e9a0?s=96&d=mm&r=g\",\"caption\":\"redazione\"},\"sameAs\":[\"http:\\\/\\\/www.bellunopress.it\",\"https:\\\/\\\/x.com\\\/bellunopress\"],\"url\":\"https:\\\/\\\/www.bellunopress.it\\\/fr\\\/author\\\/redazione\\\/\"}]}<\/script>\n<!-- \/ Yoast SEO plugin. -->","yoast_head_json":{"title":"Pediatria in Cadore. Toscani: \u201dEsenzione ticket per Auronzo e Comelico. E rimborso per chi ha gi\u00e0 pagato a Pieve di Cadore\u201d  - Bellunopress - Dolomiti","robots":{"index":"index","follow":"follow","max-snippet":"max-snippet:-1","max-image-preview":"max-image-preview:large","max-video-preview":"max-video-preview:-1"},"canonical":"https:\/\/www.bellunopress.it\/fr\/2010\/09\/09\/pediatria-in-cadore-toscani-\u201desenzione-ticket-per-auronzo-e-comelico-e-rimborso-per-chi-ha-gia-pagato-a-pieve-di-cadore\u201d\/","og_locale":"fr_FR","og_type":"article","og_title":"Pediatria in Cadore. Toscani: \u201dEsenzione ticket per Auronzo e Comelico. E rimborso per chi ha gi\u00e0 pagato a Pieve di Cadore\u201d  - Bellunopress - Dolomiti","og_description":"&#8220;Non credo sia ancora accettabile che centinaia di famiglie residenti ad Auronzo, Vigo, Lozzo e Lorenzago, oltre a quelle del Comelico, siano prive di pediatra di base, e siano costrette non solo a recarsi a Pieve per una visita, ma anche a corrispondere un ticket per un servizio essenziale che non viene erogato nel loro [&hellip;]","og_url":"https:\/\/www.bellunopress.it\/fr\/2010\/09\/09\/pediatria-in-cadore-toscani-\u201desenzione-ticket-per-auronzo-e-comelico-e-rimborso-per-chi-ha-gia-pagato-a-pieve-di-cadore\u201d\/","og_site_name":"Bellunopress - Dolomiti","article_publisher":"https:\/\/www.facebook.com\/profile.php?id=100008943462799","article_published_time":"2010-09-09T20:01:11+00:00","og_image":[{"url":"http:\/\/www.bellunopress.it\/wp-content\/uploads\/2010\/01\/matteo-toscani.jpg","type":"","width":"","height":""}],"author":"redazione","twitter_card":"summary_large_image","twitter_creator":"@bellunopress","twitter_site":"@bellunopress","twitter_misc":{"\u00c9crit par":"redazione","Dur\u00e9e de lecture estim\u00e9e":"2 minutes"},"schema":{"@context":"https:\/\/schema.org","@graph":[{"@type":"Article","@id":"https:\/\/www.bellunopress.it\/2010\/09\/09\/pediatria-in-cadore-toscani-%e2%80%9desenzione-ticket-per-auronzo-e-comelico-e-rimborso-per-chi-ha-gia-pagato-a-pieve-di-cadore%e2%80%9d\/#article","isPartOf":{"@id":"https:\/\/www.bellunopress.it\/2010\/09\/09\/pediatria-in-cadore-toscani-%e2%80%9desenzione-ticket-per-auronzo-e-comelico-e-rimborso-per-chi-ha-gia-pagato-a-pieve-di-cadore%e2%80%9d\/"},"author":{"name":"redazione","@id":"https:\/\/www.bellunopress.it\/#\/schema\/person\/79bb06722b37ece1c03d3e94beb30d73"},"headline":"Pediatria in Cadore. Toscani: \u201dEsenzione ticket per Auronzo e Comelico. E rimborso per chi ha gi\u00e0 pagato a Pieve di Cadore\u201d","datePublished":"2010-09-09T20:01:11+00:00","mainEntityOfPage":{"@id":"https:\/\/www.bellunopress.it\/2010\/09\/09\/pediatria-in-cadore-toscani-%e2%80%9desenzione-ticket-per-auronzo-e-comelico-e-rimborso-per-chi-ha-gia-pagato-a-pieve-di-cadore%e2%80%9d\/"},"wordCount":427,"publisher":{"@id":"https:\/\/www.bellunopress.it\/#organization"},"image":{"@id":"https:\/\/www.bellunopress.it\/2010\/09\/09\/pediatria-in-cadore-toscani-%e2%80%9desenzione-ticket-per-auronzo-e-comelico-e-rimborso-per-chi-ha-gia-pagato-a-pieve-di-cadore%e2%80%9d\/#primaryimage"},"thumbnailUrl":"http:\/\/www.bellunopress.it\/wp-content\/uploads\/2010\/01\/matteo-toscani.jpg","keywords":["Belluno","Cadore","zoldo"],"articleSection":["Cronaca\/Politica","Prima Pagina","Sanit\u00e0 Medicina"],"inLanguage":"fr-FR"},{"@type":"WebPage","@id":"https:\/\/www.bellunopress.it\/2010\/09\/09\/pediatria-in-cadore-toscani-%e2%80%9desenzione-ticket-per-auronzo-e-comelico-e-rimborso-per-chi-ha-gia-pagato-a-pieve-di-cadore%e2%80%9d\/","url":"https:\/\/www.bellunopress.it\/2010\/09\/09\/pediatria-in-cadore-toscani-%e2%80%9desenzione-ticket-per-auronzo-e-comelico-e-rimborso-per-chi-ha-gia-pagato-a-pieve-di-cadore%e2%80%9d\/","name":"Pediatria in Cadore. Toscani: \u201dEsenzione ticket per Auronzo e Comelico. E rimborso per chi ha gi\u00e0 pagato a Pieve di Cadore\u201d - Bellunopress - Dolomiti","isPartOf":{"@id":"https:\/\/www.bellunopress.it\/#website"},"primaryImageOfPage":{"@id":"https:\/\/www.bellunopress.it\/2010\/09\/09\/pediatria-in-cadore-toscani-%e2%80%9desenzione-ticket-per-auronzo-e-comelico-e-rimborso-per-chi-ha-gia-pagato-a-pieve-di-cadore%e2%80%9d\/#primaryimage"},"image":{"@id":"https:\/\/www.bellunopress.it\/2010\/09\/09\/pediatria-in-cadore-toscani-%e2%80%9desenzione-ticket-per-auronzo-e-comelico-e-rimborso-per-chi-ha-gia-pagato-a-pieve-di-cadore%e2%80%9d\/#primaryimage"},"thumbnailUrl":"http:\/\/www.bellunopress.it\/wp-content\/uploads\/2010\/01\/matteo-toscani.jpg","datePublished":"2010-09-09T20:01:11+00:00","breadcrumb":{"@id":"https:\/\/www.bellunopress.it\/2010\/09\/09\/pediatria-in-cadore-toscani-%e2%80%9desenzione-ticket-per-auronzo-e-comelico-e-rimborso-per-chi-ha-gia-pagato-a-pieve-di-cadore%e2%80%9d\/#breadcrumb"},"inLanguage":"fr-FR","potentialAction":[{"@type":"ReadAction","target":["https:\/\/www.bellunopress.it\/2010\/09\/09\/pediatria-in-cadore-toscani-%e2%80%9desenzione-ticket-per-auronzo-e-comelico-e-rimborso-per-chi-ha-gia-pagato-a-pieve-di-cadore%e2%80%9d\/"]}]},{"@type":"ImageObject","inLanguage":"fr-FR","@id":"https:\/\/www.bellunopress.it\/2010\/09\/09\/pediatria-in-cadore-toscani-%e2%80%9desenzione-ticket-per-auronzo-e-comelico-e-rimborso-per-chi-ha-gia-pagato-a-pieve-di-cadore%e2%80%9d\/#primaryimage","url":"http:\/\/www.bellunopress.it\/wp-content\/uploads\/2010\/01\/matteo-toscani.jpg","contentUrl":"http:\/\/www.bellunopress.it\/wp-content\/uploads\/2010\/01\/matteo-toscani.jpg"},{"@type":"BreadcrumbList","@id":"https:\/\/www.bellunopress.it\/2010\/09\/09\/pediatria-in-cadore-toscani-%e2%80%9desenzione-ticket-per-auronzo-e-comelico-e-rimborso-per-chi-ha-gia-pagato-a-pieve-di-cadore%e2%80%9d\/#breadcrumb","itemListElement":[{"@type":"ListItem","position":1,"name":"Home","item":"https:\/\/www.bellunopress.it\/"},{"@type":"ListItem","position":2,"name":"Pediatria in Cadore. Toscani: \u201dEsenzione ticket per Auronzo e Comelico. E rimborso per chi ha gi\u00e0 pagato a Pieve di Cadore\u201d"}]},{"@type":"WebSite","@id":"https:\/\/www.bellunopress.it\/#website","url":"https:\/\/www.bellunopress.it\/","name":"Bellunopress - Dolomiti","description":"e-mail: redazione@bellunopress.it","publisher":{"@id":"https:\/\/www.bellunopress.it\/#organization"},"potentialAction":[{"@type":"SearchAction","target":{"@type":"EntryPoint","urlTemplate":"https:\/\/www.bellunopress.it\/?s={search_term_string}"},"query-input":{"@type":"PropertyValueSpecification","valueRequired":true,"valueName":"search_term_string"}}],"inLanguage":"fr-FR"},{"@type":"Organization","@id":"https:\/\/www.bellunopress.it\/#organization","name":"Bellunopress","url":"https:\/\/www.bellunopress.it\/","logo":{"@type":"ImageObject","inLanguage":"fr-FR","@id":"https:\/\/www.bellunopress.it\/#\/schema\/logo\/image\/","url":"https:\/\/www.bellunopress.it\/wp-content\/uploads\/2011\/05\/cropped-logo-bellunopress-.jpg","contentUrl":"https:\/\/www.bellunopress.it\/wp-content\/uploads\/2011\/05\/cropped-logo-bellunopress-.jpg","width":512,"height":512,"caption":"Bellunopress"},"image":{"@id":"https:\/\/www.bellunopress.it\/#\/schema\/logo\/image\/"},"sameAs":["https:\/\/www.facebook.com\/profile.php?id=100008943462799","https:\/\/x.com\/bellunopress","https:\/\/www.linkedin.com\/hp\/?dnr=JBzUWaJfMUw8vbXJJ2tVW5-I3jZKvC4wsoxE&amp;amp;amp;amp;amp;amp;trk=nav_responsive_tab_home","https:\/\/www.youtube.com\/channel\/UCxL0wu1uN0_3_7hGG0306cw"]},{"@type":"Person","@id":"https:\/\/www.bellunopress.it\/#\/schema\/person\/79bb06722b37ece1c03d3e94beb30d73","name":"r\u00e9daction","image":{"@type":"ImageObject","inLanguage":"fr-FR","@id":"https:\/\/secure.gravatar.com\/avatar\/37d968a2e67a6fd04c169c4bdef102d0bc5d31b2546345219e348575eb80e9a0?s=96&d=mm&r=g","url":"https:\/\/secure.gravatar.com\/avatar\/37d968a2e67a6fd04c169c4bdef102d0bc5d31b2546345219e348575eb80e9a0?s=96&d=mm&r=g","contentUrl":"https:\/\/secure.gravatar.com\/avatar\/37d968a2e67a6fd04c169c4bdef102d0bc5d31b2546345219e348575eb80e9a0?s=96&d=mm&r=g","caption":"redazione"},"sameAs":["http:\/\/www.bellunopress.it","https:\/\/x.com\/bellunopress"],"url":"https:\/\/www.bellunopress.it\/fr\/author\/redazione\/"}]}},"_links":{"self":[{"href":"https:\/\/www.bellunopress.it\/fr\/wp-json\/wp\/v2\/posts\/19025","targetHints":{"allow":["GET"]}}],"collection":[{"href":"https:\/\/www.bellunopress.it\/fr\/wp-json\/wp\/v2\/posts"}],"about":[{"href":"https:\/\/www.bellunopress.it\/fr\/wp-json\/wp\/v2\/types\/post"}],"author":[{"embeddable":true,"href":"https:\/\/www.bellunopress.it\/fr\/wp-json\/wp\/v2\/users\/2"}],"replies":[{"embeddable":true,"href":"https:\/\/www.bellunopress.it\/fr\/wp-json\/wp\/v2\/comments?post=19025"}],"version-history":[{"count":1,"href":"https:\/\/www.bellunopress.it\/fr\/wp-json\/wp\/v2\/posts\/19025\/revisions"}],"predecessor-version":[{"id":19026,"href":"https:\/\/www.bellunopress.it\/fr\/wp-json\/wp\/v2\/posts\/19025\/revisions\/19026"}],"wp:attachment":[{"href":"https:\/\/www.bellunopress.it\/fr\/wp-json\/wp\/v2\/media?parent=19025"}],"wp:term":[{"taxonomy":"category","embeddable":true,"href":"https:\/\/www.bellunopress.it\/fr\/wp-json\/wp\/v2\/categories?post=19025"},{"taxonomy":"post_tag","embeddable":true,"href":"https:\/\/www.bellunopress.it\/fr\/wp-json\/wp\/v2\/tags?post=19025"}],"curies":[{"name":"wp","href":"https:\/\/api.w.org\/{rel}","templated":true}]}}