{"id":19018,"date":"2010-09-10T10:37:22","date_gmt":"2010-09-10T09:37:22","guid":{"rendered":"http:\/\/www.bellunopress.it\/?p=19018"},"modified":"2010-09-09T20:41:07","modified_gmt":"2010-09-09T19:41:07","slug":"crescere-insieme-percorsi-per-la-vita-di-coppia-organizzati-dal-comune-di-belluno-e-dal-consultorio-ucipem-venerdi-17-settembre-parte-la-seconda-tranche-delliniziativa","status":"publish","type":"post","link":"https:\/\/www.bellunopress.it\/fr\/2010\/09\/10\/crescere-insieme-percorsi-per-la-vita-di-coppia-organizzati-dal-comune-di-belluno-e-dal-consultorio-ucipem-venerdi-17-settembre-parte-la-seconda-tranche-delliniziativa\/","title":{"rendered":"&#8220;Crescere insieme&#8221; percorsi per la vita di coppia organizzati dal Comune di Belluno e dal Consultorio UCIPEM. Venerd\u00ec 17 settembre parte la seconda tranche dell&#8217;iniziativa"},"content":{"rendered":"<figure id=\"attachment_18387\" aria-describedby=\"caption-attachment-18387\" style=\"width: 270px\" class=\"wp-caption alignleft\"><a href=\"http:\/\/www.bellunopress.it\/wp-content\/uploads\/2010\/08\/marco-da-rin-zanco-270x270.jpg\"><img loading=\"lazy\" decoding=\"async\" class=\"size-medium wp-image-18387\" title=\"marco-da-rin-zanco-270x270\" src=\"http:\/\/www.bellunopress.it\/wp-content\/uploads\/2010\/08\/marco-da-rin-zanco-270x270.jpg\" alt=\"Marco Da Rin Zanco\" width=\"270\" height=\"270\" srcset=\"https:\/\/www.bellunopress.it\/wp-content\/uploads\/2010\/08\/marco-da-rin-zanco-270x270.jpg 270w, https:\/\/www.bellunopress.it\/wp-content\/uploads\/2010\/08\/marco-da-rin-zanco-270x270-150x150.jpg 150w\" sizes=\"auto, (max-width: 270px) 100vw, 270px\" \/><\/a><figcaption id=\"caption-attachment-18387\" class=\"wp-caption-text\">Marco Da Rin Zanco<\/figcaption><\/figure>\n<p>\u201cCon l&#8217;autunno, riparte un progetto in cui credo molto: \u201cCrescere insieme\u201d, infatti, costituisce uno dei tasselli delle Politiche per la Famiglia e cio\u00e9 la formazione. Gestire e vivere una coppia prima e un nucleo familiare poi, non \u00e8 facile e l&#8217;aumento delle separazioni lo dimostra. Costruire una relazione responsabile e duratura non \u00e8 solo frutto di fortuna, ma di impegno e consapevolezza. Insieme con il consultorio UCIPEM, tentiamo di dare alle coppie un supporto in pi\u00f9, che ci auguriamo possa essere utile\u201d. Cos\u00ec l&#8217;assessore alle Politiche per la Famiglia, Marco Da Rin Zanco, sul progetto \u201cCrescere insieme\u201d. Venerd\u00ec 17 settembre riprenderanno le lezioni del percorso di formazione e orientamento per coppie, organizzate dal Comune di Belluno e dal Consultorio UCIPEM. Un cammino di supporto a quanti siano interessati alle tematiche del vivere serenamente la vita di coppie, complementare, anche se non sostitutivo, del tradizionali corsi prematrimoniali. L&#8217;iniziativa si era aperta in primavera con una prima tranche di quattro incontri che spaziavano dalla legislazione, agli aspetti sociali e relazionali della vita di coppia. Il blocco autunnale, di 5 incontri, approfondir\u00e0 gli aspetti relazionali e affronter\u00e0 il tema dell&#8217;educazione dei figli. Gli incontri, rivolti a fidanzati, novelli sposi, conviventi, coniugi o chiunque per motivi personali o professionali sia interessato alle problematiche della vita di coppia, si terranno alle 20.30 presso il Centro per le famiglie, \u201cIl Faro\u201d di Cavarzano in via Mur di Cadola, 10. Gli incontri sono gratuiti. Iscrizioni presso Il consultorio familiare UCIPEM, via Flavio Ostilio, 6 \u2013 Belluno. Tel. 0437.940428. Dalle 16.00 alle 18.30 dal luned\u00ec al venerd\u00ec.<\/p>\n<p>Il programma:<br \/>\nASPETTO RELAZIONALE (B)<br \/>\nVenerd\u00ec 17 settembre -dott.ssa Anna Perno, c.f. Laura Romano<br \/>\nCambiamenti nel corso della vita a due<br \/>\nFedelt\u00e0<br \/>\nVenerd\u00ec 24settembre -dott.ssa Anna Perno, c.f. Laura Romano<br \/>\nProgettualit\u00e0<br \/>\nLa rete sociale della coppia<br \/>\nASPETTO RELAZIONALE (C):<br \/>\nVenerd\u00ec 1ottobre -prof. Francesco De Matte<br \/>\nSaper essere &#8211; Saper dare- Saper fare<br \/>\nASPETTO RELAZIONALE (D)<br \/>\nVenerd\u00ec 8ottobre -c.f. Gregorio Pezzato<br \/>\nModello relazionale della sessualit\u00e0<br \/>\nASPETTO EDUCATIVO<br \/>\nVenerd\u00ec 15 ottobre &#8211; c.f. Gregorio Pezzato, dott.ssa Patrizia Stevanin<br \/>\nL&#8217;arrivo di un figlio<\/p>","protected":false},"excerpt":{"rendered":"<p>\u201cCon l&#8217;autunno, riparte un progetto in cui credo molto: \u201cCrescere insieme\u201d, infatti, costituisce uno dei tasselli delle Politiche per la Famiglia e cio\u00e9 la formazione. Gestire e vivere una coppia prima e un nucleo familiare poi, non \u00e8 facile e l&#8217;aumento delle separazioni lo dimostra. Costruire una relazione responsabile e duratura non \u00e8 solo frutto [&hellip;]<\/p>\n","protected":false},"author":2,"featured_media":0,"comment_status":"closed","ping_status":"open","sticky":false,"template":"","format":"standard","meta":{"footnotes":""},"categories":[26,8],"tags":[139],"class_list":["post-19018","post","type-post","status-publish","format-standard","category-prima-pagina","category-societa-istituzioni","tag-belluno"],"yoast_head":"<!-- This site is optimized with the Yoast SEO plugin v28.4 - https:\/\/yoast.com\/product\/yoast-seo-wordpress\/ -->\n<title>&quot;Crescere insieme&quot; percorsi per la vita di coppia organizzati dal Comune di Belluno e dal Consultorio UCIPEM. Venerd\u00ec 17 settembre parte la seconda tranche dell&#039;iniziativa - Bellunopress - Dolomiti<\/title>\n<meta name=\"robots\" content=\"index, follow, max-snippet:-1, max-image-preview:large, max-video-preview:-1\" \/>\n<link rel=\"canonical\" href=\"https:\/\/www.bellunopress.it\/fr\/2010\/09\/10\/crescere-insieme-percorsi-per-la-vita-di-coppia-organizzati-dal-comune-di-belluno-e-dal-consultorio-ucipem-venerdi-17-settembre-parte-la-seconda-tranche-delliniziativa\/\" \/>\n<meta property=\"og:locale\" content=\"fr_FR\" \/>\n<meta property=\"og:type\" content=\"article\" \/>\n<meta property=\"og:title\" content=\"&quot;Crescere insieme&quot; percorsi per la vita di coppia organizzati dal Comune di Belluno e dal Consultorio UCIPEM. Venerd\u00ec 17 settembre parte la seconda tranche dell&#039;iniziativa - Bellunopress - Dolomiti\" \/>\n<meta property=\"og:description\" content=\"\u201cCon l&#8217;autunno, riparte un progetto in cui credo molto: \u201cCrescere insieme\u201d, infatti, costituisce uno dei tasselli delle Politiche per la Famiglia e cio\u00e9 la formazione. Gestire e vivere una coppia prima e un nucleo familiare poi, non \u00e8 facile e l&#8217;aumento delle separazioni lo dimostra. Costruire una relazione responsabile e duratura non \u00e8 solo frutto [&hellip;]\" \/>\n<meta property=\"og:url\" content=\"https:\/\/www.bellunopress.it\/fr\/2010\/09\/10\/crescere-insieme-percorsi-per-la-vita-di-coppia-organizzati-dal-comune-di-belluno-e-dal-consultorio-ucipem-venerdi-17-settembre-parte-la-seconda-tranche-delliniziativa\/\" \/>\n<meta property=\"og:site_name\" content=\"Bellunopress - Dolomiti\" \/>\n<meta property=\"article:publisher\" content=\"https:\/\/www.facebook.com\/profile.php?id=100008943462799\" \/>\n<meta property=\"article:published_time\" content=\"2010-09-10T09:37:22+00:00\" \/>\n<meta property=\"og:image\" content=\"http:\/\/www.bellunopress.it\/wp-content\/uploads\/2010\/08\/marco-da-rin-zanco-270x270.jpg\" \/>\n<meta name=\"author\" content=\"redazione\" \/>\n<meta name=\"twitter:card\" content=\"summary_large_image\" \/>\n<meta name=\"twitter:creator\" content=\"@bellunopress\" \/>\n<meta name=\"twitter:site\" content=\"@bellunopress\" \/>\n<meta name=\"twitter:label1\" content=\"\u00c9crit par\" \/>\n\t<meta name=\"twitter:data1\" content=\"redazione\" \/>\n\t<meta name=\"twitter:label2\" content=\"Dur\u00e9e de lecture estim\u00e9e\" \/>\n\t<meta name=\"twitter:data2\" content=\"2 minutes\" \/>\n<script type=\"application\/ld+json\" class=\"yoast-schema-graph\">{\"@context\":\"https:\\\/\\\/schema.org\",\"@graph\":[{\"@type\":\"Article\",\"@id\":\"https:\\\/\\\/www.bellunopress.it\\\/2010\\\/09\\\/10\\\/crescere-insieme-percorsi-per-la-vita-di-coppia-organizzati-dal-comune-di-belluno-e-dal-consultorio-ucipem-venerdi-17-settembre-parte-la-seconda-tranche-delliniziativa\\\/#article\",\"isPartOf\":{\"@id\":\"https:\\\/\\\/www.bellunopress.it\\\/2010\\\/09\\\/10\\\/crescere-insieme-percorsi-per-la-vita-di-coppia-organizzati-dal-comune-di-belluno-e-dal-consultorio-ucipem-venerdi-17-settembre-parte-la-seconda-tranche-delliniziativa\\\/\"},\"author\":{\"name\":\"redazione\",\"@id\":\"https:\\\/\\\/www.bellunopress.it\\\/#\\\/schema\\\/person\\\/79bb06722b37ece1c03d3e94beb30d73\"},\"headline\":\"&#8220;Crescere insieme&#8221; percorsi per la vita di coppia organizzati dal Comune di Belluno e dal Consultorio UCIPEM. Venerd\u00ec 17 settembre parte la seconda tranche dell&#8217;iniziativa\",\"datePublished\":\"2010-09-10T09:37:22+00:00\",\"mainEntityOfPage\":{\"@id\":\"https:\\\/\\\/www.bellunopress.it\\\/2010\\\/09\\\/10\\\/crescere-insieme-percorsi-per-la-vita-di-coppia-organizzati-dal-comune-di-belluno-e-dal-consultorio-ucipem-venerdi-17-settembre-parte-la-seconda-tranche-delliniziativa\\\/\"},\"wordCount\":376,\"publisher\":{\"@id\":\"https:\\\/\\\/www.bellunopress.it\\\/#organization\"},\"image\":{\"@id\":\"https:\\\/\\\/www.bellunopress.it\\\/2010\\\/09\\\/10\\\/crescere-insieme-percorsi-per-la-vita-di-coppia-organizzati-dal-comune-di-belluno-e-dal-consultorio-ucipem-venerdi-17-settembre-parte-la-seconda-tranche-delliniziativa\\\/#primaryimage\"},\"thumbnailUrl\":\"http:\\\/\\\/www.bellunopress.it\\\/wp-content\\\/uploads\\\/2010\\\/08\\\/marco-da-rin-zanco-270x270.jpg\",\"keywords\":[\"Belluno\"],\"articleSection\":[\"Prima Pagina\",\"Societ\u00e0, Associazioni, Istituzioni\"],\"inLanguage\":\"fr-FR\"},{\"@type\":\"WebPage\",\"@id\":\"https:\\\/\\\/www.bellunopress.it\\\/2010\\\/09\\\/10\\\/crescere-insieme-percorsi-per-la-vita-di-coppia-organizzati-dal-comune-di-belluno-e-dal-consultorio-ucipem-venerdi-17-settembre-parte-la-seconda-tranche-delliniziativa\\\/\",\"url\":\"https:\\\/\\\/www.bellunopress.it\\\/2010\\\/09\\\/10\\\/crescere-insieme-percorsi-per-la-vita-di-coppia-organizzati-dal-comune-di-belluno-e-dal-consultorio-ucipem-venerdi-17-settembre-parte-la-seconda-tranche-delliniziativa\\\/\",\"name\":\"\\\"Crescere insieme\\\" percorsi per la vita di coppia organizzati dal Comune di Belluno e dal Consultorio UCIPEM. Venerd\u00ec 17 settembre parte la seconda tranche dell'iniziativa - Bellunopress - Dolomiti\",\"isPartOf\":{\"@id\":\"https:\\\/\\\/www.bellunopress.it\\\/#website\"},\"primaryImageOfPage\":{\"@id\":\"https:\\\/\\\/www.bellunopress.it\\\/2010\\\/09\\\/10\\\/crescere-insieme-percorsi-per-la-vita-di-coppia-organizzati-dal-comune-di-belluno-e-dal-consultorio-ucipem-venerdi-17-settembre-parte-la-seconda-tranche-delliniziativa\\\/#primaryimage\"},\"image\":{\"@id\":\"https:\\\/\\\/www.bellunopress.it\\\/2010\\\/09\\\/10\\\/crescere-insieme-percorsi-per-la-vita-di-coppia-organizzati-dal-comune-di-belluno-e-dal-consultorio-ucipem-venerdi-17-settembre-parte-la-seconda-tranche-delliniziativa\\\/#primaryimage\"},\"thumbnailUrl\":\"http:\\\/\\\/www.bellunopress.it\\\/wp-content\\\/uploads\\\/2010\\\/08\\\/marco-da-rin-zanco-270x270.jpg\",\"datePublished\":\"2010-09-10T09:37:22+00:00\",\"breadcrumb\":{\"@id\":\"https:\\\/\\\/www.bellunopress.it\\\/2010\\\/09\\\/10\\\/crescere-insieme-percorsi-per-la-vita-di-coppia-organizzati-dal-comune-di-belluno-e-dal-consultorio-ucipem-venerdi-17-settembre-parte-la-seconda-tranche-delliniziativa\\\/#breadcrumb\"},\"inLanguage\":\"fr-FR\",\"potentialAction\":[{\"@type\":\"ReadAction\",\"target\":[\"https:\\\/\\\/www.bellunopress.it\\\/2010\\\/09\\\/10\\\/crescere-insieme-percorsi-per-la-vita-di-coppia-organizzati-dal-comune-di-belluno-e-dal-consultorio-ucipem-venerdi-17-settembre-parte-la-seconda-tranche-delliniziativa\\\/\"]}]},{\"@type\":\"ImageObject\",\"inLanguage\":\"fr-FR\",\"@id\":\"https:\\\/\\\/www.bellunopress.it\\\/2010\\\/09\\\/10\\\/crescere-insieme-percorsi-per-la-vita-di-coppia-organizzati-dal-comune-di-belluno-e-dal-consultorio-ucipem-venerdi-17-settembre-parte-la-seconda-tranche-delliniziativa\\\/#primaryimage\",\"url\":\"http:\\\/\\\/www.bellunopress.it\\\/wp-content\\\/uploads\\\/2010\\\/08\\\/marco-da-rin-zanco-270x270.jpg\",\"contentUrl\":\"http:\\\/\\\/www.bellunopress.it\\\/wp-content\\\/uploads\\\/2010\\\/08\\\/marco-da-rin-zanco-270x270.jpg\"},{\"@type\":\"BreadcrumbList\",\"@id\":\"https:\\\/\\\/www.bellunopress.it\\\/2010\\\/09\\\/10\\\/crescere-insieme-percorsi-per-la-vita-di-coppia-organizzati-dal-comune-di-belluno-e-dal-consultorio-ucipem-venerdi-17-settembre-parte-la-seconda-tranche-delliniziativa\\\/#breadcrumb\",\"itemListElement\":[{\"@type\":\"ListItem\",\"position\":1,\"name\":\"Home\",\"item\":\"https:\\\/\\\/www.bellunopress.it\\\/\"},{\"@type\":\"ListItem\",\"position\":2,\"name\":\"&#8220;Crescere insieme&#8221; percorsi per la vita di coppia organizzati dal Comune di Belluno e dal Consultorio UCIPEM. Venerd\u00ec 17 settembre parte la seconda tranche dell&#8217;iniziativa\"}]},{\"@type\":\"WebSite\",\"@id\":\"https:\\\/\\\/www.bellunopress.it\\\/#website\",\"url\":\"https:\\\/\\\/www.bellunopress.it\\\/\",\"name\":\"Bellunopress - Dolomiti\",\"description\":\"e-mail: redazione@bellunopress.it\",\"publisher\":{\"@id\":\"https:\\\/\\\/www.bellunopress.it\\\/#organization\"},\"potentialAction\":[{\"@type\":\"SearchAction\",\"target\":{\"@type\":\"EntryPoint\",\"urlTemplate\":\"https:\\\/\\\/www.bellunopress.it\\\/?s={search_term_string}\"},\"query-input\":{\"@type\":\"PropertyValueSpecification\",\"valueRequired\":true,\"valueName\":\"search_term_string\"}}],\"inLanguage\":\"fr-FR\"},{\"@type\":\"Organization\",\"@id\":\"https:\\\/\\\/www.bellunopress.it\\\/#organization\",\"name\":\"Bellunopress\",\"url\":\"https:\\\/\\\/www.bellunopress.it\\\/\",\"logo\":{\"@type\":\"ImageObject\",\"inLanguage\":\"fr-FR\",\"@id\":\"https:\\\/\\\/www.bellunopress.it\\\/#\\\/schema\\\/logo\\\/image\\\/\",\"url\":\"https:\\\/\\\/www.bellunopress.it\\\/wp-content\\\/uploads\\\/2011\\\/05\\\/cropped-logo-bellunopress-.jpg\",\"contentUrl\":\"https:\\\/\\\/www.bellunopress.it\\\/wp-content\\\/uploads\\\/2011\\\/05\\\/cropped-logo-bellunopress-.jpg\",\"width\":512,\"height\":512,\"caption\":\"Bellunopress\"},\"image\":{\"@id\":\"https:\\\/\\\/www.bellunopress.it\\\/#\\\/schema\\\/logo\\\/image\\\/\"},\"sameAs\":[\"https:\\\/\\\/www.facebook.com\\\/profile.php?id=100008943462799\",\"https:\\\/\\\/x.com\\\/bellunopress\",\"https:\\\/\\\/www.linkedin.com\\\/hp\\\/?dnr=JBzUWaJfMUw8vbXJJ2tVW5-I3jZKvC4wsoxE&amp;amp;amp;amp;amp;amp;trk=nav_responsive_tab_home\",\"https:\\\/\\\/www.youtube.com\\\/channel\\\/UCxL0wu1uN0_3_7hGG0306cw\"]},{\"@type\":\"Person\",\"@id\":\"https:\\\/\\\/www.bellunopress.it\\\/#\\\/schema\\\/person\\\/79bb06722b37ece1c03d3e94beb30d73\",\"name\":\"redazione\",\"image\":{\"@type\":\"ImageObject\",\"inLanguage\":\"fr-FR\",\"@id\":\"https:\\\/\\\/secure.gravatar.com\\\/avatar\\\/37d968a2e67a6fd04c169c4bdef102d0bc5d31b2546345219e348575eb80e9a0?s=96&d=mm&r=g\",\"url\":\"https:\\\/\\\/secure.gravatar.com\\\/avatar\\\/37d968a2e67a6fd04c169c4bdef102d0bc5d31b2546345219e348575eb80e9a0?s=96&d=mm&r=g\",\"contentUrl\":\"https:\\\/\\\/secure.gravatar.com\\\/avatar\\\/37d968a2e67a6fd04c169c4bdef102d0bc5d31b2546345219e348575eb80e9a0?s=96&d=mm&r=g\",\"caption\":\"redazione\"},\"sameAs\":[\"http:\\\/\\\/www.bellunopress.it\",\"https:\\\/\\\/x.com\\\/bellunopress\"],\"url\":\"https:\\\/\\\/www.bellunopress.it\\\/fr\\\/author\\\/redazione\\\/\"}]}<\/script>\n<!-- \/ Yoast SEO plugin. -->","yoast_head_json":{"title":"\"Crescere insieme\" percorsi per la vita di coppia organizzati dal Comune di Belluno e dal Consultorio UCIPEM. Venerd\u00ec 17 settembre parte la seconda tranche dell'iniziativa - Bellunopress - Dolomiti","robots":{"index":"index","follow":"follow","max-snippet":"max-snippet:-1","max-image-preview":"max-image-preview:large","max-video-preview":"max-video-preview:-1"},"canonical":"https:\/\/www.bellunopress.it\/fr\/2010\/09\/10\/crescere-insieme-percorsi-per-la-vita-di-coppia-organizzati-dal-comune-di-belluno-e-dal-consultorio-ucipem-venerdi-17-settembre-parte-la-seconda-tranche-delliniziativa\/","og_locale":"fr_FR","og_type":"article","og_title":"\"Crescere insieme\" percorsi per la vita di coppia organizzati dal Comune di Belluno e dal Consultorio UCIPEM. Venerd\u00ec 17 settembre parte la seconda tranche dell'iniziativa - Bellunopress - Dolomiti","og_description":"\u201cCon l&#8217;autunno, riparte un progetto in cui credo molto: \u201cCrescere insieme\u201d, infatti, costituisce uno dei tasselli delle Politiche per la Famiglia e cio\u00e9 la formazione. Gestire e vivere una coppia prima e un nucleo familiare poi, non \u00e8 facile e l&#8217;aumento delle separazioni lo dimostra. Costruire una relazione responsabile e duratura non \u00e8 solo frutto [&hellip;]","og_url":"https:\/\/www.bellunopress.it\/fr\/2010\/09\/10\/crescere-insieme-percorsi-per-la-vita-di-coppia-organizzati-dal-comune-di-belluno-e-dal-consultorio-ucipem-venerdi-17-settembre-parte-la-seconda-tranche-delliniziativa\/","og_site_name":"Bellunopress - Dolomiti","article_publisher":"https:\/\/www.facebook.com\/profile.php?id=100008943462799","article_published_time":"2010-09-10T09:37:22+00:00","og_image":[{"url":"http:\/\/www.bellunopress.it\/wp-content\/uploads\/2010\/08\/marco-da-rin-zanco-270x270.jpg","type":"","width":"","height":""}],"author":"redazione","twitter_card":"summary_large_image","twitter_creator":"@bellunopress","twitter_site":"@bellunopress","twitter_misc":{"\u00c9crit par":"redazione","Dur\u00e9e de lecture estim\u00e9e":"2 minutes"},"schema":{"@context":"https:\/\/schema.org","@graph":[{"@type":"Article","@id":"https:\/\/www.bellunopress.it\/2010\/09\/10\/crescere-insieme-percorsi-per-la-vita-di-coppia-organizzati-dal-comune-di-belluno-e-dal-consultorio-ucipem-venerdi-17-settembre-parte-la-seconda-tranche-delliniziativa\/#article","isPartOf":{"@id":"https:\/\/www.bellunopress.it\/2010\/09\/10\/crescere-insieme-percorsi-per-la-vita-di-coppia-organizzati-dal-comune-di-belluno-e-dal-consultorio-ucipem-venerdi-17-settembre-parte-la-seconda-tranche-delliniziativa\/"},"author":{"name":"redazione","@id":"https:\/\/www.bellunopress.it\/#\/schema\/person\/79bb06722b37ece1c03d3e94beb30d73"},"headline":"&#8220;Crescere insieme&#8221; percorsi per la vita di coppia organizzati dal Comune di Belluno e dal Consultorio UCIPEM. Venerd\u00ec 17 settembre parte la seconda tranche dell&#8217;iniziativa","datePublished":"2010-09-10T09:37:22+00:00","mainEntityOfPage":{"@id":"https:\/\/www.bellunopress.it\/2010\/09\/10\/crescere-insieme-percorsi-per-la-vita-di-coppia-organizzati-dal-comune-di-belluno-e-dal-consultorio-ucipem-venerdi-17-settembre-parte-la-seconda-tranche-delliniziativa\/"},"wordCount":376,"publisher":{"@id":"https:\/\/www.bellunopress.it\/#organization"},"image":{"@id":"https:\/\/www.bellunopress.it\/2010\/09\/10\/crescere-insieme-percorsi-per-la-vita-di-coppia-organizzati-dal-comune-di-belluno-e-dal-consultorio-ucipem-venerdi-17-settembre-parte-la-seconda-tranche-delliniziativa\/#primaryimage"},"thumbnailUrl":"http:\/\/www.bellunopress.it\/wp-content\/uploads\/2010\/08\/marco-da-rin-zanco-270x270.jpg","keywords":["Belluno"],"articleSection":["Prima Pagina","Societ\u00e0, Associazioni, Istituzioni"],"inLanguage":"fr-FR"},{"@type":"WebPage","@id":"https:\/\/www.bellunopress.it\/2010\/09\/10\/crescere-insieme-percorsi-per-la-vita-di-coppia-organizzati-dal-comune-di-belluno-e-dal-consultorio-ucipem-venerdi-17-settembre-parte-la-seconda-tranche-delliniziativa\/","url":"https:\/\/www.bellunopress.it\/2010\/09\/10\/crescere-insieme-percorsi-per-la-vita-di-coppia-organizzati-dal-comune-di-belluno-e-dal-consultorio-ucipem-venerdi-17-settembre-parte-la-seconda-tranche-delliniziativa\/","name":"\"Crescere insieme\" percorsi per la vita di coppia organizzati dal Comune di Belluno e dal Consultorio UCIPEM. Venerd\u00ec 17 settembre parte la seconda tranche dell'iniziativa - Bellunopress - Dolomiti","isPartOf":{"@id":"https:\/\/www.bellunopress.it\/#website"},"primaryImageOfPage":{"@id":"https:\/\/www.bellunopress.it\/2010\/09\/10\/crescere-insieme-percorsi-per-la-vita-di-coppia-organizzati-dal-comune-di-belluno-e-dal-consultorio-ucipem-venerdi-17-settembre-parte-la-seconda-tranche-delliniziativa\/#primaryimage"},"image":{"@id":"https:\/\/www.bellunopress.it\/2010\/09\/10\/crescere-insieme-percorsi-per-la-vita-di-coppia-organizzati-dal-comune-di-belluno-e-dal-consultorio-ucipem-venerdi-17-settembre-parte-la-seconda-tranche-delliniziativa\/#primaryimage"},"thumbnailUrl":"http:\/\/www.bellunopress.it\/wp-content\/uploads\/2010\/08\/marco-da-rin-zanco-270x270.jpg","datePublished":"2010-09-10T09:37:22+00:00","breadcrumb":{"@id":"https:\/\/www.bellunopress.it\/2010\/09\/10\/crescere-insieme-percorsi-per-la-vita-di-coppia-organizzati-dal-comune-di-belluno-e-dal-consultorio-ucipem-venerdi-17-settembre-parte-la-seconda-tranche-delliniziativa\/#breadcrumb"},"inLanguage":"fr-FR","potentialAction":[{"@type":"ReadAction","target":["https:\/\/www.bellunopress.it\/2010\/09\/10\/crescere-insieme-percorsi-per-la-vita-di-coppia-organizzati-dal-comune-di-belluno-e-dal-consultorio-ucipem-venerdi-17-settembre-parte-la-seconda-tranche-delliniziativa\/"]}]},{"@type":"ImageObject","inLanguage":"fr-FR","@id":"https:\/\/www.bellunopress.it\/2010\/09\/10\/crescere-insieme-percorsi-per-la-vita-di-coppia-organizzati-dal-comune-di-belluno-e-dal-consultorio-ucipem-venerdi-17-settembre-parte-la-seconda-tranche-delliniziativa\/#primaryimage","url":"http:\/\/www.bellunopress.it\/wp-content\/uploads\/2010\/08\/marco-da-rin-zanco-270x270.jpg","contentUrl":"http:\/\/www.bellunopress.it\/wp-content\/uploads\/2010\/08\/marco-da-rin-zanco-270x270.jpg"},{"@type":"BreadcrumbList","@id":"https:\/\/www.bellunopress.it\/2010\/09\/10\/crescere-insieme-percorsi-per-la-vita-di-coppia-organizzati-dal-comune-di-belluno-e-dal-consultorio-ucipem-venerdi-17-settembre-parte-la-seconda-tranche-delliniziativa\/#breadcrumb","itemListElement":[{"@type":"ListItem","position":1,"name":"Home","item":"https:\/\/www.bellunopress.it\/"},{"@type":"ListItem","position":2,"name":"&#8220;Crescere insieme&#8221; percorsi per la vita di coppia organizzati dal Comune di Belluno e dal Consultorio UCIPEM. Venerd\u00ec 17 settembre parte la seconda tranche dell&#8217;iniziativa"}]},{"@type":"WebSite","@id":"https:\/\/www.bellunopress.it\/#website","url":"https:\/\/www.bellunopress.it\/","name":"Bellunopress - Dolomiti","description":"e-mail: redazione@bellunopress.it","publisher":{"@id":"https:\/\/www.bellunopress.it\/#organization"},"potentialAction":[{"@type":"SearchAction","target":{"@type":"EntryPoint","urlTemplate":"https:\/\/www.bellunopress.it\/?s={search_term_string}"},"query-input":{"@type":"PropertyValueSpecification","valueRequired":true,"valueName":"search_term_string"}}],"inLanguage":"fr-FR"},{"@type":"Organization","@id":"https:\/\/www.bellunopress.it\/#organization","name":"Bellunopress","url":"https:\/\/www.bellunopress.it\/","logo":{"@type":"ImageObject","inLanguage":"fr-FR","@id":"https:\/\/www.bellunopress.it\/#\/schema\/logo\/image\/","url":"https:\/\/www.bellunopress.it\/wp-content\/uploads\/2011\/05\/cropped-logo-bellunopress-.jpg","contentUrl":"https:\/\/www.bellunopress.it\/wp-content\/uploads\/2011\/05\/cropped-logo-bellunopress-.jpg","width":512,"height":512,"caption":"Bellunopress"},"image":{"@id":"https:\/\/www.bellunopress.it\/#\/schema\/logo\/image\/"},"sameAs":["https:\/\/www.facebook.com\/profile.php?id=100008943462799","https:\/\/x.com\/bellunopress","https:\/\/www.linkedin.com\/hp\/?dnr=JBzUWaJfMUw8vbXJJ2tVW5-I3jZKvC4wsoxE&amp;amp;amp;amp;amp;amp;trk=nav_responsive_tab_home","https:\/\/www.youtube.com\/channel\/UCxL0wu1uN0_3_7hGG0306cw"]},{"@type":"Person","@id":"https:\/\/www.bellunopress.it\/#\/schema\/person\/79bb06722b37ece1c03d3e94beb30d73","name":"r\u00e9daction","image":{"@type":"ImageObject","inLanguage":"fr-FR","@id":"https:\/\/secure.gravatar.com\/avatar\/37d968a2e67a6fd04c169c4bdef102d0bc5d31b2546345219e348575eb80e9a0?s=96&d=mm&r=g","url":"https:\/\/secure.gravatar.com\/avatar\/37d968a2e67a6fd04c169c4bdef102d0bc5d31b2546345219e348575eb80e9a0?s=96&d=mm&r=g","contentUrl":"https:\/\/secure.gravatar.com\/avatar\/37d968a2e67a6fd04c169c4bdef102d0bc5d31b2546345219e348575eb80e9a0?s=96&d=mm&r=g","caption":"redazione"},"sameAs":["http:\/\/www.bellunopress.it","https:\/\/x.com\/bellunopress"],"url":"https:\/\/www.bellunopress.it\/fr\/author\/redazione\/"}]}},"_links":{"self":[{"href":"https:\/\/www.bellunopress.it\/fr\/wp-json\/wp\/v2\/posts\/19018","targetHints":{"allow":["GET"]}}],"collection":[{"href":"https:\/\/www.bellunopress.it\/fr\/wp-json\/wp\/v2\/posts"}],"about":[{"href":"https:\/\/www.bellunopress.it\/fr\/wp-json\/wp\/v2\/types\/post"}],"author":[{"embeddable":true,"href":"https:\/\/www.bellunopress.it\/fr\/wp-json\/wp\/v2\/users\/2"}],"replies":[{"embeddable":true,"href":"https:\/\/www.bellunopress.it\/fr\/wp-json\/wp\/v2\/comments?post=19018"}],"version-history":[{"count":1,"href":"https:\/\/www.bellunopress.it\/fr\/wp-json\/wp\/v2\/posts\/19018\/revisions"}],"predecessor-version":[{"id":19019,"href":"https:\/\/www.bellunopress.it\/fr\/wp-json\/wp\/v2\/posts\/19018\/revisions\/19019"}],"wp:attachment":[{"href":"https:\/\/www.bellunopress.it\/fr\/wp-json\/wp\/v2\/media?parent=19018"}],"wp:term":[{"taxonomy":"category","embeddable":true,"href":"https:\/\/www.bellunopress.it\/fr\/wp-json\/wp\/v2\/categories?post=19018"},{"taxonomy":"post_tag","embeddable":true,"href":"https:\/\/www.bellunopress.it\/fr\/wp-json\/wp\/v2\/tags?post=19018"}],"curies":[{"name":"wp","href":"https:\/\/api.w.org\/{rel}","templated":true}]}}