{"id":19010,"date":"2010-09-09T19:51:53","date_gmt":"2010-09-09T18:51:53","guid":{"rendered":"http:\/\/www.bellunopress.it\/?p=19010"},"modified":"2010-09-09T19:51:53","modified_gmt":"2010-09-09T18:51:53","slug":"3-giorni-con-la-troupe-sky-il-pedale-feltrino-va-in-televisione","status":"publish","type":"post","link":"https:\/\/www.bellunopress.it\/fr\/2010\/09\/09\/3-giorni-con-la-troupe-sky-il-pedale-feltrino-va-in-televisione\/","title":{"rendered":"3 giorni con la troupe Sky: il pedale feltrino va in televisione"},"content":{"rendered":"<p><a href=\"http:\/\/www.bellunopress.it\/wp-content\/uploads\/2010\/09\/pedale-feltrino-tbh.jpg\"><img loading=\"lazy\" decoding=\"async\" class=\"alignleft size-medium wp-image-19012\" title=\"pedale-feltrino-tbh\" src=\"http:\/\/www.bellunopress.it\/wp-content\/uploads\/2010\/09\/pedale-feltrino-tbh.jpg\" alt=\"\" width=\"280\" height=\"187\" \/><\/a>Da domani una troupe Sky Sport seguir\u00e0 per tre giorni gli atleti del Pedale Feltrino Tbh, in vista della loro partecipazione alla Gran Fondo Dolomitistars di Arabba che si corre domenica 12 settembre.Il Pedale Feltrino Tbh, con i suoi circa 200 soci, \u00e8 ormai diventata una societ\u00e0 ciclistica di punta nel panorama amatoriale italiano. E\u2019 di qualche giorno fa la conquista del brevetto Prestigio da parte di una ventina di essi (3.societ\u00e0 assoluta nella classifica a squadre), da due anni le donne del gruppo conquistano il titolo italiano di cronometro a squadre, mentre quest\u2019estate a Fonzaso sono state conquistate la maglia tricolore maschile e femminile dei donatori di sangue. Da due anni il Pedale ha anche aperto una scuola di mountain bike per una ventina di bambini che stanno dando ottime soddisfazioni nelle gare provinciali.Cos\u00ec Sky Sport ha deciso di puntare le sue telecamere sugli atleti, guidati dall\u2019instancabile presidente Ivan Piol, per realizzare la trasmissione \u201cAdrenaline stories Sector\u201d che verr\u00e0 mandata in onda per ben 24 volte nel circuito del canala satellitare pi\u00f9 seguito in Italia. \u201cSi tratta di un\u2019ottima occasione per promuovere la citt\u00e0 di Feltre oltre che l\u2019attivit\u00e0 della nostra societ\u00e0 dalla cui costola nasce il comitato organizzatore della Sportful Dolomiti Race e<br \/>\ndi Castelli24h \u2013 commenta Piol \u2013 Noi siamo entusiasti, non capita tutti i giorni di avere un servizio del genere su una societ\u00e0 fatta di amatori e non di campioni, persone che hanno un lavoro e che deicano il tempo libero alla propria passione. Ringrazio il giornalista Gianluca Donato che ha pensato di dedicare proprio a noi questo spazio importante\u201d. La troupe arriver\u00e0 a Feltre nella tarda mattina di oggi e far\u00e0 tre giorni di riprese. Si potranno vedere giornalisti e cameramen dalle 14 in Piazza Maggiore e per le strade del centro storico che verr\u00e0 ripreso in pi\u00f9 occasioni per far conoscere la citt\u00e0 che ospita il Pedale Feltrino.<br \/>\n\u201cAdrenaline stories Sector\u201d racconter\u00e0 alcuni stralci della vita degli atleti del Pedale, riprendendone alcuni nei rispettivi ambienti di lavoro o nel contesto naturale in cui operano. Raccontando il loro approccio con la bicicletta e con l\u2019esperienza di correre una Gran Fondo. Esperienza culminata nella partecipazione alla Gran Fondo Dolomitistars che la troupe seguir\u00e0 da vicino e vivr\u00e0 da dentro, microfonando i ciclisti del Pedale che racconteranno divertimento e difficolt\u00e0 della prova.<\/p>","protected":false},"excerpt":{"rendered":"<p>Da domani una troupe Sky Sport seguir\u00e0 per tre giorni gli atleti del Pedale Feltrino Tbh, in vista della loro partecipazione alla Gran Fondo Dolomitistars di Arabba che si corre domenica 12 settembre.Il Pedale Feltrino Tbh, con i suoi circa 200 soci, \u00e8 ormai diventata una societ\u00e0 ciclistica di punta nel panorama amatoriale italiano. E\u2019 [&hellip;]<\/p>\n","protected":false},"author":2,"featured_media":0,"comment_status":"closed","ping_status":"open","sticky":false,"template":"","format":"standard","meta":{"footnotes":""},"categories":[26,8,4],"tags":[139,63,302,2261],"class_list":["post-19010","post","type-post","status-publish","format-standard","category-prima-pagina","category-societa-istituzioni","category-sport","tag-belluno","tag-dolomiti","tag-feltre","tag-feltrino"],"yoast_head":"<!-- This site is optimized with the Yoast SEO plugin v28.4 - https:\/\/yoast.com\/product\/yoast-seo-wordpress\/ -->\n<title>3 giorni con la troupe Sky: il pedale feltrino va in televisione - Bellunopress - Dolomiti<\/title>\n<meta name=\"robots\" content=\"index, follow, max-snippet:-1, max-image-preview:large, max-video-preview:-1\" \/>\n<link rel=\"canonical\" href=\"https:\/\/www.bellunopress.it\/fr\/2010\/09\/09\/3-giorni-con-la-troupe-sky-il-pedale-feltrino-va-in-televisione\/\" \/>\n<meta property=\"og:locale\" content=\"fr_FR\" \/>\n<meta property=\"og:type\" content=\"article\" \/>\n<meta property=\"og:title\" content=\"3 giorni con la troupe Sky: il pedale feltrino va in televisione - Bellunopress - Dolomiti\" \/>\n<meta property=\"og:description\" content=\"Da domani una troupe Sky Sport seguir\u00e0 per tre giorni gli atleti del Pedale Feltrino Tbh, in vista della loro partecipazione alla Gran Fondo Dolomitistars di Arabba che si corre domenica 12 settembre.Il Pedale Feltrino Tbh, con i suoi circa 200 soci, \u00e8 ormai diventata una societ\u00e0 ciclistica di punta nel panorama amatoriale italiano. E\u2019 [&hellip;]\" \/>\n<meta property=\"og:url\" content=\"https:\/\/www.bellunopress.it\/fr\/2010\/09\/09\/3-giorni-con-la-troupe-sky-il-pedale-feltrino-va-in-televisione\/\" \/>\n<meta property=\"og:site_name\" content=\"Bellunopress - Dolomiti\" \/>\n<meta property=\"article:publisher\" content=\"https:\/\/www.facebook.com\/profile.php?id=100008943462799\" \/>\n<meta property=\"article:published_time\" content=\"2010-09-09T18:51:53+00:00\" \/>\n<meta property=\"og:image\" content=\"http:\/\/www.bellunopress.it\/wp-content\/uploads\/2010\/09\/pedale-feltrino-tbh.jpg\" \/>\n<meta name=\"author\" content=\"redazione\" \/>\n<meta name=\"twitter:card\" content=\"summary_large_image\" \/>\n<meta name=\"twitter:creator\" content=\"@bellunopress\" \/>\n<meta name=\"twitter:site\" content=\"@bellunopress\" \/>\n<meta name=\"twitter:label1\" content=\"\u00c9crit par\" \/>\n\t<meta name=\"twitter:data1\" content=\"redazione\" \/>\n\t<meta name=\"twitter:label2\" content=\"Dur\u00e9e de lecture estim\u00e9e\" \/>\n\t<meta name=\"twitter:data2\" content=\"2 minutes\" \/>\n<script type=\"application\/ld+json\" class=\"yoast-schema-graph\">{\"@context\":\"https:\\\/\\\/schema.org\",\"@graph\":[{\"@type\":\"Article\",\"@id\":\"https:\\\/\\\/www.bellunopress.it\\\/2010\\\/09\\\/09\\\/3-giorni-con-la-troupe-sky-il-pedale-feltrino-va-in-televisione\\\/#article\",\"isPartOf\":{\"@id\":\"https:\\\/\\\/www.bellunopress.it\\\/2010\\\/09\\\/09\\\/3-giorni-con-la-troupe-sky-il-pedale-feltrino-va-in-televisione\\\/\"},\"author\":{\"name\":\"redazione\",\"@id\":\"https:\\\/\\\/www.bellunopress.it\\\/#\\\/schema\\\/person\\\/79bb06722b37ece1c03d3e94beb30d73\"},\"headline\":\"3 giorni con la troupe Sky: il pedale feltrino va in televisione\",\"datePublished\":\"2010-09-09T18:51:53+00:00\",\"mainEntityOfPage\":{\"@id\":\"https:\\\/\\\/www.bellunopress.it\\\/2010\\\/09\\\/09\\\/3-giorni-con-la-troupe-sky-il-pedale-feltrino-va-in-televisione\\\/\"},\"wordCount\":398,\"publisher\":{\"@id\":\"https:\\\/\\\/www.bellunopress.it\\\/#organization\"},\"image\":{\"@id\":\"https:\\\/\\\/www.bellunopress.it\\\/2010\\\/09\\\/09\\\/3-giorni-con-la-troupe-sky-il-pedale-feltrino-va-in-televisione\\\/#primaryimage\"},\"thumbnailUrl\":\"http:\\\/\\\/www.bellunopress.it\\\/wp-content\\\/uploads\\\/2010\\\/09\\\/pedale-feltrino-tbh.jpg\",\"keywords\":[\"Belluno\",\"Dolomiti\",\"Feltre\",\"feltrino\"],\"articleSection\":[\"Prima Pagina\",\"Societ\u00e0, Associazioni, Istituzioni\",\"Sport, tempo libero\"],\"inLanguage\":\"fr-FR\"},{\"@type\":\"WebPage\",\"@id\":\"https:\\\/\\\/www.bellunopress.it\\\/2010\\\/09\\\/09\\\/3-giorni-con-la-troupe-sky-il-pedale-feltrino-va-in-televisione\\\/\",\"url\":\"https:\\\/\\\/www.bellunopress.it\\\/2010\\\/09\\\/09\\\/3-giorni-con-la-troupe-sky-il-pedale-feltrino-va-in-televisione\\\/\",\"name\":\"3 giorni con la troupe Sky: il pedale feltrino va in televisione - Bellunopress - Dolomiti\",\"isPartOf\":{\"@id\":\"https:\\\/\\\/www.bellunopress.it\\\/#website\"},\"primaryImageOfPage\":{\"@id\":\"https:\\\/\\\/www.bellunopress.it\\\/2010\\\/09\\\/09\\\/3-giorni-con-la-troupe-sky-il-pedale-feltrino-va-in-televisione\\\/#primaryimage\"},\"image\":{\"@id\":\"https:\\\/\\\/www.bellunopress.it\\\/2010\\\/09\\\/09\\\/3-giorni-con-la-troupe-sky-il-pedale-feltrino-va-in-televisione\\\/#primaryimage\"},\"thumbnailUrl\":\"http:\\\/\\\/www.bellunopress.it\\\/wp-content\\\/uploads\\\/2010\\\/09\\\/pedale-feltrino-tbh.jpg\",\"datePublished\":\"2010-09-09T18:51:53+00:00\",\"breadcrumb\":{\"@id\":\"https:\\\/\\\/www.bellunopress.it\\\/2010\\\/09\\\/09\\\/3-giorni-con-la-troupe-sky-il-pedale-feltrino-va-in-televisione\\\/#breadcrumb\"},\"inLanguage\":\"fr-FR\",\"potentialAction\":[{\"@type\":\"ReadAction\",\"target\":[\"https:\\\/\\\/www.bellunopress.it\\\/2010\\\/09\\\/09\\\/3-giorni-con-la-troupe-sky-il-pedale-feltrino-va-in-televisione\\\/\"]}]},{\"@type\":\"ImageObject\",\"inLanguage\":\"fr-FR\",\"@id\":\"https:\\\/\\\/www.bellunopress.it\\\/2010\\\/09\\\/09\\\/3-giorni-con-la-troupe-sky-il-pedale-feltrino-va-in-televisione\\\/#primaryimage\",\"url\":\"http:\\\/\\\/www.bellunopress.it\\\/wp-content\\\/uploads\\\/2010\\\/09\\\/pedale-feltrino-tbh.jpg\",\"contentUrl\":\"http:\\\/\\\/www.bellunopress.it\\\/wp-content\\\/uploads\\\/2010\\\/09\\\/pedale-feltrino-tbh.jpg\"},{\"@type\":\"BreadcrumbList\",\"@id\":\"https:\\\/\\\/www.bellunopress.it\\\/2010\\\/09\\\/09\\\/3-giorni-con-la-troupe-sky-il-pedale-feltrino-va-in-televisione\\\/#breadcrumb\",\"itemListElement\":[{\"@type\":\"ListItem\",\"position\":1,\"name\":\"Home\",\"item\":\"https:\\\/\\\/www.bellunopress.it\\\/\"},{\"@type\":\"ListItem\",\"position\":2,\"name\":\"3 giorni con la troupe Sky: il pedale feltrino va in televisione\"}]},{\"@type\":\"WebSite\",\"@id\":\"https:\\\/\\\/www.bellunopress.it\\\/#website\",\"url\":\"https:\\\/\\\/www.bellunopress.it\\\/\",\"name\":\"Bellunopress - Dolomiti\",\"description\":\"e-mail: redazione@bellunopress.it\",\"publisher\":{\"@id\":\"https:\\\/\\\/www.bellunopress.it\\\/#organization\"},\"potentialAction\":[{\"@type\":\"SearchAction\",\"target\":{\"@type\":\"EntryPoint\",\"urlTemplate\":\"https:\\\/\\\/www.bellunopress.it\\\/?s={search_term_string}\"},\"query-input\":{\"@type\":\"PropertyValueSpecification\",\"valueRequired\":true,\"valueName\":\"search_term_string\"}}],\"inLanguage\":\"fr-FR\"},{\"@type\":\"Organization\",\"@id\":\"https:\\\/\\\/www.bellunopress.it\\\/#organization\",\"name\":\"Bellunopress\",\"url\":\"https:\\\/\\\/www.bellunopress.it\\\/\",\"logo\":{\"@type\":\"ImageObject\",\"inLanguage\":\"fr-FR\",\"@id\":\"https:\\\/\\\/www.bellunopress.it\\\/#\\\/schema\\\/logo\\\/image\\\/\",\"url\":\"https:\\\/\\\/www.bellunopress.it\\\/wp-content\\\/uploads\\\/2011\\\/05\\\/cropped-logo-bellunopress-.jpg\",\"contentUrl\":\"https:\\\/\\\/www.bellunopress.it\\\/wp-content\\\/uploads\\\/2011\\\/05\\\/cropped-logo-bellunopress-.jpg\",\"width\":512,\"height\":512,\"caption\":\"Bellunopress\"},\"image\":{\"@id\":\"https:\\\/\\\/www.bellunopress.it\\\/#\\\/schema\\\/logo\\\/image\\\/\"},\"sameAs\":[\"https:\\\/\\\/www.facebook.com\\\/profile.php?id=100008943462799\",\"https:\\\/\\\/x.com\\\/bellunopress\",\"https:\\\/\\\/www.linkedin.com\\\/hp\\\/?dnr=JBzUWaJfMUw8vbXJJ2tVW5-I3jZKvC4wsoxE&amp;amp;amp;amp;amp;amp;trk=nav_responsive_tab_home\",\"https:\\\/\\\/www.youtube.com\\\/channel\\\/UCxL0wu1uN0_3_7hGG0306cw\"]},{\"@type\":\"Person\",\"@id\":\"https:\\\/\\\/www.bellunopress.it\\\/#\\\/schema\\\/person\\\/79bb06722b37ece1c03d3e94beb30d73\",\"name\":\"redazione\",\"image\":{\"@type\":\"ImageObject\",\"inLanguage\":\"fr-FR\",\"@id\":\"https:\\\/\\\/secure.gravatar.com\\\/avatar\\\/37d968a2e67a6fd04c169c4bdef102d0bc5d31b2546345219e348575eb80e9a0?s=96&d=mm&r=g\",\"url\":\"https:\\\/\\\/secure.gravatar.com\\\/avatar\\\/37d968a2e67a6fd04c169c4bdef102d0bc5d31b2546345219e348575eb80e9a0?s=96&d=mm&r=g\",\"contentUrl\":\"https:\\\/\\\/secure.gravatar.com\\\/avatar\\\/37d968a2e67a6fd04c169c4bdef102d0bc5d31b2546345219e348575eb80e9a0?s=96&d=mm&r=g\",\"caption\":\"redazione\"},\"sameAs\":[\"http:\\\/\\\/www.bellunopress.it\",\"https:\\\/\\\/x.com\\\/bellunopress\"],\"url\":\"https:\\\/\\\/www.bellunopress.it\\\/fr\\\/author\\\/redazione\\\/\"}]}<\/script>\n<!-- \/ Yoast SEO plugin. -->","yoast_head_json":{"title":"3 giorni con la troupe Sky: il pedale feltrino va in televisione - Bellunopress - Dolomiti","robots":{"index":"index","follow":"follow","max-snippet":"max-snippet:-1","max-image-preview":"max-image-preview:large","max-video-preview":"max-video-preview:-1"},"canonical":"https:\/\/www.bellunopress.it\/fr\/2010\/09\/09\/3-giorni-con-la-troupe-sky-il-pedale-feltrino-va-in-televisione\/","og_locale":"fr_FR","og_type":"article","og_title":"3 giorni con la troupe Sky: il pedale feltrino va in televisione - Bellunopress - Dolomiti","og_description":"Da domani una troupe Sky Sport seguir\u00e0 per tre giorni gli atleti del Pedale Feltrino Tbh, in vista della loro partecipazione alla Gran Fondo Dolomitistars di Arabba che si corre domenica 12 settembre.Il Pedale Feltrino Tbh, con i suoi circa 200 soci, \u00e8 ormai diventata una societ\u00e0 ciclistica di punta nel panorama amatoriale italiano. E\u2019 [&hellip;]","og_url":"https:\/\/www.bellunopress.it\/fr\/2010\/09\/09\/3-giorni-con-la-troupe-sky-il-pedale-feltrino-va-in-televisione\/","og_site_name":"Bellunopress - Dolomiti","article_publisher":"https:\/\/www.facebook.com\/profile.php?id=100008943462799","article_published_time":"2010-09-09T18:51:53+00:00","og_image":[{"url":"http:\/\/www.bellunopress.it\/wp-content\/uploads\/2010\/09\/pedale-feltrino-tbh.jpg","type":"","width":"","height":""}],"author":"redazione","twitter_card":"summary_large_image","twitter_creator":"@bellunopress","twitter_site":"@bellunopress","twitter_misc":{"\u00c9crit par":"redazione","Dur\u00e9e de lecture estim\u00e9e":"2 minutes"},"schema":{"@context":"https:\/\/schema.org","@graph":[{"@type":"Article","@id":"https:\/\/www.bellunopress.it\/2010\/09\/09\/3-giorni-con-la-troupe-sky-il-pedale-feltrino-va-in-televisione\/#article","isPartOf":{"@id":"https:\/\/www.bellunopress.it\/2010\/09\/09\/3-giorni-con-la-troupe-sky-il-pedale-feltrino-va-in-televisione\/"},"author":{"name":"redazione","@id":"https:\/\/www.bellunopress.it\/#\/schema\/person\/79bb06722b37ece1c03d3e94beb30d73"},"headline":"3 giorni con la troupe Sky: il pedale feltrino va in televisione","datePublished":"2010-09-09T18:51:53+00:00","mainEntityOfPage":{"@id":"https:\/\/www.bellunopress.it\/2010\/09\/09\/3-giorni-con-la-troupe-sky-il-pedale-feltrino-va-in-televisione\/"},"wordCount":398,"publisher":{"@id":"https:\/\/www.bellunopress.it\/#organization"},"image":{"@id":"https:\/\/www.bellunopress.it\/2010\/09\/09\/3-giorni-con-la-troupe-sky-il-pedale-feltrino-va-in-televisione\/#primaryimage"},"thumbnailUrl":"http:\/\/www.bellunopress.it\/wp-content\/uploads\/2010\/09\/pedale-feltrino-tbh.jpg","keywords":["Belluno","Dolomiti","Feltre","feltrino"],"articleSection":["Prima Pagina","Societ\u00e0, Associazioni, Istituzioni","Sport, tempo libero"],"inLanguage":"fr-FR"},{"@type":"WebPage","@id":"https:\/\/www.bellunopress.it\/2010\/09\/09\/3-giorni-con-la-troupe-sky-il-pedale-feltrino-va-in-televisione\/","url":"https:\/\/www.bellunopress.it\/2010\/09\/09\/3-giorni-con-la-troupe-sky-il-pedale-feltrino-va-in-televisione\/","name":"3 giorni con la troupe Sky: il pedale feltrino va in televisione - Bellunopress - Dolomiti","isPartOf":{"@id":"https:\/\/www.bellunopress.it\/#website"},"primaryImageOfPage":{"@id":"https:\/\/www.bellunopress.it\/2010\/09\/09\/3-giorni-con-la-troupe-sky-il-pedale-feltrino-va-in-televisione\/#primaryimage"},"image":{"@id":"https:\/\/www.bellunopress.it\/2010\/09\/09\/3-giorni-con-la-troupe-sky-il-pedale-feltrino-va-in-televisione\/#primaryimage"},"thumbnailUrl":"http:\/\/www.bellunopress.it\/wp-content\/uploads\/2010\/09\/pedale-feltrino-tbh.jpg","datePublished":"2010-09-09T18:51:53+00:00","breadcrumb":{"@id":"https:\/\/www.bellunopress.it\/2010\/09\/09\/3-giorni-con-la-troupe-sky-il-pedale-feltrino-va-in-televisione\/#breadcrumb"},"inLanguage":"fr-FR","potentialAction":[{"@type":"ReadAction","target":["https:\/\/www.bellunopress.it\/2010\/09\/09\/3-giorni-con-la-troupe-sky-il-pedale-feltrino-va-in-televisione\/"]}]},{"@type":"ImageObject","inLanguage":"fr-FR","@id":"https:\/\/www.bellunopress.it\/2010\/09\/09\/3-giorni-con-la-troupe-sky-il-pedale-feltrino-va-in-televisione\/#primaryimage","url":"http:\/\/www.bellunopress.it\/wp-content\/uploads\/2010\/09\/pedale-feltrino-tbh.jpg","contentUrl":"http:\/\/www.bellunopress.it\/wp-content\/uploads\/2010\/09\/pedale-feltrino-tbh.jpg"},{"@type":"BreadcrumbList","@id":"https:\/\/www.bellunopress.it\/2010\/09\/09\/3-giorni-con-la-troupe-sky-il-pedale-feltrino-va-in-televisione\/#breadcrumb","itemListElement":[{"@type":"ListItem","position":1,"name":"Home","item":"https:\/\/www.bellunopress.it\/"},{"@type":"ListItem","position":2,"name":"3 giorni con la troupe Sky: il pedale feltrino va in televisione"}]},{"@type":"WebSite","@id":"https:\/\/www.bellunopress.it\/#website","url":"https:\/\/www.bellunopress.it\/","name":"Bellunopress - Dolomiti","description":"e-mail: redazione@bellunopress.it","publisher":{"@id":"https:\/\/www.bellunopress.it\/#organization"},"potentialAction":[{"@type":"SearchAction","target":{"@type":"EntryPoint","urlTemplate":"https:\/\/www.bellunopress.it\/?s={search_term_string}"},"query-input":{"@type":"PropertyValueSpecification","valueRequired":true,"valueName":"search_term_string"}}],"inLanguage":"fr-FR"},{"@type":"Organization","@id":"https:\/\/www.bellunopress.it\/#organization","name":"Bellunopress","url":"https:\/\/www.bellunopress.it\/","logo":{"@type":"ImageObject","inLanguage":"fr-FR","@id":"https:\/\/www.bellunopress.it\/#\/schema\/logo\/image\/","url":"https:\/\/www.bellunopress.it\/wp-content\/uploads\/2011\/05\/cropped-logo-bellunopress-.jpg","contentUrl":"https:\/\/www.bellunopress.it\/wp-content\/uploads\/2011\/05\/cropped-logo-bellunopress-.jpg","width":512,"height":512,"caption":"Bellunopress"},"image":{"@id":"https:\/\/www.bellunopress.it\/#\/schema\/logo\/image\/"},"sameAs":["https:\/\/www.facebook.com\/profile.php?id=100008943462799","https:\/\/x.com\/bellunopress","https:\/\/www.linkedin.com\/hp\/?dnr=JBzUWaJfMUw8vbXJJ2tVW5-I3jZKvC4wsoxE&amp;amp;amp;amp;amp;amp;trk=nav_responsive_tab_home","https:\/\/www.youtube.com\/channel\/UCxL0wu1uN0_3_7hGG0306cw"]},{"@type":"Person","@id":"https:\/\/www.bellunopress.it\/#\/schema\/person\/79bb06722b37ece1c03d3e94beb30d73","name":"r\u00e9daction","image":{"@type":"ImageObject","inLanguage":"fr-FR","@id":"https:\/\/secure.gravatar.com\/avatar\/37d968a2e67a6fd04c169c4bdef102d0bc5d31b2546345219e348575eb80e9a0?s=96&d=mm&r=g","url":"https:\/\/secure.gravatar.com\/avatar\/37d968a2e67a6fd04c169c4bdef102d0bc5d31b2546345219e348575eb80e9a0?s=96&d=mm&r=g","contentUrl":"https:\/\/secure.gravatar.com\/avatar\/37d968a2e67a6fd04c169c4bdef102d0bc5d31b2546345219e348575eb80e9a0?s=96&d=mm&r=g","caption":"redazione"},"sameAs":["http:\/\/www.bellunopress.it","https:\/\/x.com\/bellunopress"],"url":"https:\/\/www.bellunopress.it\/fr\/author\/redazione\/"}]}},"_links":{"self":[{"href":"https:\/\/www.bellunopress.it\/fr\/wp-json\/wp\/v2\/posts\/19010","targetHints":{"allow":["GET"]}}],"collection":[{"href":"https:\/\/www.bellunopress.it\/fr\/wp-json\/wp\/v2\/posts"}],"about":[{"href":"https:\/\/www.bellunopress.it\/fr\/wp-json\/wp\/v2\/types\/post"}],"author":[{"embeddable":true,"href":"https:\/\/www.bellunopress.it\/fr\/wp-json\/wp\/v2\/users\/2"}],"replies":[{"embeddable":true,"href":"https:\/\/www.bellunopress.it\/fr\/wp-json\/wp\/v2\/comments?post=19010"}],"version-history":[{"count":1,"href":"https:\/\/www.bellunopress.it\/fr\/wp-json\/wp\/v2\/posts\/19010\/revisions"}],"predecessor-version":[{"id":19013,"href":"https:\/\/www.bellunopress.it\/fr\/wp-json\/wp\/v2\/posts\/19010\/revisions\/19013"}],"wp:attachment":[{"href":"https:\/\/www.bellunopress.it\/fr\/wp-json\/wp\/v2\/media?parent=19010"}],"wp:term":[{"taxonomy":"category","embeddable":true,"href":"https:\/\/www.bellunopress.it\/fr\/wp-json\/wp\/v2\/categories?post=19010"},{"taxonomy":"post_tag","embeddable":true,"href":"https:\/\/www.bellunopress.it\/fr\/wp-json\/wp\/v2\/tags?post=19010"}],"curies":[{"name":"wp","href":"https:\/\/api.w.org\/{rel}","templated":true}]}}