{"id":19008,"date":"2010-09-09T19:37:48","date_gmt":"2010-09-09T18:37:48","guid":{"rendered":"http:\/\/www.bellunopress.it\/?p=19008"},"modified":"2010-09-09T19:37:48","modified_gmt":"2010-09-09T18:37:48","slug":"soppressione-in-rai-di-unedizione-dellinformazione-regionale-zaia-%e2%80%9cbrutto-segnale-ho-interpellato-i-vertici%e2%80%9d","status":"publish","type":"post","link":"https:\/\/www.bellunopress.it\/fr\/2010\/09\/09\/soppressione-in-rai-di-unedizione-dellinformazione-regionale-zaia-%e2%80%9cbrutto-segnale-ho-interpellato-i-vertici%e2%80%9d\/","title":{"rendered":"Soppressione in Rai di un&#8217;edizione dell&#8217;informazione regionale. Zaia: \u201cBrutto segnale, ho interpellato i vertici\u201d"},"content":{"rendered":"<p><a href=\"http:\/\/www.bellunopress.it\/wp-content\/uploads\/2010\/02\/zaia.jpg\"><img loading=\"lazy\" decoding=\"async\" class=\"alignleft size-medium wp-image-12829\" title=\"zaia\" src=\"http:\/\/www.bellunopress.it\/wp-content\/uploads\/2010\/02\/zaia.jpg\" alt=\"\" width=\"270\" height=\"270\" srcset=\"https:\/\/www.bellunopress.it\/wp-content\/uploads\/2010\/02\/zaia.jpg 270w, https:\/\/www.bellunopress.it\/wp-content\/uploads\/2010\/02\/zaia-150x150.jpg 150w\" sizes=\"auto, (max-width: 270px) 100vw, 270px\" \/><\/a>\u201cLa soppressione di un\u2019edizione dell\u2019informazione regionale \u00e8 un brutto segnale che viene dato in questi giorni dall\u2019Azienda Rai, cui vale sempre la pena di ricordare che lo spazio privilegiato di servizio pubblico \u00e8 sempre di pi\u00f9 ravvisabile nell\u2019informazione che produce servizio al territorio\u201d. Lo dichiara il presidente della Regione del Veneto Luca Zaia in merito all\u2019annunciata soppressione dell\u2019edizione della notte dei Tg regionali. \u201cDa tempo \u2013 prosegue Zaia &#8211; sto chiedendo ai vertici di viale Mazzini che si incominci a cambiare rotta rispetto a una produzione complessivamente legata a stereotipi e priva di quel vento di novit\u00e0 che arriva da luoghi e culture sempre di pi\u00f9 marginalizzate e considerate non interessanti dall\u2019offerta della Rai\u201d. Secondo Zaia, \u201cva sottolineato come la questione riguarda un segmento della produzione giornalistica. Ho interpellato, a questo proposito, i vertici della Rai che confermano che la linea su cui si stanno muovendo va, appunto, nella direzione auspicata e che stanno chiedendo alle Redazioni regionali un sacrificio a fronte di un forte contenimento dei costi e a un arricchimento dell\u2019offerta anche regionale sui canali tematici che stanno per completare l\u2019offerta aziendale\u201d. \u201cRitengo &#8211; conclude Zaia &#8211; si debba continuare a vigilare sulla reale consistenza di tali assicurazioni e sulla tenuta delle culture territoriali nell\u2019ambito di una riforma complessiva dell\u2019informazione regionale della Rai\u201d.<\/p>","protected":false},"excerpt":{"rendered":"<p>\u201cLa soppressione di un\u2019edizione dell\u2019informazione regionale \u00e8 un brutto segnale che viene dato in questi giorni dall\u2019Azienda Rai, cui vale sempre la pena di ricordare che lo spazio privilegiato di servizio pubblico \u00e8 sempre di pi\u00f9 ravvisabile nell\u2019informazione che produce servizio al territorio\u201d. Lo dichiara il presidente della Regione del Veneto Luca Zaia in merito [&hellip;]<\/p>\n","protected":false},"author":2,"featured_media":0,"comment_status":"closed","ping_status":"open","sticky":false,"template":"","format":"standard","meta":{"footnotes":""},"categories":[5,26],"tags":[139],"class_list":["post-19008","post","type-post","status-publish","format-standard","category-cronaca","category-prima-pagina","tag-belluno"],"yoast_head":"<!-- This site is optimized with the Yoast SEO plugin v28.4 - https:\/\/yoast.com\/product\/yoast-seo-wordpress\/ -->\n<title>Soppressione in Rai di un&#039;edizione dell&#039;informazione regionale. Zaia: \u201cBrutto segnale, ho interpellato i vertici\u201d - Bellunopress - Dolomiti<\/title>\n<meta name=\"robots\" content=\"index, follow, max-snippet:-1, max-image-preview:large, max-video-preview:-1\" \/>\n<link rel=\"canonical\" href=\"https:\/\/www.bellunopress.it\/fr\/2010\/09\/09\/soppressione-in-rai-di-unedizione-dellinformazione-regionale-zaia-\u201cbrutto-segnale-ho-interpellato-i-vertici\u201d\/\" \/>\n<meta property=\"og:locale\" content=\"fr_FR\" \/>\n<meta property=\"og:type\" content=\"article\" \/>\n<meta property=\"og:title\" content=\"Soppressione in Rai di un&#039;edizione dell&#039;informazione regionale. Zaia: \u201cBrutto segnale, ho interpellato i vertici\u201d - Bellunopress - Dolomiti\" \/>\n<meta property=\"og:description\" content=\"\u201cLa soppressione di un\u2019edizione dell\u2019informazione regionale \u00e8 un brutto segnale che viene dato in questi giorni dall\u2019Azienda Rai, cui vale sempre la pena di ricordare che lo spazio privilegiato di servizio pubblico \u00e8 sempre di pi\u00f9 ravvisabile nell\u2019informazione che produce servizio al territorio\u201d. Lo dichiara il presidente della Regione del Veneto Luca Zaia in merito [&hellip;]\" \/>\n<meta property=\"og:url\" content=\"https:\/\/www.bellunopress.it\/fr\/2010\/09\/09\/soppressione-in-rai-di-unedizione-dellinformazione-regionale-zaia-\u201cbrutto-segnale-ho-interpellato-i-vertici\u201d\/\" \/>\n<meta property=\"og:site_name\" content=\"Bellunopress - Dolomiti\" \/>\n<meta property=\"article:publisher\" content=\"https:\/\/www.facebook.com\/profile.php?id=100008943462799\" \/>\n<meta property=\"article:published_time\" content=\"2010-09-09T18:37:48+00:00\" \/>\n<meta property=\"og:image\" content=\"http:\/\/www.bellunopress.it\/wp-content\/uploads\/2010\/02\/zaia.jpg\" \/>\n<meta name=\"author\" content=\"redazione\" \/>\n<meta name=\"twitter:card\" content=\"summary_large_image\" \/>\n<meta name=\"twitter:creator\" content=\"@bellunopress\" \/>\n<meta name=\"twitter:site\" content=\"@bellunopress\" \/>\n<meta name=\"twitter:label1\" content=\"\u00c9crit par\" \/>\n\t<meta name=\"twitter:data1\" content=\"redazione\" \/>\n\t<meta name=\"twitter:label2\" content=\"Dur\u00e9e de lecture estim\u00e9e\" \/>\n\t<meta name=\"twitter:data2\" content=\"1 minute\" \/>\n<script type=\"application\/ld+json\" class=\"yoast-schema-graph\">{\"@context\":\"https:\\\/\\\/schema.org\",\"@graph\":[{\"@type\":\"Article\",\"@id\":\"https:\\\/\\\/www.bellunopress.it\\\/2010\\\/09\\\/09\\\/soppressione-in-rai-di-unedizione-dellinformazione-regionale-zaia-%e2%80%9cbrutto-segnale-ho-interpellato-i-vertici%e2%80%9d\\\/#article\",\"isPartOf\":{\"@id\":\"https:\\\/\\\/www.bellunopress.it\\\/2010\\\/09\\\/09\\\/soppressione-in-rai-di-unedizione-dellinformazione-regionale-zaia-%e2%80%9cbrutto-segnale-ho-interpellato-i-vertici%e2%80%9d\\\/\"},\"author\":{\"name\":\"redazione\",\"@id\":\"https:\\\/\\\/www.bellunopress.it\\\/#\\\/schema\\\/person\\\/79bb06722b37ece1c03d3e94beb30d73\"},\"headline\":\"Soppressione in Rai di un&#8217;edizione dell&#8217;informazione regionale. Zaia: \u201cBrutto segnale, ho interpellato i vertici\u201d\",\"datePublished\":\"2010-09-09T18:37:48+00:00\",\"mainEntityOfPage\":{\"@id\":\"https:\\\/\\\/www.bellunopress.it\\\/2010\\\/09\\\/09\\\/soppressione-in-rai-di-unedizione-dellinformazione-regionale-zaia-%e2%80%9cbrutto-segnale-ho-interpellato-i-vertici%e2%80%9d\\\/\"},\"wordCount\":239,\"publisher\":{\"@id\":\"https:\\\/\\\/www.bellunopress.it\\\/#organization\"},\"image\":{\"@id\":\"https:\\\/\\\/www.bellunopress.it\\\/2010\\\/09\\\/09\\\/soppressione-in-rai-di-unedizione-dellinformazione-regionale-zaia-%e2%80%9cbrutto-segnale-ho-interpellato-i-vertici%e2%80%9d\\\/#primaryimage\"},\"thumbnailUrl\":\"http:\\\/\\\/www.bellunopress.it\\\/wp-content\\\/uploads\\\/2010\\\/02\\\/zaia.jpg\",\"keywords\":[\"Belluno\"],\"articleSection\":[\"Cronaca\\\/Politica\",\"Prima Pagina\"],\"inLanguage\":\"fr-FR\"},{\"@type\":\"WebPage\",\"@id\":\"https:\\\/\\\/www.bellunopress.it\\\/2010\\\/09\\\/09\\\/soppressione-in-rai-di-unedizione-dellinformazione-regionale-zaia-%e2%80%9cbrutto-segnale-ho-interpellato-i-vertici%e2%80%9d\\\/\",\"url\":\"https:\\\/\\\/www.bellunopress.it\\\/2010\\\/09\\\/09\\\/soppressione-in-rai-di-unedizione-dellinformazione-regionale-zaia-%e2%80%9cbrutto-segnale-ho-interpellato-i-vertici%e2%80%9d\\\/\",\"name\":\"Soppressione in Rai di un'edizione dell'informazione regionale. Zaia: \u201cBrutto segnale, ho interpellato i vertici\u201d - Bellunopress - Dolomiti\",\"isPartOf\":{\"@id\":\"https:\\\/\\\/www.bellunopress.it\\\/#website\"},\"primaryImageOfPage\":{\"@id\":\"https:\\\/\\\/www.bellunopress.it\\\/2010\\\/09\\\/09\\\/soppressione-in-rai-di-unedizione-dellinformazione-regionale-zaia-%e2%80%9cbrutto-segnale-ho-interpellato-i-vertici%e2%80%9d\\\/#primaryimage\"},\"image\":{\"@id\":\"https:\\\/\\\/www.bellunopress.it\\\/2010\\\/09\\\/09\\\/soppressione-in-rai-di-unedizione-dellinformazione-regionale-zaia-%e2%80%9cbrutto-segnale-ho-interpellato-i-vertici%e2%80%9d\\\/#primaryimage\"},\"thumbnailUrl\":\"http:\\\/\\\/www.bellunopress.it\\\/wp-content\\\/uploads\\\/2010\\\/02\\\/zaia.jpg\",\"datePublished\":\"2010-09-09T18:37:48+00:00\",\"breadcrumb\":{\"@id\":\"https:\\\/\\\/www.bellunopress.it\\\/2010\\\/09\\\/09\\\/soppressione-in-rai-di-unedizione-dellinformazione-regionale-zaia-%e2%80%9cbrutto-segnale-ho-interpellato-i-vertici%e2%80%9d\\\/#breadcrumb\"},\"inLanguage\":\"fr-FR\",\"potentialAction\":[{\"@type\":\"ReadAction\",\"target\":[\"https:\\\/\\\/www.bellunopress.it\\\/2010\\\/09\\\/09\\\/soppressione-in-rai-di-unedizione-dellinformazione-regionale-zaia-%e2%80%9cbrutto-segnale-ho-interpellato-i-vertici%e2%80%9d\\\/\"]}]},{\"@type\":\"ImageObject\",\"inLanguage\":\"fr-FR\",\"@id\":\"https:\\\/\\\/www.bellunopress.it\\\/2010\\\/09\\\/09\\\/soppressione-in-rai-di-unedizione-dellinformazione-regionale-zaia-%e2%80%9cbrutto-segnale-ho-interpellato-i-vertici%e2%80%9d\\\/#primaryimage\",\"url\":\"http:\\\/\\\/www.bellunopress.it\\\/wp-content\\\/uploads\\\/2010\\\/02\\\/zaia.jpg\",\"contentUrl\":\"http:\\\/\\\/www.bellunopress.it\\\/wp-content\\\/uploads\\\/2010\\\/02\\\/zaia.jpg\"},{\"@type\":\"BreadcrumbList\",\"@id\":\"https:\\\/\\\/www.bellunopress.it\\\/2010\\\/09\\\/09\\\/soppressione-in-rai-di-unedizione-dellinformazione-regionale-zaia-%e2%80%9cbrutto-segnale-ho-interpellato-i-vertici%e2%80%9d\\\/#breadcrumb\",\"itemListElement\":[{\"@type\":\"ListItem\",\"position\":1,\"name\":\"Home\",\"item\":\"https:\\\/\\\/www.bellunopress.it\\\/\"},{\"@type\":\"ListItem\",\"position\":2,\"name\":\"Soppressione in Rai di un&#8217;edizione dell&#8217;informazione regionale. Zaia: \u201cBrutto segnale, ho interpellato i vertici\u201d\"}]},{\"@type\":\"WebSite\",\"@id\":\"https:\\\/\\\/www.bellunopress.it\\\/#website\",\"url\":\"https:\\\/\\\/www.bellunopress.it\\\/\",\"name\":\"Bellunopress - Dolomiti\",\"description\":\"e-mail: redazione@bellunopress.it\",\"publisher\":{\"@id\":\"https:\\\/\\\/www.bellunopress.it\\\/#organization\"},\"potentialAction\":[{\"@type\":\"SearchAction\",\"target\":{\"@type\":\"EntryPoint\",\"urlTemplate\":\"https:\\\/\\\/www.bellunopress.it\\\/?s={search_term_string}\"},\"query-input\":{\"@type\":\"PropertyValueSpecification\",\"valueRequired\":true,\"valueName\":\"search_term_string\"}}],\"inLanguage\":\"fr-FR\"},{\"@type\":\"Organization\",\"@id\":\"https:\\\/\\\/www.bellunopress.it\\\/#organization\",\"name\":\"Bellunopress\",\"url\":\"https:\\\/\\\/www.bellunopress.it\\\/\",\"logo\":{\"@type\":\"ImageObject\",\"inLanguage\":\"fr-FR\",\"@id\":\"https:\\\/\\\/www.bellunopress.it\\\/#\\\/schema\\\/logo\\\/image\\\/\",\"url\":\"https:\\\/\\\/www.bellunopress.it\\\/wp-content\\\/uploads\\\/2011\\\/05\\\/cropped-logo-bellunopress-.jpg\",\"contentUrl\":\"https:\\\/\\\/www.bellunopress.it\\\/wp-content\\\/uploads\\\/2011\\\/05\\\/cropped-logo-bellunopress-.jpg\",\"width\":512,\"height\":512,\"caption\":\"Bellunopress\"},\"image\":{\"@id\":\"https:\\\/\\\/www.bellunopress.it\\\/#\\\/schema\\\/logo\\\/image\\\/\"},\"sameAs\":[\"https:\\\/\\\/www.facebook.com\\\/profile.php?id=100008943462799\",\"https:\\\/\\\/x.com\\\/bellunopress\",\"https:\\\/\\\/www.linkedin.com\\\/hp\\\/?dnr=JBzUWaJfMUw8vbXJJ2tVW5-I3jZKvC4wsoxE&amp;amp;amp;amp;amp;amp;trk=nav_responsive_tab_home\",\"https:\\\/\\\/www.youtube.com\\\/channel\\\/UCxL0wu1uN0_3_7hGG0306cw\"]},{\"@type\":\"Person\",\"@id\":\"https:\\\/\\\/www.bellunopress.it\\\/#\\\/schema\\\/person\\\/79bb06722b37ece1c03d3e94beb30d73\",\"name\":\"redazione\",\"image\":{\"@type\":\"ImageObject\",\"inLanguage\":\"fr-FR\",\"@id\":\"https:\\\/\\\/secure.gravatar.com\\\/avatar\\\/37d968a2e67a6fd04c169c4bdef102d0bc5d31b2546345219e348575eb80e9a0?s=96&d=mm&r=g\",\"url\":\"https:\\\/\\\/secure.gravatar.com\\\/avatar\\\/37d968a2e67a6fd04c169c4bdef102d0bc5d31b2546345219e348575eb80e9a0?s=96&d=mm&r=g\",\"contentUrl\":\"https:\\\/\\\/secure.gravatar.com\\\/avatar\\\/37d968a2e67a6fd04c169c4bdef102d0bc5d31b2546345219e348575eb80e9a0?s=96&d=mm&r=g\",\"caption\":\"redazione\"},\"sameAs\":[\"http:\\\/\\\/www.bellunopress.it\",\"https:\\\/\\\/x.com\\\/bellunopress\"],\"url\":\"https:\\\/\\\/www.bellunopress.it\\\/fr\\\/author\\\/redazione\\\/\"}]}<\/script>\n<!-- \/ Yoast SEO plugin. -->","yoast_head_json":{"title":"Soppressione in Rai di un'edizione dell'informazione regionale. Zaia: \u201cBrutto segnale, ho interpellato i vertici\u201d - Bellunopress - Dolomiti","robots":{"index":"index","follow":"follow","max-snippet":"max-snippet:-1","max-image-preview":"max-image-preview:large","max-video-preview":"max-video-preview:-1"},"canonical":"https:\/\/www.bellunopress.it\/fr\/2010\/09\/09\/soppressione-in-rai-di-unedizione-dellinformazione-regionale-zaia-\u201cbrutto-segnale-ho-interpellato-i-vertici\u201d\/","og_locale":"fr_FR","og_type":"article","og_title":"Soppressione in Rai di un'edizione dell'informazione regionale. Zaia: \u201cBrutto segnale, ho interpellato i vertici\u201d - Bellunopress - Dolomiti","og_description":"\u201cLa soppressione di un\u2019edizione dell\u2019informazione regionale \u00e8 un brutto segnale che viene dato in questi giorni dall\u2019Azienda Rai, cui vale sempre la pena di ricordare che lo spazio privilegiato di servizio pubblico \u00e8 sempre di pi\u00f9 ravvisabile nell\u2019informazione che produce servizio al territorio\u201d. Lo dichiara il presidente della Regione del Veneto Luca Zaia in merito [&hellip;]","og_url":"https:\/\/www.bellunopress.it\/fr\/2010\/09\/09\/soppressione-in-rai-di-unedizione-dellinformazione-regionale-zaia-\u201cbrutto-segnale-ho-interpellato-i-vertici\u201d\/","og_site_name":"Bellunopress - Dolomiti","article_publisher":"https:\/\/www.facebook.com\/profile.php?id=100008943462799","article_published_time":"2010-09-09T18:37:48+00:00","og_image":[{"url":"http:\/\/www.bellunopress.it\/wp-content\/uploads\/2010\/02\/zaia.jpg","type":"","width":"","height":""}],"author":"redazione","twitter_card":"summary_large_image","twitter_creator":"@bellunopress","twitter_site":"@bellunopress","twitter_misc":{"\u00c9crit par":"redazione","Dur\u00e9e de lecture estim\u00e9e":"1 minute"},"schema":{"@context":"https:\/\/schema.org","@graph":[{"@type":"Article","@id":"https:\/\/www.bellunopress.it\/2010\/09\/09\/soppressione-in-rai-di-unedizione-dellinformazione-regionale-zaia-%e2%80%9cbrutto-segnale-ho-interpellato-i-vertici%e2%80%9d\/#article","isPartOf":{"@id":"https:\/\/www.bellunopress.it\/2010\/09\/09\/soppressione-in-rai-di-unedizione-dellinformazione-regionale-zaia-%e2%80%9cbrutto-segnale-ho-interpellato-i-vertici%e2%80%9d\/"},"author":{"name":"redazione","@id":"https:\/\/www.bellunopress.it\/#\/schema\/person\/79bb06722b37ece1c03d3e94beb30d73"},"headline":"Soppressione in Rai di un&#8217;edizione dell&#8217;informazione regionale. Zaia: \u201cBrutto segnale, ho interpellato i vertici\u201d","datePublished":"2010-09-09T18:37:48+00:00","mainEntityOfPage":{"@id":"https:\/\/www.bellunopress.it\/2010\/09\/09\/soppressione-in-rai-di-unedizione-dellinformazione-regionale-zaia-%e2%80%9cbrutto-segnale-ho-interpellato-i-vertici%e2%80%9d\/"},"wordCount":239,"publisher":{"@id":"https:\/\/www.bellunopress.it\/#organization"},"image":{"@id":"https:\/\/www.bellunopress.it\/2010\/09\/09\/soppressione-in-rai-di-unedizione-dellinformazione-regionale-zaia-%e2%80%9cbrutto-segnale-ho-interpellato-i-vertici%e2%80%9d\/#primaryimage"},"thumbnailUrl":"http:\/\/www.bellunopress.it\/wp-content\/uploads\/2010\/02\/zaia.jpg","keywords":["Belluno"],"articleSection":["Cronaca\/Politica","Prima Pagina"],"inLanguage":"fr-FR"},{"@type":"WebPage","@id":"https:\/\/www.bellunopress.it\/2010\/09\/09\/soppressione-in-rai-di-unedizione-dellinformazione-regionale-zaia-%e2%80%9cbrutto-segnale-ho-interpellato-i-vertici%e2%80%9d\/","url":"https:\/\/www.bellunopress.it\/2010\/09\/09\/soppressione-in-rai-di-unedizione-dellinformazione-regionale-zaia-%e2%80%9cbrutto-segnale-ho-interpellato-i-vertici%e2%80%9d\/","name":"Soppressione in Rai di un'edizione dell'informazione regionale. Zaia: \u201cBrutto segnale, ho interpellato i vertici\u201d - Bellunopress - Dolomiti","isPartOf":{"@id":"https:\/\/www.bellunopress.it\/#website"},"primaryImageOfPage":{"@id":"https:\/\/www.bellunopress.it\/2010\/09\/09\/soppressione-in-rai-di-unedizione-dellinformazione-regionale-zaia-%e2%80%9cbrutto-segnale-ho-interpellato-i-vertici%e2%80%9d\/#primaryimage"},"image":{"@id":"https:\/\/www.bellunopress.it\/2010\/09\/09\/soppressione-in-rai-di-unedizione-dellinformazione-regionale-zaia-%e2%80%9cbrutto-segnale-ho-interpellato-i-vertici%e2%80%9d\/#primaryimage"},"thumbnailUrl":"http:\/\/www.bellunopress.it\/wp-content\/uploads\/2010\/02\/zaia.jpg","datePublished":"2010-09-09T18:37:48+00:00","breadcrumb":{"@id":"https:\/\/www.bellunopress.it\/2010\/09\/09\/soppressione-in-rai-di-unedizione-dellinformazione-regionale-zaia-%e2%80%9cbrutto-segnale-ho-interpellato-i-vertici%e2%80%9d\/#breadcrumb"},"inLanguage":"fr-FR","potentialAction":[{"@type":"ReadAction","target":["https:\/\/www.bellunopress.it\/2010\/09\/09\/soppressione-in-rai-di-unedizione-dellinformazione-regionale-zaia-%e2%80%9cbrutto-segnale-ho-interpellato-i-vertici%e2%80%9d\/"]}]},{"@type":"ImageObject","inLanguage":"fr-FR","@id":"https:\/\/www.bellunopress.it\/2010\/09\/09\/soppressione-in-rai-di-unedizione-dellinformazione-regionale-zaia-%e2%80%9cbrutto-segnale-ho-interpellato-i-vertici%e2%80%9d\/#primaryimage","url":"http:\/\/www.bellunopress.it\/wp-content\/uploads\/2010\/02\/zaia.jpg","contentUrl":"http:\/\/www.bellunopress.it\/wp-content\/uploads\/2010\/02\/zaia.jpg"},{"@type":"BreadcrumbList","@id":"https:\/\/www.bellunopress.it\/2010\/09\/09\/soppressione-in-rai-di-unedizione-dellinformazione-regionale-zaia-%e2%80%9cbrutto-segnale-ho-interpellato-i-vertici%e2%80%9d\/#breadcrumb","itemListElement":[{"@type":"ListItem","position":1,"name":"Home","item":"https:\/\/www.bellunopress.it\/"},{"@type":"ListItem","position":2,"name":"Soppressione in Rai di un&#8217;edizione dell&#8217;informazione regionale. Zaia: \u201cBrutto segnale, ho interpellato i vertici\u201d"}]},{"@type":"WebSite","@id":"https:\/\/www.bellunopress.it\/#website","url":"https:\/\/www.bellunopress.it\/","name":"Bellunopress - Dolomiti","description":"e-mail: redazione@bellunopress.it","publisher":{"@id":"https:\/\/www.bellunopress.it\/#organization"},"potentialAction":[{"@type":"SearchAction","target":{"@type":"EntryPoint","urlTemplate":"https:\/\/www.bellunopress.it\/?s={search_term_string}"},"query-input":{"@type":"PropertyValueSpecification","valueRequired":true,"valueName":"search_term_string"}}],"inLanguage":"fr-FR"},{"@type":"Organization","@id":"https:\/\/www.bellunopress.it\/#organization","name":"Bellunopress","url":"https:\/\/www.bellunopress.it\/","logo":{"@type":"ImageObject","inLanguage":"fr-FR","@id":"https:\/\/www.bellunopress.it\/#\/schema\/logo\/image\/","url":"https:\/\/www.bellunopress.it\/wp-content\/uploads\/2011\/05\/cropped-logo-bellunopress-.jpg","contentUrl":"https:\/\/www.bellunopress.it\/wp-content\/uploads\/2011\/05\/cropped-logo-bellunopress-.jpg","width":512,"height":512,"caption":"Bellunopress"},"image":{"@id":"https:\/\/www.bellunopress.it\/#\/schema\/logo\/image\/"},"sameAs":["https:\/\/www.facebook.com\/profile.php?id=100008943462799","https:\/\/x.com\/bellunopress","https:\/\/www.linkedin.com\/hp\/?dnr=JBzUWaJfMUw8vbXJJ2tVW5-I3jZKvC4wsoxE&amp;amp;amp;amp;amp;amp;trk=nav_responsive_tab_home","https:\/\/www.youtube.com\/channel\/UCxL0wu1uN0_3_7hGG0306cw"]},{"@type":"Person","@id":"https:\/\/www.bellunopress.it\/#\/schema\/person\/79bb06722b37ece1c03d3e94beb30d73","name":"r\u00e9daction","image":{"@type":"ImageObject","inLanguage":"fr-FR","@id":"https:\/\/secure.gravatar.com\/avatar\/37d968a2e67a6fd04c169c4bdef102d0bc5d31b2546345219e348575eb80e9a0?s=96&d=mm&r=g","url":"https:\/\/secure.gravatar.com\/avatar\/37d968a2e67a6fd04c169c4bdef102d0bc5d31b2546345219e348575eb80e9a0?s=96&d=mm&r=g","contentUrl":"https:\/\/secure.gravatar.com\/avatar\/37d968a2e67a6fd04c169c4bdef102d0bc5d31b2546345219e348575eb80e9a0?s=96&d=mm&r=g","caption":"redazione"},"sameAs":["http:\/\/www.bellunopress.it","https:\/\/x.com\/bellunopress"],"url":"https:\/\/www.bellunopress.it\/fr\/author\/redazione\/"}]}},"_links":{"self":[{"href":"https:\/\/www.bellunopress.it\/fr\/wp-json\/wp\/v2\/posts\/19008","targetHints":{"allow":["GET"]}}],"collection":[{"href":"https:\/\/www.bellunopress.it\/fr\/wp-json\/wp\/v2\/posts"}],"about":[{"href":"https:\/\/www.bellunopress.it\/fr\/wp-json\/wp\/v2\/types\/post"}],"author":[{"embeddable":true,"href":"https:\/\/www.bellunopress.it\/fr\/wp-json\/wp\/v2\/users\/2"}],"replies":[{"embeddable":true,"href":"https:\/\/www.bellunopress.it\/fr\/wp-json\/wp\/v2\/comments?post=19008"}],"version-history":[{"count":1,"href":"https:\/\/www.bellunopress.it\/fr\/wp-json\/wp\/v2\/posts\/19008\/revisions"}],"predecessor-version":[{"id":19009,"href":"https:\/\/www.bellunopress.it\/fr\/wp-json\/wp\/v2\/posts\/19008\/revisions\/19009"}],"wp:attachment":[{"href":"https:\/\/www.bellunopress.it\/fr\/wp-json\/wp\/v2\/media?parent=19008"}],"wp:term":[{"taxonomy":"category","embeddable":true,"href":"https:\/\/www.bellunopress.it\/fr\/wp-json\/wp\/v2\/categories?post=19008"},{"taxonomy":"post_tag","embeddable":true,"href":"https:\/\/www.bellunopress.it\/fr\/wp-json\/wp\/v2\/tags?post=19008"}],"curies":[{"name":"wp","href":"https:\/\/api.w.org\/{rel}","templated":true}]}}