{"id":18991,"date":"2010-09-09T13:56:05","date_gmt":"2010-09-09T12:56:05","guid":{"rendered":"http:\/\/www.bellunopress.it\/?p=18991"},"modified":"2010-09-09T13:56:05","modified_gmt":"2010-09-09T12:56:05","slug":"i-raduno-vigili-del-fuoco-a-cortina-anche-lartista-giulio-manfredi-con-la-sua-opera-verticale","status":"publish","type":"post","link":"https:\/\/www.bellunopress.it\/fr\/2010\/09\/09\/i-raduno-vigili-del-fuoco-a-cortina-anche-lartista-giulio-manfredi-con-la-sua-opera-verticale\/","title":{"rendered":"I Raduno Vigili del Fuoco a Cortina: anche l&#8217;artista Giulio Manfredi con la sua &#8220;opera verticale&#8221;"},"content":{"rendered":"<p>Verticalit\u00e0: un elemento comune alle cime dolomitiche che cingono la Regina, al lavoro dei Vigili del Fuoco, cos\u00ec come alla speciale scultura che l\u2019artista Giulio Manfredi ha realizzato per celebrare un Corpo tanto amato dal pubblico e cittadini. La consegna ufficiale dell\u2019opera \u00e8 prevista per sabato 11 settembre proprio in occasione del primo raduno nazionale dei Vigili del Fuoco, in programma dal 10 al 12 settembre. Un appuntamento &#8211; al quale presenzier\u00e0 anche il ministro dell&#8217;Interno Roberto Maroni &#8211; pronto ad accogliere tutte le componenti italiane insieme al alcune rappresentative internazionali tra cui anche i Vigili del fuoco di New York.<br \/>\nSar\u00e0 Cortina d\u2019Ampezzo ad ospitare la tre-giorni di eventi interamente dedicata ai Vigili del Fuoco che hanno scelto la Regina delle Dolomiti come sede del loro primo raduno nazionale. Non solo un momento di rappresentativit\u00e0 del Corpo &#8211; al quale non mancher\u00e0 di partecipare anche il ministro dell&#8217;Interno Roberto Maroni &#8211; ma un vero e proprio evento ricco di appuntamenti capaci di spaziare dalla musica all\u2019arte, dalla sicurezza alle esercitazioni pratiche, dagli spettacoli pirotecnici alle esposizioni dedicate ai pi\u00f9 piccoli. Anche l\u2019artista Giulio Manfredi, creativo di fama internazionale, arriver\u00e0 nella conca ampezzana per consegnare al corpo Nazionale dei Vigili del Fuoco un dono speciale: una scultura ispirata a uno dei principali strumenti d\u2019intervento dei Vigili, una scala proiettata verso l\u2019alto. E non poteva essere che Cortina la location privilegiata per la questo scambio di doni, una localit\u00e0 che della dimensione verticale \u00e8 emblema universalmente riconosciuto grazie alle vette che la cingono. Le Dolomiti, un bene \u201cscultoreo\u201d e prezioso, riconosciuto oggi come Patrimonio Naturale dell\u2019Umanit\u00e0 UNESCO. \u00abNegli ultimi anni sono stato spettatore in Italia e all\u2019estero, in particolare a New York, dello straordinario impegno dei Vigili del Fuoco. Ho ammirato il loro lavoro, la dedizione e il tratto umano che li contraddistingue. A un certo punto ho sentito il desiderio di esprimere attraverso l\u2019arte, che \u00e8 la mia compagna di vita professionale, un segno di riconoscimento a tanta laboriosit\u00e0 e preparazione\u00bb &#8211; ha dichiarato l\u2019art director del marchio Manfredi. \u00c8 nata cos\u00ec l\u2019idea di realizzare un\u2019opera che raccontasse le molteplici capacit\u00e0 dei vigili, la loro elevata professionalit\u00e0 e lo spirito di squadra di cui sono portatori. \u201cUn\u2019opera verticale\u201d, Manfredi la immagina cos\u00ec, lanciata verso il cielo, ma fortemente radicata a terra. La scultura &#8211; alta circa un metro per 30 centimetri di profondit\u00e0 e 20 centimetri di larghezza &#8211; \u00e8 stata realizzata in argento 925\/000 e pietre naturali. Alcuni particolari in oro rendono omaggio alla riconosciuta eccellenza dei Vigili del Fuoco. Giulio Manfredi, viaggiatore per passione, fra States e Giappone non ha tuttavia mai dimenticato le sue radici: l\u2019Italia e l\u2019Emilia. Proprio dalla sua terra d\u2019origine, l\u2019amata Piacenza, arriva la base in pietra che sosterr\u00e0 la scultura dedicata al corpo nazionale dei pompieri: \u00abla pietra ha un colore particolare, mi \u00e8 molto cara, mi piace l\u2019idea di farne dono a uomini e donne preziosi per il Paese\u00bb. La consegna dell&#8217;opera avr\u00e0 luogo con cerimonia ufficiale alla presenza del ministro dell\u2019Interno Roberto Maroni, dei vertici del Dipartimento dei Vigili del Fuoco, Soccorso Pubblico e difesa civile, prefetto Francesco Paolo Tronca e del Capo del Corpo, Alfio Pini, l\u201911 settembre all\u2019interno della coreografica cornice offerta dallo Stadio olimpico del Ghiaccio. Il Raduno di Cortina d\u2019Ampezzo costituisce per il Corpo Nazionale un momento particolarmente significativo per condividere l\u2019identit\u00e0, i valori, e le tradizioni dei Vigili del Fuoco che, sabato 11 settembre, nella ricorrenza del nono anniversario dell\u2019attacco alle torri gemelle di New York, sfileranno\u00a0 per le strade insieme agli amici del Fire Department di New York e ad altre rappresentanze estere tra cui Austria, Belgio, Bulgaria, Cipro, Danimarca, Francia, Lussemburgo, Malta, Romania, Slovacchia e Slovenia. \u00abSono onorato di prendere parte a tale evento\u00bb ha replicato Giulio Manfredi\u00a0 alla notizia della cerimonia ufficiale. Da Roma, il capo del dipartimento dei Vigili del Fuoco, Francesco Paolo Tronca, ha dichiarato: \u00abdesidero ringraziare Giulio Manfredi per le parole di ammirazione che ha rivolto alla professionalit\u00e0, all\u2019impegno e ai valori che il Corpo nazionale dei Vigili del Fuoco esprime in Italia e nei contesti internazionali, nella sua quotidiana missione a garanzia della sicurezza e della incolumit\u00e0 dei cittadini. Sono veramente compiaciuto per l\u2019opera che intende offrire con la straordinaria forza espressiva dell\u2019arte\u00bb.<br \/>\nManfredi dopo la cerimonia del raduno di Cortina voler\u00e0 in Giappone per partecipare alla presentazione della nuova collezione di gioielli 2011.<\/p>\n<p>Il Programma completo<\/p>\n<p>venerd\u00ec 10 settembre<br \/>\n&#8211; ore 16.00, convegno \u201cPrevenzione e Sicurezza: obiettivo comune\u201d, Alexander Girardi Hall.<br \/>\n&#8211; ore 18.30, concerto della Banda del Corpo in Piazza Venezia.<\/p>\n<p>Sabato 11 settembre<br \/>\n&#8211; ore 9.30, Alzabandiera, onore ai Caduti e deposizione corona presso il Monumento in Viale Marconi.<br \/>\n&#8211; ore 10.00, Giro dei quattro Comuni con il Motoclub dei VV.F. Passaggio finale in Corso Italia e arrivo allo Stadio Olimpico del Ghiaccio.<br \/>\n&#8211; ore 10.00, convegni: \u201cNuove prospettive e opportunit\u00e0 per il C.N.VV.F.\u201d, \u201cIl ruolo dell\u2019Associazione nel C.N.VV.F\u201d, \u201cIl ruolo dei Volontari nel C.N.VV.F.\u201d. Alexander Girardi Hall.<br \/>\n&#8211; ore 14.45, Sfilata in Corso Italia e onori alle autorit\u00e0.<br \/>\n&#8211; ore 17.30, saluto del ministro dell\u2019Interno, Roberto Maroni, e a seguire, cerimonia ufficiale e saggio ginnico accompagnato dalla Banda musicale del C.N.VV.F. Stadio Olimpico del Ghiaccio.<br \/>\n&#8211; ore: 21.30, spettacolo musicale e pirotecnico. Stadio Olimpico del Ghiaccio.<\/p>\n<p>Domenica 12 settembre<br \/>\n&#8211; ore 9.30, Apertura del Raduno. Piazza Roma.<br \/>\n&#8211; ore 15.30, Chiusura del Raduno Nazionale.<\/p>\n<p>Durante le tre giornate saranno allestiti:<br \/>\n&#8211; Pompieropoli: percorso gioco bambini. Piazza Fratelli Pittori Ghedina.<br \/>\n&#8211; Mostra di Elmi storici, Fregi, Modellini, Diorami. Audi Palace.<br \/>\n&#8211; Esposizione auto storiche (automezzi storici e automezzi antincendio). Corso Italia e dintorni.<br \/>\n&#8211; Proiezione (ripetuta) sul maxischermo presso la Chiesa Parrocchiale e Cinema Eden.<br \/>\n&#8211; Rassegna Pittorica, con il gruppo Forlanini Monlu\u00e9. Alexander Girardi Hall.<\/p>","protected":false},"excerpt":{"rendered":"<p>Verticalit\u00e0: un elemento comune alle cime dolomitiche che cingono la Regina, al lavoro dei Vigili del Fuoco, cos\u00ec come alla speciale scultura che l\u2019artista Giulio Manfredi ha realizzato per celebrare un Corpo tanto amato dal pubblico e cittadini. La consegna ufficiale dell\u2019opera \u00e8 prevista per sabato 11 settembre proprio in occasione del primo raduno nazionale [&hellip;]<\/p>\n","protected":false},"author":2,"featured_media":0,"comment_status":"closed","ping_status":"open","sticky":false,"template":"","format":"standard","meta":{"footnotes":""},"categories":[27,25],"tags":[63],"class_list":["post-18991","post","type-post","status-publish","format-standard","category-appuntamenti","category-pausa-caffe","tag-dolomiti"],"yoast_head":"<!-- This site is optimized with the Yoast SEO plugin v28.4 - https:\/\/yoast.com\/product\/yoast-seo-wordpress\/ -->\n<title>I Raduno Vigili del Fuoco a Cortina: anche l&#039;artista Giulio Manfredi con la sua &quot;opera verticale&quot; - Bellunopress - Dolomiti<\/title>\n<meta name=\"robots\" content=\"index, follow, max-snippet:-1, max-image-preview:large, max-video-preview:-1\" \/>\n<link rel=\"canonical\" href=\"https:\/\/www.bellunopress.it\/fr\/2010\/09\/09\/i-raduno-vigili-del-fuoco-a-cortina-anche-lartista-giulio-manfredi-con-la-sua-opera-verticale\/\" \/>\n<meta property=\"og:locale\" content=\"fr_FR\" \/>\n<meta property=\"og:type\" content=\"article\" \/>\n<meta property=\"og:title\" content=\"I Raduno Vigili del Fuoco a Cortina: anche l&#039;artista Giulio Manfredi con la sua &quot;opera verticale&quot; - Bellunopress - Dolomiti\" \/>\n<meta property=\"og:description\" content=\"Verticalit\u00e0: un elemento comune alle cime dolomitiche che cingono la Regina, al lavoro dei Vigili del Fuoco, cos\u00ec come alla speciale scultura che l\u2019artista Giulio Manfredi ha realizzato per celebrare un Corpo tanto amato dal pubblico e cittadini. La consegna ufficiale dell\u2019opera \u00e8 prevista per sabato 11 settembre proprio in occasione del primo raduno nazionale [&hellip;]\" \/>\n<meta property=\"og:url\" content=\"https:\/\/www.bellunopress.it\/fr\/2010\/09\/09\/i-raduno-vigili-del-fuoco-a-cortina-anche-lartista-giulio-manfredi-con-la-sua-opera-verticale\/\" \/>\n<meta property=\"og:site_name\" content=\"Bellunopress - Dolomiti\" \/>\n<meta property=\"article:publisher\" content=\"https:\/\/www.facebook.com\/profile.php?id=100008943462799\" \/>\n<meta property=\"article:published_time\" content=\"2010-09-09T12:56:05+00:00\" \/>\n<meta property=\"og:image\" content=\"http:\/\/www.bellunopress.it\/wp-content\/uploads\/2012\/07\/logo-bellunopress-250x250-2012.jpg\" \/>\n<meta name=\"author\" content=\"redazione\" \/>\n<meta name=\"twitter:card\" content=\"summary_large_image\" \/>\n<meta name=\"twitter:creator\" content=\"@bellunopress\" \/>\n<meta name=\"twitter:site\" content=\"@bellunopress\" \/>\n<meta name=\"twitter:label1\" content=\"\u00c9crit par\" \/>\n\t<meta name=\"twitter:data1\" content=\"redazione\" \/>\n\t<meta name=\"twitter:label2\" content=\"Dur\u00e9e de lecture estim\u00e9e\" \/>\n\t<meta name=\"twitter:data2\" content=\"5 minutes\" \/>\n<script type=\"application\/ld+json\" class=\"yoast-schema-graph\">{\"@context\":\"https:\\\/\\\/schema.org\",\"@graph\":[{\"@type\":\"Article\",\"@id\":\"https:\\\/\\\/www.bellunopress.it\\\/2010\\\/09\\\/09\\\/i-raduno-vigili-del-fuoco-a-cortina-anche-lartista-giulio-manfredi-con-la-sua-opera-verticale\\\/#article\",\"isPartOf\":{\"@id\":\"https:\\\/\\\/www.bellunopress.it\\\/2010\\\/09\\\/09\\\/i-raduno-vigili-del-fuoco-a-cortina-anche-lartista-giulio-manfredi-con-la-sua-opera-verticale\\\/\"},\"author\":{\"name\":\"redazione\",\"@id\":\"https:\\\/\\\/www.bellunopress.it\\\/#\\\/schema\\\/person\\\/79bb06722b37ece1c03d3e94beb30d73\"},\"headline\":\"I Raduno Vigili del Fuoco a Cortina: anche l&#8217;artista Giulio Manfredi con la sua &#8220;opera verticale&#8221;\",\"datePublished\":\"2010-09-09T12:56:05+00:00\",\"mainEntityOfPage\":{\"@id\":\"https:\\\/\\\/www.bellunopress.it\\\/2010\\\/09\\\/09\\\/i-raduno-vigili-del-fuoco-a-cortina-anche-lartista-giulio-manfredi-con-la-sua-opera-verticale\\\/\"},\"wordCount\":985,\"publisher\":{\"@id\":\"https:\\\/\\\/www.bellunopress.it\\\/#organization\"},\"keywords\":[\"Dolomiti\"],\"articleSection\":[\"Appuntamenti, Eventi\",\"Pausa Caff\u00e8\"],\"inLanguage\":\"fr-FR\"},{\"@type\":\"WebPage\",\"@id\":\"https:\\\/\\\/www.bellunopress.it\\\/2010\\\/09\\\/09\\\/i-raduno-vigili-del-fuoco-a-cortina-anche-lartista-giulio-manfredi-con-la-sua-opera-verticale\\\/\",\"url\":\"https:\\\/\\\/www.bellunopress.it\\\/2010\\\/09\\\/09\\\/i-raduno-vigili-del-fuoco-a-cortina-anche-lartista-giulio-manfredi-con-la-sua-opera-verticale\\\/\",\"name\":\"I Raduno Vigili del Fuoco a Cortina: anche l'artista Giulio Manfredi con la sua \\\"opera verticale\\\" - Bellunopress - Dolomiti\",\"isPartOf\":{\"@id\":\"https:\\\/\\\/www.bellunopress.it\\\/#website\"},\"datePublished\":\"2010-09-09T12:56:05+00:00\",\"breadcrumb\":{\"@id\":\"https:\\\/\\\/www.bellunopress.it\\\/2010\\\/09\\\/09\\\/i-raduno-vigili-del-fuoco-a-cortina-anche-lartista-giulio-manfredi-con-la-sua-opera-verticale\\\/#breadcrumb\"},\"inLanguage\":\"fr-FR\",\"potentialAction\":[{\"@type\":\"ReadAction\",\"target\":[\"https:\\\/\\\/www.bellunopress.it\\\/2010\\\/09\\\/09\\\/i-raduno-vigili-del-fuoco-a-cortina-anche-lartista-giulio-manfredi-con-la-sua-opera-verticale\\\/\"]}]},{\"@type\":\"BreadcrumbList\",\"@id\":\"https:\\\/\\\/www.bellunopress.it\\\/2010\\\/09\\\/09\\\/i-raduno-vigili-del-fuoco-a-cortina-anche-lartista-giulio-manfredi-con-la-sua-opera-verticale\\\/#breadcrumb\",\"itemListElement\":[{\"@type\":\"ListItem\",\"position\":1,\"name\":\"Home\",\"item\":\"https:\\\/\\\/www.bellunopress.it\\\/\"},{\"@type\":\"ListItem\",\"position\":2,\"name\":\"I Raduno Vigili del Fuoco a Cortina: anche l&#8217;artista Giulio Manfredi con la sua &#8220;opera verticale&#8221;\"}]},{\"@type\":\"WebSite\",\"@id\":\"https:\\\/\\\/www.bellunopress.it\\\/#website\",\"url\":\"https:\\\/\\\/www.bellunopress.it\\\/\",\"name\":\"Bellunopress - Dolomiti\",\"description\":\"e-mail: redazione@bellunopress.it\",\"publisher\":{\"@id\":\"https:\\\/\\\/www.bellunopress.it\\\/#organization\"},\"potentialAction\":[{\"@type\":\"SearchAction\",\"target\":{\"@type\":\"EntryPoint\",\"urlTemplate\":\"https:\\\/\\\/www.bellunopress.it\\\/?s={search_term_string}\"},\"query-input\":{\"@type\":\"PropertyValueSpecification\",\"valueRequired\":true,\"valueName\":\"search_term_string\"}}],\"inLanguage\":\"fr-FR\"},{\"@type\":\"Organization\",\"@id\":\"https:\\\/\\\/www.bellunopress.it\\\/#organization\",\"name\":\"Bellunopress\",\"url\":\"https:\\\/\\\/www.bellunopress.it\\\/\",\"logo\":{\"@type\":\"ImageObject\",\"inLanguage\":\"fr-FR\",\"@id\":\"https:\\\/\\\/www.bellunopress.it\\\/#\\\/schema\\\/logo\\\/image\\\/\",\"url\":\"https:\\\/\\\/www.bellunopress.it\\\/wp-content\\\/uploads\\\/2011\\\/05\\\/cropped-logo-bellunopress-.jpg\",\"contentUrl\":\"https:\\\/\\\/www.bellunopress.it\\\/wp-content\\\/uploads\\\/2011\\\/05\\\/cropped-logo-bellunopress-.jpg\",\"width\":512,\"height\":512,\"caption\":\"Bellunopress\"},\"image\":{\"@id\":\"https:\\\/\\\/www.bellunopress.it\\\/#\\\/schema\\\/logo\\\/image\\\/\"},\"sameAs\":[\"https:\\\/\\\/www.facebook.com\\\/profile.php?id=100008943462799\",\"https:\\\/\\\/x.com\\\/bellunopress\",\"https:\\\/\\\/www.linkedin.com\\\/hp\\\/?dnr=JBzUWaJfMUw8vbXJJ2tVW5-I3jZKvC4wsoxE&amp;amp;amp;amp;amp;amp;trk=nav_responsive_tab_home\",\"https:\\\/\\\/www.youtube.com\\\/channel\\\/UCxL0wu1uN0_3_7hGG0306cw\"]},{\"@type\":\"Person\",\"@id\":\"https:\\\/\\\/www.bellunopress.it\\\/#\\\/schema\\\/person\\\/79bb06722b37ece1c03d3e94beb30d73\",\"name\":\"redazione\",\"image\":{\"@type\":\"ImageObject\",\"inLanguage\":\"fr-FR\",\"@id\":\"https:\\\/\\\/secure.gravatar.com\\\/avatar\\\/37d968a2e67a6fd04c169c4bdef102d0bc5d31b2546345219e348575eb80e9a0?s=96&d=mm&r=g\",\"url\":\"https:\\\/\\\/secure.gravatar.com\\\/avatar\\\/37d968a2e67a6fd04c169c4bdef102d0bc5d31b2546345219e348575eb80e9a0?s=96&d=mm&r=g\",\"contentUrl\":\"https:\\\/\\\/secure.gravatar.com\\\/avatar\\\/37d968a2e67a6fd04c169c4bdef102d0bc5d31b2546345219e348575eb80e9a0?s=96&d=mm&r=g\",\"caption\":\"redazione\"},\"sameAs\":[\"http:\\\/\\\/www.bellunopress.it\",\"https:\\\/\\\/x.com\\\/bellunopress\"],\"url\":\"https:\\\/\\\/www.bellunopress.it\\\/fr\\\/author\\\/redazione\\\/\"}]}<\/script>\n<!-- \/ Yoast SEO plugin. -->","yoast_head_json":{"title":"I Raduno Vigili del Fuoco a Cortina: anche l'artista Giulio Manfredi con la sua \"opera verticale\" - Bellunopress - Dolomiti","robots":{"index":"index","follow":"follow","max-snippet":"max-snippet:-1","max-image-preview":"max-image-preview:large","max-video-preview":"max-video-preview:-1"},"canonical":"https:\/\/www.bellunopress.it\/fr\/2010\/09\/09\/i-raduno-vigili-del-fuoco-a-cortina-anche-lartista-giulio-manfredi-con-la-sua-opera-verticale\/","og_locale":"fr_FR","og_type":"article","og_title":"I Raduno Vigili del Fuoco a Cortina: anche l'artista Giulio Manfredi con la sua \"opera verticale\" - Bellunopress - Dolomiti","og_description":"Verticalit\u00e0: un elemento comune alle cime dolomitiche che cingono la Regina, al lavoro dei Vigili del Fuoco, cos\u00ec come alla speciale scultura che l\u2019artista Giulio Manfredi ha realizzato per celebrare un Corpo tanto amato dal pubblico e cittadini. La consegna ufficiale dell\u2019opera \u00e8 prevista per sabato 11 settembre proprio in occasione del primo raduno nazionale [&hellip;]","og_url":"https:\/\/www.bellunopress.it\/fr\/2010\/09\/09\/i-raduno-vigili-del-fuoco-a-cortina-anche-lartista-giulio-manfredi-con-la-sua-opera-verticale\/","og_site_name":"Bellunopress - Dolomiti","article_publisher":"https:\/\/www.facebook.com\/profile.php?id=100008943462799","article_published_time":"2010-09-09T12:56:05+00:00","og_image":[{"url":"http:\/\/www.bellunopress.it\/wp-content\/uploads\/2012\/07\/logo-bellunopress-250x250-2012.jpg","type":"","width":"","height":""}],"author":"redazione","twitter_card":"summary_large_image","twitter_creator":"@bellunopress","twitter_site":"@bellunopress","twitter_misc":{"\u00c9crit par":"redazione","Dur\u00e9e de lecture estim\u00e9e":"5 minutes"},"schema":{"@context":"https:\/\/schema.org","@graph":[{"@type":"Article","@id":"https:\/\/www.bellunopress.it\/2010\/09\/09\/i-raduno-vigili-del-fuoco-a-cortina-anche-lartista-giulio-manfredi-con-la-sua-opera-verticale\/#article","isPartOf":{"@id":"https:\/\/www.bellunopress.it\/2010\/09\/09\/i-raduno-vigili-del-fuoco-a-cortina-anche-lartista-giulio-manfredi-con-la-sua-opera-verticale\/"},"author":{"name":"redazione","@id":"https:\/\/www.bellunopress.it\/#\/schema\/person\/79bb06722b37ece1c03d3e94beb30d73"},"headline":"I Raduno Vigili del Fuoco a Cortina: anche l&#8217;artista Giulio Manfredi con la sua &#8220;opera verticale&#8221;","datePublished":"2010-09-09T12:56:05+00:00","mainEntityOfPage":{"@id":"https:\/\/www.bellunopress.it\/2010\/09\/09\/i-raduno-vigili-del-fuoco-a-cortina-anche-lartista-giulio-manfredi-con-la-sua-opera-verticale\/"},"wordCount":985,"publisher":{"@id":"https:\/\/www.bellunopress.it\/#organization"},"keywords":["Dolomiti"],"articleSection":["Appuntamenti, Eventi","Pausa Caff\u00e8"],"inLanguage":"fr-FR"},{"@type":"WebPage","@id":"https:\/\/www.bellunopress.it\/2010\/09\/09\/i-raduno-vigili-del-fuoco-a-cortina-anche-lartista-giulio-manfredi-con-la-sua-opera-verticale\/","url":"https:\/\/www.bellunopress.it\/2010\/09\/09\/i-raduno-vigili-del-fuoco-a-cortina-anche-lartista-giulio-manfredi-con-la-sua-opera-verticale\/","name":"I Raduno Vigili del Fuoco a Cortina: anche l'artista Giulio Manfredi con la sua \"opera verticale\" - Bellunopress - Dolomiti","isPartOf":{"@id":"https:\/\/www.bellunopress.it\/#website"},"datePublished":"2010-09-09T12:56:05+00:00","breadcrumb":{"@id":"https:\/\/www.bellunopress.it\/2010\/09\/09\/i-raduno-vigili-del-fuoco-a-cortina-anche-lartista-giulio-manfredi-con-la-sua-opera-verticale\/#breadcrumb"},"inLanguage":"fr-FR","potentialAction":[{"@type":"ReadAction","target":["https:\/\/www.bellunopress.it\/2010\/09\/09\/i-raduno-vigili-del-fuoco-a-cortina-anche-lartista-giulio-manfredi-con-la-sua-opera-verticale\/"]}]},{"@type":"BreadcrumbList","@id":"https:\/\/www.bellunopress.it\/2010\/09\/09\/i-raduno-vigili-del-fuoco-a-cortina-anche-lartista-giulio-manfredi-con-la-sua-opera-verticale\/#breadcrumb","itemListElement":[{"@type":"ListItem","position":1,"name":"Home","item":"https:\/\/www.bellunopress.it\/"},{"@type":"ListItem","position":2,"name":"I Raduno Vigili del Fuoco a Cortina: anche l&#8217;artista Giulio Manfredi con la sua &#8220;opera verticale&#8221;"}]},{"@type":"WebSite","@id":"https:\/\/www.bellunopress.it\/#website","url":"https:\/\/www.bellunopress.it\/","name":"Bellunopress - Dolomiti","description":"e-mail: redazione@bellunopress.it","publisher":{"@id":"https:\/\/www.bellunopress.it\/#organization"},"potentialAction":[{"@type":"SearchAction","target":{"@type":"EntryPoint","urlTemplate":"https:\/\/www.bellunopress.it\/?s={search_term_string}"},"query-input":{"@type":"PropertyValueSpecification","valueRequired":true,"valueName":"search_term_string"}}],"inLanguage":"fr-FR"},{"@type":"Organization","@id":"https:\/\/www.bellunopress.it\/#organization","name":"Bellunopress","url":"https:\/\/www.bellunopress.it\/","logo":{"@type":"ImageObject","inLanguage":"fr-FR","@id":"https:\/\/www.bellunopress.it\/#\/schema\/logo\/image\/","url":"https:\/\/www.bellunopress.it\/wp-content\/uploads\/2011\/05\/cropped-logo-bellunopress-.jpg","contentUrl":"https:\/\/www.bellunopress.it\/wp-content\/uploads\/2011\/05\/cropped-logo-bellunopress-.jpg","width":512,"height":512,"caption":"Bellunopress"},"image":{"@id":"https:\/\/www.bellunopress.it\/#\/schema\/logo\/image\/"},"sameAs":["https:\/\/www.facebook.com\/profile.php?id=100008943462799","https:\/\/x.com\/bellunopress","https:\/\/www.linkedin.com\/hp\/?dnr=JBzUWaJfMUw8vbXJJ2tVW5-I3jZKvC4wsoxE&amp;amp;amp;amp;amp;amp;trk=nav_responsive_tab_home","https:\/\/www.youtube.com\/channel\/UCxL0wu1uN0_3_7hGG0306cw"]},{"@type":"Person","@id":"https:\/\/www.bellunopress.it\/#\/schema\/person\/79bb06722b37ece1c03d3e94beb30d73","name":"r\u00e9daction","image":{"@type":"ImageObject","inLanguage":"fr-FR","@id":"https:\/\/secure.gravatar.com\/avatar\/37d968a2e67a6fd04c169c4bdef102d0bc5d31b2546345219e348575eb80e9a0?s=96&d=mm&r=g","url":"https:\/\/secure.gravatar.com\/avatar\/37d968a2e67a6fd04c169c4bdef102d0bc5d31b2546345219e348575eb80e9a0?s=96&d=mm&r=g","contentUrl":"https:\/\/secure.gravatar.com\/avatar\/37d968a2e67a6fd04c169c4bdef102d0bc5d31b2546345219e348575eb80e9a0?s=96&d=mm&r=g","caption":"redazione"},"sameAs":["http:\/\/www.bellunopress.it","https:\/\/x.com\/bellunopress"],"url":"https:\/\/www.bellunopress.it\/fr\/author\/redazione\/"}]}},"_links":{"self":[{"href":"https:\/\/www.bellunopress.it\/fr\/wp-json\/wp\/v2\/posts\/18991","targetHints":{"allow":["GET"]}}],"collection":[{"href":"https:\/\/www.bellunopress.it\/fr\/wp-json\/wp\/v2\/posts"}],"about":[{"href":"https:\/\/www.bellunopress.it\/fr\/wp-json\/wp\/v2\/types\/post"}],"author":[{"embeddable":true,"href":"https:\/\/www.bellunopress.it\/fr\/wp-json\/wp\/v2\/users\/2"}],"replies":[{"embeddable":true,"href":"https:\/\/www.bellunopress.it\/fr\/wp-json\/wp\/v2\/comments?post=18991"}],"version-history":[{"count":1,"href":"https:\/\/www.bellunopress.it\/fr\/wp-json\/wp\/v2\/posts\/18991\/revisions"}],"predecessor-version":[{"id":18992,"href":"https:\/\/www.bellunopress.it\/fr\/wp-json\/wp\/v2\/posts\/18991\/revisions\/18992"}],"wp:attachment":[{"href":"https:\/\/www.bellunopress.it\/fr\/wp-json\/wp\/v2\/media?parent=18991"}],"wp:term":[{"taxonomy":"category","embeddable":true,"href":"https:\/\/www.bellunopress.it\/fr\/wp-json\/wp\/v2\/categories?post=18991"},{"taxonomy":"post_tag","embeddable":true,"href":"https:\/\/www.bellunopress.it\/fr\/wp-json\/wp\/v2\/tags?post=18991"}],"curies":[{"name":"wp","href":"https:\/\/api.w.org\/{rel}","templated":true}]}}