{"id":18988,"date":"2010-09-09T12:15:57","date_gmt":"2010-09-09T11:15:57","guid":{"rendered":"http:\/\/www.bellunopress.it\/?p=18988"},"modified":"2010-09-09T12:15:57","modified_gmt":"2010-09-09T11:15:57","slug":"cortina-no-grazie-per-la-rdb-usb-declinato-l%e2%80%99invito-giunto-dal-capo-del-corpo-nazionale-alfio-pini-alla-festa-dei-vigili-del-fuoco","status":"publish","type":"post","link":"https:\/\/www.bellunopress.it\/fr\/2010\/09\/09\/cortina-no-grazie-per-la-rdb-usb-declinato-l%e2%80%99invito-giunto-dal-capo-del-corpo-nazionale-alfio-pini-alla-festa-dei-vigili-del-fuoco\/","title":{"rendered":"Cortina, no grazie per la RdB-USB: declinato l\u2019invito, giunto dal capo del Corpo Nazionale Alfio Pini, alla festa dei Vigili del Fuoco"},"content":{"rendered":"<p><a href=\"http:\/\/www.bellunopress.it\/wp-content\/uploads\/2010\/09\/rdb.jpg\"><img loading=\"lazy\" decoding=\"async\" class=\"alignleft size-medium wp-image-18989\" title=\"rdb\" src=\"http:\/\/www.bellunopress.it\/wp-content\/uploads\/2010\/09\/rdb.jpg\" alt=\"\" width=\"142\" height=\"120\" \/><\/a>Il Coordinamento nazionale Vigili del Fuoco della sigla autonoma RdB\/USB\u00a0 non condivide l\u2019idea di spendere risorse ed energie per un raduno autocelebrativo, soprattutto in un momento in cui vengono richiesti grandi sacrifici ai lavoratori. L\u2019ultima manovra prevede tagli feroci al Ministero dell\u2019Interno, alle Regioni e agli Enti locali, colpendo settori cruciali per il benessere collettivo, come la sanit\u00e0 e l&#8217;istruzione, nonch\u00e9 per l\u2019incolumit\u00e0 stessa dei cittadini, attraverso l\u2019eliminazione di prerogative proprie ai Vigili del Fuoco quali le attivit\u00e0 di prevenzione antincendio. Secondo RdB\/USB, i Vigili del Fuoco hanno inoltre ben poco da festeggiare: da anni sono senza aumenti contrattuali e dovranno aspettare fino al 2014 per ricevere qualche elemosina sullo stipendio. I debiti dei comandi provinciali nei riguardi dei fornitori di servizi sono arrivati al punto che alcuni enti, come Enel, minacciano la chiusura della fornitura elettrica per morosit\u00e0; cos\u00ec pure le officine che si occupano giornalmente della riparazione dei mezzi. Si taglia poi sulla composizione delle squadre di soccorso e sull\u2019acquisto dei Dispositivi di Protezione Individuale, ovvero l\u2019abbigliamento necessario ad affrontare gli interventi di soccorso, senza preoccuparsi della sicurezza sia dei lavoratori che dei cittadini. Scarseggiano le risorse per il pagamento delle competenze accessorie del personale, per le assunzioni e per i richiami, cos\u00ec come per la riqualificazione del personale tutto. Con il passaggio del certificato di prevenzione antincendio ai privati, stabilito con l\u2019ultima manovra del Governo, verranno poi a mancare ulteriori risorse che i Vigili del Fuoco facevano affluire nelle casse dello Stato, una parte delle quali veniva destinata alla formazione ed alla qualificazione del personale. Consapevoli che il Governo non patir\u00e0 la mancanza di RdB-USB alla pseudo-festa di Cortina, preferiamo festeggiare il Corpo Nazionale con i tanti pompieri nei cortili e sulle autopompe, rimandando la visita in quella amena localit\u00e0 di montagna a quando verr\u00e0 almeno rinnovato il contratto di lavoro.<\/p>","protected":false},"excerpt":{"rendered":"<p>Il Coordinamento nazionale Vigili del Fuoco della sigla autonoma RdB\/USB\u00a0 non condivide l\u2019idea di spendere risorse ed energie per un raduno autocelebrativo, soprattutto in un momento in cui vengono richiesti grandi sacrifici ai lavoratori. L\u2019ultima manovra prevede tagli feroci al Ministero dell\u2019Interno, alle Regioni e agli Enti locali, colpendo settori cruciali per il benessere collettivo, [&hellip;]<\/p>\n","protected":false},"author":2,"featured_media":0,"comment_status":"closed","ping_status":"open","sticky":false,"template":"","format":"standard","meta":{"footnotes":""},"categories":[5,36,26],"tags":[139],"class_list":["post-18988","post","type-post","status-publish","format-standard","category-cronaca","category-lavoro-economia","category-prima-pagina","tag-belluno"],"yoast_head":"<!-- This site is optimized with the Yoast SEO plugin v28.4 - https:\/\/yoast.com\/product\/yoast-seo-wordpress\/ -->\n<title>Cortina, no grazie per la RdB-USB: declinato l\u2019invito, giunto dal capo del Corpo Nazionale Alfio Pini, alla festa dei Vigili del Fuoco  - Bellunopress - Dolomiti<\/title>\n<meta name=\"robots\" content=\"index, follow, max-snippet:-1, max-image-preview:large, max-video-preview:-1\" \/>\n<link rel=\"canonical\" href=\"https:\/\/www.bellunopress.it\/fr\/2010\/09\/09\/cortina-no-grazie-per-la-rdb-usb-declinato-l\u2019invito-giunto-dal-capo-del-corpo-nazionale-alfio-pini-alla-festa-dei-vigili-del-fuoco\/\" \/>\n<meta property=\"og:locale\" content=\"fr_FR\" \/>\n<meta property=\"og:type\" content=\"article\" \/>\n<meta property=\"og:title\" content=\"Cortina, no grazie per la RdB-USB: declinato l\u2019invito, giunto dal capo del Corpo Nazionale Alfio Pini, alla festa dei Vigili del Fuoco  - Bellunopress - Dolomiti\" \/>\n<meta property=\"og:description\" content=\"Il Coordinamento nazionale Vigili del Fuoco della sigla autonoma RdB\/USB\u00a0 non condivide l\u2019idea di spendere risorse ed energie per un raduno autocelebrativo, soprattutto in un momento in cui vengono richiesti grandi sacrifici ai lavoratori. L\u2019ultima manovra prevede tagli feroci al Ministero dell\u2019Interno, alle Regioni e agli Enti locali, colpendo settori cruciali per il benessere collettivo, [&hellip;]\" \/>\n<meta property=\"og:url\" content=\"https:\/\/www.bellunopress.it\/fr\/2010\/09\/09\/cortina-no-grazie-per-la-rdb-usb-declinato-l\u2019invito-giunto-dal-capo-del-corpo-nazionale-alfio-pini-alla-festa-dei-vigili-del-fuoco\/\" \/>\n<meta property=\"og:site_name\" content=\"Bellunopress - Dolomiti\" \/>\n<meta property=\"article:publisher\" content=\"https:\/\/www.facebook.com\/profile.php?id=100008943462799\" \/>\n<meta property=\"article:published_time\" content=\"2010-09-09T11:15:57+00:00\" \/>\n<meta property=\"og:image\" content=\"http:\/\/www.bellunopress.it\/wp-content\/uploads\/2010\/09\/rdb.jpg\" \/>\n<meta name=\"author\" content=\"redazione\" \/>\n<meta name=\"twitter:card\" content=\"summary_large_image\" \/>\n<meta name=\"twitter:creator\" content=\"@bellunopress\" \/>\n<meta name=\"twitter:site\" content=\"@bellunopress\" \/>\n<meta name=\"twitter:label1\" content=\"\u00c9crit par\" \/>\n\t<meta name=\"twitter:data1\" content=\"redazione\" \/>\n\t<meta name=\"twitter:label2\" content=\"Dur\u00e9e de lecture estim\u00e9e\" \/>\n\t<meta name=\"twitter:data2\" content=\"2 minutes\" \/>\n<script type=\"application\/ld+json\" class=\"yoast-schema-graph\">{\"@context\":\"https:\\\/\\\/schema.org\",\"@graph\":[{\"@type\":\"Article\",\"@id\":\"https:\\\/\\\/www.bellunopress.it\\\/2010\\\/09\\\/09\\\/cortina-no-grazie-per-la-rdb-usb-declinato-l%e2%80%99invito-giunto-dal-capo-del-corpo-nazionale-alfio-pini-alla-festa-dei-vigili-del-fuoco\\\/#article\",\"isPartOf\":{\"@id\":\"https:\\\/\\\/www.bellunopress.it\\\/2010\\\/09\\\/09\\\/cortina-no-grazie-per-la-rdb-usb-declinato-l%e2%80%99invito-giunto-dal-capo-del-corpo-nazionale-alfio-pini-alla-festa-dei-vigili-del-fuoco\\\/\"},\"author\":{\"name\":\"redazione\",\"@id\":\"https:\\\/\\\/www.bellunopress.it\\\/#\\\/schema\\\/person\\\/79bb06722b37ece1c03d3e94beb30d73\"},\"headline\":\"Cortina, no grazie per la RdB-USB: declinato l\u2019invito, giunto dal capo del Corpo Nazionale Alfio Pini, alla festa dei Vigili del Fuoco\",\"datePublished\":\"2010-09-09T11:15:57+00:00\",\"mainEntityOfPage\":{\"@id\":\"https:\\\/\\\/www.bellunopress.it\\\/2010\\\/09\\\/09\\\/cortina-no-grazie-per-la-rdb-usb-declinato-l%e2%80%99invito-giunto-dal-capo-del-corpo-nazionale-alfio-pini-alla-festa-dei-vigili-del-fuoco\\\/\"},\"wordCount\":337,\"publisher\":{\"@id\":\"https:\\\/\\\/www.bellunopress.it\\\/#organization\"},\"image\":{\"@id\":\"https:\\\/\\\/www.bellunopress.it\\\/2010\\\/09\\\/09\\\/cortina-no-grazie-per-la-rdb-usb-declinato-l%e2%80%99invito-giunto-dal-capo-del-corpo-nazionale-alfio-pini-alla-festa-dei-vigili-del-fuoco\\\/#primaryimage\"},\"thumbnailUrl\":\"http:\\\/\\\/www.bellunopress.it\\\/wp-content\\\/uploads\\\/2010\\\/09\\\/rdb.jpg\",\"keywords\":[\"Belluno\"],\"articleSection\":[\"Cronaca\\\/Politica\",\"Lavoro, Economia, Turismo\",\"Prima Pagina\"],\"inLanguage\":\"fr-FR\"},{\"@type\":\"WebPage\",\"@id\":\"https:\\\/\\\/www.bellunopress.it\\\/2010\\\/09\\\/09\\\/cortina-no-grazie-per-la-rdb-usb-declinato-l%e2%80%99invito-giunto-dal-capo-del-corpo-nazionale-alfio-pini-alla-festa-dei-vigili-del-fuoco\\\/\",\"url\":\"https:\\\/\\\/www.bellunopress.it\\\/2010\\\/09\\\/09\\\/cortina-no-grazie-per-la-rdb-usb-declinato-l%e2%80%99invito-giunto-dal-capo-del-corpo-nazionale-alfio-pini-alla-festa-dei-vigili-del-fuoco\\\/\",\"name\":\"Cortina, no grazie per la RdB-USB: declinato l\u2019invito, giunto dal capo del Corpo Nazionale Alfio Pini, alla festa dei Vigili del Fuoco - Bellunopress - Dolomiti\",\"isPartOf\":{\"@id\":\"https:\\\/\\\/www.bellunopress.it\\\/#website\"},\"primaryImageOfPage\":{\"@id\":\"https:\\\/\\\/www.bellunopress.it\\\/2010\\\/09\\\/09\\\/cortina-no-grazie-per-la-rdb-usb-declinato-l%e2%80%99invito-giunto-dal-capo-del-corpo-nazionale-alfio-pini-alla-festa-dei-vigili-del-fuoco\\\/#primaryimage\"},\"image\":{\"@id\":\"https:\\\/\\\/www.bellunopress.it\\\/2010\\\/09\\\/09\\\/cortina-no-grazie-per-la-rdb-usb-declinato-l%e2%80%99invito-giunto-dal-capo-del-corpo-nazionale-alfio-pini-alla-festa-dei-vigili-del-fuoco\\\/#primaryimage\"},\"thumbnailUrl\":\"http:\\\/\\\/www.bellunopress.it\\\/wp-content\\\/uploads\\\/2010\\\/09\\\/rdb.jpg\",\"datePublished\":\"2010-09-09T11:15:57+00:00\",\"breadcrumb\":{\"@id\":\"https:\\\/\\\/www.bellunopress.it\\\/2010\\\/09\\\/09\\\/cortina-no-grazie-per-la-rdb-usb-declinato-l%e2%80%99invito-giunto-dal-capo-del-corpo-nazionale-alfio-pini-alla-festa-dei-vigili-del-fuoco\\\/#breadcrumb\"},\"inLanguage\":\"fr-FR\",\"potentialAction\":[{\"@type\":\"ReadAction\",\"target\":[\"https:\\\/\\\/www.bellunopress.it\\\/2010\\\/09\\\/09\\\/cortina-no-grazie-per-la-rdb-usb-declinato-l%e2%80%99invito-giunto-dal-capo-del-corpo-nazionale-alfio-pini-alla-festa-dei-vigili-del-fuoco\\\/\"]}]},{\"@type\":\"ImageObject\",\"inLanguage\":\"fr-FR\",\"@id\":\"https:\\\/\\\/www.bellunopress.it\\\/2010\\\/09\\\/09\\\/cortina-no-grazie-per-la-rdb-usb-declinato-l%e2%80%99invito-giunto-dal-capo-del-corpo-nazionale-alfio-pini-alla-festa-dei-vigili-del-fuoco\\\/#primaryimage\",\"url\":\"http:\\\/\\\/www.bellunopress.it\\\/wp-content\\\/uploads\\\/2010\\\/09\\\/rdb.jpg\",\"contentUrl\":\"http:\\\/\\\/www.bellunopress.it\\\/wp-content\\\/uploads\\\/2010\\\/09\\\/rdb.jpg\"},{\"@type\":\"BreadcrumbList\",\"@id\":\"https:\\\/\\\/www.bellunopress.it\\\/2010\\\/09\\\/09\\\/cortina-no-grazie-per-la-rdb-usb-declinato-l%e2%80%99invito-giunto-dal-capo-del-corpo-nazionale-alfio-pini-alla-festa-dei-vigili-del-fuoco\\\/#breadcrumb\",\"itemListElement\":[{\"@type\":\"ListItem\",\"position\":1,\"name\":\"Home\",\"item\":\"https:\\\/\\\/www.bellunopress.it\\\/\"},{\"@type\":\"ListItem\",\"position\":2,\"name\":\"Cortina, no grazie per la RdB-USB: declinato l\u2019invito, giunto dal capo del Corpo Nazionale Alfio Pini, alla festa dei Vigili del Fuoco\"}]},{\"@type\":\"WebSite\",\"@id\":\"https:\\\/\\\/www.bellunopress.it\\\/#website\",\"url\":\"https:\\\/\\\/www.bellunopress.it\\\/\",\"name\":\"Bellunopress - Dolomiti\",\"description\":\"e-mail: redazione@bellunopress.it\",\"publisher\":{\"@id\":\"https:\\\/\\\/www.bellunopress.it\\\/#organization\"},\"potentialAction\":[{\"@type\":\"SearchAction\",\"target\":{\"@type\":\"EntryPoint\",\"urlTemplate\":\"https:\\\/\\\/www.bellunopress.it\\\/?s={search_term_string}\"},\"query-input\":{\"@type\":\"PropertyValueSpecification\",\"valueRequired\":true,\"valueName\":\"search_term_string\"}}],\"inLanguage\":\"fr-FR\"},{\"@type\":\"Organization\",\"@id\":\"https:\\\/\\\/www.bellunopress.it\\\/#organization\",\"name\":\"Bellunopress\",\"url\":\"https:\\\/\\\/www.bellunopress.it\\\/\",\"logo\":{\"@type\":\"ImageObject\",\"inLanguage\":\"fr-FR\",\"@id\":\"https:\\\/\\\/www.bellunopress.it\\\/#\\\/schema\\\/logo\\\/image\\\/\",\"url\":\"https:\\\/\\\/www.bellunopress.it\\\/wp-content\\\/uploads\\\/2011\\\/05\\\/cropped-logo-bellunopress-.jpg\",\"contentUrl\":\"https:\\\/\\\/www.bellunopress.it\\\/wp-content\\\/uploads\\\/2011\\\/05\\\/cropped-logo-bellunopress-.jpg\",\"width\":512,\"height\":512,\"caption\":\"Bellunopress\"},\"image\":{\"@id\":\"https:\\\/\\\/www.bellunopress.it\\\/#\\\/schema\\\/logo\\\/image\\\/\"},\"sameAs\":[\"https:\\\/\\\/www.facebook.com\\\/profile.php?id=100008943462799\",\"https:\\\/\\\/x.com\\\/bellunopress\",\"https:\\\/\\\/www.linkedin.com\\\/hp\\\/?dnr=JBzUWaJfMUw8vbXJJ2tVW5-I3jZKvC4wsoxE&amp;amp;amp;amp;amp;amp;trk=nav_responsive_tab_home\",\"https:\\\/\\\/www.youtube.com\\\/channel\\\/UCxL0wu1uN0_3_7hGG0306cw\"]},{\"@type\":\"Person\",\"@id\":\"https:\\\/\\\/www.bellunopress.it\\\/#\\\/schema\\\/person\\\/79bb06722b37ece1c03d3e94beb30d73\",\"name\":\"redazione\",\"image\":{\"@type\":\"ImageObject\",\"inLanguage\":\"fr-FR\",\"@id\":\"https:\\\/\\\/secure.gravatar.com\\\/avatar\\\/37d968a2e67a6fd04c169c4bdef102d0bc5d31b2546345219e348575eb80e9a0?s=96&d=mm&r=g\",\"url\":\"https:\\\/\\\/secure.gravatar.com\\\/avatar\\\/37d968a2e67a6fd04c169c4bdef102d0bc5d31b2546345219e348575eb80e9a0?s=96&d=mm&r=g\",\"contentUrl\":\"https:\\\/\\\/secure.gravatar.com\\\/avatar\\\/37d968a2e67a6fd04c169c4bdef102d0bc5d31b2546345219e348575eb80e9a0?s=96&d=mm&r=g\",\"caption\":\"redazione\"},\"sameAs\":[\"http:\\\/\\\/www.bellunopress.it\",\"https:\\\/\\\/x.com\\\/bellunopress\"],\"url\":\"https:\\\/\\\/www.bellunopress.it\\\/fr\\\/author\\\/redazione\\\/\"}]}<\/script>\n<!-- \/ Yoast SEO plugin. -->","yoast_head_json":{"title":"Cortina, no grazie per la RdB-USB: declinato l\u2019invito, giunto dal capo del Corpo Nazionale Alfio Pini, alla festa dei Vigili del Fuoco  - Bellunopress - Dolomiti","robots":{"index":"index","follow":"follow","max-snippet":"max-snippet:-1","max-image-preview":"max-image-preview:large","max-video-preview":"max-video-preview:-1"},"canonical":"https:\/\/www.bellunopress.it\/fr\/2010\/09\/09\/cortina-no-grazie-per-la-rdb-usb-declinato-l\u2019invito-giunto-dal-capo-del-corpo-nazionale-alfio-pini-alla-festa-dei-vigili-del-fuoco\/","og_locale":"fr_FR","og_type":"article","og_title":"Cortina, no grazie per la RdB-USB: declinato l\u2019invito, giunto dal capo del Corpo Nazionale Alfio Pini, alla festa dei Vigili del Fuoco  - Bellunopress - Dolomiti","og_description":"Il Coordinamento nazionale Vigili del Fuoco della sigla autonoma RdB\/USB\u00a0 non condivide l\u2019idea di spendere risorse ed energie per un raduno autocelebrativo, soprattutto in un momento in cui vengono richiesti grandi sacrifici ai lavoratori. L\u2019ultima manovra prevede tagli feroci al Ministero dell\u2019Interno, alle Regioni e agli Enti locali, colpendo settori cruciali per il benessere collettivo, [&hellip;]","og_url":"https:\/\/www.bellunopress.it\/fr\/2010\/09\/09\/cortina-no-grazie-per-la-rdb-usb-declinato-l\u2019invito-giunto-dal-capo-del-corpo-nazionale-alfio-pini-alla-festa-dei-vigili-del-fuoco\/","og_site_name":"Bellunopress - Dolomiti","article_publisher":"https:\/\/www.facebook.com\/profile.php?id=100008943462799","article_published_time":"2010-09-09T11:15:57+00:00","og_image":[{"url":"http:\/\/www.bellunopress.it\/wp-content\/uploads\/2010\/09\/rdb.jpg","type":"","width":"","height":""}],"author":"redazione","twitter_card":"summary_large_image","twitter_creator":"@bellunopress","twitter_site":"@bellunopress","twitter_misc":{"\u00c9crit par":"redazione","Dur\u00e9e de lecture estim\u00e9e":"2 minutes"},"schema":{"@context":"https:\/\/schema.org","@graph":[{"@type":"Article","@id":"https:\/\/www.bellunopress.it\/2010\/09\/09\/cortina-no-grazie-per-la-rdb-usb-declinato-l%e2%80%99invito-giunto-dal-capo-del-corpo-nazionale-alfio-pini-alla-festa-dei-vigili-del-fuoco\/#article","isPartOf":{"@id":"https:\/\/www.bellunopress.it\/2010\/09\/09\/cortina-no-grazie-per-la-rdb-usb-declinato-l%e2%80%99invito-giunto-dal-capo-del-corpo-nazionale-alfio-pini-alla-festa-dei-vigili-del-fuoco\/"},"author":{"name":"redazione","@id":"https:\/\/www.bellunopress.it\/#\/schema\/person\/79bb06722b37ece1c03d3e94beb30d73"},"headline":"Cortina, no grazie per la RdB-USB: declinato l\u2019invito, giunto dal capo del Corpo Nazionale Alfio Pini, alla festa dei Vigili del Fuoco","datePublished":"2010-09-09T11:15:57+00:00","mainEntityOfPage":{"@id":"https:\/\/www.bellunopress.it\/2010\/09\/09\/cortina-no-grazie-per-la-rdb-usb-declinato-l%e2%80%99invito-giunto-dal-capo-del-corpo-nazionale-alfio-pini-alla-festa-dei-vigili-del-fuoco\/"},"wordCount":337,"publisher":{"@id":"https:\/\/www.bellunopress.it\/#organization"},"image":{"@id":"https:\/\/www.bellunopress.it\/2010\/09\/09\/cortina-no-grazie-per-la-rdb-usb-declinato-l%e2%80%99invito-giunto-dal-capo-del-corpo-nazionale-alfio-pini-alla-festa-dei-vigili-del-fuoco\/#primaryimage"},"thumbnailUrl":"http:\/\/www.bellunopress.it\/wp-content\/uploads\/2010\/09\/rdb.jpg","keywords":["Belluno"],"articleSection":["Cronaca\/Politica","Lavoro, Economia, Turismo","Prima Pagina"],"inLanguage":"fr-FR"},{"@type":"WebPage","@id":"https:\/\/www.bellunopress.it\/2010\/09\/09\/cortina-no-grazie-per-la-rdb-usb-declinato-l%e2%80%99invito-giunto-dal-capo-del-corpo-nazionale-alfio-pini-alla-festa-dei-vigili-del-fuoco\/","url":"https:\/\/www.bellunopress.it\/2010\/09\/09\/cortina-no-grazie-per-la-rdb-usb-declinato-l%e2%80%99invito-giunto-dal-capo-del-corpo-nazionale-alfio-pini-alla-festa-dei-vigili-del-fuoco\/","name":"Cortina, no grazie per la RdB-USB: declinato l\u2019invito, giunto dal capo del Corpo Nazionale Alfio Pini, alla festa dei Vigili del Fuoco - Bellunopress - Dolomiti","isPartOf":{"@id":"https:\/\/www.bellunopress.it\/#website"},"primaryImageOfPage":{"@id":"https:\/\/www.bellunopress.it\/2010\/09\/09\/cortina-no-grazie-per-la-rdb-usb-declinato-l%e2%80%99invito-giunto-dal-capo-del-corpo-nazionale-alfio-pini-alla-festa-dei-vigili-del-fuoco\/#primaryimage"},"image":{"@id":"https:\/\/www.bellunopress.it\/2010\/09\/09\/cortina-no-grazie-per-la-rdb-usb-declinato-l%e2%80%99invito-giunto-dal-capo-del-corpo-nazionale-alfio-pini-alla-festa-dei-vigili-del-fuoco\/#primaryimage"},"thumbnailUrl":"http:\/\/www.bellunopress.it\/wp-content\/uploads\/2010\/09\/rdb.jpg","datePublished":"2010-09-09T11:15:57+00:00","breadcrumb":{"@id":"https:\/\/www.bellunopress.it\/2010\/09\/09\/cortina-no-grazie-per-la-rdb-usb-declinato-l%e2%80%99invito-giunto-dal-capo-del-corpo-nazionale-alfio-pini-alla-festa-dei-vigili-del-fuoco\/#breadcrumb"},"inLanguage":"fr-FR","potentialAction":[{"@type":"ReadAction","target":["https:\/\/www.bellunopress.it\/2010\/09\/09\/cortina-no-grazie-per-la-rdb-usb-declinato-l%e2%80%99invito-giunto-dal-capo-del-corpo-nazionale-alfio-pini-alla-festa-dei-vigili-del-fuoco\/"]}]},{"@type":"ImageObject","inLanguage":"fr-FR","@id":"https:\/\/www.bellunopress.it\/2010\/09\/09\/cortina-no-grazie-per-la-rdb-usb-declinato-l%e2%80%99invito-giunto-dal-capo-del-corpo-nazionale-alfio-pini-alla-festa-dei-vigili-del-fuoco\/#primaryimage","url":"http:\/\/www.bellunopress.it\/wp-content\/uploads\/2010\/09\/rdb.jpg","contentUrl":"http:\/\/www.bellunopress.it\/wp-content\/uploads\/2010\/09\/rdb.jpg"},{"@type":"BreadcrumbList","@id":"https:\/\/www.bellunopress.it\/2010\/09\/09\/cortina-no-grazie-per-la-rdb-usb-declinato-l%e2%80%99invito-giunto-dal-capo-del-corpo-nazionale-alfio-pini-alla-festa-dei-vigili-del-fuoco\/#breadcrumb","itemListElement":[{"@type":"ListItem","position":1,"name":"Home","item":"https:\/\/www.bellunopress.it\/"},{"@type":"ListItem","position":2,"name":"Cortina, no grazie per la RdB-USB: declinato l\u2019invito, giunto dal capo del Corpo Nazionale Alfio Pini, alla festa dei Vigili del Fuoco"}]},{"@type":"WebSite","@id":"https:\/\/www.bellunopress.it\/#website","url":"https:\/\/www.bellunopress.it\/","name":"Bellunopress - Dolomiti","description":"e-mail: redazione@bellunopress.it","publisher":{"@id":"https:\/\/www.bellunopress.it\/#organization"},"potentialAction":[{"@type":"SearchAction","target":{"@type":"EntryPoint","urlTemplate":"https:\/\/www.bellunopress.it\/?s={search_term_string}"},"query-input":{"@type":"PropertyValueSpecification","valueRequired":true,"valueName":"search_term_string"}}],"inLanguage":"fr-FR"},{"@type":"Organization","@id":"https:\/\/www.bellunopress.it\/#organization","name":"Bellunopress","url":"https:\/\/www.bellunopress.it\/","logo":{"@type":"ImageObject","inLanguage":"fr-FR","@id":"https:\/\/www.bellunopress.it\/#\/schema\/logo\/image\/","url":"https:\/\/www.bellunopress.it\/wp-content\/uploads\/2011\/05\/cropped-logo-bellunopress-.jpg","contentUrl":"https:\/\/www.bellunopress.it\/wp-content\/uploads\/2011\/05\/cropped-logo-bellunopress-.jpg","width":512,"height":512,"caption":"Bellunopress"},"image":{"@id":"https:\/\/www.bellunopress.it\/#\/schema\/logo\/image\/"},"sameAs":["https:\/\/www.facebook.com\/profile.php?id=100008943462799","https:\/\/x.com\/bellunopress","https:\/\/www.linkedin.com\/hp\/?dnr=JBzUWaJfMUw8vbXJJ2tVW5-I3jZKvC4wsoxE&amp;amp;amp;amp;amp;amp;trk=nav_responsive_tab_home","https:\/\/www.youtube.com\/channel\/UCxL0wu1uN0_3_7hGG0306cw"]},{"@type":"Person","@id":"https:\/\/www.bellunopress.it\/#\/schema\/person\/79bb06722b37ece1c03d3e94beb30d73","name":"r\u00e9daction","image":{"@type":"ImageObject","inLanguage":"fr-FR","@id":"https:\/\/secure.gravatar.com\/avatar\/37d968a2e67a6fd04c169c4bdef102d0bc5d31b2546345219e348575eb80e9a0?s=96&d=mm&r=g","url":"https:\/\/secure.gravatar.com\/avatar\/37d968a2e67a6fd04c169c4bdef102d0bc5d31b2546345219e348575eb80e9a0?s=96&d=mm&r=g","contentUrl":"https:\/\/secure.gravatar.com\/avatar\/37d968a2e67a6fd04c169c4bdef102d0bc5d31b2546345219e348575eb80e9a0?s=96&d=mm&r=g","caption":"redazione"},"sameAs":["http:\/\/www.bellunopress.it","https:\/\/x.com\/bellunopress"],"url":"https:\/\/www.bellunopress.it\/fr\/author\/redazione\/"}]}},"_links":{"self":[{"href":"https:\/\/www.bellunopress.it\/fr\/wp-json\/wp\/v2\/posts\/18988","targetHints":{"allow":["GET"]}}],"collection":[{"href":"https:\/\/www.bellunopress.it\/fr\/wp-json\/wp\/v2\/posts"}],"about":[{"href":"https:\/\/www.bellunopress.it\/fr\/wp-json\/wp\/v2\/types\/post"}],"author":[{"embeddable":true,"href":"https:\/\/www.bellunopress.it\/fr\/wp-json\/wp\/v2\/users\/2"}],"replies":[{"embeddable":true,"href":"https:\/\/www.bellunopress.it\/fr\/wp-json\/wp\/v2\/comments?post=18988"}],"version-history":[{"count":1,"href":"https:\/\/www.bellunopress.it\/fr\/wp-json\/wp\/v2\/posts\/18988\/revisions"}],"predecessor-version":[{"id":18990,"href":"https:\/\/www.bellunopress.it\/fr\/wp-json\/wp\/v2\/posts\/18988\/revisions\/18990"}],"wp:attachment":[{"href":"https:\/\/www.bellunopress.it\/fr\/wp-json\/wp\/v2\/media?parent=18988"}],"wp:term":[{"taxonomy":"category","embeddable":true,"href":"https:\/\/www.bellunopress.it\/fr\/wp-json\/wp\/v2\/categories?post=18988"},{"taxonomy":"post_tag","embeddable":true,"href":"https:\/\/www.bellunopress.it\/fr\/wp-json\/wp\/v2\/tags?post=18988"}],"curies":[{"name":"wp","href":"https:\/\/api.w.org\/{rel}","templated":true}]}}