{"id":18986,"date":"2010-09-09T11:51:56","date_gmt":"2010-09-09T10:51:56","guid":{"rendered":"http:\/\/www.bellunopress.it\/?p=18986"},"modified":"2010-09-09T11:51:56","modified_gmt":"2010-09-09T10:51:56","slug":"vigili-del-fuoco-a-cortina-bottacin%c2%abuna-festa-ma-non-scordiamo-i-problemi%c2%bb","status":"publish","type":"post","link":"https:\/\/www.bellunopress.it\/fr\/2010\/09\/09\/vigili-del-fuoco-a-cortina-bottacin%c2%abuna-festa-ma-non-scordiamo-i-problemi%c2%bb\/","title":{"rendered":"Vigili del Fuoco a Cortina. Bottacin:\u00abUna festa, ma non scordiamo i problemi\u00bb"},"content":{"rendered":"<figure id=\"attachment_17791\" aria-describedby=\"caption-attachment-17791\" style=\"width: 280px\" class=\"wp-caption alignleft\"><a href=\"http:\/\/www.bellunopress.it\/wp-content\/uploads\/2010\/08\/gianpaolo-bottacin-280x280.jpg\"><img loading=\"lazy\" decoding=\"async\" class=\"size-medium wp-image-17791\" title=\"gianpaolo-bottacin-280x280\" src=\"http:\/\/www.bellunopress.it\/wp-content\/uploads\/2010\/08\/gianpaolo-bottacin-280x280.jpg\" alt=\"Gianpaolo Bottacin\" width=\"280\" height=\"280\" srcset=\"https:\/\/www.bellunopress.it\/wp-content\/uploads\/2010\/08\/gianpaolo-bottacin-280x280.jpg 280w, https:\/\/www.bellunopress.it\/wp-content\/uploads\/2010\/08\/gianpaolo-bottacin-280x280-150x150.jpg 150w\" sizes=\"auto, (max-width: 280px) 100vw, 280px\" \/><\/a><figcaption id=\"caption-attachment-17791\" class=\"wp-caption-text\">Gianpaolo Bottacin<\/figcaption><\/figure>\n<p>Tutto pronto per la grande festa del 1\u00b0 Raduno Nazionale dei Vigili del Fuoco nel fine settimana a Cortina. \u00abL\u2019appuntamento sar\u00e0 anche l\u2019occasione per parlare della situazione del Corpo, della necessit\u00e0 di uomini e di volontari &#8211; ha detto il presidente della Provincia Gianpaolo Bottacin &#8211; Il territorio della nostra provincia \u00e8 fragile, bisognoso del lavoro prezioso di tutti i volontari che, dai Vigili del Fuoco agli uomini del Soccorso Alpino, quotidianamente si mettono a disposizione dei loro conterranei per soccorrerli, aiutarli, salvarli. Quello che andremo a celebrare in questo prossimo week-end a Cortina &#8211; ha proseguito il presidente &#8211; sar\u00e0 senz\u2019altro appuntamento di grandissima visibilit\u00e0 per la nostra terra, una festa, una celebrazione per il Corpo pi\u00f9 amato del nostro Paese. Contestualmente sar\u00e0 anche l\u2019occasione per sottolineare come il Corpo dei VdF abbia bisogno di nuove risorse, proprio per il delicato compito che \u00e8 chiamato a svolgere. Non dobbiamo infatti dimenticare che ci sono uomini che volontariamente mettono a repentaglio la loro vita per salvarne altre ed \u00e8 soprattutto grazie a loro che i soccorsi sono cos\u00ec efficienti. Con il solo personale dei Comandi, l\u2019organico sarebbe all\u2019osso &#8211; ha proseguito il presidente &#8211; . A Belluno possiamo contare su un grandissimo numero di volontari e quella di Cortina sar\u00e0 l\u2019occasione per ringraziarli, rivolgendo un pensiero anche a chi si \u00e8 sacrificato per la missione a cui era stato chiamato. Dobbiamo pensare che, solo lo scorso anno, i Vigili del Fuoco hanno compiuto oltre 6400 interventi, chiamando in causa quei trentasei distaccamenti che operano sul nostro territorio bellunese \u2013 ha concluso Bottacin &#8211; . C\u2019\u00e8 continuo bisogno di nuove forze, anche se la congiuntura economica rischia di frenare lo spirito, pur sempre alto, dei nostri volontari\u00bb.<\/p>","protected":false},"excerpt":{"rendered":"<p>Tutto pronto per la grande festa del 1\u00b0 Raduno Nazionale dei Vigili del Fuoco nel fine settimana a Cortina. \u00abL\u2019appuntamento sar\u00e0 anche l\u2019occasione per parlare della situazione del Corpo, della necessit\u00e0 di uomini e di volontari &#8211; ha detto il presidente della Provincia Gianpaolo Bottacin &#8211; Il territorio della nostra provincia \u00e8 fragile, bisognoso del [&hellip;]<\/p>\n","protected":false},"author":2,"featured_media":0,"comment_status":"closed","ping_status":"open","sticky":false,"template":"","format":"standard","meta":{"footnotes":""},"categories":[5,26],"tags":[139],"class_list":["post-18986","post","type-post","status-publish","format-standard","category-cronaca","category-prima-pagina","tag-belluno"],"yoast_head":"<!-- This site is optimized with the Yoast SEO plugin v28.4 - https:\/\/yoast.com\/product\/yoast-seo-wordpress\/ -->\n<title>Vigili del Fuoco a Cortina. Bottacin:\u00abUna festa, ma non scordiamo i problemi\u00bb - Bellunopress - Dolomiti<\/title>\n<meta name=\"robots\" content=\"index, follow, max-snippet:-1, max-image-preview:large, max-video-preview:-1\" \/>\n<link rel=\"canonical\" href=\"https:\/\/www.bellunopress.it\/fr\/2010\/09\/09\/vigili-del-fuoco-a-cortina-bottacin\u00abuna-festa-ma-non-scordiamo-i-problemi\u00bb\/\" \/>\n<meta property=\"og:locale\" content=\"fr_FR\" \/>\n<meta property=\"og:type\" content=\"article\" \/>\n<meta property=\"og:title\" content=\"Vigili del Fuoco a Cortina. Bottacin:\u00abUna festa, ma non scordiamo i problemi\u00bb - Bellunopress - Dolomiti\" \/>\n<meta property=\"og:description\" content=\"Tutto pronto per la grande festa del 1\u00b0 Raduno Nazionale dei Vigili del Fuoco nel fine settimana a Cortina. \u00abL\u2019appuntamento sar\u00e0 anche l\u2019occasione per parlare della situazione del Corpo, della necessit\u00e0 di uomini e di volontari &#8211; ha detto il presidente della Provincia Gianpaolo Bottacin &#8211; Il territorio della nostra provincia \u00e8 fragile, bisognoso del [&hellip;]\" \/>\n<meta property=\"og:url\" content=\"https:\/\/www.bellunopress.it\/fr\/2010\/09\/09\/vigili-del-fuoco-a-cortina-bottacin\u00abuna-festa-ma-non-scordiamo-i-problemi\u00bb\/\" \/>\n<meta property=\"og:site_name\" content=\"Bellunopress - Dolomiti\" \/>\n<meta property=\"article:publisher\" content=\"https:\/\/www.facebook.com\/profile.php?id=100008943462799\" \/>\n<meta property=\"article:published_time\" content=\"2010-09-09T10:51:56+00:00\" \/>\n<meta property=\"og:image\" content=\"http:\/\/www.bellunopress.it\/wp-content\/uploads\/2010\/08\/gianpaolo-bottacin-280x280.jpg\" \/>\n<meta name=\"author\" content=\"redazione\" \/>\n<meta name=\"twitter:card\" content=\"summary_large_image\" \/>\n<meta name=\"twitter:creator\" content=\"@bellunopress\" \/>\n<meta name=\"twitter:site\" content=\"@bellunopress\" \/>\n<meta name=\"twitter:label1\" content=\"\u00c9crit par\" \/>\n\t<meta name=\"twitter:data1\" content=\"redazione\" \/>\n\t<meta name=\"twitter:label2\" content=\"Dur\u00e9e de lecture estim\u00e9e\" \/>\n\t<meta name=\"twitter:data2\" content=\"1 minute\" \/>\n<script type=\"application\/ld+json\" class=\"yoast-schema-graph\">{\"@context\":\"https:\\\/\\\/schema.org\",\"@graph\":[{\"@type\":\"Article\",\"@id\":\"https:\\\/\\\/www.bellunopress.it\\\/2010\\\/09\\\/09\\\/vigili-del-fuoco-a-cortina-bottacin%c2%abuna-festa-ma-non-scordiamo-i-problemi%c2%bb\\\/#article\",\"isPartOf\":{\"@id\":\"https:\\\/\\\/www.bellunopress.it\\\/2010\\\/09\\\/09\\\/vigili-del-fuoco-a-cortina-bottacin%c2%abuna-festa-ma-non-scordiamo-i-problemi%c2%bb\\\/\"},\"author\":{\"name\":\"redazione\",\"@id\":\"https:\\\/\\\/www.bellunopress.it\\\/#\\\/schema\\\/person\\\/79bb06722b37ece1c03d3e94beb30d73\"},\"headline\":\"Vigili del Fuoco a Cortina. Bottacin:\u00abUna festa, ma non scordiamo i problemi\u00bb\",\"datePublished\":\"2010-09-09T10:51:56+00:00\",\"mainEntityOfPage\":{\"@id\":\"https:\\\/\\\/www.bellunopress.it\\\/2010\\\/09\\\/09\\\/vigili-del-fuoco-a-cortina-bottacin%c2%abuna-festa-ma-non-scordiamo-i-problemi%c2%bb\\\/\"},\"wordCount\":307,\"publisher\":{\"@id\":\"https:\\\/\\\/www.bellunopress.it\\\/#organization\"},\"image\":{\"@id\":\"https:\\\/\\\/www.bellunopress.it\\\/2010\\\/09\\\/09\\\/vigili-del-fuoco-a-cortina-bottacin%c2%abuna-festa-ma-non-scordiamo-i-problemi%c2%bb\\\/#primaryimage\"},\"thumbnailUrl\":\"http:\\\/\\\/www.bellunopress.it\\\/wp-content\\\/uploads\\\/2010\\\/08\\\/gianpaolo-bottacin-280x280.jpg\",\"keywords\":[\"Belluno\"],\"articleSection\":[\"Cronaca\\\/Politica\",\"Prima Pagina\"],\"inLanguage\":\"fr-FR\"},{\"@type\":\"WebPage\",\"@id\":\"https:\\\/\\\/www.bellunopress.it\\\/2010\\\/09\\\/09\\\/vigili-del-fuoco-a-cortina-bottacin%c2%abuna-festa-ma-non-scordiamo-i-problemi%c2%bb\\\/\",\"url\":\"https:\\\/\\\/www.bellunopress.it\\\/2010\\\/09\\\/09\\\/vigili-del-fuoco-a-cortina-bottacin%c2%abuna-festa-ma-non-scordiamo-i-problemi%c2%bb\\\/\",\"name\":\"Vigili del Fuoco a Cortina. Bottacin:\u00abUna festa, ma non scordiamo i problemi\u00bb - Bellunopress - Dolomiti\",\"isPartOf\":{\"@id\":\"https:\\\/\\\/www.bellunopress.it\\\/#website\"},\"primaryImageOfPage\":{\"@id\":\"https:\\\/\\\/www.bellunopress.it\\\/2010\\\/09\\\/09\\\/vigili-del-fuoco-a-cortina-bottacin%c2%abuna-festa-ma-non-scordiamo-i-problemi%c2%bb\\\/#primaryimage\"},\"image\":{\"@id\":\"https:\\\/\\\/www.bellunopress.it\\\/2010\\\/09\\\/09\\\/vigili-del-fuoco-a-cortina-bottacin%c2%abuna-festa-ma-non-scordiamo-i-problemi%c2%bb\\\/#primaryimage\"},\"thumbnailUrl\":\"http:\\\/\\\/www.bellunopress.it\\\/wp-content\\\/uploads\\\/2010\\\/08\\\/gianpaolo-bottacin-280x280.jpg\",\"datePublished\":\"2010-09-09T10:51:56+00:00\",\"breadcrumb\":{\"@id\":\"https:\\\/\\\/www.bellunopress.it\\\/2010\\\/09\\\/09\\\/vigili-del-fuoco-a-cortina-bottacin%c2%abuna-festa-ma-non-scordiamo-i-problemi%c2%bb\\\/#breadcrumb\"},\"inLanguage\":\"fr-FR\",\"potentialAction\":[{\"@type\":\"ReadAction\",\"target\":[\"https:\\\/\\\/www.bellunopress.it\\\/2010\\\/09\\\/09\\\/vigili-del-fuoco-a-cortina-bottacin%c2%abuna-festa-ma-non-scordiamo-i-problemi%c2%bb\\\/\"]}]},{\"@type\":\"ImageObject\",\"inLanguage\":\"fr-FR\",\"@id\":\"https:\\\/\\\/www.bellunopress.it\\\/2010\\\/09\\\/09\\\/vigili-del-fuoco-a-cortina-bottacin%c2%abuna-festa-ma-non-scordiamo-i-problemi%c2%bb\\\/#primaryimage\",\"url\":\"http:\\\/\\\/www.bellunopress.it\\\/wp-content\\\/uploads\\\/2010\\\/08\\\/gianpaolo-bottacin-280x280.jpg\",\"contentUrl\":\"http:\\\/\\\/www.bellunopress.it\\\/wp-content\\\/uploads\\\/2010\\\/08\\\/gianpaolo-bottacin-280x280.jpg\"},{\"@type\":\"BreadcrumbList\",\"@id\":\"https:\\\/\\\/www.bellunopress.it\\\/2010\\\/09\\\/09\\\/vigili-del-fuoco-a-cortina-bottacin%c2%abuna-festa-ma-non-scordiamo-i-problemi%c2%bb\\\/#breadcrumb\",\"itemListElement\":[{\"@type\":\"ListItem\",\"position\":1,\"name\":\"Home\",\"item\":\"https:\\\/\\\/www.bellunopress.it\\\/\"},{\"@type\":\"ListItem\",\"position\":2,\"name\":\"Vigili del Fuoco a Cortina. Bottacin:\u00abUna festa, ma non scordiamo i problemi\u00bb\"}]},{\"@type\":\"WebSite\",\"@id\":\"https:\\\/\\\/www.bellunopress.it\\\/#website\",\"url\":\"https:\\\/\\\/www.bellunopress.it\\\/\",\"name\":\"Bellunopress - Dolomiti\",\"description\":\"e-mail: redazione@bellunopress.it\",\"publisher\":{\"@id\":\"https:\\\/\\\/www.bellunopress.it\\\/#organization\"},\"potentialAction\":[{\"@type\":\"SearchAction\",\"target\":{\"@type\":\"EntryPoint\",\"urlTemplate\":\"https:\\\/\\\/www.bellunopress.it\\\/?s={search_term_string}\"},\"query-input\":{\"@type\":\"PropertyValueSpecification\",\"valueRequired\":true,\"valueName\":\"search_term_string\"}}],\"inLanguage\":\"fr-FR\"},{\"@type\":\"Organization\",\"@id\":\"https:\\\/\\\/www.bellunopress.it\\\/#organization\",\"name\":\"Bellunopress\",\"url\":\"https:\\\/\\\/www.bellunopress.it\\\/\",\"logo\":{\"@type\":\"ImageObject\",\"inLanguage\":\"fr-FR\",\"@id\":\"https:\\\/\\\/www.bellunopress.it\\\/#\\\/schema\\\/logo\\\/image\\\/\",\"url\":\"https:\\\/\\\/www.bellunopress.it\\\/wp-content\\\/uploads\\\/2011\\\/05\\\/cropped-logo-bellunopress-.jpg\",\"contentUrl\":\"https:\\\/\\\/www.bellunopress.it\\\/wp-content\\\/uploads\\\/2011\\\/05\\\/cropped-logo-bellunopress-.jpg\",\"width\":512,\"height\":512,\"caption\":\"Bellunopress\"},\"image\":{\"@id\":\"https:\\\/\\\/www.bellunopress.it\\\/#\\\/schema\\\/logo\\\/image\\\/\"},\"sameAs\":[\"https:\\\/\\\/www.facebook.com\\\/profile.php?id=100008943462799\",\"https:\\\/\\\/x.com\\\/bellunopress\",\"https:\\\/\\\/www.linkedin.com\\\/hp\\\/?dnr=JBzUWaJfMUw8vbXJJ2tVW5-I3jZKvC4wsoxE&amp;amp;amp;amp;amp;amp;trk=nav_responsive_tab_home\",\"https:\\\/\\\/www.youtube.com\\\/channel\\\/UCxL0wu1uN0_3_7hGG0306cw\"]},{\"@type\":\"Person\",\"@id\":\"https:\\\/\\\/www.bellunopress.it\\\/#\\\/schema\\\/person\\\/79bb06722b37ece1c03d3e94beb30d73\",\"name\":\"redazione\",\"image\":{\"@type\":\"ImageObject\",\"inLanguage\":\"fr-FR\",\"@id\":\"https:\\\/\\\/secure.gravatar.com\\\/avatar\\\/37d968a2e67a6fd04c169c4bdef102d0bc5d31b2546345219e348575eb80e9a0?s=96&d=mm&r=g\",\"url\":\"https:\\\/\\\/secure.gravatar.com\\\/avatar\\\/37d968a2e67a6fd04c169c4bdef102d0bc5d31b2546345219e348575eb80e9a0?s=96&d=mm&r=g\",\"contentUrl\":\"https:\\\/\\\/secure.gravatar.com\\\/avatar\\\/37d968a2e67a6fd04c169c4bdef102d0bc5d31b2546345219e348575eb80e9a0?s=96&d=mm&r=g\",\"caption\":\"redazione\"},\"sameAs\":[\"http:\\\/\\\/www.bellunopress.it\",\"https:\\\/\\\/x.com\\\/bellunopress\"],\"url\":\"https:\\\/\\\/www.bellunopress.it\\\/fr\\\/author\\\/redazione\\\/\"}]}<\/script>\n<!-- \/ Yoast SEO plugin. -->","yoast_head_json":{"title":"Vigili del Fuoco a Cortina. Bottacin:\u00abUna festa, ma non scordiamo i problemi\u00bb - Bellunopress - Dolomiti","robots":{"index":"index","follow":"follow","max-snippet":"max-snippet:-1","max-image-preview":"max-image-preview:large","max-video-preview":"max-video-preview:-1"},"canonical":"https:\/\/www.bellunopress.it\/fr\/2010\/09\/09\/vigili-del-fuoco-a-cortina-bottacin\u00abuna-festa-ma-non-scordiamo-i-problemi\u00bb\/","og_locale":"fr_FR","og_type":"article","og_title":"Vigili del Fuoco a Cortina. Bottacin:\u00abUna festa, ma non scordiamo i problemi\u00bb - Bellunopress - Dolomiti","og_description":"Tutto pronto per la grande festa del 1\u00b0 Raduno Nazionale dei Vigili del Fuoco nel fine settimana a Cortina. \u00abL\u2019appuntamento sar\u00e0 anche l\u2019occasione per parlare della situazione del Corpo, della necessit\u00e0 di uomini e di volontari &#8211; ha detto il presidente della Provincia Gianpaolo Bottacin &#8211; Il territorio della nostra provincia \u00e8 fragile, bisognoso del [&hellip;]","og_url":"https:\/\/www.bellunopress.it\/fr\/2010\/09\/09\/vigili-del-fuoco-a-cortina-bottacin\u00abuna-festa-ma-non-scordiamo-i-problemi\u00bb\/","og_site_name":"Bellunopress - Dolomiti","article_publisher":"https:\/\/www.facebook.com\/profile.php?id=100008943462799","article_published_time":"2010-09-09T10:51:56+00:00","og_image":[{"url":"http:\/\/www.bellunopress.it\/wp-content\/uploads\/2010\/08\/gianpaolo-bottacin-280x280.jpg","type":"","width":"","height":""}],"author":"redazione","twitter_card":"summary_large_image","twitter_creator":"@bellunopress","twitter_site":"@bellunopress","twitter_misc":{"\u00c9crit par":"redazione","Dur\u00e9e de lecture estim\u00e9e":"1 minute"},"schema":{"@context":"https:\/\/schema.org","@graph":[{"@type":"Article","@id":"https:\/\/www.bellunopress.it\/2010\/09\/09\/vigili-del-fuoco-a-cortina-bottacin%c2%abuna-festa-ma-non-scordiamo-i-problemi%c2%bb\/#article","isPartOf":{"@id":"https:\/\/www.bellunopress.it\/2010\/09\/09\/vigili-del-fuoco-a-cortina-bottacin%c2%abuna-festa-ma-non-scordiamo-i-problemi%c2%bb\/"},"author":{"name":"redazione","@id":"https:\/\/www.bellunopress.it\/#\/schema\/person\/79bb06722b37ece1c03d3e94beb30d73"},"headline":"Vigili del Fuoco a Cortina. Bottacin:\u00abUna festa, ma non scordiamo i problemi\u00bb","datePublished":"2010-09-09T10:51:56+00:00","mainEntityOfPage":{"@id":"https:\/\/www.bellunopress.it\/2010\/09\/09\/vigili-del-fuoco-a-cortina-bottacin%c2%abuna-festa-ma-non-scordiamo-i-problemi%c2%bb\/"},"wordCount":307,"publisher":{"@id":"https:\/\/www.bellunopress.it\/#organization"},"image":{"@id":"https:\/\/www.bellunopress.it\/2010\/09\/09\/vigili-del-fuoco-a-cortina-bottacin%c2%abuna-festa-ma-non-scordiamo-i-problemi%c2%bb\/#primaryimage"},"thumbnailUrl":"http:\/\/www.bellunopress.it\/wp-content\/uploads\/2010\/08\/gianpaolo-bottacin-280x280.jpg","keywords":["Belluno"],"articleSection":["Cronaca\/Politica","Prima Pagina"],"inLanguage":"fr-FR"},{"@type":"WebPage","@id":"https:\/\/www.bellunopress.it\/2010\/09\/09\/vigili-del-fuoco-a-cortina-bottacin%c2%abuna-festa-ma-non-scordiamo-i-problemi%c2%bb\/","url":"https:\/\/www.bellunopress.it\/2010\/09\/09\/vigili-del-fuoco-a-cortina-bottacin%c2%abuna-festa-ma-non-scordiamo-i-problemi%c2%bb\/","name":"Vigili del Fuoco a Cortina. Bottacin:\u00abUna festa, ma non scordiamo i problemi\u00bb - Bellunopress - Dolomiti","isPartOf":{"@id":"https:\/\/www.bellunopress.it\/#website"},"primaryImageOfPage":{"@id":"https:\/\/www.bellunopress.it\/2010\/09\/09\/vigili-del-fuoco-a-cortina-bottacin%c2%abuna-festa-ma-non-scordiamo-i-problemi%c2%bb\/#primaryimage"},"image":{"@id":"https:\/\/www.bellunopress.it\/2010\/09\/09\/vigili-del-fuoco-a-cortina-bottacin%c2%abuna-festa-ma-non-scordiamo-i-problemi%c2%bb\/#primaryimage"},"thumbnailUrl":"http:\/\/www.bellunopress.it\/wp-content\/uploads\/2010\/08\/gianpaolo-bottacin-280x280.jpg","datePublished":"2010-09-09T10:51:56+00:00","breadcrumb":{"@id":"https:\/\/www.bellunopress.it\/2010\/09\/09\/vigili-del-fuoco-a-cortina-bottacin%c2%abuna-festa-ma-non-scordiamo-i-problemi%c2%bb\/#breadcrumb"},"inLanguage":"fr-FR","potentialAction":[{"@type":"ReadAction","target":["https:\/\/www.bellunopress.it\/2010\/09\/09\/vigili-del-fuoco-a-cortina-bottacin%c2%abuna-festa-ma-non-scordiamo-i-problemi%c2%bb\/"]}]},{"@type":"ImageObject","inLanguage":"fr-FR","@id":"https:\/\/www.bellunopress.it\/2010\/09\/09\/vigili-del-fuoco-a-cortina-bottacin%c2%abuna-festa-ma-non-scordiamo-i-problemi%c2%bb\/#primaryimage","url":"http:\/\/www.bellunopress.it\/wp-content\/uploads\/2010\/08\/gianpaolo-bottacin-280x280.jpg","contentUrl":"http:\/\/www.bellunopress.it\/wp-content\/uploads\/2010\/08\/gianpaolo-bottacin-280x280.jpg"},{"@type":"BreadcrumbList","@id":"https:\/\/www.bellunopress.it\/2010\/09\/09\/vigili-del-fuoco-a-cortina-bottacin%c2%abuna-festa-ma-non-scordiamo-i-problemi%c2%bb\/#breadcrumb","itemListElement":[{"@type":"ListItem","position":1,"name":"Home","item":"https:\/\/www.bellunopress.it\/"},{"@type":"ListItem","position":2,"name":"Vigili del Fuoco a Cortina. Bottacin:\u00abUna festa, ma non scordiamo i problemi\u00bb"}]},{"@type":"WebSite","@id":"https:\/\/www.bellunopress.it\/#website","url":"https:\/\/www.bellunopress.it\/","name":"Bellunopress - Dolomiti","description":"e-mail: redazione@bellunopress.it","publisher":{"@id":"https:\/\/www.bellunopress.it\/#organization"},"potentialAction":[{"@type":"SearchAction","target":{"@type":"EntryPoint","urlTemplate":"https:\/\/www.bellunopress.it\/?s={search_term_string}"},"query-input":{"@type":"PropertyValueSpecification","valueRequired":true,"valueName":"search_term_string"}}],"inLanguage":"fr-FR"},{"@type":"Organization","@id":"https:\/\/www.bellunopress.it\/#organization","name":"Bellunopress","url":"https:\/\/www.bellunopress.it\/","logo":{"@type":"ImageObject","inLanguage":"fr-FR","@id":"https:\/\/www.bellunopress.it\/#\/schema\/logo\/image\/","url":"https:\/\/www.bellunopress.it\/wp-content\/uploads\/2011\/05\/cropped-logo-bellunopress-.jpg","contentUrl":"https:\/\/www.bellunopress.it\/wp-content\/uploads\/2011\/05\/cropped-logo-bellunopress-.jpg","width":512,"height":512,"caption":"Bellunopress"},"image":{"@id":"https:\/\/www.bellunopress.it\/#\/schema\/logo\/image\/"},"sameAs":["https:\/\/www.facebook.com\/profile.php?id=100008943462799","https:\/\/x.com\/bellunopress","https:\/\/www.linkedin.com\/hp\/?dnr=JBzUWaJfMUw8vbXJJ2tVW5-I3jZKvC4wsoxE&amp;amp;amp;amp;amp;amp;trk=nav_responsive_tab_home","https:\/\/www.youtube.com\/channel\/UCxL0wu1uN0_3_7hGG0306cw"]},{"@type":"Person","@id":"https:\/\/www.bellunopress.it\/#\/schema\/person\/79bb06722b37ece1c03d3e94beb30d73","name":"r\u00e9daction","image":{"@type":"ImageObject","inLanguage":"fr-FR","@id":"https:\/\/secure.gravatar.com\/avatar\/37d968a2e67a6fd04c169c4bdef102d0bc5d31b2546345219e348575eb80e9a0?s=96&d=mm&r=g","url":"https:\/\/secure.gravatar.com\/avatar\/37d968a2e67a6fd04c169c4bdef102d0bc5d31b2546345219e348575eb80e9a0?s=96&d=mm&r=g","contentUrl":"https:\/\/secure.gravatar.com\/avatar\/37d968a2e67a6fd04c169c4bdef102d0bc5d31b2546345219e348575eb80e9a0?s=96&d=mm&r=g","caption":"redazione"},"sameAs":["http:\/\/www.bellunopress.it","https:\/\/x.com\/bellunopress"],"url":"https:\/\/www.bellunopress.it\/fr\/author\/redazione\/"}]}},"_links":{"self":[{"href":"https:\/\/www.bellunopress.it\/fr\/wp-json\/wp\/v2\/posts\/18986","targetHints":{"allow":["GET"]}}],"collection":[{"href":"https:\/\/www.bellunopress.it\/fr\/wp-json\/wp\/v2\/posts"}],"about":[{"href":"https:\/\/www.bellunopress.it\/fr\/wp-json\/wp\/v2\/types\/post"}],"author":[{"embeddable":true,"href":"https:\/\/www.bellunopress.it\/fr\/wp-json\/wp\/v2\/users\/2"}],"replies":[{"embeddable":true,"href":"https:\/\/www.bellunopress.it\/fr\/wp-json\/wp\/v2\/comments?post=18986"}],"version-history":[{"count":1,"href":"https:\/\/www.bellunopress.it\/fr\/wp-json\/wp\/v2\/posts\/18986\/revisions"}],"predecessor-version":[{"id":18987,"href":"https:\/\/www.bellunopress.it\/fr\/wp-json\/wp\/v2\/posts\/18986\/revisions\/18987"}],"wp:attachment":[{"href":"https:\/\/www.bellunopress.it\/fr\/wp-json\/wp\/v2\/media?parent=18986"}],"wp:term":[{"taxonomy":"category","embeddable":true,"href":"https:\/\/www.bellunopress.it\/fr\/wp-json\/wp\/v2\/categories?post=18986"},{"taxonomy":"post_tag","embeddable":true,"href":"https:\/\/www.bellunopress.it\/fr\/wp-json\/wp\/v2\/tags?post=18986"}],"curies":[{"name":"wp","href":"https:\/\/api.w.org\/{rel}","templated":true}]}}