{"id":18980,"date":"2010-09-09T11:07:18","date_gmt":"2010-09-09T10:07:18","guid":{"rendered":"http:\/\/www.bellunopress.it\/?p=18980"},"modified":"2010-09-09T11:08:28","modified_gmt":"2010-09-09T10:08:28","slug":"lavoro-nero-belluno-a-meta-della-classifica-nazionale-di-confartigianato-ma-la-peggiore-nel-veneto-luapi-fara-partire-una-campagna-di-informazione-sui-danni-che-il-sommerso-produce-non-solo-alle","status":"publish","type":"post","link":"https:\/\/www.bellunopress.it\/fr\/2010\/09\/09\/lavoro-nero-belluno-a-meta-della-classifica-nazionale-di-confartigianato-ma-la-peggiore-nel-veneto-luapi-fara-partire-una-campagna-di-informazione-sui-danni-che-il-sommerso-produce-non-solo-alle\/","title":{"rendered":"Lavoro nero: Belluno a met\u00e0 della classifica nazionale di Confartigianato, ma \u00e8 la peggiore nel Veneto. L&#8217;Uapi far\u00e0 partire una campagna di informazione sui danni che il sommerso produce non solo alle imprese, ma anche ai consumatori"},"content":{"rendered":"<figure id=\"attachment_2121\" aria-describedby=\"caption-attachment-2121\" style=\"width: 190px\" class=\"wp-caption alignleft\"><a href=\"http:\/\/www.bellunopress.it\/wp-content\/uploads\/2009\/03\/walter-capraro-direttore-unione-artigiani-190x190.jpg\"><img loading=\"lazy\" decoding=\"async\" class=\"size-medium wp-image-2121\" title=\"walter-capraro-direttore-unione-artigiani-190x190\" src=\"http:\/\/www.bellunopress.it\/wp-content\/uploads\/2009\/03\/walter-capraro-direttore-unione-artigiani-190x190.jpg\" alt=\"Walter Capraro direttore Uapi\" width=\"190\" height=\"190\" srcset=\"https:\/\/www.bellunopress.it\/wp-content\/uploads\/2009\/03\/walter-capraro-direttore-unione-artigiani-190x190.jpg 190w, https:\/\/www.bellunopress.it\/wp-content\/uploads\/2009\/03\/walter-capraro-direttore-unione-artigiani-190x190-150x150.jpg 150w\" sizes=\"auto, (max-width: 190px) 100vw, 190px\" \/><\/a><figcaption id=\"caption-attachment-2121\" class=\"wp-caption-text\">Walter Capraro direttore Uapi<\/figcaption><\/figure>\n<p>L\u2019Ufficio studi di Confartigianato ha disegnato una mappa dei territori a maggiore presenza di attivit\u00e0 abusive e di lavoro irregolare e ha quantificato in 639.000 unit\u00e0 l\u2019\u201desercito degli operatori irregolari\u201d, micidiali concorrenti sleali dei veri imprenditori. L\u2019Iva non versata dalle attivit\u00e0 abusive \u00e8 aumentata, tra il 2008 e il 2009, di oltre il 24%, mentre nei soli primi cinque mesi del 2010 la Guardia di Finanza ha individuato quasi 3.800 evasori totali, cui \u00e8 stato ricondotto un imponibile di 7,9 miliardi di euro. \u201cIl Nord Est \u00e8 la macroarea pi\u00f9 virtuosa &#8211; dice Walter Capraro, direttore dell\u2019Unione Artigiani e Piccola Industria &#8211; ma delle tre regioni che lo compongono il Veneto fa meglio solo del Friuli ed \u00e8 ben lontano dal Trentino-Alto Adige che, dopo l\u2019Emilia Romagna, risulta essere la regione dove l\u2019incidenza del lavoro sommerso \u00e8 minore. Il guaio \u00e8 che, tra le province venete, Belluno \u00e8 quella con i valori peggiori, tanto da meritarsi la 58^ posizione sulle 103\u00a0 in classifica.\u201d Per mettere in fila le province italiane Confartigianato ha preso in considerazione sia l\u2019incidenza del lavoro sommerso, sia l\u2019intensit\u00e0 dell\u2019evasione fiscale, sia, infine, il tasso di attivit\u00e0 della popolazione, che, a livello nazionale, \u00e8 sceso di oltre un punto percentuale in questi due anni di crisi in cui un numero consistente di adulti \u00e8 uscito dal mercato del lavoro. \u201cDall\u2019indagine emerge chiaramente che non siamo affatto un\u2019isola felice &#8211; precisa Capraro &#8211; e che anche qui la concorrenza sleale del sommerso c\u2019\u00e8 e si fa sentire, anche perch\u00e9 il basso tasso di attivit\u00e0 della popolazione crea un serbatoio di potenziale lavoro irregolare.\u201d Ci meritiamo, infatti, una posizione da met\u00e0 classifica solo grazie al fatto che nel bellunese l\u2019intensit\u00e0 dell\u2019evasione fiscale \u00e8 la pi\u00f9 bassa del Veneto, con valori molto pi\u00f9 vicini a quelli di Bolzano e ben lontani da quelli record di Venezia. \u201cAlla fine, per\u00f2, &#8211; sottolinea Capraro &#8211; in tema di economia sommersa siamo pi\u00f9 simili alle province del Centro Italia, che non a Trento e Bolzano con le quali confiniamo. A fare la differenza ci sono soprattutto alcuni elementi strutturali, come ad esempio quelli che determinano il tasso di attivit\u00e0 della popolazione, che a Trento e Bolzano si attesta intorno al 70%, mentre da noi si ferma al 63%, quasi 5 punti percentuali in meno della media veneta. Insomma, torniamo alla solita questione, tuttora irrisolta, ossia all\u2019urgenza di una maggiore attenzione che dovrebbe esserci riservata da parte della Regione Veneto, una piattaforma sociale ed economica da cui ci stiamo sempre pi\u00f9 allontanando.\u201d Intanto all\u2019UAPI si sta preparando una campagna d\u2019informazione che, nei prossimi mesi, si preoccuper\u00e0 di spiegare ai bellunesi i danni che il sommerso e gli abusivi producono non solo alle imprese regolari, ma anche ai consumatori e agli utenti.\u201cSar\u00e0 una campagna di civilt\u00e0 &#8211; conclude il Direttore dell\u2019UAPI &#8211; perch\u00e9, anche in vista del federalismo fiscale, conviene che i bellunesi puntino ad essere virtuosi pi\u00f9 che furbi: noi abbiamo fatto e faremo la nostra parte, ma serve che anche le istituzioni e gli organi di controllo scelgano la lotta al sommerso come vera priorit\u00e0, perch\u00e9 \u00e8 una delle malattie peggiori che pu\u00f2 intaccare il corpo sociale ed economico, sicuramente molto pi\u00f9 pericolosa di quelle violazioni formali e amministrative che, per comodit\u00e0 della burocrazia, vengono troppo spesso contestate solo alle aziende regolari<\/p>","protected":false},"excerpt":{"rendered":"<p>L\u2019Ufficio studi di Confartigianato ha disegnato una mappa dei territori a maggiore presenza di attivit\u00e0 abusive e di lavoro irregolare e ha quantificato in 639.000 unit\u00e0 l\u2019\u201desercito degli operatori irregolari\u201d, micidiali concorrenti sleali dei veri imprenditori. L\u2019Iva non versata dalle attivit\u00e0 abusive \u00e8 aumentata, tra il 2008 e il 2009, di oltre il 24%, mentre [&hellip;]<\/p>\n","protected":false},"author":2,"featured_media":0,"comment_status":"closed","ping_status":"open","sticky":false,"template":"","format":"standard","meta":{"footnotes":""},"categories":[36],"tags":[139],"class_list":["post-18980","post","type-post","status-publish","format-standard","category-lavoro-economia","tag-belluno"],"yoast_head":"<!-- This site is optimized with the Yoast SEO plugin v28.4 - https:\/\/yoast.com\/product\/yoast-seo-wordpress\/ -->\n<title>Lavoro nero: Belluno a met\u00e0 della classifica nazionale di Confartigianato, ma \u00e8 la peggiore nel Veneto. L&#039;Uapi far\u00e0 partire una campagna di informazione sui danni che il sommerso produce non solo alle imprese, ma anche ai consumatori - Bellunopress - Dolomiti<\/title>\n<meta name=\"robots\" content=\"index, follow, max-snippet:-1, max-image-preview:large, max-video-preview:-1\" \/>\n<link rel=\"canonical\" href=\"https:\/\/www.bellunopress.it\/fr\/2010\/09\/09\/lavoro-nero-belluno-a-meta-della-classifica-nazionale-di-confartigianato-ma-la-peggiore-nel-veneto-luapi-fara-partire-una-campagna-di-informazione-sui-danni-che-il-sommerso-produce-non-solo-alle\/\" \/>\n<meta property=\"og:locale\" content=\"fr_FR\" \/>\n<meta property=\"og:type\" content=\"article\" \/>\n<meta property=\"og:title\" content=\"Lavoro nero: Belluno a met\u00e0 della classifica nazionale di Confartigianato, ma \u00e8 la peggiore nel Veneto. L&#039;Uapi far\u00e0 partire una campagna di informazione sui danni che il sommerso produce non solo alle imprese, ma anche ai consumatori - Bellunopress - Dolomiti\" \/>\n<meta property=\"og:description\" content=\"L\u2019Ufficio studi di Confartigianato ha disegnato una mappa dei territori a maggiore presenza di attivit\u00e0 abusive e di lavoro irregolare e ha quantificato in 639.000 unit\u00e0 l\u2019\u201desercito degli operatori irregolari\u201d, micidiali concorrenti sleali dei veri imprenditori. L\u2019Iva non versata dalle attivit\u00e0 abusive \u00e8 aumentata, tra il 2008 e il 2009, di oltre il 24%, mentre [&hellip;]\" \/>\n<meta property=\"og:url\" content=\"https:\/\/www.bellunopress.it\/fr\/2010\/09\/09\/lavoro-nero-belluno-a-meta-della-classifica-nazionale-di-confartigianato-ma-la-peggiore-nel-veneto-luapi-fara-partire-una-campagna-di-informazione-sui-danni-che-il-sommerso-produce-non-solo-alle\/\" \/>\n<meta property=\"og:site_name\" content=\"Bellunopress - Dolomiti\" \/>\n<meta property=\"article:publisher\" content=\"https:\/\/www.facebook.com\/profile.php?id=100008943462799\" \/>\n<meta property=\"article:published_time\" content=\"2010-09-09T10:07:18+00:00\" \/>\n<meta property=\"article:modified_time\" content=\"2010-09-09T10:08:28+00:00\" \/>\n<meta property=\"og:image\" content=\"http:\/\/www.bellunopress.it\/wp-content\/uploads\/2009\/03\/walter-capraro-direttore-unione-artigiani-190x190.jpg\" \/>\n<meta name=\"author\" content=\"redazione\" \/>\n<meta name=\"twitter:card\" content=\"summary_large_image\" \/>\n<meta name=\"twitter:creator\" content=\"@bellunopress\" \/>\n<meta name=\"twitter:site\" content=\"@bellunopress\" \/>\n<meta name=\"twitter:label1\" content=\"Written by\" \/>\n\t<meta name=\"twitter:data1\" content=\"redazione\" \/>\n\t<meta name=\"twitter:label2\" content=\"Est. reading time\" \/>\n\t<meta name=\"twitter:data2\" content=\"3 minutes\" \/>\n<script type=\"application\/ld+json\" class=\"yoast-schema-graph\">{\"@context\":\"https:\\\/\\\/schema.org\",\"@graph\":[{\"@type\":\"Article\",\"@id\":\"https:\\\/\\\/www.bellunopress.it\\\/2010\\\/09\\\/09\\\/lavoro-nero-belluno-a-meta-della-classifica-nazionale-di-confartigianato-ma-la-peggiore-nel-veneto-luapi-fara-partire-una-campagna-di-informazione-sui-danni-che-il-sommerso-produce-non-solo-alle\\\/#article\",\"isPartOf\":{\"@id\":\"https:\\\/\\\/www.bellunopress.it\\\/2010\\\/09\\\/09\\\/lavoro-nero-belluno-a-meta-della-classifica-nazionale-di-confartigianato-ma-la-peggiore-nel-veneto-luapi-fara-partire-una-campagna-di-informazione-sui-danni-che-il-sommerso-produce-non-solo-alle\\\/\"},\"author\":{\"name\":\"redazione\",\"@id\":\"https:\\\/\\\/www.bellunopress.it\\\/#\\\/schema\\\/person\\\/79bb06722b37ece1c03d3e94beb30d73\"},\"headline\":\"Lavoro nero: Belluno a met\u00e0 della classifica nazionale di Confartigianato, ma \u00e8 la peggiore nel Veneto. L&#8217;Uapi far\u00e0 partire una campagna di informazione sui danni che il sommerso produce non solo alle imprese, ma anche ai consumatori\",\"datePublished\":\"2010-09-09T10:07:18+00:00\",\"dateModified\":\"2010-09-09T10:08:28+00:00\",\"mainEntityOfPage\":{\"@id\":\"https:\\\/\\\/www.bellunopress.it\\\/2010\\\/09\\\/09\\\/lavoro-nero-belluno-a-meta-della-classifica-nazionale-di-confartigianato-ma-la-peggiore-nel-veneto-luapi-fara-partire-una-campagna-di-informazione-sui-danni-che-il-sommerso-produce-non-solo-alle\\\/\"},\"wordCount\":593,\"publisher\":{\"@id\":\"https:\\\/\\\/www.bellunopress.it\\\/#organization\"},\"image\":{\"@id\":\"https:\\\/\\\/www.bellunopress.it\\\/2010\\\/09\\\/09\\\/lavoro-nero-belluno-a-meta-della-classifica-nazionale-di-confartigianato-ma-la-peggiore-nel-veneto-luapi-fara-partire-una-campagna-di-informazione-sui-danni-che-il-sommerso-produce-non-solo-alle\\\/#primaryimage\"},\"thumbnailUrl\":\"http:\\\/\\\/www.bellunopress.it\\\/wp-content\\\/uploads\\\/2009\\\/03\\\/walter-capraro-direttore-unione-artigiani-190x190.jpg\",\"keywords\":[\"Belluno\"],\"articleSection\":[\"Lavoro, Economia, Turismo\"],\"inLanguage\":\"fr-FR\"},{\"@type\":\"WebPage\",\"@id\":\"https:\\\/\\\/www.bellunopress.it\\\/2010\\\/09\\\/09\\\/lavoro-nero-belluno-a-meta-della-classifica-nazionale-di-confartigianato-ma-la-peggiore-nel-veneto-luapi-fara-partire-una-campagna-di-informazione-sui-danni-che-il-sommerso-produce-non-solo-alle\\\/\",\"url\":\"https:\\\/\\\/www.bellunopress.it\\\/2010\\\/09\\\/09\\\/lavoro-nero-belluno-a-meta-della-classifica-nazionale-di-confartigianato-ma-la-peggiore-nel-veneto-luapi-fara-partire-una-campagna-di-informazione-sui-danni-che-il-sommerso-produce-non-solo-alle\\\/\",\"name\":\"Lavoro nero: Belluno a met\u00e0 della classifica nazionale di Confartigianato, ma \u00e8 la peggiore nel Veneto. L'Uapi far\u00e0 partire una campagna di informazione sui danni che il sommerso produce non solo alle imprese, ma anche ai consumatori - Bellunopress - Dolomiti\",\"isPartOf\":{\"@id\":\"https:\\\/\\\/www.bellunopress.it\\\/#website\"},\"primaryImageOfPage\":{\"@id\":\"https:\\\/\\\/www.bellunopress.it\\\/2010\\\/09\\\/09\\\/lavoro-nero-belluno-a-meta-della-classifica-nazionale-di-confartigianato-ma-la-peggiore-nel-veneto-luapi-fara-partire-una-campagna-di-informazione-sui-danni-che-il-sommerso-produce-non-solo-alle\\\/#primaryimage\"},\"image\":{\"@id\":\"https:\\\/\\\/www.bellunopress.it\\\/2010\\\/09\\\/09\\\/lavoro-nero-belluno-a-meta-della-classifica-nazionale-di-confartigianato-ma-la-peggiore-nel-veneto-luapi-fara-partire-una-campagna-di-informazione-sui-danni-che-il-sommerso-produce-non-solo-alle\\\/#primaryimage\"},\"thumbnailUrl\":\"http:\\\/\\\/www.bellunopress.it\\\/wp-content\\\/uploads\\\/2009\\\/03\\\/walter-capraro-direttore-unione-artigiani-190x190.jpg\",\"datePublished\":\"2010-09-09T10:07:18+00:00\",\"dateModified\":\"2010-09-09T10:08:28+00:00\",\"breadcrumb\":{\"@id\":\"https:\\\/\\\/www.bellunopress.it\\\/2010\\\/09\\\/09\\\/lavoro-nero-belluno-a-meta-della-classifica-nazionale-di-confartigianato-ma-la-peggiore-nel-veneto-luapi-fara-partire-una-campagna-di-informazione-sui-danni-che-il-sommerso-produce-non-solo-alle\\\/#breadcrumb\"},\"inLanguage\":\"fr-FR\",\"potentialAction\":[{\"@type\":\"ReadAction\",\"target\":[\"https:\\\/\\\/www.bellunopress.it\\\/2010\\\/09\\\/09\\\/lavoro-nero-belluno-a-meta-della-classifica-nazionale-di-confartigianato-ma-la-peggiore-nel-veneto-luapi-fara-partire-una-campagna-di-informazione-sui-danni-che-il-sommerso-produce-non-solo-alle\\\/\"]}]},{\"@type\":\"ImageObject\",\"inLanguage\":\"fr-FR\",\"@id\":\"https:\\\/\\\/www.bellunopress.it\\\/2010\\\/09\\\/09\\\/lavoro-nero-belluno-a-meta-della-classifica-nazionale-di-confartigianato-ma-la-peggiore-nel-veneto-luapi-fara-partire-una-campagna-di-informazione-sui-danni-che-il-sommerso-produce-non-solo-alle\\\/#primaryimage\",\"url\":\"http:\\\/\\\/www.bellunopress.it\\\/wp-content\\\/uploads\\\/2009\\\/03\\\/walter-capraro-direttore-unione-artigiani-190x190.jpg\",\"contentUrl\":\"http:\\\/\\\/www.bellunopress.it\\\/wp-content\\\/uploads\\\/2009\\\/03\\\/walter-capraro-direttore-unione-artigiani-190x190.jpg\"},{\"@type\":\"BreadcrumbList\",\"@id\":\"https:\\\/\\\/www.bellunopress.it\\\/2010\\\/09\\\/09\\\/lavoro-nero-belluno-a-meta-della-classifica-nazionale-di-confartigianato-ma-la-peggiore-nel-veneto-luapi-fara-partire-una-campagna-di-informazione-sui-danni-che-il-sommerso-produce-non-solo-alle\\\/#breadcrumb\",\"itemListElement\":[{\"@type\":\"ListItem\",\"position\":1,\"name\":\"Home\",\"item\":\"https:\\\/\\\/www.bellunopress.it\\\/\"},{\"@type\":\"ListItem\",\"position\":2,\"name\":\"Lavoro nero: Belluno a met\u00e0 della classifica nazionale di Confartigianato, ma \u00e8 la peggiore nel Veneto. L&#8217;Uapi far\u00e0 partire una campagna di informazione sui danni che il sommerso produce non solo alle imprese, ma anche ai consumatori\"}]},{\"@type\":\"WebSite\",\"@id\":\"https:\\\/\\\/www.bellunopress.it\\\/#website\",\"url\":\"https:\\\/\\\/www.bellunopress.it\\\/\",\"name\":\"Bellunopress - Dolomiti\",\"description\":\"e-mail: redazione@bellunopress.it\",\"publisher\":{\"@id\":\"https:\\\/\\\/www.bellunopress.it\\\/#organization\"},\"potentialAction\":[{\"@type\":\"SearchAction\",\"target\":{\"@type\":\"EntryPoint\",\"urlTemplate\":\"https:\\\/\\\/www.bellunopress.it\\\/?s={search_term_string}\"},\"query-input\":{\"@type\":\"PropertyValueSpecification\",\"valueRequired\":true,\"valueName\":\"search_term_string\"}}],\"inLanguage\":\"fr-FR\"},{\"@type\":\"Organization\",\"@id\":\"https:\\\/\\\/www.bellunopress.it\\\/#organization\",\"name\":\"Bellunopress\",\"url\":\"https:\\\/\\\/www.bellunopress.it\\\/\",\"logo\":{\"@type\":\"ImageObject\",\"inLanguage\":\"fr-FR\",\"@id\":\"https:\\\/\\\/www.bellunopress.it\\\/#\\\/schema\\\/logo\\\/image\\\/\",\"url\":\"https:\\\/\\\/www.bellunopress.it\\\/wp-content\\\/uploads\\\/2011\\\/05\\\/cropped-logo-bellunopress-.jpg\",\"contentUrl\":\"https:\\\/\\\/www.bellunopress.it\\\/wp-content\\\/uploads\\\/2011\\\/05\\\/cropped-logo-bellunopress-.jpg\",\"width\":512,\"height\":512,\"caption\":\"Bellunopress\"},\"image\":{\"@id\":\"https:\\\/\\\/www.bellunopress.it\\\/#\\\/schema\\\/logo\\\/image\\\/\"},\"sameAs\":[\"https:\\\/\\\/www.facebook.com\\\/profile.php?id=100008943462799\",\"https:\\\/\\\/x.com\\\/bellunopress\",\"https:\\\/\\\/www.linkedin.com\\\/hp\\\/?dnr=JBzUWaJfMUw8vbXJJ2tVW5-I3jZKvC4wsoxE&amp;amp;amp;amp;amp;amp;trk=nav_responsive_tab_home\",\"https:\\\/\\\/www.youtube.com\\\/channel\\\/UCxL0wu1uN0_3_7hGG0306cw\"]},{\"@type\":\"Person\",\"@id\":\"https:\\\/\\\/www.bellunopress.it\\\/#\\\/schema\\\/person\\\/79bb06722b37ece1c03d3e94beb30d73\",\"name\":\"redazione\",\"image\":{\"@type\":\"ImageObject\",\"inLanguage\":\"fr-FR\",\"@id\":\"https:\\\/\\\/secure.gravatar.com\\\/avatar\\\/37d968a2e67a6fd04c169c4bdef102d0bc5d31b2546345219e348575eb80e9a0?s=96&d=mm&r=g\",\"url\":\"https:\\\/\\\/secure.gravatar.com\\\/avatar\\\/37d968a2e67a6fd04c169c4bdef102d0bc5d31b2546345219e348575eb80e9a0?s=96&d=mm&r=g\",\"contentUrl\":\"https:\\\/\\\/secure.gravatar.com\\\/avatar\\\/37d968a2e67a6fd04c169c4bdef102d0bc5d31b2546345219e348575eb80e9a0?s=96&d=mm&r=g\",\"caption\":\"redazione\"},\"sameAs\":[\"http:\\\/\\\/www.bellunopress.it\",\"https:\\\/\\\/x.com\\\/bellunopress\"],\"url\":\"https:\\\/\\\/www.bellunopress.it\\\/fr\\\/author\\\/redazione\\\/\"}]}<\/script>\n<!-- \/ Yoast SEO plugin. -->","yoast_head_json":{"title":"Lavoro nero: Belluno a met\u00e0 della classifica nazionale di Confartigianato, ma \u00e8 la peggiore nel Veneto. L'Uapi far\u00e0 partire una campagna di informazione sui danni che il sommerso produce non solo alle imprese, ma anche ai consumatori - Bellunopress - Dolomiti","robots":{"index":"index","follow":"follow","max-snippet":"max-snippet:-1","max-image-preview":"max-image-preview:large","max-video-preview":"max-video-preview:-1"},"canonical":"https:\/\/www.bellunopress.it\/fr\/2010\/09\/09\/lavoro-nero-belluno-a-meta-della-classifica-nazionale-di-confartigianato-ma-la-peggiore-nel-veneto-luapi-fara-partire-una-campagna-di-informazione-sui-danni-che-il-sommerso-produce-non-solo-alle\/","og_locale":"fr_FR","og_type":"article","og_title":"Lavoro nero: Belluno a met\u00e0 della classifica nazionale di Confartigianato, ma \u00e8 la peggiore nel Veneto. L'Uapi far\u00e0 partire una campagna di informazione sui danni che il sommerso produce non solo alle imprese, ma anche ai consumatori - Bellunopress - Dolomiti","og_description":"L\u2019Ufficio studi di Confartigianato ha disegnato una mappa dei territori a maggiore presenza di attivit\u00e0 abusive e di lavoro irregolare e ha quantificato in 639.000 unit\u00e0 l\u2019\u201desercito degli operatori irregolari\u201d, micidiali concorrenti sleali dei veri imprenditori. L\u2019Iva non versata dalle attivit\u00e0 abusive \u00e8 aumentata, tra il 2008 e il 2009, di oltre il 24%, mentre [&hellip;]","og_url":"https:\/\/www.bellunopress.it\/fr\/2010\/09\/09\/lavoro-nero-belluno-a-meta-della-classifica-nazionale-di-confartigianato-ma-la-peggiore-nel-veneto-luapi-fara-partire-una-campagna-di-informazione-sui-danni-che-il-sommerso-produce-non-solo-alle\/","og_site_name":"Bellunopress - Dolomiti","article_publisher":"https:\/\/www.facebook.com\/profile.php?id=100008943462799","article_published_time":"2010-09-09T10:07:18+00:00","article_modified_time":"2010-09-09T10:08:28+00:00","og_image":[{"url":"http:\/\/www.bellunopress.it\/wp-content\/uploads\/2009\/03\/walter-capraro-direttore-unione-artigiani-190x190.jpg","type":"","width":"","height":""}],"author":"redazione","twitter_card":"summary_large_image","twitter_creator":"@bellunopress","twitter_site":"@bellunopress","twitter_misc":{"Written by":"redazione","Est. reading time":"3 minutes"},"schema":{"@context":"https:\/\/schema.org","@graph":[{"@type":"Article","@id":"https:\/\/www.bellunopress.it\/2010\/09\/09\/lavoro-nero-belluno-a-meta-della-classifica-nazionale-di-confartigianato-ma-la-peggiore-nel-veneto-luapi-fara-partire-una-campagna-di-informazione-sui-danni-che-il-sommerso-produce-non-solo-alle\/#article","isPartOf":{"@id":"https:\/\/www.bellunopress.it\/2010\/09\/09\/lavoro-nero-belluno-a-meta-della-classifica-nazionale-di-confartigianato-ma-la-peggiore-nel-veneto-luapi-fara-partire-una-campagna-di-informazione-sui-danni-che-il-sommerso-produce-non-solo-alle\/"},"author":{"name":"redazione","@id":"https:\/\/www.bellunopress.it\/#\/schema\/person\/79bb06722b37ece1c03d3e94beb30d73"},"headline":"Lavoro nero: Belluno a met\u00e0 della classifica nazionale di Confartigianato, ma \u00e8 la peggiore nel Veneto. L&#8217;Uapi far\u00e0 partire una campagna di informazione sui danni che il sommerso produce non solo alle imprese, ma anche ai consumatori","datePublished":"2010-09-09T10:07:18+00:00","dateModified":"2010-09-09T10:08:28+00:00","mainEntityOfPage":{"@id":"https:\/\/www.bellunopress.it\/2010\/09\/09\/lavoro-nero-belluno-a-meta-della-classifica-nazionale-di-confartigianato-ma-la-peggiore-nel-veneto-luapi-fara-partire-una-campagna-di-informazione-sui-danni-che-il-sommerso-produce-non-solo-alle\/"},"wordCount":593,"publisher":{"@id":"https:\/\/www.bellunopress.it\/#organization"},"image":{"@id":"https:\/\/www.bellunopress.it\/2010\/09\/09\/lavoro-nero-belluno-a-meta-della-classifica-nazionale-di-confartigianato-ma-la-peggiore-nel-veneto-luapi-fara-partire-una-campagna-di-informazione-sui-danni-che-il-sommerso-produce-non-solo-alle\/#primaryimage"},"thumbnailUrl":"http:\/\/www.bellunopress.it\/wp-content\/uploads\/2009\/03\/walter-capraro-direttore-unione-artigiani-190x190.jpg","keywords":["Belluno"],"articleSection":["Lavoro, Economia, Turismo"],"inLanguage":"fr-FR"},{"@type":"WebPage","@id":"https:\/\/www.bellunopress.it\/2010\/09\/09\/lavoro-nero-belluno-a-meta-della-classifica-nazionale-di-confartigianato-ma-la-peggiore-nel-veneto-luapi-fara-partire-una-campagna-di-informazione-sui-danni-che-il-sommerso-produce-non-solo-alle\/","url":"https:\/\/www.bellunopress.it\/2010\/09\/09\/lavoro-nero-belluno-a-meta-della-classifica-nazionale-di-confartigianato-ma-la-peggiore-nel-veneto-luapi-fara-partire-una-campagna-di-informazione-sui-danni-che-il-sommerso-produce-non-solo-alle\/","name":"Lavoro nero: Belluno a met\u00e0 della classifica nazionale di Confartigianato, ma \u00e8 la peggiore nel Veneto. L'Uapi far\u00e0 partire una campagna di informazione sui danni che il sommerso produce non solo alle imprese, ma anche ai consumatori - Bellunopress - Dolomiti","isPartOf":{"@id":"https:\/\/www.bellunopress.it\/#website"},"primaryImageOfPage":{"@id":"https:\/\/www.bellunopress.it\/2010\/09\/09\/lavoro-nero-belluno-a-meta-della-classifica-nazionale-di-confartigianato-ma-la-peggiore-nel-veneto-luapi-fara-partire-una-campagna-di-informazione-sui-danni-che-il-sommerso-produce-non-solo-alle\/#primaryimage"},"image":{"@id":"https:\/\/www.bellunopress.it\/2010\/09\/09\/lavoro-nero-belluno-a-meta-della-classifica-nazionale-di-confartigianato-ma-la-peggiore-nel-veneto-luapi-fara-partire-una-campagna-di-informazione-sui-danni-che-il-sommerso-produce-non-solo-alle\/#primaryimage"},"thumbnailUrl":"http:\/\/www.bellunopress.it\/wp-content\/uploads\/2009\/03\/walter-capraro-direttore-unione-artigiani-190x190.jpg","datePublished":"2010-09-09T10:07:18+00:00","dateModified":"2010-09-09T10:08:28+00:00","breadcrumb":{"@id":"https:\/\/www.bellunopress.it\/2010\/09\/09\/lavoro-nero-belluno-a-meta-della-classifica-nazionale-di-confartigianato-ma-la-peggiore-nel-veneto-luapi-fara-partire-una-campagna-di-informazione-sui-danni-che-il-sommerso-produce-non-solo-alle\/#breadcrumb"},"inLanguage":"fr-FR","potentialAction":[{"@type":"ReadAction","target":["https:\/\/www.bellunopress.it\/2010\/09\/09\/lavoro-nero-belluno-a-meta-della-classifica-nazionale-di-confartigianato-ma-la-peggiore-nel-veneto-luapi-fara-partire-una-campagna-di-informazione-sui-danni-che-il-sommerso-produce-non-solo-alle\/"]}]},{"@type":"ImageObject","inLanguage":"fr-FR","@id":"https:\/\/www.bellunopress.it\/2010\/09\/09\/lavoro-nero-belluno-a-meta-della-classifica-nazionale-di-confartigianato-ma-la-peggiore-nel-veneto-luapi-fara-partire-una-campagna-di-informazione-sui-danni-che-il-sommerso-produce-non-solo-alle\/#primaryimage","url":"http:\/\/www.bellunopress.it\/wp-content\/uploads\/2009\/03\/walter-capraro-direttore-unione-artigiani-190x190.jpg","contentUrl":"http:\/\/www.bellunopress.it\/wp-content\/uploads\/2009\/03\/walter-capraro-direttore-unione-artigiani-190x190.jpg"},{"@type":"BreadcrumbList","@id":"https:\/\/www.bellunopress.it\/2010\/09\/09\/lavoro-nero-belluno-a-meta-della-classifica-nazionale-di-confartigianato-ma-la-peggiore-nel-veneto-luapi-fara-partire-una-campagna-di-informazione-sui-danni-che-il-sommerso-produce-non-solo-alle\/#breadcrumb","itemListElement":[{"@type":"ListItem","position":1,"name":"Home","item":"https:\/\/www.bellunopress.it\/"},{"@type":"ListItem","position":2,"name":"Lavoro nero: Belluno a met\u00e0 della classifica nazionale di Confartigianato, ma \u00e8 la peggiore nel Veneto. L&#8217;Uapi far\u00e0 partire una campagna di informazione sui danni che il sommerso produce non solo alle imprese, ma anche ai consumatori"}]},{"@type":"WebSite","@id":"https:\/\/www.bellunopress.it\/#website","url":"https:\/\/www.bellunopress.it\/","name":"Bellunopress - Dolomiti","description":"e-mail: redazione@bellunopress.it","publisher":{"@id":"https:\/\/www.bellunopress.it\/#organization"},"potentialAction":[{"@type":"SearchAction","target":{"@type":"EntryPoint","urlTemplate":"https:\/\/www.bellunopress.it\/?s={search_term_string}"},"query-input":{"@type":"PropertyValueSpecification","valueRequired":true,"valueName":"search_term_string"}}],"inLanguage":"fr-FR"},{"@type":"Organization","@id":"https:\/\/www.bellunopress.it\/#organization","name":"Bellunopress","url":"https:\/\/www.bellunopress.it\/","logo":{"@type":"ImageObject","inLanguage":"fr-FR","@id":"https:\/\/www.bellunopress.it\/#\/schema\/logo\/image\/","url":"https:\/\/www.bellunopress.it\/wp-content\/uploads\/2011\/05\/cropped-logo-bellunopress-.jpg","contentUrl":"https:\/\/www.bellunopress.it\/wp-content\/uploads\/2011\/05\/cropped-logo-bellunopress-.jpg","width":512,"height":512,"caption":"Bellunopress"},"image":{"@id":"https:\/\/www.bellunopress.it\/#\/schema\/logo\/image\/"},"sameAs":["https:\/\/www.facebook.com\/profile.php?id=100008943462799","https:\/\/x.com\/bellunopress","https:\/\/www.linkedin.com\/hp\/?dnr=JBzUWaJfMUw8vbXJJ2tVW5-I3jZKvC4wsoxE&amp;amp;amp;amp;amp;amp;trk=nav_responsive_tab_home","https:\/\/www.youtube.com\/channel\/UCxL0wu1uN0_3_7hGG0306cw"]},{"@type":"Person","@id":"https:\/\/www.bellunopress.it\/#\/schema\/person\/79bb06722b37ece1c03d3e94beb30d73","name":"r\u00e9daction","image":{"@type":"ImageObject","inLanguage":"fr-FR","@id":"https:\/\/secure.gravatar.com\/avatar\/37d968a2e67a6fd04c169c4bdef102d0bc5d31b2546345219e348575eb80e9a0?s=96&d=mm&r=g","url":"https:\/\/secure.gravatar.com\/avatar\/37d968a2e67a6fd04c169c4bdef102d0bc5d31b2546345219e348575eb80e9a0?s=96&d=mm&r=g","contentUrl":"https:\/\/secure.gravatar.com\/avatar\/37d968a2e67a6fd04c169c4bdef102d0bc5d31b2546345219e348575eb80e9a0?s=96&d=mm&r=g","caption":"redazione"},"sameAs":["http:\/\/www.bellunopress.it","https:\/\/x.com\/bellunopress"],"url":"https:\/\/www.bellunopress.it\/fr\/author\/redazione\/"}]}},"_links":{"self":[{"href":"https:\/\/www.bellunopress.it\/fr\/wp-json\/wp\/v2\/posts\/18980","targetHints":{"allow":["GET"]}}],"collection":[{"href":"https:\/\/www.bellunopress.it\/fr\/wp-json\/wp\/v2\/posts"}],"about":[{"href":"https:\/\/www.bellunopress.it\/fr\/wp-json\/wp\/v2\/types\/post"}],"author":[{"embeddable":true,"href":"https:\/\/www.bellunopress.it\/fr\/wp-json\/wp\/v2\/users\/2"}],"replies":[{"embeddable":true,"href":"https:\/\/www.bellunopress.it\/fr\/wp-json\/wp\/v2\/comments?post=18980"}],"version-history":[{"count":2,"href":"https:\/\/www.bellunopress.it\/fr\/wp-json\/wp\/v2\/posts\/18980\/revisions"}],"predecessor-version":[{"id":18982,"href":"https:\/\/www.bellunopress.it\/fr\/wp-json\/wp\/v2\/posts\/18980\/revisions\/18982"}],"wp:attachment":[{"href":"https:\/\/www.bellunopress.it\/fr\/wp-json\/wp\/v2\/media?parent=18980"}],"wp:term":[{"taxonomy":"category","embeddable":true,"href":"https:\/\/www.bellunopress.it\/fr\/wp-json\/wp\/v2\/categories?post=18980"},{"taxonomy":"post_tag","embeddable":true,"href":"https:\/\/www.bellunopress.it\/fr\/wp-json\/wp\/v2\/tags?post=18980"}],"curies":[{"name":"wp","href":"https:\/\/api.w.org\/{rel}","templated":true}]}}