{"id":18826,"date":"2010-09-04T20:14:18","date_gmt":"2010-09-04T19:14:18","guid":{"rendered":"http:\/\/www.bellunopress.it\/?p=18826"},"modified":"2010-09-04T20:14:18","modified_gmt":"2010-09-04T19:14:18","slug":"ripartono-i-buoni-vacanze","status":"publish","type":"post","link":"https:\/\/www.bellunopress.it\/fr\/2010\/09\/04\/ripartono-i-buoni-vacanze\/","title":{"rendered":"Ripartono i Buoni Vacanze"},"content":{"rendered":"<p>E\u2019 stato pubblicato sulla Gazzetta Ufficiale il DPCM 9 luglio 2010, che riattiva la procedura di richiesta dei Buoni Vacanze, utilizzabili per vacanze a partire dal 23 agosto con validit\u00e0 fino a giugno 2011, e si introducono alcune importanti novit\u00e0 nel sistema stesso.<br \/>\nViene estesa ai cittadini dell\u2019Unione Europea residenti in Italia e agli extracomunitari con regolare permesso di soggiorno e di residenza, la possibilit\u00e0 di prenotare i Buoni.<br \/>\nSi introduce un nuovo criterio di valutazione della situazione economica e familiare che accerta la possibilit\u00e0 di fare richiesta dei Buoni: non pi\u00f9 il reddito lordo ma il parametro reddituale ISEE della famiglia, favorendo in tal modo maggiormente le famiglie numerose.<br \/>\nI valori economici per l\u2019importo massimo di richiesta dei Buoni subiscono delle modifiche con un leggero incremento e, in percentuale, anche il contributo concesso dallo Stato, secondo la tabella allegata.<br \/>\nI Buoni Vacanze saranno utilizzabili per vacanze dal 23 di agosto fino al 3 luglio 2011 , con l\u2019eccezione del periodo 20 dicembre &#8211; 6 gennaio.<br \/>\nE\u2019 possibile accedere al contributo facendo la prenotazione sul sito <a href=\"http:\/\/www.buonivacanze.it\">www.buonivacanze.it<\/a> su cui sono indicate anche tutte le istruzioni ed informazioni pratiche.<br \/>\nLa prima fase di avvio dello strumento, affidata per convenzione triennale all\u2019associazione Buoni Vacanze Italia, \u00e8 diventato operativa dal 20 gennaio scorso, registrando un consenso diffuso tra i cittadini e le imprese turistiche fornitrici di servizi. Ad oggi infatti quasi 7000 famiglie hanno utilizzato i Buoni per andare in vacanza e circa 4500 strutture ed operatori del settore hanno aderito al sistema, traendo benefici economici in un periodo dell\u2019anno escluso dai grandi flussi turistici.<br \/>\nSi rimanda al sito <a href=\"http:\/\/www.buonivacanze.it\">www.buonivacanze.it<\/a> ed alla mail <a href=\"mailto:info@buonivacanze.it\">info@buonivacanze.it<\/a> per ogni ulteriore informazione.\u00a0 Oppure potete contattare la Pro loco del Vostro paese o direttamente il Consorzio Pro Loco Centro Cadore per aver maggiori informazioni<\/p>","protected":false},"excerpt":{"rendered":"<p>E\u2019 stato pubblicato sulla Gazzetta Ufficiale il DPCM 9 luglio 2010, che riattiva la procedura di richiesta dei Buoni Vacanze, utilizzabili per vacanze a partire dal 23 agosto con validit\u00e0 fino a giugno 2011, e si introducono alcune importanti novit\u00e0 nel sistema stesso. Viene estesa ai cittadini dell\u2019Unione Europea residenti in Italia e agli extracomunitari [&hellip;]<\/p>\n","protected":false},"author":2,"featured_media":0,"comment_status":"closed","ping_status":"open","sticky":false,"template":"","format":"standard","meta":{"footnotes":""},"categories":[25,8],"tags":[151],"class_list":["post-18826","post","type-post","status-publish","format-standard","category-pausa-caffe","category-societa-istituzioni","tag-cadore"],"yoast_head":"<!-- This site is optimized with the Yoast SEO plugin v28.4 - https:\/\/yoast.com\/product\/yoast-seo-wordpress\/ -->\n<title>Ripartono i Buoni Vacanze  - Bellunopress - Dolomiti<\/title>\n<meta name=\"robots\" content=\"index, follow, max-snippet:-1, max-image-preview:large, max-video-preview:-1\" \/>\n<link rel=\"canonical\" href=\"https:\/\/www.bellunopress.it\/fr\/2010\/09\/04\/ripartono-i-buoni-vacanze\/\" \/>\n<meta property=\"og:locale\" content=\"fr_FR\" \/>\n<meta property=\"og:type\" content=\"article\" \/>\n<meta property=\"og:title\" content=\"Ripartono i Buoni Vacanze  - Bellunopress - Dolomiti\" \/>\n<meta property=\"og:description\" content=\"E\u2019 stato pubblicato sulla Gazzetta Ufficiale il DPCM 9 luglio 2010, che riattiva la procedura di richiesta dei Buoni Vacanze, utilizzabili per vacanze a partire dal 23 agosto con validit\u00e0 fino a giugno 2011, e si introducono alcune importanti novit\u00e0 nel sistema stesso. Viene estesa ai cittadini dell\u2019Unione Europea residenti in Italia e agli extracomunitari [&hellip;]\" \/>\n<meta property=\"og:url\" content=\"https:\/\/www.bellunopress.it\/fr\/2010\/09\/04\/ripartono-i-buoni-vacanze\/\" \/>\n<meta property=\"og:site_name\" content=\"Bellunopress - Dolomiti\" \/>\n<meta property=\"article:publisher\" content=\"https:\/\/www.facebook.com\/profile.php?id=100008943462799\" \/>\n<meta property=\"article:published_time\" content=\"2010-09-04T19:14:18+00:00\" \/>\n<meta property=\"og:image\" content=\"http:\/\/www.bellunopress.it\/wp-content\/uploads\/2012\/07\/logo-bellunopress-250x250-2012.jpg\" \/>\n<meta name=\"author\" content=\"redazione\" \/>\n<meta name=\"twitter:card\" content=\"summary_large_image\" \/>\n<meta name=\"twitter:creator\" content=\"@bellunopress\" \/>\n<meta name=\"twitter:site\" content=\"@bellunopress\" \/>\n<meta name=\"twitter:label1\" content=\"\u00c9crit par\" \/>\n\t<meta name=\"twitter:data1\" content=\"redazione\" \/>\n\t<meta name=\"twitter:label2\" content=\"Dur\u00e9e de lecture estim\u00e9e\" \/>\n\t<meta name=\"twitter:data2\" content=\"1 minute\" \/>\n<script type=\"application\/ld+json\" class=\"yoast-schema-graph\">{\"@context\":\"https:\\\/\\\/schema.org\",\"@graph\":[{\"@type\":\"Article\",\"@id\":\"https:\\\/\\\/www.bellunopress.it\\\/2010\\\/09\\\/04\\\/ripartono-i-buoni-vacanze\\\/#article\",\"isPartOf\":{\"@id\":\"https:\\\/\\\/www.bellunopress.it\\\/2010\\\/09\\\/04\\\/ripartono-i-buoni-vacanze\\\/\"},\"author\":{\"name\":\"redazione\",\"@id\":\"https:\\\/\\\/www.bellunopress.it\\\/#\\\/schema\\\/person\\\/79bb06722b37ece1c03d3e94beb30d73\"},\"headline\":\"Ripartono i Buoni Vacanze\",\"datePublished\":\"2010-09-04T19:14:18+00:00\",\"mainEntityOfPage\":{\"@id\":\"https:\\\/\\\/www.bellunopress.it\\\/2010\\\/09\\\/04\\\/ripartono-i-buoni-vacanze\\\/\"},\"wordCount\":297,\"publisher\":{\"@id\":\"https:\\\/\\\/www.bellunopress.it\\\/#organization\"},\"keywords\":[\"Cadore\"],\"articleSection\":[\"Pausa Caff\u00e8\",\"Societ\u00e0, Associazioni, Istituzioni\"],\"inLanguage\":\"fr-FR\"},{\"@type\":\"WebPage\",\"@id\":\"https:\\\/\\\/www.bellunopress.it\\\/2010\\\/09\\\/04\\\/ripartono-i-buoni-vacanze\\\/\",\"url\":\"https:\\\/\\\/www.bellunopress.it\\\/2010\\\/09\\\/04\\\/ripartono-i-buoni-vacanze\\\/\",\"name\":\"Ripartono i Buoni Vacanze - Bellunopress - Dolomiti\",\"isPartOf\":{\"@id\":\"https:\\\/\\\/www.bellunopress.it\\\/#website\"},\"datePublished\":\"2010-09-04T19:14:18+00:00\",\"breadcrumb\":{\"@id\":\"https:\\\/\\\/www.bellunopress.it\\\/2010\\\/09\\\/04\\\/ripartono-i-buoni-vacanze\\\/#breadcrumb\"},\"inLanguage\":\"fr-FR\",\"potentialAction\":[{\"@type\":\"ReadAction\",\"target\":[\"https:\\\/\\\/www.bellunopress.it\\\/2010\\\/09\\\/04\\\/ripartono-i-buoni-vacanze\\\/\"]}]},{\"@type\":\"BreadcrumbList\",\"@id\":\"https:\\\/\\\/www.bellunopress.it\\\/2010\\\/09\\\/04\\\/ripartono-i-buoni-vacanze\\\/#breadcrumb\",\"itemListElement\":[{\"@type\":\"ListItem\",\"position\":1,\"name\":\"Home\",\"item\":\"https:\\\/\\\/www.bellunopress.it\\\/\"},{\"@type\":\"ListItem\",\"position\":2,\"name\":\"Ripartono i Buoni Vacanze\"}]},{\"@type\":\"WebSite\",\"@id\":\"https:\\\/\\\/www.bellunopress.it\\\/#website\",\"url\":\"https:\\\/\\\/www.bellunopress.it\\\/\",\"name\":\"Bellunopress - Dolomiti\",\"description\":\"e-mail: redazione@bellunopress.it\",\"publisher\":{\"@id\":\"https:\\\/\\\/www.bellunopress.it\\\/#organization\"},\"potentialAction\":[{\"@type\":\"SearchAction\",\"target\":{\"@type\":\"EntryPoint\",\"urlTemplate\":\"https:\\\/\\\/www.bellunopress.it\\\/?s={search_term_string}\"},\"query-input\":{\"@type\":\"PropertyValueSpecification\",\"valueRequired\":true,\"valueName\":\"search_term_string\"}}],\"inLanguage\":\"fr-FR\"},{\"@type\":\"Organization\",\"@id\":\"https:\\\/\\\/www.bellunopress.it\\\/#organization\",\"name\":\"Bellunopress\",\"url\":\"https:\\\/\\\/www.bellunopress.it\\\/\",\"logo\":{\"@type\":\"ImageObject\",\"inLanguage\":\"fr-FR\",\"@id\":\"https:\\\/\\\/www.bellunopress.it\\\/#\\\/schema\\\/logo\\\/image\\\/\",\"url\":\"https:\\\/\\\/www.bellunopress.it\\\/wp-content\\\/uploads\\\/2011\\\/05\\\/cropped-logo-bellunopress-.jpg\",\"contentUrl\":\"https:\\\/\\\/www.bellunopress.it\\\/wp-content\\\/uploads\\\/2011\\\/05\\\/cropped-logo-bellunopress-.jpg\",\"width\":512,\"height\":512,\"caption\":\"Bellunopress\"},\"image\":{\"@id\":\"https:\\\/\\\/www.bellunopress.it\\\/#\\\/schema\\\/logo\\\/image\\\/\"},\"sameAs\":[\"https:\\\/\\\/www.facebook.com\\\/profile.php?id=100008943462799\",\"https:\\\/\\\/x.com\\\/bellunopress\",\"https:\\\/\\\/www.linkedin.com\\\/hp\\\/?dnr=JBzUWaJfMUw8vbXJJ2tVW5-I3jZKvC4wsoxE&amp;amp;amp;amp;amp;amp;trk=nav_responsive_tab_home\",\"https:\\\/\\\/www.youtube.com\\\/channel\\\/UCxL0wu1uN0_3_7hGG0306cw\"]},{\"@type\":\"Person\",\"@id\":\"https:\\\/\\\/www.bellunopress.it\\\/#\\\/schema\\\/person\\\/79bb06722b37ece1c03d3e94beb30d73\",\"name\":\"redazione\",\"image\":{\"@type\":\"ImageObject\",\"inLanguage\":\"fr-FR\",\"@id\":\"https:\\\/\\\/secure.gravatar.com\\\/avatar\\\/37d968a2e67a6fd04c169c4bdef102d0bc5d31b2546345219e348575eb80e9a0?s=96&d=mm&r=g\",\"url\":\"https:\\\/\\\/secure.gravatar.com\\\/avatar\\\/37d968a2e67a6fd04c169c4bdef102d0bc5d31b2546345219e348575eb80e9a0?s=96&d=mm&r=g\",\"contentUrl\":\"https:\\\/\\\/secure.gravatar.com\\\/avatar\\\/37d968a2e67a6fd04c169c4bdef102d0bc5d31b2546345219e348575eb80e9a0?s=96&d=mm&r=g\",\"caption\":\"redazione\"},\"sameAs\":[\"http:\\\/\\\/www.bellunopress.it\",\"https:\\\/\\\/x.com\\\/bellunopress\"],\"url\":\"https:\\\/\\\/www.bellunopress.it\\\/fr\\\/author\\\/redazione\\\/\"}]}<\/script>\n<!-- \/ Yoast SEO plugin. -->","yoast_head_json":{"title":"Ripartono i Buoni Vacanze  - Bellunopress - Dolomiti","robots":{"index":"index","follow":"follow","max-snippet":"max-snippet:-1","max-image-preview":"max-image-preview:large","max-video-preview":"max-video-preview:-1"},"canonical":"https:\/\/www.bellunopress.it\/fr\/2010\/09\/04\/ripartono-i-buoni-vacanze\/","og_locale":"fr_FR","og_type":"article","og_title":"Ripartono i Buoni Vacanze  - Bellunopress - Dolomiti","og_description":"E\u2019 stato pubblicato sulla Gazzetta Ufficiale il DPCM 9 luglio 2010, che riattiva la procedura di richiesta dei Buoni Vacanze, utilizzabili per vacanze a partire dal 23 agosto con validit\u00e0 fino a giugno 2011, e si introducono alcune importanti novit\u00e0 nel sistema stesso. Viene estesa ai cittadini dell\u2019Unione Europea residenti in Italia e agli extracomunitari [&hellip;]","og_url":"https:\/\/www.bellunopress.it\/fr\/2010\/09\/04\/ripartono-i-buoni-vacanze\/","og_site_name":"Bellunopress - Dolomiti","article_publisher":"https:\/\/www.facebook.com\/profile.php?id=100008943462799","article_published_time":"2010-09-04T19:14:18+00:00","og_image":[{"url":"http:\/\/www.bellunopress.it\/wp-content\/uploads\/2012\/07\/logo-bellunopress-250x250-2012.jpg","type":"","width":"","height":""}],"author":"redazione","twitter_card":"summary_large_image","twitter_creator":"@bellunopress","twitter_site":"@bellunopress","twitter_misc":{"\u00c9crit par":"redazione","Dur\u00e9e de lecture estim\u00e9e":"1 minute"},"schema":{"@context":"https:\/\/schema.org","@graph":[{"@type":"Article","@id":"https:\/\/www.bellunopress.it\/2010\/09\/04\/ripartono-i-buoni-vacanze\/#article","isPartOf":{"@id":"https:\/\/www.bellunopress.it\/2010\/09\/04\/ripartono-i-buoni-vacanze\/"},"author":{"name":"redazione","@id":"https:\/\/www.bellunopress.it\/#\/schema\/person\/79bb06722b37ece1c03d3e94beb30d73"},"headline":"Ripartono i Buoni Vacanze","datePublished":"2010-09-04T19:14:18+00:00","mainEntityOfPage":{"@id":"https:\/\/www.bellunopress.it\/2010\/09\/04\/ripartono-i-buoni-vacanze\/"},"wordCount":297,"publisher":{"@id":"https:\/\/www.bellunopress.it\/#organization"},"keywords":["Cadore"],"articleSection":["Pausa Caff\u00e8","Societ\u00e0, Associazioni, Istituzioni"],"inLanguage":"fr-FR"},{"@type":"WebPage","@id":"https:\/\/www.bellunopress.it\/2010\/09\/04\/ripartono-i-buoni-vacanze\/","url":"https:\/\/www.bellunopress.it\/2010\/09\/04\/ripartono-i-buoni-vacanze\/","name":"Ripartono i Buoni Vacanze - Bellunopress - Dolomiti","isPartOf":{"@id":"https:\/\/www.bellunopress.it\/#website"},"datePublished":"2010-09-04T19:14:18+00:00","breadcrumb":{"@id":"https:\/\/www.bellunopress.it\/2010\/09\/04\/ripartono-i-buoni-vacanze\/#breadcrumb"},"inLanguage":"fr-FR","potentialAction":[{"@type":"ReadAction","target":["https:\/\/www.bellunopress.it\/2010\/09\/04\/ripartono-i-buoni-vacanze\/"]}]},{"@type":"BreadcrumbList","@id":"https:\/\/www.bellunopress.it\/2010\/09\/04\/ripartono-i-buoni-vacanze\/#breadcrumb","itemListElement":[{"@type":"ListItem","position":1,"name":"Home","item":"https:\/\/www.bellunopress.it\/"},{"@type":"ListItem","position":2,"name":"Ripartono i Buoni Vacanze"}]},{"@type":"WebSite","@id":"https:\/\/www.bellunopress.it\/#website","url":"https:\/\/www.bellunopress.it\/","name":"Bellunopress - Dolomiti","description":"e-mail: redazione@bellunopress.it","publisher":{"@id":"https:\/\/www.bellunopress.it\/#organization"},"potentialAction":[{"@type":"SearchAction","target":{"@type":"EntryPoint","urlTemplate":"https:\/\/www.bellunopress.it\/?s={search_term_string}"},"query-input":{"@type":"PropertyValueSpecification","valueRequired":true,"valueName":"search_term_string"}}],"inLanguage":"fr-FR"},{"@type":"Organization","@id":"https:\/\/www.bellunopress.it\/#organization","name":"Bellunopress","url":"https:\/\/www.bellunopress.it\/","logo":{"@type":"ImageObject","inLanguage":"fr-FR","@id":"https:\/\/www.bellunopress.it\/#\/schema\/logo\/image\/","url":"https:\/\/www.bellunopress.it\/wp-content\/uploads\/2011\/05\/cropped-logo-bellunopress-.jpg","contentUrl":"https:\/\/www.bellunopress.it\/wp-content\/uploads\/2011\/05\/cropped-logo-bellunopress-.jpg","width":512,"height":512,"caption":"Bellunopress"},"image":{"@id":"https:\/\/www.bellunopress.it\/#\/schema\/logo\/image\/"},"sameAs":["https:\/\/www.facebook.com\/profile.php?id=100008943462799","https:\/\/x.com\/bellunopress","https:\/\/www.linkedin.com\/hp\/?dnr=JBzUWaJfMUw8vbXJJ2tVW5-I3jZKvC4wsoxE&amp;amp;amp;amp;amp;amp;trk=nav_responsive_tab_home","https:\/\/www.youtube.com\/channel\/UCxL0wu1uN0_3_7hGG0306cw"]},{"@type":"Person","@id":"https:\/\/www.bellunopress.it\/#\/schema\/person\/79bb06722b37ece1c03d3e94beb30d73","name":"r\u00e9daction","image":{"@type":"ImageObject","inLanguage":"fr-FR","@id":"https:\/\/secure.gravatar.com\/avatar\/37d968a2e67a6fd04c169c4bdef102d0bc5d31b2546345219e348575eb80e9a0?s=96&d=mm&r=g","url":"https:\/\/secure.gravatar.com\/avatar\/37d968a2e67a6fd04c169c4bdef102d0bc5d31b2546345219e348575eb80e9a0?s=96&d=mm&r=g","contentUrl":"https:\/\/secure.gravatar.com\/avatar\/37d968a2e67a6fd04c169c4bdef102d0bc5d31b2546345219e348575eb80e9a0?s=96&d=mm&r=g","caption":"redazione"},"sameAs":["http:\/\/www.bellunopress.it","https:\/\/x.com\/bellunopress"],"url":"https:\/\/www.bellunopress.it\/fr\/author\/redazione\/"}]}},"_links":{"self":[{"href":"https:\/\/www.bellunopress.it\/fr\/wp-json\/wp\/v2\/posts\/18826","targetHints":{"allow":["GET"]}}],"collection":[{"href":"https:\/\/www.bellunopress.it\/fr\/wp-json\/wp\/v2\/posts"}],"about":[{"href":"https:\/\/www.bellunopress.it\/fr\/wp-json\/wp\/v2\/types\/post"}],"author":[{"embeddable":true,"href":"https:\/\/www.bellunopress.it\/fr\/wp-json\/wp\/v2\/users\/2"}],"replies":[{"embeddable":true,"href":"https:\/\/www.bellunopress.it\/fr\/wp-json\/wp\/v2\/comments?post=18826"}],"version-history":[{"count":1,"href":"https:\/\/www.bellunopress.it\/fr\/wp-json\/wp\/v2\/posts\/18826\/revisions"}],"predecessor-version":[{"id":18827,"href":"https:\/\/www.bellunopress.it\/fr\/wp-json\/wp\/v2\/posts\/18826\/revisions\/18827"}],"wp:attachment":[{"href":"https:\/\/www.bellunopress.it\/fr\/wp-json\/wp\/v2\/media?parent=18826"}],"wp:term":[{"taxonomy":"category","embeddable":true,"href":"https:\/\/www.bellunopress.it\/fr\/wp-json\/wp\/v2\/categories?post=18826"},{"taxonomy":"post_tag","embeddable":true,"href":"https:\/\/www.bellunopress.it\/fr\/wp-json\/wp\/v2\/tags?post=18826"}],"curies":[{"name":"wp","href":"https:\/\/api.w.org\/{rel}","templated":true}]}}