{"id":18824,"date":"2010-09-04T19:22:03","date_gmt":"2010-09-04T18:22:03","guid":{"rendered":"http:\/\/www.bellunopress.it\/?p=18824"},"modified":"2010-09-04T19:22:03","modified_gmt":"2010-09-04T18:22:03","slug":"convalidato-larresto-di-tre-polacchi-autori-del-furto-nel-negozio-k2-di-cortina","status":"publish","type":"post","link":"https:\/\/www.bellunopress.it\/fr\/2010\/09\/04\/convalidato-larresto-di-tre-polacchi-autori-del-furto-nel-negozio-k2-di-cortina\/","title":{"rendered":"Convalidato l&#8217;arresto di tre polacchi autori del furto nel negozio K2 di Cortina"},"content":{"rendered":"<figure id=\"attachment_427\" aria-describedby=\"caption-attachment-427\" style=\"width: 270px\" class=\"wp-caption alignleft\"><a href=\"http:\/\/www.bellunopress.it\/wp-content\/uploads\/2009\/02\/carcere-5.jpg\"><img loading=\"lazy\" decoding=\"async\" class=\"size-medium wp-image-427\" title=\"carcere-5\" src=\"http:\/\/www.bellunopress.it\/wp-content\/uploads\/2009\/02\/carcere-5.jpg\" alt=\"Carcere di Baldenich\" width=\"270\" height=\"180\" \/><\/a><figcaption id=\"caption-attachment-427\" class=\"wp-caption-text\">Carcere di Baldenich<\/figcaption><\/figure>\n<p>Alle ore 12.40 di gioved\u00ec 02 settembre una dipendente del negozio di articoli sportivi \u201cK2\u201d del centro ampezzano segnalava al Commissariato P.S. di avere subito poc\u2019anzi un furto ad opera di due individui di sesso maschile.\u00a0Entrati nel negozio a pochi minuti di distanza l\u2019uno dall\u2019altro, si erano poi allontanati senza effettuare acquisti e con delle borse nere a tracolla. Insospettita dalla condotta dei due, la commessa effettuava un rapido controllo del negozio ed accertava la mancanza di diversi capi di abbigliamento.<br \/>\nIl personale del Commissariato di P.S., prontamente intervenuto, individuava, grazie alle descrizioni fornite dalla commessa, un\u2019autovettura con targa polacca, con a bordo tre ragazzi polacchi. K. l. w., di anni 23, I. p., di anni 25, L. s., di anni 24, i quali, sottoposti a perquisizione, venivano trovati in possesso dei capi di abbigliamento sottratti al negozio, che venivano recuperati. La perquisizione permetteva, inoltre, di rinvenire numeroso altro materiale di provenienza furtiva e alcune borse, alle quali era stata artigianalmente applicata una fodera interna in materiale metallico, grazie alle quali i tre riuscivano a trafugare la merce dai negozi, eludendo i controlli antitaccheggio. La Polizia di Stato dalle indagini compiute riusciva a risalire ad altri sei negozi di abbigliamento e articoli sportivi di Cortina d\u2019Ampezzo, presi di mira nella stessa giornata dai ladri. I rispettivi titolari, riconoscendo i capi di abbigliamento loro sottratti, potevano cos\u00ec rientrare in possesso della merce di loro propriet\u00e0, il cui valore complessivo era di oltre 10.000,00 Euro. I tre cittadini polacchi sono stati tratti in arresto e associati presso la Casa Circondariale di Belluno a disposizione dell\u2019Autorit\u00e0 Giudiziaria che nel pomeriggio odierno ha convalidato la misura.<\/p>","protected":false},"excerpt":{"rendered":"<p>Alle ore 12.40 di gioved\u00ec 02 settembre una dipendente del negozio di articoli sportivi \u201cK2\u201d del centro ampezzano segnalava al Commissariato P.S. di avere subito poc\u2019anzi un furto ad opera di due individui di sesso maschile.\u00a0Entrati nel negozio a pochi minuti di distanza l\u2019uno dall\u2019altro, si erano poi allontanati senza effettuare acquisti e con delle [&hellip;]<\/p>\n","protected":false},"author":2,"featured_media":0,"comment_status":"closed","ping_status":"open","sticky":false,"template":"","format":"standard","meta":{"footnotes":""},"categories":[5,26],"tags":[139],"class_list":["post-18824","post","type-post","status-publish","format-standard","category-cronaca","category-prima-pagina","tag-belluno"],"yoast_head":"<!-- This site is optimized with the Yoast SEO plugin v28.4 - https:\/\/yoast.com\/product\/yoast-seo-wordpress\/ -->\n<title>Convalidato l&#039;arresto di tre polacchi autori del furto nel negozio K2 di Cortina   - Bellunopress - Dolomiti<\/title>\n<meta name=\"robots\" content=\"index, follow, max-snippet:-1, max-image-preview:large, max-video-preview:-1\" \/>\n<link rel=\"canonical\" href=\"https:\/\/www.bellunopress.it\/fr\/2010\/09\/04\/convalidato-larresto-di-tre-polacchi-autori-del-furto-nel-negozio-k2-di-cortina\/\" \/>\n<meta property=\"og:locale\" content=\"fr_FR\" \/>\n<meta property=\"og:type\" content=\"article\" \/>\n<meta property=\"og:title\" content=\"Convalidato l&#039;arresto di tre polacchi autori del furto nel negozio K2 di Cortina   - Bellunopress - Dolomiti\" \/>\n<meta property=\"og:description\" content=\"Alle ore 12.40 di gioved\u00ec 02 settembre una dipendente del negozio di articoli sportivi \u201cK2\u201d del centro ampezzano segnalava al Commissariato P.S. di avere subito poc\u2019anzi un furto ad opera di due individui di sesso maschile.\u00a0Entrati nel negozio a pochi minuti di distanza l\u2019uno dall\u2019altro, si erano poi allontanati senza effettuare acquisti e con delle [&hellip;]\" \/>\n<meta property=\"og:url\" content=\"https:\/\/www.bellunopress.it\/fr\/2010\/09\/04\/convalidato-larresto-di-tre-polacchi-autori-del-furto-nel-negozio-k2-di-cortina\/\" \/>\n<meta property=\"og:site_name\" content=\"Bellunopress - Dolomiti\" \/>\n<meta property=\"article:publisher\" content=\"https:\/\/www.facebook.com\/profile.php?id=100008943462799\" \/>\n<meta property=\"article:published_time\" content=\"2010-09-04T18:22:03+00:00\" \/>\n<meta property=\"og:image\" content=\"http:\/\/www.bellunopress.it\/wp-content\/uploads\/2009\/02\/carcere-5.jpg\" \/>\n<meta name=\"author\" content=\"redazione\" \/>\n<meta name=\"twitter:card\" content=\"summary_large_image\" \/>\n<meta name=\"twitter:creator\" content=\"@bellunopress\" \/>\n<meta name=\"twitter:site\" content=\"@bellunopress\" \/>\n<meta name=\"twitter:label1\" content=\"\u00c9crit par\" \/>\n\t<meta name=\"twitter:data1\" content=\"redazione\" \/>\n\t<meta name=\"twitter:label2\" content=\"Dur\u00e9e de lecture estim\u00e9e\" \/>\n\t<meta name=\"twitter:data2\" content=\"1 minute\" \/>\n<script type=\"application\/ld+json\" class=\"yoast-schema-graph\">{\"@context\":\"https:\\\/\\\/schema.org\",\"@graph\":[{\"@type\":\"Article\",\"@id\":\"https:\\\/\\\/www.bellunopress.it\\\/2010\\\/09\\\/04\\\/convalidato-larresto-di-tre-polacchi-autori-del-furto-nel-negozio-k2-di-cortina\\\/#article\",\"isPartOf\":{\"@id\":\"https:\\\/\\\/www.bellunopress.it\\\/2010\\\/09\\\/04\\\/convalidato-larresto-di-tre-polacchi-autori-del-furto-nel-negozio-k2-di-cortina\\\/\"},\"author\":{\"name\":\"redazione\",\"@id\":\"https:\\\/\\\/www.bellunopress.it\\\/#\\\/schema\\\/person\\\/79bb06722b37ece1c03d3e94beb30d73\"},\"headline\":\"Convalidato l&#8217;arresto di tre polacchi autori del furto nel negozio K2 di Cortina\",\"datePublished\":\"2010-09-04T18:22:03+00:00\",\"mainEntityOfPage\":{\"@id\":\"https:\\\/\\\/www.bellunopress.it\\\/2010\\\/09\\\/04\\\/convalidato-larresto-di-tre-polacchi-autori-del-furto-nel-negozio-k2-di-cortina\\\/\"},\"wordCount\":300,\"publisher\":{\"@id\":\"https:\\\/\\\/www.bellunopress.it\\\/#organization\"},\"image\":{\"@id\":\"https:\\\/\\\/www.bellunopress.it\\\/2010\\\/09\\\/04\\\/convalidato-larresto-di-tre-polacchi-autori-del-furto-nel-negozio-k2-di-cortina\\\/#primaryimage\"},\"thumbnailUrl\":\"http:\\\/\\\/www.bellunopress.it\\\/wp-content\\\/uploads\\\/2009\\\/02\\\/carcere-5.jpg\",\"keywords\":[\"Belluno\"],\"articleSection\":[\"Cronaca\\\/Politica\",\"Prima Pagina\"],\"inLanguage\":\"fr-FR\"},{\"@type\":\"WebPage\",\"@id\":\"https:\\\/\\\/www.bellunopress.it\\\/2010\\\/09\\\/04\\\/convalidato-larresto-di-tre-polacchi-autori-del-furto-nel-negozio-k2-di-cortina\\\/\",\"url\":\"https:\\\/\\\/www.bellunopress.it\\\/2010\\\/09\\\/04\\\/convalidato-larresto-di-tre-polacchi-autori-del-furto-nel-negozio-k2-di-cortina\\\/\",\"name\":\"Convalidato l'arresto di tre polacchi autori del furto nel negozio K2 di Cortina - Bellunopress - Dolomiti\",\"isPartOf\":{\"@id\":\"https:\\\/\\\/www.bellunopress.it\\\/#website\"},\"primaryImageOfPage\":{\"@id\":\"https:\\\/\\\/www.bellunopress.it\\\/2010\\\/09\\\/04\\\/convalidato-larresto-di-tre-polacchi-autori-del-furto-nel-negozio-k2-di-cortina\\\/#primaryimage\"},\"image\":{\"@id\":\"https:\\\/\\\/www.bellunopress.it\\\/2010\\\/09\\\/04\\\/convalidato-larresto-di-tre-polacchi-autori-del-furto-nel-negozio-k2-di-cortina\\\/#primaryimage\"},\"thumbnailUrl\":\"http:\\\/\\\/www.bellunopress.it\\\/wp-content\\\/uploads\\\/2009\\\/02\\\/carcere-5.jpg\",\"datePublished\":\"2010-09-04T18:22:03+00:00\",\"breadcrumb\":{\"@id\":\"https:\\\/\\\/www.bellunopress.it\\\/2010\\\/09\\\/04\\\/convalidato-larresto-di-tre-polacchi-autori-del-furto-nel-negozio-k2-di-cortina\\\/#breadcrumb\"},\"inLanguage\":\"fr-FR\",\"potentialAction\":[{\"@type\":\"ReadAction\",\"target\":[\"https:\\\/\\\/www.bellunopress.it\\\/2010\\\/09\\\/04\\\/convalidato-larresto-di-tre-polacchi-autori-del-furto-nel-negozio-k2-di-cortina\\\/\"]}]},{\"@type\":\"ImageObject\",\"inLanguage\":\"fr-FR\",\"@id\":\"https:\\\/\\\/www.bellunopress.it\\\/2010\\\/09\\\/04\\\/convalidato-larresto-di-tre-polacchi-autori-del-furto-nel-negozio-k2-di-cortina\\\/#primaryimage\",\"url\":\"http:\\\/\\\/www.bellunopress.it\\\/wp-content\\\/uploads\\\/2009\\\/02\\\/carcere-5.jpg\",\"contentUrl\":\"http:\\\/\\\/www.bellunopress.it\\\/wp-content\\\/uploads\\\/2009\\\/02\\\/carcere-5.jpg\"},{\"@type\":\"BreadcrumbList\",\"@id\":\"https:\\\/\\\/www.bellunopress.it\\\/2010\\\/09\\\/04\\\/convalidato-larresto-di-tre-polacchi-autori-del-furto-nel-negozio-k2-di-cortina\\\/#breadcrumb\",\"itemListElement\":[{\"@type\":\"ListItem\",\"position\":1,\"name\":\"Home\",\"item\":\"https:\\\/\\\/www.bellunopress.it\\\/\"},{\"@type\":\"ListItem\",\"position\":2,\"name\":\"Convalidato l&#8217;arresto di tre polacchi autori del furto nel negozio K2 di Cortina\"}]},{\"@type\":\"WebSite\",\"@id\":\"https:\\\/\\\/www.bellunopress.it\\\/#website\",\"url\":\"https:\\\/\\\/www.bellunopress.it\\\/\",\"name\":\"Bellunopress - Dolomiti\",\"description\":\"e-mail: redazione@bellunopress.it\",\"publisher\":{\"@id\":\"https:\\\/\\\/www.bellunopress.it\\\/#organization\"},\"potentialAction\":[{\"@type\":\"SearchAction\",\"target\":{\"@type\":\"EntryPoint\",\"urlTemplate\":\"https:\\\/\\\/www.bellunopress.it\\\/?s={search_term_string}\"},\"query-input\":{\"@type\":\"PropertyValueSpecification\",\"valueRequired\":true,\"valueName\":\"search_term_string\"}}],\"inLanguage\":\"fr-FR\"},{\"@type\":\"Organization\",\"@id\":\"https:\\\/\\\/www.bellunopress.it\\\/#organization\",\"name\":\"Bellunopress\",\"url\":\"https:\\\/\\\/www.bellunopress.it\\\/\",\"logo\":{\"@type\":\"ImageObject\",\"inLanguage\":\"fr-FR\",\"@id\":\"https:\\\/\\\/www.bellunopress.it\\\/#\\\/schema\\\/logo\\\/image\\\/\",\"url\":\"https:\\\/\\\/www.bellunopress.it\\\/wp-content\\\/uploads\\\/2011\\\/05\\\/cropped-logo-bellunopress-.jpg\",\"contentUrl\":\"https:\\\/\\\/www.bellunopress.it\\\/wp-content\\\/uploads\\\/2011\\\/05\\\/cropped-logo-bellunopress-.jpg\",\"width\":512,\"height\":512,\"caption\":\"Bellunopress\"},\"image\":{\"@id\":\"https:\\\/\\\/www.bellunopress.it\\\/#\\\/schema\\\/logo\\\/image\\\/\"},\"sameAs\":[\"https:\\\/\\\/www.facebook.com\\\/profile.php?id=100008943462799\",\"https:\\\/\\\/x.com\\\/bellunopress\",\"https:\\\/\\\/www.linkedin.com\\\/hp\\\/?dnr=JBzUWaJfMUw8vbXJJ2tVW5-I3jZKvC4wsoxE&amp;amp;amp;amp;amp;amp;trk=nav_responsive_tab_home\",\"https:\\\/\\\/www.youtube.com\\\/channel\\\/UCxL0wu1uN0_3_7hGG0306cw\"]},{\"@type\":\"Person\",\"@id\":\"https:\\\/\\\/www.bellunopress.it\\\/#\\\/schema\\\/person\\\/79bb06722b37ece1c03d3e94beb30d73\",\"name\":\"redazione\",\"image\":{\"@type\":\"ImageObject\",\"inLanguage\":\"fr-FR\",\"@id\":\"https:\\\/\\\/secure.gravatar.com\\\/avatar\\\/37d968a2e67a6fd04c169c4bdef102d0bc5d31b2546345219e348575eb80e9a0?s=96&d=mm&r=g\",\"url\":\"https:\\\/\\\/secure.gravatar.com\\\/avatar\\\/37d968a2e67a6fd04c169c4bdef102d0bc5d31b2546345219e348575eb80e9a0?s=96&d=mm&r=g\",\"contentUrl\":\"https:\\\/\\\/secure.gravatar.com\\\/avatar\\\/37d968a2e67a6fd04c169c4bdef102d0bc5d31b2546345219e348575eb80e9a0?s=96&d=mm&r=g\",\"caption\":\"redazione\"},\"sameAs\":[\"http:\\\/\\\/www.bellunopress.it\",\"https:\\\/\\\/x.com\\\/bellunopress\"],\"url\":\"https:\\\/\\\/www.bellunopress.it\\\/fr\\\/author\\\/redazione\\\/\"}]}<\/script>\n<!-- \/ Yoast SEO plugin. -->","yoast_head_json":{"title":"Convalidato l'arresto di tre polacchi autori del furto nel negozio K2 di Cortina   - Bellunopress - Dolomiti","robots":{"index":"index","follow":"follow","max-snippet":"max-snippet:-1","max-image-preview":"max-image-preview:large","max-video-preview":"max-video-preview:-1"},"canonical":"https:\/\/www.bellunopress.it\/fr\/2010\/09\/04\/convalidato-larresto-di-tre-polacchi-autori-del-furto-nel-negozio-k2-di-cortina\/","og_locale":"fr_FR","og_type":"article","og_title":"Convalidato l'arresto di tre polacchi autori del furto nel negozio K2 di Cortina   - Bellunopress - Dolomiti","og_description":"Alle ore 12.40 di gioved\u00ec 02 settembre una dipendente del negozio di articoli sportivi \u201cK2\u201d del centro ampezzano segnalava al Commissariato P.S. di avere subito poc\u2019anzi un furto ad opera di due individui di sesso maschile.\u00a0Entrati nel negozio a pochi minuti di distanza l\u2019uno dall\u2019altro, si erano poi allontanati senza effettuare acquisti e con delle [&hellip;]","og_url":"https:\/\/www.bellunopress.it\/fr\/2010\/09\/04\/convalidato-larresto-di-tre-polacchi-autori-del-furto-nel-negozio-k2-di-cortina\/","og_site_name":"Bellunopress - Dolomiti","article_publisher":"https:\/\/www.facebook.com\/profile.php?id=100008943462799","article_published_time":"2010-09-04T18:22:03+00:00","og_image":[{"url":"http:\/\/www.bellunopress.it\/wp-content\/uploads\/2009\/02\/carcere-5.jpg","type":"","width":"","height":""}],"author":"redazione","twitter_card":"summary_large_image","twitter_creator":"@bellunopress","twitter_site":"@bellunopress","twitter_misc":{"\u00c9crit par":"redazione","Dur\u00e9e de lecture estim\u00e9e":"1 minute"},"schema":{"@context":"https:\/\/schema.org","@graph":[{"@type":"Article","@id":"https:\/\/www.bellunopress.it\/2010\/09\/04\/convalidato-larresto-di-tre-polacchi-autori-del-furto-nel-negozio-k2-di-cortina\/#article","isPartOf":{"@id":"https:\/\/www.bellunopress.it\/2010\/09\/04\/convalidato-larresto-di-tre-polacchi-autori-del-furto-nel-negozio-k2-di-cortina\/"},"author":{"name":"redazione","@id":"https:\/\/www.bellunopress.it\/#\/schema\/person\/79bb06722b37ece1c03d3e94beb30d73"},"headline":"Convalidato l&#8217;arresto di tre polacchi autori del furto nel negozio K2 di Cortina","datePublished":"2010-09-04T18:22:03+00:00","mainEntityOfPage":{"@id":"https:\/\/www.bellunopress.it\/2010\/09\/04\/convalidato-larresto-di-tre-polacchi-autori-del-furto-nel-negozio-k2-di-cortina\/"},"wordCount":300,"publisher":{"@id":"https:\/\/www.bellunopress.it\/#organization"},"image":{"@id":"https:\/\/www.bellunopress.it\/2010\/09\/04\/convalidato-larresto-di-tre-polacchi-autori-del-furto-nel-negozio-k2-di-cortina\/#primaryimage"},"thumbnailUrl":"http:\/\/www.bellunopress.it\/wp-content\/uploads\/2009\/02\/carcere-5.jpg","keywords":["Belluno"],"articleSection":["Cronaca\/Politica","Prima Pagina"],"inLanguage":"fr-FR"},{"@type":"WebPage","@id":"https:\/\/www.bellunopress.it\/2010\/09\/04\/convalidato-larresto-di-tre-polacchi-autori-del-furto-nel-negozio-k2-di-cortina\/","url":"https:\/\/www.bellunopress.it\/2010\/09\/04\/convalidato-larresto-di-tre-polacchi-autori-del-furto-nel-negozio-k2-di-cortina\/","name":"Convalidato l'arresto di tre polacchi autori del furto nel negozio K2 di Cortina - Bellunopress - Dolomiti","isPartOf":{"@id":"https:\/\/www.bellunopress.it\/#website"},"primaryImageOfPage":{"@id":"https:\/\/www.bellunopress.it\/2010\/09\/04\/convalidato-larresto-di-tre-polacchi-autori-del-furto-nel-negozio-k2-di-cortina\/#primaryimage"},"image":{"@id":"https:\/\/www.bellunopress.it\/2010\/09\/04\/convalidato-larresto-di-tre-polacchi-autori-del-furto-nel-negozio-k2-di-cortina\/#primaryimage"},"thumbnailUrl":"http:\/\/www.bellunopress.it\/wp-content\/uploads\/2009\/02\/carcere-5.jpg","datePublished":"2010-09-04T18:22:03+00:00","breadcrumb":{"@id":"https:\/\/www.bellunopress.it\/2010\/09\/04\/convalidato-larresto-di-tre-polacchi-autori-del-furto-nel-negozio-k2-di-cortina\/#breadcrumb"},"inLanguage":"fr-FR","potentialAction":[{"@type":"ReadAction","target":["https:\/\/www.bellunopress.it\/2010\/09\/04\/convalidato-larresto-di-tre-polacchi-autori-del-furto-nel-negozio-k2-di-cortina\/"]}]},{"@type":"ImageObject","inLanguage":"fr-FR","@id":"https:\/\/www.bellunopress.it\/2010\/09\/04\/convalidato-larresto-di-tre-polacchi-autori-del-furto-nel-negozio-k2-di-cortina\/#primaryimage","url":"http:\/\/www.bellunopress.it\/wp-content\/uploads\/2009\/02\/carcere-5.jpg","contentUrl":"http:\/\/www.bellunopress.it\/wp-content\/uploads\/2009\/02\/carcere-5.jpg"},{"@type":"BreadcrumbList","@id":"https:\/\/www.bellunopress.it\/2010\/09\/04\/convalidato-larresto-di-tre-polacchi-autori-del-furto-nel-negozio-k2-di-cortina\/#breadcrumb","itemListElement":[{"@type":"ListItem","position":1,"name":"Home","item":"https:\/\/www.bellunopress.it\/"},{"@type":"ListItem","position":2,"name":"Convalidato l&#8217;arresto di tre polacchi autori del furto nel negozio K2 di Cortina"}]},{"@type":"WebSite","@id":"https:\/\/www.bellunopress.it\/#website","url":"https:\/\/www.bellunopress.it\/","name":"Bellunopress - Dolomiti","description":"e-mail: redazione@bellunopress.it","publisher":{"@id":"https:\/\/www.bellunopress.it\/#organization"},"potentialAction":[{"@type":"SearchAction","target":{"@type":"EntryPoint","urlTemplate":"https:\/\/www.bellunopress.it\/?s={search_term_string}"},"query-input":{"@type":"PropertyValueSpecification","valueRequired":true,"valueName":"search_term_string"}}],"inLanguage":"fr-FR"},{"@type":"Organization","@id":"https:\/\/www.bellunopress.it\/#organization","name":"Bellunopress","url":"https:\/\/www.bellunopress.it\/","logo":{"@type":"ImageObject","inLanguage":"fr-FR","@id":"https:\/\/www.bellunopress.it\/#\/schema\/logo\/image\/","url":"https:\/\/www.bellunopress.it\/wp-content\/uploads\/2011\/05\/cropped-logo-bellunopress-.jpg","contentUrl":"https:\/\/www.bellunopress.it\/wp-content\/uploads\/2011\/05\/cropped-logo-bellunopress-.jpg","width":512,"height":512,"caption":"Bellunopress"},"image":{"@id":"https:\/\/www.bellunopress.it\/#\/schema\/logo\/image\/"},"sameAs":["https:\/\/www.facebook.com\/profile.php?id=100008943462799","https:\/\/x.com\/bellunopress","https:\/\/www.linkedin.com\/hp\/?dnr=JBzUWaJfMUw8vbXJJ2tVW5-I3jZKvC4wsoxE&amp;amp;amp;amp;amp;amp;trk=nav_responsive_tab_home","https:\/\/www.youtube.com\/channel\/UCxL0wu1uN0_3_7hGG0306cw"]},{"@type":"Person","@id":"https:\/\/www.bellunopress.it\/#\/schema\/person\/79bb06722b37ece1c03d3e94beb30d73","name":"r\u00e9daction","image":{"@type":"ImageObject","inLanguage":"fr-FR","@id":"https:\/\/secure.gravatar.com\/avatar\/37d968a2e67a6fd04c169c4bdef102d0bc5d31b2546345219e348575eb80e9a0?s=96&d=mm&r=g","url":"https:\/\/secure.gravatar.com\/avatar\/37d968a2e67a6fd04c169c4bdef102d0bc5d31b2546345219e348575eb80e9a0?s=96&d=mm&r=g","contentUrl":"https:\/\/secure.gravatar.com\/avatar\/37d968a2e67a6fd04c169c4bdef102d0bc5d31b2546345219e348575eb80e9a0?s=96&d=mm&r=g","caption":"redazione"},"sameAs":["http:\/\/www.bellunopress.it","https:\/\/x.com\/bellunopress"],"url":"https:\/\/www.bellunopress.it\/fr\/author\/redazione\/"}]}},"_links":{"self":[{"href":"https:\/\/www.bellunopress.it\/fr\/wp-json\/wp\/v2\/posts\/18824","targetHints":{"allow":["GET"]}}],"collection":[{"href":"https:\/\/www.bellunopress.it\/fr\/wp-json\/wp\/v2\/posts"}],"about":[{"href":"https:\/\/www.bellunopress.it\/fr\/wp-json\/wp\/v2\/types\/post"}],"author":[{"embeddable":true,"href":"https:\/\/www.bellunopress.it\/fr\/wp-json\/wp\/v2\/users\/2"}],"replies":[{"embeddable":true,"href":"https:\/\/www.bellunopress.it\/fr\/wp-json\/wp\/v2\/comments?post=18824"}],"version-history":[{"count":1,"href":"https:\/\/www.bellunopress.it\/fr\/wp-json\/wp\/v2\/posts\/18824\/revisions"}],"predecessor-version":[{"id":18825,"href":"https:\/\/www.bellunopress.it\/fr\/wp-json\/wp\/v2\/posts\/18824\/revisions\/18825"}],"wp:attachment":[{"href":"https:\/\/www.bellunopress.it\/fr\/wp-json\/wp\/v2\/media?parent=18824"}],"wp:term":[{"taxonomy":"category","embeddable":true,"href":"https:\/\/www.bellunopress.it\/fr\/wp-json\/wp\/v2\/categories?post=18824"},{"taxonomy":"post_tag","embeddable":true,"href":"https:\/\/www.bellunopress.it\/fr\/wp-json\/wp\/v2\/tags?post=18824"}],"curies":[{"name":"wp","href":"https:\/\/api.w.org\/{rel}","templated":true}]}}